{"id":132,"date":"2006-04-12T11:34:00","date_gmt":"2006-04-12T11:34:00","guid":{"rendered":"https:\/\/www.euroresidentes.com\/entretenimiento\/musica-clasica\/2006\/04\/victor-de-sabata.html"},"modified":"2006-04-12T11:34:00","modified_gmt":"2006-04-12T11:34:00","slug":"victor-de-sabata","status":"publish","type":"post","link":"https:\/\/www.euroresidentes.com\/entretenimiento\/musica-clasica\/victor-de-sabata\/","title":{"rendered":"Victor de Sabata"},"content":{"rendered":"<p>Durante 20 a\u00f1os Victor de Sabata fue el director de La Escala de Mil\u00e1n y en 1950 visito Londres con su orquesta, su coro y el resto de la compa\u00f1\u00eda.  Fue su primera visita al Reino Unido desde la guerra y recuerdo que presentaron varias operas en el teatro de opera en Covent Garden.  Tambi\u00e9n presentaron \u2018R\u00e9quiem\u2019 de Verdi en el \u2018Royal Albert Hall\u2019.  Estuve all\u00ed, no estoy seguro quienes fueron los solistas aparte de Paolo Silveri, el bar\u00edtono.  Quiz\u00e1s el soprano fue Maria Caniglia, (cerca del final de su carera) y Ebe Stignani el contralto.  De Sabata grabo la obra el a\u00f1o siguiente con Rebata Tebaldi como el soprano.<\/p>\n<p>Tengo dos recuerdos del concierto.  De Sabata fue un hombre noble, como un senador Romano.  Tuvo la reputaci\u00f3n de ser un director dram\u00e1tico, eso porque tuvo un efecto el\u00e9ctrico sobre los artistas y el publico.  Hubo un momento cuando se agacho, casi de rodillas, y despu\u00e9s se levanto r\u00e1pidamente y envolvi\u00f3 a  los artistas con sus brazos en una avalancha de sonido.  El segundo recuerdo que tengo es que todos los miembros de la orquesta (entonces todos eran hombres) llevaban camisas blancas con volantes y corbatas \u2013 eran muy elegantes y ten\u00edan estilo en contraste con las orquestas a las que estaba acostumbrado ver.<\/p>\n<p>De Sabata hizo varias grabaciones a pesar de que no le gustaba trabajar en el estudio.  La mas famosa fue Tosca de Puccini con la orquesta escala de Mil\u00e1n con Maria Callas y Guiseppe de Stefano, uno de mis favoritos.  De las varias versiones la de Naxos es la mejor en mi opini\u00f3n \u2013 una opera italiana presentada por artistas italianos que lo llevan en su sangre.  Nada podr\u00eda ser mejor.<\/p>\n<p>B.R.<\/p>\n","protected":false},"excerpt":{"rendered":"<p>Durante 20 a\u00f1os Victor de Sabata fue el director de La Escala de Mil\u00e1n y en 1950 visito Londres con su orquesta, su coro y el resto de la compa\u00f1\u00eda. Fue su primera visita al Reino Unido desde la guerra y recuerdo que presentaron varias operas en el teatro de opera en Covent Garden. Tambi\u00e9n presentaron \u2018R\u00e9quiem\u2019 de Verdi en el \u2018Royal Albert Hall\u2019. Estuve all\u00ed, no estoy seguro quienes fueron los solistas aparte de Paolo Silveri, el bar\u00edtono. Quiz\u00e1s el soprano fue Maria Caniglia, (cerca del final de su carera) y Ebe Stignani el contralto. De Sabata grabo la <\/p>\n","protected":false},"author":1,"featured_media":0,"comment_status":"open","ping_status":"open","sticky":false,"template":"","format":"standard","meta":{"footnotes":""},"categories":[1],"tags":[],"class_list":["post-132","post","type-post","status-publish","format-standard","hentry","category-sin-categoria"],"yoast_head":"<!-- This site is optimized with the Yoast SEO plugin v24.1 - https:\/\/yoast.com\/wordpress\/plugins\/seo\/ -->\n<title>Victor de Sabata - M\u00fasica cl\u00e1sica<\/title>\n<meta name=\"robots\" content=\"index, follow, max-snippet:-1, max-image-preview:large, max-video-preview:-1\" \/>\n<link rel=\"canonical\" href=\"https:\/\/www.euroresidentes.com\/entretenimiento\/musica-clasica\/victor-de-sabata\/\" \/>\n<meta property=\"og:locale\" content=\"es_ES\" \/>\n<meta property=\"og:type\" content=\"article\" \/>\n<meta property=\"og:title\" content=\"Victor de Sabata - M\u00fasica cl\u00e1sica\" \/>\n<meta property=\"og:description\" content=\"Durante 20 a\u00f1os Victor de Sabata fue el director de La Escala de Mil\u00e1n y en 1950 visito Londres con su orquesta, su coro y el resto de la compa\u00f1\u00eda. Fue su primera visita al Reino Unido desde la guerra y recuerdo que presentaron varias operas en el teatro de opera en Covent Garden. Tambi\u00e9n presentaron \u2018R\u00e9quiem\u2019 de Verdi en el \u2018Royal Albert Hall\u2019. Estuve all\u00ed, no estoy seguro quienes fueron los solistas aparte de Paolo Silveri, el bar\u00edtono. Quiz\u00e1s el soprano fue Maria Caniglia, (cerca del final de su carera) y Ebe Stignani el contralto. De Sabata grabo la\" \/>\n<meta property=\"og:url\" content=\"https:\/\/www.euroresidentes.com\/entretenimiento\/musica-clasica\/victor-de-sabata\/\" \/>\n<meta property=\"og:site_name\" content=\"M\u00fasica cl\u00e1sica\" \/>\n<meta property=\"article:published_time\" content=\"2006-04-12T11:34:00+00:00\" \/>\n<meta name=\"author\" content=\"Euroresidentes\" \/>\n<meta name=\"twitter:card\" content=\"summary_large_image\" \/>\n<meta name=\"twitter:label1\" content=\"Written by\" \/>\n\t<meta name=\"twitter:data1\" content=\"Euroresidentes\" \/>\n\t<meta name=\"twitter:label2\" content=\"Est. reading time\" \/>\n\t<meta name=\"twitter:data2\" content=\"2 minutos\" \/>\n<script type=\"application\/ld+json\" class=\"yoast-schema-graph\">{\"@context\":\"https:\/\/schema.org\",\"@graph\":[{\"@type\":\"WebPage\",\"@id\":\"https:\/\/www.euroresidentes.com\/entretenimiento\/musica-clasica\/victor-de-sabata\/\",\"url\":\"https:\/\/www.euroresidentes.com\/entretenimiento\/musica-clasica\/victor-de-sabata\/\",\"name\":\"Victor de Sabata - M\u00fasica cl\u00e1sica\",\"isPartOf\":{\"@id\":\"https:\/\/www.euroresidentes.com\/entretenimiento\/musica-clasica\/#website\"},\"datePublished\":\"2006-04-12T11:34:00+00:00\",\"dateModified\":\"2006-04-12T11:34:00+00:00\",\"author\":{\"@id\":\"https:\/\/www.euroresidentes.com\/entretenimiento\/musica-clasica\/#\/schema\/person\/e41441f91af6208631ba0be4ea9c5f01\"},\"breadcrumb\":{\"@id\":\"https:\/\/www.euroresidentes.com\/entretenimiento\/musica-clasica\/victor-de-sabata\/#breadcrumb\"},\"inLanguage\":\"es\",\"potentialAction\":[{\"@type\":\"ReadAction\",\"target\":[\"https:\/\/www.euroresidentes.com\/entretenimiento\/musica-clasica\/victor-de-sabata\/\"]}]},{\"@type\":\"BreadcrumbList\",\"@id\":\"https:\/\/www.euroresidentes.com\/entretenimiento\/musica-clasica\/victor-de-sabata\/#breadcrumb\",\"itemListElement\":[{\"@type\":\"ListItem\",\"position\":1,\"name\":\"Portada\",\"item\":\"https:\/\/www.euroresidentes.com\/entretenimiento\/musica-clasica\/\"},{\"@type\":\"ListItem\",\"position\":2,\"name\":\"Victor de Sabata\"}]},{\"@type\":\"WebSite\",\"@id\":\"https:\/\/www.euroresidentes.com\/entretenimiento\/musica-clasica\/#website\",\"url\":\"https:\/\/www.euroresidentes.com\/entretenimiento\/musica-clasica\/\",\"name\":\"M\u00fasica cl\u00e1sica\",\"description\":\"Euroresidentes\",\"potentialAction\":[{\"@type\":\"SearchAction\",\"target\":{\"@type\":\"EntryPoint\",\"urlTemplate\":\"https:\/\/www.euroresidentes.com\/entretenimiento\/musica-clasica\/?s={search_term_string}\"},\"query-input\":{\"@type\":\"PropertyValueSpecification\",\"valueRequired\":true,\"valueName\":\"search_term_string\"}}],\"inLanguage\":\"es\"},{\"@type\":\"Person\",\"@id\":\"https:\/\/www.euroresidentes.com\/entretenimiento\/musica-clasica\/#\/schema\/person\/e41441f91af6208631ba0be4ea9c5f01\",\"name\":\"Euroresidentes\",\"image\":{\"@type\":\"ImageObject\",\"inLanguage\":\"es\",\"@id\":\"https:\/\/www.euroresidentes.com\/entretenimiento\/musica-clasica\/#\/schema\/person\/image\/\",\"url\":\"https:\/\/www.euroresidentes.com\/entretenimiento\/musica-clasica\/wp-content\/uploads\/sites\/20\/2016\/09\/logo-euroresidentes-150x150.jpg\",\"contentUrl\":\"https:\/\/www.euroresidentes.com\/entretenimiento\/musica-clasica\/wp-content\/uploads\/sites\/20\/2016\/09\/logo-euroresidentes-150x150.jpg\",\"caption\":\"Euroresidentes\"},\"description\":\"Euroresidentes\",\"sameAs\":[\"https:\/\/www.euroresidentes.com\/info.htm\"],\"url\":\"https:\/\/www.euroresidentes.com\/entretenimiento\/musica-clasica\/author\/euroresidentes\/\"}]}<\/script>\n<!-- \/ Yoast SEO plugin. -->","yoast_head_json":{"title":"Victor de Sabata - M\u00fasica cl\u00e1sica","robots":{"index":"index","follow":"follow","max-snippet":"max-snippet:-1","max-image-preview":"max-image-preview:large","max-video-preview":"max-video-preview:-1"},"canonical":"https:\/\/www.euroresidentes.com\/entretenimiento\/musica-clasica\/victor-de-sabata\/","og_locale":"es_ES","og_type":"article","og_title":"Victor de Sabata - M\u00fasica cl\u00e1sica","og_description":"Durante 20 a\u00f1os Victor de Sabata fue el director de La Escala de Mil\u00e1n y en 1950 visito Londres con su orquesta, su coro y el resto de la compa\u00f1\u00eda. Fue su primera visita al Reino Unido desde la guerra y recuerdo que presentaron varias operas en el teatro de opera en Covent Garden. Tambi\u00e9n presentaron \u2018R\u00e9quiem\u2019 de Verdi en el \u2018Royal Albert Hall\u2019. Estuve all\u00ed, no estoy seguro quienes fueron los solistas aparte de Paolo Silveri, el bar\u00edtono. Quiz\u00e1s el soprano fue Maria Caniglia, (cerca del final de su carera) y Ebe Stignani el contralto. De Sabata grabo la","og_url":"https:\/\/www.euroresidentes.com\/entretenimiento\/musica-clasica\/victor-de-sabata\/","og_site_name":"M\u00fasica cl\u00e1sica","article_published_time":"2006-04-12T11:34:00+00:00","author":"Euroresidentes","twitter_card":"summary_large_image","twitter_misc":{"Written by":"Euroresidentes","Est. reading time":"2 minutos"},"schema":{"@context":"https:\/\/schema.org","@graph":[{"@type":"WebPage","@id":"https:\/\/www.euroresidentes.com\/entretenimiento\/musica-clasica\/victor-de-sabata\/","url":"https:\/\/www.euroresidentes.com\/entretenimiento\/musica-clasica\/victor-de-sabata\/","name":"Victor de Sabata - M\u00fasica cl\u00e1sica","isPartOf":{"@id":"https:\/\/www.euroresidentes.com\/entretenimiento\/musica-clasica\/#website"},"datePublished":"2006-04-12T11:34:00+00:00","dateModified":"2006-04-12T11:34:00+00:00","author":{"@id":"https:\/\/www.euroresidentes.com\/entretenimiento\/musica-clasica\/#\/schema\/person\/e41441f91af6208631ba0be4ea9c5f01"},"breadcrumb":{"@id":"https:\/\/www.euroresidentes.com\/entretenimiento\/musica-clasica\/victor-de-sabata\/#breadcrumb"},"inLanguage":"es","potentialAction":[{"@type":"ReadAction","target":["https:\/\/www.euroresidentes.com\/entretenimiento\/musica-clasica\/victor-de-sabata\/"]}]},{"@type":"BreadcrumbList","@id":"https:\/\/www.euroresidentes.com\/entretenimiento\/musica-clasica\/victor-de-sabata\/#breadcrumb","itemListElement":[{"@type":"ListItem","position":1,"name":"Portada","item":"https:\/\/www.euroresidentes.com\/entretenimiento\/musica-clasica\/"},{"@type":"ListItem","position":2,"name":"Victor de Sabata"}]},{"@type":"WebSite","@id":"https:\/\/www.euroresidentes.com\/entretenimiento\/musica-clasica\/#website","url":"https:\/\/www.euroresidentes.com\/entretenimiento\/musica-clasica\/","name":"M\u00fasica cl\u00e1sica","description":"Euroresidentes","potentialAction":[{"@type":"SearchAction","target":{"@type":"EntryPoint","urlTemplate":"https:\/\/www.euroresidentes.com\/entretenimiento\/musica-clasica\/?s={search_term_string}"},"query-input":{"@type":"PropertyValueSpecification","valueRequired":true,"valueName":"search_term_string"}}],"inLanguage":"es"},{"@type":"Person","@id":"https:\/\/www.euroresidentes.com\/entretenimiento\/musica-clasica\/#\/schema\/person\/e41441f91af6208631ba0be4ea9c5f01","name":"Euroresidentes","image":{"@type":"ImageObject","inLanguage":"es","@id":"https:\/\/www.euroresidentes.com\/entretenimiento\/musica-clasica\/#\/schema\/person\/image\/","url":"https:\/\/www.euroresidentes.com\/entretenimiento\/musica-clasica\/wp-content\/uploads\/sites\/20\/2016\/09\/logo-euroresidentes-150x150.jpg","contentUrl":"https:\/\/www.euroresidentes.com\/entretenimiento\/musica-clasica\/wp-content\/uploads\/sites\/20\/2016\/09\/logo-euroresidentes-150x150.jpg","caption":"Euroresidentes"},"description":"Euroresidentes","sameAs":["https:\/\/www.euroresidentes.com\/info.htm"],"url":"https:\/\/www.euroresidentes.com\/entretenimiento\/musica-clasica\/author\/euroresidentes\/"}]}},"_links":{"self":[{"href":"https:\/\/www.euroresidentes.com\/entretenimiento\/musica-clasica\/wp-json\/wp\/v2\/posts\/132","targetHints":{"allow":["GET"]}}],"collection":[{"href":"https:\/\/www.euroresidentes.com\/entretenimiento\/musica-clasica\/wp-json\/wp\/v2\/posts"}],"about":[{"href":"https:\/\/www.euroresidentes.com\/entretenimiento\/musica-clasica\/wp-json\/wp\/v2\/types\/post"}],"author":[{"embeddable":true,"href":"https:\/\/www.euroresidentes.com\/entretenimiento\/musica-clasica\/wp-json\/wp\/v2\/users\/1"}],"replies":[{"embeddable":true,"href":"https:\/\/www.euroresidentes.com\/entretenimiento\/musica-clasica\/wp-json\/wp\/v2\/comments?post=132"}],"version-history":[{"count":0,"href":"https:\/\/www.euroresidentes.com\/entretenimiento\/musica-clasica\/wp-json\/wp\/v2\/posts\/132\/revisions"}],"wp:attachment":[{"href":"https:\/\/www.euroresidentes.com\/entretenimiento\/musica-clasica\/wp-json\/wp\/v2\/media?parent=132"}],"wp:term":[{"taxonomy":"category","embeddable":true,"href":"https:\/\/www.euroresidentes.com\/entretenimiento\/musica-clasica\/wp-json\/wp\/v2\/categories?post=132"},{"taxonomy":"post_tag","embeddable":true,"href":"https:\/\/www.euroresidentes.com\/entretenimiento\/musica-clasica\/wp-json\/wp\/v2\/tags?post=132"}],"curies":[{"name":"wp","href":"https:\/\/api.w.org\/{rel}","templated":true}]}}