{"id":121,"date":"2006-08-11T09:02:00","date_gmt":"2006-08-11T09:02:00","guid":{"rendered":"https:\/\/www.euroresidentes.com\/entretenimiento\/musica-clasica\/2006\/08\/festival-de-musica-de-las-islas-canarias.html"},"modified":"2006-08-11T09:02:00","modified_gmt":"2006-08-11T09:02:00","slug":"festival-de-musica-de-las-islas-canarias","status":"publish","type":"post","link":"https:\/\/www.euroresidentes.com\/entretenimiento\/musica-clasica\/festival-de-musica-de-las-islas-canarias\/","title":{"rendered":"Festival de M\u00fasica de las Islas Canarias"},"content":{"rendered":"<p><strong>El Festival de M\u00fasica de Las Islas Canarias 2007 <\/strong><\/p>\n<p>Los Brit\u00e1nicos consideran las islas canarias solo como un destino para pasar las vacaciones.  Con playas de arena fant\u00e1sticas y una temperatura mas o menos constante durante todo el a\u00f1o las islas canarias son una buena opci\u00f3n para descansar.   Los Griegos y los Romanos tambi\u00e9n conoc\u00edan este archipi\u00e9lago de origines volc\u00e1nicos y las llamaron Las Islas Felices, El Jard\u00edn de Hesp\u00e9rides, Atl\u00e1ntida. Algunos historiadores han sugerido que el continente legendario de Atlantes esta  situado all\u00ed. <\/p>\n<p>La poblaci\u00f3n original, llamado \u2018Guanches\u2019 son mas altos y mas rubios que los espa\u00f1oles en la pen\u00ednsula.  Las islas han pertenecido a Espa\u00f1a desde el siglo XV y los barcos de Crist\u00f3bal Colon pararon para descansar durante el viaje al nuevo mundo. <\/p>\n<p>Descubr\u00ed el festival de m\u00fasica anual de las islas el otro d\u00eda.  El festival lleva 23 a\u00f1os.  Tiene lugar del 7 de enero al 2 de marzo y tiene una amplia programa de conciertos con buenas orquestas y solistas de todo el mundo adem\u00e1s de Espa\u00f1oles como el Orfe\u00f3n Donostiarra, uno de los elementos notables del escenario cultural vasco. Su coro tiene un repertorio cl\u00e1sico pero a la vez conservan las ra\u00edces folkl\u00f3ricos del Pa\u00eds Vasco.  Otras orquestas incluyen La Orquesta Sinfonica de Tenerife y La Orquesta Filarm\u00f3nica de Gran Canaria, orquestas de Holanda, Helsinki, Berlin y Munich.  Los conciertos est\u00e1n en varios auditorios de la isla y tambi\u00e9n hay directores importantes en el programa.  <\/p>\n<p>Los organizadores tienen 3 objetivos b\u00e1sicos para el festival.  Primero enriquecer la tradici\u00f3n musical que empez\u00f3 cuando las compa\u00f1\u00edas grandes de opera sol\u00edan parar en la isla en camino a Sur Am\u00e9rica.  Con sus 150 a\u00f1os La Sociedad Filarm\u00f3nica de las Palmas es la mas antigua de Espa\u00f1a, una vez Saint-Saens fue su presidente.  <\/p>\n<p>Segundo, un objetivo es dar otra imagen a Las Islas Canarias.  Por ultimo el festival promociona el turismo cultural y es el \u00fanico festival de m\u00fasica en el mundo que tiene lugar en el invierno!<\/p>\n","protected":false},"excerpt":{"rendered":"<p>El Festival de M\u00fasica de Las Islas Canarias 2007 Los Brit\u00e1nicos consideran las islas canarias solo como un destino para pasar las vacaciones. Con playas de arena fant\u00e1sticas y una temperatura mas o menos constante durante todo el a\u00f1o las islas canarias son una buena opci\u00f3n para descansar. Los Griegos y los Romanos tambi\u00e9n conoc\u00edan este archipi\u00e9lago de origines volc\u00e1nicos y las llamaron Las Islas Felices, El Jard\u00edn de Hesp\u00e9rides, Atl\u00e1ntida. Algunos historiadores han sugerido que el continente legendario de Atlantes esta situado all\u00ed. La poblaci\u00f3n original, llamado \u2018Guanches\u2019 son mas altos y mas rubios que los espa\u00f1oles en la <\/p>\n","protected":false},"author":1,"featured_media":0,"comment_status":"open","ping_status":"open","sticky":false,"template":"","format":"standard","meta":{"footnotes":""},"categories":[1],"tags":[],"class_list":["post-121","post","type-post","status-publish","format-standard","hentry","category-sin-categoria"],"yoast_head":"<!-- This site is optimized with the Yoast SEO plugin v24.1 - https:\/\/yoast.com\/wordpress\/plugins\/seo\/ -->\n<title>Festival de M\u00fasica de las Islas Canarias - M\u00fasica cl\u00e1sica<\/title>\n<meta name=\"robots\" content=\"index, follow, max-snippet:-1, max-image-preview:large, max-video-preview:-1\" \/>\n<link rel=\"canonical\" href=\"https:\/\/www.euroresidentes.com\/entretenimiento\/musica-clasica\/festival-de-musica-de-las-islas-canarias\/\" \/>\n<meta property=\"og:locale\" content=\"es_ES\" \/>\n<meta property=\"og:type\" content=\"article\" \/>\n<meta property=\"og:title\" content=\"Festival de M\u00fasica de las Islas Canarias - M\u00fasica cl\u00e1sica\" \/>\n<meta property=\"og:description\" content=\"El Festival de M\u00fasica de Las Islas Canarias 2007 Los Brit\u00e1nicos consideran las islas canarias solo como un destino para pasar las vacaciones. Con playas de arena fant\u00e1sticas y una temperatura mas o menos constante durante todo el a\u00f1o las islas canarias son una buena opci\u00f3n para descansar. Los Griegos y los Romanos tambi\u00e9n conoc\u00edan este archipi\u00e9lago de origines volc\u00e1nicos y las llamaron Las Islas Felices, El Jard\u00edn de Hesp\u00e9rides, Atl\u00e1ntida. Algunos historiadores han sugerido que el continente legendario de Atlantes esta situado all\u00ed. La poblaci\u00f3n original, llamado \u2018Guanches\u2019 son mas altos y mas rubios que los espa\u00f1oles en la\" \/>\n<meta property=\"og:url\" content=\"https:\/\/www.euroresidentes.com\/entretenimiento\/musica-clasica\/festival-de-musica-de-las-islas-canarias\/\" \/>\n<meta property=\"og:site_name\" content=\"M\u00fasica cl\u00e1sica\" \/>\n<meta property=\"article:published_time\" content=\"2006-08-11T09:02:00+00:00\" \/>\n<meta name=\"author\" content=\"Euroresidentes\" \/>\n<meta name=\"twitter:card\" content=\"summary_large_image\" \/>\n<meta name=\"twitter:label1\" content=\"Written by\" \/>\n\t<meta name=\"twitter:data1\" content=\"Euroresidentes\" \/>\n\t<meta name=\"twitter:label2\" content=\"Est. reading time\" \/>\n\t<meta name=\"twitter:data2\" content=\"2 minutos\" \/>\n<script type=\"application\/ld+json\" class=\"yoast-schema-graph\">{\"@context\":\"https:\/\/schema.org\",\"@graph\":[{\"@type\":\"WebPage\",\"@id\":\"https:\/\/www.euroresidentes.com\/entretenimiento\/musica-clasica\/festival-de-musica-de-las-islas-canarias\/\",\"url\":\"https:\/\/www.euroresidentes.com\/entretenimiento\/musica-clasica\/festival-de-musica-de-las-islas-canarias\/\",\"name\":\"Festival de M\u00fasica de las Islas Canarias - M\u00fasica cl\u00e1sica\",\"isPartOf\":{\"@id\":\"https:\/\/www.euroresidentes.com\/entretenimiento\/musica-clasica\/#website\"},\"datePublished\":\"2006-08-11T09:02:00+00:00\",\"dateModified\":\"2006-08-11T09:02:00+00:00\",\"author\":{\"@id\":\"https:\/\/www.euroresidentes.com\/entretenimiento\/musica-clasica\/#\/schema\/person\/e41441f91af6208631ba0be4ea9c5f01\"},\"breadcrumb\":{\"@id\":\"https:\/\/www.euroresidentes.com\/entretenimiento\/musica-clasica\/festival-de-musica-de-las-islas-canarias\/#breadcrumb\"},\"inLanguage\":\"es\",\"potentialAction\":[{\"@type\":\"ReadAction\",\"target\":[\"https:\/\/www.euroresidentes.com\/entretenimiento\/musica-clasica\/festival-de-musica-de-las-islas-canarias\/\"]}]},{\"@type\":\"BreadcrumbList\",\"@id\":\"https:\/\/www.euroresidentes.com\/entretenimiento\/musica-clasica\/festival-de-musica-de-las-islas-canarias\/#breadcrumb\",\"itemListElement\":[{\"@type\":\"ListItem\",\"position\":1,\"name\":\"Portada\",\"item\":\"https:\/\/www.euroresidentes.com\/entretenimiento\/musica-clasica\/\"},{\"@type\":\"ListItem\",\"position\":2,\"name\":\"Festival de M\u00fasica de las Islas Canarias\"}]},{\"@type\":\"WebSite\",\"@id\":\"https:\/\/www.euroresidentes.com\/entretenimiento\/musica-clasica\/#website\",\"url\":\"https:\/\/www.euroresidentes.com\/entretenimiento\/musica-clasica\/\",\"name\":\"M\u00fasica cl\u00e1sica\",\"description\":\"Euroresidentes\",\"potentialAction\":[{\"@type\":\"SearchAction\",\"target\":{\"@type\":\"EntryPoint\",\"urlTemplate\":\"https:\/\/www.euroresidentes.com\/entretenimiento\/musica-clasica\/?s={search_term_string}\"},\"query-input\":{\"@type\":\"PropertyValueSpecification\",\"valueRequired\":true,\"valueName\":\"search_term_string\"}}],\"inLanguage\":\"es\"},{\"@type\":\"Person\",\"@id\":\"https:\/\/www.euroresidentes.com\/entretenimiento\/musica-clasica\/#\/schema\/person\/e41441f91af6208631ba0be4ea9c5f01\",\"name\":\"Euroresidentes\",\"image\":{\"@type\":\"ImageObject\",\"inLanguage\":\"es\",\"@id\":\"https:\/\/www.euroresidentes.com\/entretenimiento\/musica-clasica\/#\/schema\/person\/image\/\",\"url\":\"https:\/\/www.euroresidentes.com\/entretenimiento\/musica-clasica\/wp-content\/uploads\/sites\/20\/2016\/09\/logo-euroresidentes-150x150.jpg\",\"contentUrl\":\"https:\/\/www.euroresidentes.com\/entretenimiento\/musica-clasica\/wp-content\/uploads\/sites\/20\/2016\/09\/logo-euroresidentes-150x150.jpg\",\"caption\":\"Euroresidentes\"},\"description\":\"Euroresidentes\",\"sameAs\":[\"https:\/\/www.euroresidentes.com\/info.htm\"],\"url\":\"https:\/\/www.euroresidentes.com\/entretenimiento\/musica-clasica\/author\/euroresidentes\/\"}]}<\/script>\n<!-- \/ Yoast SEO plugin. -->","yoast_head_json":{"title":"Festival de M\u00fasica de las Islas Canarias - M\u00fasica cl\u00e1sica","robots":{"index":"index","follow":"follow","max-snippet":"max-snippet:-1","max-image-preview":"max-image-preview:large","max-video-preview":"max-video-preview:-1"},"canonical":"https:\/\/www.euroresidentes.com\/entretenimiento\/musica-clasica\/festival-de-musica-de-las-islas-canarias\/","og_locale":"es_ES","og_type":"article","og_title":"Festival de M\u00fasica de las Islas Canarias - M\u00fasica cl\u00e1sica","og_description":"El Festival de M\u00fasica de Las Islas Canarias 2007 Los Brit\u00e1nicos consideran las islas canarias solo como un destino para pasar las vacaciones. Con playas de arena fant\u00e1sticas y una temperatura mas o menos constante durante todo el a\u00f1o las islas canarias son una buena opci\u00f3n para descansar. Los Griegos y los Romanos tambi\u00e9n conoc\u00edan este archipi\u00e9lago de origines volc\u00e1nicos y las llamaron Las Islas Felices, El Jard\u00edn de Hesp\u00e9rides, Atl\u00e1ntida. Algunos historiadores han sugerido que el continente legendario de Atlantes esta situado all\u00ed. La poblaci\u00f3n original, llamado \u2018Guanches\u2019 son mas altos y mas rubios que los espa\u00f1oles en la","og_url":"https:\/\/www.euroresidentes.com\/entretenimiento\/musica-clasica\/festival-de-musica-de-las-islas-canarias\/","og_site_name":"M\u00fasica cl\u00e1sica","article_published_time":"2006-08-11T09:02:00+00:00","author":"Euroresidentes","twitter_card":"summary_large_image","twitter_misc":{"Written by":"Euroresidentes","Est. reading time":"2 minutos"},"schema":{"@context":"https:\/\/schema.org","@graph":[{"@type":"WebPage","@id":"https:\/\/www.euroresidentes.com\/entretenimiento\/musica-clasica\/festival-de-musica-de-las-islas-canarias\/","url":"https:\/\/www.euroresidentes.com\/entretenimiento\/musica-clasica\/festival-de-musica-de-las-islas-canarias\/","name":"Festival de M\u00fasica de las Islas Canarias - M\u00fasica cl\u00e1sica","isPartOf":{"@id":"https:\/\/www.euroresidentes.com\/entretenimiento\/musica-clasica\/#website"},"datePublished":"2006-08-11T09:02:00+00:00","dateModified":"2006-08-11T09:02:00+00:00","author":{"@id":"https:\/\/www.euroresidentes.com\/entretenimiento\/musica-clasica\/#\/schema\/person\/e41441f91af6208631ba0be4ea9c5f01"},"breadcrumb":{"@id":"https:\/\/www.euroresidentes.com\/entretenimiento\/musica-clasica\/festival-de-musica-de-las-islas-canarias\/#breadcrumb"},"inLanguage":"es","potentialAction":[{"@type":"ReadAction","target":["https:\/\/www.euroresidentes.com\/entretenimiento\/musica-clasica\/festival-de-musica-de-las-islas-canarias\/"]}]},{"@type":"BreadcrumbList","@id":"https:\/\/www.euroresidentes.com\/entretenimiento\/musica-clasica\/festival-de-musica-de-las-islas-canarias\/#breadcrumb","itemListElement":[{"@type":"ListItem","position":1,"name":"Portada","item":"https:\/\/www.euroresidentes.com\/entretenimiento\/musica-clasica\/"},{"@type":"ListItem","position":2,"name":"Festival de M\u00fasica de las Islas Canarias"}]},{"@type":"WebSite","@id":"https:\/\/www.euroresidentes.com\/entretenimiento\/musica-clasica\/#website","url":"https:\/\/www.euroresidentes.com\/entretenimiento\/musica-clasica\/","name":"M\u00fasica cl\u00e1sica","description":"Euroresidentes","potentialAction":[{"@type":"SearchAction","target":{"@type":"EntryPoint","urlTemplate":"https:\/\/www.euroresidentes.com\/entretenimiento\/musica-clasica\/?s={search_term_string}"},"query-input":{"@type":"PropertyValueSpecification","valueRequired":true,"valueName":"search_term_string"}}],"inLanguage":"es"},{"@type":"Person","@id":"https:\/\/www.euroresidentes.com\/entretenimiento\/musica-clasica\/#\/schema\/person\/e41441f91af6208631ba0be4ea9c5f01","name":"Euroresidentes","image":{"@type":"ImageObject","inLanguage":"es","@id":"https:\/\/www.euroresidentes.com\/entretenimiento\/musica-clasica\/#\/schema\/person\/image\/","url":"https:\/\/www.euroresidentes.com\/entretenimiento\/musica-clasica\/wp-content\/uploads\/sites\/20\/2016\/09\/logo-euroresidentes-150x150.jpg","contentUrl":"https:\/\/www.euroresidentes.com\/entretenimiento\/musica-clasica\/wp-content\/uploads\/sites\/20\/2016\/09\/logo-euroresidentes-150x150.jpg","caption":"Euroresidentes"},"description":"Euroresidentes","sameAs":["https:\/\/www.euroresidentes.com\/info.htm"],"url":"https:\/\/www.euroresidentes.com\/entretenimiento\/musica-clasica\/author\/euroresidentes\/"}]}},"_links":{"self":[{"href":"https:\/\/www.euroresidentes.com\/entretenimiento\/musica-clasica\/wp-json\/wp\/v2\/posts\/121","targetHints":{"allow":["GET"]}}],"collection":[{"href":"https:\/\/www.euroresidentes.com\/entretenimiento\/musica-clasica\/wp-json\/wp\/v2\/posts"}],"about":[{"href":"https:\/\/www.euroresidentes.com\/entretenimiento\/musica-clasica\/wp-json\/wp\/v2\/types\/post"}],"author":[{"embeddable":true,"href":"https:\/\/www.euroresidentes.com\/entretenimiento\/musica-clasica\/wp-json\/wp\/v2\/users\/1"}],"replies":[{"embeddable":true,"href":"https:\/\/www.euroresidentes.com\/entretenimiento\/musica-clasica\/wp-json\/wp\/v2\/comments?post=121"}],"version-history":[{"count":0,"href":"https:\/\/www.euroresidentes.com\/entretenimiento\/musica-clasica\/wp-json\/wp\/v2\/posts\/121\/revisions"}],"wp:attachment":[{"href":"https:\/\/www.euroresidentes.com\/entretenimiento\/musica-clasica\/wp-json\/wp\/v2\/media?parent=121"}],"wp:term":[{"taxonomy":"category","embeddable":true,"href":"https:\/\/www.euroresidentes.com\/entretenimiento\/musica-clasica\/wp-json\/wp\/v2\/categories?post=121"},{"taxonomy":"post_tag","embeddable":true,"href":"https:\/\/www.euroresidentes.com\/entretenimiento\/musica-clasica\/wp-json\/wp\/v2\/tags?post=121"}],"curies":[{"name":"wp","href":"https:\/\/api.w.org\/{rel}","templated":true}]}}