{"id":11,"date":"2013-06-07T15:03:00","date_gmt":"2013-06-07T15:03:00","guid":{"rendered":""},"modified":"2015-12-22T11:30:26","modified_gmt":"2015-12-22T11:30:26","slug":"festival-internacional-de-musica-de-bath-2013","status":"publish","type":"post","link":"https:\/\/www.euroresidentes.com\/entretenimiento\/musica-clasica\/festival-internacional-de-musica-de-bath-2013\/","title":{"rendered":"Festival internacional de m\u00fasica de Bath 2013"},"content":{"rendered":"<p>Fundada en 1948 y llamada originalmente Asamblea de Bath, su primer director fue Ian Hunter, seguido posteriormente de Yehudi Menuhin y m\u00e1s recientemente de Joanne MacGregor. El festival anual de m\u00fasica es uno de los verdaderos momentos destacados del a\u00f1o en la ciudad y est\u00e1 teniendo lugar ahora. Ya hemos estado en dos conciertos muy diferentes y tengo la intenci\u00f3n de ir a otros. El joven pianista noruego Christian Ihle Hadland toc\u00f3 en el primero de ellos.<\/p>\n<p>Fue un programa interesante formado por una sonata de Beethoven, cuatro Impromptus de Schubert -uno de los favoritos de la audiencia- y las Variaciones de Schumann sobre un tema original. Yo estaba interesado particularmente en la Sonata Reminiscenza de Nikolai Medtner. Tengo un CD que contiene este y otros temas de este olvidado compositor ruso, y otro de sus dos conciertos para piano, ambos interpretados por el formidable Nikolai Demidenko. Casualmente tiendo a coleccionar compositores olvidados, a menudo no todos brit\u00e1nicos. La interpretaci\u00f3n de Hadlnad de estos cuatro temas muy diferentes fue muy fina y, aunque muy aplaudida, merec\u00eda un p\u00fablico m\u00e1s numeroso. <\/p>\n<p> El otro concierto fue del Norma Winstone Trio. Una vez m\u00e1s, un nombre nuevo para m\u00ed. Norma Winstone gan\u00f3 el premio al mejor vocalista en los premios de Jazz de la BBC en el 2011, con raz\u00f3n creemos, porque tiene una voz c\u00e1lida y encantadora, y un p\u00fablico rebosante (y comparado conmigo, bien informado) le dio un entusiasta recibimiento. Los instrumentistas fueron Klaus Gesing como saxofonista y Glauco Venier al piano. Son unos m\u00fasicos magn\u00edficos y brillantes. Venier era el compositor de dos de las canciones. Casi demasiado buenos; por momentos sentimos que sonaba demasiado alto, pero eso puede haber sido por la amplificaci\u00f3n. Sin embargo, ya han trabajado como tr\u00edo durante alg\u00fan tiempo y deben saber qu\u00e9 se traen entre manos. Mi esposa compr\u00f3 una de sus grabaciones como recuerdo de un concierto agradable.<\/p>\n<p> Ayer por la tarde tuvo lugar la ya tradicional \u00abFiesta en la ciudad\u00bb y grupos de m\u00fasica locales -amateur y profesionales- invadieron la ciudad y tocaron en varios lugares alrededor de media hora. Contabilic\u00e9 que hab\u00eda m\u00e1s de un centenar de ellos, lo que justifica la descripci\u00f3n del evento como \u00abel mayor espect\u00e1culo gratuito de Bath\u00bb.<\/p>\n<p> Todo ello precedido por la procesi\u00f3n del festival que termina en la Abad\u00eda, seguida de una serie de canciones, encargadas especialmente para la ocasi\u00f3n, sobre el tema de los monstruos de Stephen Deazley, cantadas con gran entusiasmo por un enorme coro de ni\u00f1os de primaria con alg\u00fan acompa\u00f1amiento musical adulto. La Abad\u00eda -con su enorme puerta principal abierta a la ciudad- estaba llena de orgullosos padres y gente interesada como nosotros. La velada concluy\u00f3 con un espectacular castillo de fuegos artificiales, que vimos desde la seguridad de la ventana de nuestro dormitorio. El Festival contin\u00faa hasta el 2 de junio.<\/p>\n<p> B.R.<\/p>\n","protected":false},"excerpt":{"rendered":"<p>Fundada en 1948 y llamada originalmente Asamblea de Bath, su primer director fue Ian Hunter, seguido posteriormente de Yehudi Menuhin y m\u00e1s recientemente de Joanne MacGregor. El festival anual de m\u00fasica es uno de los verdaderos momentos destacados del a\u00f1o en la ciudad y est\u00e1 teniendo lugar ahora. Ya hemos estado en dos conciertos muy diferentes y tengo la intenci\u00f3n de ir a otros. El joven pianista noruego Christian Ihle Hadland toc\u00f3 en el primero de ellos. Fue un programa interesante formado por una sonata de Beethoven, cuatro Impromptus de Schubert -uno de los favoritos de la audiencia- y las <\/p>\n","protected":false},"author":1,"featured_media":0,"comment_status":"open","ping_status":"open","sticky":false,"template":"","format":"standard","meta":{"footnotes":""},"categories":[1],"tags":[],"class_list":["post-11","post","type-post","status-publish","format-standard","hentry","category-sin-categoria"],"yoast_head":"<!-- This site is optimized with the Yoast SEO plugin v24.1 - https:\/\/yoast.com\/wordpress\/plugins\/seo\/ -->\n<title>Festival internacional de m\u00fasica de Bath 2013 - M\u00fasica cl\u00e1sica<\/title>\n<meta name=\"robots\" content=\"index, follow, max-snippet:-1, max-image-preview:large, max-video-preview:-1\" \/>\n<link rel=\"canonical\" href=\"https:\/\/www.euroresidentes.com\/entretenimiento\/musica-clasica\/festival-internacional-de-musica-de-bath-2013\/\" \/>\n<meta property=\"og:locale\" content=\"es_ES\" \/>\n<meta property=\"og:type\" content=\"article\" \/>\n<meta property=\"og:title\" content=\"Festival internacional de m\u00fasica de Bath 2013 - M\u00fasica cl\u00e1sica\" \/>\n<meta property=\"og:description\" content=\"Fundada en 1948 y llamada originalmente Asamblea de Bath, su primer director fue Ian Hunter, seguido posteriormente de Yehudi Menuhin y m\u00e1s recientemente de Joanne MacGregor. El festival anual de m\u00fasica es uno de los verdaderos momentos destacados del a\u00f1o en la ciudad y est\u00e1 teniendo lugar ahora. Ya hemos estado en dos conciertos muy diferentes y tengo la intenci\u00f3n de ir a otros. El joven pianista noruego Christian Ihle Hadland toc\u00f3 en el primero de ellos. Fue un programa interesante formado por una sonata de Beethoven, cuatro Impromptus de Schubert -uno de los favoritos de la audiencia- y las\" \/>\n<meta property=\"og:url\" content=\"https:\/\/www.euroresidentes.com\/entretenimiento\/musica-clasica\/festival-internacional-de-musica-de-bath-2013\/\" \/>\n<meta property=\"og:site_name\" content=\"M\u00fasica cl\u00e1sica\" \/>\n<meta property=\"article:published_time\" content=\"2013-06-07T15:03:00+00:00\" \/>\n<meta property=\"article:modified_time\" content=\"2015-12-22T11:30:26+00:00\" \/>\n<meta name=\"author\" content=\"Euroresidentes\" \/>\n<meta name=\"twitter:card\" content=\"summary_large_image\" \/>\n<meta name=\"twitter:label1\" content=\"Written by\" \/>\n\t<meta name=\"twitter:data1\" content=\"Euroresidentes\" \/>\n\t<meta name=\"twitter:label2\" content=\"Est. reading time\" \/>\n\t<meta name=\"twitter:data2\" content=\"3 minutos\" \/>\n<script type=\"application\/ld+json\" class=\"yoast-schema-graph\">{\"@context\":\"https:\/\/schema.org\",\"@graph\":[{\"@type\":\"WebPage\",\"@id\":\"https:\/\/www.euroresidentes.com\/entretenimiento\/musica-clasica\/festival-internacional-de-musica-de-bath-2013\/\",\"url\":\"https:\/\/www.euroresidentes.com\/entretenimiento\/musica-clasica\/festival-internacional-de-musica-de-bath-2013\/\",\"name\":\"Festival internacional de m\u00fasica de Bath 2013 - M\u00fasica cl\u00e1sica\",\"isPartOf\":{\"@id\":\"https:\/\/www.euroresidentes.com\/entretenimiento\/musica-clasica\/#website\"},\"datePublished\":\"2013-06-07T15:03:00+00:00\",\"dateModified\":\"2015-12-22T11:30:26+00:00\",\"author\":{\"@id\":\"https:\/\/www.euroresidentes.com\/entretenimiento\/musica-clasica\/#\/schema\/person\/e41441f91af6208631ba0be4ea9c5f01\"},\"breadcrumb\":{\"@id\":\"https:\/\/www.euroresidentes.com\/entretenimiento\/musica-clasica\/festival-internacional-de-musica-de-bath-2013\/#breadcrumb\"},\"inLanguage\":\"es\",\"potentialAction\":[{\"@type\":\"ReadAction\",\"target\":[\"https:\/\/www.euroresidentes.com\/entretenimiento\/musica-clasica\/festival-internacional-de-musica-de-bath-2013\/\"]}]},{\"@type\":\"BreadcrumbList\",\"@id\":\"https:\/\/www.euroresidentes.com\/entretenimiento\/musica-clasica\/festival-internacional-de-musica-de-bath-2013\/#breadcrumb\",\"itemListElement\":[{\"@type\":\"ListItem\",\"position\":1,\"name\":\"Portada\",\"item\":\"https:\/\/www.euroresidentes.com\/entretenimiento\/musica-clasica\/\"},{\"@type\":\"ListItem\",\"position\":2,\"name\":\"Festival internacional de m\u00fasica de Bath 2013\"}]},{\"@type\":\"WebSite\",\"@id\":\"https:\/\/www.euroresidentes.com\/entretenimiento\/musica-clasica\/#website\",\"url\":\"https:\/\/www.euroresidentes.com\/entretenimiento\/musica-clasica\/\",\"name\":\"M\u00fasica cl\u00e1sica\",\"description\":\"Euroresidentes\",\"potentialAction\":[{\"@type\":\"SearchAction\",\"target\":{\"@type\":\"EntryPoint\",\"urlTemplate\":\"https:\/\/www.euroresidentes.com\/entretenimiento\/musica-clasica\/?s={search_term_string}\"},\"query-input\":{\"@type\":\"PropertyValueSpecification\",\"valueRequired\":true,\"valueName\":\"search_term_string\"}}],\"inLanguage\":\"es\"},{\"@type\":\"Person\",\"@id\":\"https:\/\/www.euroresidentes.com\/entretenimiento\/musica-clasica\/#\/schema\/person\/e41441f91af6208631ba0be4ea9c5f01\",\"name\":\"Euroresidentes\",\"image\":{\"@type\":\"ImageObject\",\"inLanguage\":\"es\",\"@id\":\"https:\/\/www.euroresidentes.com\/entretenimiento\/musica-clasica\/#\/schema\/person\/image\/\",\"url\":\"https:\/\/www.euroresidentes.com\/entretenimiento\/musica-clasica\/wp-content\/uploads\/sites\/20\/2016\/09\/logo-euroresidentes-150x150.jpg\",\"contentUrl\":\"https:\/\/www.euroresidentes.com\/entretenimiento\/musica-clasica\/wp-content\/uploads\/sites\/20\/2016\/09\/logo-euroresidentes-150x150.jpg\",\"caption\":\"Euroresidentes\"},\"description\":\"Euroresidentes\",\"sameAs\":[\"https:\/\/www.euroresidentes.com\/info.htm\"],\"url\":\"https:\/\/www.euroresidentes.com\/entretenimiento\/musica-clasica\/author\/euroresidentes\/\"}]}<\/script>\n<!-- \/ Yoast SEO plugin. -->","yoast_head_json":{"title":"Festival internacional de m\u00fasica de Bath 2013 - M\u00fasica cl\u00e1sica","robots":{"index":"index","follow":"follow","max-snippet":"max-snippet:-1","max-image-preview":"max-image-preview:large","max-video-preview":"max-video-preview:-1"},"canonical":"https:\/\/www.euroresidentes.com\/entretenimiento\/musica-clasica\/festival-internacional-de-musica-de-bath-2013\/","og_locale":"es_ES","og_type":"article","og_title":"Festival internacional de m\u00fasica de Bath 2013 - M\u00fasica cl\u00e1sica","og_description":"Fundada en 1948 y llamada originalmente Asamblea de Bath, su primer director fue Ian Hunter, seguido posteriormente de Yehudi Menuhin y m\u00e1s recientemente de Joanne MacGregor. El festival anual de m\u00fasica es uno de los verdaderos momentos destacados del a\u00f1o en la ciudad y est\u00e1 teniendo lugar ahora. Ya hemos estado en dos conciertos muy diferentes y tengo la intenci\u00f3n de ir a otros. El joven pianista noruego Christian Ihle Hadland toc\u00f3 en el primero de ellos. Fue un programa interesante formado por una sonata de Beethoven, cuatro Impromptus de Schubert -uno de los favoritos de la audiencia- y las","og_url":"https:\/\/www.euroresidentes.com\/entretenimiento\/musica-clasica\/festival-internacional-de-musica-de-bath-2013\/","og_site_name":"M\u00fasica cl\u00e1sica","article_published_time":"2013-06-07T15:03:00+00:00","article_modified_time":"2015-12-22T11:30:26+00:00","author":"Euroresidentes","twitter_card":"summary_large_image","twitter_misc":{"Written by":"Euroresidentes","Est. reading time":"3 minutos"},"schema":{"@context":"https:\/\/schema.org","@graph":[{"@type":"WebPage","@id":"https:\/\/www.euroresidentes.com\/entretenimiento\/musica-clasica\/festival-internacional-de-musica-de-bath-2013\/","url":"https:\/\/www.euroresidentes.com\/entretenimiento\/musica-clasica\/festival-internacional-de-musica-de-bath-2013\/","name":"Festival internacional de m\u00fasica de Bath 2013 - M\u00fasica cl\u00e1sica","isPartOf":{"@id":"https:\/\/www.euroresidentes.com\/entretenimiento\/musica-clasica\/#website"},"datePublished":"2013-06-07T15:03:00+00:00","dateModified":"2015-12-22T11:30:26+00:00","author":{"@id":"https:\/\/www.euroresidentes.com\/entretenimiento\/musica-clasica\/#\/schema\/person\/e41441f91af6208631ba0be4ea9c5f01"},"breadcrumb":{"@id":"https:\/\/www.euroresidentes.com\/entretenimiento\/musica-clasica\/festival-internacional-de-musica-de-bath-2013\/#breadcrumb"},"inLanguage":"es","potentialAction":[{"@type":"ReadAction","target":["https:\/\/www.euroresidentes.com\/entretenimiento\/musica-clasica\/festival-internacional-de-musica-de-bath-2013\/"]}]},{"@type":"BreadcrumbList","@id":"https:\/\/www.euroresidentes.com\/entretenimiento\/musica-clasica\/festival-internacional-de-musica-de-bath-2013\/#breadcrumb","itemListElement":[{"@type":"ListItem","position":1,"name":"Portada","item":"https:\/\/www.euroresidentes.com\/entretenimiento\/musica-clasica\/"},{"@type":"ListItem","position":2,"name":"Festival internacional de m\u00fasica de Bath 2013"}]},{"@type":"WebSite","@id":"https:\/\/www.euroresidentes.com\/entretenimiento\/musica-clasica\/#website","url":"https:\/\/www.euroresidentes.com\/entretenimiento\/musica-clasica\/","name":"M\u00fasica cl\u00e1sica","description":"Euroresidentes","potentialAction":[{"@type":"SearchAction","target":{"@type":"EntryPoint","urlTemplate":"https:\/\/www.euroresidentes.com\/entretenimiento\/musica-clasica\/?s={search_term_string}"},"query-input":{"@type":"PropertyValueSpecification","valueRequired":true,"valueName":"search_term_string"}}],"inLanguage":"es"},{"@type":"Person","@id":"https:\/\/www.euroresidentes.com\/entretenimiento\/musica-clasica\/#\/schema\/person\/e41441f91af6208631ba0be4ea9c5f01","name":"Euroresidentes","image":{"@type":"ImageObject","inLanguage":"es","@id":"https:\/\/www.euroresidentes.com\/entretenimiento\/musica-clasica\/#\/schema\/person\/image\/","url":"https:\/\/www.euroresidentes.com\/entretenimiento\/musica-clasica\/wp-content\/uploads\/sites\/20\/2016\/09\/logo-euroresidentes-150x150.jpg","contentUrl":"https:\/\/www.euroresidentes.com\/entretenimiento\/musica-clasica\/wp-content\/uploads\/sites\/20\/2016\/09\/logo-euroresidentes-150x150.jpg","caption":"Euroresidentes"},"description":"Euroresidentes","sameAs":["https:\/\/www.euroresidentes.com\/info.htm"],"url":"https:\/\/www.euroresidentes.com\/entretenimiento\/musica-clasica\/author\/euroresidentes\/"}]}},"_links":{"self":[{"href":"https:\/\/www.euroresidentes.com\/entretenimiento\/musica-clasica\/wp-json\/wp\/v2\/posts\/11","targetHints":{"allow":["GET"]}}],"collection":[{"href":"https:\/\/www.euroresidentes.com\/entretenimiento\/musica-clasica\/wp-json\/wp\/v2\/posts"}],"about":[{"href":"https:\/\/www.euroresidentes.com\/entretenimiento\/musica-clasica\/wp-json\/wp\/v2\/types\/post"}],"author":[{"embeddable":true,"href":"https:\/\/www.euroresidentes.com\/entretenimiento\/musica-clasica\/wp-json\/wp\/v2\/users\/1"}],"replies":[{"embeddable":true,"href":"https:\/\/www.euroresidentes.com\/entretenimiento\/musica-clasica\/wp-json\/wp\/v2\/comments?post=11"}],"version-history":[{"count":1,"href":"https:\/\/www.euroresidentes.com\/entretenimiento\/musica-clasica\/wp-json\/wp\/v2\/posts\/11\/revisions"}],"predecessor-version":[{"id":207,"href":"https:\/\/www.euroresidentes.com\/entretenimiento\/musica-clasica\/wp-json\/wp\/v2\/posts\/11\/revisions\/207"}],"wp:attachment":[{"href":"https:\/\/www.euroresidentes.com\/entretenimiento\/musica-clasica\/wp-json\/wp\/v2\/media?parent=11"}],"wp:term":[{"taxonomy":"category","embeddable":true,"href":"https:\/\/www.euroresidentes.com\/entretenimiento\/musica-clasica\/wp-json\/wp\/v2\/categories?post=11"},{"taxonomy":"post_tag","embeddable":true,"href":"https:\/\/www.euroresidentes.com\/entretenimiento\/musica-clasica\/wp-json\/wp\/v2\/tags?post=11"}],"curies":[{"name":"wp","href":"https:\/\/api.w.org\/{rel}","templated":true}]}}