{"id":103,"date":"2007-03-01T08:04:00","date_gmt":"2007-03-01T08:04:00","guid":{"rendered":"https:\/\/www.euroresidentes.com\/entretenimiento\/musica-clasica\/2007\/03\/mozart-y-beethoven.html"},"modified":"2007-03-01T08:04:00","modified_gmt":"2007-03-01T08:04:00","slug":"mozart-y-beethoven","status":"publish","type":"post","link":"https:\/\/www.euroresidentes.com\/entretenimiento\/musica-clasica\/mozart-y-beethoven\/","title":{"rendered":"Mozart y Beethoven"},"content":{"rendered":"<p>Fui a un concierto maravilloso anoche del veinte s\u00e9ptimo concierto para el piano de Mozart, el pianista, Imogen Cooper, lo interpreto con elegancia y estilo. Despu\u00e9s del intermedio hubo una presentaci\u00f3n de la novena sinfon\u00eda (de coro) de Beethoven. Cada pieza era lo mejor de cada compositor para mostrar sus dones. La orquesta filarmon\u00eda de Londres (residente en Bristol) y su coro dieron una actuaci\u00f3n impresionante.<\/p>\n<p>El director de la orquesta en esta ocasi\u00f3n fue Sir Charles Mackerras y dirigi\u00f3 las dos obras con fluidez y firmeza. Las primeras dos movimientos de la sinfon\u00eda fueron interpretados energ\u00e9ticamente pero tambi\u00e9n con mucha atenci\u00f3n a los detalles y con un equilibrio fant\u00e1stico entre los instrumentos. Raramente he escuchado mejor instrumentos de cuerda que en el primer movimiento, la melod\u00eda son\u00f3 como m\u00fasica celestial. El ultimo movimiento que pareci\u00f3 tan extra\u00f1o en su d\u00eda y rompi\u00f3 la fronteras del gusto musical de su \u00e9poca fue abrumadora. Los bajos trabajando como narradores musicales.<\/p>\n<p>Mackerras ha sido uno de mis h\u00e9roes desde que compre una grabaci\u00f3n de su interpretaci\u00f3n de las operas de Gilbert y Sullivan para la compa\u00f1\u00eda de ballet Pineapple Poll. Mackerras es un aficionado del compositor Checo Leon Janaeck y ha grabado todas sus operas, muchas veces con artistas checos. As\u00ed que gracias a Mackarras Janaeck fue rescatado de ser un compositor olvidado. Tambi\u00e9n ha investigado como interpretaron la m\u00fasica en los siglos XVIII y XIX. Es problemente uno de los mejores directores del mundo. Aunque es especialista en varios g\u00e9neros tambi\u00e9n dedica la misma atenci\u00f3n y talento a otra amplia variedad de m\u00fasica. Ha grabado siete de las operas de Mozart y todas sus sinfon\u00edas. Este a\u00f1o va a estar trabajando con las orquestas filarm\u00f3nicas de Berlin, Vienna y La Republica Checa entre otras.<\/p>\n<p>Ahora con mas de 80 a\u00f1os, Mackerras todav\u00eda dirige con un impetuoso entusiasmo. Aunque ahora utiliza una silla para apoyarse en el escenario tiene la energ\u00eda de un hombre mucho mas joven. Ambos el publico y la orquesta le aplaudieron de pie a final del concierto anoche. Fue una ocasi\u00f3n muy especial y conmovedora.<\/p>\n<p>B.R.<\/p>\n","protected":false},"excerpt":{"rendered":"<p>Fui a un concierto maravilloso anoche del veinte s\u00e9ptimo concierto para el piano de Mozart, el pianista, Imogen Cooper, lo interpreto con elegancia y estilo. Despu\u00e9s del intermedio hubo una presentaci\u00f3n de la novena sinfon\u00eda (de coro) de Beethoven. Cada pieza era lo mejor de cada compositor para mostrar sus dones. La orquesta filarmon\u00eda de Londres (residente en Bristol) y su coro dieron una actuaci\u00f3n impresionante. El director de la orquesta en esta ocasi\u00f3n fue Sir Charles Mackerras y dirigi\u00f3 las dos obras con fluidez y firmeza. Las primeras dos movimientos de la sinfon\u00eda fueron interpretados energ\u00e9ticamente pero tambi\u00e9n con <\/p>\n","protected":false},"author":1,"featured_media":0,"comment_status":"open","ping_status":"open","sticky":false,"template":"","format":"standard","meta":{"footnotes":""},"categories":[1],"tags":[],"class_list":["post-103","post","type-post","status-publish","format-standard","hentry","category-sin-categoria"],"yoast_head":"<!-- This site is optimized with the Yoast SEO plugin v24.1 - https:\/\/yoast.com\/wordpress\/plugins\/seo\/ -->\n<title>Mozart y Beethoven - M\u00fasica cl\u00e1sica<\/title>\n<meta name=\"robots\" content=\"index, follow, max-snippet:-1, max-image-preview:large, max-video-preview:-1\" \/>\n<link rel=\"canonical\" href=\"https:\/\/www.euroresidentes.com\/entretenimiento\/musica-clasica\/mozart-y-beethoven\/\" \/>\n<meta property=\"og:locale\" content=\"es_ES\" \/>\n<meta property=\"og:type\" content=\"article\" \/>\n<meta property=\"og:title\" content=\"Mozart y Beethoven - M\u00fasica cl\u00e1sica\" \/>\n<meta property=\"og:description\" content=\"Fui a un concierto maravilloso anoche del veinte s\u00e9ptimo concierto para el piano de Mozart, el pianista, Imogen Cooper, lo interpreto con elegancia y estilo. Despu\u00e9s del intermedio hubo una presentaci\u00f3n de la novena sinfon\u00eda (de coro) de Beethoven. Cada pieza era lo mejor de cada compositor para mostrar sus dones. La orquesta filarmon\u00eda de Londres (residente en Bristol) y su coro dieron una actuaci\u00f3n impresionante. El director de la orquesta en esta ocasi\u00f3n fue Sir Charles Mackerras y dirigi\u00f3 las dos obras con fluidez y firmeza. Las primeras dos movimientos de la sinfon\u00eda fueron interpretados energ\u00e9ticamente pero tambi\u00e9n con\" \/>\n<meta property=\"og:url\" content=\"https:\/\/www.euroresidentes.com\/entretenimiento\/musica-clasica\/mozart-y-beethoven\/\" \/>\n<meta property=\"og:site_name\" content=\"M\u00fasica cl\u00e1sica\" \/>\n<meta property=\"article:published_time\" content=\"2007-03-01T08:04:00+00:00\" \/>\n<meta name=\"author\" content=\"Euroresidentes\" \/>\n<meta name=\"twitter:card\" content=\"summary_large_image\" \/>\n<meta name=\"twitter:label1\" content=\"Written by\" \/>\n\t<meta name=\"twitter:data1\" content=\"Euroresidentes\" \/>\n\t<meta name=\"twitter:label2\" content=\"Est. reading time\" \/>\n\t<meta name=\"twitter:data2\" content=\"2 minutos\" \/>\n<script type=\"application\/ld+json\" class=\"yoast-schema-graph\">{\"@context\":\"https:\/\/schema.org\",\"@graph\":[{\"@type\":\"WebPage\",\"@id\":\"https:\/\/www.euroresidentes.com\/entretenimiento\/musica-clasica\/mozart-y-beethoven\/\",\"url\":\"https:\/\/www.euroresidentes.com\/entretenimiento\/musica-clasica\/mozart-y-beethoven\/\",\"name\":\"Mozart y Beethoven - M\u00fasica cl\u00e1sica\",\"isPartOf\":{\"@id\":\"https:\/\/www.euroresidentes.com\/entretenimiento\/musica-clasica\/#website\"},\"datePublished\":\"2007-03-01T08:04:00+00:00\",\"dateModified\":\"2007-03-01T08:04:00+00:00\",\"author\":{\"@id\":\"https:\/\/www.euroresidentes.com\/entretenimiento\/musica-clasica\/#\/schema\/person\/e41441f91af6208631ba0be4ea9c5f01\"},\"breadcrumb\":{\"@id\":\"https:\/\/www.euroresidentes.com\/entretenimiento\/musica-clasica\/mozart-y-beethoven\/#breadcrumb\"},\"inLanguage\":\"es\",\"potentialAction\":[{\"@type\":\"ReadAction\",\"target\":[\"https:\/\/www.euroresidentes.com\/entretenimiento\/musica-clasica\/mozart-y-beethoven\/\"]}]},{\"@type\":\"BreadcrumbList\",\"@id\":\"https:\/\/www.euroresidentes.com\/entretenimiento\/musica-clasica\/mozart-y-beethoven\/#breadcrumb\",\"itemListElement\":[{\"@type\":\"ListItem\",\"position\":1,\"name\":\"Portada\",\"item\":\"https:\/\/www.euroresidentes.com\/entretenimiento\/musica-clasica\/\"},{\"@type\":\"ListItem\",\"position\":2,\"name\":\"Mozart y Beethoven\"}]},{\"@type\":\"WebSite\",\"@id\":\"https:\/\/www.euroresidentes.com\/entretenimiento\/musica-clasica\/#website\",\"url\":\"https:\/\/www.euroresidentes.com\/entretenimiento\/musica-clasica\/\",\"name\":\"M\u00fasica cl\u00e1sica\",\"description\":\"Euroresidentes\",\"potentialAction\":[{\"@type\":\"SearchAction\",\"target\":{\"@type\":\"EntryPoint\",\"urlTemplate\":\"https:\/\/www.euroresidentes.com\/entretenimiento\/musica-clasica\/?s={search_term_string}\"},\"query-input\":{\"@type\":\"PropertyValueSpecification\",\"valueRequired\":true,\"valueName\":\"search_term_string\"}}],\"inLanguage\":\"es\"},{\"@type\":\"Person\",\"@id\":\"https:\/\/www.euroresidentes.com\/entretenimiento\/musica-clasica\/#\/schema\/person\/e41441f91af6208631ba0be4ea9c5f01\",\"name\":\"Euroresidentes\",\"image\":{\"@type\":\"ImageObject\",\"inLanguage\":\"es\",\"@id\":\"https:\/\/www.euroresidentes.com\/entretenimiento\/musica-clasica\/#\/schema\/person\/image\/\",\"url\":\"https:\/\/www.euroresidentes.com\/entretenimiento\/musica-clasica\/wp-content\/uploads\/sites\/20\/2016\/09\/logo-euroresidentes-150x150.jpg\",\"contentUrl\":\"https:\/\/www.euroresidentes.com\/entretenimiento\/musica-clasica\/wp-content\/uploads\/sites\/20\/2016\/09\/logo-euroresidentes-150x150.jpg\",\"caption\":\"Euroresidentes\"},\"description\":\"Euroresidentes\",\"sameAs\":[\"https:\/\/www.euroresidentes.com\/info.htm\"],\"url\":\"https:\/\/www.euroresidentes.com\/entretenimiento\/musica-clasica\/author\/euroresidentes\/\"}]}<\/script>\n<!-- \/ Yoast SEO plugin. -->","yoast_head_json":{"title":"Mozart y Beethoven - M\u00fasica cl\u00e1sica","robots":{"index":"index","follow":"follow","max-snippet":"max-snippet:-1","max-image-preview":"max-image-preview:large","max-video-preview":"max-video-preview:-1"},"canonical":"https:\/\/www.euroresidentes.com\/entretenimiento\/musica-clasica\/mozart-y-beethoven\/","og_locale":"es_ES","og_type":"article","og_title":"Mozart y Beethoven - M\u00fasica cl\u00e1sica","og_description":"Fui a un concierto maravilloso anoche del veinte s\u00e9ptimo concierto para el piano de Mozart, el pianista, Imogen Cooper, lo interpreto con elegancia y estilo. Despu\u00e9s del intermedio hubo una presentaci\u00f3n de la novena sinfon\u00eda (de coro) de Beethoven. Cada pieza era lo mejor de cada compositor para mostrar sus dones. La orquesta filarmon\u00eda de Londres (residente en Bristol) y su coro dieron una actuaci\u00f3n impresionante. El director de la orquesta en esta ocasi\u00f3n fue Sir Charles Mackerras y dirigi\u00f3 las dos obras con fluidez y firmeza. Las primeras dos movimientos de la sinfon\u00eda fueron interpretados energ\u00e9ticamente pero tambi\u00e9n con","og_url":"https:\/\/www.euroresidentes.com\/entretenimiento\/musica-clasica\/mozart-y-beethoven\/","og_site_name":"M\u00fasica cl\u00e1sica","article_published_time":"2007-03-01T08:04:00+00:00","author":"Euroresidentes","twitter_card":"summary_large_image","twitter_misc":{"Written by":"Euroresidentes","Est. reading time":"2 minutos"},"schema":{"@context":"https:\/\/schema.org","@graph":[{"@type":"WebPage","@id":"https:\/\/www.euroresidentes.com\/entretenimiento\/musica-clasica\/mozart-y-beethoven\/","url":"https:\/\/www.euroresidentes.com\/entretenimiento\/musica-clasica\/mozart-y-beethoven\/","name":"Mozart y Beethoven - M\u00fasica cl\u00e1sica","isPartOf":{"@id":"https:\/\/www.euroresidentes.com\/entretenimiento\/musica-clasica\/#website"},"datePublished":"2007-03-01T08:04:00+00:00","dateModified":"2007-03-01T08:04:00+00:00","author":{"@id":"https:\/\/www.euroresidentes.com\/entretenimiento\/musica-clasica\/#\/schema\/person\/e41441f91af6208631ba0be4ea9c5f01"},"breadcrumb":{"@id":"https:\/\/www.euroresidentes.com\/entretenimiento\/musica-clasica\/mozart-y-beethoven\/#breadcrumb"},"inLanguage":"es","potentialAction":[{"@type":"ReadAction","target":["https:\/\/www.euroresidentes.com\/entretenimiento\/musica-clasica\/mozart-y-beethoven\/"]}]},{"@type":"BreadcrumbList","@id":"https:\/\/www.euroresidentes.com\/entretenimiento\/musica-clasica\/mozart-y-beethoven\/#breadcrumb","itemListElement":[{"@type":"ListItem","position":1,"name":"Portada","item":"https:\/\/www.euroresidentes.com\/entretenimiento\/musica-clasica\/"},{"@type":"ListItem","position":2,"name":"Mozart y Beethoven"}]},{"@type":"WebSite","@id":"https:\/\/www.euroresidentes.com\/entretenimiento\/musica-clasica\/#website","url":"https:\/\/www.euroresidentes.com\/entretenimiento\/musica-clasica\/","name":"M\u00fasica cl\u00e1sica","description":"Euroresidentes","potentialAction":[{"@type":"SearchAction","target":{"@type":"EntryPoint","urlTemplate":"https:\/\/www.euroresidentes.com\/entretenimiento\/musica-clasica\/?s={search_term_string}"},"query-input":{"@type":"PropertyValueSpecification","valueRequired":true,"valueName":"search_term_string"}}],"inLanguage":"es"},{"@type":"Person","@id":"https:\/\/www.euroresidentes.com\/entretenimiento\/musica-clasica\/#\/schema\/person\/e41441f91af6208631ba0be4ea9c5f01","name":"Euroresidentes","image":{"@type":"ImageObject","inLanguage":"es","@id":"https:\/\/www.euroresidentes.com\/entretenimiento\/musica-clasica\/#\/schema\/person\/image\/","url":"https:\/\/www.euroresidentes.com\/entretenimiento\/musica-clasica\/wp-content\/uploads\/sites\/20\/2016\/09\/logo-euroresidentes-150x150.jpg","contentUrl":"https:\/\/www.euroresidentes.com\/entretenimiento\/musica-clasica\/wp-content\/uploads\/sites\/20\/2016\/09\/logo-euroresidentes-150x150.jpg","caption":"Euroresidentes"},"description":"Euroresidentes","sameAs":["https:\/\/www.euroresidentes.com\/info.htm"],"url":"https:\/\/www.euroresidentes.com\/entretenimiento\/musica-clasica\/author\/euroresidentes\/"}]}},"_links":{"self":[{"href":"https:\/\/www.euroresidentes.com\/entretenimiento\/musica-clasica\/wp-json\/wp\/v2\/posts\/103","targetHints":{"allow":["GET"]}}],"collection":[{"href":"https:\/\/www.euroresidentes.com\/entretenimiento\/musica-clasica\/wp-json\/wp\/v2\/posts"}],"about":[{"href":"https:\/\/www.euroresidentes.com\/entretenimiento\/musica-clasica\/wp-json\/wp\/v2\/types\/post"}],"author":[{"embeddable":true,"href":"https:\/\/www.euroresidentes.com\/entretenimiento\/musica-clasica\/wp-json\/wp\/v2\/users\/1"}],"replies":[{"embeddable":true,"href":"https:\/\/www.euroresidentes.com\/entretenimiento\/musica-clasica\/wp-json\/wp\/v2\/comments?post=103"}],"version-history":[{"count":0,"href":"https:\/\/www.euroresidentes.com\/entretenimiento\/musica-clasica\/wp-json\/wp\/v2\/posts\/103\/revisions"}],"wp:attachment":[{"href":"https:\/\/www.euroresidentes.com\/entretenimiento\/musica-clasica\/wp-json\/wp\/v2\/media?parent=103"}],"wp:term":[{"taxonomy":"category","embeddable":true,"href":"https:\/\/www.euroresidentes.com\/entretenimiento\/musica-clasica\/wp-json\/wp\/v2\/categories?post=103"},{"taxonomy":"post_tag","embeddable":true,"href":"https:\/\/www.euroresidentes.com\/entretenimiento\/musica-clasica\/wp-json\/wp\/v2\/tags?post=103"}],"curies":[{"name":"wp","href":"https:\/\/api.w.org\/{rel}","templated":true}]}}