{"id":6446,"date":"2015-07-23T06:31:00","date_gmt":"2015-07-23T04:31:00","guid":{"rendered":"https:\/\/www.euroresidentes.com\/entretenimiento\/frases-citas-imagenes\/soy-del-verbo-contigo"},"modified":"2016-12-21T10:54:04","modified_gmt":"2016-12-21T09:54:04","slug":"soy-del-verbo-contigo","status":"publish","type":"post","link":"https:\/\/www.euroresidentes.com\/entretenimiento\/frases-citas-imagenes\/soy-del-verbo-contigo\/","title":{"rendered":"\u00abSoy\u00bb del verbo \u00abcontigo\u00bb"},"content":{"rendered":"<h3>\n<div style=\"text-align: center;\">\nSolo quiero vivir contigo.&nbsp;<\/div>\n<div style=\"text-align: center;\">\nSolo quiero bailar contigo.&nbsp;<\/div>\n<div style=\"text-align: center;\">\nSolo quiero estar contigo.&nbsp;<\/div>\n<div style=\"text-align: center;\">\nY quiero ser lo que nunca he sido.<\/div>\n<div style=\"text-align: center;\">\nSolo quiero so\u00f1ar contigo.&nbsp;<\/div>\n<div style=\"text-align: center;\">\nSolo voy a cantar contigo.&nbsp;<\/div>\n<div style=\"text-align: center;\">\nLo voy a hacer todo contigo<\/div>\n<\/h3>\n<div class=\"separator\" style=\"clear: both; text-align: center;\">\n<\/div>\n<div class=\"separator\" style=\"clear: both; text-align: center;\">\n<\/div>\n<div class=\"separator\" style=\"clear: both; text-align: center;\">\n<a href=\"https:\/\/www.euroresidentes.com\/entretenimiento\/frases-citas-imagenes\/wp-content\/uploads\/sites\/7\/2015\/07\/contigo.png\" imageanchor=\"1\" style=\"margin-left: 1em; margin-right: 1em;\"><img decoding=\"async\" border=\"0\" src=\"https:\/\/www.euroresidentes.com\/entretenimiento\/frases-citas-imagenes\/wp-content\/uploads\/sites\/7\/2015\/07\/contigo.png\" \/><\/a><\/div>\n<p><\/p>\n","protected":false},"excerpt":{"rendered":"<p>Solo quiero vivir contigo.&nbsp; Solo quiero bailar contigo.&nbsp; Solo quiero estar contigo.&nbsp; Y quiero ser lo que nunca he sido. Solo quiero so\u00f1ar contigo.&nbsp; Solo voy a cantar contigo.&nbsp; Lo voy a hacer todo contigo<\/p>\n","protected":false},"author":11,"featured_media":6632,"comment_status":"open","ping_status":"open","sticky":false,"template":"","format":"standard","meta":{"footnotes":""},"categories":[1],"tags":[],"class_list":["post-6446","post","type-post","status-publish","format-standard","has-post-thumbnail","hentry","category-frases","has_thumb"],"yoast_head":"<!-- This site is optimized with the Yoast SEO plugin v24.1 - https:\/\/yoast.com\/wordpress\/plugins\/seo\/ -->\n<title>&quot;Soy&quot; del verbo &quot;contigo&quot; - Frases y Citas C\u00e9lebres<\/title>\n<meta name=\"robots\" content=\"index, follow, max-snippet:-1, max-image-preview:large, max-video-preview:-1\" \/>\n<link rel=\"canonical\" href=\"https:\/\/www.euroresidentes.com\/entretenimiento\/frases-citas-imagenes\/soy-del-verbo-contigo\/\" \/>\n<meta property=\"og:locale\" content=\"es_ES\" \/>\n<meta property=\"og:type\" content=\"article\" \/>\n<meta property=\"og:title\" content=\"&quot;Soy&quot; del verbo &quot;contigo&quot; - Frases y Citas C\u00e9lebres\" \/>\n<meta property=\"og:description\" content=\"Solo quiero vivir contigo.&nbsp; Solo quiero bailar contigo.&nbsp; Solo quiero estar contigo.&nbsp; Y quiero ser lo que nunca he sido. Solo quiero so\u00f1ar contigo.&nbsp; Solo voy a cantar contigo.&nbsp; Lo voy a hacer todo contigo\" \/>\n<meta property=\"og:url\" content=\"https:\/\/www.euroresidentes.com\/entretenimiento\/frases-citas-imagenes\/soy-del-verbo-contigo\/\" \/>\n<meta property=\"og:site_name\" content=\"Frases y Citas C\u00e9lebres\" \/>\n<meta property=\"article:publisher\" content=\"https:\/\/www.facebook.com\/frases.euroresidentes\/\" \/>\n<meta property=\"article:published_time\" content=\"2015-07-23T04:31:00+00:00\" \/>\n<meta property=\"article:modified_time\" content=\"2016-12-21T09:54:04+00:00\" \/>\n<meta property=\"og:image\" content=\"https:\/\/www.euroresidentes.com\/entretenimiento\/frases-citas-imagenes\/wp-content\/uploads\/sites\/7\/2015\/07\/contigo.png\" \/>\n\t<meta property=\"og:image:width\" content=\"600\" \/>\n\t<meta property=\"og:image:height\" content=\"450\" \/>\n\t<meta property=\"og:image:type\" content=\"image\/png\" \/>\n<meta name=\"author\" content=\"Carolina L\u00f3pez\" \/>\n<meta name=\"twitter:card\" content=\"summary_large_image\" \/>\n<meta name=\"twitter:label1\" content=\"Written by\" \/>\n\t<meta name=\"twitter:data1\" content=\"Carolina L\u00f3pez\" \/>\n<script type=\"application\/ld+json\" class=\"yoast-schema-graph\">{\"@context\":\"https:\/\/schema.org\",\"@graph\":[{\"@type\":\"WebPage\",\"@id\":\"https:\/\/www.euroresidentes.com\/entretenimiento\/frases-citas-imagenes\/soy-del-verbo-contigo\/\",\"url\":\"https:\/\/www.euroresidentes.com\/entretenimiento\/frases-citas-imagenes\/soy-del-verbo-contigo\/\",\"name\":\"\\\"Soy\\\" del verbo \\\"contigo\\\" - Frases y Citas C\u00e9lebres\",\"isPartOf\":{\"@id\":\"https:\/\/www.euroresidentes.com\/entretenimiento\/frases-citas-imagenes\/#website\"},\"primaryImageOfPage\":{\"@id\":\"https:\/\/www.euroresidentes.com\/entretenimiento\/frases-citas-imagenes\/soy-del-verbo-contigo\/#primaryimage\"},\"image\":{\"@id\":\"https:\/\/www.euroresidentes.com\/entretenimiento\/frases-citas-imagenes\/soy-del-verbo-contigo\/#primaryimage\"},\"thumbnailUrl\":\"https:\/\/www.euroresidentes.com\/entretenimiento\/frases-citas-imagenes\/wp-content\/uploads\/sites\/7\/2015\/07\/contigo.png\",\"datePublished\":\"2015-07-23T04:31:00+00:00\",\"dateModified\":\"2016-12-21T09:54:04+00:00\",\"author\":{\"@id\":\"https:\/\/www.euroresidentes.com\/entretenimiento\/frases-citas-imagenes\/#\/schema\/person\/75b9968fce4dfe3dfd085ff123a29453\"},\"breadcrumb\":{\"@id\":\"https:\/\/www.euroresidentes.com\/entretenimiento\/frases-citas-imagenes\/soy-del-verbo-contigo\/#breadcrumb\"},\"inLanguage\":\"es\",\"potentialAction\":[{\"@type\":\"ReadAction\",\"target\":[\"https:\/\/www.euroresidentes.com\/entretenimiento\/frases-citas-imagenes\/soy-del-verbo-contigo\/\"]}]},{\"@type\":\"ImageObject\",\"inLanguage\":\"es\",\"@id\":\"https:\/\/www.euroresidentes.com\/entretenimiento\/frases-citas-imagenes\/soy-del-verbo-contigo\/#primaryimage\",\"url\":\"https:\/\/www.euroresidentes.com\/entretenimiento\/frases-citas-imagenes\/wp-content\/uploads\/sites\/7\/2015\/07\/contigo.png\",\"contentUrl\":\"https:\/\/www.euroresidentes.com\/entretenimiento\/frases-citas-imagenes\/wp-content\/uploads\/sites\/7\/2015\/07\/contigo.png\",\"width\":600,\"height\":450},{\"@type\":\"BreadcrumbList\",\"@id\":\"https:\/\/www.euroresidentes.com\/entretenimiento\/frases-citas-imagenes\/soy-del-verbo-contigo\/#breadcrumb\",\"itemListElement\":[{\"@type\":\"ListItem\",\"position\":1,\"name\":\"Portada\",\"item\":\"https:\/\/www.euroresidentes.com\/entretenimiento\/frases-citas-imagenes\/\"},{\"@type\":\"ListItem\",\"position\":2,\"name\":\"\u00abSoy\u00bb del verbo \u00abcontigo\u00bb\"}]},{\"@type\":\"WebSite\",\"@id\":\"https:\/\/www.euroresidentes.com\/entretenimiento\/frases-citas-imagenes\/#website\",\"url\":\"https:\/\/www.euroresidentes.com\/entretenimiento\/frases-citas-imagenes\/\",\"name\":\"Frases y Citas C\u00e9lebres\",\"description\":\"Frases, citas c\u00e9lebres de autores, refranes, frases de figuras hist\u00f3ricas\",\"potentialAction\":[{\"@type\":\"SearchAction\",\"target\":{\"@type\":\"EntryPoint\",\"urlTemplate\":\"https:\/\/www.euroresidentes.com\/entretenimiento\/frases-citas-imagenes\/?s={search_term_string}\"},\"query-input\":{\"@type\":\"PropertyValueSpecification\",\"valueRequired\":true,\"valueName\":\"search_term_string\"}}],\"inLanguage\":\"es\"},{\"@type\":\"Person\",\"@id\":\"https:\/\/www.euroresidentes.com\/entretenimiento\/frases-citas-imagenes\/#\/schema\/person\/75b9968fce4dfe3dfd085ff123a29453\",\"name\":\"Carolina L\u00f3pez\",\"image\":{\"@type\":\"ImageObject\",\"inLanguage\":\"es\",\"@id\":\"https:\/\/www.euroresidentes.com\/entretenimiento\/frases-citas-imagenes\/#\/schema\/person\/image\/\",\"url\":\"https:\/\/www.euroresidentes.com\/entretenimiento\/frases-citas-imagenes\/wp-content\/uploads\/sites\/7\/2017\/01\/carolina-150x150.png\",\"contentUrl\":\"https:\/\/www.euroresidentes.com\/entretenimiento\/frases-citas-imagenes\/wp-content\/uploads\/sites\/7\/2017\/01\/carolina-150x150.png\",\"caption\":\"Carolina L\u00f3pez\"},\"description\":\"Carolina L\u00f3pez- Soy\u00a0Licenciada en Publicidad y RRPP\u00a0en la Universidad de Alicante, aunque\u00a0mi gran pasi\u00f3n es la moda\u00a0y todo lo que ella conlleva, dise\u00f1o, patronaje, confecci\u00f3n, tendencias, etc....\",\"url\":\"https:\/\/www.euroresidentes.com\/entretenimiento\/frases-citas-imagenes\/author\/carolinalopez\/\"}]}<\/script>\n<!-- \/ Yoast SEO plugin. -->","yoast_head_json":{"title":"\"Soy\" del verbo \"contigo\" - Frases y Citas C\u00e9lebres","robots":{"index":"index","follow":"follow","max-snippet":"max-snippet:-1","max-image-preview":"max-image-preview:large","max-video-preview":"max-video-preview:-1"},"canonical":"https:\/\/www.euroresidentes.com\/entretenimiento\/frases-citas-imagenes\/soy-del-verbo-contigo\/","og_locale":"es_ES","og_type":"article","og_title":"\"Soy\" del verbo \"contigo\" - Frases y Citas C\u00e9lebres","og_description":"Solo quiero vivir contigo.&nbsp; Solo quiero bailar contigo.&nbsp; Solo quiero estar contigo.&nbsp; Y quiero ser lo que nunca he sido. Solo quiero so\u00f1ar contigo.&nbsp; Solo voy a cantar contigo.&nbsp; Lo voy a hacer todo contigo","og_url":"https:\/\/www.euroresidentes.com\/entretenimiento\/frases-citas-imagenes\/soy-del-verbo-contigo\/","og_site_name":"Frases y Citas C\u00e9lebres","article_publisher":"https:\/\/www.facebook.com\/frases.euroresidentes\/","article_published_time":"2015-07-23T04:31:00+00:00","article_modified_time":"2016-12-21T09:54:04+00:00","og_image":[{"width":600,"height":450,"url":"https:\/\/www.euroresidentes.com\/entretenimiento\/frases-citas-imagenes\/wp-content\/uploads\/sites\/7\/2015\/07\/contigo.png","type":"image\/png"}],"author":"Carolina L\u00f3pez","twitter_card":"summary_large_image","twitter_misc":{"Written by":"Carolina L\u00f3pez"},"schema":{"@context":"https:\/\/schema.org","@graph":[{"@type":"WebPage","@id":"https:\/\/www.euroresidentes.com\/entretenimiento\/frases-citas-imagenes\/soy-del-verbo-contigo\/","url":"https:\/\/www.euroresidentes.com\/entretenimiento\/frases-citas-imagenes\/soy-del-verbo-contigo\/","name":"\"Soy\" del verbo \"contigo\" - Frases y Citas C\u00e9lebres","isPartOf":{"@id":"https:\/\/www.euroresidentes.com\/entretenimiento\/frases-citas-imagenes\/#website"},"primaryImageOfPage":{"@id":"https:\/\/www.euroresidentes.com\/entretenimiento\/frases-citas-imagenes\/soy-del-verbo-contigo\/#primaryimage"},"image":{"@id":"https:\/\/www.euroresidentes.com\/entretenimiento\/frases-citas-imagenes\/soy-del-verbo-contigo\/#primaryimage"},"thumbnailUrl":"https:\/\/www.euroresidentes.com\/entretenimiento\/frases-citas-imagenes\/wp-content\/uploads\/sites\/7\/2015\/07\/contigo.png","datePublished":"2015-07-23T04:31:00+00:00","dateModified":"2016-12-21T09:54:04+00:00","author":{"@id":"https:\/\/www.euroresidentes.com\/entretenimiento\/frases-citas-imagenes\/#\/schema\/person\/75b9968fce4dfe3dfd085ff123a29453"},"breadcrumb":{"@id":"https:\/\/www.euroresidentes.com\/entretenimiento\/frases-citas-imagenes\/soy-del-verbo-contigo\/#breadcrumb"},"inLanguage":"es","potentialAction":[{"@type":"ReadAction","target":["https:\/\/www.euroresidentes.com\/entretenimiento\/frases-citas-imagenes\/soy-del-verbo-contigo\/"]}]},{"@type":"ImageObject","inLanguage":"es","@id":"https:\/\/www.euroresidentes.com\/entretenimiento\/frases-citas-imagenes\/soy-del-verbo-contigo\/#primaryimage","url":"https:\/\/www.euroresidentes.com\/entretenimiento\/frases-citas-imagenes\/wp-content\/uploads\/sites\/7\/2015\/07\/contigo.png","contentUrl":"https:\/\/www.euroresidentes.com\/entretenimiento\/frases-citas-imagenes\/wp-content\/uploads\/sites\/7\/2015\/07\/contigo.png","width":600,"height":450},{"@type":"BreadcrumbList","@id":"https:\/\/www.euroresidentes.com\/entretenimiento\/frases-citas-imagenes\/soy-del-verbo-contigo\/#breadcrumb","itemListElement":[{"@type":"ListItem","position":1,"name":"Portada","item":"https:\/\/www.euroresidentes.com\/entretenimiento\/frases-citas-imagenes\/"},{"@type":"ListItem","position":2,"name":"\u00abSoy\u00bb del verbo \u00abcontigo\u00bb"}]},{"@type":"WebSite","@id":"https:\/\/www.euroresidentes.com\/entretenimiento\/frases-citas-imagenes\/#website","url":"https:\/\/www.euroresidentes.com\/entretenimiento\/frases-citas-imagenes\/","name":"Frases y Citas C\u00e9lebres","description":"Frases, citas c\u00e9lebres de autores, refranes, frases de figuras hist\u00f3ricas","potentialAction":[{"@type":"SearchAction","target":{"@type":"EntryPoint","urlTemplate":"https:\/\/www.euroresidentes.com\/entretenimiento\/frases-citas-imagenes\/?s={search_term_string}"},"query-input":{"@type":"PropertyValueSpecification","valueRequired":true,"valueName":"search_term_string"}}],"inLanguage":"es"},{"@type":"Person","@id":"https:\/\/www.euroresidentes.com\/entretenimiento\/frases-citas-imagenes\/#\/schema\/person\/75b9968fce4dfe3dfd085ff123a29453","name":"Carolina L\u00f3pez","image":{"@type":"ImageObject","inLanguage":"es","@id":"https:\/\/www.euroresidentes.com\/entretenimiento\/frases-citas-imagenes\/#\/schema\/person\/image\/","url":"https:\/\/www.euroresidentes.com\/entretenimiento\/frases-citas-imagenes\/wp-content\/uploads\/sites\/7\/2017\/01\/carolina-150x150.png","contentUrl":"https:\/\/www.euroresidentes.com\/entretenimiento\/frases-citas-imagenes\/wp-content\/uploads\/sites\/7\/2017\/01\/carolina-150x150.png","caption":"Carolina L\u00f3pez"},"description":"Carolina L\u00f3pez- Soy\u00a0Licenciada en Publicidad y RRPP\u00a0en la Universidad de Alicante, aunque\u00a0mi gran pasi\u00f3n es la moda\u00a0y todo lo que ella conlleva, dise\u00f1o, patronaje, confecci\u00f3n, tendencias, etc....","url":"https:\/\/www.euroresidentes.com\/entretenimiento\/frases-citas-imagenes\/author\/carolinalopez\/"}]}},"_links":{"self":[{"href":"https:\/\/www.euroresidentes.com\/entretenimiento\/frases-citas-imagenes\/wp-json\/wp\/v2\/posts\/6446","targetHints":{"allow":["GET"]}}],"collection":[{"href":"https:\/\/www.euroresidentes.com\/entretenimiento\/frases-citas-imagenes\/wp-json\/wp\/v2\/posts"}],"about":[{"href":"https:\/\/www.euroresidentes.com\/entretenimiento\/frases-citas-imagenes\/wp-json\/wp\/v2\/types\/post"}],"author":[{"embeddable":true,"href":"https:\/\/www.euroresidentes.com\/entretenimiento\/frases-citas-imagenes\/wp-json\/wp\/v2\/users\/11"}],"replies":[{"embeddable":true,"href":"https:\/\/www.euroresidentes.com\/entretenimiento\/frases-citas-imagenes\/wp-json\/wp\/v2\/comments?post=6446"}],"version-history":[{"count":1,"href":"https:\/\/www.euroresidentes.com\/entretenimiento\/frases-citas-imagenes\/wp-json\/wp\/v2\/posts\/6446\/revisions"}],"predecessor-version":[{"id":6633,"href":"https:\/\/www.euroresidentes.com\/entretenimiento\/frases-citas-imagenes\/wp-json\/wp\/v2\/posts\/6446\/revisions\/6633"}],"wp:featuredmedia":[{"embeddable":true,"href":"https:\/\/www.euroresidentes.com\/entretenimiento\/frases-citas-imagenes\/wp-json\/wp\/v2\/media\/6632"}],"wp:attachment":[{"href":"https:\/\/www.euroresidentes.com\/entretenimiento\/frases-citas-imagenes\/wp-json\/wp\/v2\/media?parent=6446"}],"wp:term":[{"taxonomy":"category","embeddable":true,"href":"https:\/\/www.euroresidentes.com\/entretenimiento\/frases-citas-imagenes\/wp-json\/wp\/v2\/categories?post=6446"},{"taxonomy":"post_tag","embeddable":true,"href":"https:\/\/www.euroresidentes.com\/entretenimiento\/frases-citas-imagenes\/wp-json\/wp\/v2\/tags?post=6446"}],"curies":[{"name":"wp","href":"https:\/\/api.w.org\/{rel}","templated":true}]}}