{"id":3549,"date":"2018-07-17T11:56:00","date_gmt":"2018-07-17T09:56:00","guid":{"rendered":"https:\/\/www.euroresidentes.com\/entretenimiento\/frases-citas-imagenes\/15-inolvidables-citas-celebres"},"modified":"2018-07-18T11:14:03","modified_gmt":"2018-07-18T09:14:03","slug":"15-inolvidables-citas-celebres","status":"publish","type":"post","link":"https:\/\/www.euroresidentes.com\/entretenimiento\/frases-citas-imagenes\/15-inolvidables-citas-celebres\/","title":{"rendered":"15 inolvidables citas c\u00e9lebres de Nelson Mandela"},"content":{"rendered":"<p>Para <strong>un hombre que se gan\u00f3 el respeto de el mundo entero<\/strong>, con su ejemplo, que fue durante su vida su mejor arma y testimonio. Mandela nos dej\u00f3 en 2013 a la edad de 95 a\u00f1os, pero vivi\u00f3 una larga\u00a0vida llena de ideales y coraz\u00f3n. Como homenaje al centenario del nacimiento de\u00a0<strong>Nelson Mandela<\/strong>, reunimos unas de sus mejores citas. Nos despedimos de su cuerpo, pero no de su esp\u00edritu y legado, por eso ser\u00e1 recordado cada 18 de Julio, d\u00eda de su nacimiento.<\/p>\n<h2 style=\"text-align: center\"><strong>18 Julio D\u00eda Internacional de Nelson Mandela<\/strong><\/h2>\n<p style=\"text-align: center\"><img loading=\"lazy\" decoding=\"async\" class=\"aligncenter size-full wp-image-7477\" src=\"https:\/\/www.euroresidentes.com\/entretenimiento\/frases-citas-imagenes\/wp-content\/uploads\/sites\/7\/2016\/07\/dia-internacional-nelson-mandela.jpg\" alt=\"D\u00eda Internacional de Nelson Mandela\" width=\"700\" height=\"484\" srcset=\"https:\/\/www.euroresidentes.com\/entretenimiento\/frases-citas-imagenes\/wp-content\/uploads\/sites\/7\/2016\/07\/dia-internacional-nelson-mandela.jpg 700w, https:\/\/www.euroresidentes.com\/entretenimiento\/frases-citas-imagenes\/wp-content\/uploads\/sites\/7\/2016\/07\/dia-internacional-nelson-mandela-300x207.jpg 300w\" sizes=\"auto, (max-width: 700px) 100vw, 700px\" \/><\/p>\n<h3><b>15 de las m\u00e1s importantes y conocidas citas de Nelson Mandela:<\/b><\/h3>\n<ul>\n<li>\u00a1Viva la libertad! El sol nunca ha iluminado un logro humano m\u00e1s glorioso!<\/li>\n<li>Cuando el agua ha empezado a hervir, apagar el fuego ya no sirve de nada.<\/li>\n<li>La muerte es algo inevitable. Cuando un hombre ha hecho lo que \u00e9l considera como su deber para con su pueblo y su pa\u00eds, puede descansar en paz. Creo que he hecho ese esfuerzo y que, por lo tanto, dormir\u00e9 por toda la eternidad.<\/li>\n<li>Mi ideal m\u00e1s querido es el de una sociedad libre y democr\u00e1tica en la que todos podamos vivir en armon\u00eda y con iguales posibilidades.<\/li>\n<li>Ma\u00f1ana muchos maldecir\u00e1n mi nombre.<\/li>\n<li>Despu\u00e9s de escalar una monta\u00f1a muy alta, descubrimos que hay muchas otras monta\u00f1as por escalar.<\/li>\n<li>Nadie nace odiando a otra persona por el color de su piel, o su origen, o su religi\u00f3n.<\/li>\n<li>No soy un santo. A menos que para ti un santo sea un pecador que simplemente sigue esforz\u00e1ndose.<\/li>\n<li>Derribar y destruir es muy f\u00e1cil. Los h\u00e9roes son aquellos que construyen y que trabajan por la paz.<\/li>\n<li>No hay nada como volver a un lugar que permanece sin cambios para descubrir c\u00f3mo has cambiado t\u00fa.<\/li>\n<li>Si quieres hacer la paz con tu enemigo tienes que trabajar con \u00e9l. Entonces se convierte en tu compa\u00f1ero.<\/li>\n<li>Nunca me he preocupado demasiado por los premios individuales. Un hombre no se convierte en un luchador por la libertad con la esperanza de ganar premios.<\/li>\n<li>Todo parece imposible hasta que se hace.<\/li>\n<li>Si yo tuviera el tiempo en mis manos har\u00eda lo mismo otra vez. Lo mismo que har\u00eda cualquier hombre que se atreva a llamarse a s\u00ed mismo un hombre.<\/li>\n<li>Ser libre no es solamente desamarrarse las propias cadenas, sino vivir en una forma que respete y mejore la libertad de los dem\u00e1s.<\/li>\n<\/ul>\n<p style=\"text-align: center\"><img loading=\"lazy\" decoding=\"async\" class=\"aligncenter size-full wp-image-7482\" src=\"https:\/\/www.euroresidentes.com\/entretenimiento\/frases-citas-imagenes\/wp-content\/uploads\/sites\/7\/2013\/12\/vida-nelson-mandela.jpg\" alt=\"Vida de Nelson Mandela\" width=\"700\" height=\"525\" srcset=\"https:\/\/www.euroresidentes.com\/entretenimiento\/frases-citas-imagenes\/wp-content\/uploads\/sites\/7\/2013\/12\/vida-nelson-mandela.jpg 700w, https:\/\/www.euroresidentes.com\/entretenimiento\/frases-citas-imagenes\/wp-content\/uploads\/sites\/7\/2013\/12\/vida-nelson-mandela-300x225.jpg 300w\" sizes=\"auto, (max-width: 700px) 100vw, 700px\" \/><\/p>\n<p><b>Sigue leyendo&#8230;<\/b><\/p>\n<ul>\n<li><a href=\"http:\/\/citas-celebres.euroresidentes.com\/2012\/07\/citas-celebres-de-nelson-mandela.html\">Citas c\u00e9lebres de Nelson Mandela<\/a><\/li>\n<li><a href=\"http:\/\/frases-citas.euroresidentes.com\/2012\/01\/frases-de-libertad.html\" rel=\"nofollow\">Frases de Libertad<\/a><\/li>\n<li><a href=\"http:\/\/frases-citas.euroresidentes.com\/2011\/02\/frases-de-igualdad.html\" rel=\"nofollow\">Frases de Igualdad<\/a><\/li>\n<\/ul>\n<p><b>Recuerda compartir con nosotros tus citas favoritas, puedes hacerlo a trav\u00e9s de los comentarios.<\/b><\/p>\n","protected":false},"excerpt":{"rendered":"<p>Para un hombre que se gan\u00f3 el respeto de el mundo entero, con su ejemplo, que fue durante su vida su mejor arma y testimonio. Mandela nos dej\u00f3 en 2013 a la edad de 95 a\u00f1os, pero vivi\u00f3 una larga\u00a0vida llena de ideales y coraz\u00f3n. Como homenaje al centenario del nacimiento de\u00a0Nelson Mandela, reunimos unas de sus mejores citas. Nos despedimos de su cuerpo, pero no de su esp\u00edritu y legado, por eso ser\u00e1 recordado cada 18 de Julio, d\u00eda de su nacimiento. 18 Julio D\u00eda Internacional de Nelson Mandela 15 de las m\u00e1s importantes y conocidas citas de Nelson <\/p>\n","protected":false},"author":5,"featured_media":7477,"comment_status":"open","ping_status":"open","sticky":false,"template":"","format":"standard","meta":{"footnotes":""},"categories":[176],"tags":[120,222],"class_list":["post-3549","post","type-post","status-publish","format-standard","has-post-thumbnail","hentry","category-citas-celebres","tag-escritores","tag-politicos","has_thumb"],"yoast_head":"<!-- This site is optimized with the Yoast SEO plugin v24.1 - https:\/\/yoast.com\/wordpress\/plugins\/seo\/ -->\n<title>15 inolvidables citas c\u00e9lebres de Nelson Mandela - Frases y Citas C\u00e9lebres<\/title>\n<meta name=\"description\" content=\"Para un hombre que se gan\u00f3 el respeto de el mundo entero, con su ejemplo, que fue durante su vida su mejor arma y testimonio. 18 Julio su D\u00eda Internacional .\" \/>\n<meta name=\"robots\" content=\"index, follow, max-snippet:-1, max-image-preview:large, max-video-preview:-1\" \/>\n<link rel=\"canonical\" href=\"https:\/\/www.euroresidentes.com\/entretenimiento\/frases-citas-imagenes\/15-inolvidables-citas-celebres\/\" \/>\n<meta property=\"og:locale\" content=\"es_ES\" \/>\n<meta property=\"og:type\" content=\"article\" \/>\n<meta property=\"og:title\" content=\"15 inolvidables citas c\u00e9lebres de Nelson Mandela - Frases y Citas C\u00e9lebres\" \/>\n<meta property=\"og:description\" content=\"Para un hombre que se gan\u00f3 el respeto de el mundo entero, con su ejemplo, que fue durante su vida su mejor arma y testimonio. 18 Julio su D\u00eda Internacional .\" \/>\n<meta property=\"og:url\" content=\"https:\/\/www.euroresidentes.com\/entretenimiento\/frases-citas-imagenes\/15-inolvidables-citas-celebres\/\" \/>\n<meta property=\"og:site_name\" content=\"Frases y Citas C\u00e9lebres\" \/>\n<meta property=\"article:publisher\" content=\"https:\/\/www.facebook.com\/frases.euroresidentes\/\" \/>\n<meta property=\"article:published_time\" content=\"2018-07-17T09:56:00+00:00\" \/>\n<meta property=\"article:modified_time\" content=\"2018-07-18T09:14:03+00:00\" \/>\n<meta property=\"og:image\" content=\"https:\/\/www.euroresidentes.com\/entretenimiento\/frases-citas-imagenes\/wp-content\/uploads\/sites\/7\/2016\/07\/dia-internacional-nelson-mandela.jpg\" \/>\n\t<meta property=\"og:image:width\" content=\"700\" \/>\n\t<meta property=\"og:image:height\" content=\"484\" \/>\n\t<meta property=\"og:image:type\" content=\"image\/jpeg\" \/>\n<meta name=\"author\" content=\"Maril\u00fa Hern\u00e1ndez\" \/>\n<meta name=\"twitter:card\" content=\"summary_large_image\" \/>\n<meta name=\"twitter:label1\" content=\"Written by\" \/>\n\t<meta name=\"twitter:data1\" content=\"Maril\u00fa Hern\u00e1ndez\" \/>\n\t<meta name=\"twitter:label2\" content=\"Est. reading time\" \/>\n\t<meta name=\"twitter:data2\" content=\"2 minutos\" \/>\n<script type=\"application\/ld+json\" class=\"yoast-schema-graph\">{\"@context\":\"https:\/\/schema.org\",\"@graph\":[{\"@type\":\"WebPage\",\"@id\":\"https:\/\/www.euroresidentes.com\/entretenimiento\/frases-citas-imagenes\/15-inolvidables-citas-celebres\/\",\"url\":\"https:\/\/www.euroresidentes.com\/entretenimiento\/frases-citas-imagenes\/15-inolvidables-citas-celebres\/\",\"name\":\"15 inolvidables citas c\u00e9lebres de Nelson Mandela - Frases y Citas C\u00e9lebres\",\"isPartOf\":{\"@id\":\"https:\/\/www.euroresidentes.com\/entretenimiento\/frases-citas-imagenes\/#website\"},\"primaryImageOfPage\":{\"@id\":\"https:\/\/www.euroresidentes.com\/entretenimiento\/frases-citas-imagenes\/15-inolvidables-citas-celebres\/#primaryimage\"},\"image\":{\"@id\":\"https:\/\/www.euroresidentes.com\/entretenimiento\/frases-citas-imagenes\/15-inolvidables-citas-celebres\/#primaryimage\"},\"thumbnailUrl\":\"https:\/\/www.euroresidentes.com\/entretenimiento\/frases-citas-imagenes\/wp-content\/uploads\/sites\/7\/2016\/07\/dia-internacional-nelson-mandela.jpg\",\"datePublished\":\"2018-07-17T09:56:00+00:00\",\"dateModified\":\"2018-07-18T09:14:03+00:00\",\"author\":{\"@id\":\"https:\/\/www.euroresidentes.com\/entretenimiento\/frases-citas-imagenes\/#\/schema\/person\/1d462109dd66b3c11cebec62193acfaa\"},\"description\":\"Para un hombre que se gan\u00f3 el respeto de el mundo entero, con su ejemplo, que fue durante su vida su mejor arma y testimonio. 18 Julio su D\u00eda Internacional .\",\"breadcrumb\":{\"@id\":\"https:\/\/www.euroresidentes.com\/entretenimiento\/frases-citas-imagenes\/15-inolvidables-citas-celebres\/#breadcrumb\"},\"inLanguage\":\"es\",\"potentialAction\":[{\"@type\":\"ReadAction\",\"target\":[\"https:\/\/www.euroresidentes.com\/entretenimiento\/frases-citas-imagenes\/15-inolvidables-citas-celebres\/\"]}]},{\"@type\":\"ImageObject\",\"inLanguage\":\"es\",\"@id\":\"https:\/\/www.euroresidentes.com\/entretenimiento\/frases-citas-imagenes\/15-inolvidables-citas-celebres\/#primaryimage\",\"url\":\"https:\/\/www.euroresidentes.com\/entretenimiento\/frases-citas-imagenes\/wp-content\/uploads\/sites\/7\/2016\/07\/dia-internacional-nelson-mandela.jpg\",\"contentUrl\":\"https:\/\/www.euroresidentes.com\/entretenimiento\/frases-citas-imagenes\/wp-content\/uploads\/sites\/7\/2016\/07\/dia-internacional-nelson-mandela.jpg\",\"width\":700,\"height\":484,\"caption\":\"D\u00eda Internacional de Nelson Mandela\"},{\"@type\":\"BreadcrumbList\",\"@id\":\"https:\/\/www.euroresidentes.com\/entretenimiento\/frases-citas-imagenes\/15-inolvidables-citas-celebres\/#breadcrumb\",\"itemListElement\":[{\"@type\":\"ListItem\",\"position\":1,\"name\":\"Portada\",\"item\":\"https:\/\/www.euroresidentes.com\/entretenimiento\/frases-citas-imagenes\/\"},{\"@type\":\"ListItem\",\"position\":2,\"name\":\"15 inolvidables citas c\u00e9lebres de Nelson Mandela\"}]},{\"@type\":\"WebSite\",\"@id\":\"https:\/\/www.euroresidentes.com\/entretenimiento\/frases-citas-imagenes\/#website\",\"url\":\"https:\/\/www.euroresidentes.com\/entretenimiento\/frases-citas-imagenes\/\",\"name\":\"Frases y Citas C\u00e9lebres\",\"description\":\"Frases, citas c\u00e9lebres de autores, refranes, frases de figuras hist\u00f3ricas\",\"potentialAction\":[{\"@type\":\"SearchAction\",\"target\":{\"@type\":\"EntryPoint\",\"urlTemplate\":\"https:\/\/www.euroresidentes.com\/entretenimiento\/frases-citas-imagenes\/?s={search_term_string}\"},\"query-input\":{\"@type\":\"PropertyValueSpecification\",\"valueRequired\":true,\"valueName\":\"search_term_string\"}}],\"inLanguage\":\"es\"},{\"@type\":\"Person\",\"@id\":\"https:\/\/www.euroresidentes.com\/entretenimiento\/frases-citas-imagenes\/#\/schema\/person\/1d462109dd66b3c11cebec62193acfaa\",\"name\":\"Maril\u00fa Hern\u00e1ndez\",\"image\":{\"@type\":\"ImageObject\",\"inLanguage\":\"es\",\"@id\":\"https:\/\/www.euroresidentes.com\/entretenimiento\/frases-citas-imagenes\/#\/schema\/person\/image\/\",\"url\":\"https:\/\/www.euroresidentes.com\/entretenimiento\/frases-citas-imagenes\/wp-content\/uploads\/sites\/7\/2016\/08\/marilu-autor-2016-150x150.png\",\"contentUrl\":\"https:\/\/www.euroresidentes.com\/entretenimiento\/frases-citas-imagenes\/wp-content\/uploads\/sites\/7\/2016\/08\/marilu-autor-2016-150x150.png\",\"caption\":\"Maril\u00fa Hern\u00e1ndez\"},\"description\":\"Maril\u00fa Hern\u00e1ndez- Apasionada de los libros, citas c\u00e9lebres, refranes y todo lo que a letras se refiera, cin\u00e9fila en mis ratos libres y amante de los postres.\",\"url\":\"https:\/\/www.euroresidentes.com\/entretenimiento\/frases-citas-imagenes\/author\/marilu\/\"}]}<\/script>\n<!-- \/ Yoast SEO plugin. -->","yoast_head_json":{"title":"15 inolvidables citas c\u00e9lebres de Nelson Mandela - Frases y Citas C\u00e9lebres","description":"Para un hombre que se gan\u00f3 el respeto de el mundo entero, con su ejemplo, que fue durante su vida su mejor arma y testimonio. 18 Julio su D\u00eda Internacional .","robots":{"index":"index","follow":"follow","max-snippet":"max-snippet:-1","max-image-preview":"max-image-preview:large","max-video-preview":"max-video-preview:-1"},"canonical":"https:\/\/www.euroresidentes.com\/entretenimiento\/frases-citas-imagenes\/15-inolvidables-citas-celebres\/","og_locale":"es_ES","og_type":"article","og_title":"15 inolvidables citas c\u00e9lebres de Nelson Mandela - Frases y Citas C\u00e9lebres","og_description":"Para un hombre que se gan\u00f3 el respeto de el mundo entero, con su ejemplo, que fue durante su vida su mejor arma y testimonio. 18 Julio su D\u00eda Internacional .","og_url":"https:\/\/www.euroresidentes.com\/entretenimiento\/frases-citas-imagenes\/15-inolvidables-citas-celebres\/","og_site_name":"Frases y Citas C\u00e9lebres","article_publisher":"https:\/\/www.facebook.com\/frases.euroresidentes\/","article_published_time":"2018-07-17T09:56:00+00:00","article_modified_time":"2018-07-18T09:14:03+00:00","og_image":[{"width":700,"height":484,"url":"https:\/\/www.euroresidentes.com\/entretenimiento\/frases-citas-imagenes\/wp-content\/uploads\/sites\/7\/2016\/07\/dia-internacional-nelson-mandela.jpg","type":"image\/jpeg"}],"author":"Maril\u00fa Hern\u00e1ndez","twitter_card":"summary_large_image","twitter_misc":{"Written by":"Maril\u00fa Hern\u00e1ndez","Est. reading time":"2 minutos"},"schema":{"@context":"https:\/\/schema.org","@graph":[{"@type":"WebPage","@id":"https:\/\/www.euroresidentes.com\/entretenimiento\/frases-citas-imagenes\/15-inolvidables-citas-celebres\/","url":"https:\/\/www.euroresidentes.com\/entretenimiento\/frases-citas-imagenes\/15-inolvidables-citas-celebres\/","name":"15 inolvidables citas c\u00e9lebres de Nelson Mandela - Frases y Citas C\u00e9lebres","isPartOf":{"@id":"https:\/\/www.euroresidentes.com\/entretenimiento\/frases-citas-imagenes\/#website"},"primaryImageOfPage":{"@id":"https:\/\/www.euroresidentes.com\/entretenimiento\/frases-citas-imagenes\/15-inolvidables-citas-celebres\/#primaryimage"},"image":{"@id":"https:\/\/www.euroresidentes.com\/entretenimiento\/frases-citas-imagenes\/15-inolvidables-citas-celebres\/#primaryimage"},"thumbnailUrl":"https:\/\/www.euroresidentes.com\/entretenimiento\/frases-citas-imagenes\/wp-content\/uploads\/sites\/7\/2016\/07\/dia-internacional-nelson-mandela.jpg","datePublished":"2018-07-17T09:56:00+00:00","dateModified":"2018-07-18T09:14:03+00:00","author":{"@id":"https:\/\/www.euroresidentes.com\/entretenimiento\/frases-citas-imagenes\/#\/schema\/person\/1d462109dd66b3c11cebec62193acfaa"},"description":"Para un hombre que se gan\u00f3 el respeto de el mundo entero, con su ejemplo, que fue durante su vida su mejor arma y testimonio. 18 Julio su D\u00eda Internacional .","breadcrumb":{"@id":"https:\/\/www.euroresidentes.com\/entretenimiento\/frases-citas-imagenes\/15-inolvidables-citas-celebres\/#breadcrumb"},"inLanguage":"es","potentialAction":[{"@type":"ReadAction","target":["https:\/\/www.euroresidentes.com\/entretenimiento\/frases-citas-imagenes\/15-inolvidables-citas-celebres\/"]}]},{"@type":"ImageObject","inLanguage":"es","@id":"https:\/\/www.euroresidentes.com\/entretenimiento\/frases-citas-imagenes\/15-inolvidables-citas-celebres\/#primaryimage","url":"https:\/\/www.euroresidentes.com\/entretenimiento\/frases-citas-imagenes\/wp-content\/uploads\/sites\/7\/2016\/07\/dia-internacional-nelson-mandela.jpg","contentUrl":"https:\/\/www.euroresidentes.com\/entretenimiento\/frases-citas-imagenes\/wp-content\/uploads\/sites\/7\/2016\/07\/dia-internacional-nelson-mandela.jpg","width":700,"height":484,"caption":"D\u00eda Internacional de Nelson Mandela"},{"@type":"BreadcrumbList","@id":"https:\/\/www.euroresidentes.com\/entretenimiento\/frases-citas-imagenes\/15-inolvidables-citas-celebres\/#breadcrumb","itemListElement":[{"@type":"ListItem","position":1,"name":"Portada","item":"https:\/\/www.euroresidentes.com\/entretenimiento\/frases-citas-imagenes\/"},{"@type":"ListItem","position":2,"name":"15 inolvidables citas c\u00e9lebres de Nelson Mandela"}]},{"@type":"WebSite","@id":"https:\/\/www.euroresidentes.com\/entretenimiento\/frases-citas-imagenes\/#website","url":"https:\/\/www.euroresidentes.com\/entretenimiento\/frases-citas-imagenes\/","name":"Frases y Citas C\u00e9lebres","description":"Frases, citas c\u00e9lebres de autores, refranes, frases de figuras hist\u00f3ricas","potentialAction":[{"@type":"SearchAction","target":{"@type":"EntryPoint","urlTemplate":"https:\/\/www.euroresidentes.com\/entretenimiento\/frases-citas-imagenes\/?s={search_term_string}"},"query-input":{"@type":"PropertyValueSpecification","valueRequired":true,"valueName":"search_term_string"}}],"inLanguage":"es"},{"@type":"Person","@id":"https:\/\/www.euroresidentes.com\/entretenimiento\/frases-citas-imagenes\/#\/schema\/person\/1d462109dd66b3c11cebec62193acfaa","name":"Maril\u00fa Hern\u00e1ndez","image":{"@type":"ImageObject","inLanguage":"es","@id":"https:\/\/www.euroresidentes.com\/entretenimiento\/frases-citas-imagenes\/#\/schema\/person\/image\/","url":"https:\/\/www.euroresidentes.com\/entretenimiento\/frases-citas-imagenes\/wp-content\/uploads\/sites\/7\/2016\/08\/marilu-autor-2016-150x150.png","contentUrl":"https:\/\/www.euroresidentes.com\/entretenimiento\/frases-citas-imagenes\/wp-content\/uploads\/sites\/7\/2016\/08\/marilu-autor-2016-150x150.png","caption":"Maril\u00fa Hern\u00e1ndez"},"description":"Maril\u00fa Hern\u00e1ndez- Apasionada de los libros, citas c\u00e9lebres, refranes y todo lo que a letras se refiera, cin\u00e9fila en mis ratos libres y amante de los postres.","url":"https:\/\/www.euroresidentes.com\/entretenimiento\/frases-citas-imagenes\/author\/marilu\/"}]}},"_links":{"self":[{"href":"https:\/\/www.euroresidentes.com\/entretenimiento\/frases-citas-imagenes\/wp-json\/wp\/v2\/posts\/3549","targetHints":{"allow":["GET"]}}],"collection":[{"href":"https:\/\/www.euroresidentes.com\/entretenimiento\/frases-citas-imagenes\/wp-json\/wp\/v2\/posts"}],"about":[{"href":"https:\/\/www.euroresidentes.com\/entretenimiento\/frases-citas-imagenes\/wp-json\/wp\/v2\/types\/post"}],"author":[{"embeddable":true,"href":"https:\/\/www.euroresidentes.com\/entretenimiento\/frases-citas-imagenes\/wp-json\/wp\/v2\/users\/5"}],"replies":[{"embeddable":true,"href":"https:\/\/www.euroresidentes.com\/entretenimiento\/frases-citas-imagenes\/wp-json\/wp\/v2\/comments?post=3549"}],"version-history":[{"count":5,"href":"https:\/\/www.euroresidentes.com\/entretenimiento\/frases-citas-imagenes\/wp-json\/wp\/v2\/posts\/3549\/revisions"}],"predecessor-version":[{"id":8524,"href":"https:\/\/www.euroresidentes.com\/entretenimiento\/frases-citas-imagenes\/wp-json\/wp\/v2\/posts\/3549\/revisions\/8524"}],"wp:featuredmedia":[{"embeddable":true,"href":"https:\/\/www.euroresidentes.com\/entretenimiento\/frases-citas-imagenes\/wp-json\/wp\/v2\/media\/7477"}],"wp:attachment":[{"href":"https:\/\/www.euroresidentes.com\/entretenimiento\/frases-citas-imagenes\/wp-json\/wp\/v2\/media?parent=3549"}],"wp:term":[{"taxonomy":"category","embeddable":true,"href":"https:\/\/www.euroresidentes.com\/entretenimiento\/frases-citas-imagenes\/wp-json\/wp\/v2\/categories?post=3549"},{"taxonomy":"post_tag","embeddable":true,"href":"https:\/\/www.euroresidentes.com\/entretenimiento\/frases-citas-imagenes\/wp-json\/wp\/v2\/tags?post=3549"}],"curies":[{"name":"wp","href":"https:\/\/api.w.org\/{rel}","templated":true}]}}