{"id":3534,"date":"2014-03-24T12:49:00","date_gmt":"2014-03-24T11:49:00","guid":{"rendered":"https:\/\/www.euroresidentes.com\/entretenimiento\/frases-citas-imagenes\/8-citas-celebres-homenaje-de-adolfo"},"modified":"2018-03-06T12:24:29","modified_gmt":"2018-03-06T11:24:29","slug":"8-citas-celebres-homenaje-de-adolfo","status":"publish","type":"post","link":"https:\/\/www.euroresidentes.com\/entretenimiento\/frases-citas-imagenes\/8-citas-celebres-homenaje-de-adolfo\/","title":{"rendered":"8 citas c\u00e9lebres homenaje a Adolfo Suarez"},"content":{"rendered":"<p><a href=\"http:\/\/www.testimoniosparalahistoria.com\/wp-content\/uploads\/2011\/03\/121-210x300.jpg\" imageanchor=\"1\" style=\"clear: right; float: right; margin-bottom: 1em; margin-left: 1em;\"><img loading=\"lazy\" decoding=\"async\" border=\"0\" src=\"http:\/\/www.testimoniosparalahistoria.com\/wp-content\/uploads\/2011\/03\/121-210x300.jpg\" height=\"320\" width=\"224\" \/><\/a>Como todos sabemos, el pasado domingo 24 de marzo falleci\u00f3 quien fuera el primer presidente de la democracia en Espa\u00f1a, hoy un homenaje a esta figura que se gan\u00f3 un lugar en la historia.<\/p>\n<p><b>8 citas c\u00e9lebres en memoria de Adolfo Su\u00e1rez<\/b>:<\/p>\n<ul>\n<li>La pol\u00edtica constituye para m\u00ed un oficio, una profesi\u00f3n, una vocaci\u00f3n y un deporte.<\/li>\n<li>La vida siempre te da dos opciones: la c\u00f3moda y la dif\u00edcil. Cuando dudes elige siempre la dif\u00edcil, porque as\u00ed siempre estar\u00e1s seguro de que no ha sido la comodidad la que ha elegido por ti.<\/li>\n<li>Hay algo que ni siquiera Dios pudo negar a los hombres: la libertad.<\/li>\n<li>La Constituci\u00f3n no resolver\u00e1 todos nuestros problemas, pero todos seremos protagonistas de nuestra historia.<\/li>\n<li>El futuro no est\u00e1 escrito, porque s\u00f3lo el pueblo puede escribirlo.<\/li>\n<li>El periodo de transici\u00f3n pol\u00edtica ha terminado. En apenas dos a\u00f1os, los espa\u00f1oles hemos transformado, desde la legalidad, un sistema autoritario de gobierno en una democracia pluralista.<\/li>\n<li>La democracia en Espa\u00f1a es absolutamente irreversible.<\/li>\n<li>Un pol\u00edtico no puede ser un hombre fr\u00edo. Su primera obligaci\u00f3n es no convertirse en un aut\u00f3mata. Tiene que recordar que cada una de sus decisiones afecta a seres humanos. A unos beneficia y a otros perjudica. Y debe recordar siempre a los perjudicados.<\/li>\n<\/ul>\n<p>\n<b>Enlaces relacionados<\/b><\/p>\n<ul>\n<li><a href=\"http:\/\/frases-citas.euroresidentes.com\/2012\/02\/frases-de-politica.html\" rel=\"nofollow\" target=\"_blank\">Frases de pol\u00edtica<\/a><\/li>\n<li><a href=\"http:\/\/frases-citas.euroresidentes.com\/2012\/01\/frases-de-libertad.html\" rel=\"nofollow\" target=\"_blank\">Frases de libertad<\/a><\/li>\n<li><a href=\"http:\/\/frases-citas.euroresidentes.com\/2011\/02\/frases-de-igualdad.html\" rel=\"nofollow\" target=\"_blank\">Frases de igualdad<\/a><\/li>\n<\/ul>\n<p>\n<b>Comparte tus citas favoritas de Adolfo Su\u00e1rez con nosotros en los comentarios<\/b><\/p>\n","protected":false},"excerpt":{"rendered":"<p>Como todos sabemos, el pasado domingo 24 de marzo falleci\u00f3 quien fuera el primer presidente de la democracia en Espa\u00f1a, hoy un homenaje a esta figura que se gan\u00f3 un lugar en la historia. 8 citas c\u00e9lebres en memoria de Adolfo Su\u00e1rez: La pol\u00edtica constituye para m\u00ed un oficio, una profesi\u00f3n, una vocaci\u00f3n y un deporte. La vida siempre te da dos opciones: la c\u00f3moda y la dif\u00edcil. Cuando dudes elige siempre la dif\u00edcil, porque as\u00ed siempre estar\u00e1s seguro de que no ha sido la comodidad la que ha elegido por ti. Hay algo que ni siquiera Dios pudo negar <\/p>\n","protected":false},"author":5,"featured_media":3770,"comment_status":"open","ping_status":"open","sticky":false,"template":"","format":"standard","meta":{"footnotes":""},"categories":[176],"tags":[222],"class_list":["post-3534","post","type-post","status-publish","format-standard","has-post-thumbnail","hentry","category-citas-celebres","tag-politicos","has_thumb"],"yoast_head":"<!-- This site is optimized with the Yoast SEO plugin v24.1 - https:\/\/yoast.com\/wordpress\/plugins\/seo\/ -->\n<title>8 citas c\u00e9lebres homenaje a Adolfo Suarez - Frases y Citas C\u00e9lebres<\/title>\n<meta name=\"robots\" content=\"index, follow, max-snippet:-1, max-image-preview:large, max-video-preview:-1\" \/>\n<link rel=\"canonical\" href=\"https:\/\/www.euroresidentes.com\/entretenimiento\/frases-citas-imagenes\/8-citas-celebres-homenaje-de-adolfo\/\" \/>\n<meta property=\"og:locale\" content=\"es_ES\" \/>\n<meta property=\"og:type\" content=\"article\" \/>\n<meta property=\"og:title\" content=\"8 citas c\u00e9lebres homenaje a Adolfo Suarez - Frases y Citas C\u00e9lebres\" \/>\n<meta property=\"og:description\" content=\"Como todos sabemos, el pasado domingo 24 de marzo falleci\u00f3 quien fuera el primer presidente de la democracia en Espa\u00f1a, hoy un homenaje a esta figura que se gan\u00f3 un lugar en la historia. 8 citas c\u00e9lebres en memoria de Adolfo Su\u00e1rez: La pol\u00edtica constituye para m\u00ed un oficio, una profesi\u00f3n, una vocaci\u00f3n y un deporte. La vida siempre te da dos opciones: la c\u00f3moda y la dif\u00edcil. Cuando dudes elige siempre la dif\u00edcil, porque as\u00ed siempre estar\u00e1s seguro de que no ha sido la comodidad la que ha elegido por ti. Hay algo que ni siquiera Dios pudo negar\" \/>\n<meta property=\"og:url\" content=\"https:\/\/www.euroresidentes.com\/entretenimiento\/frases-citas-imagenes\/8-citas-celebres-homenaje-de-adolfo\/\" \/>\n<meta property=\"og:site_name\" content=\"Frases y Citas C\u00e9lebres\" \/>\n<meta property=\"article:publisher\" content=\"https:\/\/www.facebook.com\/frases.euroresidentes\/\" \/>\n<meta property=\"article:published_time\" content=\"2014-03-24T11:49:00+00:00\" \/>\n<meta property=\"article:modified_time\" content=\"2018-03-06T11:24:29+00:00\" \/>\n<meta property=\"og:image\" content=\"https:\/\/www.euroresidentes.com\/entretenimiento\/frases-citas-imagenes\/wp-content\/uploads\/sites\/7\/2014\/03\/121-210x300.jpg\" \/>\n\t<meta property=\"og:image:width\" content=\"210\" \/>\n\t<meta property=\"og:image:height\" content=\"300\" \/>\n\t<meta property=\"og:image:type\" content=\"image\/jpeg\" \/>\n<meta name=\"author\" content=\"Maril\u00fa Hern\u00e1ndez\" \/>\n<meta name=\"twitter:card\" content=\"summary_large_image\" \/>\n<meta name=\"twitter:label1\" content=\"Written by\" \/>\n\t<meta name=\"twitter:data1\" content=\"Maril\u00fa Hern\u00e1ndez\" \/>\n\t<meta name=\"twitter:label2\" content=\"Est. reading time\" \/>\n\t<meta name=\"twitter:data2\" content=\"1 minuto\" \/>\n<script type=\"application\/ld+json\" class=\"yoast-schema-graph\">{\"@context\":\"https:\/\/schema.org\",\"@graph\":[{\"@type\":\"WebPage\",\"@id\":\"https:\/\/www.euroresidentes.com\/entretenimiento\/frases-citas-imagenes\/8-citas-celebres-homenaje-de-adolfo\/\",\"url\":\"https:\/\/www.euroresidentes.com\/entretenimiento\/frases-citas-imagenes\/8-citas-celebres-homenaje-de-adolfo\/\",\"name\":\"8 citas c\u00e9lebres homenaje a Adolfo Suarez - Frases y Citas C\u00e9lebres\",\"isPartOf\":{\"@id\":\"https:\/\/www.euroresidentes.com\/entretenimiento\/frases-citas-imagenes\/#website\"},\"primaryImageOfPage\":{\"@id\":\"https:\/\/www.euroresidentes.com\/entretenimiento\/frases-citas-imagenes\/8-citas-celebres-homenaje-de-adolfo\/#primaryimage\"},\"image\":{\"@id\":\"https:\/\/www.euroresidentes.com\/entretenimiento\/frases-citas-imagenes\/8-citas-celebres-homenaje-de-adolfo\/#primaryimage\"},\"thumbnailUrl\":\"https:\/\/www.euroresidentes.com\/entretenimiento\/frases-citas-imagenes\/wp-content\/uploads\/sites\/7\/2014\/03\/121-210x300.jpg\",\"datePublished\":\"2014-03-24T11:49:00+00:00\",\"dateModified\":\"2018-03-06T11:24:29+00:00\",\"author\":{\"@id\":\"https:\/\/www.euroresidentes.com\/entretenimiento\/frases-citas-imagenes\/#\/schema\/person\/1d462109dd66b3c11cebec62193acfaa\"},\"breadcrumb\":{\"@id\":\"https:\/\/www.euroresidentes.com\/entretenimiento\/frases-citas-imagenes\/8-citas-celebres-homenaje-de-adolfo\/#breadcrumb\"},\"inLanguage\":\"es\",\"potentialAction\":[{\"@type\":\"ReadAction\",\"target\":[\"https:\/\/www.euroresidentes.com\/entretenimiento\/frases-citas-imagenes\/8-citas-celebres-homenaje-de-adolfo\/\"]}]},{\"@type\":\"ImageObject\",\"inLanguage\":\"es\",\"@id\":\"https:\/\/www.euroresidentes.com\/entretenimiento\/frases-citas-imagenes\/8-citas-celebres-homenaje-de-adolfo\/#primaryimage\",\"url\":\"https:\/\/www.euroresidentes.com\/entretenimiento\/frases-citas-imagenes\/wp-content\/uploads\/sites\/7\/2014\/03\/121-210x300.jpg\",\"contentUrl\":\"https:\/\/www.euroresidentes.com\/entretenimiento\/frases-citas-imagenes\/wp-content\/uploads\/sites\/7\/2014\/03\/121-210x300.jpg\",\"width\":210,\"height\":300},{\"@type\":\"BreadcrumbList\",\"@id\":\"https:\/\/www.euroresidentes.com\/entretenimiento\/frases-citas-imagenes\/8-citas-celebres-homenaje-de-adolfo\/#breadcrumb\",\"itemListElement\":[{\"@type\":\"ListItem\",\"position\":1,\"name\":\"Portada\",\"item\":\"https:\/\/www.euroresidentes.com\/entretenimiento\/frases-citas-imagenes\/\"},{\"@type\":\"ListItem\",\"position\":2,\"name\":\"8 citas c\u00e9lebres homenaje a Adolfo Suarez\"}]},{\"@type\":\"WebSite\",\"@id\":\"https:\/\/www.euroresidentes.com\/entretenimiento\/frases-citas-imagenes\/#website\",\"url\":\"https:\/\/www.euroresidentes.com\/entretenimiento\/frases-citas-imagenes\/\",\"name\":\"Frases y Citas C\u00e9lebres\",\"description\":\"Frases, citas c\u00e9lebres de autores, refranes, frases de figuras hist\u00f3ricas\",\"potentialAction\":[{\"@type\":\"SearchAction\",\"target\":{\"@type\":\"EntryPoint\",\"urlTemplate\":\"https:\/\/www.euroresidentes.com\/entretenimiento\/frases-citas-imagenes\/?s={search_term_string}\"},\"query-input\":{\"@type\":\"PropertyValueSpecification\",\"valueRequired\":true,\"valueName\":\"search_term_string\"}}],\"inLanguage\":\"es\"},{\"@type\":\"Person\",\"@id\":\"https:\/\/www.euroresidentes.com\/entretenimiento\/frases-citas-imagenes\/#\/schema\/person\/1d462109dd66b3c11cebec62193acfaa\",\"name\":\"Maril\u00fa Hern\u00e1ndez\",\"image\":{\"@type\":\"ImageObject\",\"inLanguage\":\"es\",\"@id\":\"https:\/\/www.euroresidentes.com\/entretenimiento\/frases-citas-imagenes\/#\/schema\/person\/image\/\",\"url\":\"https:\/\/www.euroresidentes.com\/entretenimiento\/frases-citas-imagenes\/wp-content\/uploads\/sites\/7\/2016\/08\/marilu-autor-2016-150x150.png\",\"contentUrl\":\"https:\/\/www.euroresidentes.com\/entretenimiento\/frases-citas-imagenes\/wp-content\/uploads\/sites\/7\/2016\/08\/marilu-autor-2016-150x150.png\",\"caption\":\"Maril\u00fa Hern\u00e1ndez\"},\"description\":\"Maril\u00fa Hern\u00e1ndez- Apasionada de los libros, citas c\u00e9lebres, refranes y todo lo que a letras se refiera, cin\u00e9fila en mis ratos libres y amante de los postres.\",\"url\":\"https:\/\/www.euroresidentes.com\/entretenimiento\/frases-citas-imagenes\/author\/marilu\/\"}]}<\/script>\n<!-- \/ Yoast SEO plugin. -->","yoast_head_json":{"title":"8 citas c\u00e9lebres homenaje a Adolfo Suarez - Frases y Citas C\u00e9lebres","robots":{"index":"index","follow":"follow","max-snippet":"max-snippet:-1","max-image-preview":"max-image-preview:large","max-video-preview":"max-video-preview:-1"},"canonical":"https:\/\/www.euroresidentes.com\/entretenimiento\/frases-citas-imagenes\/8-citas-celebres-homenaje-de-adolfo\/","og_locale":"es_ES","og_type":"article","og_title":"8 citas c\u00e9lebres homenaje a Adolfo Suarez - Frases y Citas C\u00e9lebres","og_description":"Como todos sabemos, el pasado domingo 24 de marzo falleci\u00f3 quien fuera el primer presidente de la democracia en Espa\u00f1a, hoy un homenaje a esta figura que se gan\u00f3 un lugar en la historia. 8 citas c\u00e9lebres en memoria de Adolfo Su\u00e1rez: La pol\u00edtica constituye para m\u00ed un oficio, una profesi\u00f3n, una vocaci\u00f3n y un deporte. La vida siempre te da dos opciones: la c\u00f3moda y la dif\u00edcil. Cuando dudes elige siempre la dif\u00edcil, porque as\u00ed siempre estar\u00e1s seguro de que no ha sido la comodidad la que ha elegido por ti. Hay algo que ni siquiera Dios pudo negar","og_url":"https:\/\/www.euroresidentes.com\/entretenimiento\/frases-citas-imagenes\/8-citas-celebres-homenaje-de-adolfo\/","og_site_name":"Frases y Citas C\u00e9lebres","article_publisher":"https:\/\/www.facebook.com\/frases.euroresidentes\/","article_published_time":"2014-03-24T11:49:00+00:00","article_modified_time":"2018-03-06T11:24:29+00:00","og_image":[{"width":210,"height":300,"url":"https:\/\/www.euroresidentes.com\/entretenimiento\/frases-citas-imagenes\/wp-content\/uploads\/sites\/7\/2014\/03\/121-210x300.jpg","type":"image\/jpeg"}],"author":"Maril\u00fa Hern\u00e1ndez","twitter_card":"summary_large_image","twitter_misc":{"Written by":"Maril\u00fa Hern\u00e1ndez","Est. reading time":"1 minuto"},"schema":{"@context":"https:\/\/schema.org","@graph":[{"@type":"WebPage","@id":"https:\/\/www.euroresidentes.com\/entretenimiento\/frases-citas-imagenes\/8-citas-celebres-homenaje-de-adolfo\/","url":"https:\/\/www.euroresidentes.com\/entretenimiento\/frases-citas-imagenes\/8-citas-celebres-homenaje-de-adolfo\/","name":"8 citas c\u00e9lebres homenaje a Adolfo Suarez - Frases y Citas C\u00e9lebres","isPartOf":{"@id":"https:\/\/www.euroresidentes.com\/entretenimiento\/frases-citas-imagenes\/#website"},"primaryImageOfPage":{"@id":"https:\/\/www.euroresidentes.com\/entretenimiento\/frases-citas-imagenes\/8-citas-celebres-homenaje-de-adolfo\/#primaryimage"},"image":{"@id":"https:\/\/www.euroresidentes.com\/entretenimiento\/frases-citas-imagenes\/8-citas-celebres-homenaje-de-adolfo\/#primaryimage"},"thumbnailUrl":"https:\/\/www.euroresidentes.com\/entretenimiento\/frases-citas-imagenes\/wp-content\/uploads\/sites\/7\/2014\/03\/121-210x300.jpg","datePublished":"2014-03-24T11:49:00+00:00","dateModified":"2018-03-06T11:24:29+00:00","author":{"@id":"https:\/\/www.euroresidentes.com\/entretenimiento\/frases-citas-imagenes\/#\/schema\/person\/1d462109dd66b3c11cebec62193acfaa"},"breadcrumb":{"@id":"https:\/\/www.euroresidentes.com\/entretenimiento\/frases-citas-imagenes\/8-citas-celebres-homenaje-de-adolfo\/#breadcrumb"},"inLanguage":"es","potentialAction":[{"@type":"ReadAction","target":["https:\/\/www.euroresidentes.com\/entretenimiento\/frases-citas-imagenes\/8-citas-celebres-homenaje-de-adolfo\/"]}]},{"@type":"ImageObject","inLanguage":"es","@id":"https:\/\/www.euroresidentes.com\/entretenimiento\/frases-citas-imagenes\/8-citas-celebres-homenaje-de-adolfo\/#primaryimage","url":"https:\/\/www.euroresidentes.com\/entretenimiento\/frases-citas-imagenes\/wp-content\/uploads\/sites\/7\/2014\/03\/121-210x300.jpg","contentUrl":"https:\/\/www.euroresidentes.com\/entretenimiento\/frases-citas-imagenes\/wp-content\/uploads\/sites\/7\/2014\/03\/121-210x300.jpg","width":210,"height":300},{"@type":"BreadcrumbList","@id":"https:\/\/www.euroresidentes.com\/entretenimiento\/frases-citas-imagenes\/8-citas-celebres-homenaje-de-adolfo\/#breadcrumb","itemListElement":[{"@type":"ListItem","position":1,"name":"Portada","item":"https:\/\/www.euroresidentes.com\/entretenimiento\/frases-citas-imagenes\/"},{"@type":"ListItem","position":2,"name":"8 citas c\u00e9lebres homenaje a Adolfo Suarez"}]},{"@type":"WebSite","@id":"https:\/\/www.euroresidentes.com\/entretenimiento\/frases-citas-imagenes\/#website","url":"https:\/\/www.euroresidentes.com\/entretenimiento\/frases-citas-imagenes\/","name":"Frases y Citas C\u00e9lebres","description":"Frases, citas c\u00e9lebres de autores, refranes, frases de figuras hist\u00f3ricas","potentialAction":[{"@type":"SearchAction","target":{"@type":"EntryPoint","urlTemplate":"https:\/\/www.euroresidentes.com\/entretenimiento\/frases-citas-imagenes\/?s={search_term_string}"},"query-input":{"@type":"PropertyValueSpecification","valueRequired":true,"valueName":"search_term_string"}}],"inLanguage":"es"},{"@type":"Person","@id":"https:\/\/www.euroresidentes.com\/entretenimiento\/frases-citas-imagenes\/#\/schema\/person\/1d462109dd66b3c11cebec62193acfaa","name":"Maril\u00fa Hern\u00e1ndez","image":{"@type":"ImageObject","inLanguage":"es","@id":"https:\/\/www.euroresidentes.com\/entretenimiento\/frases-citas-imagenes\/#\/schema\/person\/image\/","url":"https:\/\/www.euroresidentes.com\/entretenimiento\/frases-citas-imagenes\/wp-content\/uploads\/sites\/7\/2016\/08\/marilu-autor-2016-150x150.png","contentUrl":"https:\/\/www.euroresidentes.com\/entretenimiento\/frases-citas-imagenes\/wp-content\/uploads\/sites\/7\/2016\/08\/marilu-autor-2016-150x150.png","caption":"Maril\u00fa Hern\u00e1ndez"},"description":"Maril\u00fa Hern\u00e1ndez- Apasionada de los libros, citas c\u00e9lebres, refranes y todo lo que a letras se refiera, cin\u00e9fila en mis ratos libres y amante de los postres.","url":"https:\/\/www.euroresidentes.com\/entretenimiento\/frases-citas-imagenes\/author\/marilu\/"}]}},"_links":{"self":[{"href":"https:\/\/www.euroresidentes.com\/entretenimiento\/frases-citas-imagenes\/wp-json\/wp\/v2\/posts\/3534","targetHints":{"allow":["GET"]}}],"collection":[{"href":"https:\/\/www.euroresidentes.com\/entretenimiento\/frases-citas-imagenes\/wp-json\/wp\/v2\/posts"}],"about":[{"href":"https:\/\/www.euroresidentes.com\/entretenimiento\/frases-citas-imagenes\/wp-json\/wp\/v2\/types\/post"}],"author":[{"embeddable":true,"href":"https:\/\/www.euroresidentes.com\/entretenimiento\/frases-citas-imagenes\/wp-json\/wp\/v2\/users\/5"}],"replies":[{"embeddable":true,"href":"https:\/\/www.euroresidentes.com\/entretenimiento\/frases-citas-imagenes\/wp-json\/wp\/v2\/comments?post=3534"}],"version-history":[{"count":1,"href":"https:\/\/www.euroresidentes.com\/entretenimiento\/frases-citas-imagenes\/wp-json\/wp\/v2\/posts\/3534\/revisions"}],"predecessor-version":[{"id":3769,"href":"https:\/\/www.euroresidentes.com\/entretenimiento\/frases-citas-imagenes\/wp-json\/wp\/v2\/posts\/3534\/revisions\/3769"}],"wp:featuredmedia":[{"embeddable":true,"href":"https:\/\/www.euroresidentes.com\/entretenimiento\/frases-citas-imagenes\/wp-json\/wp\/v2\/media\/3770"}],"wp:attachment":[{"href":"https:\/\/www.euroresidentes.com\/entretenimiento\/frases-citas-imagenes\/wp-json\/wp\/v2\/media?parent=3534"}],"wp:term":[{"taxonomy":"category","embeddable":true,"href":"https:\/\/www.euroresidentes.com\/entretenimiento\/frases-citas-imagenes\/wp-json\/wp\/v2\/categories?post=3534"},{"taxonomy":"post_tag","embeddable":true,"href":"https:\/\/www.euroresidentes.com\/entretenimiento\/frases-citas-imagenes\/wp-json\/wp\/v2\/tags?post=3534"}],"curies":[{"name":"wp","href":"https:\/\/api.w.org\/{rel}","templated":true}]}}