{"id":3513,"date":"2016-01-18T13:00:00","date_gmt":"2016-01-18T12:00:00","guid":{"rendered":"https:\/\/www.euroresidentes.com\/entretenimiento\/frases-citas-imagenes\/citas-celebres-de-ruben-dario"},"modified":"2018-03-06T13:00:08","modified_gmt":"2018-03-06T12:00:08","slug":"citas-celebres-de-ruben-dario","status":"publish","type":"post","link":"https:\/\/www.euroresidentes.com\/entretenimiento\/frases-citas-imagenes\/citas-celebres-de-ruben-dario\/","title":{"rendered":"Citas C\u00e9lebres de Rub\u00e9n Dar\u00edo"},"content":{"rendered":"<div class=\"separator\" style=\"clear: both; text-align: left;\">F\u00e9lix Rub\u00e9n Garc\u00eda Sarmiento, conocido por todos como<b>\u00a0Rub\u00e9n Dar\u00edo\u00a0<\/b>fue un poeta nicarag\u00fcense, padre del modernismo y de quien celebramos hoy el 146 aniversario de su nacimiento, nos brinda sus m\u00e1s famosas\u00a0<b>citas c\u00e9lebres y frases<\/b> <b> <\/b><\/div>\n<div class=\"separator\" style=\"clear: both; text-align: center;\">\u00a0<\/div>\n<div class=\"separator\" style=\"clear: both; text-align: center;\"><a style=\"margin-left: 1em; margin-right: 1em;\" href=\"http:\/\/1.bp.blogspot.com\/-GCOeD3K6ltc\/Vpzj_7D0C2I\/AAAAAAAALXU\/eTlt17eQ9RE\/s1600\/ruben-dario-frase1.jpg\"><img decoding=\"async\" src=\"https:\/\/www.euroresidentes.com\/entretenimiento\/frases-citas-imagenes\/wp-content\/uploads\/sites\/7\/2016\/01\/ruben-dario-frase1.jpg\" alt=\"\" border=\"0\" \/><\/a><\/div>\n<p><b> <\/b> <b>CITAS C\u00c9LEBRES DE RUB\u00c9N DAR\u00cdO:<\/b> <b> <\/b><\/p>\n<p>[bctt tweet=\u00bbLa mujer musa es la de carne y hueso.\u00bb]<\/p>\n<p>[bctt tweet=\u00bbPero tu carne es pan, tu sangre es vino. \u00ab]<\/p>\n<p>[bctt tweet=\u00bbEl eterno femenino puede tornar humano lo divino.\u00bb]<\/p>\n<p>[bctt tweet=\u00bbSin mujer, la vida es pura prosa.\u00bb]<\/p>\n<p>[bctt tweet=\u00bbY en este titubeo de aliento y agon\u00eda, cargo lleno de penas lo que apenas soporto. \u00bfNo oyes caer las gotas de mi melancol\u00eda? \u00ab]<\/p>\n<p>&nbsp;<\/p>\n<div class=\"separator\" style=\"clear: both; text-align: left;\">[bctt tweet=\u00bbEs la tarde gris y triste. Viste el mar de terciopelo y el cielo profundo viste de duelo. \u00ab]<\/div>\n<div class=\"separator\" style=\"clear: both; text-align: center;\"><a style=\"margin-left: 1em; margin-right: 1em;\" href=\"http:\/\/3.bp.blogspot.com\/-3AZ4I5wDSGU\/VpzlwYJBuSI\/AAAAAAAALXk\/sGe1cRpwjEc\/s1600\/ruben-dario-frase2.jpg\"><img decoding=\"async\" src=\"https:\/\/www.euroresidentes.com\/entretenimiento\/frases-citas-imagenes\/wp-content\/uploads\/sites\/7\/2016\/01\/ruben-dario-frase2.jpg\" alt=\"\" border=\"0\" \/><\/a><\/div>\n<div class=\"separator\" style=\"clear: both; text-align: left;\">[bctt tweet=\u00bbNo dejes apagar el entusiasmo, virtud tan valiosa como necesaria; trabaja, aspira, tiende siempre hacia la altura. \u00ab]<\/div>\n<div class=\"separator\" style=\"clear: both; text-align: left;\">[bctt tweet=\u00bbEste axioma a todas horas habr\u00e1s de meditar, la ciencia de vivir es el arte de amar. \u00ab]<\/div>\n<div class=\"separator\" style=\"clear: both; text-align: left;\">[bctt tweet=\u00bbUn buen libro es el mejor de los amigos, lo mismo hoy que siempre. \u00ab]<\/div>\n<div class=\"separator\" style=\"clear: both; text-align: left;\">[bctt tweet=\u00bbSi peque\u00f1a es la patria, uno grande la sue\u00f1a. \u00ab]<\/div>\n<div class=\"separator\" style=\"clear: both; text-align: left;\">[bctt tweet=\u00bbEl libro es fuerza, es valor, es fuerza, es alimento; antorcha del pensamiento y manantial del amor. \u00ab]<\/div>\n<div class=\"separator\" style=\"clear: both; text-align: left;\">[bctt tweet=\u00bbJuventud, divino tesoro, \u00a1ya te vas para no volver! Cuando quiero llorar, no lloro&#8230; y a veces lloro sin querer. \u00ab]<\/div>\n<div class=\"separator\" style=\"clear: both; text-align: left;\">[bctt tweet=\u00bbEl canto vuela, con sus alas: armon\u00eda y eternidad. \u00ab]<\/div>\n<div class=\"separator\" style=\"clear: both; text-align: left;\">[bctt tweet=\u00bbPara qu\u00e9 querr\u00e9 yo la vida cuando no tenga juventud. \u00ab]<\/div>\n<div class=\"separator\" style=\"clear: both; text-align: left;\">[bctt tweet=\u00bbDichoso el \u00e1rbol que es apenas sensitivo, y m\u00e1s la piedra dura, porque \u00e9sa ya no siente, pues no hay dolor m\u00e1s grande que el dolor de ser vivo, ni mayor pesadumbre que la vida consciente.\u00bb]<\/div>\n<div class=\"separator\" style=\"clear: both; text-align: left;\">\u00a0<\/div>\n<div><i>\u00a0<\/i><\/div>\n<div style=\"width: 156px\" class=\"wp-caption alignnone\"><a style=\"clear: left; margin-bottom: 1em; margin-left: auto; margin-right: auto;\" href=\"https:\/\/encrypted-tbn2.gstatic.com\/images?q=tbn:ANd9GcTVIcVoVUsfZlX9yP67lOfg6NHxDSPoPLiX_9uXS4vvwvGzzp03\"><img loading=\"lazy\" decoding=\"async\" src=\"https:\/\/encrypted-tbn2.gstatic.com\/images?q=tbn:ANd9GcTVIcVoVUsfZlX9yP67lOfg6NHxDSPoPLiX_9uXS4vvwvGzzp03\" alt=\"\" width=\"146\" height=\"200\" border=\"0\" \/><\/a><p class=\"wp-caption-text\">Rub\u00e9n Dar\u00edo<\/p><\/div>\n<p><i><b><i><b>\u00a0<\/b><\/i><\/b><\/i><\/p>\n<p><strong>Enlaces relacionados con citas c\u00e9lebres de Rub\u00e9n Dar\u00edo:<i> <\/i><\/strong><\/p>\n<ul>\n<li><a href=\"http:\/\/citas-celebres.euroresidentes.com\/2012\/09\/citas-celebres-de-ruben-dario.html\" target=\"_blank\" rel=\"nofollow\">M\u00e1s citas c\u00e9lebres de Rub\u00e9n Dar\u00edo<\/a><\/li>\n<li><a href=\"http:\/\/frases-citas.euroresidentes.com\/2011\/12\/frases-llenas-de-sabiduria.html\" target=\"_blank\" rel=\"nofollow\">Frases llenas de sabidur\u00eda<\/a>\u00a0<\/li>\n<\/ul>\n","protected":false},"excerpt":{"rendered":"<p>F\u00e9lix Rub\u00e9n Garc\u00eda Sarmiento, conocido por todos como\u00a0Rub\u00e9n Dar\u00edo\u00a0fue un poeta nicarag\u00fcense, padre del modernismo y de quien celebramos hoy el 146 aniversario de su nacimiento, nos brinda sus m\u00e1s famosas\u00a0citas c\u00e9lebres y frases \u00a0 CITAS C\u00c9LEBRES DE RUB\u00c9N DAR\u00cdO:     <\/p>\n","protected":false},"author":5,"featured_media":3714,"comment_status":"open","ping_status":"open","sticky":false,"template":"","format":"standard","meta":{"footnotes":""},"categories":[176],"tags":[120,226],"class_list":["post-3513","post","type-post","status-publish","format-standard","has-post-thumbnail","hentry","category-citas-celebres","tag-escritores","tag-poetas","has_thumb"],"yoast_head":"<!-- This site is optimized with the Yoast SEO plugin v24.1 - https:\/\/yoast.com\/wordpress\/plugins\/seo\/ -->\n<title>Citas C\u00e9lebres de Rub\u00e9n Dar\u00edo - Frases y Citas C\u00e9lebres<\/title>\n<meta name=\"robots\" content=\"index, follow, max-snippet:-1, max-image-preview:large, max-video-preview:-1\" \/>\n<link rel=\"canonical\" href=\"https:\/\/www.euroresidentes.com\/entretenimiento\/frases-citas-imagenes\/citas-celebres-de-ruben-dario\/\" \/>\n<meta property=\"og:locale\" content=\"es_ES\" \/>\n<meta property=\"og:type\" content=\"article\" \/>\n<meta property=\"og:title\" content=\"Citas C\u00e9lebres de Rub\u00e9n Dar\u00edo - Frases y Citas C\u00e9lebres\" \/>\n<meta property=\"og:description\" content=\"F\u00e9lix Rub\u00e9n Garc\u00eda Sarmiento, conocido por todos como\u00a0Rub\u00e9n Dar\u00edo\u00a0fue un poeta nicarag\u00fcense, padre del modernismo y de quien celebramos hoy el 146 aniversario de su nacimiento, nos brinda sus m\u00e1s famosas\u00a0citas c\u00e9lebres y frases \u00a0 CITAS C\u00c9LEBRES DE RUB\u00c9N DAR\u00cdO:\" \/>\n<meta property=\"og:url\" content=\"https:\/\/www.euroresidentes.com\/entretenimiento\/frases-citas-imagenes\/citas-celebres-de-ruben-dario\/\" \/>\n<meta property=\"og:site_name\" content=\"Frases y Citas C\u00e9lebres\" \/>\n<meta property=\"article:publisher\" content=\"https:\/\/www.facebook.com\/frases.euroresidentes\/\" \/>\n<meta property=\"article:published_time\" content=\"2016-01-18T12:00:00+00:00\" \/>\n<meta property=\"article:modified_time\" content=\"2018-03-06T12:00:08+00:00\" \/>\n<meta property=\"og:image\" content=\"https:\/\/www.euroresidentes.com\/entretenimiento\/frases-citas-imagenes\/wp-content\/uploads\/sites\/7\/2016\/01\/ruben-dario-frase1.jpg\" \/>\n\t<meta property=\"og:image:width\" content=\"600\" \/>\n\t<meta property=\"og:image:height\" content=\"450\" \/>\n\t<meta property=\"og:image:type\" content=\"image\/jpeg\" \/>\n<meta name=\"author\" content=\"Maril\u00fa Hern\u00e1ndez\" \/>\n<meta name=\"twitter:card\" content=\"summary_large_image\" \/>\n<meta name=\"twitter:label1\" content=\"Written by\" \/>\n\t<meta name=\"twitter:data1\" content=\"Maril\u00fa Hern\u00e1ndez\" \/>\n\t<meta name=\"twitter:label2\" content=\"Est. reading time\" \/>\n\t<meta name=\"twitter:data2\" content=\"2 minutos\" \/>\n<script type=\"application\/ld+json\" class=\"yoast-schema-graph\">{\"@context\":\"https:\/\/schema.org\",\"@graph\":[{\"@type\":\"WebPage\",\"@id\":\"https:\/\/www.euroresidentes.com\/entretenimiento\/frases-citas-imagenes\/citas-celebres-de-ruben-dario\/\",\"url\":\"https:\/\/www.euroresidentes.com\/entretenimiento\/frases-citas-imagenes\/citas-celebres-de-ruben-dario\/\",\"name\":\"Citas C\u00e9lebres de Rub\u00e9n Dar\u00edo - Frases y Citas C\u00e9lebres\",\"isPartOf\":{\"@id\":\"https:\/\/www.euroresidentes.com\/entretenimiento\/frases-citas-imagenes\/#website\"},\"primaryImageOfPage\":{\"@id\":\"https:\/\/www.euroresidentes.com\/entretenimiento\/frases-citas-imagenes\/citas-celebres-de-ruben-dario\/#primaryimage\"},\"image\":{\"@id\":\"https:\/\/www.euroresidentes.com\/entretenimiento\/frases-citas-imagenes\/citas-celebres-de-ruben-dario\/#primaryimage\"},\"thumbnailUrl\":\"https:\/\/www.euroresidentes.com\/entretenimiento\/frases-citas-imagenes\/wp-content\/uploads\/sites\/7\/2016\/01\/ruben-dario-frase1.jpg\",\"datePublished\":\"2016-01-18T12:00:00+00:00\",\"dateModified\":\"2018-03-06T12:00:08+00:00\",\"author\":{\"@id\":\"https:\/\/www.euroresidentes.com\/entretenimiento\/frases-citas-imagenes\/#\/schema\/person\/1d462109dd66b3c11cebec62193acfaa\"},\"breadcrumb\":{\"@id\":\"https:\/\/www.euroresidentes.com\/entretenimiento\/frases-citas-imagenes\/citas-celebres-de-ruben-dario\/#breadcrumb\"},\"inLanguage\":\"es\",\"potentialAction\":[{\"@type\":\"ReadAction\",\"target\":[\"https:\/\/www.euroresidentes.com\/entretenimiento\/frases-citas-imagenes\/citas-celebres-de-ruben-dario\/\"]}]},{\"@type\":\"ImageObject\",\"inLanguage\":\"es\",\"@id\":\"https:\/\/www.euroresidentes.com\/entretenimiento\/frases-citas-imagenes\/citas-celebres-de-ruben-dario\/#primaryimage\",\"url\":\"https:\/\/www.euroresidentes.com\/entretenimiento\/frases-citas-imagenes\/wp-content\/uploads\/sites\/7\/2016\/01\/ruben-dario-frase1.jpg\",\"contentUrl\":\"https:\/\/www.euroresidentes.com\/entretenimiento\/frases-citas-imagenes\/wp-content\/uploads\/sites\/7\/2016\/01\/ruben-dario-frase1.jpg\",\"width\":600,\"height\":450},{\"@type\":\"BreadcrumbList\",\"@id\":\"https:\/\/www.euroresidentes.com\/entretenimiento\/frases-citas-imagenes\/citas-celebres-de-ruben-dario\/#breadcrumb\",\"itemListElement\":[{\"@type\":\"ListItem\",\"position\":1,\"name\":\"Portada\",\"item\":\"https:\/\/www.euroresidentes.com\/entretenimiento\/frases-citas-imagenes\/\"},{\"@type\":\"ListItem\",\"position\":2,\"name\":\"Citas C\u00e9lebres de Rub\u00e9n Dar\u00edo\"}]},{\"@type\":\"WebSite\",\"@id\":\"https:\/\/www.euroresidentes.com\/entretenimiento\/frases-citas-imagenes\/#website\",\"url\":\"https:\/\/www.euroresidentes.com\/entretenimiento\/frases-citas-imagenes\/\",\"name\":\"Frases y Citas C\u00e9lebres\",\"description\":\"Frases, citas c\u00e9lebres de autores, refranes, frases de figuras hist\u00f3ricas\",\"potentialAction\":[{\"@type\":\"SearchAction\",\"target\":{\"@type\":\"EntryPoint\",\"urlTemplate\":\"https:\/\/www.euroresidentes.com\/entretenimiento\/frases-citas-imagenes\/?s={search_term_string}\"},\"query-input\":{\"@type\":\"PropertyValueSpecification\",\"valueRequired\":true,\"valueName\":\"search_term_string\"}}],\"inLanguage\":\"es\"},{\"@type\":\"Person\",\"@id\":\"https:\/\/www.euroresidentes.com\/entretenimiento\/frases-citas-imagenes\/#\/schema\/person\/1d462109dd66b3c11cebec62193acfaa\",\"name\":\"Maril\u00fa Hern\u00e1ndez\",\"image\":{\"@type\":\"ImageObject\",\"inLanguage\":\"es\",\"@id\":\"https:\/\/www.euroresidentes.com\/entretenimiento\/frases-citas-imagenes\/#\/schema\/person\/image\/\",\"url\":\"https:\/\/www.euroresidentes.com\/entretenimiento\/frases-citas-imagenes\/wp-content\/uploads\/sites\/7\/2016\/08\/marilu-autor-2016-150x150.png\",\"contentUrl\":\"https:\/\/www.euroresidentes.com\/entretenimiento\/frases-citas-imagenes\/wp-content\/uploads\/sites\/7\/2016\/08\/marilu-autor-2016-150x150.png\",\"caption\":\"Maril\u00fa Hern\u00e1ndez\"},\"description\":\"Maril\u00fa Hern\u00e1ndez- Apasionada de los libros, citas c\u00e9lebres, refranes y todo lo que a letras se refiera, cin\u00e9fila en mis ratos libres y amante de los postres.\",\"url\":\"https:\/\/www.euroresidentes.com\/entretenimiento\/frases-citas-imagenes\/author\/marilu\/\"}]}<\/script>\n<!-- \/ Yoast SEO plugin. -->","yoast_head_json":{"title":"Citas C\u00e9lebres de Rub\u00e9n Dar\u00edo - Frases y Citas C\u00e9lebres","robots":{"index":"index","follow":"follow","max-snippet":"max-snippet:-1","max-image-preview":"max-image-preview:large","max-video-preview":"max-video-preview:-1"},"canonical":"https:\/\/www.euroresidentes.com\/entretenimiento\/frases-citas-imagenes\/citas-celebres-de-ruben-dario\/","og_locale":"es_ES","og_type":"article","og_title":"Citas C\u00e9lebres de Rub\u00e9n Dar\u00edo - Frases y Citas C\u00e9lebres","og_description":"F\u00e9lix Rub\u00e9n Garc\u00eda Sarmiento, conocido por todos como\u00a0Rub\u00e9n Dar\u00edo\u00a0fue un poeta nicarag\u00fcense, padre del modernismo y de quien celebramos hoy el 146 aniversario de su nacimiento, nos brinda sus m\u00e1s famosas\u00a0citas c\u00e9lebres y frases \u00a0 CITAS C\u00c9LEBRES DE RUB\u00c9N DAR\u00cdO:","og_url":"https:\/\/www.euroresidentes.com\/entretenimiento\/frases-citas-imagenes\/citas-celebres-de-ruben-dario\/","og_site_name":"Frases y Citas C\u00e9lebres","article_publisher":"https:\/\/www.facebook.com\/frases.euroresidentes\/","article_published_time":"2016-01-18T12:00:00+00:00","article_modified_time":"2018-03-06T12:00:08+00:00","og_image":[{"width":600,"height":450,"url":"https:\/\/www.euroresidentes.com\/entretenimiento\/frases-citas-imagenes\/wp-content\/uploads\/sites\/7\/2016\/01\/ruben-dario-frase1.jpg","type":"image\/jpeg"}],"author":"Maril\u00fa Hern\u00e1ndez","twitter_card":"summary_large_image","twitter_misc":{"Written by":"Maril\u00fa Hern\u00e1ndez","Est. reading time":"2 minutos"},"schema":{"@context":"https:\/\/schema.org","@graph":[{"@type":"WebPage","@id":"https:\/\/www.euroresidentes.com\/entretenimiento\/frases-citas-imagenes\/citas-celebres-de-ruben-dario\/","url":"https:\/\/www.euroresidentes.com\/entretenimiento\/frases-citas-imagenes\/citas-celebres-de-ruben-dario\/","name":"Citas C\u00e9lebres de Rub\u00e9n Dar\u00edo - Frases y Citas C\u00e9lebres","isPartOf":{"@id":"https:\/\/www.euroresidentes.com\/entretenimiento\/frases-citas-imagenes\/#website"},"primaryImageOfPage":{"@id":"https:\/\/www.euroresidentes.com\/entretenimiento\/frases-citas-imagenes\/citas-celebres-de-ruben-dario\/#primaryimage"},"image":{"@id":"https:\/\/www.euroresidentes.com\/entretenimiento\/frases-citas-imagenes\/citas-celebres-de-ruben-dario\/#primaryimage"},"thumbnailUrl":"https:\/\/www.euroresidentes.com\/entretenimiento\/frases-citas-imagenes\/wp-content\/uploads\/sites\/7\/2016\/01\/ruben-dario-frase1.jpg","datePublished":"2016-01-18T12:00:00+00:00","dateModified":"2018-03-06T12:00:08+00:00","author":{"@id":"https:\/\/www.euroresidentes.com\/entretenimiento\/frases-citas-imagenes\/#\/schema\/person\/1d462109dd66b3c11cebec62193acfaa"},"breadcrumb":{"@id":"https:\/\/www.euroresidentes.com\/entretenimiento\/frases-citas-imagenes\/citas-celebres-de-ruben-dario\/#breadcrumb"},"inLanguage":"es","potentialAction":[{"@type":"ReadAction","target":["https:\/\/www.euroresidentes.com\/entretenimiento\/frases-citas-imagenes\/citas-celebres-de-ruben-dario\/"]}]},{"@type":"ImageObject","inLanguage":"es","@id":"https:\/\/www.euroresidentes.com\/entretenimiento\/frases-citas-imagenes\/citas-celebres-de-ruben-dario\/#primaryimage","url":"https:\/\/www.euroresidentes.com\/entretenimiento\/frases-citas-imagenes\/wp-content\/uploads\/sites\/7\/2016\/01\/ruben-dario-frase1.jpg","contentUrl":"https:\/\/www.euroresidentes.com\/entretenimiento\/frases-citas-imagenes\/wp-content\/uploads\/sites\/7\/2016\/01\/ruben-dario-frase1.jpg","width":600,"height":450},{"@type":"BreadcrumbList","@id":"https:\/\/www.euroresidentes.com\/entretenimiento\/frases-citas-imagenes\/citas-celebres-de-ruben-dario\/#breadcrumb","itemListElement":[{"@type":"ListItem","position":1,"name":"Portada","item":"https:\/\/www.euroresidentes.com\/entretenimiento\/frases-citas-imagenes\/"},{"@type":"ListItem","position":2,"name":"Citas C\u00e9lebres de Rub\u00e9n Dar\u00edo"}]},{"@type":"WebSite","@id":"https:\/\/www.euroresidentes.com\/entretenimiento\/frases-citas-imagenes\/#website","url":"https:\/\/www.euroresidentes.com\/entretenimiento\/frases-citas-imagenes\/","name":"Frases y Citas C\u00e9lebres","description":"Frases, citas c\u00e9lebres de autores, refranes, frases de figuras hist\u00f3ricas","potentialAction":[{"@type":"SearchAction","target":{"@type":"EntryPoint","urlTemplate":"https:\/\/www.euroresidentes.com\/entretenimiento\/frases-citas-imagenes\/?s={search_term_string}"},"query-input":{"@type":"PropertyValueSpecification","valueRequired":true,"valueName":"search_term_string"}}],"inLanguage":"es"},{"@type":"Person","@id":"https:\/\/www.euroresidentes.com\/entretenimiento\/frases-citas-imagenes\/#\/schema\/person\/1d462109dd66b3c11cebec62193acfaa","name":"Maril\u00fa Hern\u00e1ndez","image":{"@type":"ImageObject","inLanguage":"es","@id":"https:\/\/www.euroresidentes.com\/entretenimiento\/frases-citas-imagenes\/#\/schema\/person\/image\/","url":"https:\/\/www.euroresidentes.com\/entretenimiento\/frases-citas-imagenes\/wp-content\/uploads\/sites\/7\/2016\/08\/marilu-autor-2016-150x150.png","contentUrl":"https:\/\/www.euroresidentes.com\/entretenimiento\/frases-citas-imagenes\/wp-content\/uploads\/sites\/7\/2016\/08\/marilu-autor-2016-150x150.png","caption":"Maril\u00fa Hern\u00e1ndez"},"description":"Maril\u00fa Hern\u00e1ndez- Apasionada de los libros, citas c\u00e9lebres, refranes y todo lo que a letras se refiera, cin\u00e9fila en mis ratos libres y amante de los postres.","url":"https:\/\/www.euroresidentes.com\/entretenimiento\/frases-citas-imagenes\/author\/marilu\/"}]}},"_links":{"self":[{"href":"https:\/\/www.euroresidentes.com\/entretenimiento\/frases-citas-imagenes\/wp-json\/wp\/v2\/posts\/3513","targetHints":{"allow":["GET"]}}],"collection":[{"href":"https:\/\/www.euroresidentes.com\/entretenimiento\/frases-citas-imagenes\/wp-json\/wp\/v2\/posts"}],"about":[{"href":"https:\/\/www.euroresidentes.com\/entretenimiento\/frases-citas-imagenes\/wp-json\/wp\/v2\/types\/post"}],"author":[{"embeddable":true,"href":"https:\/\/www.euroresidentes.com\/entretenimiento\/frases-citas-imagenes\/wp-json\/wp\/v2\/users\/5"}],"replies":[{"embeddable":true,"href":"https:\/\/www.euroresidentes.com\/entretenimiento\/frases-citas-imagenes\/wp-json\/wp\/v2\/comments?post=3513"}],"version-history":[{"count":4,"href":"https:\/\/www.euroresidentes.com\/entretenimiento\/frases-citas-imagenes\/wp-json\/wp\/v2\/posts\/3513\/revisions"}],"predecessor-version":[{"id":7442,"href":"https:\/\/www.euroresidentes.com\/entretenimiento\/frases-citas-imagenes\/wp-json\/wp\/v2\/posts\/3513\/revisions\/7442"}],"wp:featuredmedia":[{"embeddable":true,"href":"https:\/\/www.euroresidentes.com\/entretenimiento\/frases-citas-imagenes\/wp-json\/wp\/v2\/media\/3714"}],"wp:attachment":[{"href":"https:\/\/www.euroresidentes.com\/entretenimiento\/frases-citas-imagenes\/wp-json\/wp\/v2\/media?parent=3513"}],"wp:term":[{"taxonomy":"category","embeddable":true,"href":"https:\/\/www.euroresidentes.com\/entretenimiento\/frases-citas-imagenes\/wp-json\/wp\/v2\/categories?post=3513"},{"taxonomy":"post_tag","embeddable":true,"href":"https:\/\/www.euroresidentes.com\/entretenimiento\/frases-citas-imagenes\/wp-json\/wp\/v2\/tags?post=3513"}],"curies":[{"name":"wp","href":"https:\/\/api.w.org\/{rel}","templated":true}]}}