{"id":1961,"date":"2021-03-21T14:41:00","date_gmt":"2021-03-21T13:41:00","guid":{"rendered":"https:\/\/www.euroresidentes.com\/entretenimiento\/frases-citas-imagenes\/frases-de-primavera"},"modified":"2021-03-31T14:55:14","modified_gmt":"2021-03-31T12:55:14","slug":"frases-de-primavera","status":"publish","type":"post","link":"https:\/\/www.euroresidentes.com\/entretenimiento\/frases-citas-imagenes\/frases-de-primavera\/","title":{"rendered":"Frases de Primavera"},"content":{"rendered":"<p>La Primavera hace florecer todas las cosas, es la <strong>\u00e9poca de amor y los buenos sentimientos<\/strong>. Os animo a aprovechar los d\u00edas de primavera y recibir toda la buena energ\u00eda que nos transmite, empezando por estas<strong> frases de primavera, la estaci\u00f3n m\u00e1s colorida y alegre del a\u00f1o.<\/strong><\/p>\n<h2><strong>Frases sobre la Primave<\/strong>ra<\/h2>\n<p><i>\u00abLa ciencia nunca ha conseguido un agente tranquilizante tan eficaz como un soleado d\u00eda de primavera.\u00bb &#8211; W. Earl Hall<\/i><\/p>\n<hr \/>\n<p class=\"p2\"><em><span class=\"s1\">\u201cLo \u00fanico que podr\u00eda estropear el d\u00eda era la gente. Las personas fueron siempre las limitantes de la felicidad a excepci\u00f3n de las muy pocas que eran tan buenas como la misma primavera.\u201d\u00a0 &#8211;\u00a0<\/span><span class=\"s1\">Ernest Hemingway<\/span><\/em><\/p>\n<hr \/>\n<p class=\"p2\"><i><em><span class=\"s1\">\u201c<\/span><\/em>La primavera muestra lo que Dios puede hacer con un mundo gris y sucio.<em><span class=\"s1\">\u201d<\/span><\/em>-Virgilio A. Kraft<\/i><\/p>\n<hr \/>\n<p class=\"p2\" style=\"text-align: left;\"><i><em><span class=\"s1\">\u201c<\/span><\/em>El oto\u00f1o es una segunda primavera, cuando cada hoja es una flor.<em><span class=\"s1\">\u201d<\/span><\/em>\u00a0(Albert Camus)<br \/>\n<\/i><\/p>\n<div id=\"attachment_8570\" style=\"width: 710px\" class=\"wp-caption aligncenter\"><img loading=\"lazy\" decoding=\"async\" aria-describedby=\"caption-attachment-8570\" class=\"wp-image-8570 size-full\" title=\"frases sobre la primavera\" src=\"https:\/\/www.euroresidentes.com\/entretenimiento\/frases-citas-imagenes\/wp-content\/uploads\/sites\/7\/2012\/03\/frases-primavera.jpg\" alt=\"Frases sobre la primavera\" width=\"700\" height=\"525\" srcset=\"https:\/\/www.euroresidentes.com\/entretenimiento\/frases-citas-imagenes\/wp-content\/uploads\/sites\/7\/2012\/03\/frases-primavera.jpg 700w, https:\/\/www.euroresidentes.com\/entretenimiento\/frases-citas-imagenes\/wp-content\/uploads\/sites\/7\/2012\/03\/frases-primavera-300x225.jpg 300w, https:\/\/www.euroresidentes.com\/entretenimiento\/frases-citas-imagenes\/wp-content\/uploads\/sites\/7\/2012\/03\/frases-primavera-396x297.jpg 396w\" sizes=\"auto, (max-width: 700px) 100vw, 700px\" \/><p id=\"caption-attachment-8570\" class=\"wp-caption-text\">Foto: pexels.com<\/p><\/div>\n<hr \/>\n<p><i><em><span class=\"s1\">\u201c<\/span><\/em>El d\u00eda que El Se\u00f1or cre\u00f3 la esperanza probablemente fue el mismo d\u00eda que cre\u00f3 la primavera.<em><span class=\"s1\">\u201d-\u00a0<\/span><\/em>Bern Williams<\/i><\/p>\n<hr \/>\n<p class=\"p1\"><em><span class=\"s1\">\u201cNunca olvides esta importante lecci\u00f3n. Jam\u00e1s cortes un \u00e1rbol en invierno. Jam\u00e1s tomes una decisi\u00f3n negativa en tiempo adverso. Nunca tomes las m\u00e1s importantes decisiones cuando est\u00e9s en tu peor estado de \u00e1nimo. Espera. S\u00e9 paciente. La tormenta pasar\u00e1. Recuerda que la primavera volver\u00e1.\u00bb &#8211;\u00a0<\/span><span class=\"s1\">Robert Schuller<\/span><\/em><\/p>\n<hr \/>\n<p><i><em><span class=\"s1\">\u201c<\/span><\/em>Camina ligeramente en la primavera; la madre tierra est\u00e1 embarazada.<em><span class=\"s1\">\u201d &#8211;\u00a0<\/span><\/em>Proverbio<\/i><\/p>\n<hr \/>\n<p><i><em><span class=\"s1\">\u201c<\/span><\/em>Un optimista es la personificaci\u00f3n de la primavera.<em><span class=\"s1\">\u201d<\/span><\/em>&#8211; Susan J. Bissonette<br \/>\n<\/i><\/p>\n<hr \/>\n<p class=\"p1\"><em><span class=\"s1\">\u00abLa primavera ha vuelto una vez m\u00e1s. La tierra<br \/>\n<\/span><span class=\"s1\">Se parece a una ni\u00f1a que sabe poes\u00edas:<br \/>\n<\/span><span class=\"s1\">Muchas, oh, muchas s\u00ed\u2026Por lo que le ha costado<br \/>\n<\/span><span class=\"s1\">Su largo aprendizaje recibe el premio ahora.\u00bb-\u00a0<\/span><span class=\"s1\">Rainier Maria Rilke<\/span><\/em><\/p>\n<hr \/>\n<p><i><em><span class=\"s1\">\u201c<\/span><\/em>Una golondrina no hace la primavera, ni tampoco un buen d\u00eda.<em><span class=\"s1\">\u201d-\u00a0<\/span><\/em>Arist\u00f3teles<br \/>\n<\/i><\/p>\n<hr \/>\n<p><i><em><span class=\"s1\">\u201c<\/span><\/em>Si\u00e9ntate en silencio sin hacer nada, la primavera llega y la hierba crece por s\u00ed sola.<em><span class=\"s1\">\u201d<\/span><\/em>\u00a0-Proverbio<\/i><\/p>\n<hr \/>\n<p class=\"p1\"><em><span class=\"s1\">\u201cEn primavera, el amor se lleva en la brisa. Ten cuidado con las pasiones voladoras o los besos que pasan zumbando por tu cabeza.\u201d &#8211;<\/span><span class=\"s1\">Emmanuel Racine<\/span><\/em><\/p>\n<hr \/>\n<p class=\"p1\"><em><span class=\"s1\">\u201cMi amor no precisa fronteras; como la primavera no prefiere jard\u00edn.\u201d &#8211;<\/span><span class=\"s1\">Silvio Rodr\u00edguez<\/span><\/em><\/p>\n<hr \/>\n<p class=\"p1\"><em><span class=\"s1\">\u201cViene la hermosa primavera y cuando la naturaleza reanuda su belleza, el alma humana tambi\u00e9n puede revivir.\u201d-\u00a0<\/span><span class=\"s1\">Harriet Ann Jacobs<\/span><\/em><\/p>\n<p style=\"text-align: center;\"><img loading=\"lazy\" decoding=\"async\" class=\"aligncenter wp-image-8578 size-full\" title=\"frases de primavera\" src=\"https:\/\/www.euroresidentes.com\/entretenimiento\/frases-citas-imagenes\/wp-content\/uploads\/sites\/7\/2019\/03\/frases-sobre-la-primavera.jpg\" alt=\"frases de primavera\" width=\"700\" height=\"525\" srcset=\"https:\/\/www.euroresidentes.com\/entretenimiento\/frases-citas-imagenes\/wp-content\/uploads\/sites\/7\/2019\/03\/frases-sobre-la-primavera.jpg 700w, https:\/\/www.euroresidentes.com\/entretenimiento\/frases-citas-imagenes\/wp-content\/uploads\/sites\/7\/2019\/03\/frases-sobre-la-primavera-300x225.jpg 300w, https:\/\/www.euroresidentes.com\/entretenimiento\/frases-citas-imagenes\/wp-content\/uploads\/sites\/7\/2019\/03\/frases-sobre-la-primavera-396x297.jpg 396w\" sizes=\"auto, (max-width: 700px) 100vw, 700px\" \/><\/p>\n<hr \/>\n<p class=\"p1\"><em><span class=\"s1\">\u201cEn el coraz\u00f3n de todos los inviernos vive una primavera palpitante y detr\u00e1s de cada noche, viene una aurora sonriente.\u201d &#8211;<\/span><\/em><em><span class=\"s1\">Khalil Gibran<\/span><\/em><\/p>\n<hr \/>\n<p><i><em><span class=\"s1\">\u201c<\/span><\/em>Si no tuvi\u00e9ramos invierno, la primavera no ser\u00eda tan agradable: si no le sinti\u00e9ramos a veces gusto a la adversidad, la prosperidad no ser\u00eda tan bienvenida.<em><span class=\"s1\">\u201d\u00a0<\/span><\/em>-Anne Bradstreet<\/i><\/p>\n<hr \/>\n<p class=\"p1\"><span class=\"s1\">\u201cCada primavera es la \u00fanica primavera, un asombro perpetuo.\u201d &#8211;<\/span><span class=\"s1\">Ellis Peters<\/span><\/p>\n<hr \/>\n<p class=\"p1\"><em><span class=\"s1\">\u201cNing\u00fan invierno dura para siempre; no hay primavera que salte su turno.\u201d-\u00a0<\/span><span class=\"s1\">Hal Borland<\/span><\/em><\/p>\n<hr \/>\n<p><i><em><span class=\"s1\">\u201c<\/span><\/em>La primavera es cuando la vida est\u00e1 en todo.<em><span class=\"s1\">\u201d &#8211;\u00a0<\/span><\/em>Christina Rossetti<\/i><\/p>\n<hr \/>\n<p><i><em><span class=\"s1\">\u201c<\/span><\/em>Un poco de locura en la primavera es saludable, incluso para el rey.<em><span class=\"s1\">\u201d &#8211;<\/span><\/em>Emily Dickinson<\/i><\/p>\n<hr \/>\n<p class=\"p1\"><em><span class=\"s1\">\u201cQuiero hacer contigo lo que la primavera hace con los cerezos.\u201d &#8211;\u00a0<\/span><span class=\"s1\">Pablo Neruda<\/span><\/em><\/p>\n<hr \/>\n<p class=\"p1\"><em><span class=\"s1\">\u201cMientras haya en el mundo primavera, \u00a1habr\u00e1 poes\u00eda!\u201d &#8211;<\/span><span class=\"s1\">Gustavo Adolfo B\u00e9quer<\/span><\/em><\/p>\n<hr \/>\n<p class=\"p1\"><em><span class=\"s1\">\u201cDo\u00f1a Primavera de aliento fecundo, se r\u00ede de todas las penas del mundo.\u201d-\u00a0<\/span><span class=\"s1\">Gabriela Mistral<\/span><\/em><\/p>\n<hr \/>\n<p class=\"p1\"><em><span class=\"s1\">\u201cLa primavera ha venido, nadie sabe c\u00f3mo ha sido.\u201d-\u00a0<\/span><span class=\"s1\">Antonio Machado<\/span><\/em><\/p>\n<hr \/>\n<p class=\"p1\"><em><span class=\"s1\">\u201cLa vida est\u00e1 delante de m\u00ed como primavera eterna con ropa nueva y brillante.\u201d<\/span><span class=\"s1\">Carl Friedrich Gauss<\/span><\/em><\/p>\n<hr \/>\n<p class=\"p1\" style=\"text-align: left;\"><em><span class=\"s1\">\u201cCuando se abre una flor, es primavera en todo el mundo.\u201d &#8211;\u00a0<\/span><span class=\"s1\">Alejandro Jodorowsky<\/span><\/em><\/p>\n<hr \/>\n<p class=\"p1\" style=\"text-align: left;\"><em><span class=\"s1\">\u201cEres la \u00fanica rosa en la que caben todas las primaveras.\u201d &#8211;<\/span><span class=\"s1\">Antonio Gala<\/span><\/em><\/p>\n<hr \/>\n<p style=\"text-align: left;\" data-tadv-p=\"keep\"><i><em><span class=\"s1\">\u201c<\/span><\/em>Si llega el invierno, \u00bfPuede la primavera estar lejos?.<em><span class=\"s1\">\u201d &#8211;<\/span><\/em>Percy Bysshe Shelley<\/i><\/p>\n<hr \/>\n<p style=\"text-align: left;\" data-tadv-p=\"keep\"><i><em><span class=\"s1\">\u201c<\/span><\/em>El invierno est\u00e1 en mi cabeza, pero la eterna primavera est\u00e1 en mi coraz\u00f3n.<em><span class=\"s1\">\u201d <\/span><\/em><\/i><span class=\"s1\">&#8211;<\/span><i>V\u00edctor Hugo<\/i><i><br \/>\n<\/i><\/p>\n<hr \/>\n<p><strong>Lec<\/strong><strong>turas relacionadas:<\/strong><\/p>\n<ul>\n<li data-tadv-p=\"keep\"><a style=\"font-size: inherit;\" href=\"https:\/\/www.euroresidentes.com\/calendario\/primavera\/primavera.htm\">Primavera<\/a><\/li>\n<li data-tadv-p=\"keep\"><a style=\"font-size: inherit;\" href=\"https:\/\/www.euroresidentes.com\/entretenimiento\/frases-citas-imagenes\/refranes-sobre-la-primavera\">Refranes sobre la Primavera<\/a><\/li>\n<li data-tadv-p=\"keep\"><!-- Fin post relacionado --><a style=\"font-size: inherit;\" href=\"https:\/\/www.euroresidentes.com\/hogar\/decoracion\/decoracion-en-primavera\">C\u00f3mo darle un aire nuevo a tu hogar en primavera<\/a><\/li>\n<\/ul>\n<p><!-- Fin post relacionado --><\/p>\n<p><!-- Fin post relacionado --><\/p>\n","protected":false},"excerpt":{"rendered":"<p>La Primavera hace florecer todas las cosas, es la \u00e9poca de amor y los buenos sentimientos. Os animo a aprovechar los d\u00edas de primavera y recibir toda la buena energ\u00eda que nos transmite, empezando por estas frases de primavera, la estaci\u00f3n m\u00e1s colorida y alegre del a\u00f1o. Frases sobre la Primavera \u00abLa ciencia nunca ha conseguido un agente tranquilizante tan eficaz como un soleado d\u00eda de primavera.\u00bb &#8211; W. Earl Hall \u201cLo \u00fanico que podr\u00eda estropear el d\u00eda era la gente. Las personas fueron siempre las limitantes de la felicidad a excepci\u00f3n de las muy pocas que eran tan buenas <\/p>\n","protected":false},"author":5,"featured_media":8570,"comment_status":"open","ping_status":"open","sticky":false,"template":"","format":"standard","meta":{"footnotes":""},"categories":[1],"tags":[],"class_list":["post-1961","post","type-post","status-publish","format-standard","has-post-thumbnail","hentry","category-frases","has_thumb"],"yoast_head":"<!-- This site is optimized with the Yoast SEO plugin v24.1 - https:\/\/yoast.com\/wordpress\/plugins\/seo\/ -->\n<title>Frases de Primavera para compartir<\/title>\n<meta name=\"description\" content=\"Aprovecha los d\u00edas de primavera y recibe la buena energ\u00eda que transmite, empezando por estas frases sobre la estaci\u00f3n m\u00e1s colorida y alegre del a\u00f1o.\" \/>\n<meta name=\"robots\" content=\"index, follow, max-snippet:-1, max-image-preview:large, max-video-preview:-1\" \/>\n<link rel=\"canonical\" href=\"https:\/\/www.euroresidentes.com\/entretenimiento\/frases-citas-imagenes\/frases-de-primavera\/\" \/>\n<meta property=\"og:locale\" content=\"es_ES\" \/>\n<meta property=\"og:type\" content=\"article\" \/>\n<meta property=\"og:title\" content=\"Frases de Primavera para compartir\" \/>\n<meta property=\"og:description\" content=\"Aprovecha los d\u00edas de primavera y recibe la buena energ\u00eda que transmite, empezando por estas frases sobre la estaci\u00f3n m\u00e1s colorida y alegre del a\u00f1o.\" \/>\n<meta property=\"og:url\" content=\"https:\/\/www.euroresidentes.com\/entretenimiento\/frases-citas-imagenes\/frases-de-primavera\/\" \/>\n<meta property=\"og:site_name\" content=\"Frases y Citas C\u00e9lebres\" \/>\n<meta property=\"article:publisher\" content=\"https:\/\/www.facebook.com\/frases.euroresidentes\/\" \/>\n<meta property=\"article:published_time\" content=\"2021-03-21T13:41:00+00:00\" \/>\n<meta property=\"article:modified_time\" content=\"2021-03-31T12:55:14+00:00\" \/>\n<meta property=\"og:image\" content=\"https:\/\/www.euroresidentes.com\/entretenimiento\/frases-citas-imagenes\/wp-content\/uploads\/sites\/7\/2012\/03\/frases-primavera.jpg\" \/>\n\t<meta property=\"og:image:width\" content=\"700\" \/>\n\t<meta property=\"og:image:height\" content=\"525\" \/>\n\t<meta property=\"og:image:type\" content=\"image\/jpeg\" \/>\n<meta name=\"author\" content=\"Maril\u00fa Hern\u00e1ndez\" \/>\n<meta name=\"twitter:card\" content=\"summary_large_image\" \/>\n<meta name=\"twitter:label1\" content=\"Written by\" \/>\n\t<meta name=\"twitter:data1\" content=\"Maril\u00fa Hern\u00e1ndez\" \/>\n\t<meta name=\"twitter:label2\" content=\"Est. reading time\" \/>\n\t<meta name=\"twitter:data2\" content=\"3 minutos\" \/>\n<script type=\"application\/ld+json\" class=\"yoast-schema-graph\">{\"@context\":\"https:\/\/schema.org\",\"@graph\":[{\"@type\":\"WebPage\",\"@id\":\"https:\/\/www.euroresidentes.com\/entretenimiento\/frases-citas-imagenes\/frases-de-primavera\/\",\"url\":\"https:\/\/www.euroresidentes.com\/entretenimiento\/frases-citas-imagenes\/frases-de-primavera\/\",\"name\":\"Frases de Primavera para compartir\",\"isPartOf\":{\"@id\":\"https:\/\/www.euroresidentes.com\/entretenimiento\/frases-citas-imagenes\/#website\"},\"primaryImageOfPage\":{\"@id\":\"https:\/\/www.euroresidentes.com\/entretenimiento\/frases-citas-imagenes\/frases-de-primavera\/#primaryimage\"},\"image\":{\"@id\":\"https:\/\/www.euroresidentes.com\/entretenimiento\/frases-citas-imagenes\/frases-de-primavera\/#primaryimage\"},\"thumbnailUrl\":\"https:\/\/www.euroresidentes.com\/entretenimiento\/frases-citas-imagenes\/wp-content\/uploads\/sites\/7\/2012\/03\/frases-primavera.jpg\",\"datePublished\":\"2021-03-21T13:41:00+00:00\",\"dateModified\":\"2021-03-31T12:55:14+00:00\",\"author\":{\"@id\":\"https:\/\/www.euroresidentes.com\/entretenimiento\/frases-citas-imagenes\/#\/schema\/person\/1d462109dd66b3c11cebec62193acfaa\"},\"description\":\"Aprovecha los d\u00edas de primavera y recibe la buena energ\u00eda que transmite, empezando por estas frases sobre la estaci\u00f3n m\u00e1s colorida y alegre del a\u00f1o.\",\"breadcrumb\":{\"@id\":\"https:\/\/www.euroresidentes.com\/entretenimiento\/frases-citas-imagenes\/frases-de-primavera\/#breadcrumb\"},\"inLanguage\":\"es\",\"potentialAction\":[{\"@type\":\"ReadAction\",\"target\":[\"https:\/\/www.euroresidentes.com\/entretenimiento\/frases-citas-imagenes\/frases-de-primavera\/\"]}]},{\"@type\":\"ImageObject\",\"inLanguage\":\"es\",\"@id\":\"https:\/\/www.euroresidentes.com\/entretenimiento\/frases-citas-imagenes\/frases-de-primavera\/#primaryimage\",\"url\":\"https:\/\/www.euroresidentes.com\/entretenimiento\/frases-citas-imagenes\/wp-content\/uploads\/sites\/7\/2012\/03\/frases-primavera.jpg\",\"contentUrl\":\"https:\/\/www.euroresidentes.com\/entretenimiento\/frases-citas-imagenes\/wp-content\/uploads\/sites\/7\/2012\/03\/frases-primavera.jpg\",\"width\":700,\"height\":525,\"caption\":\"Foto: pexels.com\"},{\"@type\":\"BreadcrumbList\",\"@id\":\"https:\/\/www.euroresidentes.com\/entretenimiento\/frases-citas-imagenes\/frases-de-primavera\/#breadcrumb\",\"itemListElement\":[{\"@type\":\"ListItem\",\"position\":1,\"name\":\"Portada\",\"item\":\"https:\/\/www.euroresidentes.com\/entretenimiento\/frases-citas-imagenes\/\"},{\"@type\":\"ListItem\",\"position\":2,\"name\":\"Frases de Primavera\"}]},{\"@type\":\"WebSite\",\"@id\":\"https:\/\/www.euroresidentes.com\/entretenimiento\/frases-citas-imagenes\/#website\",\"url\":\"https:\/\/www.euroresidentes.com\/entretenimiento\/frases-citas-imagenes\/\",\"name\":\"Frases y Citas C\u00e9lebres\",\"description\":\"Frases, citas c\u00e9lebres de autores, refranes, frases de figuras hist\u00f3ricas\",\"potentialAction\":[{\"@type\":\"SearchAction\",\"target\":{\"@type\":\"EntryPoint\",\"urlTemplate\":\"https:\/\/www.euroresidentes.com\/entretenimiento\/frases-citas-imagenes\/?s={search_term_string}\"},\"query-input\":{\"@type\":\"PropertyValueSpecification\",\"valueRequired\":true,\"valueName\":\"search_term_string\"}}],\"inLanguage\":\"es\"},{\"@type\":\"Person\",\"@id\":\"https:\/\/www.euroresidentes.com\/entretenimiento\/frases-citas-imagenes\/#\/schema\/person\/1d462109dd66b3c11cebec62193acfaa\",\"name\":\"Maril\u00fa Hern\u00e1ndez\",\"image\":{\"@type\":\"ImageObject\",\"inLanguage\":\"es\",\"@id\":\"https:\/\/www.euroresidentes.com\/entretenimiento\/frases-citas-imagenes\/#\/schema\/person\/image\/\",\"url\":\"https:\/\/www.euroresidentes.com\/entretenimiento\/frases-citas-imagenes\/wp-content\/uploads\/sites\/7\/2016\/08\/marilu-autor-2016-150x150.png\",\"contentUrl\":\"https:\/\/www.euroresidentes.com\/entretenimiento\/frases-citas-imagenes\/wp-content\/uploads\/sites\/7\/2016\/08\/marilu-autor-2016-150x150.png\",\"caption\":\"Maril\u00fa Hern\u00e1ndez\"},\"description\":\"Maril\u00fa Hern\u00e1ndez- Apasionada de los libros, citas c\u00e9lebres, refranes y todo lo que a letras se refiera, cin\u00e9fila en mis ratos libres y amante de los postres.\",\"url\":\"https:\/\/www.euroresidentes.com\/entretenimiento\/frases-citas-imagenes\/author\/marilu\/\"}]}<\/script>\n<!-- \/ Yoast SEO plugin. -->","yoast_head_json":{"title":"Frases de Primavera para compartir","description":"Aprovecha los d\u00edas de primavera y recibe la buena energ\u00eda que transmite, empezando por estas frases sobre la estaci\u00f3n m\u00e1s colorida y alegre del a\u00f1o.","robots":{"index":"index","follow":"follow","max-snippet":"max-snippet:-1","max-image-preview":"max-image-preview:large","max-video-preview":"max-video-preview:-1"},"canonical":"https:\/\/www.euroresidentes.com\/entretenimiento\/frases-citas-imagenes\/frases-de-primavera\/","og_locale":"es_ES","og_type":"article","og_title":"Frases de Primavera para compartir","og_description":"Aprovecha los d\u00edas de primavera y recibe la buena energ\u00eda que transmite, empezando por estas frases sobre la estaci\u00f3n m\u00e1s colorida y alegre del a\u00f1o.","og_url":"https:\/\/www.euroresidentes.com\/entretenimiento\/frases-citas-imagenes\/frases-de-primavera\/","og_site_name":"Frases y Citas C\u00e9lebres","article_publisher":"https:\/\/www.facebook.com\/frases.euroresidentes\/","article_published_time":"2021-03-21T13:41:00+00:00","article_modified_time":"2021-03-31T12:55:14+00:00","og_image":[{"width":700,"height":525,"url":"https:\/\/www.euroresidentes.com\/entretenimiento\/frases-citas-imagenes\/wp-content\/uploads\/sites\/7\/2012\/03\/frases-primavera.jpg","type":"image\/jpeg"}],"author":"Maril\u00fa Hern\u00e1ndez","twitter_card":"summary_large_image","twitter_misc":{"Written by":"Maril\u00fa Hern\u00e1ndez","Est. reading time":"3 minutos"},"schema":{"@context":"https:\/\/schema.org","@graph":[{"@type":"WebPage","@id":"https:\/\/www.euroresidentes.com\/entretenimiento\/frases-citas-imagenes\/frases-de-primavera\/","url":"https:\/\/www.euroresidentes.com\/entretenimiento\/frases-citas-imagenes\/frases-de-primavera\/","name":"Frases de Primavera para compartir","isPartOf":{"@id":"https:\/\/www.euroresidentes.com\/entretenimiento\/frases-citas-imagenes\/#website"},"primaryImageOfPage":{"@id":"https:\/\/www.euroresidentes.com\/entretenimiento\/frases-citas-imagenes\/frases-de-primavera\/#primaryimage"},"image":{"@id":"https:\/\/www.euroresidentes.com\/entretenimiento\/frases-citas-imagenes\/frases-de-primavera\/#primaryimage"},"thumbnailUrl":"https:\/\/www.euroresidentes.com\/entretenimiento\/frases-citas-imagenes\/wp-content\/uploads\/sites\/7\/2012\/03\/frases-primavera.jpg","datePublished":"2021-03-21T13:41:00+00:00","dateModified":"2021-03-31T12:55:14+00:00","author":{"@id":"https:\/\/www.euroresidentes.com\/entretenimiento\/frases-citas-imagenes\/#\/schema\/person\/1d462109dd66b3c11cebec62193acfaa"},"description":"Aprovecha los d\u00edas de primavera y recibe la buena energ\u00eda que transmite, empezando por estas frases sobre la estaci\u00f3n m\u00e1s colorida y alegre del a\u00f1o.","breadcrumb":{"@id":"https:\/\/www.euroresidentes.com\/entretenimiento\/frases-citas-imagenes\/frases-de-primavera\/#breadcrumb"},"inLanguage":"es","potentialAction":[{"@type":"ReadAction","target":["https:\/\/www.euroresidentes.com\/entretenimiento\/frases-citas-imagenes\/frases-de-primavera\/"]}]},{"@type":"ImageObject","inLanguage":"es","@id":"https:\/\/www.euroresidentes.com\/entretenimiento\/frases-citas-imagenes\/frases-de-primavera\/#primaryimage","url":"https:\/\/www.euroresidentes.com\/entretenimiento\/frases-citas-imagenes\/wp-content\/uploads\/sites\/7\/2012\/03\/frases-primavera.jpg","contentUrl":"https:\/\/www.euroresidentes.com\/entretenimiento\/frases-citas-imagenes\/wp-content\/uploads\/sites\/7\/2012\/03\/frases-primavera.jpg","width":700,"height":525,"caption":"Foto: pexels.com"},{"@type":"BreadcrumbList","@id":"https:\/\/www.euroresidentes.com\/entretenimiento\/frases-citas-imagenes\/frases-de-primavera\/#breadcrumb","itemListElement":[{"@type":"ListItem","position":1,"name":"Portada","item":"https:\/\/www.euroresidentes.com\/entretenimiento\/frases-citas-imagenes\/"},{"@type":"ListItem","position":2,"name":"Frases de Primavera"}]},{"@type":"WebSite","@id":"https:\/\/www.euroresidentes.com\/entretenimiento\/frases-citas-imagenes\/#website","url":"https:\/\/www.euroresidentes.com\/entretenimiento\/frases-citas-imagenes\/","name":"Frases y Citas C\u00e9lebres","description":"Frases, citas c\u00e9lebres de autores, refranes, frases de figuras hist\u00f3ricas","potentialAction":[{"@type":"SearchAction","target":{"@type":"EntryPoint","urlTemplate":"https:\/\/www.euroresidentes.com\/entretenimiento\/frases-citas-imagenes\/?s={search_term_string}"},"query-input":{"@type":"PropertyValueSpecification","valueRequired":true,"valueName":"search_term_string"}}],"inLanguage":"es"},{"@type":"Person","@id":"https:\/\/www.euroresidentes.com\/entretenimiento\/frases-citas-imagenes\/#\/schema\/person\/1d462109dd66b3c11cebec62193acfaa","name":"Maril\u00fa Hern\u00e1ndez","image":{"@type":"ImageObject","inLanguage":"es","@id":"https:\/\/www.euroresidentes.com\/entretenimiento\/frases-citas-imagenes\/#\/schema\/person\/image\/","url":"https:\/\/www.euroresidentes.com\/entretenimiento\/frases-citas-imagenes\/wp-content\/uploads\/sites\/7\/2016\/08\/marilu-autor-2016-150x150.png","contentUrl":"https:\/\/www.euroresidentes.com\/entretenimiento\/frases-citas-imagenes\/wp-content\/uploads\/sites\/7\/2016\/08\/marilu-autor-2016-150x150.png","caption":"Maril\u00fa Hern\u00e1ndez"},"description":"Maril\u00fa Hern\u00e1ndez- Apasionada de los libros, citas c\u00e9lebres, refranes y todo lo que a letras se refiera, cin\u00e9fila en mis ratos libres y amante de los postres.","url":"https:\/\/www.euroresidentes.com\/entretenimiento\/frases-citas-imagenes\/author\/marilu\/"}]}},"_links":{"self":[{"href":"https:\/\/www.euroresidentes.com\/entretenimiento\/frases-citas-imagenes\/wp-json\/wp\/v2\/posts\/1961","targetHints":{"allow":["GET"]}}],"collection":[{"href":"https:\/\/www.euroresidentes.com\/entretenimiento\/frases-citas-imagenes\/wp-json\/wp\/v2\/posts"}],"about":[{"href":"https:\/\/www.euroresidentes.com\/entretenimiento\/frases-citas-imagenes\/wp-json\/wp\/v2\/types\/post"}],"author":[{"embeddable":true,"href":"https:\/\/www.euroresidentes.com\/entretenimiento\/frases-citas-imagenes\/wp-json\/wp\/v2\/users\/5"}],"replies":[{"embeddable":true,"href":"https:\/\/www.euroresidentes.com\/entretenimiento\/frases-citas-imagenes\/wp-json\/wp\/v2\/comments?post=1961"}],"version-history":[{"count":22,"href":"https:\/\/www.euroresidentes.com\/entretenimiento\/frases-citas-imagenes\/wp-json\/wp\/v2\/posts\/1961\/revisions"}],"predecessor-version":[{"id":9070,"href":"https:\/\/www.euroresidentes.com\/entretenimiento\/frases-citas-imagenes\/wp-json\/wp\/v2\/posts\/1961\/revisions\/9070"}],"wp:featuredmedia":[{"embeddable":true,"href":"https:\/\/www.euroresidentes.com\/entretenimiento\/frases-citas-imagenes\/wp-json\/wp\/v2\/media\/8570"}],"wp:attachment":[{"href":"https:\/\/www.euroresidentes.com\/entretenimiento\/frases-citas-imagenes\/wp-json\/wp\/v2\/media?parent=1961"}],"wp:term":[{"taxonomy":"category","embeddable":true,"href":"https:\/\/www.euroresidentes.com\/entretenimiento\/frases-citas-imagenes\/wp-json\/wp\/v2\/categories?post=1961"},{"taxonomy":"post_tag","embeddable":true,"href":"https:\/\/www.euroresidentes.com\/entretenimiento\/frases-citas-imagenes\/wp-json\/wp\/v2\/tags?post=1961"}],"curies":[{"name":"wp","href":"https:\/\/api.w.org\/{rel}","templated":true}]}}