{"id":2167,"date":"2016-05-24T12:54:47","date_gmt":"2016-05-24T10:54:47","guid":{"rendered":"https:\/\/www.euroresidentes.com\/entretenimiento\/esoterismo\/?p=2167"},"modified":"2018-04-30T12:17:27","modified_gmt":"2018-04-30T10:17:27","slug":"los-arboles-y-el-zodiaco","status":"publish","type":"post","link":"https:\/\/www.euroresidentes.com\/entretenimiento\/esoterismo\/los-arboles-y-el-zodiaco\/","title":{"rendered":"Los \u00c1rboles y el Zodiaco"},"content":{"rendered":"<h2><strong>\u00bfSabes qu\u00e9 los \u00e1rboles hablan de t\u00ed?<\/strong><\/h2>\n<p><strong>Los \u00c1rboles y el Zodiaco<\/strong> tienen una estrecha relaci\u00f3n en el <a href=\"https:\/\/www.euroresidentes.com\/entretenimiento\/horoscopos-de-famosos\/horoscopo-celta\" target=\"_blank\">Hor\u00f3scopo Celta<\/a>. Al igual que los hor\u00f3scopos, los \u00e1rboles tambi\u00e9n pueden definirte, hablar sobre\u00a0ti y decirnos muchos secretos sobre tu persona. <a href=\"https:\/\/www.euroresidentes.com\/horoscopos\/arbol\/arbol-fecha-cumplanos.htm\" target=\"_blank\">Utilizando tu fecha de nacimiento<\/a> puedes saber cu\u00e1l es el \u00e1rbol que te corresponde en dicho Hor\u00f3scopo. Mira a ver qu\u00e9 dice sobre ti:<\/p>\n<p><!-- inserta publi --><\/p>\n<p>Si has nacido entre los d\u00edas<strong>\u00a023 Diciembre al 11 Enero y el\u00a025 Junio al 04 Julio, <\/strong>tu \u00e1rbol es el <strong><a href=\"https:\/\/www.euroresidentes.com\/horoscopos\/arbol\/manzano.htm\" target=\"_blank\">Manzano<\/a><\/strong>. Mira lo que dice sobre ti y a ver si te sientes reflejada en esos rasgos de personalidad o de car\u00e1cter:<\/p>\n<div id=\"attachment_2254\" style=\"width: 710px\" class=\"wp-caption aligncenter\"><img loading=\"lazy\" decoding=\"async\" aria-describedby=\"caption-attachment-2254\" class=\"wp-image-2254 size-full\" title=\"El Manzano y el Zodiaco\" src=\"https:\/\/www.euroresidentes.com\/entretenimiento\/esoterismo\/wp-content\/uploads\/sites\/4\/2016\/05\/manzano.jpg\" alt=\"El Manzano y el Zodiaco\" width=\"700\" height=\"525\" srcset=\"https:\/\/www.euroresidentes.com\/entretenimiento\/esoterismo\/wp-content\/uploads\/sites\/4\/2016\/05\/manzano.jpg 700w, https:\/\/www.euroresidentes.com\/entretenimiento\/esoterismo\/wp-content\/uploads\/sites\/4\/2016\/05\/manzano-300x225.jpg 300w, https:\/\/www.euroresidentes.com\/entretenimiento\/esoterismo\/wp-content\/uploads\/sites\/4\/2016\/05\/manzano-396x297.jpg 396w\" sizes=\"auto, (max-width: 700px) 100vw, 700px\" \/><p id=\"caption-attachment-2254\" class=\"wp-caption-text\">El Manzano y el Zodiaco<\/p><\/div>\n<p>Si has nacido entre los d\u00edas\u00a0<strong>02 al 11 Enero y el 5 al 14 de Julio<\/strong><strong>, <\/strong>tu \u00e1rbol es el<strong> <a href=\"https:\/\/www.euroresidentes.com\/horoscopos\/arbol\/abeto.htm\" target=\"_blank\">Abeto<\/a><\/strong>. Mira lo que dice sobre ti y a ver si te sientes reflejada en esos rasgos de personalidad o de car\u00e1cter:<\/p>\n<div id=\"attachment_2255\" style=\"width: 710px\" class=\"wp-caption aligncenter\"><img loading=\"lazy\" decoding=\"async\" aria-describedby=\"caption-attachment-2255\" class=\"wp-image-2255 size-full\" title=\"El Abeto y el Zodiaco\" src=\"https:\/\/www.euroresidentes.com\/entretenimiento\/esoterismo\/wp-content\/uploads\/sites\/4\/2016\/05\/abeto.jpg\" alt=\"El Abeto y el Zodiaco\" width=\"700\" height=\"525\" srcset=\"https:\/\/www.euroresidentes.com\/entretenimiento\/esoterismo\/wp-content\/uploads\/sites\/4\/2016\/05\/abeto.jpg 700w, https:\/\/www.euroresidentes.com\/entretenimiento\/esoterismo\/wp-content\/uploads\/sites\/4\/2016\/05\/abeto-300x225.jpg 300w, https:\/\/www.euroresidentes.com\/entretenimiento\/esoterismo\/wp-content\/uploads\/sites\/4\/2016\/05\/abeto-396x297.jpg 396w\" sizes=\"auto, (max-width: 700px) 100vw, 700px\" \/><p id=\"caption-attachment-2255\" class=\"wp-caption-text\">El Abeto y el Zodiaco<\/p><\/div>\n<p>Si has nacido entre los d\u00edas\u00a0<strong>12 al 24 Enero y del 15 al 25 de Julio<\/strong>\u00a0<strong>, <\/strong>tu \u00e1rbol es el<strong> <a href=\"https:\/\/www.euroresidentes.com\/horoscopos\/arbol\/olmo.htm\" target=\"_blank\">Olmo<\/a><\/strong>. Mira lo que dice sobre ti y a ver si te sientes reflejada en esos rasgos de personalidad o de car\u00e1cter:<\/p>\n<div id=\"attachment_2256\" style=\"width: 710px\" class=\"wp-caption aligncenter\"><img loading=\"lazy\" decoding=\"async\" aria-describedby=\"caption-attachment-2256\" class=\"wp-image-2256 size-full\" title=\"El Olmo y el Zodiaco\" src=\"https:\/\/www.euroresidentes.com\/entretenimiento\/esoterismo\/wp-content\/uploads\/sites\/4\/2016\/05\/olmo.jpg\" alt=\"El Olmo y el Zodiaco\" width=\"700\" height=\"525\" srcset=\"https:\/\/www.euroresidentes.com\/entretenimiento\/esoterismo\/wp-content\/uploads\/sites\/4\/2016\/05\/olmo.jpg 700w, https:\/\/www.euroresidentes.com\/entretenimiento\/esoterismo\/wp-content\/uploads\/sites\/4\/2016\/05\/olmo-300x225.jpg 300w, https:\/\/www.euroresidentes.com\/entretenimiento\/esoterismo\/wp-content\/uploads\/sites\/4\/2016\/05\/olmo-396x297.jpg 396w\" sizes=\"auto, (max-width: 700px) 100vw, 700px\" \/><p id=\"caption-attachment-2256\" class=\"wp-caption-text\">El Olmo y el Zodiaco<\/p><\/div>\n<p>Si has nacido entre los d\u00edas\u00a0<strong>25 Enero al 03 Febrero<\/strong>\u00a0y del <strong>26 Julio\u00a0al 04 Agosto, <\/strong>tu \u00e1rbol es el<strong> <a href=\"https:\/\/www.euroresidentes.com\/horoscopos\/arbol\/cipres.htm\" target=\"_blank\">Cipr\u00e9s<\/a><\/strong>. Mira lo que dice sobre ti y a ver si te sientes reflejada en esos rasgos de personalidad o de car\u00e1cter:<\/p>\n<div id=\"attachment_2257\" style=\"width: 710px\" class=\"wp-caption aligncenter\"><img loading=\"lazy\" decoding=\"async\" aria-describedby=\"caption-attachment-2257\" class=\"wp-image-2257 size-full\" title=\"El Cipr\u00e9s y el Zodiaco\" src=\"https:\/\/www.euroresidentes.com\/entretenimiento\/esoterismo\/wp-content\/uploads\/sites\/4\/2016\/05\/cipr\u00e9s.jpg\" alt=\"El Cipr\u00e9s y el Zodiaco\" width=\"700\" height=\"525\" srcset=\"https:\/\/www.euroresidentes.com\/entretenimiento\/esoterismo\/wp-content\/uploads\/sites\/4\/2016\/05\/cipr\u00e9s.jpg 700w, https:\/\/www.euroresidentes.com\/entretenimiento\/esoterismo\/wp-content\/uploads\/sites\/4\/2016\/05\/cipr\u00e9s-300x225.jpg 300w, https:\/\/www.euroresidentes.com\/entretenimiento\/esoterismo\/wp-content\/uploads\/sites\/4\/2016\/05\/cipr\u00e9s-396x297.jpg 396w\" sizes=\"auto, (max-width: 700px) 100vw, 700px\" \/><p id=\"caption-attachment-2257\" class=\"wp-caption-text\">El Cipr\u00e9s y el Zodiaco<\/p><\/div>\n<p>Si has nacido entre\u00a0el <strong>04 al\u00a008 Febrero y entre el 5 al 13 de Agosto<\/strong><strong>, <\/strong>tu \u00e1rbol es el<strong> <a href=\"https:\/\/www.euroresidentes.com\/horoscopos\/arbol\/alamo.htm\" target=\"_blank\">\u00c1lamo<\/a><\/strong>. Mira lo que dice sobre ti y a ver si te sientes reflejada en esos rasgos de personalidad o de car\u00e1cter:<\/p>\n<div id=\"attachment_2258\" style=\"width: 710px\" class=\"wp-caption aligncenter\"><img loading=\"lazy\" decoding=\"async\" aria-describedby=\"caption-attachment-2258\" class=\"wp-image-2258 size-full\" title=\"El \u00c1lamo y el Zodiaco\" src=\"https:\/\/www.euroresidentes.com\/entretenimiento\/esoterismo\/wp-content\/uploads\/sites\/4\/2016\/05\/alamo.jpg\" alt=\"El \u00c1lamo y el Zodiaco\" width=\"700\" height=\"525\" srcset=\"https:\/\/www.euroresidentes.com\/entretenimiento\/esoterismo\/wp-content\/uploads\/sites\/4\/2016\/05\/alamo.jpg 700w, https:\/\/www.euroresidentes.com\/entretenimiento\/esoterismo\/wp-content\/uploads\/sites\/4\/2016\/05\/alamo-300x225.jpg 300w, https:\/\/www.euroresidentes.com\/entretenimiento\/esoterismo\/wp-content\/uploads\/sites\/4\/2016\/05\/alamo-396x297.jpg 396w\" sizes=\"auto, (max-width: 700px) 100vw, 700px\" \/><p id=\"caption-attachment-2258\" class=\"wp-caption-text\">El \u00c1lamo y el Zodiaco<\/p><\/div>\n<p>Si has nacido entre\u00a0los d\u00edas\u00a0<strong>09 \u00a0al\u00a018 Febrero y entre el 14 al 23 de Agosto<\/strong><strong>, <\/strong>tu \u00e1rbol es el<strong> <a href=\"https:\/\/www.euroresidentes.com\/horoscopos\/arbol\/cedro.htm\" target=\"_blank\">Cedro<\/a><\/strong>. Mira lo que dice sobre ti y a ver si te sientes reflejada en esos rasgos de personalidad o de car\u00e1cter:<\/p>\n<div id=\"attachment_2259\" style=\"width: 710px\" class=\"wp-caption aligncenter\"><img loading=\"lazy\" decoding=\"async\" aria-describedby=\"caption-attachment-2259\" class=\"wp-image-2259 size-full\" title=\"El Cedro y el Zodiaco\" src=\"https:\/\/www.euroresidentes.com\/entretenimiento\/esoterismo\/wp-content\/uploads\/sites\/4\/2016\/05\/cedro.jpg\" alt=\"El Cedro y el Zodiaco\" width=\"700\" height=\"525\" srcset=\"https:\/\/www.euroresidentes.com\/entretenimiento\/esoterismo\/wp-content\/uploads\/sites\/4\/2016\/05\/cedro.jpg 700w, https:\/\/www.euroresidentes.com\/entretenimiento\/esoterismo\/wp-content\/uploads\/sites\/4\/2016\/05\/cedro-300x225.jpg 300w, https:\/\/www.euroresidentes.com\/entretenimiento\/esoterismo\/wp-content\/uploads\/sites\/4\/2016\/05\/cedro-396x297.jpg 396w\" sizes=\"auto, (max-width: 700px) 100vw, 700px\" \/><p id=\"caption-attachment-2259\" class=\"wp-caption-text\">El Cedro y el Zodiaco<\/p><\/div>\n<p>Si has nacido entre los d\u00edas\u00a0<strong>19 \u00a0al 28 Febrero<\/strong>\u00a0<strong>y entre<\/strong>\u00a0<strong>24 Agosto al 02 Septiembre, <\/strong>tu \u00e1rbol es el<a href=\"https:\/\/www.euroresidentes.com\/horoscopos\/arbol\/pino.htm\"><strong> Pino<\/strong><\/a>. Mira lo que dice sobre ti y a ver si te sientes reflejada en esos rasgos de personalidad o de car\u00e1cter:<\/p>\n<div id=\"attachment_2260\" style=\"width: 710px\" class=\"wp-caption aligncenter\"><img loading=\"lazy\" decoding=\"async\" aria-describedby=\"caption-attachment-2260\" class=\"wp-image-2260 size-full\" title=\"El Pino y el Zodiaco\" src=\"https:\/\/www.euroresidentes.com\/entretenimiento\/esoterismo\/wp-content\/uploads\/sites\/4\/2016\/05\/pino.jpg\" alt=\"El Pino y el Zodiaco\" width=\"700\" height=\"525\" srcset=\"https:\/\/www.euroresidentes.com\/entretenimiento\/esoterismo\/wp-content\/uploads\/sites\/4\/2016\/05\/pino.jpg 700w, https:\/\/www.euroresidentes.com\/entretenimiento\/esoterismo\/wp-content\/uploads\/sites\/4\/2016\/05\/pino-300x225.jpg 300w, https:\/\/www.euroresidentes.com\/entretenimiento\/esoterismo\/wp-content\/uploads\/sites\/4\/2016\/05\/pino-396x297.jpg 396w\" sizes=\"auto, (max-width: 700px) 100vw, 700px\" \/><p id=\"caption-attachment-2260\" class=\"wp-caption-text\">El Pino y el Zodiaco<\/p><\/div>\n<p>Si has nacido entre el\u00a0<strong>01 al 10 Marzo y entre el 3 al 12 de Septiembre<\/strong><strong>, <\/strong>tu \u00e1rbol es el<strong> <a href=\"https:\/\/www.euroresidentes.com\/horoscopos\/arbol\/sauce.htm\">Sauce Llor\u00f3n<\/a><\/strong>. Mira lo que dice sobre ti y a ver si te sientes reflejada en esos rasgos de personalidad o de car\u00e1cter:<\/p>\n<div id=\"attachment_2261\" style=\"width: 710px\" class=\"wp-caption aligncenter\"><img loading=\"lazy\" decoding=\"async\" aria-describedby=\"caption-attachment-2261\" class=\"wp-image-2261 size-full\" title=\"El Sauce Llor\u00f3n y el Zodiaco\" src=\"https:\/\/www.euroresidentes.com\/entretenimiento\/esoterismo\/wp-content\/uploads\/sites\/4\/2016\/05\/sauce-lloron.jpg\" alt=\"El Sauce Llor\u00f3n y el Zodiaco\" width=\"700\" height=\"525\" srcset=\"https:\/\/www.euroresidentes.com\/entretenimiento\/esoterismo\/wp-content\/uploads\/sites\/4\/2016\/05\/sauce-lloron.jpg 700w, https:\/\/www.euroresidentes.com\/entretenimiento\/esoterismo\/wp-content\/uploads\/sites\/4\/2016\/05\/sauce-lloron-300x225.jpg 300w, https:\/\/www.euroresidentes.com\/entretenimiento\/esoterismo\/wp-content\/uploads\/sites\/4\/2016\/05\/sauce-lloron-396x297.jpg 396w\" sizes=\"auto, (max-width: 700px) 100vw, 700px\" \/><p id=\"caption-attachment-2261\" class=\"wp-caption-text\">El Sauce Llor\u00f3n y el Zodiaco<\/p><\/div>\n<p>Si has nacido entre los d\u00edas\u00a0<strong>11 \u00a0al 20 de Marzo<\/strong> \u00a0y entre\u00a0<strong>el 13 al 22 Septiembre, <\/strong>tu \u00e1rbol es el<strong>\u00a0<a href=\"https:\/\/www.euroresidentes.com\/horoscopos\/arbol\/tilo.htm\">Tilo<\/a><\/strong>. Mira lo que dice sobre ti y a ver si te sientes reflejada en esos rasgos de personalidad o de car\u00e1cter:<\/p>\n<div id=\"attachment_2262\" style=\"width: 710px\" class=\"wp-caption aligncenter\"><img loading=\"lazy\" decoding=\"async\" aria-describedby=\"caption-attachment-2262\" class=\"wp-image-2262 size-full\" title=\"El Tilo y el Zodiaco\" src=\"https:\/\/www.euroresidentes.com\/entretenimiento\/esoterismo\/wp-content\/uploads\/sites\/4\/2016\/05\/tilo-2.jpg\" alt=\"El Tilo y el Zodiaco\" width=\"700\" height=\"525\" srcset=\"https:\/\/www.euroresidentes.com\/entretenimiento\/esoterismo\/wp-content\/uploads\/sites\/4\/2016\/05\/tilo-2.jpg 700w, https:\/\/www.euroresidentes.com\/entretenimiento\/esoterismo\/wp-content\/uploads\/sites\/4\/2016\/05\/tilo-2-300x225.jpg 300w, https:\/\/www.euroresidentes.com\/entretenimiento\/esoterismo\/wp-content\/uploads\/sites\/4\/2016\/05\/tilo-2-396x297.jpg 396w\" sizes=\"auto, (max-width: 700px) 100vw, 700px\" \/><p id=\"caption-attachment-2262\" class=\"wp-caption-text\">El Tilo y el Zodiaco<\/p><\/div>\n<p>Si has nacido entre el <strong>21 Marzo &#8211; Equinocio de Primavera<\/strong><strong>, <\/strong>tu \u00e1rbol es el<strong> <a href=\"https:\/\/www.euroresidentes.com\/horoscopos\/arbol\/roble.htm\">Roble<\/a><\/strong>. Mira lo que dice sobre ti y a ver si te sientes reflejada en esos rasgos de personalidad o de car\u00e1cter:<\/p>\n<div id=\"attachment_2263\" style=\"width: 710px\" class=\"wp-caption aligncenter\"><img loading=\"lazy\" decoding=\"async\" aria-describedby=\"caption-attachment-2263\" class=\"wp-image-2263 size-full\" title=\"El Roble y el Zodiaco\" src=\"https:\/\/www.euroresidentes.com\/entretenimiento\/esoterismo\/wp-content\/uploads\/sites\/4\/2016\/05\/roble.jpg\" alt=\"El Roble y el Zodiaco\" width=\"700\" height=\"525\" srcset=\"https:\/\/www.euroresidentes.com\/entretenimiento\/esoterismo\/wp-content\/uploads\/sites\/4\/2016\/05\/roble.jpg 700w, https:\/\/www.euroresidentes.com\/entretenimiento\/esoterismo\/wp-content\/uploads\/sites\/4\/2016\/05\/roble-300x225.jpg 300w, https:\/\/www.euroresidentes.com\/entretenimiento\/esoterismo\/wp-content\/uploads\/sites\/4\/2016\/05\/roble-396x297.jpg 396w\" sizes=\"auto, (max-width: 700px) 100vw, 700px\" \/><p id=\"caption-attachment-2263\" class=\"wp-caption-text\">El Roble y el Zodiaco<\/p><\/div>\n<p>Si has nacido entre el <strong>22 al 31 Marzo y del\u00a024 Septiembre al 03 Octubre\u00a0<\/strong><strong>, <\/strong>tu \u00e1rbol es el<strong> <a href=\"https:\/\/www.euroresidentes.com\/horoscopos\/arbol\/avellano.htm\">Avellano<\/a><\/strong>. Mira lo que dice sobre ti y a ver si te sientes reflejada en esos rasgos de personalidad o de car\u00e1cter:<\/p>\n<div id=\"attachment_2264\" style=\"width: 710px\" class=\"wp-caption aligncenter\"><img loading=\"lazy\" decoding=\"async\" aria-describedby=\"caption-attachment-2264\" class=\"wp-image-2264 size-full\" title=\"El Avellano y el Zodiaco\" src=\"https:\/\/www.euroresidentes.com\/entretenimiento\/esoterismo\/wp-content\/uploads\/sites\/4\/2016\/05\/avellano.jpg\" alt=\"El Avellano y el Zodiaco\" width=\"700\" height=\"525\" srcset=\"https:\/\/www.euroresidentes.com\/entretenimiento\/esoterismo\/wp-content\/uploads\/sites\/4\/2016\/05\/avellano.jpg 700w, https:\/\/www.euroresidentes.com\/entretenimiento\/esoterismo\/wp-content\/uploads\/sites\/4\/2016\/05\/avellano-300x225.jpg 300w, https:\/\/www.euroresidentes.com\/entretenimiento\/esoterismo\/wp-content\/uploads\/sites\/4\/2016\/05\/avellano-396x297.jpg 396w\" sizes=\"auto, (max-width: 700px) 100vw, 700px\" \/><p id=\"caption-attachment-2264\" class=\"wp-caption-text\">El Avellano y el Zodiaco<\/p><\/div>\n<p>Si has nacido entre el <strong>01 al 10 Abril y del\u00a0el 04 al 13 Octubre<\/strong><strong>, <\/strong>tu \u00e1rbol es el<a href=\"https:\/\/www.euroresidentes.com\/horoscopos\/arbol\/serbal.htm\"><strong> Serbal<\/strong>.<\/a> Mira lo que dice sobre ti y a ver si te sientes reflejada en esos rasgos de personalidad o de car\u00e1cter:<\/p>\n<div id=\"attachment_2265\" style=\"width: 710px\" class=\"wp-caption aligncenter\"><img loading=\"lazy\" decoding=\"async\" aria-describedby=\"caption-attachment-2265\" class=\"wp-image-2265 size-full\" title=\"El Serbal y el Zodiaco\" src=\"https:\/\/www.euroresidentes.com\/entretenimiento\/esoterismo\/wp-content\/uploads\/sites\/4\/2016\/05\/serbal.jpg\" alt=\"El Serbal y el Zodiaco\" width=\"700\" height=\"525\" srcset=\"https:\/\/www.euroresidentes.com\/entretenimiento\/esoterismo\/wp-content\/uploads\/sites\/4\/2016\/05\/serbal.jpg 700w, https:\/\/www.euroresidentes.com\/entretenimiento\/esoterismo\/wp-content\/uploads\/sites\/4\/2016\/05\/serbal-300x225.jpg 300w, https:\/\/www.euroresidentes.com\/entretenimiento\/esoterismo\/wp-content\/uploads\/sites\/4\/2016\/05\/serbal-396x297.jpg 396w\" sizes=\"auto, (max-width: 700px) 100vw, 700px\" \/><p id=\"caption-attachment-2265\" class=\"wp-caption-text\">El Serbal y el Zodiaco<\/p><\/div>\n<p>Si has nacido entre el<strong> 11 Abril al 20 Abril y del 14 al 23 de Octubre, <\/strong>tu \u00e1rbol es el<strong> <a href=\"https:\/\/www.euroresidentes.com\/horoscopos\/arbol\/arce.htm\">Arce<\/a><\/strong>. Mira lo que dice sobre ti y a ver si te sientes reflejada en esos rasgos de personalidad o de car\u00e1cter:<\/p>\n<div id=\"attachment_2266\" style=\"width: 710px\" class=\"wp-caption aligncenter\"><img loading=\"lazy\" decoding=\"async\" aria-describedby=\"caption-attachment-2266\" class=\"wp-image-2266 size-full\" title=\"El Arce y el Zodiaco\" src=\"https:\/\/www.euroresidentes.com\/entretenimiento\/esoterismo\/wp-content\/uploads\/sites\/4\/2016\/05\/arce.jpg\" alt=\"El Arce y el Zodiaco\" width=\"700\" height=\"525\" srcset=\"https:\/\/www.euroresidentes.com\/entretenimiento\/esoterismo\/wp-content\/uploads\/sites\/4\/2016\/05\/arce.jpg 700w, https:\/\/www.euroresidentes.com\/entretenimiento\/esoterismo\/wp-content\/uploads\/sites\/4\/2016\/05\/arce-300x225.jpg 300w, https:\/\/www.euroresidentes.com\/entretenimiento\/esoterismo\/wp-content\/uploads\/sites\/4\/2016\/05\/arce-396x297.jpg 396w\" sizes=\"auto, (max-width: 700px) 100vw, 700px\" \/><p id=\"caption-attachment-2266\" class=\"wp-caption-text\">El Arce y el Zodiaco<\/p><\/div>\n<p>Si has nacido entre el<strong> 21 al 30 Abril y del 24 Octubre al 11 Noviembre , <\/strong>tu \u00e1rbol es el<strong> <a href=\"https:\/\/www.euroresidentes.com\/horoscopos\/arbol\/nogal.htm\">Nogal<\/a><\/strong>. Mira lo que dice sobre ti y a ver si te sientes reflejada en esos rasgos de personalidad o de car\u00e1cter:<\/p>\n<div id=\"attachment_2267\" style=\"width: 710px\" class=\"wp-caption aligncenter\"><img loading=\"lazy\" decoding=\"async\" aria-describedby=\"caption-attachment-2267\" class=\"wp-image-2267 size-full\" title=\"El Nogal y el Zodiaco\" src=\"https:\/\/www.euroresidentes.com\/entretenimiento\/esoterismo\/wp-content\/uploads\/sites\/4\/2016\/05\/nogal.jpg\" alt=\"El Nogal y el Zodiaco\" width=\"700\" height=\"525\" srcset=\"https:\/\/www.euroresidentes.com\/entretenimiento\/esoterismo\/wp-content\/uploads\/sites\/4\/2016\/05\/nogal.jpg 700w, https:\/\/www.euroresidentes.com\/entretenimiento\/esoterismo\/wp-content\/uploads\/sites\/4\/2016\/05\/nogal-300x225.jpg 300w, https:\/\/www.euroresidentes.com\/entretenimiento\/esoterismo\/wp-content\/uploads\/sites\/4\/2016\/05\/nogal-396x297.jpg 396w\" sizes=\"auto, (max-width: 700px) 100vw, 700px\" \/><p id=\"caption-attachment-2267\" class=\"wp-caption-text\">El Nogal y el Zodiaco<\/p><\/div>\n<p>Si has nacido entre <strong>01 al 14 Mayo y del 5 al 13 de Agosto, <\/strong>tu \u00e1rbol es el<strong> <a href=\"https:\/\/www.euroresidentes.com\/horoscopos\/arbol\/alamo.htm\">\u00c1lamo<\/a><\/strong>. Mira lo que dice sobre ti y a ver si te sientes reflejada en esos rasgos de personalidad o de car\u00e1cter:<\/p>\n<div id=\"attachment_2268\" style=\"width: 710px\" class=\"wp-caption aligncenter\"><img loading=\"lazy\" decoding=\"async\" aria-describedby=\"caption-attachment-2268\" class=\"wp-image-2268 size-full\" title=\"El \u00c1lamo y el Zodiaco\" src=\"https:\/\/www.euroresidentes.com\/entretenimiento\/esoterismo\/wp-content\/uploads\/sites\/4\/2016\/05\/alamo-1.jpg\" alt=\"El \u00c1lamo y el Zodiaco\" width=\"700\" height=\"525\" srcset=\"https:\/\/www.euroresidentes.com\/entretenimiento\/esoterismo\/wp-content\/uploads\/sites\/4\/2016\/05\/alamo-1.jpg 700w, https:\/\/www.euroresidentes.com\/entretenimiento\/esoterismo\/wp-content\/uploads\/sites\/4\/2016\/05\/alamo-1-300x225.jpg 300w, https:\/\/www.euroresidentes.com\/entretenimiento\/esoterismo\/wp-content\/uploads\/sites\/4\/2016\/05\/alamo-1-396x297.jpg 396w\" sizes=\"auto, (max-width: 700px) 100vw, 700px\" \/><p id=\"caption-attachment-2268\" class=\"wp-caption-text\">El \u00c1lamo y el Zodiaco<\/p><\/div>\n<p>Si has nacido entre <strong>el 15 al 24 Mayo y del 12 al 21 de Noviembre\u00a0<\/strong>tu \u00e1rbol es el<strong> <a href=\"https:\/\/www.euroresidentes.com\/horoscopos\/arbol\/castano.htm\">Casta\u00f1o<\/a><\/strong>. Mira lo que dice sobre ti y a ver si te sientes reflejada en esos rasgos de personalidad o de car\u00e1cter:<\/p>\n<div id=\"attachment_2269\" style=\"width: 710px\" class=\"wp-caption aligncenter\"><img loading=\"lazy\" decoding=\"async\" aria-describedby=\"caption-attachment-2269\" class=\"wp-image-2269 size-full\" title=\"El Casta\u00f1o y el Zodiaco\" src=\"https:\/\/www.euroresidentes.com\/entretenimiento\/esoterismo\/wp-content\/uploads\/sites\/4\/2016\/05\/casta\u00f1o.jpg\" alt=\"El Casta\u00f1o y el Zodiaco\" width=\"700\" height=\"525\" srcset=\"https:\/\/www.euroresidentes.com\/entretenimiento\/esoterismo\/wp-content\/uploads\/sites\/4\/2016\/05\/casta\u00f1o.jpg 700w, https:\/\/www.euroresidentes.com\/entretenimiento\/esoterismo\/wp-content\/uploads\/sites\/4\/2016\/05\/casta\u00f1o-300x225.jpg 300w, https:\/\/www.euroresidentes.com\/entretenimiento\/esoterismo\/wp-content\/uploads\/sites\/4\/2016\/05\/casta\u00f1o-396x297.jpg 396w\" sizes=\"auto, (max-width: 700px) 100vw, 700px\" \/><p id=\"caption-attachment-2269\" class=\"wp-caption-text\">El Casta\u00f1o y el Zodiaco<\/p><\/div>\n<p>Si has nacido entre el<strong> 25 al 03 Junio y del 22 Noviembre al 01 Diciembre, <\/strong>tu \u00e1rbol es el<strong> <a href=\"https:\/\/www.euroresidentes.com\/horoscopos\/arbol\/fresno.htm\">Fresno<\/a><\/strong>. Mira lo que dice sobre ti y a ver si te sientes reflejada en esos rasgos de personalidad o de car\u00e1cter:<\/p>\n<div id=\"attachment_2270\" style=\"width: 710px\" class=\"wp-caption aligncenter\"><img loading=\"lazy\" decoding=\"async\" aria-describedby=\"caption-attachment-2270\" class=\"wp-image-2270 size-full\" title=\"El Fresno y el Zodiaco\" src=\"https:\/\/www.euroresidentes.com\/entretenimiento\/esoterismo\/wp-content\/uploads\/sites\/4\/2016\/05\/fresno.jpg\" alt=\"El Fresno y el Zodiaco\" width=\"700\" height=\"525\" srcset=\"https:\/\/www.euroresidentes.com\/entretenimiento\/esoterismo\/wp-content\/uploads\/sites\/4\/2016\/05\/fresno.jpg 700w, https:\/\/www.euroresidentes.com\/entretenimiento\/esoterismo\/wp-content\/uploads\/sites\/4\/2016\/05\/fresno-300x225.jpg 300w, https:\/\/www.euroresidentes.com\/entretenimiento\/esoterismo\/wp-content\/uploads\/sites\/4\/2016\/05\/fresno-396x297.jpg 396w\" sizes=\"auto, (max-width: 700px) 100vw, 700px\" \/><p id=\"caption-attachment-2270\" class=\"wp-caption-text\">El Fresno y el Zodiaco<\/p><\/div>\n<p>Si has nacido entre <strong>el 04 al 13 Junio y del 2 al 11 de Diciembre, <\/strong>tu \u00e1rbol es el<strong> <a href=\"https:\/\/www.euroresidentes.com\/horoscopos\/arbol\/carpe.htm\">Carpe<\/a><\/strong>. Mira lo que dice sobre ti y a ver si te sientes reflejada en esos rasgos de personalidad o de car\u00e1cter:<\/p>\n<div id=\"attachment_2271\" style=\"width: 710px\" class=\"wp-caption aligncenter\"><img loading=\"lazy\" decoding=\"async\" aria-describedby=\"caption-attachment-2271\" class=\"wp-image-2271 size-full\" title=\"El Carpe y el Zodiaco\" src=\"https:\/\/www.euroresidentes.com\/entretenimiento\/esoterismo\/wp-content\/uploads\/sites\/4\/2016\/05\/carpe.jpg\" alt=\"El Carpe y el Zodiaco\" width=\"700\" height=\"525\" srcset=\"https:\/\/www.euroresidentes.com\/entretenimiento\/esoterismo\/wp-content\/uploads\/sites\/4\/2016\/05\/carpe.jpg 700w, https:\/\/www.euroresidentes.com\/entretenimiento\/esoterismo\/wp-content\/uploads\/sites\/4\/2016\/05\/carpe-300x225.jpg 300w, https:\/\/www.euroresidentes.com\/entretenimiento\/esoterismo\/wp-content\/uploads\/sites\/4\/2016\/05\/carpe-396x297.jpg 396w\" sizes=\"auto, (max-width: 700px) 100vw, 700px\" \/><p id=\"caption-attachment-2271\" class=\"wp-caption-text\">El Carpe y el Zodiaco<\/p><\/div>\n<p>Si has nacido entre el<strong> el 14 al 23 Junio y del 12 al 21 de Diciembre, <\/strong>tu \u00e1rbol es el<strong> <a href=\"https:\/\/www.euroresidentes.com\/horoscopos\/arbol\/higuera.htm\">Higuera<\/a><\/strong>. Mira lo que dice sobre ti y a ver si te sientes reflejada en esos rasgos de personalidad o de car\u00e1cter:<\/p>\n<div id=\"attachment_2272\" style=\"width: 710px\" class=\"wp-caption aligncenter\"><img loading=\"lazy\" decoding=\"async\" aria-describedby=\"caption-attachment-2272\" class=\"wp-image-2272 size-full\" title=\"El Higuera y el Zodiaco\" src=\"https:\/\/www.euroresidentes.com\/entretenimiento\/esoterismo\/wp-content\/uploads\/sites\/4\/2016\/05\/higuera.jpg\" alt=\"El Higuera y el Zodiaco\" width=\"700\" height=\"525\" srcset=\"https:\/\/www.euroresidentes.com\/entretenimiento\/esoterismo\/wp-content\/uploads\/sites\/4\/2016\/05\/higuera.jpg 700w, https:\/\/www.euroresidentes.com\/entretenimiento\/esoterismo\/wp-content\/uploads\/sites\/4\/2016\/05\/higuera-300x225.jpg 300w, https:\/\/www.euroresidentes.com\/entretenimiento\/esoterismo\/wp-content\/uploads\/sites\/4\/2016\/05\/higuera-396x297.jpg 396w\" sizes=\"auto, (max-width: 700px) 100vw, 700px\" \/><p id=\"caption-attachment-2272\" class=\"wp-caption-text\">El Higuera y el Zodiaco<\/p><\/div>\n<p>Si has nacido entre el<strong> 24 Jun &#8211; Solsticio de verano, <\/strong>tu \u00e1rbol es el<strong> <a href=\"https:\/\/www.euroresidentes.com\/horoscopos\/arbol\/abedul.htm\">Abedul<\/a><\/strong>. Mira lo que dice sobre ti y a ver si te sientes reflejada en esos rasgos de personalidad o de car\u00e1cter:<\/p>\n<div id=\"attachment_2253\" style=\"width: 710px\" class=\"wp-caption aligncenter\"><img loading=\"lazy\" decoding=\"async\" aria-describedby=\"caption-attachment-2253\" class=\"wp-image-2253 size-full\" title=\"El Abedul y el Zodiaco\" src=\"https:\/\/www.euroresidentes.com\/entretenimiento\/esoterismo\/wp-content\/uploads\/sites\/4\/2016\/05\/abedul.jpg\" alt=\"El Abedul y el Zodiaco\" width=\"700\" height=\"525\" srcset=\"https:\/\/www.euroresidentes.com\/entretenimiento\/esoterismo\/wp-content\/uploads\/sites\/4\/2016\/05\/abedul.jpg 700w, https:\/\/www.euroresidentes.com\/entretenimiento\/esoterismo\/wp-content\/uploads\/sites\/4\/2016\/05\/abedul-300x225.jpg 300w, https:\/\/www.euroresidentes.com\/entretenimiento\/esoterismo\/wp-content\/uploads\/sites\/4\/2016\/05\/abedul-396x297.jpg 396w\" sizes=\"auto, (max-width: 700px) 100vw, 700px\" \/><p id=\"caption-attachment-2253\" class=\"wp-caption-text\">El Abedul y el Zodiaco<\/p><\/div>\n<p>Si has nacido entre el<strong> 23\u00a0Septiembre\u00a0&#8211; Equinocio de Oto\u00f1o, <\/strong>tu \u00e1rbol es el<strong> <a href=\"https:\/\/www.euroresidentes.com\/horoscopos\/arbol\/olivo.htm\">Olivo<\/a><\/strong>\u00a0Mira lo que dice sobre ti y a ver si te sientes reflejada en esos rasgos de personalidad o de car\u00e1cter:<\/p>\n<div id=\"attachment_2273\" style=\"width: 710px\" class=\"wp-caption aligncenter\"><img loading=\"lazy\" decoding=\"async\" aria-describedby=\"caption-attachment-2273\" class=\"wp-image-2273 size-full\" title=\"El Olivo y el Zodiaco\" src=\"https:\/\/www.euroresidentes.com\/entretenimiento\/esoterismo\/wp-content\/uploads\/sites\/4\/2016\/05\/olivo.jpg\" alt=\"El Olivo y el Zodiaco\" width=\"700\" height=\"525\" srcset=\"https:\/\/www.euroresidentes.com\/entretenimiento\/esoterismo\/wp-content\/uploads\/sites\/4\/2016\/05\/olivo.jpg 700w, https:\/\/www.euroresidentes.com\/entretenimiento\/esoterismo\/wp-content\/uploads\/sites\/4\/2016\/05\/olivo-300x225.jpg 300w, https:\/\/www.euroresidentes.com\/entretenimiento\/esoterismo\/wp-content\/uploads\/sites\/4\/2016\/05\/olivo-396x297.jpg 396w\" sizes=\"auto, (max-width: 700px) 100vw, 700px\" \/><p id=\"caption-attachment-2273\" class=\"wp-caption-text\">El Olivo y el Zodiaco<\/p><\/div>\n<p>Si has nacido entre el<strong> 24 Diciembre\u00a0&#8211; Solsticio de invierno, <\/strong>tu \u00e1rbol es el<strong> <a href=\"https:\/\/www.euroresidentes.com\/horoscopos\/arbol\/haya.htm\">Haya<\/a><\/strong>\u00a0Mira lo que dice sobre ti y a ver si te sientes reflejada en esos rasgos de personalidad o de car\u00e1cter:<\/p>\n<div id=\"attachment_2274\" style=\"width: 710px\" class=\"wp-caption aligncenter\"><img loading=\"lazy\" decoding=\"async\" aria-describedby=\"caption-attachment-2274\" class=\"wp-image-2274 size-full\" title=\"El Haya y el Zodiaco\" src=\"https:\/\/www.euroresidentes.com\/entretenimiento\/esoterismo\/wp-content\/uploads\/sites\/4\/2016\/05\/haya.jpg\" alt=\"El Haya y el Zodiaco\" width=\"700\" height=\"525\" srcset=\"https:\/\/www.euroresidentes.com\/entretenimiento\/esoterismo\/wp-content\/uploads\/sites\/4\/2016\/05\/haya.jpg 700w, https:\/\/www.euroresidentes.com\/entretenimiento\/esoterismo\/wp-content\/uploads\/sites\/4\/2016\/05\/haya-300x225.jpg 300w, https:\/\/www.euroresidentes.com\/entretenimiento\/esoterismo\/wp-content\/uploads\/sites\/4\/2016\/05\/haya-396x297.jpg 396w\" sizes=\"auto, (max-width: 700px) 100vw, 700px\" \/><p id=\"caption-attachment-2274\" class=\"wp-caption-text\">El Haya y el Zodiaco<\/p><\/div>\n<p><strong>Otras lecturas relacionadas con Los \u00c1rboles y el Zodiaco:<\/strong>\u00a0<\/p>\n<ul>\n<li><strong><a href=\"https:\/\/www.euroresidentes.com\/horoscopos\/simbolos\/simbolos-de-los-signos-del-zodiaco.htm\" target=\"_blank\">Los S\u00edmbolos del Zodiaco<\/a><\/strong><\/li>\n<li><strong><a href=\"https:\/\/www.euroresidentes.com\/Diversion\/fechas_horoscopo_zodiaco.htm\" target=\"_blank\">Regalos seg\u00fan el Signo del Zodiaco<\/a><\/strong><\/li>\n<\/ul>\n","protected":false},"excerpt":{"rendered":"<p>\u00bfSabes qu\u00e9 los \u00e1rboles hablan de t\u00ed? Los \u00c1rboles y el Zodiaco tienen una estrecha relaci\u00f3n en el Hor\u00f3scopo Celta. Al igual que los hor\u00f3scopos, los \u00e1rboles tambi\u00e9n pueden definirte, hablar sobre\u00a0ti y decirnos muchos secretos sobre tu persona. Utilizando tu fecha de nacimiento puedes saber cu\u00e1l es el \u00e1rbol que te corresponde en dicho Hor\u00f3scopo. Mira a ver qu\u00e9 dice sobre ti: Si has nacido entre los d\u00edas\u00a023 Diciembre al 11 Enero y el\u00a025 Junio al 04 Julio, tu \u00e1rbol es el Manzano. Mira lo que dice sobre ti y a ver si te sientes reflejada en esos rasgos <\/p>\n","protected":false},"author":23,"featured_media":2269,"comment_status":"open","ping_status":"open","sticky":false,"template":"","format":"standard","meta":{"footnotes":""},"categories":[47],"tags":[],"class_list":["post-2167","post","type-post","status-publish","format-standard","has-post-thumbnail","hentry","category-horoscopos","has_thumb"],"yoast_head":"<!-- This site is optimized with the Yoast SEO plugin v24.1 - https:\/\/yoast.com\/wordpress\/plugins\/seo\/ -->\n<title>Los \u00c1rboles y el Zodiaco - Esoterismo<\/title>\n<meta name=\"robots\" content=\"index, follow, max-snippet:-1, max-image-preview:large, max-video-preview:-1\" \/>\n<link rel=\"canonical\" href=\"https:\/\/www.euroresidentes.com\/entretenimiento\/esoterismo\/los-arboles-y-el-zodiaco\/\" \/>\n<meta property=\"og:locale\" content=\"es_ES\" \/>\n<meta property=\"og:type\" content=\"article\" \/>\n<meta property=\"og:title\" content=\"Los \u00c1rboles y el Zodiaco - Esoterismo\" \/>\n<meta property=\"og:description\" content=\"\u00bfSabes qu\u00e9 los \u00e1rboles hablan de t\u00ed? Los \u00c1rboles y el Zodiaco tienen una estrecha relaci\u00f3n en el Hor\u00f3scopo Celta. Al igual que los hor\u00f3scopos, los \u00e1rboles tambi\u00e9n pueden definirte, hablar sobre\u00a0ti y decirnos muchos secretos sobre tu persona. Utilizando tu fecha de nacimiento puedes saber cu\u00e1l es el \u00e1rbol que te corresponde en dicho Hor\u00f3scopo. Mira a ver qu\u00e9 dice sobre ti: Si has nacido entre los d\u00edas\u00a023 Diciembre al 11 Enero y el\u00a025 Junio al 04 Julio, tu \u00e1rbol es el Manzano. Mira lo que dice sobre ti y a ver si te sientes reflejada en esos rasgos\" \/>\n<meta property=\"og:url\" content=\"https:\/\/www.euroresidentes.com\/entretenimiento\/esoterismo\/los-arboles-y-el-zodiaco\/\" \/>\n<meta property=\"og:site_name\" content=\"Esoterismo\" \/>\n<meta property=\"article:publisher\" content=\"https:\/\/www.facebook.com\/horoscopos.euroresidentes\/\" \/>\n<meta property=\"article:published_time\" content=\"2016-05-24T10:54:47+00:00\" \/>\n<meta property=\"article:modified_time\" content=\"2018-04-30T10:17:27+00:00\" \/>\n<meta property=\"og:image\" content=\"https:\/\/www.euroresidentes.com\/entretenimiento\/esoterismo\/wp-content\/uploads\/sites\/4\/2016\/05\/casta\u00f1o.jpg\" \/>\n\t<meta property=\"og:image:width\" content=\"700\" \/>\n\t<meta property=\"og:image:height\" content=\"525\" \/>\n\t<meta property=\"og:image:type\" content=\"image\/jpeg\" \/>\n<meta name=\"author\" content=\"Chlo\u00e9 Euroresidentes\" \/>\n<meta name=\"twitter:card\" content=\"summary_large_image\" \/>\n<meta name=\"twitter:label1\" content=\"Written by\" \/>\n\t<meta name=\"twitter:data1\" content=\"Chlo\u00e9 Euroresidentes\" \/>\n\t<meta name=\"twitter:label2\" content=\"Est. reading time\" \/>\n\t<meta name=\"twitter:data2\" content=\"6 minutos\" \/>\n<script type=\"application\/ld+json\" class=\"yoast-schema-graph\">{\"@context\":\"https:\/\/schema.org\",\"@graph\":[{\"@type\":\"WebPage\",\"@id\":\"https:\/\/www.euroresidentes.com\/entretenimiento\/esoterismo\/los-arboles-y-el-zodiaco\/\",\"url\":\"https:\/\/www.euroresidentes.com\/entretenimiento\/esoterismo\/los-arboles-y-el-zodiaco\/\",\"name\":\"Los \u00c1rboles y el Zodiaco - Esoterismo\",\"isPartOf\":{\"@id\":\"https:\/\/www.euroresidentes.com\/entretenimiento\/esoterismo\/#website\"},\"primaryImageOfPage\":{\"@id\":\"https:\/\/www.euroresidentes.com\/entretenimiento\/esoterismo\/los-arboles-y-el-zodiaco\/#primaryimage\"},\"image\":{\"@id\":\"https:\/\/www.euroresidentes.com\/entretenimiento\/esoterismo\/los-arboles-y-el-zodiaco\/#primaryimage\"},\"thumbnailUrl\":\"https:\/\/www.euroresidentes.com\/entretenimiento\/esoterismo\/wp-content\/uploads\/sites\/4\/2016\/05\/casta\u00f1o.jpg\",\"datePublished\":\"2016-05-24T10:54:47+00:00\",\"dateModified\":\"2018-04-30T10:17:27+00:00\",\"author\":{\"@id\":\"https:\/\/www.euroresidentes.com\/entretenimiento\/esoterismo\/#\/schema\/person\/2db4c52795285f9777088f89d504e89f\"},\"breadcrumb\":{\"@id\":\"https:\/\/www.euroresidentes.com\/entretenimiento\/esoterismo\/los-arboles-y-el-zodiaco\/#breadcrumb\"},\"inLanguage\":\"es\",\"potentialAction\":[{\"@type\":\"ReadAction\",\"target\":[\"https:\/\/www.euroresidentes.com\/entretenimiento\/esoterismo\/los-arboles-y-el-zodiaco\/\"]}]},{\"@type\":\"ImageObject\",\"inLanguage\":\"es\",\"@id\":\"https:\/\/www.euroresidentes.com\/entretenimiento\/esoterismo\/los-arboles-y-el-zodiaco\/#primaryimage\",\"url\":\"https:\/\/www.euroresidentes.com\/entretenimiento\/esoterismo\/wp-content\/uploads\/sites\/4\/2016\/05\/casta\u00f1o.jpg\",\"contentUrl\":\"https:\/\/www.euroresidentes.com\/entretenimiento\/esoterismo\/wp-content\/uploads\/sites\/4\/2016\/05\/casta\u00f1o.jpg\",\"width\":700,\"height\":525,\"caption\":\"Significado del Casta\u00f1o en el hor\u00f3scopo Celta\"},{\"@type\":\"BreadcrumbList\",\"@id\":\"https:\/\/www.euroresidentes.com\/entretenimiento\/esoterismo\/los-arboles-y-el-zodiaco\/#breadcrumb\",\"itemListElement\":[{\"@type\":\"ListItem\",\"position\":1,\"name\":\"Portada\",\"item\":\"https:\/\/www.euroresidentes.com\/entretenimiento\/esoterismo\/\"},{\"@type\":\"ListItem\",\"position\":2,\"name\":\"Los \u00c1rboles y el Zodiaco\"}]},{\"@type\":\"WebSite\",\"@id\":\"https:\/\/www.euroresidentes.com\/entretenimiento\/esoterismo\/#website\",\"url\":\"https:\/\/www.euroresidentes.com\/entretenimiento\/esoterismo\/\",\"name\":\"Esoterismo\",\"description\":\"Euroresidentes\",\"potentialAction\":[{\"@type\":\"SearchAction\",\"target\":{\"@type\":\"EntryPoint\",\"urlTemplate\":\"https:\/\/www.euroresidentes.com\/entretenimiento\/esoterismo\/?s={search_term_string}\"},\"query-input\":{\"@type\":\"PropertyValueSpecification\",\"valueRequired\":true,\"valueName\":\"search_term_string\"}}],\"inLanguage\":\"es\"},{\"@type\":\"Person\",\"@id\":\"https:\/\/www.euroresidentes.com\/entretenimiento\/esoterismo\/#\/schema\/person\/2db4c52795285f9777088f89d504e89f\",\"name\":\"Chlo\u00e9 Euroresidentes\",\"image\":{\"@type\":\"ImageObject\",\"inLanguage\":\"es\",\"@id\":\"https:\/\/www.euroresidentes.com\/entretenimiento\/esoterismo\/#\/schema\/person\/image\/\",\"url\":\"https:\/\/www.euroresidentes.com\/entretenimiento\/esoterismo\/wp-content\/uploads\/sites\/4\/2016\/08\/chloe-tarot-150x150.png\",\"contentUrl\":\"https:\/\/www.euroresidentes.com\/entretenimiento\/esoterismo\/wp-content\/uploads\/sites\/4\/2016\/08\/chloe-tarot-150x150.png\",\"caption\":\"Chlo\u00e9 Euroresidentes\"},\"description\":\"Chlo\u00e9 Euroresidentes- Community Builder, RRPP, Bloguera, Youtuber, tarotista, astrologa, esot\u00e9rica en general y ejerzo de Dir. de Esoterismo en Euroresidentes.\",\"url\":\"https:\/\/www.euroresidentes.com\/entretenimiento\/esoterismo\/author\/chloeeuroresi\/\"}]}<\/script>\n<!-- \/ Yoast SEO plugin. -->","yoast_head_json":{"title":"Los \u00c1rboles y el Zodiaco - Esoterismo","robots":{"index":"index","follow":"follow","max-snippet":"max-snippet:-1","max-image-preview":"max-image-preview:large","max-video-preview":"max-video-preview:-1"},"canonical":"https:\/\/www.euroresidentes.com\/entretenimiento\/esoterismo\/los-arboles-y-el-zodiaco\/","og_locale":"es_ES","og_type":"article","og_title":"Los \u00c1rboles y el Zodiaco - Esoterismo","og_description":"\u00bfSabes qu\u00e9 los \u00e1rboles hablan de t\u00ed? Los \u00c1rboles y el Zodiaco tienen una estrecha relaci\u00f3n en el Hor\u00f3scopo Celta. Al igual que los hor\u00f3scopos, los \u00e1rboles tambi\u00e9n pueden definirte, hablar sobre\u00a0ti y decirnos muchos secretos sobre tu persona. Utilizando tu fecha de nacimiento puedes saber cu\u00e1l es el \u00e1rbol que te corresponde en dicho Hor\u00f3scopo. Mira a ver qu\u00e9 dice sobre ti: Si has nacido entre los d\u00edas\u00a023 Diciembre al 11 Enero y el\u00a025 Junio al 04 Julio, tu \u00e1rbol es el Manzano. Mira lo que dice sobre ti y a ver si te sientes reflejada en esos rasgos","og_url":"https:\/\/www.euroresidentes.com\/entretenimiento\/esoterismo\/los-arboles-y-el-zodiaco\/","og_site_name":"Esoterismo","article_publisher":"https:\/\/www.facebook.com\/horoscopos.euroresidentes\/","article_published_time":"2016-05-24T10:54:47+00:00","article_modified_time":"2018-04-30T10:17:27+00:00","og_image":[{"width":700,"height":525,"url":"https:\/\/www.euroresidentes.com\/entretenimiento\/esoterismo\/wp-content\/uploads\/sites\/4\/2016\/05\/casta\u00f1o.jpg","type":"image\/jpeg"}],"author":"Chlo\u00e9 Euroresidentes","twitter_card":"summary_large_image","twitter_misc":{"Written by":"Chlo\u00e9 Euroresidentes","Est. reading time":"6 minutos"},"schema":{"@context":"https:\/\/schema.org","@graph":[{"@type":"WebPage","@id":"https:\/\/www.euroresidentes.com\/entretenimiento\/esoterismo\/los-arboles-y-el-zodiaco\/","url":"https:\/\/www.euroresidentes.com\/entretenimiento\/esoterismo\/los-arboles-y-el-zodiaco\/","name":"Los \u00c1rboles y el Zodiaco - Esoterismo","isPartOf":{"@id":"https:\/\/www.euroresidentes.com\/entretenimiento\/esoterismo\/#website"},"primaryImageOfPage":{"@id":"https:\/\/www.euroresidentes.com\/entretenimiento\/esoterismo\/los-arboles-y-el-zodiaco\/#primaryimage"},"image":{"@id":"https:\/\/www.euroresidentes.com\/entretenimiento\/esoterismo\/los-arboles-y-el-zodiaco\/#primaryimage"},"thumbnailUrl":"https:\/\/www.euroresidentes.com\/entretenimiento\/esoterismo\/wp-content\/uploads\/sites\/4\/2016\/05\/casta\u00f1o.jpg","datePublished":"2016-05-24T10:54:47+00:00","dateModified":"2018-04-30T10:17:27+00:00","author":{"@id":"https:\/\/www.euroresidentes.com\/entretenimiento\/esoterismo\/#\/schema\/person\/2db4c52795285f9777088f89d504e89f"},"breadcrumb":{"@id":"https:\/\/www.euroresidentes.com\/entretenimiento\/esoterismo\/los-arboles-y-el-zodiaco\/#breadcrumb"},"inLanguage":"es","potentialAction":[{"@type":"ReadAction","target":["https:\/\/www.euroresidentes.com\/entretenimiento\/esoterismo\/los-arboles-y-el-zodiaco\/"]}]},{"@type":"ImageObject","inLanguage":"es","@id":"https:\/\/www.euroresidentes.com\/entretenimiento\/esoterismo\/los-arboles-y-el-zodiaco\/#primaryimage","url":"https:\/\/www.euroresidentes.com\/entretenimiento\/esoterismo\/wp-content\/uploads\/sites\/4\/2016\/05\/casta\u00f1o.jpg","contentUrl":"https:\/\/www.euroresidentes.com\/entretenimiento\/esoterismo\/wp-content\/uploads\/sites\/4\/2016\/05\/casta\u00f1o.jpg","width":700,"height":525,"caption":"Significado del Casta\u00f1o en el hor\u00f3scopo Celta"},{"@type":"BreadcrumbList","@id":"https:\/\/www.euroresidentes.com\/entretenimiento\/esoterismo\/los-arboles-y-el-zodiaco\/#breadcrumb","itemListElement":[{"@type":"ListItem","position":1,"name":"Portada","item":"https:\/\/www.euroresidentes.com\/entretenimiento\/esoterismo\/"},{"@type":"ListItem","position":2,"name":"Los \u00c1rboles y el Zodiaco"}]},{"@type":"WebSite","@id":"https:\/\/www.euroresidentes.com\/entretenimiento\/esoterismo\/#website","url":"https:\/\/www.euroresidentes.com\/entretenimiento\/esoterismo\/","name":"Esoterismo","description":"Euroresidentes","potentialAction":[{"@type":"SearchAction","target":{"@type":"EntryPoint","urlTemplate":"https:\/\/www.euroresidentes.com\/entretenimiento\/esoterismo\/?s={search_term_string}"},"query-input":{"@type":"PropertyValueSpecification","valueRequired":true,"valueName":"search_term_string"}}],"inLanguage":"es"},{"@type":"Person","@id":"https:\/\/www.euroresidentes.com\/entretenimiento\/esoterismo\/#\/schema\/person\/2db4c52795285f9777088f89d504e89f","name":"Chlo\u00e9 Euroresidentes","image":{"@type":"ImageObject","inLanguage":"es","@id":"https:\/\/www.euroresidentes.com\/entretenimiento\/esoterismo\/#\/schema\/person\/image\/","url":"https:\/\/www.euroresidentes.com\/entretenimiento\/esoterismo\/wp-content\/uploads\/sites\/4\/2016\/08\/chloe-tarot-150x150.png","contentUrl":"https:\/\/www.euroresidentes.com\/entretenimiento\/esoterismo\/wp-content\/uploads\/sites\/4\/2016\/08\/chloe-tarot-150x150.png","caption":"Chlo\u00e9 Euroresidentes"},"description":"Chlo\u00e9 Euroresidentes- Community Builder, RRPP, Bloguera, Youtuber, tarotista, astrologa, esot\u00e9rica en general y ejerzo de Dir. de Esoterismo en Euroresidentes.","url":"https:\/\/www.euroresidentes.com\/entretenimiento\/esoterismo\/author\/chloeeuroresi\/"}]}},"_links":{"self":[{"href":"https:\/\/www.euroresidentes.com\/entretenimiento\/esoterismo\/wp-json\/wp\/v2\/posts\/2167","targetHints":{"allow":["GET"]}}],"collection":[{"href":"https:\/\/www.euroresidentes.com\/entretenimiento\/esoterismo\/wp-json\/wp\/v2\/posts"}],"about":[{"href":"https:\/\/www.euroresidentes.com\/entretenimiento\/esoterismo\/wp-json\/wp\/v2\/types\/post"}],"author":[{"embeddable":true,"href":"https:\/\/www.euroresidentes.com\/entretenimiento\/esoterismo\/wp-json\/wp\/v2\/users\/23"}],"replies":[{"embeddable":true,"href":"https:\/\/www.euroresidentes.com\/entretenimiento\/esoterismo\/wp-json\/wp\/v2\/comments?post=2167"}],"version-history":[{"count":6,"href":"https:\/\/www.euroresidentes.com\/entretenimiento\/esoterismo\/wp-json\/wp\/v2\/posts\/2167\/revisions"}],"predecessor-version":[{"id":3853,"href":"https:\/\/www.euroresidentes.com\/entretenimiento\/esoterismo\/wp-json\/wp\/v2\/posts\/2167\/revisions\/3853"}],"wp:featuredmedia":[{"embeddable":true,"href":"https:\/\/www.euroresidentes.com\/entretenimiento\/esoterismo\/wp-json\/wp\/v2\/media\/2269"}],"wp:attachment":[{"href":"https:\/\/www.euroresidentes.com\/entretenimiento\/esoterismo\/wp-json\/wp\/v2\/media?parent=2167"}],"wp:term":[{"taxonomy":"category","embeddable":true,"href":"https:\/\/www.euroresidentes.com\/entretenimiento\/esoterismo\/wp-json\/wp\/v2\/categories?post=2167"},{"taxonomy":"post_tag","embeddable":true,"href":"https:\/\/www.euroresidentes.com\/entretenimiento\/esoterismo\/wp-json\/wp\/v2\/tags?post=2167"}],"curies":[{"name":"wp","href":"https:\/\/api.w.org\/{rel}","templated":true}]}}