{"id":225,"date":"2015-03-01T10:06:00","date_gmt":"2015-03-01T10:06:00","guid":{"rendered":"https:\/\/www.euroresidentes.com\/entretenimiento\/apasionados-libros\/el-sonido-de-la-memoria-una-novela-para"},"modified":"2016-03-02T11:47:18","modified_gmt":"2016-03-02T11:47:18","slug":"el-sonido-de-la-memoria-una-novela-para","status":"publish","type":"post","link":"https:\/\/www.euroresidentes.com\/entretenimiento\/apasionados-libros\/el-sonido-de-la-memoria-una-novela-para\/","title":{"rendered":"\u00abEl sonido de la memoria\u00bb, una novela para recordar (y escuchar)"},"content":{"rendered":"<p>La novela cuenta en primera persona la historia de un violonchelo nacido en Cremona en 1740 y transcurre por toda Europa a lo largo de 260 a\u00f1os. Es cortita, divertida y os aseguro que vale la pena leerla.<\/p>\n<p>Fascinante desde el primer p\u00e1rrafo. Un emotivo y evocador viaje por casi tres siglos de historia desde el punto de vista de un violonchelo y los personajes que se cruzan en su camino. Se trata de un periodo hist\u00f3rico que acoge una realidad europea convulsa tratada de forma evocadora y trascendente:<\/p>\n<blockquote class=\"tr_bq\"><p>\n<i>La Europa cultural, la cultura occidental y no la Europa de los mercaderes, significa en gran medida lo que somos y, sobre todo, lo que deber\u00edamos llegar a ser<\/i>.<\/p><\/blockquote>\n<p>El violonchelo construido en 1740 por Antonio Guarnieri, se convierte en &nbsp;el testigo de excepci\u00f3n. Su historia es la nuestra, y por ella desfilan algunos de los m\u00e1s destacados protagonistas de la vida musical y pol\u00edtica europea de nuestra historia contempor\u00e1nea.<\/p>\n<p><b>Rafael Gavil\u00e1n<\/b> ha consegido una &nbsp;novela narrada con una elegante y fluida prosa, &nbsp;\u00abuna magn\u00edfica \u00f3pera prima que encandilar\u00e1 por igual a los mel\u00f3manos y a los aficionados a la literatura hist\u00f3rica\u00bb (La Quinta de la Mahler).<\/p>\n<h3>\nPresentaciones de la novela y eventos musicales<\/h3>\n<p>\nLa novela est\u00e1 siendo presentada en diversas ciudades de Espa\u00f1a (Vitoria, Madrid, Valladolid, Alicante&#8230;) y su presentaci\u00f3n se est\u00e1 convirtiendo en aut\u00e9nticos actos culturales-musicales. En Madrid en el acto (en La Quinta de Mahler), adem\u00e1s de leer algunos fragmentos de la novela, &nbsp;la violonchelista Paula Brizuela interpret\u00f3 en directo algunas piezas musicales para chelo.<\/p>\n<table align=\"center\" cellpadding=\"0\" cellspacing=\"0\" class=\"tr-caption-container\" style=\"margin-bottom: 0.5em; margin-left: auto; margin-right: auto; padding-bottom: 6px; padding-left: 6px; padding-right: 6px; padding-top: 6px; text-align: center;\">\n<tbody>\n<tr>\n<td style=\"text-align: center;\">\n<div style=\"margin-bottom: 0px; margin-left: 0px; margin-right: 0px; margin-top: 0px;\">\n<a href=\"https:\/\/www.euroresidentes.com\/entretenimiento\/apasionados-libros\/wp-content\/uploads\/sites\/11\/2015\/03\/rafael-gavilan-rueda-2.jpg\" imageanchor=\"1\" style=\"margin-left: auto; margin-right: auto;\"><img loading=\"lazy\" decoding=\"async\" border=\"0\" src=\"https:\/\/www.euroresidentes.com\/entretenimiento\/apasionados-libros\/wp-content\/uploads\/sites\/11\/2015\/03\/rafael-gavilan-rueda-2.jpg\" height=\"300\" style=\"cursor: move;\" width=\"400\" \/><\/a><\/div>\n<\/td>\n<\/tr>\n<tr>\n<td class=\"tr-caption\" style=\"font-size: 13px; padding-top: 4px;\">\n<div style=\"margin-bottom: 0px; margin-left: 0px; margin-right: 0px; margin-top: 0px;\">\nEl autor, Rafael Gavil\u00e1n, su fot\u00f3grafo oficial y la ilustradora del libro<\/div>\n<div style=\"margin-bottom: 0px; margin-left: 0px; margin-right: 0px; margin-top: 0px;\">\n(imagen de facebook)<\/div>\n<\/td>\n<\/tr>\n<\/tbody>\n<\/table>\n<h3>\nPr\u00f3xima presentaci\u00f3n en &nbsp;Alicante&nbsp;<\/h3>\n<ul>\n<li>Viernes 6 de Marzo a las 20 horas en Alicante, Libreria 80 Mundos.<\/li>\n<li>Se interpretar\u00e1n tres piezas a cargo de un cuarteto de violonchelos.<\/li>\n<li>Presentan la novela Francisco Pastor, Profesor de chelo del Conservatorio Superior, Rafael Gavil\u00e1n y Manuel Desantes.<\/li>\n<\/ul>\n<h3>\nEl autor Rafael Gavil\u00e1n Rueda<\/h3>\n<p>\nRafael Gavil\u00e1n es historiador y &nbsp;\u00abEl sonido de la memoria\u00bb es su primera novela.<\/p>\n<table align=\"center\" cellpadding=\"0\" cellspacing=\"0\" class=\"tr-caption-container\" style=\"margin-left: auto; margin-right: auto; text-align: center;\">\n<tbody>\n<tr>\n<td style=\"text-align: center;\"><a href=\"https:\/\/www.euroresidentes.com\/entretenimiento\/apasionados-libros\/wp-content\/uploads\/sites\/11\/2015\/03\/rafael-gavilan-rueda.jpg\" imageanchor=\"1\" style=\"margin-left: auto; margin-right: auto;\"><img loading=\"lazy\" decoding=\"async\" border=\"0\" src=\"https:\/\/www.euroresidentes.com\/entretenimiento\/apasionados-libros\/wp-content\/uploads\/sites\/11\/2015\/03\/rafael-gavilan-rueda.jpg\" height=\"286\" width=\"320\" \/><\/a><\/td>\n<\/tr>\n<tr>\n<td class=\"tr-caption\" style=\"text-align: center;\">Rafael Gavil\u00e1n Rueda, firmando <i>El sonido de la memoria<\/i><\/td>\n<\/tr>\n<\/tbody>\n<\/table>\n<p><\/p>\n<h3>\n<a href=\"https:\/\/www.euroresidentes.com\/entretenimiento\/apasionados-libros\/wp-content\/uploads\/sites\/11\/2015\/03\/El-sonido-de-la-memoria-portada-novela.jpg\" imageanchor=\"1\" style=\"clear: right; float: right; margin-bottom: 1em; margin-left: 1em;\"><img decoding=\"async\" border=\"0\" src=\"https:\/\/www.euroresidentes.com\/entretenimiento\/apasionados-libros\/wp-content\/uploads\/sites\/11\/2015\/03\/El-sonido-de-la-memoria-portada-novela.jpg\" \/><\/a><br \/>\nFicha del libro:<\/h3>\n<div>\n<\/div>\n<p>Autor: <b>Rafael Gavil\u00e1n Rueda<\/b><br \/>\nT\u00edtulo de la novela: <b>El sonido de la memoria<\/b><br \/>\nEditorial: <b>Ediciones Fuente de la Fama<\/b><br \/>\nISBN: <b>978-84-938874-7-6&nbsp;<\/b><br \/>\nEncuadernaci\u00f3n: <b>R\u00fastica<\/b><br \/>\nP\u00e1ginas: <b>150<\/b><br \/>\nPrecio:<b> 14 \u20ac<\/b><\/p>\n","protected":false},"excerpt":{"rendered":"<p>La novela cuenta en primera persona la historia de un violonchelo nacido en Cremona en 1740 y transcurre por toda Europa a lo largo de 260 a\u00f1os. Es cortita, divertida y os aseguro que vale la pena leerla. Fascinante desde el primer p\u00e1rrafo. Un emotivo y evocador viaje por casi tres siglos de historia desde el punto de vista de un violonchelo y los personajes que se cruzan en su camino. Se trata de un periodo hist\u00f3rico que acoge una realidad europea convulsa tratada de forma evocadora y trascendente: La Europa cultural, la cultura occidental y no la Europa de <\/p>\n","protected":false},"author":1,"featured_media":295,"comment_status":"open","ping_status":"open","sticky":false,"template":"","format":"standard","meta":{"footnotes":""},"categories":[5],"tags":[],"class_list":["post-225","post","type-post","status-publish","format-standard","has-post-thumbnail","hentry","category-general","has_thumb"],"yoast_head":"<!-- This site is optimized with the Yoast SEO plugin v24.1 - https:\/\/yoast.com\/wordpress\/plugins\/seo\/ -->\n<title>&quot;El sonido de la memoria&quot;, una novela para recordar (y escuchar) - Pasi\u00f3n por los libros<\/title>\n<meta name=\"robots\" content=\"index, follow, max-snippet:-1, max-image-preview:large, max-video-preview:-1\" \/>\n<link rel=\"canonical\" href=\"https:\/\/www.euroresidentes.com\/entretenimiento\/apasionados-libros\/el-sonido-de-la-memoria-una-novela-para\/\" \/>\n<meta property=\"og:locale\" content=\"es_ES\" \/>\n<meta property=\"og:type\" content=\"article\" \/>\n<meta property=\"og:title\" content=\"&quot;El sonido de la memoria&quot;, una novela para recordar (y escuchar) - Pasi\u00f3n por los libros\" \/>\n<meta property=\"og:description\" content=\"La novela cuenta en primera persona la historia de un violonchelo nacido en Cremona en 1740 y transcurre por toda Europa a lo largo de 260 a\u00f1os. Es cortita, divertida y os aseguro que vale la pena leerla. Fascinante desde el primer p\u00e1rrafo. Un emotivo y evocador viaje por casi tres siglos de historia desde el punto de vista de un violonchelo y los personajes que se cruzan en su camino. Se trata de un periodo hist\u00f3rico que acoge una realidad europea convulsa tratada de forma evocadora y trascendente: La Europa cultural, la cultura occidental y no la Europa de\" \/>\n<meta property=\"og:url\" content=\"https:\/\/www.euroresidentes.com\/entretenimiento\/apasionados-libros\/el-sonido-de-la-memoria-una-novela-para\/\" \/>\n<meta property=\"og:site_name\" content=\"Pasi\u00f3n por los libros\" \/>\n<meta property=\"article:publisher\" content=\"https:\/\/www.facebook.com\/frases.euroresidentes\/\" \/>\n<meta property=\"article:published_time\" content=\"2015-03-01T10:06:00+00:00\" \/>\n<meta property=\"article:modified_time\" content=\"2016-03-02T11:47:18+00:00\" \/>\n<meta property=\"og:image\" content=\"https:\/\/www.euroresidentes.com\/entretenimiento\/apasionados-libros\/wp-content\/uploads\/sites\/11\/2015\/03\/rafael-gavilan-rueda-2.jpg\" \/>\n\t<meta property=\"og:image:width\" content=\"960\" \/>\n\t<meta property=\"og:image:height\" content=\"720\" \/>\n\t<meta property=\"og:image:type\" content=\"image\/jpeg\" \/>\n<meta name=\"author\" content=\"Euroresidentes\" \/>\n<meta name=\"twitter:card\" content=\"summary_large_image\" \/>\n<meta name=\"twitter:label1\" content=\"Written by\" \/>\n\t<meta name=\"twitter:data1\" content=\"Euroresidentes\" \/>\n\t<meta name=\"twitter:label2\" content=\"Est. reading time\" \/>\n\t<meta name=\"twitter:data2\" content=\"2 minutos\" \/>\n<script type=\"application\/ld+json\" class=\"yoast-schema-graph\">{\"@context\":\"https:\/\/schema.org\",\"@graph\":[{\"@type\":\"WebPage\",\"@id\":\"https:\/\/www.euroresidentes.com\/entretenimiento\/apasionados-libros\/el-sonido-de-la-memoria-una-novela-para\/\",\"url\":\"https:\/\/www.euroresidentes.com\/entretenimiento\/apasionados-libros\/el-sonido-de-la-memoria-una-novela-para\/\",\"name\":\"\\\"El sonido de la memoria\\\", una novela para recordar (y escuchar) - Pasi\u00f3n por los libros\",\"isPartOf\":{\"@id\":\"https:\/\/www.euroresidentes.com\/entretenimiento\/apasionados-libros\/#website\"},\"primaryImageOfPage\":{\"@id\":\"https:\/\/www.euroresidentes.com\/entretenimiento\/apasionados-libros\/el-sonido-de-la-memoria-una-novela-para\/#primaryimage\"},\"image\":{\"@id\":\"https:\/\/www.euroresidentes.com\/entretenimiento\/apasionados-libros\/el-sonido-de-la-memoria-una-novela-para\/#primaryimage\"},\"thumbnailUrl\":\"https:\/\/www.euroresidentes.com\/entretenimiento\/apasionados-libros\/wp-content\/uploads\/sites\/11\/2015\/03\/rafael-gavilan-rueda-2.jpg\",\"datePublished\":\"2015-03-01T10:06:00+00:00\",\"dateModified\":\"2016-03-02T11:47:18+00:00\",\"author\":{\"@id\":\"https:\/\/www.euroresidentes.com\/entretenimiento\/apasionados-libros\/#\/schema\/person\/e41441f91af6208631ba0be4ea9c5f01\"},\"breadcrumb\":{\"@id\":\"https:\/\/www.euroresidentes.com\/entretenimiento\/apasionados-libros\/el-sonido-de-la-memoria-una-novela-para\/#breadcrumb\"},\"inLanguage\":\"es\",\"potentialAction\":[{\"@type\":\"ReadAction\",\"target\":[\"https:\/\/www.euroresidentes.com\/entretenimiento\/apasionados-libros\/el-sonido-de-la-memoria-una-novela-para\/\"]}]},{\"@type\":\"ImageObject\",\"inLanguage\":\"es\",\"@id\":\"https:\/\/www.euroresidentes.com\/entretenimiento\/apasionados-libros\/el-sonido-de-la-memoria-una-novela-para\/#primaryimage\",\"url\":\"https:\/\/www.euroresidentes.com\/entretenimiento\/apasionados-libros\/wp-content\/uploads\/sites\/11\/2015\/03\/rafael-gavilan-rueda-2.jpg\",\"contentUrl\":\"https:\/\/www.euroresidentes.com\/entretenimiento\/apasionados-libros\/wp-content\/uploads\/sites\/11\/2015\/03\/rafael-gavilan-rueda-2.jpg\",\"width\":960,\"height\":720},{\"@type\":\"BreadcrumbList\",\"@id\":\"https:\/\/www.euroresidentes.com\/entretenimiento\/apasionados-libros\/el-sonido-de-la-memoria-una-novela-para\/#breadcrumb\",\"itemListElement\":[{\"@type\":\"ListItem\",\"position\":1,\"name\":\"Portada\",\"item\":\"https:\/\/www.euroresidentes.com\/entretenimiento\/apasionados-libros\/\"},{\"@type\":\"ListItem\",\"position\":2,\"name\":\"\u00abEl sonido de la memoria\u00bb, una novela para recordar (y escuchar)\"}]},{\"@type\":\"WebSite\",\"@id\":\"https:\/\/www.euroresidentes.com\/entretenimiento\/apasionados-libros\/#website\",\"url\":\"https:\/\/www.euroresidentes.com\/entretenimiento\/apasionados-libros\/\",\"name\":\"Pasi\u00f3n por los libros\",\"description\":\"Euroresidentes\",\"potentialAction\":[{\"@type\":\"SearchAction\",\"target\":{\"@type\":\"EntryPoint\",\"urlTemplate\":\"https:\/\/www.euroresidentes.com\/entretenimiento\/apasionados-libros\/?s={search_term_string}\"},\"query-input\":{\"@type\":\"PropertyValueSpecification\",\"valueRequired\":true,\"valueName\":\"search_term_string\"}}],\"inLanguage\":\"es\"},{\"@type\":\"Person\",\"@id\":\"https:\/\/www.euroresidentes.com\/entretenimiento\/apasionados-libros\/#\/schema\/person\/e41441f91af6208631ba0be4ea9c5f01\",\"name\":\"Euroresidentes\",\"image\":{\"@type\":\"ImageObject\",\"inLanguage\":\"es\",\"@id\":\"https:\/\/www.euroresidentes.com\/entretenimiento\/apasionados-libros\/#\/schema\/person\/image\/\",\"url\":\"https:\/\/www.euroresidentes.com\/entretenimiento\/apasionados-libros\/wp-content\/uploads\/sites\/11\/2016\/09\/logo-euroresidentes-150x150.jpg\",\"contentUrl\":\"https:\/\/www.euroresidentes.com\/entretenimiento\/apasionados-libros\/wp-content\/uploads\/sites\/11\/2016\/09\/logo-euroresidentes-150x150.jpg\",\"caption\":\"Euroresidentes\"},\"description\":\"Euroresidentes\",\"sameAs\":[\"https:\/\/www.euroresidentes.com\/info.htm\"],\"url\":\"https:\/\/www.euroresidentes.com\/entretenimiento\/apasionados-libros\/author\/euroresidentes\/\"}]}<\/script>\n<!-- \/ Yoast SEO plugin. -->","yoast_head_json":{"title":"\"El sonido de la memoria\", una novela para recordar (y escuchar) - Pasi\u00f3n por los libros","robots":{"index":"index","follow":"follow","max-snippet":"max-snippet:-1","max-image-preview":"max-image-preview:large","max-video-preview":"max-video-preview:-1"},"canonical":"https:\/\/www.euroresidentes.com\/entretenimiento\/apasionados-libros\/el-sonido-de-la-memoria-una-novela-para\/","og_locale":"es_ES","og_type":"article","og_title":"\"El sonido de la memoria\", una novela para recordar (y escuchar) - Pasi\u00f3n por los libros","og_description":"La novela cuenta en primera persona la historia de un violonchelo nacido en Cremona en 1740 y transcurre por toda Europa a lo largo de 260 a\u00f1os. Es cortita, divertida y os aseguro que vale la pena leerla. Fascinante desde el primer p\u00e1rrafo. Un emotivo y evocador viaje por casi tres siglos de historia desde el punto de vista de un violonchelo y los personajes que se cruzan en su camino. Se trata de un periodo hist\u00f3rico que acoge una realidad europea convulsa tratada de forma evocadora y trascendente: La Europa cultural, la cultura occidental y no la Europa de","og_url":"https:\/\/www.euroresidentes.com\/entretenimiento\/apasionados-libros\/el-sonido-de-la-memoria-una-novela-para\/","og_site_name":"Pasi\u00f3n por los libros","article_publisher":"https:\/\/www.facebook.com\/frases.euroresidentes\/","article_published_time":"2015-03-01T10:06:00+00:00","article_modified_time":"2016-03-02T11:47:18+00:00","og_image":[{"width":960,"height":720,"url":"https:\/\/www.euroresidentes.com\/entretenimiento\/apasionados-libros\/wp-content\/uploads\/sites\/11\/2015\/03\/rafael-gavilan-rueda-2.jpg","type":"image\/jpeg"}],"author":"Euroresidentes","twitter_card":"summary_large_image","twitter_misc":{"Written by":"Euroresidentes","Est. reading time":"2 minutos"},"schema":{"@context":"https:\/\/schema.org","@graph":[{"@type":"WebPage","@id":"https:\/\/www.euroresidentes.com\/entretenimiento\/apasionados-libros\/el-sonido-de-la-memoria-una-novela-para\/","url":"https:\/\/www.euroresidentes.com\/entretenimiento\/apasionados-libros\/el-sonido-de-la-memoria-una-novela-para\/","name":"\"El sonido de la memoria\", una novela para recordar (y escuchar) - Pasi\u00f3n por los libros","isPartOf":{"@id":"https:\/\/www.euroresidentes.com\/entretenimiento\/apasionados-libros\/#website"},"primaryImageOfPage":{"@id":"https:\/\/www.euroresidentes.com\/entretenimiento\/apasionados-libros\/el-sonido-de-la-memoria-una-novela-para\/#primaryimage"},"image":{"@id":"https:\/\/www.euroresidentes.com\/entretenimiento\/apasionados-libros\/el-sonido-de-la-memoria-una-novela-para\/#primaryimage"},"thumbnailUrl":"https:\/\/www.euroresidentes.com\/entretenimiento\/apasionados-libros\/wp-content\/uploads\/sites\/11\/2015\/03\/rafael-gavilan-rueda-2.jpg","datePublished":"2015-03-01T10:06:00+00:00","dateModified":"2016-03-02T11:47:18+00:00","author":{"@id":"https:\/\/www.euroresidentes.com\/entretenimiento\/apasionados-libros\/#\/schema\/person\/e41441f91af6208631ba0be4ea9c5f01"},"breadcrumb":{"@id":"https:\/\/www.euroresidentes.com\/entretenimiento\/apasionados-libros\/el-sonido-de-la-memoria-una-novela-para\/#breadcrumb"},"inLanguage":"es","potentialAction":[{"@type":"ReadAction","target":["https:\/\/www.euroresidentes.com\/entretenimiento\/apasionados-libros\/el-sonido-de-la-memoria-una-novela-para\/"]}]},{"@type":"ImageObject","inLanguage":"es","@id":"https:\/\/www.euroresidentes.com\/entretenimiento\/apasionados-libros\/el-sonido-de-la-memoria-una-novela-para\/#primaryimage","url":"https:\/\/www.euroresidentes.com\/entretenimiento\/apasionados-libros\/wp-content\/uploads\/sites\/11\/2015\/03\/rafael-gavilan-rueda-2.jpg","contentUrl":"https:\/\/www.euroresidentes.com\/entretenimiento\/apasionados-libros\/wp-content\/uploads\/sites\/11\/2015\/03\/rafael-gavilan-rueda-2.jpg","width":960,"height":720},{"@type":"BreadcrumbList","@id":"https:\/\/www.euroresidentes.com\/entretenimiento\/apasionados-libros\/el-sonido-de-la-memoria-una-novela-para\/#breadcrumb","itemListElement":[{"@type":"ListItem","position":1,"name":"Portada","item":"https:\/\/www.euroresidentes.com\/entretenimiento\/apasionados-libros\/"},{"@type":"ListItem","position":2,"name":"\u00abEl sonido de la memoria\u00bb, una novela para recordar (y escuchar)"}]},{"@type":"WebSite","@id":"https:\/\/www.euroresidentes.com\/entretenimiento\/apasionados-libros\/#website","url":"https:\/\/www.euroresidentes.com\/entretenimiento\/apasionados-libros\/","name":"Pasi\u00f3n por los libros","description":"Euroresidentes","potentialAction":[{"@type":"SearchAction","target":{"@type":"EntryPoint","urlTemplate":"https:\/\/www.euroresidentes.com\/entretenimiento\/apasionados-libros\/?s={search_term_string}"},"query-input":{"@type":"PropertyValueSpecification","valueRequired":true,"valueName":"search_term_string"}}],"inLanguage":"es"},{"@type":"Person","@id":"https:\/\/www.euroresidentes.com\/entretenimiento\/apasionados-libros\/#\/schema\/person\/e41441f91af6208631ba0be4ea9c5f01","name":"Euroresidentes","image":{"@type":"ImageObject","inLanguage":"es","@id":"https:\/\/www.euroresidentes.com\/entretenimiento\/apasionados-libros\/#\/schema\/person\/image\/","url":"https:\/\/www.euroresidentes.com\/entretenimiento\/apasionados-libros\/wp-content\/uploads\/sites\/11\/2016\/09\/logo-euroresidentes-150x150.jpg","contentUrl":"https:\/\/www.euroresidentes.com\/entretenimiento\/apasionados-libros\/wp-content\/uploads\/sites\/11\/2016\/09\/logo-euroresidentes-150x150.jpg","caption":"Euroresidentes"},"description":"Euroresidentes","sameAs":["https:\/\/www.euroresidentes.com\/info.htm"],"url":"https:\/\/www.euroresidentes.com\/entretenimiento\/apasionados-libros\/author\/euroresidentes\/"}]}},"_links":{"self":[{"href":"https:\/\/www.euroresidentes.com\/entretenimiento\/apasionados-libros\/wp-json\/wp\/v2\/posts\/225","targetHints":{"allow":["GET"]}}],"collection":[{"href":"https:\/\/www.euroresidentes.com\/entretenimiento\/apasionados-libros\/wp-json\/wp\/v2\/posts"}],"about":[{"href":"https:\/\/www.euroresidentes.com\/entretenimiento\/apasionados-libros\/wp-json\/wp\/v2\/types\/post"}],"author":[{"embeddable":true,"href":"https:\/\/www.euroresidentes.com\/entretenimiento\/apasionados-libros\/wp-json\/wp\/v2\/users\/1"}],"replies":[{"embeddable":true,"href":"https:\/\/www.euroresidentes.com\/entretenimiento\/apasionados-libros\/wp-json\/wp\/v2\/comments?post=225"}],"version-history":[{"count":1,"href":"https:\/\/www.euroresidentes.com\/entretenimiento\/apasionados-libros\/wp-json\/wp\/v2\/posts\/225\/revisions"}],"predecessor-version":[{"id":298,"href":"https:\/\/www.euroresidentes.com\/entretenimiento\/apasionados-libros\/wp-json\/wp\/v2\/posts\/225\/revisions\/298"}],"wp:featuredmedia":[{"embeddable":true,"href":"https:\/\/www.euroresidentes.com\/entretenimiento\/apasionados-libros\/wp-json\/wp\/v2\/media\/295"}],"wp:attachment":[{"href":"https:\/\/www.euroresidentes.com\/entretenimiento\/apasionados-libros\/wp-json\/wp\/v2\/media?parent=225"}],"wp:term":[{"taxonomy":"category","embeddable":true,"href":"https:\/\/www.euroresidentes.com\/entretenimiento\/apasionados-libros\/wp-json\/wp\/v2\/categories?post=225"},{"taxonomy":"post_tag","embeddable":true,"href":"https:\/\/www.euroresidentes.com\/entretenimiento\/apasionados-libros\/wp-json\/wp\/v2\/tags?post=225"}],"curies":[{"name":"wp","href":"https:\/\/api.w.org\/{rel}","templated":true}]}}