{"id":732,"date":"2005-06-24T18:43:00","date_gmt":"2005-06-24T18:43:00","guid":{"rendered":"https:\/\/www.euroresidentes.com\/entretenimiento\/actualidad\/el-no-la-unin-europea"},"modified":"2016-03-16T16:03:13","modified_gmt":"2016-03-16T16:03:13","slug":"el-no-la-unin-europea","status":"publish","type":"post","link":"https:\/\/www.euroresidentes.com\/entretenimiento\/actualidad\/el-no-la-unin-europea\/","title":{"rendered":"El no a la Uni\u00f3n Europea"},"content":{"rendered":"<p><strong><\/strong><br \/><strong>La lecci\u00f3n de Blair<\/strong><\/p>\n<p>El \u00abno\u00bb franc\u00e9s represent\u00f3 una convulsi\u00f3n en Europa. Los ciudadanos est\u00e1n donde siempre han estado: en la realidad de cada d\u00eda. Los pol\u00edticos en las nubes. Por esto Tony Blair ha sorprendido poniendo un pi\u00e9 en la tierra.<\/p>\n<p>Seg\u00fan &#8216;The Guardian&#8217; la intervenci\u00f3n de ayer de Blair ante el pleno del Parlamento Europeo dej\u00f3 a todos boquiabiertos y a juzgar por las expresiones de todos los parlamentarios al acabar su discurso, as\u00ed fue.<\/p>\n<p><strong>Necesidad de cambios en Europa, el NO<\/strong><\/p>\n<p>No sabemos si es la tercera o la cuarta v\u00eda, pero Europa necesita cambios. Muchos cambios. Los ciudadanos franceses y holandeses no han dicho un no a Europa, han dicho \u00abno\u00bb a ciertas cosas que no gustan, ni ilusionan a nadie:<\/p>\n<p>1. Han dicho \u00abNo\u00bb a una burocracia arrogante y con unos privilegios personales que nadie tiene en sus pa\u00edses de origen.<\/p>\n<p>2. Han dicho \u00abNo\u00bb a una Uni\u00f3n Europa a que se le asigna un presupuesto residual destinado al pago de las facturas que nadie quiere asumir (agricultura, cheque brit\u00e1nico, \u00abfondos de cohesi\u00f3n\u00bb) mientras que la innovaci\u00f3n, la investigaci\u00f3n, la ciencia, la tecnolog\u00eda, la <a href=\"http:\/\/www.euroresidentes.com\/futuro\/nanotecnologia\/nanotecnologia.htm\">nanotecnolog\u00eda<\/a>&#8230; quedan rezagadas no s\u00f3lo por detr\u00e1s de Estados Unidos sino de pa\u00edses como China (caso de la nanotecnolog\u00eda).<\/p>\n<p>3. Han dicho \u00abNo\u00bb a la falta de una pol\u00edtica exterior relevante capaz de representar lo intereses europeos en el concierto nacional y equilibrar el peso abusivo de los Estados Unidos.<\/p>\n<p>4. Han dicho \u00abNo\u00bb a la falta de garant\u00edas en el cumplimiento de los derechos de los ciudadanos en el marco territorial de la Uni\u00f3n. En Espa\u00f1a, el caso del movimiento \u00ab<a href=\"http:\/\/www.euroresidentes.com\/Blogs\/vivienda\/2005\/04\/abusos-urbansticos-en-la-comunidad.html\">abusos urban\u00edsticos no<\/a>\u00bb es representativo de este tipo de cosas.<\/p>\n<p>5. Han dicho \u00abNo\u00bb a la desidia, al reparto y al conformismo. Al \u00abpactismo\u00bb y a la falta de transparencia pol\u00edtica. A la falta de ilusi\u00f3n y de objetivos relevantes para que Europa recupere el liderazgo que le pertenece.<\/p>\n<p>En definitiva, han dicho \u00abNO\u00bb a la mediocridad pol\u00edtica. Por esto, Blair \u00abel antieuropeo pragm\u00e1tico, y europeo apasionado\u00bb ha dado una lecci\u00f3n.<\/p>\n<p>Quiz\u00e1s el Presidente <a href=\"http:\/\/www.euroresidentes.com\/euroresiuk\/Spanish_Government\/Jose_Luis_Rodriguez_Zapatero.htm\">Jos\u00e9 Luis Rodr\u00edguez Zapatero <\/a>deber\u00eda recuperar la alianza de Espa\u00f1a con Blair. Sus socios, Francia y Alemania no pasan por un buen momento y habr\u00e1 que dejar pasar el tiempo para que otros l\u00edderes de estos dos \u00faltimos pa\u00edses vuelvan a tirar del carro de la Uni\u00f3n Europea.<\/p>\n<p>No hay muchas alternativas para la pol\u00edtica exterior.<\/p>\n","protected":false},"excerpt":{"rendered":"<p>La lecci\u00f3n de Blair El \u00abno\u00bb franc\u00e9s represent\u00f3 una convulsi\u00f3n en Europa. Los ciudadanos est\u00e1n donde siempre han estado: en la realidad de cada d\u00eda. Los pol\u00edticos en las nubes. Por esto Tony Blair ha sorprendido poniendo un pi\u00e9 en la tierra. Seg\u00fan &#8216;The Guardian&#8217; la intervenci\u00f3n de ayer de Blair ante el pleno del Parlamento Europeo dej\u00f3 a todos boquiabiertos y a juzgar por las expresiones de todos los parlamentarios al acabar su discurso, as\u00ed fue. Necesidad de cambios en Europa, el NO No sabemos si es la tercera o la cuarta v\u00eda, pero Europa necesita cambios. Muchos cambios. <\/p>\n","protected":false},"author":1,"featured_media":0,"comment_status":"open","ping_status":"open","sticky":false,"template":"","format":"standard","meta":{"footnotes":""},"categories":[1],"tags":[31],"class_list":["post-732","post","type-post","status-publish","format-standard","hentry","category-general","tag-politica"],"yoast_head":"<!-- This site is optimized with the Yoast SEO plugin v24.1 - https:\/\/yoast.com\/wordpress\/plugins\/seo\/ -->\n<title>El no a la Uni\u00f3n Europea - Actualidad: famosos, \u00e9xitos, deportes...<\/title>\n<meta name=\"robots\" content=\"index, follow, max-snippet:-1, max-image-preview:large, max-video-preview:-1\" \/>\n<link rel=\"canonical\" href=\"https:\/\/www.euroresidentes.com\/entretenimiento\/actualidad\/el-no-la-unin-europea\/\" \/>\n<meta property=\"og:locale\" content=\"es_ES\" \/>\n<meta property=\"og:type\" content=\"article\" \/>\n<meta property=\"og:title\" content=\"El no a la Uni\u00f3n Europea - Actualidad: famosos, \u00e9xitos, deportes...\" \/>\n<meta property=\"og:description\" content=\"La lecci\u00f3n de Blair El \u00abno\u00bb franc\u00e9s represent\u00f3 una convulsi\u00f3n en Europa. Los ciudadanos est\u00e1n donde siempre han estado: en la realidad de cada d\u00eda. Los pol\u00edticos en las nubes. Por esto Tony Blair ha sorprendido poniendo un pi\u00e9 en la tierra. Seg\u00fan &#8216;The Guardian&#8217; la intervenci\u00f3n de ayer de Blair ante el pleno del Parlamento Europeo dej\u00f3 a todos boquiabiertos y a juzgar por las expresiones de todos los parlamentarios al acabar su discurso, as\u00ed fue. Necesidad de cambios en Europa, el NO No sabemos si es la tercera o la cuarta v\u00eda, pero Europa necesita cambios. Muchos cambios.\" \/>\n<meta property=\"og:url\" content=\"https:\/\/www.euroresidentes.com\/entretenimiento\/actualidad\/el-no-la-unin-europea\/\" \/>\n<meta property=\"og:site_name\" content=\"Actualidad: famosos, \u00e9xitos, deportes...\" \/>\n<meta property=\"article:publisher\" content=\"https:\/\/www.facebook.com\/euroresidentes\/\" \/>\n<meta property=\"article:published_time\" content=\"2005-06-24T18:43:00+00:00\" \/>\n<meta property=\"article:modified_time\" content=\"2016-03-16T16:03:13+00:00\" \/>\n<meta name=\"author\" content=\"Euroresidentes\" \/>\n<meta name=\"twitter:card\" content=\"summary_large_image\" \/>\n<meta name=\"twitter:label1\" content=\"Written by\" \/>\n\t<meta name=\"twitter:data1\" content=\"Euroresidentes\" \/>\n\t<meta name=\"twitter:label2\" content=\"Est. reading time\" \/>\n\t<meta name=\"twitter:data2\" content=\"2 minutos\" \/>\n<script type=\"application\/ld+json\" class=\"yoast-schema-graph\">{\"@context\":\"https:\/\/schema.org\",\"@graph\":[{\"@type\":\"WebPage\",\"@id\":\"https:\/\/www.euroresidentes.com\/entretenimiento\/actualidad\/el-no-la-unin-europea\/\",\"url\":\"https:\/\/www.euroresidentes.com\/entretenimiento\/actualidad\/el-no-la-unin-europea\/\",\"name\":\"El no a la Uni\u00f3n Europea - Actualidad: famosos, \u00e9xitos, deportes...\",\"isPartOf\":{\"@id\":\"https:\/\/www.euroresidentes.com\/entretenimiento\/actualidad\/#website\"},\"datePublished\":\"2005-06-24T18:43:00+00:00\",\"dateModified\":\"2016-03-16T16:03:13+00:00\",\"author\":{\"@id\":\"https:\/\/www.euroresidentes.com\/entretenimiento\/actualidad\/#\/schema\/person\/e41441f91af6208631ba0be4ea9c5f01\"},\"breadcrumb\":{\"@id\":\"https:\/\/www.euroresidentes.com\/entretenimiento\/actualidad\/el-no-la-unin-europea\/#breadcrumb\"},\"inLanguage\":\"es\",\"potentialAction\":[{\"@type\":\"ReadAction\",\"target\":[\"https:\/\/www.euroresidentes.com\/entretenimiento\/actualidad\/el-no-la-unin-europea\/\"]}]},{\"@type\":\"BreadcrumbList\",\"@id\":\"https:\/\/www.euroresidentes.com\/entretenimiento\/actualidad\/el-no-la-unin-europea\/#breadcrumb\",\"itemListElement\":[{\"@type\":\"ListItem\",\"position\":1,\"name\":\"Portada\",\"item\":\"https:\/\/www.euroresidentes.com\/entretenimiento\/actualidad\/\"},{\"@type\":\"ListItem\",\"position\":2,\"name\":\"El no a la Uni\u00f3n Europea\"}]},{\"@type\":\"WebSite\",\"@id\":\"https:\/\/www.euroresidentes.com\/entretenimiento\/actualidad\/#website\",\"url\":\"https:\/\/www.euroresidentes.com\/entretenimiento\/actualidad\/\",\"name\":\"Actualidad: famosos, \u00e9xitos, deportes...\",\"description\":\"Euroresidentes\",\"potentialAction\":[{\"@type\":\"SearchAction\",\"target\":{\"@type\":\"EntryPoint\",\"urlTemplate\":\"https:\/\/www.euroresidentes.com\/entretenimiento\/actualidad\/?s={search_term_string}\"},\"query-input\":{\"@type\":\"PropertyValueSpecification\",\"valueRequired\":true,\"valueName\":\"search_term_string\"}}],\"inLanguage\":\"es\"},{\"@type\":\"Person\",\"@id\":\"https:\/\/www.euroresidentes.com\/entretenimiento\/actualidad\/#\/schema\/person\/e41441f91af6208631ba0be4ea9c5f01\",\"name\":\"Euroresidentes\",\"image\":{\"@type\":\"ImageObject\",\"inLanguage\":\"es\",\"@id\":\"https:\/\/www.euroresidentes.com\/entretenimiento\/actualidad\/#\/schema\/person\/image\/\",\"url\":\"https:\/\/www.euroresidentes.com\/entretenimiento\/actualidad\/wp-content\/uploads\/sites\/24\/2016\/09\/logo-euroresidentes-150x150.jpg\",\"contentUrl\":\"https:\/\/www.euroresidentes.com\/entretenimiento\/actualidad\/wp-content\/uploads\/sites\/24\/2016\/09\/logo-euroresidentes-150x150.jpg\",\"caption\":\"Euroresidentes\"},\"description\":\"Euroresidentes\",\"sameAs\":[\"https:\/\/www.euroresidentes.com\/info.htm\"],\"url\":\"https:\/\/www.euroresidentes.com\/entretenimiento\/actualidad\/author\/euroresidentes\/\"}]}<\/script>\n<!-- \/ Yoast SEO plugin. -->","yoast_head_json":{"title":"El no a la Uni\u00f3n Europea - Actualidad: famosos, \u00e9xitos, deportes...","robots":{"index":"index","follow":"follow","max-snippet":"max-snippet:-1","max-image-preview":"max-image-preview:large","max-video-preview":"max-video-preview:-1"},"canonical":"https:\/\/www.euroresidentes.com\/entretenimiento\/actualidad\/el-no-la-unin-europea\/","og_locale":"es_ES","og_type":"article","og_title":"El no a la Uni\u00f3n Europea - Actualidad: famosos, \u00e9xitos, deportes...","og_description":"La lecci\u00f3n de Blair El \u00abno\u00bb franc\u00e9s represent\u00f3 una convulsi\u00f3n en Europa. Los ciudadanos est\u00e1n donde siempre han estado: en la realidad de cada d\u00eda. Los pol\u00edticos en las nubes. Por esto Tony Blair ha sorprendido poniendo un pi\u00e9 en la tierra. Seg\u00fan &#8216;The Guardian&#8217; la intervenci\u00f3n de ayer de Blair ante el pleno del Parlamento Europeo dej\u00f3 a todos boquiabiertos y a juzgar por las expresiones de todos los parlamentarios al acabar su discurso, as\u00ed fue. Necesidad de cambios en Europa, el NO No sabemos si es la tercera o la cuarta v\u00eda, pero Europa necesita cambios. Muchos cambios.","og_url":"https:\/\/www.euroresidentes.com\/entretenimiento\/actualidad\/el-no-la-unin-europea\/","og_site_name":"Actualidad: famosos, \u00e9xitos, deportes...","article_publisher":"https:\/\/www.facebook.com\/euroresidentes\/","article_published_time":"2005-06-24T18:43:00+00:00","article_modified_time":"2016-03-16T16:03:13+00:00","author":"Euroresidentes","twitter_card":"summary_large_image","twitter_misc":{"Written by":"Euroresidentes","Est. reading time":"2 minutos"},"schema":{"@context":"https:\/\/schema.org","@graph":[{"@type":"WebPage","@id":"https:\/\/www.euroresidentes.com\/entretenimiento\/actualidad\/el-no-la-unin-europea\/","url":"https:\/\/www.euroresidentes.com\/entretenimiento\/actualidad\/el-no-la-unin-europea\/","name":"El no a la Uni\u00f3n Europea - Actualidad: famosos, \u00e9xitos, deportes...","isPartOf":{"@id":"https:\/\/www.euroresidentes.com\/entretenimiento\/actualidad\/#website"},"datePublished":"2005-06-24T18:43:00+00:00","dateModified":"2016-03-16T16:03:13+00:00","author":{"@id":"https:\/\/www.euroresidentes.com\/entretenimiento\/actualidad\/#\/schema\/person\/e41441f91af6208631ba0be4ea9c5f01"},"breadcrumb":{"@id":"https:\/\/www.euroresidentes.com\/entretenimiento\/actualidad\/el-no-la-unin-europea\/#breadcrumb"},"inLanguage":"es","potentialAction":[{"@type":"ReadAction","target":["https:\/\/www.euroresidentes.com\/entretenimiento\/actualidad\/el-no-la-unin-europea\/"]}]},{"@type":"BreadcrumbList","@id":"https:\/\/www.euroresidentes.com\/entretenimiento\/actualidad\/el-no-la-unin-europea\/#breadcrumb","itemListElement":[{"@type":"ListItem","position":1,"name":"Portada","item":"https:\/\/www.euroresidentes.com\/entretenimiento\/actualidad\/"},{"@type":"ListItem","position":2,"name":"El no a la Uni\u00f3n Europea"}]},{"@type":"WebSite","@id":"https:\/\/www.euroresidentes.com\/entretenimiento\/actualidad\/#website","url":"https:\/\/www.euroresidentes.com\/entretenimiento\/actualidad\/","name":"Actualidad: famosos, \u00e9xitos, deportes...","description":"Euroresidentes","potentialAction":[{"@type":"SearchAction","target":{"@type":"EntryPoint","urlTemplate":"https:\/\/www.euroresidentes.com\/entretenimiento\/actualidad\/?s={search_term_string}"},"query-input":{"@type":"PropertyValueSpecification","valueRequired":true,"valueName":"search_term_string"}}],"inLanguage":"es"},{"@type":"Person","@id":"https:\/\/www.euroresidentes.com\/entretenimiento\/actualidad\/#\/schema\/person\/e41441f91af6208631ba0be4ea9c5f01","name":"Euroresidentes","image":{"@type":"ImageObject","inLanguage":"es","@id":"https:\/\/www.euroresidentes.com\/entretenimiento\/actualidad\/#\/schema\/person\/image\/","url":"https:\/\/www.euroresidentes.com\/entretenimiento\/actualidad\/wp-content\/uploads\/sites\/24\/2016\/09\/logo-euroresidentes-150x150.jpg","contentUrl":"https:\/\/www.euroresidentes.com\/entretenimiento\/actualidad\/wp-content\/uploads\/sites\/24\/2016\/09\/logo-euroresidentes-150x150.jpg","caption":"Euroresidentes"},"description":"Euroresidentes","sameAs":["https:\/\/www.euroresidentes.com\/info.htm"],"url":"https:\/\/www.euroresidentes.com\/entretenimiento\/actualidad\/author\/euroresidentes\/"}]}},"_links":{"self":[{"href":"https:\/\/www.euroresidentes.com\/entretenimiento\/actualidad\/wp-json\/wp\/v2\/posts\/732","targetHints":{"allow":["GET"]}}],"collection":[{"href":"https:\/\/www.euroresidentes.com\/entretenimiento\/actualidad\/wp-json\/wp\/v2\/posts"}],"about":[{"href":"https:\/\/www.euroresidentes.com\/entretenimiento\/actualidad\/wp-json\/wp\/v2\/types\/post"}],"author":[{"embeddable":true,"href":"https:\/\/www.euroresidentes.com\/entretenimiento\/actualidad\/wp-json\/wp\/v2\/users\/1"}],"replies":[{"embeddable":true,"href":"https:\/\/www.euroresidentes.com\/entretenimiento\/actualidad\/wp-json\/wp\/v2\/comments?post=732"}],"version-history":[{"count":1,"href":"https:\/\/www.euroresidentes.com\/entretenimiento\/actualidad\/wp-json\/wp\/v2\/posts\/732\/revisions"}],"predecessor-version":[{"id":1708,"href":"https:\/\/www.euroresidentes.com\/entretenimiento\/actualidad\/wp-json\/wp\/v2\/posts\/732\/revisions\/1708"}],"wp:attachment":[{"href":"https:\/\/www.euroresidentes.com\/entretenimiento\/actualidad\/wp-json\/wp\/v2\/media?parent=732"}],"wp:term":[{"taxonomy":"category","embeddable":true,"href":"https:\/\/www.euroresidentes.com\/entretenimiento\/actualidad\/wp-json\/wp\/v2\/categories?post=732"},{"taxonomy":"post_tag","embeddable":true,"href":"https:\/\/www.euroresidentes.com\/entretenimiento\/actualidad\/wp-json\/wp\/v2\/tags?post=732"}],"curies":[{"name":"wp","href":"https:\/\/api.w.org\/{rel}","templated":true}]}}