{"id":703,"date":"2006-03-01T13:59:00","date_gmt":"2006-03-01T13:59:00","guid":{"rendered":"https:\/\/www.euroresidentes.com\/entretenimiento\/actualidad\/el-urbanismo-espaol-en-el-parlamento"},"modified":"2016-03-16T16:14:53","modified_gmt":"2016-03-16T16:14:53","slug":"el-urbanismo-espaol-en-el-parlamento","status":"publish","type":"post","link":"https:\/\/www.euroresidentes.com\/entretenimiento\/actualidad\/el-urbanismo-espaol-en-el-parlamento\/","title":{"rendered":"El urbanismo espa\u00f1ol en el Parlamento Europeo"},"content":{"rendered":"<p>Con el t\u00edtulo \u00ab<a href=\"http:\/\/www.elpais.es\/articulo\/elpporesp\/20060301elpepinac_16\/Tes\/espana\/Examen\/urbanismo\/espanol\">Examen al urbanismo espa\u00f1ol<\/a>\u00bb el diario El Pa\u00eds se\u00f1ala hoy un dato que deber\u00eda ser preocupante para el Gobierno espa\u00f1ol y para la sociedad espa\u00f1ola: \u00ab<em><strong>15 de las 24 denuncias por supuestos abusos que tramita desde hace a\u00f1o y medio el Parlamento Europeo proceden de Espa\u00f1a<\/strong><\/em>\u00ab<\/p>\n<p>Sin relaci\u00f3n con esta noticia, el mismo diario recoge el siguiente titular: <a class=\"g15r003\" href=\"http:\/\/www.elpais.es\/articulo\/elpporesp\/20060301elpepunac_3\/Tes\/espana\/Detenida\/concejala\/PP\/Telde\/presunto\/delito\/corrupcion\"><em>Detenida una edil de urbanismo en Gran Canaria por presunta corrupci\u00f3n<\/em><\/a>. El caso es que, puras coincidencias al margen, cada vez m\u00e1s frecuente la eslacada de noticias y sospechas sobre corrupci\u00f3n que est\u00e1 ligada a la especulaci\u00f3n urban\u00edstica e inmobiliaria en Espa\u00f1a.<\/p>\n<p>Y el tema crucial es que los ciudadanos espa\u00f1oles tienen que recurrir al Parlamento espa\u00f1ol porque seg\u00fan las opiniones que recoge el Pa\u00eds <em>\u00abLos diputados espa\u00f1oles dijeron que no pod\u00edan hacer nada\u00bb<\/em>, seg\u00fan les se\u00f1ala una asociaci\u00f3n. El presidente de Abusos- Urban\u00edsticos- No, el canadiense Ch.Svovoba, explica que la decisi\u00f3n de ir al Parlamento no fue casualidad: \u00ab<em>Hablamos con diputados del Congreso y auton\u00f3micos y ellos nos recomendaron que fu\u00e9semos a Bruselas\u00bb<\/em>.<\/p>\n<p><strong>El Comit\u00e9 de Peticiones del Parlamento Europeo especializado en urbanismo espa\u00f1ol<\/strong><\/p>\n<p>Y es que de seguir las denuncias de las asociaciones que luchan contra los abusos urban\u00edsticos el Comit\u00e9 de Peticiones del Parlamento Europeo acabar\u00e1 siendo uno de los m\u00e1ximos especialistas sobre el urbanismo que se practica actualmente en Espa\u00f1a. Desde mediados de 2004 hasta hoy el Comit\u00e9 de Peticiones ha analizado 24 quejas por proyectos urban\u00edsticos: 3 de Italia, 2 de Francia, 1 de Alemania, 1 de Portugal, 1 de Hungr\u00eda y <strong>15 de Espa\u00f1a<\/strong>.<\/p>\n<p>Desde este \u00f3rgano el eurodiputado Hammerstein se\u00f1ala que \u00ab<em>Los espa\u00f1oles no es que sean especialmente reivindicativos, pero acuden a Bruselas porque el sistema judicial y pol\u00edtico espa\u00f1ol no les da garant\u00edas frente a los abusos urban\u00edsticos<\/em>\u00ab.<\/p>\n<p>El caso es que ni el Ministerio de la Vivienda, ni el de Medio ambiente o el Gobierno espa\u00f1ol hacen mucho por sentirse aludidos. Hace dos a\u00f1os ya que el Presidente Rodr\u00edguez Zapatero, nada m\u00e1s estrenarse en el cargo recibi\u00f3 <a href=\"http:\/\/www.euroresidentes.com\/Blogs\/rodriguez_zapatero\/2004\/11\/los-embajadores-extranjeros-escriben.html\">un escrito de 17 embajadores <\/a>denunciando los atropellos urban\u00edsticos en la Comunidad Valenciana.<\/p>\n<p><strong>Federaci\u00f3n Nacional de Asociaciones contra abusos urban\u00edsticos<\/strong><\/p>\n<p>Como el tema va en expansi\u00f3n exponencial medio centenar de asociaciones que luchan contra los abusos urban\u00edsticos se reunieron ayer en Madrid para analizar el problema de los abusos y constituirse en una federaci\u00f3n nacional.<\/p>\n<p>La abogada Inmaculada Rosas, especialista en temas de urbanismo, destac\u00f3 que \u00ablos alcaldes est\u00e1n con los constructores, no con los ciudadanos\u00bb, y justific\u00f3 que las quejas vayan a Bruselas: \u00abCuando hay una urbanizaci\u00f3n ilegal y pedimos la paralizaci\u00f3n de las obras tardamos un a\u00f1o en el que el juez lea la petici\u00f3n, y como m\u00ednimo otro a\u00f1o hasta que resuelva. Al final tenemos una magn\u00edfica sentencia que no se puede ejecutar porque se intentan minimizar las demoliciones\u00bb. Y a\u00f1adi\u00f3: \u00abComo las obras se hacen con licencia municipal no se puede aplicar el C\u00f3digo Penal hasta que la v\u00eda administrativa declara el acto nulo\u00bb. El resultado es que las obras ilegales rara vez son demolidas.<\/p>\n<p>A esta tendencia no se escapa color pol\u00edtico. Tampo populares como socialistas sucumben al poder inmobiliario. As\u00ed la Junta de Andaluc\u00eda, del PSOE, ha anunciado que legalizar\u00e1 25.000 de las 30.000 viviendas construidas conforme al Plan de Ordenaci\u00f3n Urbana que la Junta considera ilegal por no mencionar su inhibici\u00f3n en el hotel del Cabo de Gata, enclavado en un Parque Natural.<\/p>\n<p><strong>Espa\u00f1a e stambi\u00e9n campeona en infringir directivas ambientales ante la Comisi\u00f3n Europea<\/strong><\/p>\n<p>Seg\u00fan el \u00faltimo informe sobre directivas ambientales, Espa\u00f1a es el pa\u00eds de la UE que m\u00e1s infringe las normativas de la UE. La mayor\u00eda de las denuncias ante la Comisi\u00f3n Europea por abusos en Espa\u00f1a parten de extranjeros que residen en el litoral.<\/p>\n<p>Algunos de los casos m\u00e1s conocidos hasta el momento son:<\/p>\n<ul>\n<li>Obras de la M-30 en Madrid. <\/li>\n<li>El Urbanismo valenciano.<\/li>\n<li>Construcci\u00f3n en Cantabria. <\/li>\n<li>El caso en Canarias del \u00abno derribo de m\u00e1s de 50.000 viviendas construidas sin autorizaci\u00f3n\u00bb<\/li>\n<li>El gran aparcamiento en el centro de Sevilla<\/li>\n<\/ul>\n<p><strong>Temas relacionados con abusos del urbanismo en Espa\u00f1a:<\/strong><\/p>\n<ul>\n<li><a class=\"l\" onmousedown=\"return clk(this.href,'res','1','')\" href=\"http:\/\/www.euroresidentes.com\/Blogs\/vivienda\/2005\/04\/abusos-urbansticos-en-la-comunidad.html\">Abusos Urban\u00edsticos en la Comunidad Valenciana<\/a><\/li>\n<li><a class=\"l\" onmousedown=\"return clk(this.href,'res','2','')\" href=\"http:\/\/www.euroresidentes.com\/vivienda\/urbanismo\/situacion-urbanismo-comunidad-valenciana.htm\">Situaci\u00f3n del urbanismo en la Comunidad Valenciana<\/a><\/li>\n<li><a class=\"l\" onmousedown=\"return clk(this.href,'res','4','')\" href=\"http:\/\/www.euroresidentes.com\/vivienda\/urbanismo\/LRAU-valenciana.htm\">LRAU valenciana<\/a><\/li>\n<li><a class=\"l\" onmousedown=\"return clk(this.href,'res','10','')\" href=\"http:\/\/www.euroresidentes.com\/Blogs\/espana\/2005\/10\/la-espaa-de-los-ciudadanos.hml\">La Espa\u00f1a de los ciudadanos<\/a><\/li>\n<li><a class=\"l\" onmousedown=\"return clk(this.href,'res','3','')\" href=\"http:\/\/www.euroresidentes.com\/libros\/varios\/territorios_inteligentes.htm\">Territorios Inteligentes<\/a><\/li>\n<li><a class=\"l\" onmousedown=\"return clk(this.href,'res','1','')\" href=\"http:\/\/www.euroresidentes.com\/Blogs\/vivienda\/2005\/03\/abusos-urbansticos-no.html\">Abusos Urban\u00edsticos No<\/a><\/li>\n<li><a class=\"l\" onmousedown=\"return clk(this.href,'res','3','')\" href=\"http:\/\/www.euroresidentes.com\/Blogs\/vivienda\/2005\/10\/la-ue-contra-la-especulacin-urbanstica.html\">La UE contra la especulaci\u00f3n urban\u00edstica valenciana<\/a><\/li>\n<li><a class=\"l\" onmousedown=\"return clk(this.href,'res','1','')\" href=\"http:\/\/www.euroresidentes.com\/Blogs\/espana\/2005\/12\/corrupcin-inmobiliaria.hml\">Corrupci\u00f3n inmobiliaria<\/a><\/li>\n<\/ul>\n","protected":false},"excerpt":{"rendered":"<p>Con el t\u00edtulo \u00abExamen al urbanismo espa\u00f1ol\u00bb el diario El Pa\u00eds se\u00f1ala hoy un dato que deber\u00eda ser preocupante para el Gobierno espa\u00f1ol y para la sociedad espa\u00f1ola: \u00ab15 de las 24 denuncias por supuestos abusos que tramita desde hace a\u00f1o y medio el Parlamento Europeo proceden de Espa\u00f1a\u00ab Sin relaci\u00f3n con esta noticia, el mismo diario recoge el siguiente titular: Detenida una edil de urbanismo en Gran Canaria por presunta corrupci\u00f3n. El caso es que, puras coincidencias al margen, cada vez m\u00e1s frecuente la eslacada de noticias y sospechas sobre corrupci\u00f3n que est\u00e1 ligada a la especulaci\u00f3n urban\u00edstica e <\/p>\n","protected":false},"author":1,"featured_media":0,"comment_status":"open","ping_status":"open","sticky":false,"template":"","format":"standard","meta":{"footnotes":""},"categories":[1],"tags":[31],"class_list":["post-703","post","type-post","status-publish","format-standard","hentry","category-general","tag-politica"],"yoast_head":"<!-- This site is optimized with the Yoast SEO plugin v24.1 - https:\/\/yoast.com\/wordpress\/plugins\/seo\/ -->\n<title>El urbanismo espa\u00f1ol en el Parlamento Europeo - Actualidad: famosos, \u00e9xitos, deportes...<\/title>\n<meta name=\"robots\" content=\"index, follow, max-snippet:-1, max-image-preview:large, max-video-preview:-1\" \/>\n<link rel=\"canonical\" href=\"https:\/\/www.euroresidentes.com\/entretenimiento\/actualidad\/el-urbanismo-espaol-en-el-parlamento\/\" \/>\n<meta property=\"og:locale\" content=\"es_ES\" \/>\n<meta property=\"og:type\" content=\"article\" \/>\n<meta property=\"og:title\" content=\"El urbanismo espa\u00f1ol en el Parlamento Europeo - Actualidad: famosos, \u00e9xitos, deportes...\" \/>\n<meta property=\"og:description\" content=\"Con el t\u00edtulo \u00abExamen al urbanismo espa\u00f1ol\u00bb el diario El Pa\u00eds se\u00f1ala hoy un dato que deber\u00eda ser preocupante para el Gobierno espa\u00f1ol y para la sociedad espa\u00f1ola: \u00ab15 de las 24 denuncias por supuestos abusos que tramita desde hace a\u00f1o y medio el Parlamento Europeo proceden de Espa\u00f1a\u00ab Sin relaci\u00f3n con esta noticia, el mismo diario recoge el siguiente titular: Detenida una edil de urbanismo en Gran Canaria por presunta corrupci\u00f3n. El caso es que, puras coincidencias al margen, cada vez m\u00e1s frecuente la eslacada de noticias y sospechas sobre corrupci\u00f3n que est\u00e1 ligada a la especulaci\u00f3n urban\u00edstica e\" \/>\n<meta property=\"og:url\" content=\"https:\/\/www.euroresidentes.com\/entretenimiento\/actualidad\/el-urbanismo-espaol-en-el-parlamento\/\" \/>\n<meta property=\"og:site_name\" content=\"Actualidad: famosos, \u00e9xitos, deportes...\" \/>\n<meta property=\"article:publisher\" content=\"https:\/\/www.facebook.com\/euroresidentes\/\" \/>\n<meta property=\"article:published_time\" content=\"2006-03-01T13:59:00+00:00\" \/>\n<meta property=\"article:modified_time\" content=\"2016-03-16T16:14:53+00:00\" \/>\n<meta name=\"author\" content=\"Euroresidentes\" \/>\n<meta name=\"twitter:card\" content=\"summary_large_image\" \/>\n<meta name=\"twitter:label1\" content=\"Written by\" \/>\n\t<meta name=\"twitter:data1\" content=\"Euroresidentes\" \/>\n\t<meta name=\"twitter:label2\" content=\"Est. reading time\" \/>\n\t<meta name=\"twitter:data2\" content=\"4 minutos\" \/>\n<script type=\"application\/ld+json\" class=\"yoast-schema-graph\">{\"@context\":\"https:\/\/schema.org\",\"@graph\":[{\"@type\":\"WebPage\",\"@id\":\"https:\/\/www.euroresidentes.com\/entretenimiento\/actualidad\/el-urbanismo-espaol-en-el-parlamento\/\",\"url\":\"https:\/\/www.euroresidentes.com\/entretenimiento\/actualidad\/el-urbanismo-espaol-en-el-parlamento\/\",\"name\":\"El urbanismo espa\u00f1ol en el Parlamento Europeo - Actualidad: famosos, \u00e9xitos, deportes...\",\"isPartOf\":{\"@id\":\"https:\/\/www.euroresidentes.com\/entretenimiento\/actualidad\/#website\"},\"datePublished\":\"2006-03-01T13:59:00+00:00\",\"dateModified\":\"2016-03-16T16:14:53+00:00\",\"author\":{\"@id\":\"https:\/\/www.euroresidentes.com\/entretenimiento\/actualidad\/#\/schema\/person\/e41441f91af6208631ba0be4ea9c5f01\"},\"breadcrumb\":{\"@id\":\"https:\/\/www.euroresidentes.com\/entretenimiento\/actualidad\/el-urbanismo-espaol-en-el-parlamento\/#breadcrumb\"},\"inLanguage\":\"es\",\"potentialAction\":[{\"@type\":\"ReadAction\",\"target\":[\"https:\/\/www.euroresidentes.com\/entretenimiento\/actualidad\/el-urbanismo-espaol-en-el-parlamento\/\"]}]},{\"@type\":\"BreadcrumbList\",\"@id\":\"https:\/\/www.euroresidentes.com\/entretenimiento\/actualidad\/el-urbanismo-espaol-en-el-parlamento\/#breadcrumb\",\"itemListElement\":[{\"@type\":\"ListItem\",\"position\":1,\"name\":\"Portada\",\"item\":\"https:\/\/www.euroresidentes.com\/entretenimiento\/actualidad\/\"},{\"@type\":\"ListItem\",\"position\":2,\"name\":\"El urbanismo espa\u00f1ol en el Parlamento Europeo\"}]},{\"@type\":\"WebSite\",\"@id\":\"https:\/\/www.euroresidentes.com\/entretenimiento\/actualidad\/#website\",\"url\":\"https:\/\/www.euroresidentes.com\/entretenimiento\/actualidad\/\",\"name\":\"Actualidad: famosos, \u00e9xitos, deportes...\",\"description\":\"Euroresidentes\",\"potentialAction\":[{\"@type\":\"SearchAction\",\"target\":{\"@type\":\"EntryPoint\",\"urlTemplate\":\"https:\/\/www.euroresidentes.com\/entretenimiento\/actualidad\/?s={search_term_string}\"},\"query-input\":{\"@type\":\"PropertyValueSpecification\",\"valueRequired\":true,\"valueName\":\"search_term_string\"}}],\"inLanguage\":\"es\"},{\"@type\":\"Person\",\"@id\":\"https:\/\/www.euroresidentes.com\/entretenimiento\/actualidad\/#\/schema\/person\/e41441f91af6208631ba0be4ea9c5f01\",\"name\":\"Euroresidentes\",\"image\":{\"@type\":\"ImageObject\",\"inLanguage\":\"es\",\"@id\":\"https:\/\/www.euroresidentes.com\/entretenimiento\/actualidad\/#\/schema\/person\/image\/\",\"url\":\"https:\/\/www.euroresidentes.com\/entretenimiento\/actualidad\/wp-content\/uploads\/sites\/24\/2016\/09\/logo-euroresidentes-150x150.jpg\",\"contentUrl\":\"https:\/\/www.euroresidentes.com\/entretenimiento\/actualidad\/wp-content\/uploads\/sites\/24\/2016\/09\/logo-euroresidentes-150x150.jpg\",\"caption\":\"Euroresidentes\"},\"description\":\"Euroresidentes\",\"sameAs\":[\"https:\/\/www.euroresidentes.com\/info.htm\"],\"url\":\"https:\/\/www.euroresidentes.com\/entretenimiento\/actualidad\/author\/euroresidentes\/\"}]}<\/script>\n<!-- \/ Yoast SEO plugin. -->","yoast_head_json":{"title":"El urbanismo espa\u00f1ol en el Parlamento Europeo - Actualidad: famosos, \u00e9xitos, deportes...","robots":{"index":"index","follow":"follow","max-snippet":"max-snippet:-1","max-image-preview":"max-image-preview:large","max-video-preview":"max-video-preview:-1"},"canonical":"https:\/\/www.euroresidentes.com\/entretenimiento\/actualidad\/el-urbanismo-espaol-en-el-parlamento\/","og_locale":"es_ES","og_type":"article","og_title":"El urbanismo espa\u00f1ol en el Parlamento Europeo - Actualidad: famosos, \u00e9xitos, deportes...","og_description":"Con el t\u00edtulo \u00abExamen al urbanismo espa\u00f1ol\u00bb el diario El Pa\u00eds se\u00f1ala hoy un dato que deber\u00eda ser preocupante para el Gobierno espa\u00f1ol y para la sociedad espa\u00f1ola: \u00ab15 de las 24 denuncias por supuestos abusos que tramita desde hace a\u00f1o y medio el Parlamento Europeo proceden de Espa\u00f1a\u00ab Sin relaci\u00f3n con esta noticia, el mismo diario recoge el siguiente titular: Detenida una edil de urbanismo en Gran Canaria por presunta corrupci\u00f3n. El caso es que, puras coincidencias al margen, cada vez m\u00e1s frecuente la eslacada de noticias y sospechas sobre corrupci\u00f3n que est\u00e1 ligada a la especulaci\u00f3n urban\u00edstica e","og_url":"https:\/\/www.euroresidentes.com\/entretenimiento\/actualidad\/el-urbanismo-espaol-en-el-parlamento\/","og_site_name":"Actualidad: famosos, \u00e9xitos, deportes...","article_publisher":"https:\/\/www.facebook.com\/euroresidentes\/","article_published_time":"2006-03-01T13:59:00+00:00","article_modified_time":"2016-03-16T16:14:53+00:00","author":"Euroresidentes","twitter_card":"summary_large_image","twitter_misc":{"Written by":"Euroresidentes","Est. reading time":"4 minutos"},"schema":{"@context":"https:\/\/schema.org","@graph":[{"@type":"WebPage","@id":"https:\/\/www.euroresidentes.com\/entretenimiento\/actualidad\/el-urbanismo-espaol-en-el-parlamento\/","url":"https:\/\/www.euroresidentes.com\/entretenimiento\/actualidad\/el-urbanismo-espaol-en-el-parlamento\/","name":"El urbanismo espa\u00f1ol en el Parlamento Europeo - Actualidad: famosos, \u00e9xitos, deportes...","isPartOf":{"@id":"https:\/\/www.euroresidentes.com\/entretenimiento\/actualidad\/#website"},"datePublished":"2006-03-01T13:59:00+00:00","dateModified":"2016-03-16T16:14:53+00:00","author":{"@id":"https:\/\/www.euroresidentes.com\/entretenimiento\/actualidad\/#\/schema\/person\/e41441f91af6208631ba0be4ea9c5f01"},"breadcrumb":{"@id":"https:\/\/www.euroresidentes.com\/entretenimiento\/actualidad\/el-urbanismo-espaol-en-el-parlamento\/#breadcrumb"},"inLanguage":"es","potentialAction":[{"@type":"ReadAction","target":["https:\/\/www.euroresidentes.com\/entretenimiento\/actualidad\/el-urbanismo-espaol-en-el-parlamento\/"]}]},{"@type":"BreadcrumbList","@id":"https:\/\/www.euroresidentes.com\/entretenimiento\/actualidad\/el-urbanismo-espaol-en-el-parlamento\/#breadcrumb","itemListElement":[{"@type":"ListItem","position":1,"name":"Portada","item":"https:\/\/www.euroresidentes.com\/entretenimiento\/actualidad\/"},{"@type":"ListItem","position":2,"name":"El urbanismo espa\u00f1ol en el Parlamento Europeo"}]},{"@type":"WebSite","@id":"https:\/\/www.euroresidentes.com\/entretenimiento\/actualidad\/#website","url":"https:\/\/www.euroresidentes.com\/entretenimiento\/actualidad\/","name":"Actualidad: famosos, \u00e9xitos, deportes...","description":"Euroresidentes","potentialAction":[{"@type":"SearchAction","target":{"@type":"EntryPoint","urlTemplate":"https:\/\/www.euroresidentes.com\/entretenimiento\/actualidad\/?s={search_term_string}"},"query-input":{"@type":"PropertyValueSpecification","valueRequired":true,"valueName":"search_term_string"}}],"inLanguage":"es"},{"@type":"Person","@id":"https:\/\/www.euroresidentes.com\/entretenimiento\/actualidad\/#\/schema\/person\/e41441f91af6208631ba0be4ea9c5f01","name":"Euroresidentes","image":{"@type":"ImageObject","inLanguage":"es","@id":"https:\/\/www.euroresidentes.com\/entretenimiento\/actualidad\/#\/schema\/person\/image\/","url":"https:\/\/www.euroresidentes.com\/entretenimiento\/actualidad\/wp-content\/uploads\/sites\/24\/2016\/09\/logo-euroresidentes-150x150.jpg","contentUrl":"https:\/\/www.euroresidentes.com\/entretenimiento\/actualidad\/wp-content\/uploads\/sites\/24\/2016\/09\/logo-euroresidentes-150x150.jpg","caption":"Euroresidentes"},"description":"Euroresidentes","sameAs":["https:\/\/www.euroresidentes.com\/info.htm"],"url":"https:\/\/www.euroresidentes.com\/entretenimiento\/actualidad\/author\/euroresidentes\/"}]}},"_links":{"self":[{"href":"https:\/\/www.euroresidentes.com\/entretenimiento\/actualidad\/wp-json\/wp\/v2\/posts\/703","targetHints":{"allow":["GET"]}}],"collection":[{"href":"https:\/\/www.euroresidentes.com\/entretenimiento\/actualidad\/wp-json\/wp\/v2\/posts"}],"about":[{"href":"https:\/\/www.euroresidentes.com\/entretenimiento\/actualidad\/wp-json\/wp\/v2\/types\/post"}],"author":[{"embeddable":true,"href":"https:\/\/www.euroresidentes.com\/entretenimiento\/actualidad\/wp-json\/wp\/v2\/users\/1"}],"replies":[{"embeddable":true,"href":"https:\/\/www.euroresidentes.com\/entretenimiento\/actualidad\/wp-json\/wp\/v2\/comments?post=703"}],"version-history":[{"count":1,"href":"https:\/\/www.euroresidentes.com\/entretenimiento\/actualidad\/wp-json\/wp\/v2\/posts\/703\/revisions"}],"predecessor-version":[{"id":1676,"href":"https:\/\/www.euroresidentes.com\/entretenimiento\/actualidad\/wp-json\/wp\/v2\/posts\/703\/revisions\/1676"}],"wp:attachment":[{"href":"https:\/\/www.euroresidentes.com\/entretenimiento\/actualidad\/wp-json\/wp\/v2\/media?parent=703"}],"wp:term":[{"taxonomy":"category","embeddable":true,"href":"https:\/\/www.euroresidentes.com\/entretenimiento\/actualidad\/wp-json\/wp\/v2\/categories?post=703"},{"taxonomy":"post_tag","embeddable":true,"href":"https:\/\/www.euroresidentes.com\/entretenimiento\/actualidad\/wp-json\/wp\/v2\/tags?post=703"}],"curies":[{"name":"wp","href":"https:\/\/api.w.org\/{rel}","templated":true}]}}