{"id":690,"date":"2006-07-08T17:28:00","date_gmt":"2006-07-08T17:28:00","guid":{"rendered":"https:\/\/www.euroresidentes.com\/entretenimiento\/actualidad\/primer-caso-de-gripe-aviar-en-espaa"},"modified":"2016-03-16T16:16:20","modified_gmt":"2016-03-16T16:16:20","slug":"primer-caso-de-gripe-aviar-en-espaa","status":"publish","type":"post","link":"https:\/\/www.euroresidentes.com\/entretenimiento\/actualidad\/primer-caso-de-gripe-aviar-en-espaa\/","title":{"rendered":"Primer caso de gripe aviar en Espa\u00f1a"},"content":{"rendered":"<p>Ya se ha difundido el primer caso de gripe aviar en Espa\u00f1a. En el Pa\u00eds Vasco el denominado  \u00abH5N1\u00bb ha hecho presencia en los humedales de Salburua (\u00c1lava),  a trav\u00e9s de un somormujo lavanco, un ave acu\u00e1tica que no se caracteriza por ser migratoria, por lo se baraja la hip\u00f3tesis de que fuera contagiada por otra ave migratoria portadora del H5N1.<\/p>\n<p><strong>Primer caso de gripe aviar en Espa\u00f1a, 14\u00ba en Europa<\/strong><\/p>\n<p>Mientras que hablamos del primer caso de gripe aviar en Espa\u00f1a, en Europa ya se han dado 14 casos, contando el citado de \u00c1lava. Este anuncio coincide con la temporada tur\u00edstica en Espa\u00f1a, aunque no se piensa que pueda afectar al turismo.<\/p>\n<p>Aparte del <strong>Plan de Vigilancia de Gripe en Aves<\/strong> \u2013que ha permitido la detecci\u00f3n de este primer caso de ave afectada-, Espa\u00f1a cuenta tambi\u00e9n con un <strong>Plan Nacional de Respuesta ante una pandemia de gripe<\/strong>, que consta de seis fases, divididas en tres periodos: interpand\u00e9mico, de alerta pand\u00e9mica y pand\u00e9mico.  Este primer caso no ha modificado los niveles de alerta.<\/p>\n<p><strong>Informaci\u00f3n relacionada con Gripe Aviar:<\/strong><\/p>\n<ul>\n<li><a class=\"l\" onmousedown=\"return clk(this.href,'','','res','1','')\" href=\"http:\/\/www.gripeaviar.es\/\">Gripe aviar<\/a> (web oficial)<\/li>\n<li><a class=\"l\" onmousedown=\"return clk(this.href,'','','res','2','')\" href=\"http:\/\/www.euroresidentes.com\/Blogs\/viajes\/2006\/04\/viajar-y-gripe-aviar.html\">Viajar y gripe aviar<\/a><\/li>\n<li><a class=\"l\" onmousedown=\"return clk(this.href,'','','res','3','')\" href=\"http:\/\/www.euroresidentes.com\/Blogs\/noticias\/2005\/11\/nanoviricide-contra-la-gripe-aviar.html\">Nanoviricide contra la gripe aviar<\/a><\/li>\n<li><a class=\"l\" onmousedown=\"return clk(this.href,'','','res','4','')\" href=\"http:\/\/www.euroresidentes.com\/Blogs\/noticias\/2005\/10\/bimat-contra-la-gripe-del-pollo.html\">BIMAT contra la gripe del pollo<\/a><\/li>\n<li><a class=\"l\" onmousedown=\"return clk(this.href,'','','res','5','')\" href=\"http:\/\/www.euroresidentes.com\/Blogs\/internet\/2005\/10\/internet-y-la-administracin-pblica.html\">Internet y la Administraci\u00f3n p\u00fablica<\/a> ( a prop\u00f3sito de la gripe aviar)<\/li>\n<\/ul>\n","protected":false},"excerpt":{"rendered":"<p>Ya se ha difundido el primer caso de gripe aviar en Espa\u00f1a. En el Pa\u00eds Vasco el denominado \u00abH5N1\u00bb ha hecho presencia en los humedales de Salburua (\u00c1lava), a trav\u00e9s de un somormujo lavanco, un ave acu\u00e1tica que no se caracteriza por ser migratoria, por lo se baraja la hip\u00f3tesis de que fuera contagiada por otra ave migratoria portadora del H5N1. Primer caso de gripe aviar en Espa\u00f1a, 14\u00ba en Europa Mientras que hablamos del primer caso de gripe aviar en Espa\u00f1a, en Europa ya se han dado 14 casos, contando el citado de \u00c1lava. Este anuncio coincide con la <\/p>\n","protected":false},"author":1,"featured_media":0,"comment_status":"open","ping_status":"open","sticky":false,"template":"","format":"standard","meta":{"footnotes":""},"categories":[1],"tags":[],"class_list":["post-690","post","type-post","status-publish","format-standard","hentry","category-general"],"yoast_head":"<!-- This site is optimized with the Yoast SEO plugin v24.1 - https:\/\/yoast.com\/wordpress\/plugins\/seo\/ -->\n<title>Primer caso de gripe aviar en Espa\u00f1a - Actualidad: famosos, \u00e9xitos, deportes...<\/title>\n<meta name=\"robots\" content=\"index, follow, max-snippet:-1, max-image-preview:large, max-video-preview:-1\" \/>\n<link rel=\"canonical\" href=\"https:\/\/www.euroresidentes.com\/entretenimiento\/actualidad\/primer-caso-de-gripe-aviar-en-espaa\/\" \/>\n<meta property=\"og:locale\" content=\"es_ES\" \/>\n<meta property=\"og:type\" content=\"article\" \/>\n<meta property=\"og:title\" content=\"Primer caso de gripe aviar en Espa\u00f1a - Actualidad: famosos, \u00e9xitos, deportes...\" \/>\n<meta property=\"og:description\" content=\"Ya se ha difundido el primer caso de gripe aviar en Espa\u00f1a. En el Pa\u00eds Vasco el denominado \u00abH5N1\u00bb ha hecho presencia en los humedales de Salburua (\u00c1lava), a trav\u00e9s de un somormujo lavanco, un ave acu\u00e1tica que no se caracteriza por ser migratoria, por lo se baraja la hip\u00f3tesis de que fuera contagiada por otra ave migratoria portadora del H5N1. Primer caso de gripe aviar en Espa\u00f1a, 14\u00ba en Europa Mientras que hablamos del primer caso de gripe aviar en Espa\u00f1a, en Europa ya se han dado 14 casos, contando el citado de \u00c1lava. Este anuncio coincide con la\" \/>\n<meta property=\"og:url\" content=\"https:\/\/www.euroresidentes.com\/entretenimiento\/actualidad\/primer-caso-de-gripe-aviar-en-espaa\/\" \/>\n<meta property=\"og:site_name\" content=\"Actualidad: famosos, \u00e9xitos, deportes...\" \/>\n<meta property=\"article:publisher\" content=\"https:\/\/www.facebook.com\/euroresidentes\/\" \/>\n<meta property=\"article:published_time\" content=\"2006-07-08T17:28:00+00:00\" \/>\n<meta property=\"article:modified_time\" content=\"2016-03-16T16:16:20+00:00\" \/>\n<meta name=\"author\" content=\"Euroresidentes\" \/>\n<meta name=\"twitter:card\" content=\"summary_large_image\" \/>\n<meta name=\"twitter:label1\" content=\"Written by\" \/>\n\t<meta name=\"twitter:data1\" content=\"Euroresidentes\" \/>\n\t<meta name=\"twitter:label2\" content=\"Est. reading time\" \/>\n\t<meta name=\"twitter:data2\" content=\"1 minuto\" \/>\n<script type=\"application\/ld+json\" class=\"yoast-schema-graph\">{\"@context\":\"https:\/\/schema.org\",\"@graph\":[{\"@type\":\"WebPage\",\"@id\":\"https:\/\/www.euroresidentes.com\/entretenimiento\/actualidad\/primer-caso-de-gripe-aviar-en-espaa\/\",\"url\":\"https:\/\/www.euroresidentes.com\/entretenimiento\/actualidad\/primer-caso-de-gripe-aviar-en-espaa\/\",\"name\":\"Primer caso de gripe aviar en Espa\u00f1a - Actualidad: famosos, \u00e9xitos, deportes...\",\"isPartOf\":{\"@id\":\"https:\/\/www.euroresidentes.com\/entretenimiento\/actualidad\/#website\"},\"datePublished\":\"2006-07-08T17:28:00+00:00\",\"dateModified\":\"2016-03-16T16:16:20+00:00\",\"author\":{\"@id\":\"https:\/\/www.euroresidentes.com\/entretenimiento\/actualidad\/#\/schema\/person\/e41441f91af6208631ba0be4ea9c5f01\"},\"breadcrumb\":{\"@id\":\"https:\/\/www.euroresidentes.com\/entretenimiento\/actualidad\/primer-caso-de-gripe-aviar-en-espaa\/#breadcrumb\"},\"inLanguage\":\"es\",\"potentialAction\":[{\"@type\":\"ReadAction\",\"target\":[\"https:\/\/www.euroresidentes.com\/entretenimiento\/actualidad\/primer-caso-de-gripe-aviar-en-espaa\/\"]}]},{\"@type\":\"BreadcrumbList\",\"@id\":\"https:\/\/www.euroresidentes.com\/entretenimiento\/actualidad\/primer-caso-de-gripe-aviar-en-espaa\/#breadcrumb\",\"itemListElement\":[{\"@type\":\"ListItem\",\"position\":1,\"name\":\"Portada\",\"item\":\"https:\/\/www.euroresidentes.com\/entretenimiento\/actualidad\/\"},{\"@type\":\"ListItem\",\"position\":2,\"name\":\"Primer caso de gripe aviar en Espa\u00f1a\"}]},{\"@type\":\"WebSite\",\"@id\":\"https:\/\/www.euroresidentes.com\/entretenimiento\/actualidad\/#website\",\"url\":\"https:\/\/www.euroresidentes.com\/entretenimiento\/actualidad\/\",\"name\":\"Actualidad: famosos, \u00e9xitos, deportes...\",\"description\":\"Euroresidentes\",\"potentialAction\":[{\"@type\":\"SearchAction\",\"target\":{\"@type\":\"EntryPoint\",\"urlTemplate\":\"https:\/\/www.euroresidentes.com\/entretenimiento\/actualidad\/?s={search_term_string}\"},\"query-input\":{\"@type\":\"PropertyValueSpecification\",\"valueRequired\":true,\"valueName\":\"search_term_string\"}}],\"inLanguage\":\"es\"},{\"@type\":\"Person\",\"@id\":\"https:\/\/www.euroresidentes.com\/entretenimiento\/actualidad\/#\/schema\/person\/e41441f91af6208631ba0be4ea9c5f01\",\"name\":\"Euroresidentes\",\"image\":{\"@type\":\"ImageObject\",\"inLanguage\":\"es\",\"@id\":\"https:\/\/www.euroresidentes.com\/entretenimiento\/actualidad\/#\/schema\/person\/image\/\",\"url\":\"https:\/\/www.euroresidentes.com\/entretenimiento\/actualidad\/wp-content\/uploads\/sites\/24\/2016\/09\/logo-euroresidentes-150x150.jpg\",\"contentUrl\":\"https:\/\/www.euroresidentes.com\/entretenimiento\/actualidad\/wp-content\/uploads\/sites\/24\/2016\/09\/logo-euroresidentes-150x150.jpg\",\"caption\":\"Euroresidentes\"},\"description\":\"Euroresidentes\",\"sameAs\":[\"https:\/\/www.euroresidentes.com\/info.htm\"],\"url\":\"https:\/\/www.euroresidentes.com\/entretenimiento\/actualidad\/author\/euroresidentes\/\"}]}<\/script>\n<!-- \/ Yoast SEO plugin. -->","yoast_head_json":{"title":"Primer caso de gripe aviar en Espa\u00f1a - Actualidad: famosos, \u00e9xitos, deportes...","robots":{"index":"index","follow":"follow","max-snippet":"max-snippet:-1","max-image-preview":"max-image-preview:large","max-video-preview":"max-video-preview:-1"},"canonical":"https:\/\/www.euroresidentes.com\/entretenimiento\/actualidad\/primer-caso-de-gripe-aviar-en-espaa\/","og_locale":"es_ES","og_type":"article","og_title":"Primer caso de gripe aviar en Espa\u00f1a - Actualidad: famosos, \u00e9xitos, deportes...","og_description":"Ya se ha difundido el primer caso de gripe aviar en Espa\u00f1a. En el Pa\u00eds Vasco el denominado \u00abH5N1\u00bb ha hecho presencia en los humedales de Salburua (\u00c1lava), a trav\u00e9s de un somormujo lavanco, un ave acu\u00e1tica que no se caracteriza por ser migratoria, por lo se baraja la hip\u00f3tesis de que fuera contagiada por otra ave migratoria portadora del H5N1. Primer caso de gripe aviar en Espa\u00f1a, 14\u00ba en Europa Mientras que hablamos del primer caso de gripe aviar en Espa\u00f1a, en Europa ya se han dado 14 casos, contando el citado de \u00c1lava. Este anuncio coincide con la","og_url":"https:\/\/www.euroresidentes.com\/entretenimiento\/actualidad\/primer-caso-de-gripe-aviar-en-espaa\/","og_site_name":"Actualidad: famosos, \u00e9xitos, deportes...","article_publisher":"https:\/\/www.facebook.com\/euroresidentes\/","article_published_time":"2006-07-08T17:28:00+00:00","article_modified_time":"2016-03-16T16:16:20+00:00","author":"Euroresidentes","twitter_card":"summary_large_image","twitter_misc":{"Written by":"Euroresidentes","Est. reading time":"1 minuto"},"schema":{"@context":"https:\/\/schema.org","@graph":[{"@type":"WebPage","@id":"https:\/\/www.euroresidentes.com\/entretenimiento\/actualidad\/primer-caso-de-gripe-aviar-en-espaa\/","url":"https:\/\/www.euroresidentes.com\/entretenimiento\/actualidad\/primer-caso-de-gripe-aviar-en-espaa\/","name":"Primer caso de gripe aviar en Espa\u00f1a - Actualidad: famosos, \u00e9xitos, deportes...","isPartOf":{"@id":"https:\/\/www.euroresidentes.com\/entretenimiento\/actualidad\/#website"},"datePublished":"2006-07-08T17:28:00+00:00","dateModified":"2016-03-16T16:16:20+00:00","author":{"@id":"https:\/\/www.euroresidentes.com\/entretenimiento\/actualidad\/#\/schema\/person\/e41441f91af6208631ba0be4ea9c5f01"},"breadcrumb":{"@id":"https:\/\/www.euroresidentes.com\/entretenimiento\/actualidad\/primer-caso-de-gripe-aviar-en-espaa\/#breadcrumb"},"inLanguage":"es","potentialAction":[{"@type":"ReadAction","target":["https:\/\/www.euroresidentes.com\/entretenimiento\/actualidad\/primer-caso-de-gripe-aviar-en-espaa\/"]}]},{"@type":"BreadcrumbList","@id":"https:\/\/www.euroresidentes.com\/entretenimiento\/actualidad\/primer-caso-de-gripe-aviar-en-espaa\/#breadcrumb","itemListElement":[{"@type":"ListItem","position":1,"name":"Portada","item":"https:\/\/www.euroresidentes.com\/entretenimiento\/actualidad\/"},{"@type":"ListItem","position":2,"name":"Primer caso de gripe aviar en Espa\u00f1a"}]},{"@type":"WebSite","@id":"https:\/\/www.euroresidentes.com\/entretenimiento\/actualidad\/#website","url":"https:\/\/www.euroresidentes.com\/entretenimiento\/actualidad\/","name":"Actualidad: famosos, \u00e9xitos, deportes...","description":"Euroresidentes","potentialAction":[{"@type":"SearchAction","target":{"@type":"EntryPoint","urlTemplate":"https:\/\/www.euroresidentes.com\/entretenimiento\/actualidad\/?s={search_term_string}"},"query-input":{"@type":"PropertyValueSpecification","valueRequired":true,"valueName":"search_term_string"}}],"inLanguage":"es"},{"@type":"Person","@id":"https:\/\/www.euroresidentes.com\/entretenimiento\/actualidad\/#\/schema\/person\/e41441f91af6208631ba0be4ea9c5f01","name":"Euroresidentes","image":{"@type":"ImageObject","inLanguage":"es","@id":"https:\/\/www.euroresidentes.com\/entretenimiento\/actualidad\/#\/schema\/person\/image\/","url":"https:\/\/www.euroresidentes.com\/entretenimiento\/actualidad\/wp-content\/uploads\/sites\/24\/2016\/09\/logo-euroresidentes-150x150.jpg","contentUrl":"https:\/\/www.euroresidentes.com\/entretenimiento\/actualidad\/wp-content\/uploads\/sites\/24\/2016\/09\/logo-euroresidentes-150x150.jpg","caption":"Euroresidentes"},"description":"Euroresidentes","sameAs":["https:\/\/www.euroresidentes.com\/info.htm"],"url":"https:\/\/www.euroresidentes.com\/entretenimiento\/actualidad\/author\/euroresidentes\/"}]}},"_links":{"self":[{"href":"https:\/\/www.euroresidentes.com\/entretenimiento\/actualidad\/wp-json\/wp\/v2\/posts\/690","targetHints":{"allow":["GET"]}}],"collection":[{"href":"https:\/\/www.euroresidentes.com\/entretenimiento\/actualidad\/wp-json\/wp\/v2\/posts"}],"about":[{"href":"https:\/\/www.euroresidentes.com\/entretenimiento\/actualidad\/wp-json\/wp\/v2\/types\/post"}],"author":[{"embeddable":true,"href":"https:\/\/www.euroresidentes.com\/entretenimiento\/actualidad\/wp-json\/wp\/v2\/users\/1"}],"replies":[{"embeddable":true,"href":"https:\/\/www.euroresidentes.com\/entretenimiento\/actualidad\/wp-json\/wp\/v2\/comments?post=690"}],"version-history":[{"count":1,"href":"https:\/\/www.euroresidentes.com\/entretenimiento\/actualidad\/wp-json\/wp\/v2\/posts\/690\/revisions"}],"predecessor-version":[{"id":1658,"href":"https:\/\/www.euroresidentes.com\/entretenimiento\/actualidad\/wp-json\/wp\/v2\/posts\/690\/revisions\/1658"}],"wp:attachment":[{"href":"https:\/\/www.euroresidentes.com\/entretenimiento\/actualidad\/wp-json\/wp\/v2\/media?parent=690"}],"wp:term":[{"taxonomy":"category","embeddable":true,"href":"https:\/\/www.euroresidentes.com\/entretenimiento\/actualidad\/wp-json\/wp\/v2\/categories?post=690"},{"taxonomy":"post_tag","embeddable":true,"href":"https:\/\/www.euroresidentes.com\/entretenimiento\/actualidad\/wp-json\/wp\/v2\/tags?post=690"}],"curies":[{"name":"wp","href":"https:\/\/api.w.org\/{rel}","templated":true}]}}