{"id":682,"date":"2006-10-12T14:48:00","date_gmt":"2006-10-12T14:48:00","guid":{"rendered":"https:\/\/www.euroresidentes.com\/entretenimiento\/actualidad\/el-urbanismo-espao"},"modified":"2016-03-16T16:17:49","modified_gmt":"2016-03-16T16:17:49","slug":"el-urbanismo-espao","status":"publish","type":"post","link":"https:\/\/www.euroresidentes.com\/entretenimiento\/actualidad\/el-urbanismo-espao\/","title":{"rendered":"El urbanismo espa\u00f1ol"},"content":{"rendered":"<p><strong>El urbanismo espa\u00f1ol en entredicho, la especulaci\u00f3n urbana devora la normativa actual<\/strong><\/p>\n<p>La Comisi\u00f3n Europea acaba de enviar a Espa\u00f1a una nueva solicitud oficial para que se modifique la <em>Ley de ordenaci\u00f3n del territorio en la Comunidad Valenciana, LUV,<\/em> debido a una supuesta incompatibilidad de varias de sus regulaciones  con las leyes comunitarias sobre contrataci\u00f3n p\u00fablica.<\/p>\n<p><strong>El urbanismo valenciano, una larga historia<\/strong><\/p>\n<p>Seg\u00fan informa la Comisi\u00f3n, <strong>\u00abEn ausencia de respuesta satisfactoria en dos meses, la CE podr\u00eda llevar el asunto al Tribunal de Justicia<\/strong>\u00ab.<\/p>\n<p>Podr\u00edamos decir que esta comunicaci\u00f3n es el resultado de una larga historia de la que hemos informado frecuentemente. Ya existi\u00f3 una comunicaci\u00f3n de emplazamiento y un dictamen motivado, a finales de 2005, contra la ley valenciana anterior, la LRAU (Ley Reguladora de la Actividad Urban\u00edstica) de 1994. Y  las Cortes Valencianas trataron de sortear esta iniciativa de Bruselas a trav\u00e9s de una nueva legislaci\u00f3n la LUV (Ley Urban\u00edstica Valenciana) que no ha satisfecho a la CE, ya que no soluciona  las posibilidades de infracci\u00f3n que exist\u00edan en la antigua LRAU, incluso la CE ha advertido de la concesi\u00f3n de contratos en el marco de la LRAU hasta el 1 de febrero de 2006, por tanto, con la violaci\u00f3n de las Directivas de contrataci\u00f3n p\u00fablica de la UE.<\/p>\n<p><strong>El urbanismo espa\u00f1ol m\u00e1s all\u00e1 de las denuncias europeas<\/strong><\/p>\n<p>La prensa espa\u00f1ola y valenciana denuncia diariamente casos de especulaci\u00f3n urbana con lo que se el urbanismo espa\u00f1ol y las leyes que lo regulan se pone en la picota.  Los tribunales de justicia hacen lo que pueden. La prensa recog\u00eda hace poco que un tribunal vetaba una gran urbanizaci\u00f3n de viviendas con campos de golf en la sierra de Guadarrama (\u00c1vila) para salvar cinco parejas de cig\u00fce\u00f1a negra.<\/p>\n<p>Pero estas decisiones se quedan en un caso anecd\u00f3tico. Incluso la situaci\u00f3n en Marbella tuvo que llegar a ser desproporcionada para que la justicia llegara a intervenir. En la  propia Comunidad Valenciana, el gobierno ha intervenido el municipio de Catral con numerosas construcciones ilegales, pero todo el mundo afirma (\u00ab<em>off the record<\/em>\u00ab) que es una cortina de humo sobre algo que de una forma u otra es generalizado: la corrupci\u00f3n en el fondo y en la formas de una legislaci\u00f3n incapaz de frenar la especulaci\u00f3n y abusos urban\u00edsticos en toda Espa\u00f1a.<\/p>\n<p>Los municipios urbanizan todo lo que pueden y a toda costa. Las instituciones se ven desbordadas para frenar los intereses que se mueven detr\u00e1s de la especulaci\u00f3n urbana. Hace unos meses la Sindica de Greuges emit\u00eda un escrito contra el PAI Benicasim Golf y el Ayuntamiento de Benic\u00e0ssim por eludir el preceptivo informe de la Confederaci\u00f3n Hidrogr\u00e1fica del J\u00facar. El tema ser\u00eda anecd\u00f3tico sino mediara una severa limitaci\u00f3n y escasez de recursos h\u00eddricos por todo el levante espa\u00f1ol (Comunidades de Valencia, Murcia&#8230;), agravada por una expansi\u00f3n urban\u00edstica desproporcionada y escasamente planificada.<\/p>\n<p>El Gobierno central no parece ser consciente de la entidad de los intereses que presionan ya en casi toda la geograf\u00eda espa\u00f1ola, incluidas zonas rurales.  Lo que es <em>vox populi <\/em>entre la ciudadan\u00eda(hay hasta v\u00eddeos en <em>YouTube<\/em> parodiando a concejales y alcaldes), es tab\u00fa para el \u00e1mbito pol\u00edtico y empresarial. Hay quienes aseguran que lo destapado en Marbella no es sino la evidencia de algo m\u00e1s extendido y que perjudica seriamente la salud democr\u00e1tica de Espa\u00f1a. Y esto se extiende ya desde las urbes hasta los rincones rurales m\u00e1s rec\u00f3nditos, revalorizados para la segunda residencia.<\/p>\n<p>En esta historia, sin embargo, un grupo de ciudadanos euroresidentes europeos, se movilizaron hasta llegar a concienciar a Bruselas y al Parlamento europeo de la situaci\u00f3n espa\u00f1ola. Es la lucha entre David y Goliat. Pero, sin ser triunfalista, la noticia, que hoy difunden los principales diarios de Espa\u00f1a, advirtiendo que Ley Valenciana debe modificarse, es una victoria en toda regla de los euroresidentes europeos y de colectivos de ciudadanos espa\u00f1oles que no se han doblegado f\u00e1cilmente a los intereses que mueve el ladrillo en Espa\u00f1a.<\/p>\n<p><strong>Informaci\u00f3n y noticias relacionadas con el urbanismo espa\u00f1ol:<\/strong><\/p>\n<ul>\n<li><a class=\"l\" onmousedown=\"return clk(this.href,'','','res','1','')\" href=\"http:\/\/www.euroresidentes.com\/Blogs\/espana\/2006\/03\/el-urbanismo-espaol-en-el-parlamento.hml\">El urbanismo espa\u00f1ol en el Parlamento Europeo<\/a><\/li>\n<li><a class=\"l\" onmousedown=\"return clk(this.href,'','','res','8','')\" href=\"http:\/\/www.euroresidentes.com\/Blogs\/vivienda\/2005\/10\/la-ue-contra-la-especulacin-urbanstica.html\">La UE contra la especulaci\u00f3n urban\u00edstica valenciana<\/a><\/li>\n<li><a class=\"l\" onmousedown=\"return clk(this.href,'','','res','2','')\" href=\"http:\/\/www.euroresidentes.com\/vivienda\/urbanismo\/situacion-urbanismo-comunidad-valenciana.htm\">Situaci\u00f3n del urbanismo en la Comunidad Valenciana<\/a><\/li>\n<li><a class=\"l\" onmousedown=\"return clk(this.href,'','','res','9','')\" href=\"http:\/\/www.euroresidentes.com\/vivienda\/urbanismo\/LRAU-valenciana.htm\">LRAU<\/a><\/li>\n<li><a class=\"l\" onmousedown=\"return clk(this.href,'','','res','13','')\" href=\"http:\/\/www.euroresidentes.com\/Blogs\/espana\/2006\/04\/los-ayuntamientos-y-la-corrupcin-en.hml\">Los ayuntamientos y la corrupci\u00f3n en Espa\u00f1a<\/a><\/li>\n<li><a class=\"l\" onmousedown=\"return clk(this.href,'','','res','17','')\" href=\"http:\/\/www.euroresidentes.com\/Blogs\/vivienda\/2006\/06\/la-especulacin-urbana-en-alicante.html\">La especulaci\u00f3n urbana en Alicante<\/a><\/li>\n<li><a class=\"l\" onmousedown=\"return clk(this.href,'','','res','19','')\" href=\"http:\/\/www.euroresidentes.com\/Blogs\/vivienda\/2005\/04\/abusos-urbansticos-en-la-comunidad.html\">Abusos Urban\u00edsticos en la Comunidad Valenciana<\/a><\/li>\n<li><a class=\"l\" onmousedown=\"return clk(this.href,'','','res','26','')\" href=\"http:\/\/www.euroresidentes.com\/Blogs\/espana\/2005\/10\/la-espaa-de-los-ciudadanos.hml\">La Espa\u00f1a de los ciudadanos<\/a><\/li>\n<li><a class=\"l\" onmousedown=\"return clk(this.href,'','','res','24','')\" href=\"http:\/\/www.euroresidentes.com\/Blogs\/rodriguez_zapatero\/2005\/03\/corrupcin-en-la-costa-del-sol.html\">Corrupci\u00f3n en la Costa del Sol<\/a><\/li>\n<li><a class=\"l\" onmousedown=\"return clk(this.href,'','','res','5','')\" href=\"http:\/\/www.euroresidentes.com\/Blogs\/2006\/03\/mayor-arrested-in-anti-corruption-raid.html\">Mayor arrested in anti-corruption raid in &#8230;<\/a><\/li>\n<li><a class=\"l\" onmousedown=\"return clk(this.href,'','','res','6','')\" href=\"http:\/\/www.euroresidentes.com\/Blogs\/2006\/08\/ex-mayor-of-marbella-on-corruption.html\">Ex-Mayor of Marbella on corruption charges<\/a><\/li>\n<li><a class=\"l\" onmousedown=\"return clk(this.href,'','','res','2','')\" href=\"http:\/\/www.euroresidentes.com\/Blogs\/vivienda\/2005\/03\/abusos-urbansticos-no.html\">Abusos Urban\u00edsticos No<\/a><\/li>\n<\/ul>\n","protected":false},"excerpt":{"rendered":"<p>El urbanismo espa\u00f1ol en entredicho, la especulaci\u00f3n urbana devora la normativa actual La Comisi\u00f3n Europea acaba de enviar a Espa\u00f1a una nueva solicitud oficial para que se modifique la Ley de ordenaci\u00f3n del territorio en la Comunidad Valenciana, LUV, debido a una supuesta incompatibilidad de varias de sus regulaciones con las leyes comunitarias sobre contrataci\u00f3n p\u00fablica. El urbanismo valenciano, una larga historia Seg\u00fan informa la Comisi\u00f3n, \u00abEn ausencia de respuesta satisfactoria en dos meses, la CE podr\u00eda llevar el asunto al Tribunal de Justicia\u00ab. Podr\u00edamos decir que esta comunicaci\u00f3n es el resultado de una larga historia de la que hemos <\/p>\n","protected":false},"author":1,"featured_media":0,"comment_status":"open","ping_status":"open","sticky":false,"template":"","format":"standard","meta":{"footnotes":""},"categories":[1],"tags":[],"class_list":["post-682","post","type-post","status-publish","format-standard","hentry","category-general"],"yoast_head":"<!-- This site is optimized with the Yoast SEO plugin v24.1 - https:\/\/yoast.com\/wordpress\/plugins\/seo\/ -->\n<title>El urbanismo espa\u00f1ol - Actualidad: famosos, \u00e9xitos, deportes...<\/title>\n<meta name=\"robots\" content=\"index, follow, max-snippet:-1, max-image-preview:large, max-video-preview:-1\" \/>\n<link rel=\"canonical\" href=\"https:\/\/www.euroresidentes.com\/entretenimiento\/actualidad\/el-urbanismo-espao\/\" \/>\n<meta property=\"og:locale\" content=\"es_ES\" \/>\n<meta property=\"og:type\" content=\"article\" \/>\n<meta property=\"og:title\" content=\"El urbanismo espa\u00f1ol - Actualidad: famosos, \u00e9xitos, deportes...\" \/>\n<meta property=\"og:description\" content=\"El urbanismo espa\u00f1ol en entredicho, la especulaci\u00f3n urbana devora la normativa actual La Comisi\u00f3n Europea acaba de enviar a Espa\u00f1a una nueva solicitud oficial para que se modifique la Ley de ordenaci\u00f3n del territorio en la Comunidad Valenciana, LUV, debido a una supuesta incompatibilidad de varias de sus regulaciones con las leyes comunitarias sobre contrataci\u00f3n p\u00fablica. El urbanismo valenciano, una larga historia Seg\u00fan informa la Comisi\u00f3n, \u00abEn ausencia de respuesta satisfactoria en dos meses, la CE podr\u00eda llevar el asunto al Tribunal de Justicia\u00ab. Podr\u00edamos decir que esta comunicaci\u00f3n es el resultado de una larga historia de la que hemos\" \/>\n<meta property=\"og:url\" content=\"https:\/\/www.euroresidentes.com\/entretenimiento\/actualidad\/el-urbanismo-espao\/\" \/>\n<meta property=\"og:site_name\" content=\"Actualidad: famosos, \u00e9xitos, deportes...\" \/>\n<meta property=\"article:publisher\" content=\"https:\/\/www.facebook.com\/euroresidentes\/\" \/>\n<meta property=\"article:published_time\" content=\"2006-10-12T14:48:00+00:00\" \/>\n<meta property=\"article:modified_time\" content=\"2016-03-16T16:17:49+00:00\" \/>\n<meta name=\"author\" content=\"Euroresidentes\" \/>\n<meta name=\"twitter:card\" content=\"summary_large_image\" \/>\n<meta name=\"twitter:label1\" content=\"Written by\" \/>\n\t<meta name=\"twitter:data1\" content=\"Euroresidentes\" \/>\n\t<meta name=\"twitter:label2\" content=\"Est. reading time\" \/>\n\t<meta name=\"twitter:data2\" content=\"4 minutos\" \/>\n<script type=\"application\/ld+json\" class=\"yoast-schema-graph\">{\"@context\":\"https:\/\/schema.org\",\"@graph\":[{\"@type\":\"WebPage\",\"@id\":\"https:\/\/www.euroresidentes.com\/entretenimiento\/actualidad\/el-urbanismo-espao\/\",\"url\":\"https:\/\/www.euroresidentes.com\/entretenimiento\/actualidad\/el-urbanismo-espao\/\",\"name\":\"El urbanismo espa\u00f1ol - Actualidad: famosos, \u00e9xitos, deportes...\",\"isPartOf\":{\"@id\":\"https:\/\/www.euroresidentes.com\/entretenimiento\/actualidad\/#website\"},\"datePublished\":\"2006-10-12T14:48:00+00:00\",\"dateModified\":\"2016-03-16T16:17:49+00:00\",\"author\":{\"@id\":\"https:\/\/www.euroresidentes.com\/entretenimiento\/actualidad\/#\/schema\/person\/e41441f91af6208631ba0be4ea9c5f01\"},\"breadcrumb\":{\"@id\":\"https:\/\/www.euroresidentes.com\/entretenimiento\/actualidad\/el-urbanismo-espao\/#breadcrumb\"},\"inLanguage\":\"es\",\"potentialAction\":[{\"@type\":\"ReadAction\",\"target\":[\"https:\/\/www.euroresidentes.com\/entretenimiento\/actualidad\/el-urbanismo-espao\/\"]}]},{\"@type\":\"BreadcrumbList\",\"@id\":\"https:\/\/www.euroresidentes.com\/entretenimiento\/actualidad\/el-urbanismo-espao\/#breadcrumb\",\"itemListElement\":[{\"@type\":\"ListItem\",\"position\":1,\"name\":\"Portada\",\"item\":\"https:\/\/www.euroresidentes.com\/entretenimiento\/actualidad\/\"},{\"@type\":\"ListItem\",\"position\":2,\"name\":\"El urbanismo espa\u00f1ol\"}]},{\"@type\":\"WebSite\",\"@id\":\"https:\/\/www.euroresidentes.com\/entretenimiento\/actualidad\/#website\",\"url\":\"https:\/\/www.euroresidentes.com\/entretenimiento\/actualidad\/\",\"name\":\"Actualidad: famosos, \u00e9xitos, deportes...\",\"description\":\"Euroresidentes\",\"potentialAction\":[{\"@type\":\"SearchAction\",\"target\":{\"@type\":\"EntryPoint\",\"urlTemplate\":\"https:\/\/www.euroresidentes.com\/entretenimiento\/actualidad\/?s={search_term_string}\"},\"query-input\":{\"@type\":\"PropertyValueSpecification\",\"valueRequired\":true,\"valueName\":\"search_term_string\"}}],\"inLanguage\":\"es\"},{\"@type\":\"Person\",\"@id\":\"https:\/\/www.euroresidentes.com\/entretenimiento\/actualidad\/#\/schema\/person\/e41441f91af6208631ba0be4ea9c5f01\",\"name\":\"Euroresidentes\",\"image\":{\"@type\":\"ImageObject\",\"inLanguage\":\"es\",\"@id\":\"https:\/\/www.euroresidentes.com\/entretenimiento\/actualidad\/#\/schema\/person\/image\/\",\"url\":\"https:\/\/www.euroresidentes.com\/entretenimiento\/actualidad\/wp-content\/uploads\/sites\/24\/2016\/09\/logo-euroresidentes-150x150.jpg\",\"contentUrl\":\"https:\/\/www.euroresidentes.com\/entretenimiento\/actualidad\/wp-content\/uploads\/sites\/24\/2016\/09\/logo-euroresidentes-150x150.jpg\",\"caption\":\"Euroresidentes\"},\"description\":\"Euroresidentes\",\"sameAs\":[\"https:\/\/www.euroresidentes.com\/info.htm\"],\"url\":\"https:\/\/www.euroresidentes.com\/entretenimiento\/actualidad\/author\/euroresidentes\/\"}]}<\/script>\n<!-- \/ Yoast SEO plugin. -->","yoast_head_json":{"title":"El urbanismo espa\u00f1ol - Actualidad: famosos, \u00e9xitos, deportes...","robots":{"index":"index","follow":"follow","max-snippet":"max-snippet:-1","max-image-preview":"max-image-preview:large","max-video-preview":"max-video-preview:-1"},"canonical":"https:\/\/www.euroresidentes.com\/entretenimiento\/actualidad\/el-urbanismo-espao\/","og_locale":"es_ES","og_type":"article","og_title":"El urbanismo espa\u00f1ol - Actualidad: famosos, \u00e9xitos, deportes...","og_description":"El urbanismo espa\u00f1ol en entredicho, la especulaci\u00f3n urbana devora la normativa actual La Comisi\u00f3n Europea acaba de enviar a Espa\u00f1a una nueva solicitud oficial para que se modifique la Ley de ordenaci\u00f3n del territorio en la Comunidad Valenciana, LUV, debido a una supuesta incompatibilidad de varias de sus regulaciones con las leyes comunitarias sobre contrataci\u00f3n p\u00fablica. El urbanismo valenciano, una larga historia Seg\u00fan informa la Comisi\u00f3n, \u00abEn ausencia de respuesta satisfactoria en dos meses, la CE podr\u00eda llevar el asunto al Tribunal de Justicia\u00ab. Podr\u00edamos decir que esta comunicaci\u00f3n es el resultado de una larga historia de la que hemos","og_url":"https:\/\/www.euroresidentes.com\/entretenimiento\/actualidad\/el-urbanismo-espao\/","og_site_name":"Actualidad: famosos, \u00e9xitos, deportes...","article_publisher":"https:\/\/www.facebook.com\/euroresidentes\/","article_published_time":"2006-10-12T14:48:00+00:00","article_modified_time":"2016-03-16T16:17:49+00:00","author":"Euroresidentes","twitter_card":"summary_large_image","twitter_misc":{"Written by":"Euroresidentes","Est. reading time":"4 minutos"},"schema":{"@context":"https:\/\/schema.org","@graph":[{"@type":"WebPage","@id":"https:\/\/www.euroresidentes.com\/entretenimiento\/actualidad\/el-urbanismo-espao\/","url":"https:\/\/www.euroresidentes.com\/entretenimiento\/actualidad\/el-urbanismo-espao\/","name":"El urbanismo espa\u00f1ol - Actualidad: famosos, \u00e9xitos, deportes...","isPartOf":{"@id":"https:\/\/www.euroresidentes.com\/entretenimiento\/actualidad\/#website"},"datePublished":"2006-10-12T14:48:00+00:00","dateModified":"2016-03-16T16:17:49+00:00","author":{"@id":"https:\/\/www.euroresidentes.com\/entretenimiento\/actualidad\/#\/schema\/person\/e41441f91af6208631ba0be4ea9c5f01"},"breadcrumb":{"@id":"https:\/\/www.euroresidentes.com\/entretenimiento\/actualidad\/el-urbanismo-espao\/#breadcrumb"},"inLanguage":"es","potentialAction":[{"@type":"ReadAction","target":["https:\/\/www.euroresidentes.com\/entretenimiento\/actualidad\/el-urbanismo-espao\/"]}]},{"@type":"BreadcrumbList","@id":"https:\/\/www.euroresidentes.com\/entretenimiento\/actualidad\/el-urbanismo-espao\/#breadcrumb","itemListElement":[{"@type":"ListItem","position":1,"name":"Portada","item":"https:\/\/www.euroresidentes.com\/entretenimiento\/actualidad\/"},{"@type":"ListItem","position":2,"name":"El urbanismo espa\u00f1ol"}]},{"@type":"WebSite","@id":"https:\/\/www.euroresidentes.com\/entretenimiento\/actualidad\/#website","url":"https:\/\/www.euroresidentes.com\/entretenimiento\/actualidad\/","name":"Actualidad: famosos, \u00e9xitos, deportes...","description":"Euroresidentes","potentialAction":[{"@type":"SearchAction","target":{"@type":"EntryPoint","urlTemplate":"https:\/\/www.euroresidentes.com\/entretenimiento\/actualidad\/?s={search_term_string}"},"query-input":{"@type":"PropertyValueSpecification","valueRequired":true,"valueName":"search_term_string"}}],"inLanguage":"es"},{"@type":"Person","@id":"https:\/\/www.euroresidentes.com\/entretenimiento\/actualidad\/#\/schema\/person\/e41441f91af6208631ba0be4ea9c5f01","name":"Euroresidentes","image":{"@type":"ImageObject","inLanguage":"es","@id":"https:\/\/www.euroresidentes.com\/entretenimiento\/actualidad\/#\/schema\/person\/image\/","url":"https:\/\/www.euroresidentes.com\/entretenimiento\/actualidad\/wp-content\/uploads\/sites\/24\/2016\/09\/logo-euroresidentes-150x150.jpg","contentUrl":"https:\/\/www.euroresidentes.com\/entretenimiento\/actualidad\/wp-content\/uploads\/sites\/24\/2016\/09\/logo-euroresidentes-150x150.jpg","caption":"Euroresidentes"},"description":"Euroresidentes","sameAs":["https:\/\/www.euroresidentes.com\/info.htm"],"url":"https:\/\/www.euroresidentes.com\/entretenimiento\/actualidad\/author\/euroresidentes\/"}]}},"_links":{"self":[{"href":"https:\/\/www.euroresidentes.com\/entretenimiento\/actualidad\/wp-json\/wp\/v2\/posts\/682","targetHints":{"allow":["GET"]}}],"collection":[{"href":"https:\/\/www.euroresidentes.com\/entretenimiento\/actualidad\/wp-json\/wp\/v2\/posts"}],"about":[{"href":"https:\/\/www.euroresidentes.com\/entretenimiento\/actualidad\/wp-json\/wp\/v2\/types\/post"}],"author":[{"embeddable":true,"href":"https:\/\/www.euroresidentes.com\/entretenimiento\/actualidad\/wp-json\/wp\/v2\/users\/1"}],"replies":[{"embeddable":true,"href":"https:\/\/www.euroresidentes.com\/entretenimiento\/actualidad\/wp-json\/wp\/v2\/comments?post=682"}],"version-history":[{"count":1,"href":"https:\/\/www.euroresidentes.com\/entretenimiento\/actualidad\/wp-json\/wp\/v2\/posts\/682\/revisions"}],"predecessor-version":[{"id":1649,"href":"https:\/\/www.euroresidentes.com\/entretenimiento\/actualidad\/wp-json\/wp\/v2\/posts\/682\/revisions\/1649"}],"wp:attachment":[{"href":"https:\/\/www.euroresidentes.com\/entretenimiento\/actualidad\/wp-json\/wp\/v2\/media?parent=682"}],"wp:term":[{"taxonomy":"category","embeddable":true,"href":"https:\/\/www.euroresidentes.com\/entretenimiento\/actualidad\/wp-json\/wp\/v2\/categories?post=682"},{"taxonomy":"post_tag","embeddable":true,"href":"https:\/\/www.euroresidentes.com\/entretenimiento\/actualidad\/wp-json\/wp\/v2\/tags?post=682"}],"curies":[{"name":"wp","href":"https:\/\/api.w.org\/{rel}","templated":true}]}}