{"id":676,"date":"2007-04-14T11:27:00","date_gmt":"2007-04-14T11:27:00","guid":{"rendered":"https:\/\/www.euroresidentes.com\/entretenimiento\/actualidad\/la-espaa-profunda"},"modified":"2016-03-16T16:18:38","modified_gmt":"2016-03-16T16:18:38","slug":"la-espaa-profunda","status":"publish","type":"post","link":"https:\/\/www.euroresidentes.com\/entretenimiento\/actualidad\/la-espaa-profunda\/","title":{"rendered":"La Espa\u00f1a profunda"},"content":{"rendered":"<p>Hoy cuando Espa\u00f1a es la 8\u00aa potencia econ\u00f3mica mundial hablar de la \u00abEspa\u00f1a profunda\u00bb puede parecer un contrasentido. Pero incluso en esta nueva era moderna, la \u00abEspa\u00f1a profunda\u00bb existe y es un t\u00e9rmino muy socorrido, casi todos sabemos lo que es&#8230; pero si buscamos una definici\u00f3n para explic\u00e1rsela a los euroresidentes tendr\u00edamos que apuntar aquello de la \u00abEspa\u00f1a tradicional&#8230; con los t\u00f3picos anexos incluidos&#8230;\u00bb<\/p>\n<p>El cu\u00e1ndo, d\u00f3nde, c\u00f3mo  y qui\u00e9nes de la Espa\u00f1a profunda<\/p>\n<p>Aunque algunos intentan fijar connotaciones de la Espa\u00f1a profunda en el XIX, en el aislamiento internacional y la p\u00e9rdida de las colonias, la Generaci\u00f3n del 98 -y todo lo que vendr\u00eda despu\u00e9s ya en el XX: Guerra Civil, dictadura de Franco, etc&#8230;),  el tema es m\u00e1s complejo. Merecer\u00eda la pena de un estudio de los genes que ha generado tanta mezcla&#8230; Ochos siglos de presencia \u00e1rabe,  asturianos, gallegos, navarros y vascos&#8230; \u00a1Vaya tribus!<\/p>\n<p>Es dificil determinar el cu\u00e1ndo, quiz\u00e1s sea m\u00e1s f\u00e1cil hablar del por qu\u00e9 en un pa\u00eds que lleva siglos de historia singular.. De ah\u00ed que las actitudes, idiosincrasias y naturaleza florezcan en los tiempos m\u00e1s recientes&#8230; y en la Europa actual. Desde un Tejero en el Congreso, pasando por la violencia dom\u00e9stica problema de primer orden, plasmado d\u00eda a d\u00eda en las numerosas mujeres que son agredidas por su pareja con desenlaces fatales.<\/p>\n<p>Cierto que hay un d\u00f3nde para la Espa\u00f1a profunda. S\u00ed,  en peque\u00f1os pueblos muy rurales o incluso casi deshabitados que todav\u00eda mantienen bastante intactas las a\u00f1ejas costumbres de una forma de vida  r\u00fastica, casi primaria y tosca. Superstici\u00f3n, peculiares formas de relaciones personales, normas no escritas pero respetadas&#8230; todo un c\u00famulo de circunstancias que hacen imprevisible el devenir de sus gentes&#8230;<\/p>\n<p>All\u00ed, el jefe de la oposici\u00f3n mata al alcalde con una escopeta de caza en un pueblo de menos de 100 habitantes. Los muertos se aparecen (<a href=\"http:\/\/www.euroresidentes.com\/Blogs\/2007\/01\/volver-by-pedro-almodovar.html\">Volver de Almod\u00f3var<\/a>), los entierros, velatorios, <a href=\"http:\/\/www.euroresidentes.com\/Alimentos\/diccionario_gastronomico\/matanza.htm\">la matanza del cerdo<\/a>, el cura, las gallinas, el mal de ojo, la buenaventura, la curandera, la novia&#8230; todo perdura en aparente equilibrio, incluso en los m\u00e1s fatales desenlaces&#8230;<\/p>\n<p>La Espa\u00f1a profunda es tan profunda que desborda a antrop\u00f3logos, soci\u00f3logos, psic\u00f3logos, pol\u00edticos, historiadores, cineastas, escritores&#8230; No digamos a los extranjeros quienes para comprenderla tendr\u00edan que seguir una titulaci\u00f3n universitaria de Antropolog\u00eda o similar No ser\u00eda mala idea que alguna Universidad tomara nota.<\/p>\n<p>Lo m\u00e1s curioso es que cuando m\u00e1s destaca y florece la Espa\u00f1a moderna, la Espa\u00f1a profunda se esfuerza en persistir y dar se\u00f1ales de vida&#8230;<\/p>\n","protected":false},"excerpt":{"rendered":"<p>Hoy cuando Espa\u00f1a es la 8\u00aa potencia econ\u00f3mica mundial hablar de la \u00abEspa\u00f1a profunda\u00bb puede parecer un contrasentido. Pero incluso en esta nueva era moderna, la \u00abEspa\u00f1a profunda\u00bb existe y es un t\u00e9rmino muy socorrido, casi todos sabemos lo que es&#8230; pero si buscamos una definici\u00f3n para explic\u00e1rsela a los euroresidentes tendr\u00edamos que apuntar aquello de la \u00abEspa\u00f1a tradicional&#8230; con los t\u00f3picos anexos incluidos&#8230;\u00bb El cu\u00e1ndo, d\u00f3nde, c\u00f3mo y qui\u00e9nes de la Espa\u00f1a profunda Aunque algunos intentan fijar connotaciones de la Espa\u00f1a profunda en el XIX, en el aislamiento internacional y la p\u00e9rdida de las colonias, la Generaci\u00f3n del 98 <\/p>\n","protected":false},"author":1,"featured_media":0,"comment_status":"open","ping_status":"open","sticky":false,"template":"","format":"standard","meta":{"footnotes":""},"categories":[1],"tags":[33],"class_list":["post-676","post","type-post","status-publish","format-standard","hentry","category-general","tag-curiosidades"],"yoast_head":"<!-- This site is optimized with the Yoast SEO plugin v24.1 - https:\/\/yoast.com\/wordpress\/plugins\/seo\/ -->\n<title>La Espa\u00f1a profunda - Actualidad: famosos, \u00e9xitos, deportes...<\/title>\n<meta name=\"robots\" content=\"index, follow, max-snippet:-1, max-image-preview:large, max-video-preview:-1\" \/>\n<link rel=\"canonical\" href=\"https:\/\/www.euroresidentes.com\/entretenimiento\/actualidad\/la-espaa-profunda\/\" \/>\n<meta property=\"og:locale\" content=\"es_ES\" \/>\n<meta property=\"og:type\" content=\"article\" \/>\n<meta property=\"og:title\" content=\"La Espa\u00f1a profunda - Actualidad: famosos, \u00e9xitos, deportes...\" \/>\n<meta property=\"og:description\" content=\"Hoy cuando Espa\u00f1a es la 8\u00aa potencia econ\u00f3mica mundial hablar de la \u00abEspa\u00f1a profunda\u00bb puede parecer un contrasentido. Pero incluso en esta nueva era moderna, la \u00abEspa\u00f1a profunda\u00bb existe y es un t\u00e9rmino muy socorrido, casi todos sabemos lo que es&#8230; pero si buscamos una definici\u00f3n para explic\u00e1rsela a los euroresidentes tendr\u00edamos que apuntar aquello de la \u00abEspa\u00f1a tradicional&#8230; con los t\u00f3picos anexos incluidos&#8230;\u00bb El cu\u00e1ndo, d\u00f3nde, c\u00f3mo y qui\u00e9nes de la Espa\u00f1a profunda Aunque algunos intentan fijar connotaciones de la Espa\u00f1a profunda en el XIX, en el aislamiento internacional y la p\u00e9rdida de las colonias, la Generaci\u00f3n del 98\" \/>\n<meta property=\"og:url\" content=\"https:\/\/www.euroresidentes.com\/entretenimiento\/actualidad\/la-espaa-profunda\/\" \/>\n<meta property=\"og:site_name\" content=\"Actualidad: famosos, \u00e9xitos, deportes...\" \/>\n<meta property=\"article:publisher\" content=\"https:\/\/www.facebook.com\/euroresidentes\/\" \/>\n<meta property=\"article:published_time\" content=\"2007-04-14T11:27:00+00:00\" \/>\n<meta property=\"article:modified_time\" content=\"2016-03-16T16:18:38+00:00\" \/>\n<meta name=\"author\" content=\"Euroresidentes\" \/>\n<meta name=\"twitter:card\" content=\"summary_large_image\" \/>\n<meta name=\"twitter:label1\" content=\"Written by\" \/>\n\t<meta name=\"twitter:data1\" content=\"Euroresidentes\" \/>\n\t<meta name=\"twitter:label2\" content=\"Est. reading time\" \/>\n\t<meta name=\"twitter:data2\" content=\"2 minutos\" \/>\n<script type=\"application\/ld+json\" class=\"yoast-schema-graph\">{\"@context\":\"https:\/\/schema.org\",\"@graph\":[{\"@type\":\"WebPage\",\"@id\":\"https:\/\/www.euroresidentes.com\/entretenimiento\/actualidad\/la-espaa-profunda\/\",\"url\":\"https:\/\/www.euroresidentes.com\/entretenimiento\/actualidad\/la-espaa-profunda\/\",\"name\":\"La Espa\u00f1a profunda - Actualidad: famosos, \u00e9xitos, deportes...\",\"isPartOf\":{\"@id\":\"https:\/\/www.euroresidentes.com\/entretenimiento\/actualidad\/#website\"},\"datePublished\":\"2007-04-14T11:27:00+00:00\",\"dateModified\":\"2016-03-16T16:18:38+00:00\",\"author\":{\"@id\":\"https:\/\/www.euroresidentes.com\/entretenimiento\/actualidad\/#\/schema\/person\/e41441f91af6208631ba0be4ea9c5f01\"},\"breadcrumb\":{\"@id\":\"https:\/\/www.euroresidentes.com\/entretenimiento\/actualidad\/la-espaa-profunda\/#breadcrumb\"},\"inLanguage\":\"es\",\"potentialAction\":[{\"@type\":\"ReadAction\",\"target\":[\"https:\/\/www.euroresidentes.com\/entretenimiento\/actualidad\/la-espaa-profunda\/\"]}]},{\"@type\":\"BreadcrumbList\",\"@id\":\"https:\/\/www.euroresidentes.com\/entretenimiento\/actualidad\/la-espaa-profunda\/#breadcrumb\",\"itemListElement\":[{\"@type\":\"ListItem\",\"position\":1,\"name\":\"Portada\",\"item\":\"https:\/\/www.euroresidentes.com\/entretenimiento\/actualidad\/\"},{\"@type\":\"ListItem\",\"position\":2,\"name\":\"La Espa\u00f1a profunda\"}]},{\"@type\":\"WebSite\",\"@id\":\"https:\/\/www.euroresidentes.com\/entretenimiento\/actualidad\/#website\",\"url\":\"https:\/\/www.euroresidentes.com\/entretenimiento\/actualidad\/\",\"name\":\"Actualidad: famosos, \u00e9xitos, deportes...\",\"description\":\"Euroresidentes\",\"potentialAction\":[{\"@type\":\"SearchAction\",\"target\":{\"@type\":\"EntryPoint\",\"urlTemplate\":\"https:\/\/www.euroresidentes.com\/entretenimiento\/actualidad\/?s={search_term_string}\"},\"query-input\":{\"@type\":\"PropertyValueSpecification\",\"valueRequired\":true,\"valueName\":\"search_term_string\"}}],\"inLanguage\":\"es\"},{\"@type\":\"Person\",\"@id\":\"https:\/\/www.euroresidentes.com\/entretenimiento\/actualidad\/#\/schema\/person\/e41441f91af6208631ba0be4ea9c5f01\",\"name\":\"Euroresidentes\",\"image\":{\"@type\":\"ImageObject\",\"inLanguage\":\"es\",\"@id\":\"https:\/\/www.euroresidentes.com\/entretenimiento\/actualidad\/#\/schema\/person\/image\/\",\"url\":\"https:\/\/www.euroresidentes.com\/entretenimiento\/actualidad\/wp-content\/uploads\/sites\/24\/2016\/09\/logo-euroresidentes-150x150.jpg\",\"contentUrl\":\"https:\/\/www.euroresidentes.com\/entretenimiento\/actualidad\/wp-content\/uploads\/sites\/24\/2016\/09\/logo-euroresidentes-150x150.jpg\",\"caption\":\"Euroresidentes\"},\"description\":\"Euroresidentes\",\"sameAs\":[\"https:\/\/www.euroresidentes.com\/info.htm\"],\"url\":\"https:\/\/www.euroresidentes.com\/entretenimiento\/actualidad\/author\/euroresidentes\/\"}]}<\/script>\n<!-- \/ Yoast SEO plugin. -->","yoast_head_json":{"title":"La Espa\u00f1a profunda - Actualidad: famosos, \u00e9xitos, deportes...","robots":{"index":"index","follow":"follow","max-snippet":"max-snippet:-1","max-image-preview":"max-image-preview:large","max-video-preview":"max-video-preview:-1"},"canonical":"https:\/\/www.euroresidentes.com\/entretenimiento\/actualidad\/la-espaa-profunda\/","og_locale":"es_ES","og_type":"article","og_title":"La Espa\u00f1a profunda - Actualidad: famosos, \u00e9xitos, deportes...","og_description":"Hoy cuando Espa\u00f1a es la 8\u00aa potencia econ\u00f3mica mundial hablar de la \u00abEspa\u00f1a profunda\u00bb puede parecer un contrasentido. Pero incluso en esta nueva era moderna, la \u00abEspa\u00f1a profunda\u00bb existe y es un t\u00e9rmino muy socorrido, casi todos sabemos lo que es&#8230; pero si buscamos una definici\u00f3n para explic\u00e1rsela a los euroresidentes tendr\u00edamos que apuntar aquello de la \u00abEspa\u00f1a tradicional&#8230; con los t\u00f3picos anexos incluidos&#8230;\u00bb El cu\u00e1ndo, d\u00f3nde, c\u00f3mo y qui\u00e9nes de la Espa\u00f1a profunda Aunque algunos intentan fijar connotaciones de la Espa\u00f1a profunda en el XIX, en el aislamiento internacional y la p\u00e9rdida de las colonias, la Generaci\u00f3n del 98","og_url":"https:\/\/www.euroresidentes.com\/entretenimiento\/actualidad\/la-espaa-profunda\/","og_site_name":"Actualidad: famosos, \u00e9xitos, deportes...","article_publisher":"https:\/\/www.facebook.com\/euroresidentes\/","article_published_time":"2007-04-14T11:27:00+00:00","article_modified_time":"2016-03-16T16:18:38+00:00","author":"Euroresidentes","twitter_card":"summary_large_image","twitter_misc":{"Written by":"Euroresidentes","Est. reading time":"2 minutos"},"schema":{"@context":"https:\/\/schema.org","@graph":[{"@type":"WebPage","@id":"https:\/\/www.euroresidentes.com\/entretenimiento\/actualidad\/la-espaa-profunda\/","url":"https:\/\/www.euroresidentes.com\/entretenimiento\/actualidad\/la-espaa-profunda\/","name":"La Espa\u00f1a profunda - Actualidad: famosos, \u00e9xitos, deportes...","isPartOf":{"@id":"https:\/\/www.euroresidentes.com\/entretenimiento\/actualidad\/#website"},"datePublished":"2007-04-14T11:27:00+00:00","dateModified":"2016-03-16T16:18:38+00:00","author":{"@id":"https:\/\/www.euroresidentes.com\/entretenimiento\/actualidad\/#\/schema\/person\/e41441f91af6208631ba0be4ea9c5f01"},"breadcrumb":{"@id":"https:\/\/www.euroresidentes.com\/entretenimiento\/actualidad\/la-espaa-profunda\/#breadcrumb"},"inLanguage":"es","potentialAction":[{"@type":"ReadAction","target":["https:\/\/www.euroresidentes.com\/entretenimiento\/actualidad\/la-espaa-profunda\/"]}]},{"@type":"BreadcrumbList","@id":"https:\/\/www.euroresidentes.com\/entretenimiento\/actualidad\/la-espaa-profunda\/#breadcrumb","itemListElement":[{"@type":"ListItem","position":1,"name":"Portada","item":"https:\/\/www.euroresidentes.com\/entretenimiento\/actualidad\/"},{"@type":"ListItem","position":2,"name":"La Espa\u00f1a profunda"}]},{"@type":"WebSite","@id":"https:\/\/www.euroresidentes.com\/entretenimiento\/actualidad\/#website","url":"https:\/\/www.euroresidentes.com\/entretenimiento\/actualidad\/","name":"Actualidad: famosos, \u00e9xitos, deportes...","description":"Euroresidentes","potentialAction":[{"@type":"SearchAction","target":{"@type":"EntryPoint","urlTemplate":"https:\/\/www.euroresidentes.com\/entretenimiento\/actualidad\/?s={search_term_string}"},"query-input":{"@type":"PropertyValueSpecification","valueRequired":true,"valueName":"search_term_string"}}],"inLanguage":"es"},{"@type":"Person","@id":"https:\/\/www.euroresidentes.com\/entretenimiento\/actualidad\/#\/schema\/person\/e41441f91af6208631ba0be4ea9c5f01","name":"Euroresidentes","image":{"@type":"ImageObject","inLanguage":"es","@id":"https:\/\/www.euroresidentes.com\/entretenimiento\/actualidad\/#\/schema\/person\/image\/","url":"https:\/\/www.euroresidentes.com\/entretenimiento\/actualidad\/wp-content\/uploads\/sites\/24\/2016\/09\/logo-euroresidentes-150x150.jpg","contentUrl":"https:\/\/www.euroresidentes.com\/entretenimiento\/actualidad\/wp-content\/uploads\/sites\/24\/2016\/09\/logo-euroresidentes-150x150.jpg","caption":"Euroresidentes"},"description":"Euroresidentes","sameAs":["https:\/\/www.euroresidentes.com\/info.htm"],"url":"https:\/\/www.euroresidentes.com\/entretenimiento\/actualidad\/author\/euroresidentes\/"}]}},"_links":{"self":[{"href":"https:\/\/www.euroresidentes.com\/entretenimiento\/actualidad\/wp-json\/wp\/v2\/posts\/676","targetHints":{"allow":["GET"]}}],"collection":[{"href":"https:\/\/www.euroresidentes.com\/entretenimiento\/actualidad\/wp-json\/wp\/v2\/posts"}],"about":[{"href":"https:\/\/www.euroresidentes.com\/entretenimiento\/actualidad\/wp-json\/wp\/v2\/types\/post"}],"author":[{"embeddable":true,"href":"https:\/\/www.euroresidentes.com\/entretenimiento\/actualidad\/wp-json\/wp\/v2\/users\/1"}],"replies":[{"embeddable":true,"href":"https:\/\/www.euroresidentes.com\/entretenimiento\/actualidad\/wp-json\/wp\/v2\/comments?post=676"}],"version-history":[{"count":1,"href":"https:\/\/www.euroresidentes.com\/entretenimiento\/actualidad\/wp-json\/wp\/v2\/posts\/676\/revisions"}],"predecessor-version":[{"id":1643,"href":"https:\/\/www.euroresidentes.com\/entretenimiento\/actualidad\/wp-json\/wp\/v2\/posts\/676\/revisions\/1643"}],"wp:attachment":[{"href":"https:\/\/www.euroresidentes.com\/entretenimiento\/actualidad\/wp-json\/wp\/v2\/media?parent=676"}],"wp:term":[{"taxonomy":"category","embeddable":true,"href":"https:\/\/www.euroresidentes.com\/entretenimiento\/actualidad\/wp-json\/wp\/v2\/categories?post=676"},{"taxonomy":"post_tag","embeddable":true,"href":"https:\/\/www.euroresidentes.com\/entretenimiento\/actualidad\/wp-json\/wp\/v2\/tags?post=676"}],"curies":[{"name":"wp","href":"https:\/\/api.w.org\/{rel}","templated":true}]}}