{"id":661,"date":"2007-09-12T04:37:00","date_gmt":"2007-09-12T04:37:00","guid":{"rendered":"https:\/\/www.euroresidentes.com\/entretenimiento\/actualidad\/fiestas-polmicas-en-espaa"},"modified":"2016-03-21T14:56:12","modified_gmt":"2016-03-21T14:56:12","slug":"fiestas-polmicas-en-espaa","status":"publish","type":"post","link":"https:\/\/www.euroresidentes.com\/entretenimiento\/actualidad\/fiestas-polmicas-en-espaa\/","title":{"rendered":"Fiestas pol\u00e9micas en Espa\u00f1a"},"content":{"rendered":"<p><strong>Fiestas cruentas con animales en Espa\u00f1a<\/strong><\/p>\n<p>La fiesta de los toros es la m\u00e1s conocida y extendida en toda Espa\u00f1a. Es llamada \u00abla fiesta nacional\u00bb. Pero en los pueblos de toda Espa\u00f1a se celebran fiestas menos conocidas que comportan agresiones y maltrato a diversos tipos de animales.<\/p>\n<p><a href=\"https:\/\/www.euroresidentes.com\/entretenimiento\/actualidad\/wp-content\/uploads\/sites\/24\/2007\/09\/fiestas-toros-espana.jpg\" rel=\"attachment wp-att-1850\"><img loading=\"lazy\" decoding=\"async\" class=\"aligncenter size-full wp-image-1850\" src=\"https:\/\/www.euroresidentes.com\/entretenimiento\/actualidad\/wp-content\/uploads\/sites\/24\/2007\/09\/fiestas-toros-espana.jpg\" alt=\"fiestas pol\u00e9micas en Espa\u00f1a: Los Toros\" width=\"700\" height=\"525\" srcset=\"https:\/\/www.euroresidentes.com\/entretenimiento\/actualidad\/wp-content\/uploads\/sites\/24\/2007\/09\/fiestas-toros-espana.jpg 700w, https:\/\/www.euroresidentes.com\/entretenimiento\/actualidad\/wp-content\/uploads\/sites\/24\/2007\/09\/fiestas-toros-espana-300x225.jpg 300w, https:\/\/www.euroresidentes.com\/entretenimiento\/actualidad\/wp-content\/uploads\/sites\/24\/2007\/09\/fiestas-toros-espana-250x188.jpg 250w\" sizes=\"auto, (max-width: 700px) 100vw, 700px\" \/><\/a><\/p>\n<p>Afortunadamente en los \u00faltimos a\u00f1os algunas han sido erradicadas\u00a0pero\u00a0otras persisten, pese a las activas protestas de miembros de asociaciones de defensa de los animales e incluso multas de las autoridades locales u auton\u00f3micas.<\/p>\n<h3>Toro de la Vega de Tordesillas (Valladolid)<\/h3>\n<p>Fiesta de origen medieval cuyo ritual empieza con la suelta de un toro bravo cerca de la Plaza Mayor de la Villa. Varias personas montadas a caballo dirigen al toro hacia el campo hasta una zona en la que los vecinos le atacan con lanzas hasta acabar con la vida del animal. El vencedor del torneo que consigue matar al animal lleva el rabo del toro prendido en su lanza, como s\u00edmbolo de victoria, regresa a Tordesillas escoltado por decenas de caballistas al son de la dolzaina y el tamboril, por el mismo camino que minutos antes se hab\u00eda conducido al Toro de la Vega.<\/p>\n<h3>El Toro de Coria (C\u00e1ceres)<\/h3>\n<p>El toro de Coria parte de una cruenta leyenda. La leyenda sosten\u00eda que cada a\u00f1o por las fiestas de San Juan (23-29 de junio), un joven era elegido a sorteo entre los mozos de Coria para ser corrido por las calles en un juego macabro. El joven se defend\u00eda con dos navajas o pu\u00f1ales de los ataques del resto. Como es l\u00f3gico casi siempre sol\u00eda morir. La leyenda cuenta que un a\u00f1o le toc\u00f3 en suerte al hijo de una rica dama del pueblo y a trav\u00e9s de sus influencias logr\u00f3 cambiar a la v\u00edctima por un toro.<br \/>\nEl toro va suelto por el recinto amurallado de la ciudad durante horas recibiendo los impactos de los dardos (\u00absoplillos\u00bb, unos gruesos alfileres) que le lanzan los vecinos de Coria con sus cerbatanas. La tortura del animal no para aqu\u00ed. Cuando su agotamiento y debilidad se va sobreponiendo a sus fuerzas el toro se acuesta, y ese es el momento en el que los mozos le cortan los test\u00edculos mientras agoniza. En la versi\u00f3n m\u00e1s moderna se le dispara un tiro. La fiesta data del siglo XVI y est\u00e1 declarada bien de inter\u00e9s tur\u00edstico.<\/p>\n<h3>Toro enmaromado de Benavente (Zamora)<\/h3>\n<p>Esta fiesta es t\u00edpica de bastantes localidades y regiones de Espa\u00f1a (Arag\u00f3n, Navarra, La Rioja, Andaluc\u00eda, Valencia y, sobre todo, en Castilla y Le\u00f3n). Tambi\u00e9n se conocen como \u00abtoros ensogados\u00bb. dado que a los animales se les sujeta por la cabeza para atarles los cuernos y arrastrarlos por las calles. Esta acci\u00f3n les produce a los toros grandes traumatismos y desgarros fatales en los m\u00fasculos del cuello. El toro enmaromado de de Benavente (Zamora) tiene lugar entre el 9 y el 14 de junio, y sus antecedentes datan del siglo XV.<\/p>\n<p><a href=\"https:\/\/www.euroresidentes.com\/entretenimiento\/actualidad\/wp-content\/uploads\/sites\/24\/2007\/09\/fiestas-crueles-animales-espana.jpg\" rel=\"attachment wp-att-1851\"><img loading=\"lazy\" decoding=\"async\" class=\"aligncenter size-full wp-image-1851\" src=\"https:\/\/www.euroresidentes.com\/entretenimiento\/actualidad\/wp-content\/uploads\/sites\/24\/2007\/09\/fiestas-crueles-animales-espana.jpg\" alt=\"fiesta pol\u00e9micas en Espa\u00f1a con animales\" width=\"700\" height=\"525\" srcset=\"https:\/\/www.euroresidentes.com\/entretenimiento\/actualidad\/wp-content\/uploads\/sites\/24\/2007\/09\/fiestas-crueles-animales-espana.jpg 700w, https:\/\/www.euroresidentes.com\/entretenimiento\/actualidad\/wp-content\/uploads\/sites\/24\/2007\/09\/fiestas-crueles-animales-espana-300x225.jpg 300w, https:\/\/www.euroresidentes.com\/entretenimiento\/actualidad\/wp-content\/uploads\/sites\/24\/2007\/09\/fiestas-crueles-animales-espana-250x188.jpg 250w\" sizes=\"auto, (max-width: 700px) 100vw, 700px\" \/><\/a><\/p>\n<h3>El toro j\u00fabilo de Medinaceli (Soria)<\/h3>\n<p>Se trata de una tradici\u00f3n del siglo XVI que consiste, previamente al encierro, en atar un toro por los cuernos para dejarlo inm\u00f3vil e incorporarle en la cabeza unas estructuras met\u00e1licas que le permiten adherir unas grandes bolas inflamables. El toro sufre quemaduras y l\u00f3gicamente un gran estr\u00e9s ante la presencia del fuego en su cabeza. Al final se mataba al toro tras el encierro.<br \/>\nLos defensores del toro j\u00fabilo alegan que el toro no sufre quemaduras dado que se le aplica una crema de barro, aparte de la eliminaci\u00f3n de la muerte del toro tras el encierro nocturno<br \/>\nTambi\u00e9n se denominan \u2018toros de fuego\u2019 y muchos municipios valencianos los incluyen en sus festejos.<\/p>\n<h3>La cabra por el campanario de Manganeses de la Polvorosa (Zamora)<\/h3>\n<p>Una tradici\u00f3n que afortunadamente ya no se celebra desde el a\u00f1o 2000. Era costumbre en el pueblo de Manganeses de la Polvorosa (Zamora) arrojar una cabra desde el campanario de su iglesia. En la actualidad se lanza una cabra de cart\u00f3n piedra.<\/p>\n<h3>Fiesta de la pava en Cazalilla (Ja\u00e9n)<\/h3>\n<p>Durante la fiesta de San Blas (d\u00edas anteriores y posteriores al 3 de febrero) se conserva una tradici\u00f3n, surgida en el siglo XIX, conocida por \u00abfiesta de la pava\u00bb que consiste en soltar la pava desde el campanario de la iglesia del pueblo. A quien consigue atraparla se le augura buena suerte.<\/p>\n<h3>Los gallos de Guarrate (Zamora)<\/h3>\n<p>Esta macabra costumbre corr\u00eda cargo de los quintos del pueblo de Guarrate, en Zamora. El rito ancestral consist\u00eda en colgar un gallo en la plaza del pueblo al cual se le deb\u00eda arrancar la cabeza tras pronunciar un discurso en verso. Con la muerte del gallo se saldaban las penas de las familias. La forma de hacerlo era montando a caballo y blandiendo una espada con la que deb\u00edan degollar a los gallos colgados en la plaza del pueblo.<\/p>\n<p>Tambi\u00e9n se celebra una fiesta muy similar en el pueblo zamorano de Castro Gonzalo.<\/p>\n<h3>Las corridas de Gansos de Carpio del Tajo (Toledo)<\/h3>\n<p>Parecida a la anterior. Aqu\u00ed los pollos son sustituidos po los gansos y los jinetes, tienen que conseguir arrancar la cabeza al animal. Las cabezas de los animales son quemadas, y los participantes que consiguen arrancarlas reciben un trofeo.<\/p>\n<p>Hasta aqu\u00ed el\u00a0 muestrario o \u00abgu\u00eda\u00bb muy parcial sobre estas fiestas macabras en las que la realidad supera cualquier conjetura. La denominada \u00abfiesta nacional de los toros\u00bb es el argumento que anteponen en muchos pueblos ante el intento de prohibir o impedir festejos en los que se lleven a cabo maltratos a los animales.<\/p>\n<p>Temas relacionados con fiestas pol\u00e9micas en Espa\u00f1a:<\/p>\n<ul>\n<li><a href=\"http:\/\/www.euroresidentes.com\/Blogs\/espana\/2007\/08\/fiestas-populares-espaolas-en-el.hml\">Fiestas populares espa\u00f1olas en el extranjero<\/a><\/li>\n<li><a href=\"http:\/\/www.euroresidentes.com\/fiestas.html\">Fiestas in Spain<\/a><\/li>\n<li><a href=\"http:\/\/fotos.euroresidentes.com\/fotos\/postales_Tordesillas\/\">Fotos de Tordesillas<\/a><\/li>\n<\/ul>\n","protected":false},"excerpt":{"rendered":"<p>Fiestas cruentas con animales en Espa\u00f1a La fiesta de los toros es la m\u00e1s conocida y extendida en toda Espa\u00f1a. Es llamada \u00abla fiesta nacional\u00bb. Pero en los pueblos de toda Espa\u00f1a se celebran fiestas menos conocidas que comportan agresiones y maltrato a diversos tipos de animales. Afortunadamente en los \u00faltimos a\u00f1os algunas han sido erradicadas\u00a0pero\u00a0otras persisten, pese a las activas protestas de miembros de asociaciones de defensa de los animales e incluso multas de las autoridades locales u auton\u00f3micas. Toro de la Vega de Tordesillas (Valladolid) Fiesta de origen medieval cuyo ritual empieza con la suelta de un toro <\/p>\n","protected":false},"author":1,"featured_media":1851,"comment_status":"open","ping_status":"open","sticky":false,"template":"","format":"standard","meta":{"footnotes":""},"categories":[1],"tags":[39,32,33],"class_list":["post-661","post","type-post","status-publish","format-standard","has-post-thumbnail","hentry","category-general","tag-costumbres","tag-cultura","tag-curiosidades","has_thumb"],"yoast_head":"<!-- This site is optimized with the Yoast SEO plugin v24.1 - https:\/\/yoast.com\/wordpress\/plugins\/seo\/ -->\n<title>Fiestas pol\u00e9micas en Espa\u00f1a - Actualidad: famosos, \u00e9xitos, deportes...<\/title>\n<meta name=\"robots\" content=\"index, follow, max-snippet:-1, max-image-preview:large, max-video-preview:-1\" \/>\n<link rel=\"canonical\" href=\"https:\/\/www.euroresidentes.com\/entretenimiento\/actualidad\/fiestas-polmicas-en-espaa\/\" \/>\n<meta property=\"og:locale\" content=\"es_ES\" \/>\n<meta property=\"og:type\" content=\"article\" \/>\n<meta property=\"og:title\" content=\"Fiestas pol\u00e9micas en Espa\u00f1a - Actualidad: famosos, \u00e9xitos, deportes...\" \/>\n<meta property=\"og:description\" content=\"Fiestas cruentas con animales en Espa\u00f1a La fiesta de los toros es la m\u00e1s conocida y extendida en toda Espa\u00f1a. Es llamada \u00abla fiesta nacional\u00bb. Pero en los pueblos de toda Espa\u00f1a se celebran fiestas menos conocidas que comportan agresiones y maltrato a diversos tipos de animales. Afortunadamente en los \u00faltimos a\u00f1os algunas han sido erradicadas\u00a0pero\u00a0otras persisten, pese a las activas protestas de miembros de asociaciones de defensa de los animales e incluso multas de las autoridades locales u auton\u00f3micas. Toro de la Vega de Tordesillas (Valladolid) Fiesta de origen medieval cuyo ritual empieza con la suelta de un toro\" \/>\n<meta property=\"og:url\" content=\"https:\/\/www.euroresidentes.com\/entretenimiento\/actualidad\/fiestas-polmicas-en-espaa\/\" \/>\n<meta property=\"og:site_name\" content=\"Actualidad: famosos, \u00e9xitos, deportes...\" \/>\n<meta property=\"article:publisher\" content=\"https:\/\/www.facebook.com\/euroresidentes\/\" \/>\n<meta property=\"article:published_time\" content=\"2007-09-12T04:37:00+00:00\" \/>\n<meta property=\"article:modified_time\" content=\"2016-03-21T14:56:12+00:00\" \/>\n<meta property=\"og:image\" content=\"https:\/\/www.euroresidentes.com\/entretenimiento\/actualidad\/wp-content\/uploads\/sites\/24\/2007\/09\/fiestas-crueles-animales-espana.jpg\" \/>\n\t<meta property=\"og:image:width\" content=\"700\" \/>\n\t<meta property=\"og:image:height\" content=\"525\" \/>\n\t<meta property=\"og:image:type\" content=\"image\/jpeg\" \/>\n<meta name=\"author\" content=\"Euroresidentes\" \/>\n<meta name=\"twitter:card\" content=\"summary_large_image\" \/>\n<meta name=\"twitter:label1\" content=\"Written by\" \/>\n\t<meta name=\"twitter:data1\" content=\"Euroresidentes\" \/>\n\t<meta name=\"twitter:label2\" content=\"Est. reading time\" \/>\n\t<meta name=\"twitter:data2\" content=\"5 minutos\" \/>\n<script type=\"application\/ld+json\" class=\"yoast-schema-graph\">{\"@context\":\"https:\/\/schema.org\",\"@graph\":[{\"@type\":\"WebPage\",\"@id\":\"https:\/\/www.euroresidentes.com\/entretenimiento\/actualidad\/fiestas-polmicas-en-espaa\/\",\"url\":\"https:\/\/www.euroresidentes.com\/entretenimiento\/actualidad\/fiestas-polmicas-en-espaa\/\",\"name\":\"Fiestas pol\u00e9micas en Espa\u00f1a - Actualidad: famosos, \u00e9xitos, deportes...\",\"isPartOf\":{\"@id\":\"https:\/\/www.euroresidentes.com\/entretenimiento\/actualidad\/#website\"},\"primaryImageOfPage\":{\"@id\":\"https:\/\/www.euroresidentes.com\/entretenimiento\/actualidad\/fiestas-polmicas-en-espaa\/#primaryimage\"},\"image\":{\"@id\":\"https:\/\/www.euroresidentes.com\/entretenimiento\/actualidad\/fiestas-polmicas-en-espaa\/#primaryimage\"},\"thumbnailUrl\":\"https:\/\/www.euroresidentes.com\/entretenimiento\/actualidad\/wp-content\/uploads\/sites\/24\/2007\/09\/fiestas-crueles-animales-espana.jpg\",\"datePublished\":\"2007-09-12T04:37:00+00:00\",\"dateModified\":\"2016-03-21T14:56:12+00:00\",\"author\":{\"@id\":\"https:\/\/www.euroresidentes.com\/entretenimiento\/actualidad\/#\/schema\/person\/e41441f91af6208631ba0be4ea9c5f01\"},\"breadcrumb\":{\"@id\":\"https:\/\/www.euroresidentes.com\/entretenimiento\/actualidad\/fiestas-polmicas-en-espaa\/#breadcrumb\"},\"inLanguage\":\"es\",\"potentialAction\":[{\"@type\":\"ReadAction\",\"target\":[\"https:\/\/www.euroresidentes.com\/entretenimiento\/actualidad\/fiestas-polmicas-en-espaa\/\"]}]},{\"@type\":\"ImageObject\",\"inLanguage\":\"es\",\"@id\":\"https:\/\/www.euroresidentes.com\/entretenimiento\/actualidad\/fiestas-polmicas-en-espaa\/#primaryimage\",\"url\":\"https:\/\/www.euroresidentes.com\/entretenimiento\/actualidad\/wp-content\/uploads\/sites\/24\/2007\/09\/fiestas-crueles-animales-espana.jpg\",\"contentUrl\":\"https:\/\/www.euroresidentes.com\/entretenimiento\/actualidad\/wp-content\/uploads\/sites\/24\/2007\/09\/fiestas-crueles-animales-espana.jpg\",\"width\":700,\"height\":525,\"caption\":\"fiesta pol\u00e9micas en Espa\u00f1a con animales\"},{\"@type\":\"BreadcrumbList\",\"@id\":\"https:\/\/www.euroresidentes.com\/entretenimiento\/actualidad\/fiestas-polmicas-en-espaa\/#breadcrumb\",\"itemListElement\":[{\"@type\":\"ListItem\",\"position\":1,\"name\":\"Portada\",\"item\":\"https:\/\/www.euroresidentes.com\/entretenimiento\/actualidad\/\"},{\"@type\":\"ListItem\",\"position\":2,\"name\":\"Fiestas pol\u00e9micas en Espa\u00f1a\"}]},{\"@type\":\"WebSite\",\"@id\":\"https:\/\/www.euroresidentes.com\/entretenimiento\/actualidad\/#website\",\"url\":\"https:\/\/www.euroresidentes.com\/entretenimiento\/actualidad\/\",\"name\":\"Actualidad: famosos, \u00e9xitos, deportes...\",\"description\":\"Euroresidentes\",\"potentialAction\":[{\"@type\":\"SearchAction\",\"target\":{\"@type\":\"EntryPoint\",\"urlTemplate\":\"https:\/\/www.euroresidentes.com\/entretenimiento\/actualidad\/?s={search_term_string}\"},\"query-input\":{\"@type\":\"PropertyValueSpecification\",\"valueRequired\":true,\"valueName\":\"search_term_string\"}}],\"inLanguage\":\"es\"},{\"@type\":\"Person\",\"@id\":\"https:\/\/www.euroresidentes.com\/entretenimiento\/actualidad\/#\/schema\/person\/e41441f91af6208631ba0be4ea9c5f01\",\"name\":\"Euroresidentes\",\"image\":{\"@type\":\"ImageObject\",\"inLanguage\":\"es\",\"@id\":\"https:\/\/www.euroresidentes.com\/entretenimiento\/actualidad\/#\/schema\/person\/image\/\",\"url\":\"https:\/\/www.euroresidentes.com\/entretenimiento\/actualidad\/wp-content\/uploads\/sites\/24\/2016\/09\/logo-euroresidentes-150x150.jpg\",\"contentUrl\":\"https:\/\/www.euroresidentes.com\/entretenimiento\/actualidad\/wp-content\/uploads\/sites\/24\/2016\/09\/logo-euroresidentes-150x150.jpg\",\"caption\":\"Euroresidentes\"},\"description\":\"Euroresidentes\",\"sameAs\":[\"https:\/\/www.euroresidentes.com\/info.htm\"],\"url\":\"https:\/\/www.euroresidentes.com\/entretenimiento\/actualidad\/author\/euroresidentes\/\"}]}<\/script>\n<!-- \/ Yoast SEO plugin. -->","yoast_head_json":{"title":"Fiestas pol\u00e9micas en Espa\u00f1a - Actualidad: famosos, \u00e9xitos, deportes...","robots":{"index":"index","follow":"follow","max-snippet":"max-snippet:-1","max-image-preview":"max-image-preview:large","max-video-preview":"max-video-preview:-1"},"canonical":"https:\/\/www.euroresidentes.com\/entretenimiento\/actualidad\/fiestas-polmicas-en-espaa\/","og_locale":"es_ES","og_type":"article","og_title":"Fiestas pol\u00e9micas en Espa\u00f1a - Actualidad: famosos, \u00e9xitos, deportes...","og_description":"Fiestas cruentas con animales en Espa\u00f1a La fiesta de los toros es la m\u00e1s conocida y extendida en toda Espa\u00f1a. Es llamada \u00abla fiesta nacional\u00bb. Pero en los pueblos de toda Espa\u00f1a se celebran fiestas menos conocidas que comportan agresiones y maltrato a diversos tipos de animales. Afortunadamente en los \u00faltimos a\u00f1os algunas han sido erradicadas\u00a0pero\u00a0otras persisten, pese a las activas protestas de miembros de asociaciones de defensa de los animales e incluso multas de las autoridades locales u auton\u00f3micas. Toro de la Vega de Tordesillas (Valladolid) Fiesta de origen medieval cuyo ritual empieza con la suelta de un toro","og_url":"https:\/\/www.euroresidentes.com\/entretenimiento\/actualidad\/fiestas-polmicas-en-espaa\/","og_site_name":"Actualidad: famosos, \u00e9xitos, deportes...","article_publisher":"https:\/\/www.facebook.com\/euroresidentes\/","article_published_time":"2007-09-12T04:37:00+00:00","article_modified_time":"2016-03-21T14:56:12+00:00","og_image":[{"width":700,"height":525,"url":"https:\/\/www.euroresidentes.com\/entretenimiento\/actualidad\/wp-content\/uploads\/sites\/24\/2007\/09\/fiestas-crueles-animales-espana.jpg","type":"image\/jpeg"}],"author":"Euroresidentes","twitter_card":"summary_large_image","twitter_misc":{"Written by":"Euroresidentes","Est. reading time":"5 minutos"},"schema":{"@context":"https:\/\/schema.org","@graph":[{"@type":"WebPage","@id":"https:\/\/www.euroresidentes.com\/entretenimiento\/actualidad\/fiestas-polmicas-en-espaa\/","url":"https:\/\/www.euroresidentes.com\/entretenimiento\/actualidad\/fiestas-polmicas-en-espaa\/","name":"Fiestas pol\u00e9micas en Espa\u00f1a - Actualidad: famosos, \u00e9xitos, deportes...","isPartOf":{"@id":"https:\/\/www.euroresidentes.com\/entretenimiento\/actualidad\/#website"},"primaryImageOfPage":{"@id":"https:\/\/www.euroresidentes.com\/entretenimiento\/actualidad\/fiestas-polmicas-en-espaa\/#primaryimage"},"image":{"@id":"https:\/\/www.euroresidentes.com\/entretenimiento\/actualidad\/fiestas-polmicas-en-espaa\/#primaryimage"},"thumbnailUrl":"https:\/\/www.euroresidentes.com\/entretenimiento\/actualidad\/wp-content\/uploads\/sites\/24\/2007\/09\/fiestas-crueles-animales-espana.jpg","datePublished":"2007-09-12T04:37:00+00:00","dateModified":"2016-03-21T14:56:12+00:00","author":{"@id":"https:\/\/www.euroresidentes.com\/entretenimiento\/actualidad\/#\/schema\/person\/e41441f91af6208631ba0be4ea9c5f01"},"breadcrumb":{"@id":"https:\/\/www.euroresidentes.com\/entretenimiento\/actualidad\/fiestas-polmicas-en-espaa\/#breadcrumb"},"inLanguage":"es","potentialAction":[{"@type":"ReadAction","target":["https:\/\/www.euroresidentes.com\/entretenimiento\/actualidad\/fiestas-polmicas-en-espaa\/"]}]},{"@type":"ImageObject","inLanguage":"es","@id":"https:\/\/www.euroresidentes.com\/entretenimiento\/actualidad\/fiestas-polmicas-en-espaa\/#primaryimage","url":"https:\/\/www.euroresidentes.com\/entretenimiento\/actualidad\/wp-content\/uploads\/sites\/24\/2007\/09\/fiestas-crueles-animales-espana.jpg","contentUrl":"https:\/\/www.euroresidentes.com\/entretenimiento\/actualidad\/wp-content\/uploads\/sites\/24\/2007\/09\/fiestas-crueles-animales-espana.jpg","width":700,"height":525,"caption":"fiesta pol\u00e9micas en Espa\u00f1a con animales"},{"@type":"BreadcrumbList","@id":"https:\/\/www.euroresidentes.com\/entretenimiento\/actualidad\/fiestas-polmicas-en-espaa\/#breadcrumb","itemListElement":[{"@type":"ListItem","position":1,"name":"Portada","item":"https:\/\/www.euroresidentes.com\/entretenimiento\/actualidad\/"},{"@type":"ListItem","position":2,"name":"Fiestas pol\u00e9micas en Espa\u00f1a"}]},{"@type":"WebSite","@id":"https:\/\/www.euroresidentes.com\/entretenimiento\/actualidad\/#website","url":"https:\/\/www.euroresidentes.com\/entretenimiento\/actualidad\/","name":"Actualidad: famosos, \u00e9xitos, deportes...","description":"Euroresidentes","potentialAction":[{"@type":"SearchAction","target":{"@type":"EntryPoint","urlTemplate":"https:\/\/www.euroresidentes.com\/entretenimiento\/actualidad\/?s={search_term_string}"},"query-input":{"@type":"PropertyValueSpecification","valueRequired":true,"valueName":"search_term_string"}}],"inLanguage":"es"},{"@type":"Person","@id":"https:\/\/www.euroresidentes.com\/entretenimiento\/actualidad\/#\/schema\/person\/e41441f91af6208631ba0be4ea9c5f01","name":"Euroresidentes","image":{"@type":"ImageObject","inLanguage":"es","@id":"https:\/\/www.euroresidentes.com\/entretenimiento\/actualidad\/#\/schema\/person\/image\/","url":"https:\/\/www.euroresidentes.com\/entretenimiento\/actualidad\/wp-content\/uploads\/sites\/24\/2016\/09\/logo-euroresidentes-150x150.jpg","contentUrl":"https:\/\/www.euroresidentes.com\/entretenimiento\/actualidad\/wp-content\/uploads\/sites\/24\/2016\/09\/logo-euroresidentes-150x150.jpg","caption":"Euroresidentes"},"description":"Euroresidentes","sameAs":["https:\/\/www.euroresidentes.com\/info.htm"],"url":"https:\/\/www.euroresidentes.com\/entretenimiento\/actualidad\/author\/euroresidentes\/"}]}},"_links":{"self":[{"href":"https:\/\/www.euroresidentes.com\/entretenimiento\/actualidad\/wp-json\/wp\/v2\/posts\/661","targetHints":{"allow":["GET"]}}],"collection":[{"href":"https:\/\/www.euroresidentes.com\/entretenimiento\/actualidad\/wp-json\/wp\/v2\/posts"}],"about":[{"href":"https:\/\/www.euroresidentes.com\/entretenimiento\/actualidad\/wp-json\/wp\/v2\/types\/post"}],"author":[{"embeddable":true,"href":"https:\/\/www.euroresidentes.com\/entretenimiento\/actualidad\/wp-json\/wp\/v2\/users\/1"}],"replies":[{"embeddable":true,"href":"https:\/\/www.euroresidentes.com\/entretenimiento\/actualidad\/wp-json\/wp\/v2\/comments?post=661"}],"version-history":[{"count":7,"href":"https:\/\/www.euroresidentes.com\/entretenimiento\/actualidad\/wp-json\/wp\/v2\/posts\/661\/revisions"}],"predecessor-version":[{"id":1852,"href":"https:\/\/www.euroresidentes.com\/entretenimiento\/actualidad\/wp-json\/wp\/v2\/posts\/661\/revisions\/1852"}],"wp:featuredmedia":[{"embeddable":true,"href":"https:\/\/www.euroresidentes.com\/entretenimiento\/actualidad\/wp-json\/wp\/v2\/media\/1851"}],"wp:attachment":[{"href":"https:\/\/www.euroresidentes.com\/entretenimiento\/actualidad\/wp-json\/wp\/v2\/media?parent=661"}],"wp:term":[{"taxonomy":"category","embeddable":true,"href":"https:\/\/www.euroresidentes.com\/entretenimiento\/actualidad\/wp-json\/wp\/v2\/categories?post=661"},{"taxonomy":"post_tag","embeddable":true,"href":"https:\/\/www.euroresidentes.com\/entretenimiento\/actualidad\/wp-json\/wp\/v2\/tags?post=661"}],"curies":[{"name":"wp","href":"https:\/\/api.w.org\/{rel}","templated":true}]}}