{"id":659,"date":"2007-09-21T09:19:00","date_gmt":"2007-09-21T09:19:00","guid":{"rendered":"https:\/\/www.euroresidentes.com\/entretenimiento\/actualidad\/espaa-y-sus-palmeras"},"modified":"2016-02-23T16:08:12","modified_gmt":"2016-02-23T16:08:12","slug":"espaa-y-sus-palmeras","status":"publish","type":"post","link":"https:\/\/www.euroresidentes.com\/entretenimiento\/actualidad\/espaa-y-sus-palmeras\/","title":{"rendered":"Espa\u00f1a y sus palmeras"},"content":{"rendered":"<p><a><img decoding=\"async\" style=\"margin: 5px 5px 10px 10px; float: left; cursor: pointer;\" src=\"http:\/\/fotos.euroresidentes.com\/fotos\/paisajes\/atardecer-en-un-rio\/thumbnails\/tnAtardecer-en-el-rio%20%2805%29.jpg\" alt=\"\" border=\"0\" \/><\/a>Los espa\u00f1oles quiz\u00e1s no son del todo conscientes del valor patrimonial de sus palmeras, y eso que la UNESCO declar\u00f3 Patrimonio de la Humanidad al Palmeral de Elche en el a\u00f1o 2000. Los or\u00edgenes del Palmeral de Elche se remontan a los cultivos de los cartagineses, romanos, etc.<\/p>\n<p>Se trata del palmeral m\u00e1s grande de Europa, y en el mundo s\u00f3lo le superan en extensi\u00f3n algunos palmerales de pa\u00edses \u00e1rabes. Cientos de visitantes extranjeros diarios quedan realmente impresionados al contemplar esta estraordinaria riqueza integrada en los huertos de un conjunto urbano, lo que incrementa a\u00fan m\u00e1s su valor. No hay jardines tan singulares en toda Europa.<\/p>\n<p>La Palmera: descubrimiento y asombro<\/p>\n<p>Sin embargo, los espa\u00f1oles no han hecho  marketing sobre sus palmeras. Hay muchos s\u00edmbolos de Espa\u00f1a que se recuerdan en el extranjero, pero muy pocos europeos, latinoamericanos o estadounidenses asociar\u00edan el nombre de Espa\u00f1a a las palmeras. Apenas hay libros interesantes, escasa fotograf\u00eda y las aportaciones ib\u00e9ricas suelen ser muy t\u00f3picas en torno a este bello \u00e1rbol.<\/p>\n<p>Quiz\u00e1s a partir de ahora las cosas cambien. La Diputaci\u00f3n de Alicante acaba de publicar una obra excepcional: \u00abLa Palmera: Descubrimiento y asombro\u00bb. El t\u00edtulo es una buena s\u00edntesis de lo que dec\u00edamos. La palmera en Espa\u00f1a hay que redescubrirla con los ojos que saben realmente verla en profundidad y, por tanto,  descubrirla nuevamente, casi partiendo desde cero. Y asombro, efectivamente, es la palabra correcta. Es inmensa la belleza y arte que contiene la palmera hasta el punto de fascinar a los que la redescubren con la ayuda de este libro.<\/p>\n<p>Sol P\u00e9rez y las palmeras<\/p>\n<p><a style=\"font-weight: bold;\" href=\"http:\/\/www.euroresidentes.org\/sol\/sol-perez.html\">Sol P\u00e9rez<\/a>, la autora de la citada obra, recoge una impresionante fotograf\u00eda sobre la palmera. Sol lleva muchos a\u00f1os estudiando, conviviendo y analizando la palmera. Casi no hay secretos para ella. La viene observando al lado de un r\u00edo, al atardecer, al amanecer, durante las cuatro estaciones del a\u00f1o, por dentro y por fuera. Sabe de su nacimiento, sus frutos y su muerte. Y puede desarrollar un aut\u00e9ntico tratado art\u00edstico sobre la palmera, sus paisajes y su maridaje con la luz. Sensibilidad, profundidad y conocimiento son tres ingredientes que est\u00e1n presentes en cada p\u00e1gina de este bello libro.<\/p>\n<p>Efectivamente la palmera deb\u00eda encontrar una autora con talento. Esta oportuna e inteligente obra editada por la Diputaci\u00f3n de Alicante proyectar\u00e1 a las palmeras espa\u00f1olas en todo el mundo. A buen seguro crear\u00e1 un antes y un despu\u00e9s en la forma en la que son vistas las palmeras en Europa y en la valoraci\u00f3n de la riqueza patrimonial que representa la palmera en Espa\u00f1a. Un valiosa imagen a capitalizar en un pa\u00eds donde el turismo es una de sus principales fuentes de riqueza y motor de actividades como la inmobiliaria.<\/p>\n<p>Acto de presentaci\u00f3n<\/p>\n<p>Presentaci\u00f3n del libro de Sol P\u00e9rez:  \u00abLa Palmera: descubrimiento y asombro\u00bb. Jueves 27 de Septiembre. Universidad de Alicante. Sede Ciudad de Alicante, Ram\u00f3n y Cajal 4, 03001 Alicante. Con la intervenci\u00f3n de los profesores Jos\u00e9 Luis Ferris (UMH), Evangelina Rodr\u00edguez (UA) y la autora Sol P\u00e9rez. Textos de la obra <a href=\"http:\/\/www.euroresidentes.com\/equipo\/lola.htm\">Lola Peir\u00f3<\/a>.<\/p>\n<p>Enlaces e informaci\u00f3n sobre la autora y las palmeras<\/p>\n<ul>\n<li><a href=\"http:\/\/www.euroresidentes.org\/sol\/\"><img decoding=\"async\" style=\"margin: 5px 5px 10px 10px; float: right; cursor: pointer; width: 152px; height: 106px;\" src=\"http:\/\/fotos.euroresidentes.com\/fotos\/paisajes\/atardecer-en-un-rio\/thumbnails\/tnAtardecer-en-el-rio%20%2806%29.jpg\" alt=\"\" border=\"0\" \/>Sol P\u00e9rez<\/a><\/li>\n<li><a href=\"http:\/\/www.euroresidentes.com\/jardineria\/palmeras\/palmeras.htm\">Palmeras<\/a><\/li>\n<li><a href=\"http:\/\/fotos.euroresidentes.com\/fotos\/alicante_2\/elche\/\">Fotos de palmeras (Elche)<\/a><\/li>\n<li><a href=\"http:\/\/fotos.euroresidentes.com\/fotos\/plantas\/palmeras\/paisajes-palmeras\/\">Fotos de paisajes de palmeras<\/a><\/li>\n<li><a href=\"http:\/\/fotos.euroresidentes.com\/fotos\/plantas\/palmeras\/palmeras-al-amanecer\/\">Fotos de palmeras al amanecer<\/a><\/li>\n<li><a href=\"http:\/\/fotos.euroresidentes.com\/fotos\/plantas\/palmeras\/palmeras-al-atardecer\/\">Fotos de palmeras al atardecer<\/a><\/li>\n<li><a href=\"http:\/\/fotos.euroresidentes.com\/fotos\/plantas\/palmeras\/huertos-palmeras-elche\/\">Fotos del Palmeral de Elche<\/a><\/li>\n<li><a href=\"http:\/\/fotos.euroresidentes.com\/fotos\/paisajes\/atardecer-en-un-rio\/\">Fotos al atardecer en un r\u00edo (Elche)<\/a><\/li>\n<\/ul>\n","protected":false},"excerpt":{"rendered":"<p>Los espa\u00f1oles quiz\u00e1s no son del todo conscientes del valor patrimonial de sus palmeras, y eso que la UNESCO declar\u00f3 Patrimonio de la Humanidad al Palmeral de Elche en el a\u00f1o 2000. Los or\u00edgenes del Palmeral de Elche se remontan a los cultivos de los cartagineses, romanos, etc. Se trata del palmeral m\u00e1s grande de Europa, y en el mundo s\u00f3lo le superan en extensi\u00f3n algunos palmerales de pa\u00edses \u00e1rabes. Cientos de visitantes extranjeros diarios quedan realmente impresionados al contemplar esta estraordinaria riqueza integrada en los huertos de un conjunto urbano, lo que incrementa a\u00fan m\u00e1s su valor. No hay <\/p>\n","protected":false},"author":1,"featured_media":1611,"comment_status":"open","ping_status":"open","sticky":false,"template":"","format":"standard","meta":{"footnotes":""},"categories":[1],"tags":[32,49],"class_list":["post-659","post","type-post","status-publish","format-standard","has-post-thumbnail","hentry","category-general","tag-cultura","tag-turismo","has_thumb"],"yoast_head":"<!-- This site is optimized with the Yoast SEO plugin v24.1 - https:\/\/yoast.com\/wordpress\/plugins\/seo\/ -->\n<title>Espa\u00f1a y sus palmeras - Actualidad: famosos, \u00e9xitos, deportes...<\/title>\n<meta name=\"robots\" content=\"index, follow, max-snippet:-1, max-image-preview:large, max-video-preview:-1\" \/>\n<link rel=\"canonical\" href=\"https:\/\/www.euroresidentes.com\/entretenimiento\/actualidad\/espaa-y-sus-palmeras\/\" \/>\n<meta property=\"og:locale\" content=\"es_ES\" \/>\n<meta property=\"og:type\" content=\"article\" \/>\n<meta property=\"og:title\" content=\"Espa\u00f1a y sus palmeras - Actualidad: famosos, \u00e9xitos, deportes...\" \/>\n<meta property=\"og:description\" content=\"Los espa\u00f1oles quiz\u00e1s no son del todo conscientes del valor patrimonial de sus palmeras, y eso que la UNESCO declar\u00f3 Patrimonio de la Humanidad al Palmeral de Elche en el a\u00f1o 2000. Los or\u00edgenes del Palmeral de Elche se remontan a los cultivos de los cartagineses, romanos, etc. Se trata del palmeral m\u00e1s grande de Europa, y en el mundo s\u00f3lo le superan en extensi\u00f3n algunos palmerales de pa\u00edses \u00e1rabes. Cientos de visitantes extranjeros diarios quedan realmente impresionados al contemplar esta estraordinaria riqueza integrada en los huertos de un conjunto urbano, lo que incrementa a\u00fan m\u00e1s su valor. No hay\" \/>\n<meta property=\"og:url\" content=\"https:\/\/www.euroresidentes.com\/entretenimiento\/actualidad\/espaa-y-sus-palmeras\/\" \/>\n<meta property=\"og:site_name\" content=\"Actualidad: famosos, \u00e9xitos, deportes...\" \/>\n<meta property=\"article:publisher\" content=\"https:\/\/www.facebook.com\/euroresidentes\/\" \/>\n<meta property=\"article:published_time\" content=\"2007-09-21T09:19:00+00:00\" \/>\n<meta property=\"article:modified_time\" content=\"2016-02-23T16:08:12+00:00\" \/>\n<meta property=\"og:image\" content=\"https:\/\/www.euroresidentes.com\/entretenimiento\/actualidad\/wp-content\/uploads\/sites\/24\/2007\/09\/tnAtardecer-en-el-rio-05.jpg\" \/>\n\t<meta property=\"og:image:width\" content=\"91\" \/>\n\t<meta property=\"og:image:height\" content=\"130\" \/>\n\t<meta property=\"og:image:type\" content=\"image\/jpeg\" \/>\n<meta name=\"author\" content=\"Euroresidentes\" \/>\n<meta name=\"twitter:card\" content=\"summary_large_image\" \/>\n<meta name=\"twitter:label1\" content=\"Written by\" \/>\n\t<meta name=\"twitter:data1\" content=\"Euroresidentes\" \/>\n\t<meta name=\"twitter:label2\" content=\"Est. reading time\" \/>\n\t<meta name=\"twitter:data2\" content=\"3 minutos\" \/>\n<script type=\"application\/ld+json\" class=\"yoast-schema-graph\">{\"@context\":\"https:\/\/schema.org\",\"@graph\":[{\"@type\":\"WebPage\",\"@id\":\"https:\/\/www.euroresidentes.com\/entretenimiento\/actualidad\/espaa-y-sus-palmeras\/\",\"url\":\"https:\/\/www.euroresidentes.com\/entretenimiento\/actualidad\/espaa-y-sus-palmeras\/\",\"name\":\"Espa\u00f1a y sus palmeras - Actualidad: famosos, \u00e9xitos, deportes...\",\"isPartOf\":{\"@id\":\"https:\/\/www.euroresidentes.com\/entretenimiento\/actualidad\/#website\"},\"primaryImageOfPage\":{\"@id\":\"https:\/\/www.euroresidentes.com\/entretenimiento\/actualidad\/espaa-y-sus-palmeras\/#primaryimage\"},\"image\":{\"@id\":\"https:\/\/www.euroresidentes.com\/entretenimiento\/actualidad\/espaa-y-sus-palmeras\/#primaryimage\"},\"thumbnailUrl\":\"https:\/\/www.euroresidentes.com\/entretenimiento\/actualidad\/wp-content\/uploads\/sites\/24\/2007\/09\/tnAtardecer-en-el-rio-05.jpg\",\"datePublished\":\"2007-09-21T09:19:00+00:00\",\"dateModified\":\"2016-02-23T16:08:12+00:00\",\"author\":{\"@id\":\"https:\/\/www.euroresidentes.com\/entretenimiento\/actualidad\/#\/schema\/person\/e41441f91af6208631ba0be4ea9c5f01\"},\"breadcrumb\":{\"@id\":\"https:\/\/www.euroresidentes.com\/entretenimiento\/actualidad\/espaa-y-sus-palmeras\/#breadcrumb\"},\"inLanguage\":\"es\",\"potentialAction\":[{\"@type\":\"ReadAction\",\"target\":[\"https:\/\/www.euroresidentes.com\/entretenimiento\/actualidad\/espaa-y-sus-palmeras\/\"]}]},{\"@type\":\"ImageObject\",\"inLanguage\":\"es\",\"@id\":\"https:\/\/www.euroresidentes.com\/entretenimiento\/actualidad\/espaa-y-sus-palmeras\/#primaryimage\",\"url\":\"https:\/\/www.euroresidentes.com\/entretenimiento\/actualidad\/wp-content\/uploads\/sites\/24\/2007\/09\/tnAtardecer-en-el-rio-05.jpg\",\"contentUrl\":\"https:\/\/www.euroresidentes.com\/entretenimiento\/actualidad\/wp-content\/uploads\/sites\/24\/2007\/09\/tnAtardecer-en-el-rio-05.jpg\",\"width\":91,\"height\":130},{\"@type\":\"BreadcrumbList\",\"@id\":\"https:\/\/www.euroresidentes.com\/entretenimiento\/actualidad\/espaa-y-sus-palmeras\/#breadcrumb\",\"itemListElement\":[{\"@type\":\"ListItem\",\"position\":1,\"name\":\"Portada\",\"item\":\"https:\/\/www.euroresidentes.com\/entretenimiento\/actualidad\/\"},{\"@type\":\"ListItem\",\"position\":2,\"name\":\"Espa\u00f1a y sus palmeras\"}]},{\"@type\":\"WebSite\",\"@id\":\"https:\/\/www.euroresidentes.com\/entretenimiento\/actualidad\/#website\",\"url\":\"https:\/\/www.euroresidentes.com\/entretenimiento\/actualidad\/\",\"name\":\"Actualidad: famosos, \u00e9xitos, deportes...\",\"description\":\"Euroresidentes\",\"potentialAction\":[{\"@type\":\"SearchAction\",\"target\":{\"@type\":\"EntryPoint\",\"urlTemplate\":\"https:\/\/www.euroresidentes.com\/entretenimiento\/actualidad\/?s={search_term_string}\"},\"query-input\":{\"@type\":\"PropertyValueSpecification\",\"valueRequired\":true,\"valueName\":\"search_term_string\"}}],\"inLanguage\":\"es\"},{\"@type\":\"Person\",\"@id\":\"https:\/\/www.euroresidentes.com\/entretenimiento\/actualidad\/#\/schema\/person\/e41441f91af6208631ba0be4ea9c5f01\",\"name\":\"Euroresidentes\",\"image\":{\"@type\":\"ImageObject\",\"inLanguage\":\"es\",\"@id\":\"https:\/\/www.euroresidentes.com\/entretenimiento\/actualidad\/#\/schema\/person\/image\/\",\"url\":\"https:\/\/www.euroresidentes.com\/entretenimiento\/actualidad\/wp-content\/uploads\/sites\/24\/2016\/09\/logo-euroresidentes-150x150.jpg\",\"contentUrl\":\"https:\/\/www.euroresidentes.com\/entretenimiento\/actualidad\/wp-content\/uploads\/sites\/24\/2016\/09\/logo-euroresidentes-150x150.jpg\",\"caption\":\"Euroresidentes\"},\"description\":\"Euroresidentes\",\"sameAs\":[\"https:\/\/www.euroresidentes.com\/info.htm\"],\"url\":\"https:\/\/www.euroresidentes.com\/entretenimiento\/actualidad\/author\/euroresidentes\/\"}]}<\/script>\n<!-- \/ Yoast SEO plugin. -->","yoast_head_json":{"title":"Espa\u00f1a y sus palmeras - Actualidad: famosos, \u00e9xitos, deportes...","robots":{"index":"index","follow":"follow","max-snippet":"max-snippet:-1","max-image-preview":"max-image-preview:large","max-video-preview":"max-video-preview:-1"},"canonical":"https:\/\/www.euroresidentes.com\/entretenimiento\/actualidad\/espaa-y-sus-palmeras\/","og_locale":"es_ES","og_type":"article","og_title":"Espa\u00f1a y sus palmeras - Actualidad: famosos, \u00e9xitos, deportes...","og_description":"Los espa\u00f1oles quiz\u00e1s no son del todo conscientes del valor patrimonial de sus palmeras, y eso que la UNESCO declar\u00f3 Patrimonio de la Humanidad al Palmeral de Elche en el a\u00f1o 2000. Los or\u00edgenes del Palmeral de Elche se remontan a los cultivos de los cartagineses, romanos, etc. Se trata del palmeral m\u00e1s grande de Europa, y en el mundo s\u00f3lo le superan en extensi\u00f3n algunos palmerales de pa\u00edses \u00e1rabes. Cientos de visitantes extranjeros diarios quedan realmente impresionados al contemplar esta estraordinaria riqueza integrada en los huertos de un conjunto urbano, lo que incrementa a\u00fan m\u00e1s su valor. No hay","og_url":"https:\/\/www.euroresidentes.com\/entretenimiento\/actualidad\/espaa-y-sus-palmeras\/","og_site_name":"Actualidad: famosos, \u00e9xitos, deportes...","article_publisher":"https:\/\/www.facebook.com\/euroresidentes\/","article_published_time":"2007-09-21T09:19:00+00:00","article_modified_time":"2016-02-23T16:08:12+00:00","og_image":[{"width":91,"height":130,"url":"https:\/\/www.euroresidentes.com\/entretenimiento\/actualidad\/wp-content\/uploads\/sites\/24\/2007\/09\/tnAtardecer-en-el-rio-05.jpg","type":"image\/jpeg"}],"author":"Euroresidentes","twitter_card":"summary_large_image","twitter_misc":{"Written by":"Euroresidentes","Est. reading time":"3 minutos"},"schema":{"@context":"https:\/\/schema.org","@graph":[{"@type":"WebPage","@id":"https:\/\/www.euroresidentes.com\/entretenimiento\/actualidad\/espaa-y-sus-palmeras\/","url":"https:\/\/www.euroresidentes.com\/entretenimiento\/actualidad\/espaa-y-sus-palmeras\/","name":"Espa\u00f1a y sus palmeras - Actualidad: famosos, \u00e9xitos, deportes...","isPartOf":{"@id":"https:\/\/www.euroresidentes.com\/entretenimiento\/actualidad\/#website"},"primaryImageOfPage":{"@id":"https:\/\/www.euroresidentes.com\/entretenimiento\/actualidad\/espaa-y-sus-palmeras\/#primaryimage"},"image":{"@id":"https:\/\/www.euroresidentes.com\/entretenimiento\/actualidad\/espaa-y-sus-palmeras\/#primaryimage"},"thumbnailUrl":"https:\/\/www.euroresidentes.com\/entretenimiento\/actualidad\/wp-content\/uploads\/sites\/24\/2007\/09\/tnAtardecer-en-el-rio-05.jpg","datePublished":"2007-09-21T09:19:00+00:00","dateModified":"2016-02-23T16:08:12+00:00","author":{"@id":"https:\/\/www.euroresidentes.com\/entretenimiento\/actualidad\/#\/schema\/person\/e41441f91af6208631ba0be4ea9c5f01"},"breadcrumb":{"@id":"https:\/\/www.euroresidentes.com\/entretenimiento\/actualidad\/espaa-y-sus-palmeras\/#breadcrumb"},"inLanguage":"es","potentialAction":[{"@type":"ReadAction","target":["https:\/\/www.euroresidentes.com\/entretenimiento\/actualidad\/espaa-y-sus-palmeras\/"]}]},{"@type":"ImageObject","inLanguage":"es","@id":"https:\/\/www.euroresidentes.com\/entretenimiento\/actualidad\/espaa-y-sus-palmeras\/#primaryimage","url":"https:\/\/www.euroresidentes.com\/entretenimiento\/actualidad\/wp-content\/uploads\/sites\/24\/2007\/09\/tnAtardecer-en-el-rio-05.jpg","contentUrl":"https:\/\/www.euroresidentes.com\/entretenimiento\/actualidad\/wp-content\/uploads\/sites\/24\/2007\/09\/tnAtardecer-en-el-rio-05.jpg","width":91,"height":130},{"@type":"BreadcrumbList","@id":"https:\/\/www.euroresidentes.com\/entretenimiento\/actualidad\/espaa-y-sus-palmeras\/#breadcrumb","itemListElement":[{"@type":"ListItem","position":1,"name":"Portada","item":"https:\/\/www.euroresidentes.com\/entretenimiento\/actualidad\/"},{"@type":"ListItem","position":2,"name":"Espa\u00f1a y sus palmeras"}]},{"@type":"WebSite","@id":"https:\/\/www.euroresidentes.com\/entretenimiento\/actualidad\/#website","url":"https:\/\/www.euroresidentes.com\/entretenimiento\/actualidad\/","name":"Actualidad: famosos, \u00e9xitos, deportes...","description":"Euroresidentes","potentialAction":[{"@type":"SearchAction","target":{"@type":"EntryPoint","urlTemplate":"https:\/\/www.euroresidentes.com\/entretenimiento\/actualidad\/?s={search_term_string}"},"query-input":{"@type":"PropertyValueSpecification","valueRequired":true,"valueName":"search_term_string"}}],"inLanguage":"es"},{"@type":"Person","@id":"https:\/\/www.euroresidentes.com\/entretenimiento\/actualidad\/#\/schema\/person\/e41441f91af6208631ba0be4ea9c5f01","name":"Euroresidentes","image":{"@type":"ImageObject","inLanguage":"es","@id":"https:\/\/www.euroresidentes.com\/entretenimiento\/actualidad\/#\/schema\/person\/image\/","url":"https:\/\/www.euroresidentes.com\/entretenimiento\/actualidad\/wp-content\/uploads\/sites\/24\/2016\/09\/logo-euroresidentes-150x150.jpg","contentUrl":"https:\/\/www.euroresidentes.com\/entretenimiento\/actualidad\/wp-content\/uploads\/sites\/24\/2016\/09\/logo-euroresidentes-150x150.jpg","caption":"Euroresidentes"},"description":"Euroresidentes","sameAs":["https:\/\/www.euroresidentes.com\/info.htm"],"url":"https:\/\/www.euroresidentes.com\/entretenimiento\/actualidad\/author\/euroresidentes\/"}]}},"_links":{"self":[{"href":"https:\/\/www.euroresidentes.com\/entretenimiento\/actualidad\/wp-json\/wp\/v2\/posts\/659","targetHints":{"allow":["GET"]}}],"collection":[{"href":"https:\/\/www.euroresidentes.com\/entretenimiento\/actualidad\/wp-json\/wp\/v2\/posts"}],"about":[{"href":"https:\/\/www.euroresidentes.com\/entretenimiento\/actualidad\/wp-json\/wp\/v2\/types\/post"}],"author":[{"embeddable":true,"href":"https:\/\/www.euroresidentes.com\/entretenimiento\/actualidad\/wp-json\/wp\/v2\/users\/1"}],"replies":[{"embeddable":true,"href":"https:\/\/www.euroresidentes.com\/entretenimiento\/actualidad\/wp-json\/wp\/v2\/comments?post=659"}],"version-history":[{"count":1,"href":"https:\/\/www.euroresidentes.com\/entretenimiento\/actualidad\/wp-json\/wp\/v2\/posts\/659\/revisions"}],"predecessor-version":[{"id":1610,"href":"https:\/\/www.euroresidentes.com\/entretenimiento\/actualidad\/wp-json\/wp\/v2\/posts\/659\/revisions\/1610"}],"wp:featuredmedia":[{"embeddable":true,"href":"https:\/\/www.euroresidentes.com\/entretenimiento\/actualidad\/wp-json\/wp\/v2\/media\/1611"}],"wp:attachment":[{"href":"https:\/\/www.euroresidentes.com\/entretenimiento\/actualidad\/wp-json\/wp\/v2\/media?parent=659"}],"wp:term":[{"taxonomy":"category","embeddable":true,"href":"https:\/\/www.euroresidentes.com\/entretenimiento\/actualidad\/wp-json\/wp\/v2\/categories?post=659"},{"taxonomy":"post_tag","embeddable":true,"href":"https:\/\/www.euroresidentes.com\/entretenimiento\/actualidad\/wp-json\/wp\/v2\/tags?post=659"}],"curies":[{"name":"wp","href":"https:\/\/api.w.org\/{rel}","templated":true}]}}