{"id":657,"date":"2007-10-26T16:24:00","date_gmt":"2007-10-26T16:24:00","guid":{"rendered":"https:\/\/www.euroresidentes.com\/entretenimiento\/actualidad\/agresiones-racistas-en-espaa"},"modified":"2016-02-23T16:08:12","modified_gmt":"2016-02-23T16:08:12","slug":"agresiones-racistas-en-espaa","status":"publish","type":"post","link":"https:\/\/www.euroresidentes.com\/entretenimiento\/actualidad\/agresiones-racistas-en-espaa\/","title":{"rendered":"Agresiones racistas en Espa\u00f1a"},"content":{"rendered":"<p>Al parecer las agresiones racistas en Espa\u00f1a son m\u00e1s frecuentes de lo que llega a la opini\u00f3n p\u00fablica. El caso de una chica ecuatoriana brutal y mezquinamente agredida por un individuo ha destapado medi\u00e1ticamente un problema que quiz\u00e1s tiene m\u00e1s envergadura de la que los propios espa\u00f1oles creen o est\u00e1n dispuestos a admitir.<\/p>\n<p>Agresiones racistas frecuentes<\/p>\n<p>La c\u00e1mara de v\u00eddeo del vag\u00f3n del metro fue testigo de una agresi\u00f3n gratuita, xen\u00f3foba a una menor de raza ecuatoriana en el metro de Barcelona y que ha dado la vuelta a media Espa\u00f1a a trav\u00e9s de la totalidad de los emdios de comunicaci\u00f3n. Para sorpresa de estos el juez dej\u00f3 en libertad al acusado y en estos momentos la fiscal\u00eda est\u00e1 recurriendo la decisi\u00f3n de la juez de dejar en libertad al agresor de la menor ecuatoriana agredida.<\/p>\n<p>Pero el la difusi\u00f3n medi\u00e1tica del caso ha revelado otras situaciones de mayor gravedad a las que parece que la justicia no es muy proclive a prestar la debida atenci\u00f3n. El diario El Pa\u00eds recoge hoy con el titular \u00bfY si la agresi\u00f3n no sale en la tele? el caso de un congole\u00f1o que qued\u00f3 tetrapl\u00e9jico de por vida en Madrid a causa de un golpe de un joven neonazi. Pese a los perjuicios de tal brutal agresi\u00f3n, ocho meses despu\u00e9s, la fiscal\u00eda todav\u00eda no ha presentado acusaci\u00f3n.<\/p>\n<p>Denunciar las agresiones racistas<\/p>\n<p>Algunas ONGs est\u00e1n intentando movilizar para la toma de conciencia de la sociedad espa\u00f1ola de este grav\u00edsimo problema. Asi por ejemplo, <a href=\"http:\/\/www.movimientocontralaintolerancia.com\/\">Movimiento contra la Intolerancia<\/a> ha habilitado un tel\u00e9fono <b>902 180 995<\/b> para que las v\u00edctimas de este tipo de agresiones las denuncien \u00abaunque no tengan papeles\u00bb.<\/p>\n<p>V\u00eddeo de la agresi\u00f3n (Ferrocarriles de Barcelona)<\/p>\n<p>Temas relacionados con agresiones racistas en en Espa\u00f1a<\/p>\n<ul>\n<li>Tel\u00e9fono denuncias de agresiones racistas: 902 180 995<\/li>\n<li><a href=\"http:\/\/80.34.125.99\/phpBB2\/viewforum.php?f=22\">Foro inmigrantes<\/a><\/li>\n<\/ul>\n","protected":false},"excerpt":{"rendered":"<p>Al parecer las agresiones racistas en Espa\u00f1a son m\u00e1s frecuentes de lo que llega a la opini\u00f3n p\u00fablica. El caso de una chica ecuatoriana brutal y mezquinamente agredida por un individuo ha destapado medi\u00e1ticamente un problema que quiz\u00e1s tiene m\u00e1s envergadura de la que los propios espa\u00f1oles creen o est\u00e1n dispuestos a admitir. Agresiones racistas frecuentes La c\u00e1mara de v\u00eddeo del vag\u00f3n del metro fue testigo de una agresi\u00f3n gratuita, xen\u00f3foba a una menor de raza ecuatoriana en el metro de Barcelona y que ha dado la vuelta a media Espa\u00f1a a trav\u00e9s de la totalidad de los emdios de <\/p>\n","protected":false},"author":1,"featured_media":0,"comment_status":"open","ping_status":"open","sticky":false,"template":"","format":"standard","meta":{"footnotes":""},"categories":[1],"tags":[47],"class_list":["post-657","post","type-post","status-publish","format-standard","hentry","category-general","tag-inmigrantes"],"yoast_head":"<!-- This site is optimized with the Yoast SEO plugin v24.1 - https:\/\/yoast.com\/wordpress\/plugins\/seo\/ -->\n<title>Agresiones racistas en Espa\u00f1a - Actualidad: famosos, \u00e9xitos, deportes...<\/title>\n<meta name=\"robots\" content=\"index, follow, max-snippet:-1, max-image-preview:large, max-video-preview:-1\" \/>\n<link rel=\"canonical\" href=\"https:\/\/www.euroresidentes.com\/entretenimiento\/actualidad\/agresiones-racistas-en-espaa\/\" \/>\n<meta property=\"og:locale\" content=\"es_ES\" \/>\n<meta property=\"og:type\" content=\"article\" \/>\n<meta property=\"og:title\" content=\"Agresiones racistas en Espa\u00f1a - Actualidad: famosos, \u00e9xitos, deportes...\" \/>\n<meta property=\"og:description\" content=\"Al parecer las agresiones racistas en Espa\u00f1a son m\u00e1s frecuentes de lo que llega a la opini\u00f3n p\u00fablica. El caso de una chica ecuatoriana brutal y mezquinamente agredida por un individuo ha destapado medi\u00e1ticamente un problema que quiz\u00e1s tiene m\u00e1s envergadura de la que los propios espa\u00f1oles creen o est\u00e1n dispuestos a admitir. Agresiones racistas frecuentes La c\u00e1mara de v\u00eddeo del vag\u00f3n del metro fue testigo de una agresi\u00f3n gratuita, xen\u00f3foba a una menor de raza ecuatoriana en el metro de Barcelona y que ha dado la vuelta a media Espa\u00f1a a trav\u00e9s de la totalidad de los emdios de\" \/>\n<meta property=\"og:url\" content=\"https:\/\/www.euroresidentes.com\/entretenimiento\/actualidad\/agresiones-racistas-en-espaa\/\" \/>\n<meta property=\"og:site_name\" content=\"Actualidad: famosos, \u00e9xitos, deportes...\" \/>\n<meta property=\"article:publisher\" content=\"https:\/\/www.facebook.com\/euroresidentes\/\" \/>\n<meta property=\"article:published_time\" content=\"2007-10-26T16:24:00+00:00\" \/>\n<meta property=\"article:modified_time\" content=\"2016-02-23T16:08:12+00:00\" \/>\n<meta name=\"author\" content=\"Euroresidentes\" \/>\n<meta name=\"twitter:card\" content=\"summary_large_image\" \/>\n<meta name=\"twitter:label1\" content=\"Written by\" \/>\n\t<meta name=\"twitter:data1\" content=\"Euroresidentes\" \/>\n\t<meta name=\"twitter:label2\" content=\"Est. reading time\" \/>\n\t<meta name=\"twitter:data2\" content=\"2 minutos\" \/>\n<script type=\"application\/ld+json\" class=\"yoast-schema-graph\">{\"@context\":\"https:\/\/schema.org\",\"@graph\":[{\"@type\":\"WebPage\",\"@id\":\"https:\/\/www.euroresidentes.com\/entretenimiento\/actualidad\/agresiones-racistas-en-espaa\/\",\"url\":\"https:\/\/www.euroresidentes.com\/entretenimiento\/actualidad\/agresiones-racistas-en-espaa\/\",\"name\":\"Agresiones racistas en Espa\u00f1a - Actualidad: famosos, \u00e9xitos, deportes...\",\"isPartOf\":{\"@id\":\"https:\/\/www.euroresidentes.com\/entretenimiento\/actualidad\/#website\"},\"datePublished\":\"2007-10-26T16:24:00+00:00\",\"dateModified\":\"2016-02-23T16:08:12+00:00\",\"author\":{\"@id\":\"https:\/\/www.euroresidentes.com\/entretenimiento\/actualidad\/#\/schema\/person\/e41441f91af6208631ba0be4ea9c5f01\"},\"breadcrumb\":{\"@id\":\"https:\/\/www.euroresidentes.com\/entretenimiento\/actualidad\/agresiones-racistas-en-espaa\/#breadcrumb\"},\"inLanguage\":\"es\",\"potentialAction\":[{\"@type\":\"ReadAction\",\"target\":[\"https:\/\/www.euroresidentes.com\/entretenimiento\/actualidad\/agresiones-racistas-en-espaa\/\"]}]},{\"@type\":\"BreadcrumbList\",\"@id\":\"https:\/\/www.euroresidentes.com\/entretenimiento\/actualidad\/agresiones-racistas-en-espaa\/#breadcrumb\",\"itemListElement\":[{\"@type\":\"ListItem\",\"position\":1,\"name\":\"Portada\",\"item\":\"https:\/\/www.euroresidentes.com\/entretenimiento\/actualidad\/\"},{\"@type\":\"ListItem\",\"position\":2,\"name\":\"Agresiones racistas en Espa\u00f1a\"}]},{\"@type\":\"WebSite\",\"@id\":\"https:\/\/www.euroresidentes.com\/entretenimiento\/actualidad\/#website\",\"url\":\"https:\/\/www.euroresidentes.com\/entretenimiento\/actualidad\/\",\"name\":\"Actualidad: famosos, \u00e9xitos, deportes...\",\"description\":\"Euroresidentes\",\"potentialAction\":[{\"@type\":\"SearchAction\",\"target\":{\"@type\":\"EntryPoint\",\"urlTemplate\":\"https:\/\/www.euroresidentes.com\/entretenimiento\/actualidad\/?s={search_term_string}\"},\"query-input\":{\"@type\":\"PropertyValueSpecification\",\"valueRequired\":true,\"valueName\":\"search_term_string\"}}],\"inLanguage\":\"es\"},{\"@type\":\"Person\",\"@id\":\"https:\/\/www.euroresidentes.com\/entretenimiento\/actualidad\/#\/schema\/person\/e41441f91af6208631ba0be4ea9c5f01\",\"name\":\"Euroresidentes\",\"image\":{\"@type\":\"ImageObject\",\"inLanguage\":\"es\",\"@id\":\"https:\/\/www.euroresidentes.com\/entretenimiento\/actualidad\/#\/schema\/person\/image\/\",\"url\":\"https:\/\/www.euroresidentes.com\/entretenimiento\/actualidad\/wp-content\/uploads\/sites\/24\/2016\/09\/logo-euroresidentes-150x150.jpg\",\"contentUrl\":\"https:\/\/www.euroresidentes.com\/entretenimiento\/actualidad\/wp-content\/uploads\/sites\/24\/2016\/09\/logo-euroresidentes-150x150.jpg\",\"caption\":\"Euroresidentes\"},\"description\":\"Euroresidentes\",\"sameAs\":[\"https:\/\/www.euroresidentes.com\/info.htm\"],\"url\":\"https:\/\/www.euroresidentes.com\/entretenimiento\/actualidad\/author\/euroresidentes\/\"}]}<\/script>\n<!-- \/ Yoast SEO plugin. -->","yoast_head_json":{"title":"Agresiones racistas en Espa\u00f1a - Actualidad: famosos, \u00e9xitos, deportes...","robots":{"index":"index","follow":"follow","max-snippet":"max-snippet:-1","max-image-preview":"max-image-preview:large","max-video-preview":"max-video-preview:-1"},"canonical":"https:\/\/www.euroresidentes.com\/entretenimiento\/actualidad\/agresiones-racistas-en-espaa\/","og_locale":"es_ES","og_type":"article","og_title":"Agresiones racistas en Espa\u00f1a - Actualidad: famosos, \u00e9xitos, deportes...","og_description":"Al parecer las agresiones racistas en Espa\u00f1a son m\u00e1s frecuentes de lo que llega a la opini\u00f3n p\u00fablica. El caso de una chica ecuatoriana brutal y mezquinamente agredida por un individuo ha destapado medi\u00e1ticamente un problema que quiz\u00e1s tiene m\u00e1s envergadura de la que los propios espa\u00f1oles creen o est\u00e1n dispuestos a admitir. Agresiones racistas frecuentes La c\u00e1mara de v\u00eddeo del vag\u00f3n del metro fue testigo de una agresi\u00f3n gratuita, xen\u00f3foba a una menor de raza ecuatoriana en el metro de Barcelona y que ha dado la vuelta a media Espa\u00f1a a trav\u00e9s de la totalidad de los emdios de","og_url":"https:\/\/www.euroresidentes.com\/entretenimiento\/actualidad\/agresiones-racistas-en-espaa\/","og_site_name":"Actualidad: famosos, \u00e9xitos, deportes...","article_publisher":"https:\/\/www.facebook.com\/euroresidentes\/","article_published_time":"2007-10-26T16:24:00+00:00","article_modified_time":"2016-02-23T16:08:12+00:00","author":"Euroresidentes","twitter_card":"summary_large_image","twitter_misc":{"Written by":"Euroresidentes","Est. reading time":"2 minutos"},"schema":{"@context":"https:\/\/schema.org","@graph":[{"@type":"WebPage","@id":"https:\/\/www.euroresidentes.com\/entretenimiento\/actualidad\/agresiones-racistas-en-espaa\/","url":"https:\/\/www.euroresidentes.com\/entretenimiento\/actualidad\/agresiones-racistas-en-espaa\/","name":"Agresiones racistas en Espa\u00f1a - Actualidad: famosos, \u00e9xitos, deportes...","isPartOf":{"@id":"https:\/\/www.euroresidentes.com\/entretenimiento\/actualidad\/#website"},"datePublished":"2007-10-26T16:24:00+00:00","dateModified":"2016-02-23T16:08:12+00:00","author":{"@id":"https:\/\/www.euroresidentes.com\/entretenimiento\/actualidad\/#\/schema\/person\/e41441f91af6208631ba0be4ea9c5f01"},"breadcrumb":{"@id":"https:\/\/www.euroresidentes.com\/entretenimiento\/actualidad\/agresiones-racistas-en-espaa\/#breadcrumb"},"inLanguage":"es","potentialAction":[{"@type":"ReadAction","target":["https:\/\/www.euroresidentes.com\/entretenimiento\/actualidad\/agresiones-racistas-en-espaa\/"]}]},{"@type":"BreadcrumbList","@id":"https:\/\/www.euroresidentes.com\/entretenimiento\/actualidad\/agresiones-racistas-en-espaa\/#breadcrumb","itemListElement":[{"@type":"ListItem","position":1,"name":"Portada","item":"https:\/\/www.euroresidentes.com\/entretenimiento\/actualidad\/"},{"@type":"ListItem","position":2,"name":"Agresiones racistas en Espa\u00f1a"}]},{"@type":"WebSite","@id":"https:\/\/www.euroresidentes.com\/entretenimiento\/actualidad\/#website","url":"https:\/\/www.euroresidentes.com\/entretenimiento\/actualidad\/","name":"Actualidad: famosos, \u00e9xitos, deportes...","description":"Euroresidentes","potentialAction":[{"@type":"SearchAction","target":{"@type":"EntryPoint","urlTemplate":"https:\/\/www.euroresidentes.com\/entretenimiento\/actualidad\/?s={search_term_string}"},"query-input":{"@type":"PropertyValueSpecification","valueRequired":true,"valueName":"search_term_string"}}],"inLanguage":"es"},{"@type":"Person","@id":"https:\/\/www.euroresidentes.com\/entretenimiento\/actualidad\/#\/schema\/person\/e41441f91af6208631ba0be4ea9c5f01","name":"Euroresidentes","image":{"@type":"ImageObject","inLanguage":"es","@id":"https:\/\/www.euroresidentes.com\/entretenimiento\/actualidad\/#\/schema\/person\/image\/","url":"https:\/\/www.euroresidentes.com\/entretenimiento\/actualidad\/wp-content\/uploads\/sites\/24\/2016\/09\/logo-euroresidentes-150x150.jpg","contentUrl":"https:\/\/www.euroresidentes.com\/entretenimiento\/actualidad\/wp-content\/uploads\/sites\/24\/2016\/09\/logo-euroresidentes-150x150.jpg","caption":"Euroresidentes"},"description":"Euroresidentes","sameAs":["https:\/\/www.euroresidentes.com\/info.htm"],"url":"https:\/\/www.euroresidentes.com\/entretenimiento\/actualidad\/author\/euroresidentes\/"}]}},"_links":{"self":[{"href":"https:\/\/www.euroresidentes.com\/entretenimiento\/actualidad\/wp-json\/wp\/v2\/posts\/657","targetHints":{"allow":["GET"]}}],"collection":[{"href":"https:\/\/www.euroresidentes.com\/entretenimiento\/actualidad\/wp-json\/wp\/v2\/posts"}],"about":[{"href":"https:\/\/www.euroresidentes.com\/entretenimiento\/actualidad\/wp-json\/wp\/v2\/types\/post"}],"author":[{"embeddable":true,"href":"https:\/\/www.euroresidentes.com\/entretenimiento\/actualidad\/wp-json\/wp\/v2\/users\/1"}],"replies":[{"embeddable":true,"href":"https:\/\/www.euroresidentes.com\/entretenimiento\/actualidad\/wp-json\/wp\/v2\/comments?post=657"}],"version-history":[{"count":1,"href":"https:\/\/www.euroresidentes.com\/entretenimiento\/actualidad\/wp-json\/wp\/v2\/posts\/657\/revisions"}],"predecessor-version":[{"id":1607,"href":"https:\/\/www.euroresidentes.com\/entretenimiento\/actualidad\/wp-json\/wp\/v2\/posts\/657\/revisions\/1607"}],"wp:attachment":[{"href":"https:\/\/www.euroresidentes.com\/entretenimiento\/actualidad\/wp-json\/wp\/v2\/media?parent=657"}],"wp:term":[{"taxonomy":"category","embeddable":true,"href":"https:\/\/www.euroresidentes.com\/entretenimiento\/actualidad\/wp-json\/wp\/v2\/categories?post=657"},{"taxonomy":"post_tag","embeddable":true,"href":"https:\/\/www.euroresidentes.com\/entretenimiento\/actualidad\/wp-json\/wp\/v2\/tags?post=657"}],"curies":[{"name":"wp","href":"https:\/\/api.w.org\/{rel}","templated":true}]}}