{"id":653,"date":"2007-12-22T08:44:00","date_gmt":"2007-12-22T08:44:00","guid":{"rendered":"https:\/\/www.euroresidentes.com\/entretenimiento\/actualidad\/villancico-la-oveja-naranja-2"},"modified":"2016-02-23T16:08:12","modified_gmt":"2016-02-23T16:08:12","slug":"villancico-la-oveja-naranja-2","status":"publish","type":"post","link":"https:\/\/www.euroresidentes.com\/entretenimiento\/actualidad\/villancico-la-oveja-naranja-2\/","title":{"rendered":"Villancico la oveja naranja"},"content":{"rendered":"<p>En las navidades se cantan villancicos. Y uno de ellos, no tradicional \u00abel villancico de la oveja naranja\u00bb est\u00e1 llamado a traspasar fronteras y convertirse en uno de los \u00e9xitos de estas navidades superando al v\u00eddeo m\u00e1s visto de todos los tiempos <a href=\"http:\/\/www.euroresidentes.com\/Blogs\/espana\/2006\/05\/amo-laura.hml\">Amo a Laura<\/a>. Pero adem\u00e1s con el aliciente de que el v\u00eddeo es real, se trata de un villancico de verdad en el que no median historias publicitarias o viriales.  Esta vez es real.<\/p>\n<p>Villancico de las chicas del Colegio Mayor Olabidea<\/p>\n<p>La historia es que las chicas del <a href=\"http:\/\/www.cmolabidea.com\/\">Colegio Mayor de Pamplona Olabidea<\/a> (un colegio del opus dei) cantan en navidades villancicos y sus compa\u00f1eros del <a href=\"http:\/\/www.larraona.org\/portal\/index.asp\">Colegio Mayor Larraona<\/a> han querido dar a conocer las proezas vocales de sus compa\u00f1eras (no sabemos si con mala uva o no). Se trata de dos colegios tradicionales de Navarra de \u00abbuenas familias\u00bb.<\/p>\n<p>Las chicas que cantan el villancico son ya mayorcitas de edad, tanto que quiz\u00e1s ninguna vuelva a cumplir los 18. As\u00ed que atentos a estas mozas. Escuchen con atenci\u00f3n  este villancico&#8217;, letra y coreograf\u00eda, el tecno de sonido de fondo, etc. etc. se convertir\u00e1 en el villancico de moda de estas navidades.<\/p>\n<p>Video del Villancico La oveja naranja<\/p>\n<p>Temas relacionados con Villancicos:<\/p>\n<ul>\n<li><a href=\"http:\/\/www.euroresidentes.com\/navidad\/villancicos\/villancicos-navidenos.htm\">Villancicos<\/a><\/li>\n<li><a href=\"http:\/\/www.euroresidentes.com\/navidad\/villancicos\/videos-de-villancicos.htm\">V\u00eddeos de Villancicos<\/a><\/li>\n<li><a href=\"http:\/\/www.euroresidentes.com\/navidad\/navidades\/navidades.htm\">Navidades<\/a><\/li>\n<\/ul>\n","protected":false},"excerpt":{"rendered":"<p>En las navidades se cantan villancicos. Y uno de ellos, no tradicional \u00abel villancico de la oveja naranja\u00bb est\u00e1 llamado a traspasar fronteras y convertirse en uno de los \u00e9xitos de estas navidades superando al v\u00eddeo m\u00e1s visto de todos los tiempos Amo a Laura. Pero adem\u00e1s con el aliciente de que el v\u00eddeo es real, se trata de un villancico de verdad en el que no median historias publicitarias o viriales. Esta vez es real. Villancico de las chicas del Colegio Mayor Olabidea La historia es que las chicas del Colegio Mayor de Pamplona Olabidea (un colegio del opus <\/p>\n","protected":false},"author":1,"featured_media":0,"comment_status":"open","ping_status":"open","sticky":false,"template":"","format":"standard","meta":{"footnotes":""},"categories":[1],"tags":[33],"class_list":["post-653","post","type-post","status-publish","format-standard","hentry","category-general","tag-curiosidades"],"yoast_head":"<!-- This site is optimized with the Yoast SEO plugin v24.1 - https:\/\/yoast.com\/wordpress\/plugins\/seo\/ -->\n<title>Villancico la oveja naranja - Actualidad: famosos, \u00e9xitos, deportes...<\/title>\n<meta name=\"robots\" content=\"index, follow, max-snippet:-1, max-image-preview:large, max-video-preview:-1\" \/>\n<link rel=\"canonical\" href=\"https:\/\/www.euroresidentes.com\/entretenimiento\/actualidad\/villancico-la-oveja-naranja-2\/\" \/>\n<meta property=\"og:locale\" content=\"es_ES\" \/>\n<meta property=\"og:type\" content=\"article\" \/>\n<meta property=\"og:title\" content=\"Villancico la oveja naranja - Actualidad: famosos, \u00e9xitos, deportes...\" \/>\n<meta property=\"og:description\" content=\"En las navidades se cantan villancicos. Y uno de ellos, no tradicional \u00abel villancico de la oveja naranja\u00bb est\u00e1 llamado a traspasar fronteras y convertirse en uno de los \u00e9xitos de estas navidades superando al v\u00eddeo m\u00e1s visto de todos los tiempos Amo a Laura. Pero adem\u00e1s con el aliciente de que el v\u00eddeo es real, se trata de un villancico de verdad en el que no median historias publicitarias o viriales. Esta vez es real. Villancico de las chicas del Colegio Mayor Olabidea La historia es que las chicas del Colegio Mayor de Pamplona Olabidea (un colegio del opus\" \/>\n<meta property=\"og:url\" content=\"https:\/\/www.euroresidentes.com\/entretenimiento\/actualidad\/villancico-la-oveja-naranja-2\/\" \/>\n<meta property=\"og:site_name\" content=\"Actualidad: famosos, \u00e9xitos, deportes...\" \/>\n<meta property=\"article:publisher\" content=\"https:\/\/www.facebook.com\/euroresidentes\/\" \/>\n<meta property=\"article:published_time\" content=\"2007-12-22T08:44:00+00:00\" \/>\n<meta property=\"article:modified_time\" content=\"2016-02-23T16:08:12+00:00\" \/>\n<meta name=\"author\" content=\"Euroresidentes\" \/>\n<meta name=\"twitter:card\" content=\"summary_large_image\" \/>\n<meta name=\"twitter:label1\" content=\"Written by\" \/>\n\t<meta name=\"twitter:data1\" content=\"Euroresidentes\" \/>\n\t<meta name=\"twitter:label2\" content=\"Est. reading time\" \/>\n\t<meta name=\"twitter:data2\" content=\"1 minuto\" \/>\n<script type=\"application\/ld+json\" class=\"yoast-schema-graph\">{\"@context\":\"https:\/\/schema.org\",\"@graph\":[{\"@type\":\"WebPage\",\"@id\":\"https:\/\/www.euroresidentes.com\/entretenimiento\/actualidad\/villancico-la-oveja-naranja-2\/\",\"url\":\"https:\/\/www.euroresidentes.com\/entretenimiento\/actualidad\/villancico-la-oveja-naranja-2\/\",\"name\":\"Villancico la oveja naranja - Actualidad: famosos, \u00e9xitos, deportes...\",\"isPartOf\":{\"@id\":\"https:\/\/www.euroresidentes.com\/entretenimiento\/actualidad\/#website\"},\"datePublished\":\"2007-12-22T08:44:00+00:00\",\"dateModified\":\"2016-02-23T16:08:12+00:00\",\"author\":{\"@id\":\"https:\/\/www.euroresidentes.com\/entretenimiento\/actualidad\/#\/schema\/person\/e41441f91af6208631ba0be4ea9c5f01\"},\"breadcrumb\":{\"@id\":\"https:\/\/www.euroresidentes.com\/entretenimiento\/actualidad\/villancico-la-oveja-naranja-2\/#breadcrumb\"},\"inLanguage\":\"es\",\"potentialAction\":[{\"@type\":\"ReadAction\",\"target\":[\"https:\/\/www.euroresidentes.com\/entretenimiento\/actualidad\/villancico-la-oveja-naranja-2\/\"]}]},{\"@type\":\"BreadcrumbList\",\"@id\":\"https:\/\/www.euroresidentes.com\/entretenimiento\/actualidad\/villancico-la-oveja-naranja-2\/#breadcrumb\",\"itemListElement\":[{\"@type\":\"ListItem\",\"position\":1,\"name\":\"Portada\",\"item\":\"https:\/\/www.euroresidentes.com\/entretenimiento\/actualidad\/\"},{\"@type\":\"ListItem\",\"position\":2,\"name\":\"Villancico la oveja naranja\"}]},{\"@type\":\"WebSite\",\"@id\":\"https:\/\/www.euroresidentes.com\/entretenimiento\/actualidad\/#website\",\"url\":\"https:\/\/www.euroresidentes.com\/entretenimiento\/actualidad\/\",\"name\":\"Actualidad: famosos, \u00e9xitos, deportes...\",\"description\":\"Euroresidentes\",\"potentialAction\":[{\"@type\":\"SearchAction\",\"target\":{\"@type\":\"EntryPoint\",\"urlTemplate\":\"https:\/\/www.euroresidentes.com\/entretenimiento\/actualidad\/?s={search_term_string}\"},\"query-input\":{\"@type\":\"PropertyValueSpecification\",\"valueRequired\":true,\"valueName\":\"search_term_string\"}}],\"inLanguage\":\"es\"},{\"@type\":\"Person\",\"@id\":\"https:\/\/www.euroresidentes.com\/entretenimiento\/actualidad\/#\/schema\/person\/e41441f91af6208631ba0be4ea9c5f01\",\"name\":\"Euroresidentes\",\"image\":{\"@type\":\"ImageObject\",\"inLanguage\":\"es\",\"@id\":\"https:\/\/www.euroresidentes.com\/entretenimiento\/actualidad\/#\/schema\/person\/image\/\",\"url\":\"https:\/\/www.euroresidentes.com\/entretenimiento\/actualidad\/wp-content\/uploads\/sites\/24\/2016\/09\/logo-euroresidentes-150x150.jpg\",\"contentUrl\":\"https:\/\/www.euroresidentes.com\/entretenimiento\/actualidad\/wp-content\/uploads\/sites\/24\/2016\/09\/logo-euroresidentes-150x150.jpg\",\"caption\":\"Euroresidentes\"},\"description\":\"Euroresidentes\",\"sameAs\":[\"https:\/\/www.euroresidentes.com\/info.htm\"],\"url\":\"https:\/\/www.euroresidentes.com\/entretenimiento\/actualidad\/author\/euroresidentes\/\"}]}<\/script>\n<!-- \/ Yoast SEO plugin. -->","yoast_head_json":{"title":"Villancico la oveja naranja - Actualidad: famosos, \u00e9xitos, deportes...","robots":{"index":"index","follow":"follow","max-snippet":"max-snippet:-1","max-image-preview":"max-image-preview:large","max-video-preview":"max-video-preview:-1"},"canonical":"https:\/\/www.euroresidentes.com\/entretenimiento\/actualidad\/villancico-la-oveja-naranja-2\/","og_locale":"es_ES","og_type":"article","og_title":"Villancico la oveja naranja - Actualidad: famosos, \u00e9xitos, deportes...","og_description":"En las navidades se cantan villancicos. Y uno de ellos, no tradicional \u00abel villancico de la oveja naranja\u00bb est\u00e1 llamado a traspasar fronteras y convertirse en uno de los \u00e9xitos de estas navidades superando al v\u00eddeo m\u00e1s visto de todos los tiempos Amo a Laura. Pero adem\u00e1s con el aliciente de que el v\u00eddeo es real, se trata de un villancico de verdad en el que no median historias publicitarias o viriales. Esta vez es real. Villancico de las chicas del Colegio Mayor Olabidea La historia es que las chicas del Colegio Mayor de Pamplona Olabidea (un colegio del opus","og_url":"https:\/\/www.euroresidentes.com\/entretenimiento\/actualidad\/villancico-la-oveja-naranja-2\/","og_site_name":"Actualidad: famosos, \u00e9xitos, deportes...","article_publisher":"https:\/\/www.facebook.com\/euroresidentes\/","article_published_time":"2007-12-22T08:44:00+00:00","article_modified_time":"2016-02-23T16:08:12+00:00","author":"Euroresidentes","twitter_card":"summary_large_image","twitter_misc":{"Written by":"Euroresidentes","Est. reading time":"1 minuto"},"schema":{"@context":"https:\/\/schema.org","@graph":[{"@type":"WebPage","@id":"https:\/\/www.euroresidentes.com\/entretenimiento\/actualidad\/villancico-la-oveja-naranja-2\/","url":"https:\/\/www.euroresidentes.com\/entretenimiento\/actualidad\/villancico-la-oveja-naranja-2\/","name":"Villancico la oveja naranja - Actualidad: famosos, \u00e9xitos, deportes...","isPartOf":{"@id":"https:\/\/www.euroresidentes.com\/entretenimiento\/actualidad\/#website"},"datePublished":"2007-12-22T08:44:00+00:00","dateModified":"2016-02-23T16:08:12+00:00","author":{"@id":"https:\/\/www.euroresidentes.com\/entretenimiento\/actualidad\/#\/schema\/person\/e41441f91af6208631ba0be4ea9c5f01"},"breadcrumb":{"@id":"https:\/\/www.euroresidentes.com\/entretenimiento\/actualidad\/villancico-la-oveja-naranja-2\/#breadcrumb"},"inLanguage":"es","potentialAction":[{"@type":"ReadAction","target":["https:\/\/www.euroresidentes.com\/entretenimiento\/actualidad\/villancico-la-oveja-naranja-2\/"]}]},{"@type":"BreadcrumbList","@id":"https:\/\/www.euroresidentes.com\/entretenimiento\/actualidad\/villancico-la-oveja-naranja-2\/#breadcrumb","itemListElement":[{"@type":"ListItem","position":1,"name":"Portada","item":"https:\/\/www.euroresidentes.com\/entretenimiento\/actualidad\/"},{"@type":"ListItem","position":2,"name":"Villancico la oveja naranja"}]},{"@type":"WebSite","@id":"https:\/\/www.euroresidentes.com\/entretenimiento\/actualidad\/#website","url":"https:\/\/www.euroresidentes.com\/entretenimiento\/actualidad\/","name":"Actualidad: famosos, \u00e9xitos, deportes...","description":"Euroresidentes","potentialAction":[{"@type":"SearchAction","target":{"@type":"EntryPoint","urlTemplate":"https:\/\/www.euroresidentes.com\/entretenimiento\/actualidad\/?s={search_term_string}"},"query-input":{"@type":"PropertyValueSpecification","valueRequired":true,"valueName":"search_term_string"}}],"inLanguage":"es"},{"@type":"Person","@id":"https:\/\/www.euroresidentes.com\/entretenimiento\/actualidad\/#\/schema\/person\/e41441f91af6208631ba0be4ea9c5f01","name":"Euroresidentes","image":{"@type":"ImageObject","inLanguage":"es","@id":"https:\/\/www.euroresidentes.com\/entretenimiento\/actualidad\/#\/schema\/person\/image\/","url":"https:\/\/www.euroresidentes.com\/entretenimiento\/actualidad\/wp-content\/uploads\/sites\/24\/2016\/09\/logo-euroresidentes-150x150.jpg","contentUrl":"https:\/\/www.euroresidentes.com\/entretenimiento\/actualidad\/wp-content\/uploads\/sites\/24\/2016\/09\/logo-euroresidentes-150x150.jpg","caption":"Euroresidentes"},"description":"Euroresidentes","sameAs":["https:\/\/www.euroresidentes.com\/info.htm"],"url":"https:\/\/www.euroresidentes.com\/entretenimiento\/actualidad\/author\/euroresidentes\/"}]}},"_links":{"self":[{"href":"https:\/\/www.euroresidentes.com\/entretenimiento\/actualidad\/wp-json\/wp\/v2\/posts\/653","targetHints":{"allow":["GET"]}}],"collection":[{"href":"https:\/\/www.euroresidentes.com\/entretenimiento\/actualidad\/wp-json\/wp\/v2\/posts"}],"about":[{"href":"https:\/\/www.euroresidentes.com\/entretenimiento\/actualidad\/wp-json\/wp\/v2\/types\/post"}],"author":[{"embeddable":true,"href":"https:\/\/www.euroresidentes.com\/entretenimiento\/actualidad\/wp-json\/wp\/v2\/users\/1"}],"replies":[{"embeddable":true,"href":"https:\/\/www.euroresidentes.com\/entretenimiento\/actualidad\/wp-json\/wp\/v2\/comments?post=653"}],"version-history":[{"count":1,"href":"https:\/\/www.euroresidentes.com\/entretenimiento\/actualidad\/wp-json\/wp\/v2\/posts\/653\/revisions"}],"predecessor-version":[{"id":1601,"href":"https:\/\/www.euroresidentes.com\/entretenimiento\/actualidad\/wp-json\/wp\/v2\/posts\/653\/revisions\/1601"}],"wp:attachment":[{"href":"https:\/\/www.euroresidentes.com\/entretenimiento\/actualidad\/wp-json\/wp\/v2\/media?parent=653"}],"wp:term":[{"taxonomy":"category","embeddable":true,"href":"https:\/\/www.euroresidentes.com\/entretenimiento\/actualidad\/wp-json\/wp\/v2\/categories?post=653"},{"taxonomy":"post_tag","embeddable":true,"href":"https:\/\/www.euroresidentes.com\/entretenimiento\/actualidad\/wp-json\/wp\/v2\/tags?post=653"}],"curies":[{"name":"wp","href":"https:\/\/api.w.org\/{rel}","templated":true}]}}