{"id":649,"date":"2008-03-27T20:55:00","date_gmt":"2008-03-27T20:55:00","guid":{"rendered":"https:\/\/www.euroresidentes.com\/entretenimiento\/actualidad\/las-cartas-del-rey-2"},"modified":"2016-02-23T16:08:09","modified_gmt":"2016-02-23T16:08:09","slug":"las-cartas-del-rey-2","status":"publish","type":"post","link":"https:\/\/www.euroresidentes.com\/entretenimiento\/actualidad\/las-cartas-del-rey-2\/","title":{"rendered":"Las cartas del Rey"},"content":{"rendered":"<p>Las cartas del Rey Juan Carlos al Principe Felipe durante sus estudios publicadas sin el consentimiento del monarca y su hijo<\/p>\n<p>Resulta que a trav\u00e9s de un libro del periodista Jos\u00e9 Garc\u00eda Abad (Ediciones El Siglo) los espa\u00f1oles se han esterado de la correspondencia privada de don Juan Carlos a su hijo. Aunque la Casa del Rey est\u00e1 muy \u00absorprendida\u00bb por la publicaci\u00f3n de estas cartas privadas lo cierto que es su difusi\u00f3n en la prensa ha permitido conocer los sabios consejos del monarca a su hijo, todo un tratado de \u00abeducaci\u00f3n de un monarca\u00bb.<\/p>\n<p>Ponderaci\u00f3n y elegancia que se manifiesta en las citadas cartas enviadas por el Rey a su hijo entre septiembre de 1984 y junio de 1985, coincidiendo con la estancia de Don Felipe en el <a href=\"http:\/\/www.lakefieldcs.on.ca\/\">Lakefield College School<\/a> de Canad\u00e1.<\/p>\n<div class=\"separator\" style=\"clear: both; text-align: center;\">\n<a href=\"https:\/\/www.euroresidentes.com\/entretenimiento\/actualidad\/wp-content\/uploads\/sites\/24\/2008\/03\/El-Rey-se-preocup\u00f3-personalmente-de-que-su-hijo-don-Felipe-tuviera-una-s\u00f3lida-formaci\u00f3n..jpg\" imageanchor=\"1\" style=\"margin-left: 1em; margin-right: 1em;\"><img loading=\"lazy\" decoding=\"async\" border=\"0\" src=\"https:\/\/www.euroresidentes.com\/entretenimiento\/actualidad\/wp-content\/uploads\/sites\/24\/2008\/03\/El-Rey-se-preocup\u00f3-personalmente-de-que-su-hijo-don-Felipe-tuviera-una-s\u00f3lida-formaci\u00f3n..jpg\" height=\"229\" width=\"320\" \/><\/a><\/div>\n<div style=\"text-align: center;\">\n<\/div>\n<p>La educaci\u00f3n de un rey: consejos de Don Juan Carlos  a su hijo<\/p>\n<ul style=\"font-style: italic;\">\n<li>\u00abHas de mostrarte animoso, aunque est\u00e9s cansado; amable, aunque no te apetezca; atento, aunque carezcas de inter\u00e9s; servicial, aunque te cueste trabajo; entregado por completo a tu misi\u00f3n, aunque esto signifique privaciones y sacrificios\u00bb.<\/li>\n<li>Piensa que te juzgar\u00e1n todos de una manera especial y por eso has de mostrarte natural, pero no vulgar; culto y enterado de los problemas, pero no pedante ni presumido\u00bb.<\/li>\n<\/ul>\n<p>En la \u00faltima carta,  el Rey le recomienda a su hijo:<\/p>\n<ul>\n<li>\u00abEs necesario no exagerar los extremos: ni hacerte antip\u00e1tico por una excesiva rigidez y por un alejamiento pronunciado, ni caer en el inconveniente de conceder demasiada confianza a las personas y esforzarte en aparecer en p\u00fablico muy pr\u00f3ximo con una simpat\u00eda constante y ficticia\u00bb.<\/li>\n<\/ul>\n<p>Difundidas por el diario El Pa\u00eds el 27\/3\/2008<\/p>\n<table align=\"center\" cellpadding=\"0\" cellspacing=\"0\" class=\"tr-caption-container\" style=\"margin-left: auto; margin-right: auto; text-align: center;\">\n<tbody>\n<tr>\n<td class=\"tr-caption\" style=\"font-size: 13px;\">\n<h1 class=\"yt\" id=\"watch-headline-title\" style=\"background-attachment: initial; background-clip: initial; background-image: initial; background-origin: initial; background-position: initial; background-repeat: initial; background-size: initial; border: 0px; font-family: arial, sans-serif; font-size: 24px; font-weight: normal; margin: 0px 0px 5px; overflow: hidden; padding: 0px; text-overflow: ellipsis; white-space: nowrap; word-wrap: normal;\">\n<br \/><\/h1>\n<p><iframe loading=\"lazy\" allowfullscreen=\"\" frameborder=\"0\" height=\"315\" src=\"https:\/\/www.youtube.com\/embed\/mnKKaTHYDUM\" width=\"560\"><\/iframe><\/td>\n<\/tr>\n<\/tbody>\n<\/table>\n<div>\n<\/div>\n<p>\nTemas relacionados con las cartas del Rey:<\/p>\n<ul>\n<li><a href=\"http:\/\/www.euroresidentes.com\/Blogs\/rodriguez_zapatero\/2005\/01\/el-rey-juan-carlos.html\">El rey Juan Carlos<\/a><\/li>\n<li><a href=\"http:\/\/www.euroresidentes.com\/Blogs\/espana\/2005\/05\/un-nuevo-heredero-para-la-corona.html\">Un nuevo heredero para la corona<\/a><\/li>\n<\/ul>\n","protected":false},"excerpt":{"rendered":"<p>Las cartas del Rey Juan Carlos al Principe Felipe durante sus estudios publicadas sin el consentimiento del monarca y su hijo Resulta que a trav\u00e9s de un libro del periodista Jos\u00e9 Garc\u00eda Abad (Ediciones El Siglo) los espa\u00f1oles se han esterado de la correspondencia privada de don Juan Carlos a su hijo. Aunque la Casa del Rey est\u00e1 muy \u00absorprendida\u00bb por la publicaci\u00f3n de estas cartas privadas lo cierto que es su difusi\u00f3n en la prensa ha permitido conocer los sabios consejos del monarca a su hijo, todo un tratado de \u00abeducaci\u00f3n de un monarca\u00bb. Ponderaci\u00f3n y elegancia que se <\/p>\n","protected":false},"author":1,"featured_media":1593,"comment_status":"open","ping_status":"open","sticky":false,"template":"","format":"standard","meta":{"footnotes":""},"categories":[1],"tags":[33,28,31],"class_list":["post-649","post","type-post","status-publish","format-standard","has-post-thumbnail","hentry","category-general","tag-curiosidades","tag-famosos","tag-politica","has_thumb"],"yoast_head":"<!-- This site is optimized with the Yoast SEO plugin v24.1 - https:\/\/yoast.com\/wordpress\/plugins\/seo\/ -->\n<title>Las cartas del Rey - Actualidad: famosos, \u00e9xitos, deportes...<\/title>\n<meta name=\"robots\" content=\"index, follow, max-snippet:-1, max-image-preview:large, max-video-preview:-1\" \/>\n<link rel=\"canonical\" href=\"https:\/\/www.euroresidentes.com\/entretenimiento\/actualidad\/las-cartas-del-rey-2\/\" \/>\n<meta property=\"og:locale\" content=\"es_ES\" \/>\n<meta property=\"og:type\" content=\"article\" \/>\n<meta property=\"og:title\" content=\"Las cartas del Rey - Actualidad: famosos, \u00e9xitos, deportes...\" \/>\n<meta property=\"og:description\" content=\"Las cartas del Rey Juan Carlos al Principe Felipe durante sus estudios publicadas sin el consentimiento del monarca y su hijo Resulta que a trav\u00e9s de un libro del periodista Jos\u00e9 Garc\u00eda Abad (Ediciones El Siglo) los espa\u00f1oles se han esterado de la correspondencia privada de don Juan Carlos a su hijo. Aunque la Casa del Rey est\u00e1 muy \u00absorprendida\u00bb por la publicaci\u00f3n de estas cartas privadas lo cierto que es su difusi\u00f3n en la prensa ha permitido conocer los sabios consejos del monarca a su hijo, todo un tratado de \u00abeducaci\u00f3n de un monarca\u00bb. Ponderaci\u00f3n y elegancia que se\" \/>\n<meta property=\"og:url\" content=\"https:\/\/www.euroresidentes.com\/entretenimiento\/actualidad\/las-cartas-del-rey-2\/\" \/>\n<meta property=\"og:site_name\" content=\"Actualidad: famosos, \u00e9xitos, deportes...\" \/>\n<meta property=\"article:publisher\" content=\"https:\/\/www.facebook.com\/euroresidentes\/\" \/>\n<meta property=\"article:published_time\" content=\"2008-03-27T20:55:00+00:00\" \/>\n<meta property=\"article:modified_time\" content=\"2016-02-23T16:08:09+00:00\" \/>\n<meta property=\"og:image\" content=\"https:\/\/www.euroresidentes.com\/entretenimiento\/actualidad\/wp-content\/uploads\/sites\/24\/2008\/03\/El-Rey-se-preocup\u00f3-personalmente-de-que-su-hijo-don-Felipe-tuviera-una-s\u00f3lida-formaci\u00f3n..jpg\" \/>\n\t<meta property=\"og:image:width\" content=\"640\" \/>\n\t<meta property=\"og:image:height\" content=\"458\" \/>\n\t<meta property=\"og:image:type\" content=\"image\/jpeg\" \/>\n<meta name=\"author\" content=\"Euroresidentes\" \/>\n<meta name=\"twitter:card\" content=\"summary_large_image\" \/>\n<meta name=\"twitter:label1\" content=\"Written by\" \/>\n\t<meta name=\"twitter:data1\" content=\"Euroresidentes\" \/>\n\t<meta name=\"twitter:label2\" content=\"Est. reading time\" \/>\n\t<meta name=\"twitter:data2\" content=\"2 minutos\" \/>\n<script type=\"application\/ld+json\" class=\"yoast-schema-graph\">{\"@context\":\"https:\/\/schema.org\",\"@graph\":[{\"@type\":\"WebPage\",\"@id\":\"https:\/\/www.euroresidentes.com\/entretenimiento\/actualidad\/las-cartas-del-rey-2\/\",\"url\":\"https:\/\/www.euroresidentes.com\/entretenimiento\/actualidad\/las-cartas-del-rey-2\/\",\"name\":\"Las cartas del Rey - Actualidad: famosos, \u00e9xitos, deportes...\",\"isPartOf\":{\"@id\":\"https:\/\/www.euroresidentes.com\/entretenimiento\/actualidad\/#website\"},\"primaryImageOfPage\":{\"@id\":\"https:\/\/www.euroresidentes.com\/entretenimiento\/actualidad\/las-cartas-del-rey-2\/#primaryimage\"},\"image\":{\"@id\":\"https:\/\/www.euroresidentes.com\/entretenimiento\/actualidad\/las-cartas-del-rey-2\/#primaryimage\"},\"thumbnailUrl\":\"https:\/\/www.euroresidentes.com\/entretenimiento\/actualidad\/wp-content\/uploads\/sites\/24\/2008\/03\/El-Rey-se-preocup\u00f3-personalmente-de-que-su-hijo-don-Felipe-tuviera-una-s\u00f3lida-formaci\u00f3n..jpg\",\"datePublished\":\"2008-03-27T20:55:00+00:00\",\"dateModified\":\"2016-02-23T16:08:09+00:00\",\"author\":{\"@id\":\"https:\/\/www.euroresidentes.com\/entretenimiento\/actualidad\/#\/schema\/person\/e41441f91af6208631ba0be4ea9c5f01\"},\"breadcrumb\":{\"@id\":\"https:\/\/www.euroresidentes.com\/entretenimiento\/actualidad\/las-cartas-del-rey-2\/#breadcrumb\"},\"inLanguage\":\"es\",\"potentialAction\":[{\"@type\":\"ReadAction\",\"target\":[\"https:\/\/www.euroresidentes.com\/entretenimiento\/actualidad\/las-cartas-del-rey-2\/\"]}]},{\"@type\":\"ImageObject\",\"inLanguage\":\"es\",\"@id\":\"https:\/\/www.euroresidentes.com\/entretenimiento\/actualidad\/las-cartas-del-rey-2\/#primaryimage\",\"url\":\"https:\/\/www.euroresidentes.com\/entretenimiento\/actualidad\/wp-content\/uploads\/sites\/24\/2008\/03\/El-Rey-se-preocup\u00f3-personalmente-de-que-su-hijo-don-Felipe-tuviera-una-s\u00f3lida-formaci\u00f3n..jpg\",\"contentUrl\":\"https:\/\/www.euroresidentes.com\/entretenimiento\/actualidad\/wp-content\/uploads\/sites\/24\/2008\/03\/El-Rey-se-preocup\u00f3-personalmente-de-que-su-hijo-don-Felipe-tuviera-una-s\u00f3lida-formaci\u00f3n..jpg\",\"width\":640,\"height\":458},{\"@type\":\"BreadcrumbList\",\"@id\":\"https:\/\/www.euroresidentes.com\/entretenimiento\/actualidad\/las-cartas-del-rey-2\/#breadcrumb\",\"itemListElement\":[{\"@type\":\"ListItem\",\"position\":1,\"name\":\"Portada\",\"item\":\"https:\/\/www.euroresidentes.com\/entretenimiento\/actualidad\/\"},{\"@type\":\"ListItem\",\"position\":2,\"name\":\"Las cartas del Rey\"}]},{\"@type\":\"WebSite\",\"@id\":\"https:\/\/www.euroresidentes.com\/entretenimiento\/actualidad\/#website\",\"url\":\"https:\/\/www.euroresidentes.com\/entretenimiento\/actualidad\/\",\"name\":\"Actualidad: famosos, \u00e9xitos, deportes...\",\"description\":\"Euroresidentes\",\"potentialAction\":[{\"@type\":\"SearchAction\",\"target\":{\"@type\":\"EntryPoint\",\"urlTemplate\":\"https:\/\/www.euroresidentes.com\/entretenimiento\/actualidad\/?s={search_term_string}\"},\"query-input\":{\"@type\":\"PropertyValueSpecification\",\"valueRequired\":true,\"valueName\":\"search_term_string\"}}],\"inLanguage\":\"es\"},{\"@type\":\"Person\",\"@id\":\"https:\/\/www.euroresidentes.com\/entretenimiento\/actualidad\/#\/schema\/person\/e41441f91af6208631ba0be4ea9c5f01\",\"name\":\"Euroresidentes\",\"image\":{\"@type\":\"ImageObject\",\"inLanguage\":\"es\",\"@id\":\"https:\/\/www.euroresidentes.com\/entretenimiento\/actualidad\/#\/schema\/person\/image\/\",\"url\":\"https:\/\/www.euroresidentes.com\/entretenimiento\/actualidad\/wp-content\/uploads\/sites\/24\/2016\/09\/logo-euroresidentes-150x150.jpg\",\"contentUrl\":\"https:\/\/www.euroresidentes.com\/entretenimiento\/actualidad\/wp-content\/uploads\/sites\/24\/2016\/09\/logo-euroresidentes-150x150.jpg\",\"caption\":\"Euroresidentes\"},\"description\":\"Euroresidentes\",\"sameAs\":[\"https:\/\/www.euroresidentes.com\/info.htm\"],\"url\":\"https:\/\/www.euroresidentes.com\/entretenimiento\/actualidad\/author\/euroresidentes\/\"}]}<\/script>\n<!-- \/ Yoast SEO plugin. -->","yoast_head_json":{"title":"Las cartas del Rey - Actualidad: famosos, \u00e9xitos, deportes...","robots":{"index":"index","follow":"follow","max-snippet":"max-snippet:-1","max-image-preview":"max-image-preview:large","max-video-preview":"max-video-preview:-1"},"canonical":"https:\/\/www.euroresidentes.com\/entretenimiento\/actualidad\/las-cartas-del-rey-2\/","og_locale":"es_ES","og_type":"article","og_title":"Las cartas del Rey - Actualidad: famosos, \u00e9xitos, deportes...","og_description":"Las cartas del Rey Juan Carlos al Principe Felipe durante sus estudios publicadas sin el consentimiento del monarca y su hijo Resulta que a trav\u00e9s de un libro del periodista Jos\u00e9 Garc\u00eda Abad (Ediciones El Siglo) los espa\u00f1oles se han esterado de la correspondencia privada de don Juan Carlos a su hijo. Aunque la Casa del Rey est\u00e1 muy \u00absorprendida\u00bb por la publicaci\u00f3n de estas cartas privadas lo cierto que es su difusi\u00f3n en la prensa ha permitido conocer los sabios consejos del monarca a su hijo, todo un tratado de \u00abeducaci\u00f3n de un monarca\u00bb. Ponderaci\u00f3n y elegancia que se","og_url":"https:\/\/www.euroresidentes.com\/entretenimiento\/actualidad\/las-cartas-del-rey-2\/","og_site_name":"Actualidad: famosos, \u00e9xitos, deportes...","article_publisher":"https:\/\/www.facebook.com\/euroresidentes\/","article_published_time":"2008-03-27T20:55:00+00:00","article_modified_time":"2016-02-23T16:08:09+00:00","og_image":[{"width":640,"height":458,"url":"https:\/\/www.euroresidentes.com\/entretenimiento\/actualidad\/wp-content\/uploads\/sites\/24\/2008\/03\/El-Rey-se-preocup\u00f3-personalmente-de-que-su-hijo-don-Felipe-tuviera-una-s\u00f3lida-formaci\u00f3n..jpg","type":"image\/jpeg"}],"author":"Euroresidentes","twitter_card":"summary_large_image","twitter_misc":{"Written by":"Euroresidentes","Est. reading time":"2 minutos"},"schema":{"@context":"https:\/\/schema.org","@graph":[{"@type":"WebPage","@id":"https:\/\/www.euroresidentes.com\/entretenimiento\/actualidad\/las-cartas-del-rey-2\/","url":"https:\/\/www.euroresidentes.com\/entretenimiento\/actualidad\/las-cartas-del-rey-2\/","name":"Las cartas del Rey - Actualidad: famosos, \u00e9xitos, deportes...","isPartOf":{"@id":"https:\/\/www.euroresidentes.com\/entretenimiento\/actualidad\/#website"},"primaryImageOfPage":{"@id":"https:\/\/www.euroresidentes.com\/entretenimiento\/actualidad\/las-cartas-del-rey-2\/#primaryimage"},"image":{"@id":"https:\/\/www.euroresidentes.com\/entretenimiento\/actualidad\/las-cartas-del-rey-2\/#primaryimage"},"thumbnailUrl":"https:\/\/www.euroresidentes.com\/entretenimiento\/actualidad\/wp-content\/uploads\/sites\/24\/2008\/03\/El-Rey-se-preocup\u00f3-personalmente-de-que-su-hijo-don-Felipe-tuviera-una-s\u00f3lida-formaci\u00f3n..jpg","datePublished":"2008-03-27T20:55:00+00:00","dateModified":"2016-02-23T16:08:09+00:00","author":{"@id":"https:\/\/www.euroresidentes.com\/entretenimiento\/actualidad\/#\/schema\/person\/e41441f91af6208631ba0be4ea9c5f01"},"breadcrumb":{"@id":"https:\/\/www.euroresidentes.com\/entretenimiento\/actualidad\/las-cartas-del-rey-2\/#breadcrumb"},"inLanguage":"es","potentialAction":[{"@type":"ReadAction","target":["https:\/\/www.euroresidentes.com\/entretenimiento\/actualidad\/las-cartas-del-rey-2\/"]}]},{"@type":"ImageObject","inLanguage":"es","@id":"https:\/\/www.euroresidentes.com\/entretenimiento\/actualidad\/las-cartas-del-rey-2\/#primaryimage","url":"https:\/\/www.euroresidentes.com\/entretenimiento\/actualidad\/wp-content\/uploads\/sites\/24\/2008\/03\/El-Rey-se-preocup\u00f3-personalmente-de-que-su-hijo-don-Felipe-tuviera-una-s\u00f3lida-formaci\u00f3n..jpg","contentUrl":"https:\/\/www.euroresidentes.com\/entretenimiento\/actualidad\/wp-content\/uploads\/sites\/24\/2008\/03\/El-Rey-se-preocup\u00f3-personalmente-de-que-su-hijo-don-Felipe-tuviera-una-s\u00f3lida-formaci\u00f3n..jpg","width":640,"height":458},{"@type":"BreadcrumbList","@id":"https:\/\/www.euroresidentes.com\/entretenimiento\/actualidad\/las-cartas-del-rey-2\/#breadcrumb","itemListElement":[{"@type":"ListItem","position":1,"name":"Portada","item":"https:\/\/www.euroresidentes.com\/entretenimiento\/actualidad\/"},{"@type":"ListItem","position":2,"name":"Las cartas del Rey"}]},{"@type":"WebSite","@id":"https:\/\/www.euroresidentes.com\/entretenimiento\/actualidad\/#website","url":"https:\/\/www.euroresidentes.com\/entretenimiento\/actualidad\/","name":"Actualidad: famosos, \u00e9xitos, deportes...","description":"Euroresidentes","potentialAction":[{"@type":"SearchAction","target":{"@type":"EntryPoint","urlTemplate":"https:\/\/www.euroresidentes.com\/entretenimiento\/actualidad\/?s={search_term_string}"},"query-input":{"@type":"PropertyValueSpecification","valueRequired":true,"valueName":"search_term_string"}}],"inLanguage":"es"},{"@type":"Person","@id":"https:\/\/www.euroresidentes.com\/entretenimiento\/actualidad\/#\/schema\/person\/e41441f91af6208631ba0be4ea9c5f01","name":"Euroresidentes","image":{"@type":"ImageObject","inLanguage":"es","@id":"https:\/\/www.euroresidentes.com\/entretenimiento\/actualidad\/#\/schema\/person\/image\/","url":"https:\/\/www.euroresidentes.com\/entretenimiento\/actualidad\/wp-content\/uploads\/sites\/24\/2016\/09\/logo-euroresidentes-150x150.jpg","contentUrl":"https:\/\/www.euroresidentes.com\/entretenimiento\/actualidad\/wp-content\/uploads\/sites\/24\/2016\/09\/logo-euroresidentes-150x150.jpg","caption":"Euroresidentes"},"description":"Euroresidentes","sameAs":["https:\/\/www.euroresidentes.com\/info.htm"],"url":"https:\/\/www.euroresidentes.com\/entretenimiento\/actualidad\/author\/euroresidentes\/"}]}},"_links":{"self":[{"href":"https:\/\/www.euroresidentes.com\/entretenimiento\/actualidad\/wp-json\/wp\/v2\/posts\/649","targetHints":{"allow":["GET"]}}],"collection":[{"href":"https:\/\/www.euroresidentes.com\/entretenimiento\/actualidad\/wp-json\/wp\/v2\/posts"}],"about":[{"href":"https:\/\/www.euroresidentes.com\/entretenimiento\/actualidad\/wp-json\/wp\/v2\/types\/post"}],"author":[{"embeddable":true,"href":"https:\/\/www.euroresidentes.com\/entretenimiento\/actualidad\/wp-json\/wp\/v2\/users\/1"}],"replies":[{"embeddable":true,"href":"https:\/\/www.euroresidentes.com\/entretenimiento\/actualidad\/wp-json\/wp\/v2\/comments?post=649"}],"version-history":[{"count":1,"href":"https:\/\/www.euroresidentes.com\/entretenimiento\/actualidad\/wp-json\/wp\/v2\/posts\/649\/revisions"}],"predecessor-version":[{"id":1594,"href":"https:\/\/www.euroresidentes.com\/entretenimiento\/actualidad\/wp-json\/wp\/v2\/posts\/649\/revisions\/1594"}],"wp:featuredmedia":[{"embeddable":true,"href":"https:\/\/www.euroresidentes.com\/entretenimiento\/actualidad\/wp-json\/wp\/v2\/media\/1593"}],"wp:attachment":[{"href":"https:\/\/www.euroresidentes.com\/entretenimiento\/actualidad\/wp-json\/wp\/v2\/media?parent=649"}],"wp:term":[{"taxonomy":"category","embeddable":true,"href":"https:\/\/www.euroresidentes.com\/entretenimiento\/actualidad\/wp-json\/wp\/v2\/categories?post=649"},{"taxonomy":"post_tag","embeddable":true,"href":"https:\/\/www.euroresidentes.com\/entretenimiento\/actualidad\/wp-json\/wp\/v2\/tags?post=649"}],"curies":[{"name":"wp","href":"https:\/\/api.w.org\/{rel}","templated":true}]}}