{"id":624,"date":"2014-06-02T21:52:00","date_gmt":"2014-06-02T21:52:00","guid":{"rendered":"https:\/\/www.euroresidentes.com\/entretenimiento\/actualidad\/las-mejores-imagenes-del-principe-felipe-2"},"modified":"2016-02-23T16:08:07","modified_gmt":"2016-02-23T16:08:07","slug":"las-mejores-imagenes-del-principe-felipe-2","status":"publish","type":"post","link":"https:\/\/www.euroresidentes.com\/entretenimiento\/actualidad\/las-mejores-imagenes-del-principe-felipe-2\/","title":{"rendered":"Las mejores im\u00e1genes del Pr\u00edncipe Felipe"},"content":{"rendered":"<p>El pr\u00edncipe Felipe de Borb\u00f3n y Grecia naci\u00f3 a las 12.35 horas el 30 de enero de 1968 en la cl\u00ednica Loreto de Madrid, Espa\u00f1a.<br \/>\nEs el actual Pr\u00edncipe de Asturias, y el d\u00eda de su ascensi\u00f3n al trono ser\u00e1 Felipe VI de Espa\u00f1a.<br \/>\nEs licenciado en Derecho y tiene un m\u00e1ster de Relaciones Internacionales.<br \/>\nSe caso en 2004 con la periodista asturiana Letizia Ortiz, Princesa de Asturias, con la que tiene dos hijas, Leonor y Sof\u00eda.<\/p>\n<table align=\"center\" cellpadding=\"0\" cellspacing=\"0\" class=\"tr-caption-container\" style=\"margin-left: auto; margin-right: auto; text-align: center;\">\n<tbody>\n<tr>\n<td><a href=\"https:\/\/www.euroresidentes.com\/entretenimiento\/actualidad\/wp-content\/uploads\/sites\/24\/2014\/06\/rey-56-a-1.jpg\" imageanchor=\"1\" style=\"margin-left: auto; margin-right: auto;\"><img loading=\"lazy\" decoding=\"async\" border=\"0\" src=\"https:\/\/www.euroresidentes.com\/entretenimiento\/actualidad\/wp-content\/uploads\/sites\/24\/2014\/06\/rey-56-a-1.jpg\" height=\"298\" width=\"320\" \/><\/a><\/td>\n<\/tr>\n<tr>\n<td class=\"tr-caption\" style=\"font-size: 13px;\">Reci\u00e9n nacido Principe Felipe. Fuente: hola.com<\/p>\n<table align=\"center\" cellpadding=\"0\" cellspacing=\"0\" class=\"tr-caption-container\" style=\"margin-left: auto; margin-right: auto; text-align: center;\">\n<tbody>\n<tr>\n<td><a href=\"https:\/\/www.euroresidentes.com\/entretenimiento\/actualidad\/wp-content\/uploads\/sites\/24\/2014\/06\/principe-felipe-3-a-1.jpg\" imageanchor=\"1\" style=\"margin-left: auto; margin-right: auto;\"><img loading=\"lazy\" decoding=\"async\" border=\"0\" src=\"https:\/\/www.euroresidentes.com\/entretenimiento\/actualidad\/wp-content\/uploads\/sites\/24\/2014\/06\/principe-felipe-3-a-1.jpg\" height=\"248\" width=\"320\" \/><\/a><\/td>\n<\/tr>\n<tr>\n<td class=\"tr-caption\" style=\"font-size: 13px;\">Felipe es bautizado en Zarzuela el 8 febrero 1968. Fuente: hola.com<\/td>\n<\/tr>\n<\/tbody>\n<\/table>\n<p><a href=\"https:\/\/www.euroresidentes.com\/entretenimiento\/actualidad\/wp-content\/uploads\/sites\/24\/2014\/06\/principe-felipe-6-a-1.jpg\" imageanchor=\"1\" style=\"margin-left: auto; margin-right: auto;\"><img loading=\"lazy\" decoding=\"async\" border=\"0\" src=\"https:\/\/www.euroresidentes.com\/entretenimiento\/actualidad\/wp-content\/uploads\/sites\/24\/2014\/06\/principe-felipe-6-a-1.jpg\" height=\"206\" width=\"320\" \/><\/a><\/p>\n<p>Pr\u00edncipe Felipe jugando en los jardines de la Zarzuela. Fuente: hola.com<\/p>\n<table align=\"center\" cellpadding=\"0\" cellspacing=\"0\" class=\"tr-caption-container\" style=\"margin-left: auto; margin-right: auto; text-align: center;\">\n<tbody>\n<tr>\n<td><a href=\"https:\/\/www.euroresidentes.com\/entretenimiento\/actualidad\/wp-content\/uploads\/sites\/24\/2014\/06\/Curso\u0301-estudios-de-Preescolar-Educacio\u0301n-General-Ba\u0301sica-y-Bachillerato-Unificado-Polivalente-en-el-Colegio-de-Los-Rosales-1.jpg\" imageanchor=\"1\" style=\"margin-left: auto; margin-right: auto;\"><img loading=\"lazy\" decoding=\"async\" border=\"0\" src=\"https:\/\/www.euroresidentes.com\/entretenimiento\/actualidad\/wp-content\/uploads\/sites\/24\/2014\/06\/Curso\u0301-estudios-de-Preescolar-Educacio\u0301n-General-Ba\u0301sica-y-Bachillerato-Unificado-Polivalente-en-el-Colegio-de-Los-Rosales-1.jpg\" height=\"246\" width=\"320\" \/><\/a><\/td>\n<\/tr>\n<tr>\n<td class=\"tr-caption\" style=\"font-size: 13px;\">Mientras estudiaba en el &nbsp;Colegio de Los Rosales<\/p>\n<table align=\"center\" cellpadding=\"0\" cellspacing=\"0\" class=\"tr-caption-container\" style=\"margin-left: auto; margin-right: auto; text-align: center;\">\n<tbody>\n<tr>\n<td><img loading=\"lazy\" decoding=\"async\" border=\"0\" src=\"https:\/\/www.euroresidentes.com\/entretenimiento\/actualidad\/wp-content\/uploads\/sites\/24\/2014\/06\/principe-felipe-9-a-1.jpg\" height=\"206\" style=\"margin-left: auto; margin-right: auto;\" width=\"320\" \/><\/td>\n<\/tr>\n<tr>\n<td class=\"tr-caption\" style=\"font-size: 13px;\">Epoca estudiantil<\/p>\n<table align=\"center\" cellpadding=\"0\" cellspacing=\"0\" class=\"tr-caption-container\" style=\"margin-left: auto; margin-right: auto; text-align: center;\">\n<tbody>\n<tr>\n<td><a href=\"https:\/\/www.euroresidentes.com\/entretenimiento\/actualidad\/wp-content\/uploads\/sites\/24\/2014\/06\/sus-primero-veranos-en-mallorca-1.jpg\" imageanchor=\"1\" style=\"margin-left: auto; margin-right: auto;\"><img loading=\"lazy\" decoding=\"async\" border=\"0\" src=\"https:\/\/www.euroresidentes.com\/entretenimiento\/actualidad\/wp-content\/uploads\/sites\/24\/2014\/06\/sus-primero-veranos-en-mallorca-1.jpg\" height=\"256\" width=\"320\" \/><\/a><\/td>\n<\/tr>\n<tr>\n<td class=\"tr-caption\" style=\"font-size: 13px;\">Sus primeros veranos en Mallorca<\/p>\n<table align=\"center\" cellpadding=\"0\" cellspacing=\"0\" class=\"tr-caption-container\" style=\"margin-left: auto; margin-right: auto; text-align: center;\">\n<tbody>\n<tr>\n<td><a href=\"https:\/\/www.euroresidentes.com\/entretenimiento\/actualidad\/wp-content\/uploads\/sites\/24\/2014\/06\/principe-felipe-12-a-1.jpg\" imageanchor=\"1\" style=\"margin-left: auto; margin-right: auto;\"><img loading=\"lazy\" decoding=\"async\" border=\"0\" src=\"https:\/\/www.euroresidentes.com\/entretenimiento\/actualidad\/wp-content\/uploads\/sites\/24\/2014\/06\/principe-felipe-12-a-1.jpg\" height=\"206\" width=\"320\" \/><\/a><\/td>\n<\/tr>\n<tr>\n<td class=\"tr-caption\" style=\"font-size: 13px;\">En su 18 cumplea\u00f1os mientras juraba la constituci\u00f3n en las cortes. Fuente: hola.com<\/p>\n<table align=\"center\" cellpadding=\"0\" cellspacing=\"0\" class=\"tr-caption-container\" style=\"margin-left: auto; margin-right: auto; text-align: center;\">\n<tbody>\n<tr>\n<td><a href=\"https:\/\/www.euroresidentes.com\/entretenimiento\/actualidad\/wp-content\/uploads\/sites\/24\/2014\/06\/principe-felipe-14-a-1.jpg\" imageanchor=\"1\" style=\"margin-left: auto; margin-right: auto;\"><img loading=\"lazy\" decoding=\"async\" border=\"0\" src=\"https:\/\/www.euroresidentes.com\/entretenimiento\/actualidad\/wp-content\/uploads\/sites\/24\/2014\/06\/principe-felipe-14-a-1.jpg\" height=\"206\" width=\"320\" \/><\/a><\/td>\n<\/tr>\n<tr>\n<td class=\"tr-caption\" style=\"font-size: 13px;\">Jura de bandera en Zaragoza. Fuente: hola.com<\/p>\n<table align=\"center\" cellpadding=\"0\" cellspacing=\"0\" class=\"tr-caption-container\" style=\"margin-left: auto; margin-right: auto; text-align: center;\">\n<tbody>\n<tr>\n<td><a href=\"https:\/\/www.euroresidentes.com\/entretenimiento\/actualidad\/wp-content\/uploads\/sites\/24\/2014\/06\/sobe7-a-1.jpg\" imageanchor=\"1\" style=\"margin-left: auto; margin-right: auto;\"><img loading=\"lazy\" decoding=\"async\" border=\"0\" src=\"https:\/\/www.euroresidentes.com\/entretenimiento\/actualidad\/wp-content\/uploads\/sites\/24\/2014\/06\/sobe7-a-1.jpg\" height=\"206\" width=\"320\" \/><\/a><\/td>\n<\/tr>\n<tr>\n<td class=\"tr-caption\" style=\"font-size: 13px;\">Tres generaciones en la Escuela Naval de Marin. Fuente: hola.com<\/p>\n<table align=\"center\" cellpadding=\"0\" cellspacing=\"0\" class=\"tr-caption-container\" style=\"margin-left: auto; margin-right: auto; text-align: center;\">\n<tbody>\n<tr>\n<td><a href=\"https:\/\/www.euroresidentes.com\/entretenimiento\/actualidad\/wp-content\/uploads\/sites\/24\/2014\/06\/2012030884Sartorius-3-600-1.jpg\" imageanchor=\"1\" style=\"margin-left: auto; margin-right: auto;\"><img loading=\"lazy\" decoding=\"async\" border=\"0\" src=\"https:\/\/www.euroresidentes.com\/entretenimiento\/actualidad\/wp-content\/uploads\/sites\/24\/2014\/06\/2012030884Sartorius-3-600-1.jpg\" height=\"180\" width=\"320\" \/><\/a><\/td>\n<\/tr>\n<tr>\n<td class=\"tr-caption\" style=\"font-size: 13px;\">Pr\u00edncipe Felipe y Isabel Sartorius<\/td>\n<\/tr>\n<\/tbody>\n<\/table>\n<p><\/p>\n<table align=\"center\" cellpadding=\"0\" cellspacing=\"0\" class=\"tr-caption-container\" style=\"margin-left: auto; margin-right: auto; text-align: center;\">\n<tbody>\n<tr>\n<td><a href=\"https:\/\/www.euroresidentes.com\/entretenimiento\/actualidad\/wp-content\/uploads\/sites\/24\/2014\/06\/El-pri\u0301ncipe-Felipe-y-su-ex-novia-Eva-Sannum-1.jpg\" imageanchor=\"1\" style=\"margin-left: auto; margin-right: auto;\"><img loading=\"lazy\" decoding=\"async\" border=\"0\" src=\"https:\/\/www.euroresidentes.com\/entretenimiento\/actualidad\/wp-content\/uploads\/sites\/24\/2014\/06\/El-pri\u0301ncipe-Felipe-y-su-ex-novia-Eva-Sannum-1.jpg\" height=\"203\" width=\"320\" \/><\/a><\/td>\n<\/tr>\n<tr>\n<td class=\"tr-caption\" style=\"font-size: 13px;\">El pri\u0301ncipe Felipe y su ex novia Eva Sannum<\/p>\n<table align=\"center\" cellpadding=\"0\" cellspacing=\"0\" class=\"tr-caption-container\" style=\"margin-left: auto; margin-right: auto; text-align: center;\">\n<tbody>\n<tr>\n<td><a href=\"https:\/\/www.euroresidentes.com\/entretenimiento\/actualidad\/wp-content\/uploads\/sites\/24\/2014\/06\/letizia-felipe-pedida-1.jpg\" imageanchor=\"1\" style=\"margin-left: auto; margin-right: auto;\"><img loading=\"lazy\" decoding=\"async\" border=\"0\" src=\"https:\/\/www.euroresidentes.com\/entretenimiento\/actualidad\/wp-content\/uploads\/sites\/24\/2014\/06\/letizia-felipe-pedida-1.jpg\" height=\"188\" width=\"320\" \/><\/a><\/td>\n<\/tr>\n<tr>\n<td class=\"tr-caption\" style=\"font-size: 13px;\">Felipe y Letizia el d\u00eda de la pedida<\/p>\n<table align=\"center\" cellpadding=\"0\" cellspacing=\"0\" class=\"tr-caption-container\" style=\"margin-left: auto; margin-right: auto; text-align: center;\">\n<tbody>\n<tr>\n<td><a href=\"https:\/\/www.euroresidentes.com\/entretenimiento\/actualidad\/wp-content\/uploads\/sites\/24\/2014\/06\/El-Pr\u00edncipe-Felipe-contrajo-matrimonio-el-22-de-mayo-de-2005-1.jpg\" imageanchor=\"1\" style=\"margin-left: auto; margin-right: auto;\"><img loading=\"lazy\" decoding=\"async\" border=\"0\" src=\"https:\/\/www.euroresidentes.com\/entretenimiento\/actualidad\/wp-content\/uploads\/sites\/24\/2014\/06\/El-Pr\u00edncipe-Felipe-contrajo-matrimonio-el-22-de-mayo-de-2005-1.jpg\" height=\"320\" width=\"250\" \/><\/a><\/td>\n<\/tr>\n<tr>\n<td class=\"tr-caption\" style=\"font-size: 13px;\">El Pr\u00edncipe Felipe contrajo matrimonio el 22 de mayo de 2005<\/p>\n<p><\/p>\n<table align=\"center\" cellpadding=\"0\" cellspacing=\"0\" class=\"tr-caption-container\" style=\"margin-left: auto; margin-right: auto; text-align: center;\">\n<tbody>\n<tr>\n<td><a href=\"https:\/\/www.euroresidentes.com\/entretenimiento\/actualidad\/wp-content\/uploads\/sites\/24\/2014\/06\/nacimiento-de-leonor-1.jpg\" imageanchor=\"1\" style=\"margin-left: auto; margin-right: auto;\"><img loading=\"lazy\" decoding=\"async\" border=\"0\" src=\"https:\/\/www.euroresidentes.com\/entretenimiento\/actualidad\/wp-content\/uploads\/sites\/24\/2014\/06\/nacimiento-de-leonor-1.jpg\" height=\"320\" width=\"291\" \/><\/a><\/td>\n<\/tr>\n<tr>\n<td class=\"tr-caption\" style=\"font-size: 13px;\">Nacimiento de la princesa Leonor<\/p>\n<table align=\"center\" cellpadding=\"0\" cellspacing=\"0\" class=\"tr-caption-container\" style=\"margin-left: auto; margin-right: auto; text-align: center;\">\n<tbody>\n<tr>\n<td><a href=\"https:\/\/www.euroresidentes.com\/entretenimiento\/actualidad\/wp-content\/uploads\/sites\/24\/2014\/06\/naciemiento-de-la-infanta-sofia-1.jpg\" imageanchor=\"1\" style=\"margin-left: auto; margin-right: auto;\"><img loading=\"lazy\" decoding=\"async\" border=\"0\" src=\"https:\/\/www.euroresidentes.com\/entretenimiento\/actualidad\/wp-content\/uploads\/sites\/24\/2014\/06\/naciemiento-de-la-infanta-sofia-1.jpg\" height=\"276\" width=\"320\" \/><\/a><\/td>\n<\/tr>\n<tr>\n<td class=\"tr-caption\" style=\"font-size: 13px;\">Nacimiento de la princesa Sofia<\/p>\n<table align=\"center\" cellpadding=\"0\" cellspacing=\"0\" class=\"tr-caption-container\" style=\"margin-left: auto; margin-right: auto; text-align: center;\">\n<tbody>\n<tr>\n<td><a href=\"https:\/\/www.euroresidentes.com\/entretenimiento\/actualidad\/wp-content\/uploads\/sites\/24\/2014\/06\/El-Principe-Felipe-y-Dona-Leti_54242175285_53389389549_600_396-1.jpg\" imageanchor=\"1\" style=\"margin-left: auto; margin-right: auto;\"><img loading=\"lazy\" decoding=\"async\" border=\"0\" src=\"https:\/\/www.euroresidentes.com\/entretenimiento\/actualidad\/wp-content\/uploads\/sites\/24\/2014\/06\/El-Principe-Felipe-y-Dona-Leti_54242175285_53389389549_600_396-1.jpg\" height=\"211\" width=\"320\" \/><\/a><\/td>\n<\/tr>\n<tr>\n<td class=\"tr-caption\" style=\"font-size: 13px;\">Los Pr\u00edncipes de Asturias con sus hijas<\/p>\n<table cellpadding=\"0\" cellspacing=\"0\" style=\"text-align: center;\">\n<tbody>\n<tr>\n<td class=\"td1\" valign=\"middle\">\n<div class=\"p1\">\n<table align=\"center\" cellpadding=\"0\" cellspacing=\"0\" class=\"tr-caption-container\" style=\"margin-left: auto; margin-right: auto; text-align: center;\">\n<tbody>\n<tr>\n<td class=\"tr-caption\" style=\"font-size: 13px;\">\n<h1 class=\"yt\" id=\"watch-headline-title\" style=\"background-attachment: initial; background-clip: initial; background-image: initial; background-origin: initial; background-position: initial; background-repeat: initial; background-size: initial; border: 0px; font-family: arial, sans-serif; font-size: 24px; font-weight: normal; margin: 0px 0px 5px; overflow: hidden; padding: 0px; text-overflow: ellipsis; white-space: nowrap; word-wrap: normal;\">\nDon Juan Carlos I: Ima\u0301genes de un monarca<\/h1>\n<p>\n<iframe loading=\"lazy\" allowfullscreen=\"\" frameborder=\"0\" height=\"315\" src=\"https:\/\/www.youtube.com\/embed\/mnKKaTHYDUM\" width=\"560\"><\/iframe><\/td>\n<\/tr>\n<\/tbody>\n<\/table>\n<div style=\"text-align: left;\">\n<\/div>\n<div style=\"text-align: left;\">\n<b><b style=\"font-size: 13px;\">Temas relacionados con:&nbsp;Las mejores im\u00e1genes de Don Juan Carlos I, Rey de Espa\u00f1a<\/b><\/b><\/div>\n<\/div>\n<ul class=\"ul1\">\n<li class=\"li2\" style=\"text-align: left;\"><a href=\"http:\/\/10-razones.euroresidentes.com\/2014\/06\/10-razones-por-las-que-el-rey-ha-hecho.html\">10 razones por las que el Rey ha hecho bien en abdicar<\/a><\/li>\n<li class=\"li2\" style=\"text-align: left;\"><a href=\"http:\/\/frases-citas.euroresidentes.com\/2014\/06\/12-frases-del-rey-juan-carlos-i-que.html\">12 frases del Rey Juan Carlos I que quedar\u00e1n escritas en la historia<\/a><\/li>\n<li class=\"li2\" style=\"text-align: left;\"><a href=\"http:\/\/espana.euroresidentes.com\/2014\/06\/las-mejores-imagenes-de-don-juan-carlos.html\">Las mejores im\u00e1genes de Don Juan Carlos I, Rey de Espa\u00f1a<\/a><\/li>\n<li class=\"li2\" style=\"text-align: left;\"><a href=\"http:\/\/espana.euroresidentes.com\/2008\/03\/las-cartas-del-rey.htm\">Las cartas del Rey<\/a><\/li>\n<li class=\"li2\" style=\"text-align: left;\"><a href=\"http:\/\/www.euroresidentes.com\/Blogs\/rodriguez_zapatero\/2005\/01\/el-rey-juan-carlos.html\">El Rey Juan Carlos I<\/a><\/li>\n<li class=\"li2\" style=\"text-align: left;\"><a href=\"http:\/\/www.euroresidentes.com\/Blogs\/espana\/2005\/05\/un-nuevo-heredero-para-la-corona.html\">El nuevo heredero a la corona<\/a>\n<\/li>\n<\/ul>\n<\/td>\n<\/tr>\n<\/tbody>\n<\/table>\n<\/td>\n<\/tr>\n<\/tbody>\n<\/table>\n<\/td>\n<\/tr>\n<\/tbody>\n<\/table>\n<\/td>\n<\/tr>\n<\/tbody>\n<\/table>\n<\/td>\n<\/tr>\n<\/tbody>\n<\/table>\n<\/td>\n<\/tr>\n<\/tbody>\n<\/table>\n<\/td>\n<\/tr>\n<\/tbody>\n<\/table>\n<\/td>\n<\/tr>\n<\/tbody>\n<\/table>\n<\/td>\n<\/tr>\n<\/tbody>\n<\/table>\n<\/td>\n<\/tr>\n<\/tbody>\n<\/table>\n<\/td>\n<\/tr>\n<\/tbody>\n<\/table>\n<\/td>\n<\/tr>\n<\/tbody>\n<\/table>\n<\/td>\n<\/tr>\n<\/tbody>\n<\/table>\n<\/td>\n<\/tr>\n<\/tbody>\n<\/table>\n","protected":false},"excerpt":{"rendered":"<p>El pr\u00edncipe Felipe de Borb\u00f3n y Grecia naci\u00f3 a las 12.35 horas el 30 de enero de 1968 en la cl\u00ednica Loreto de Madrid, Espa\u00f1a. Es el actual Pr\u00edncipe de Asturias, y el d\u00eda de su ascensi\u00f3n al trono ser\u00e1 Felipe VI de Espa\u00f1a. Es licenciado en Derecho y tiene un m\u00e1ster de Relaciones Internacionales. Se caso en 2004 con la periodista asturiana Letizia Ortiz, Princesa de Asturias, con la que tiene dos hijas, Leonor y Sof\u00eda. Reci\u00e9n nacido Principe Felipe. Fuente: hola.com Felipe es bautizado en Zarzuela el 8 febrero 1968. Fuente: hola.com Pr\u00edncipe Felipe jugando en los jardines <\/p>\n","protected":false},"author":18,"featured_media":1512,"comment_status":"open","ping_status":"open","sticky":false,"template":"","format":"standard","meta":{"footnotes":""},"categories":[1],"tags":[31],"class_list":["post-624","post","type-post","status-publish","format-standard","has-post-thumbnail","hentry","category-general","tag-politica","has_thumb"],"yoast_head":"<!-- This site is optimized with the Yoast SEO plugin v24.1 - https:\/\/yoast.com\/wordpress\/plugins\/seo\/ -->\n<title>Las mejores im\u00e1genes del Pr\u00edncipe Felipe - Actualidad: famosos, \u00e9xitos, deportes...<\/title>\n<meta name=\"robots\" content=\"index, follow, max-snippet:-1, max-image-preview:large, max-video-preview:-1\" \/>\n<link rel=\"canonical\" href=\"https:\/\/www.euroresidentes.com\/entretenimiento\/actualidad\/las-mejores-imagenes-del-principe-felipe-2\/\" \/>\n<meta property=\"og:locale\" content=\"es_ES\" \/>\n<meta property=\"og:type\" content=\"article\" \/>\n<meta property=\"og:title\" content=\"Las mejores im\u00e1genes del Pr\u00edncipe Felipe - Actualidad: famosos, \u00e9xitos, deportes...\" \/>\n<meta property=\"og:description\" content=\"El pr\u00edncipe Felipe de Borb\u00f3n y Grecia naci\u00f3 a las 12.35 horas el 30 de enero de 1968 en la cl\u00ednica Loreto de Madrid, Espa\u00f1a. Es el actual Pr\u00edncipe de Asturias, y el d\u00eda de su ascensi\u00f3n al trono ser\u00e1 Felipe VI de Espa\u00f1a. Es licenciado en Derecho y tiene un m\u00e1ster de Relaciones Internacionales. Se caso en 2004 con la periodista asturiana Letizia Ortiz, Princesa de Asturias, con la que tiene dos hijas, Leonor y Sof\u00eda. Reci\u00e9n nacido Principe Felipe. Fuente: hola.com Felipe es bautizado en Zarzuela el 8 febrero 1968. Fuente: hola.com Pr\u00edncipe Felipe jugando en los jardines\" \/>\n<meta property=\"og:url\" content=\"https:\/\/www.euroresidentes.com\/entretenimiento\/actualidad\/las-mejores-imagenes-del-principe-felipe-2\/\" \/>\n<meta property=\"og:site_name\" content=\"Actualidad: famosos, \u00e9xitos, deportes...\" \/>\n<meta property=\"article:publisher\" content=\"https:\/\/www.facebook.com\/euroresidentes\/\" \/>\n<meta property=\"article:published_time\" content=\"2014-06-02T21:52:00+00:00\" \/>\n<meta property=\"article:modified_time\" content=\"2016-02-23T16:08:07+00:00\" \/>\n<meta property=\"og:image\" content=\"https:\/\/www.euroresidentes.com\/entretenimiento\/actualidad\/wp-content\/uploads\/sites\/24\/2014\/06\/rey-56-a-1.jpg\" \/>\n\t<meta property=\"og:image:width\" content=\"990\" \/>\n\t<meta property=\"og:image:height\" content=\"924\" \/>\n\t<meta property=\"og:image:type\" content=\"image\/jpeg\" \/>\n<meta name=\"twitter:card\" content=\"summary_large_image\" \/>\n<meta name=\"twitter:label1\" content=\"Written by\" \/>\n\t<meta name=\"twitter:data1\" content=\"\" \/>\n\t<meta name=\"twitter:label2\" content=\"Est. reading time\" \/>\n\t<meta name=\"twitter:data2\" content=\"1 minuto\" \/>\n<script type=\"application\/ld+json\" class=\"yoast-schema-graph\">{\"@context\":\"https:\/\/schema.org\",\"@graph\":[{\"@type\":\"WebPage\",\"@id\":\"https:\/\/www.euroresidentes.com\/entretenimiento\/actualidad\/las-mejores-imagenes-del-principe-felipe-2\/\",\"url\":\"https:\/\/www.euroresidentes.com\/entretenimiento\/actualidad\/las-mejores-imagenes-del-principe-felipe-2\/\",\"name\":\"Las mejores im\u00e1genes del Pr\u00edncipe Felipe - Actualidad: famosos, \u00e9xitos, deportes...\",\"isPartOf\":{\"@id\":\"https:\/\/www.euroresidentes.com\/entretenimiento\/actualidad\/#website\"},\"primaryImageOfPage\":{\"@id\":\"https:\/\/www.euroresidentes.com\/entretenimiento\/actualidad\/las-mejores-imagenes-del-principe-felipe-2\/#primaryimage\"},\"image\":{\"@id\":\"https:\/\/www.euroresidentes.com\/entretenimiento\/actualidad\/las-mejores-imagenes-del-principe-felipe-2\/#primaryimage\"},\"thumbnailUrl\":\"https:\/\/www.euroresidentes.com\/entretenimiento\/actualidad\/wp-content\/uploads\/sites\/24\/2014\/06\/rey-56-a-1.jpg\",\"datePublished\":\"2014-06-02T21:52:00+00:00\",\"dateModified\":\"2016-02-23T16:08:07+00:00\",\"author\":{\"@id\":\"\"},\"breadcrumb\":{\"@id\":\"https:\/\/www.euroresidentes.com\/entretenimiento\/actualidad\/las-mejores-imagenes-del-principe-felipe-2\/#breadcrumb\"},\"inLanguage\":\"es\",\"potentialAction\":[{\"@type\":\"ReadAction\",\"target\":[\"https:\/\/www.euroresidentes.com\/entretenimiento\/actualidad\/las-mejores-imagenes-del-principe-felipe-2\/\"]}]},{\"@type\":\"ImageObject\",\"inLanguage\":\"es\",\"@id\":\"https:\/\/www.euroresidentes.com\/entretenimiento\/actualidad\/las-mejores-imagenes-del-principe-felipe-2\/#primaryimage\",\"url\":\"https:\/\/www.euroresidentes.com\/entretenimiento\/actualidad\/wp-content\/uploads\/sites\/24\/2014\/06\/rey-56-a-1.jpg\",\"contentUrl\":\"https:\/\/www.euroresidentes.com\/entretenimiento\/actualidad\/wp-content\/uploads\/sites\/24\/2014\/06\/rey-56-a-1.jpg\",\"width\":990,\"height\":924},{\"@type\":\"BreadcrumbList\",\"@id\":\"https:\/\/www.euroresidentes.com\/entretenimiento\/actualidad\/las-mejores-imagenes-del-principe-felipe-2\/#breadcrumb\",\"itemListElement\":[{\"@type\":\"ListItem\",\"position\":1,\"name\":\"Portada\",\"item\":\"https:\/\/www.euroresidentes.com\/entretenimiento\/actualidad\/\"},{\"@type\":\"ListItem\",\"position\":2,\"name\":\"Las mejores im\u00e1genes del Pr\u00edncipe Felipe\"}]},{\"@type\":\"WebSite\",\"@id\":\"https:\/\/www.euroresidentes.com\/entretenimiento\/actualidad\/#website\",\"url\":\"https:\/\/www.euroresidentes.com\/entretenimiento\/actualidad\/\",\"name\":\"Actualidad: famosos, \u00e9xitos, deportes...\",\"description\":\"Euroresidentes\",\"potentialAction\":[{\"@type\":\"SearchAction\",\"target\":{\"@type\":\"EntryPoint\",\"urlTemplate\":\"https:\/\/www.euroresidentes.com\/entretenimiento\/actualidad\/?s={search_term_string}\"},\"query-input\":{\"@type\":\"PropertyValueSpecification\",\"valueRequired\":true,\"valueName\":\"search_term_string\"}}],\"inLanguage\":\"es\"},{\"@type\":\"Person\",\"@id\":\"\",\"url\":\"https:\/\/www.euroresidentes.com\/entretenimiento\/actualidad\/author\/\"}]}<\/script>\n<!-- \/ Yoast SEO plugin. -->","yoast_head_json":{"title":"Las mejores im\u00e1genes del Pr\u00edncipe Felipe - Actualidad: famosos, \u00e9xitos, deportes...","robots":{"index":"index","follow":"follow","max-snippet":"max-snippet:-1","max-image-preview":"max-image-preview:large","max-video-preview":"max-video-preview:-1"},"canonical":"https:\/\/www.euroresidentes.com\/entretenimiento\/actualidad\/las-mejores-imagenes-del-principe-felipe-2\/","og_locale":"es_ES","og_type":"article","og_title":"Las mejores im\u00e1genes del Pr\u00edncipe Felipe - Actualidad: famosos, \u00e9xitos, deportes...","og_description":"El pr\u00edncipe Felipe de Borb\u00f3n y Grecia naci\u00f3 a las 12.35 horas el 30 de enero de 1968 en la cl\u00ednica Loreto de Madrid, Espa\u00f1a. Es el actual Pr\u00edncipe de Asturias, y el d\u00eda de su ascensi\u00f3n al trono ser\u00e1 Felipe VI de Espa\u00f1a. Es licenciado en Derecho y tiene un m\u00e1ster de Relaciones Internacionales. Se caso en 2004 con la periodista asturiana Letizia Ortiz, Princesa de Asturias, con la que tiene dos hijas, Leonor y Sof\u00eda. Reci\u00e9n nacido Principe Felipe. Fuente: hola.com Felipe es bautizado en Zarzuela el 8 febrero 1968. Fuente: hola.com Pr\u00edncipe Felipe jugando en los jardines","og_url":"https:\/\/www.euroresidentes.com\/entretenimiento\/actualidad\/las-mejores-imagenes-del-principe-felipe-2\/","og_site_name":"Actualidad: famosos, \u00e9xitos, deportes...","article_publisher":"https:\/\/www.facebook.com\/euroresidentes\/","article_published_time":"2014-06-02T21:52:00+00:00","article_modified_time":"2016-02-23T16:08:07+00:00","og_image":[{"width":990,"height":924,"url":"https:\/\/www.euroresidentes.com\/entretenimiento\/actualidad\/wp-content\/uploads\/sites\/24\/2014\/06\/rey-56-a-1.jpg","type":"image\/jpeg"}],"twitter_card":"summary_large_image","twitter_misc":{"Written by":"","Est. reading time":"1 minuto"},"schema":{"@context":"https:\/\/schema.org","@graph":[{"@type":"WebPage","@id":"https:\/\/www.euroresidentes.com\/entretenimiento\/actualidad\/las-mejores-imagenes-del-principe-felipe-2\/","url":"https:\/\/www.euroresidentes.com\/entretenimiento\/actualidad\/las-mejores-imagenes-del-principe-felipe-2\/","name":"Las mejores im\u00e1genes del Pr\u00edncipe Felipe - Actualidad: famosos, \u00e9xitos, deportes...","isPartOf":{"@id":"https:\/\/www.euroresidentes.com\/entretenimiento\/actualidad\/#website"},"primaryImageOfPage":{"@id":"https:\/\/www.euroresidentes.com\/entretenimiento\/actualidad\/las-mejores-imagenes-del-principe-felipe-2\/#primaryimage"},"image":{"@id":"https:\/\/www.euroresidentes.com\/entretenimiento\/actualidad\/las-mejores-imagenes-del-principe-felipe-2\/#primaryimage"},"thumbnailUrl":"https:\/\/www.euroresidentes.com\/entretenimiento\/actualidad\/wp-content\/uploads\/sites\/24\/2014\/06\/rey-56-a-1.jpg","datePublished":"2014-06-02T21:52:00+00:00","dateModified":"2016-02-23T16:08:07+00:00","author":{"@id":""},"breadcrumb":{"@id":"https:\/\/www.euroresidentes.com\/entretenimiento\/actualidad\/las-mejores-imagenes-del-principe-felipe-2\/#breadcrumb"},"inLanguage":"es","potentialAction":[{"@type":"ReadAction","target":["https:\/\/www.euroresidentes.com\/entretenimiento\/actualidad\/las-mejores-imagenes-del-principe-felipe-2\/"]}]},{"@type":"ImageObject","inLanguage":"es","@id":"https:\/\/www.euroresidentes.com\/entretenimiento\/actualidad\/las-mejores-imagenes-del-principe-felipe-2\/#primaryimage","url":"https:\/\/www.euroresidentes.com\/entretenimiento\/actualidad\/wp-content\/uploads\/sites\/24\/2014\/06\/rey-56-a-1.jpg","contentUrl":"https:\/\/www.euroresidentes.com\/entretenimiento\/actualidad\/wp-content\/uploads\/sites\/24\/2014\/06\/rey-56-a-1.jpg","width":990,"height":924},{"@type":"BreadcrumbList","@id":"https:\/\/www.euroresidentes.com\/entretenimiento\/actualidad\/las-mejores-imagenes-del-principe-felipe-2\/#breadcrumb","itemListElement":[{"@type":"ListItem","position":1,"name":"Portada","item":"https:\/\/www.euroresidentes.com\/entretenimiento\/actualidad\/"},{"@type":"ListItem","position":2,"name":"Las mejores im\u00e1genes del Pr\u00edncipe Felipe"}]},{"@type":"WebSite","@id":"https:\/\/www.euroresidentes.com\/entretenimiento\/actualidad\/#website","url":"https:\/\/www.euroresidentes.com\/entretenimiento\/actualidad\/","name":"Actualidad: famosos, \u00e9xitos, deportes...","description":"Euroresidentes","potentialAction":[{"@type":"SearchAction","target":{"@type":"EntryPoint","urlTemplate":"https:\/\/www.euroresidentes.com\/entretenimiento\/actualidad\/?s={search_term_string}"},"query-input":{"@type":"PropertyValueSpecification","valueRequired":true,"valueName":"search_term_string"}}],"inLanguage":"es"},{"@type":"Person","@id":"","url":"https:\/\/www.euroresidentes.com\/entretenimiento\/actualidad\/author\/"}]}},"_links":{"self":[{"href":"https:\/\/www.euroresidentes.com\/entretenimiento\/actualidad\/wp-json\/wp\/v2\/posts\/624","targetHints":{"allow":["GET"]}}],"collection":[{"href":"https:\/\/www.euroresidentes.com\/entretenimiento\/actualidad\/wp-json\/wp\/v2\/posts"}],"about":[{"href":"https:\/\/www.euroresidentes.com\/entretenimiento\/actualidad\/wp-json\/wp\/v2\/types\/post"}],"author":[{"embeddable":true,"href":"https:\/\/www.euroresidentes.com\/entretenimiento\/actualidad\/wp-json\/wp\/v2\/users\/18"}],"replies":[{"embeddable":true,"href":"https:\/\/www.euroresidentes.com\/entretenimiento\/actualidad\/wp-json\/wp\/v2\/comments?post=624"}],"version-history":[{"count":3,"href":"https:\/\/www.euroresidentes.com\/entretenimiento\/actualidad\/wp-json\/wp\/v2\/posts\/624\/revisions"}],"predecessor-version":[{"id":2909,"href":"https:\/\/www.euroresidentes.com\/entretenimiento\/actualidad\/wp-json\/wp\/v2\/posts\/624\/revisions\/2909"}],"wp:featuredmedia":[{"embeddable":true,"href":"https:\/\/www.euroresidentes.com\/entretenimiento\/actualidad\/wp-json\/wp\/v2\/media\/1512"}],"wp:attachment":[{"href":"https:\/\/www.euroresidentes.com\/entretenimiento\/actualidad\/wp-json\/wp\/v2\/media?parent=624"}],"wp:term":[{"taxonomy":"category","embeddable":true,"href":"https:\/\/www.euroresidentes.com\/entretenimiento\/actualidad\/wp-json\/wp\/v2\/categories?post=624"},{"taxonomy":"post_tag","embeddable":true,"href":"https:\/\/www.euroresidentes.com\/entretenimiento\/actualidad\/wp-json\/wp\/v2\/tags?post=624"}],"curies":[{"name":"wp","href":"https:\/\/api.w.org\/{rel}","templated":true}]}}