{"id":611,"date":"2014-08-16T21:33:00","date_gmt":"2014-08-16T21:33:00","guid":{"rendered":"https:\/\/www.euroresidentes.com\/entretenimiento\/actualidad\/primer-caso-de-ebola-en-espana"},"modified":"2016-02-23T16:08:07","modified_gmt":"2016-02-23T16:08:07","slug":"primer-caso-de-ebola-en-espana","status":"publish","type":"post","link":"https:\/\/www.euroresidentes.com\/entretenimiento\/actualidad\/primer-caso-de-ebola-en-espana\/","title":{"rendered":"\u00bfPrimer caso de \u00c9bola en Espa\u00f1a? (un paciente activa el protocolo en Alicante)"},"content":{"rendered":"<p>Actualizaci\u00f3n: <b>el paciente nigeriano de Alicante NO tiene el virus del \u00c9bola seg\u00fan los an\u00e1lisis y no padece la enfermedad no padece la enfermedad, seg\u00fan ha confirmado fuentes del Ministerio de Sanidad.<\/b><\/p>\n<p>Un Hospital de Alicante atiende un posible caso de \u00e9bola, SIN CONFIRMAR. Dadas la caracter\u00edsticas del caso: nigeriano, al parecer ha estado hace menos de 15 d\u00edas en su pa\u00eds y presenta varios s\u00edntomas caracter\u00edsticos del \u00c9bola.<\/p>\n<p>El paciente, un joven nigeriano, acudi\u00f3 al Hospital General de Alicante y desde all\u00ed se le canaliz\u00f3 al Hospital de San Juan con fiebre. El paciente fue ingresado junto con su hermana (esta sin s\u00edntomas). El traslado entre hospitales se hizo con dos ambulancias, polic\u00edas con masacarillas y personal sanitario con trajes especiales de aislamiento. Sanidad aisla una planta entera y activa el protocolo previsto para casos de \u00c9bola.<\/p>\n<table align=\"center\" cellpadding=\"0\" cellspacing=\"0\" class=\"tr-caption-container\" style=\"margin-left: auto; margin-right: auto; text-align: center;\">\n<tbody>\n<tr>\n<td style=\"text-align: center;\"><a href=\"https:\/\/www.euroresidentes.com\/entretenimiento\/actualidad\/wp-content\/uploads\/sites\/24\/2014\/08\/ebola-caso-alicante.jpg\" imageanchor=\"1\" style=\"margin-left: auto; margin-right: auto;\"><img decoding=\"async\" border=\"0\" src=\"https:\/\/www.euroresidentes.com\/entretenimiento\/actualidad\/wp-content\/uploads\/sites\/24\/2014\/08\/ebola-caso-alicante.jpg\" \/><\/a><\/td>\n<\/tr>\n<tr>\n<td class=\"tr-caption\" style=\"text-align: center;\">Policias con mascarillas y personal sanitario a la puerta de Urgencias del Hospital de san Juan Alicante. Imagen Informaci\u00f3n<\/td>\n<\/tr>\n<\/tbody>\n<\/table>\n<div style=\"text-align: center;\">\n<\/div>\n<h3>\n<b>\u00bfPrimer caso de \u00c9bola en Espa\u00f1a? Los riesgos de una pa\u00eds tur\u00edstico y frontera con \u00c1frica<\/b><\/h3>\n<p>En los \u00faltimos d\u00edas la gran avalancha de inmigrantes en pateras y otros medios que est\u00e1n entrando en Espa\u00f1a ha avivado el debate de si Espa\u00f1a estaba m\u00e1s expuesta que ning\u00fan pa\u00eds europeo al virus del \u00c9bola. Esto sin mencionar los viajes de miembros de las comunidades de \u00c1frica Occidental a Espa\u00f1a (ver tema de <a href=\"http:\/\/noticias-vuelos-baratos.euroresidentes.com\/2014\/08\/los-viajes-en-avion-por-todo-un-mundo.html\" target=\"_blank\">Viajes en Avi\u00f3n y \u00c9bola<\/a>).<\/p>\n<p>Las autoridades espa\u00f1olas y europeas pese a ser Espa\u00f1a un pa\u00eds tur\u00edstico a escala mundial (con enorme potencial difuci\u00f3n de la enfermedad) quiz\u00e1s no se han evaluado correctamente los riesgos si se generar un brote de esta enfermedad, muy contagiosa y que cuenta ya en \u00c1frica con un mill\u00f3n de personas en cuarentena. El \u00abcaso de Alicante\u00bb ha activado en las redes sociales numerosos interrogantes, dado que podr\u00edamos estar ante el primer caso de \u00c9bola de Espa\u00f1a.<\/p>\n<p>Se produce en unos momentos en los que los servicios de Urgencias de la costa est\u00e1n colapsados debido a la gran afluencia de turistas y los hospitales en general con menos recursos debido a los recirtes. El caso de Alicante, no obstante, ha puesto en marcha con celeridad el protocolo previsto. En todo caso surgen preguntas como &nbsp;<b>\u00bfqu\u00e9 actuaciones se hacen con las personas que hayan estado en contacto con el potencial caso de \u00c9bola antes de ingresar en el Hospital?&nbsp;<\/b><\/p>\n<table align=\"center\" cellpadding=\"0\" cellspacing=\"0\" class=\"tr-caption-container\" style=\"margin-left: auto; margin-right: auto; text-align: center;\">\n<tbody>\n<tr>\n<td style=\"text-align: center;\"><a href=\"https:\/\/www.euroresidentes.com\/entretenimiento\/actualidad\/wp-content\/uploads\/sites\/24\/2014\/08\/urgencias-hospital-san-juan.jpg\" imageanchor=\"1\" style=\"margin-left: auto; margin-right: auto;\"><img loading=\"lazy\" decoding=\"async\" border=\"0\" src=\"https:\/\/www.euroresidentes.com\/entretenimiento\/actualidad\/wp-content\/uploads\/sites\/24\/2014\/08\/urgencias-hospital-san-juan.jpg\" height=\"220\" width=\"320\" \/><\/a><\/td>\n<\/tr>\n<tr>\n<td class=\"tr-caption\" style=\"text-align: center;\">Urgencias Hospital de San Juan&nbsp;<\/td>\n<\/tr>\n<\/tbody>\n<\/table>\n<h3>\n<b>Se activa el protocolo de contenci\u00f3n del \u00e9bola con un paciente nigeriano<\/b><\/h3>\n<p>El equipo m\u00e9dico que ha realizado el traslado y la Conseller\u00eda de Sanitat, han activado el pasado s\u00e1bado <b>el protocolo de contenci\u00f3n del \u00e9bola. <\/b>Se&nbsp;produce al presentar el paciente varios s\u00edntomas del \u00c9bola, aunque no se han especificado qu\u00e9 clases de s\u00edntomas aparte de fiebre (m\u00e1s de 38,3\u00ba) y al parecer dolor de garganta y malestar general.<\/p>\n<p>El paciente acudi\u00f3 a urgencias del Hospital General (el mayor de la capital alicantina) con fiebre, y los m\u00e9dicos de este centro sanitario decidieron trasladarlo a otro centro cercano, el&nbsp;<i>Hospital de San Juan de Alicante. <\/i>Al&nbsp;parecer la raz\u00f3n se justifica porque el Hospital de San Juan es el centro de referencia en la provincia de Alicante para tratar posibles casos de \u00e9bola en la zona.<\/p>\n<p>El traslado se ha efectuado con gran profusi\u00f3n de medios: dos ambulancias, personal sanitario con equipamiento de traje de aislamiento, furg\u00f3n con seis policias tambi\u00e9n con mascarillas.<\/p>\n<p>Ha sido un ingreso doble, dado que el paciente nigeriano iba acompa\u00f1ado por su hermana y aunque esta no presentaba s\u00edntomas, el protocolo hospitalario exige el internamiento de la persona que ha estado en contacto, al menos hasta que se confirmara que el nigeriano ingresado no padece la enfermedad. <\/p>\n<p>El traslado se ha llevado a cabo en una &nbsp;ambulancia medicalizada (Soporte Vital B\u00e1sico (SVB)) &nbsp;y la hermana en una ambulancia cl\u00e1sica Transporte no Asistido (TNA).<\/p>\n<h3>\n<b>El personal del Hospital con mascarillas (\u00bfinsuficientes?)<\/b><\/h3>\n<p>\nEl equipo m\u00e9dico ha tomado todas las precauciones establecidas en el protocolo protegi\u00e9ndose con trajes aislantes y mascarillas. No obstante, los sindicatos han alertado sobre la escasez de medios (por ejemplo trajes y mascarillas existentes) para todo el personal sanitario.<\/p>\n<p>Tampoco se sabe el protocolo que se ha aplicado para el aislamiento de la planta. El contagio del \u00c9bola se produce a trav\u00e9s del contacto de fluidos con el que lo padece (sudor, sangre, saliva&#8230;) Ver <a href=\"http:\/\/10-razones.euroresidentes.com\/2014\/08\/ebola-10-cosas-importantes-que-hay-que.html\" target=\"_blank\">\u00c9bola: 10 cosas importantes que hay que saber<\/a>. Tambi\u00e9n algunos sostienen que el virus podr\u00eda ser transmitido a trav\u00e9s de los \u00e1caros.<\/p>\n<p>Al parecer se ha provocado algo de confusi\u00f3n. &nbsp;El paciente nigeriano, argumentaba que estaba bien y se negaba a ser trasladado y ponerse el traje de aislamiento, esto habr\u00eda originado la presencia del furg\u00f3n de la policia en traslado al Hospital seg\u00fan informa el diario Informaci\u00f3n de Alicante.<\/p>\n<h3>\n<b>Pruebas de \u00e9bola y su remisi\u00f3n al Instituto de Epidemiolog\u00eda Carlos III<\/b><\/h3>\n<p>\nEl paciente ha ingresado en el Hospital de San Juan de Alicante en torno a las siete de la tarde del S\u00e1bado 16 de agosto. Es en este centro donde se le practicar\u00e1n las pruebas del \u00e9bola para detectar si padece la enfermedad.<\/p>\n<p>Desde el Hospital de San Juan se han remitido muestras de sangre y fluidos al Instituto Nacional de Epidemiologia Carlos III de Madrid donde ya estar\u00edan siendo analizadas para comprobar si el paciente muestra el test positivo del \u00e9bola. Otras fuentes indican que el Centro Nacional de Microbiolog\u00eda, que guarda las muestras de \u00e9bola de Pajares, analizar\u00e1 el caso de Alicante<\/p>\n<p>Es importante insistir en que el caso de Alicante a\u00fan est\u00e1 <b>sin confirmar. Actualizaci\u00f3n EL PACIENTE NO PADECE EL VIRUS DEL \u00c9BOLA<\/b><\/p>\n<p><a href=\"http:\/\/10-razones.euroresidentes.com\/2014\/08\/ebola-10-cosas-importantes-que-hay-que.html\" target=\"_blank\">\u00c9bola: 10 cosas importantes que hay que saber<\/a><\/p>\n","protected":false},"excerpt":{"rendered":"<p>Actualizaci\u00f3n: el paciente nigeriano de Alicante NO tiene el virus del \u00c9bola seg\u00fan los an\u00e1lisis y no padece la enfermedad no padece la enfermedad, seg\u00fan ha confirmado fuentes del Ministerio de Sanidad. Un Hospital de Alicante atiende un posible caso de \u00e9bola, SIN CONFIRMAR. Dadas la caracter\u00edsticas del caso: nigeriano, al parecer ha estado hace menos de 15 d\u00edas en su pa\u00eds y presenta varios s\u00edntomas caracter\u00edsticos del \u00c9bola. El paciente, un joven nigeriano, acudi\u00f3 al Hospital General de Alicante y desde all\u00ed se le canaliz\u00f3 al Hospital de San Juan con fiebre. El paciente fue ingresado junto con su <\/p>\n","protected":false},"author":1,"featured_media":1472,"comment_status":"open","ping_status":"open","sticky":false,"template":"","format":"standard","meta":{"footnotes":""},"categories":[1],"tags":[],"class_list":["post-611","post","type-post","status-publish","format-standard","has-post-thumbnail","hentry","category-general","has_thumb"],"yoast_head":"<!-- This site is optimized with the Yoast SEO plugin v24.1 - https:\/\/yoast.com\/wordpress\/plugins\/seo\/ -->\n<title>\u00bfPrimer caso de \u00c9bola en Espa\u00f1a? (un paciente activa el protocolo en Alicante) - Actualidad: famosos, \u00e9xitos, deportes...<\/title>\n<meta name=\"robots\" content=\"index, follow, max-snippet:-1, max-image-preview:large, max-video-preview:-1\" \/>\n<link rel=\"canonical\" href=\"https:\/\/www.euroresidentes.com\/entretenimiento\/actualidad\/primer-caso-de-ebola-en-espana\/\" \/>\n<meta property=\"og:locale\" content=\"es_ES\" \/>\n<meta property=\"og:type\" content=\"article\" \/>\n<meta property=\"og:title\" content=\"\u00bfPrimer caso de \u00c9bola en Espa\u00f1a? (un paciente activa el protocolo en Alicante) - Actualidad: famosos, \u00e9xitos, deportes...\" \/>\n<meta property=\"og:description\" content=\"Actualizaci\u00f3n: el paciente nigeriano de Alicante NO tiene el virus del \u00c9bola seg\u00fan los an\u00e1lisis y no padece la enfermedad no padece la enfermedad, seg\u00fan ha confirmado fuentes del Ministerio de Sanidad. Un Hospital de Alicante atiende un posible caso de \u00e9bola, SIN CONFIRMAR. Dadas la caracter\u00edsticas del caso: nigeriano, al parecer ha estado hace menos de 15 d\u00edas en su pa\u00eds y presenta varios s\u00edntomas caracter\u00edsticos del \u00c9bola. El paciente, un joven nigeriano, acudi\u00f3 al Hospital General de Alicante y desde all\u00ed se le canaliz\u00f3 al Hospital de San Juan con fiebre. El paciente fue ingresado junto con su\" \/>\n<meta property=\"og:url\" content=\"https:\/\/www.euroresidentes.com\/entretenimiento\/actualidad\/primer-caso-de-ebola-en-espana\/\" \/>\n<meta property=\"og:site_name\" content=\"Actualidad: famosos, \u00e9xitos, deportes...\" \/>\n<meta property=\"article:publisher\" content=\"https:\/\/www.facebook.com\/euroresidentes\/\" \/>\n<meta property=\"article:published_time\" content=\"2014-08-16T21:33:00+00:00\" \/>\n<meta property=\"article:modified_time\" content=\"2016-02-23T16:08:07+00:00\" \/>\n<meta property=\"og:image\" content=\"https:\/\/www.euroresidentes.com\/entretenimiento\/actualidad\/wp-content\/uploads\/sites\/24\/2014\/08\/ebola-caso-alicante-1.jpg\" \/>\n\t<meta property=\"og:image:width\" content=\"600\" \/>\n\t<meta property=\"og:image:height\" content=\"447\" \/>\n\t<meta property=\"og:image:type\" content=\"image\/jpeg\" \/>\n<meta name=\"author\" content=\"Euroresidentes\" \/>\n<meta name=\"twitter:card\" content=\"summary_large_image\" \/>\n<meta name=\"twitter:label1\" content=\"Written by\" \/>\n\t<meta name=\"twitter:data1\" content=\"Euroresidentes\" \/>\n\t<meta name=\"twitter:label2\" content=\"Est. reading time\" \/>\n\t<meta name=\"twitter:data2\" content=\"5 minutos\" \/>\n<script type=\"application\/ld+json\" class=\"yoast-schema-graph\">{\"@context\":\"https:\/\/schema.org\",\"@graph\":[{\"@type\":\"WebPage\",\"@id\":\"https:\/\/www.euroresidentes.com\/entretenimiento\/actualidad\/primer-caso-de-ebola-en-espana\/\",\"url\":\"https:\/\/www.euroresidentes.com\/entretenimiento\/actualidad\/primer-caso-de-ebola-en-espana\/\",\"name\":\"\u00bfPrimer caso de \u00c9bola en Espa\u00f1a? (un paciente activa el protocolo en Alicante) - Actualidad: famosos, \u00e9xitos, deportes...\",\"isPartOf\":{\"@id\":\"https:\/\/www.euroresidentes.com\/entretenimiento\/actualidad\/#website\"},\"primaryImageOfPage\":{\"@id\":\"https:\/\/www.euroresidentes.com\/entretenimiento\/actualidad\/primer-caso-de-ebola-en-espana\/#primaryimage\"},\"image\":{\"@id\":\"https:\/\/www.euroresidentes.com\/entretenimiento\/actualidad\/primer-caso-de-ebola-en-espana\/#primaryimage\"},\"thumbnailUrl\":\"https:\/\/www.euroresidentes.com\/entretenimiento\/actualidad\/wp-content\/uploads\/sites\/24\/2014\/08\/ebola-caso-alicante-1.jpg\",\"datePublished\":\"2014-08-16T21:33:00+00:00\",\"dateModified\":\"2016-02-23T16:08:07+00:00\",\"author\":{\"@id\":\"https:\/\/www.euroresidentes.com\/entretenimiento\/actualidad\/#\/schema\/person\/e41441f91af6208631ba0be4ea9c5f01\"},\"breadcrumb\":{\"@id\":\"https:\/\/www.euroresidentes.com\/entretenimiento\/actualidad\/primer-caso-de-ebola-en-espana\/#breadcrumb\"},\"inLanguage\":\"es\",\"potentialAction\":[{\"@type\":\"ReadAction\",\"target\":[\"https:\/\/www.euroresidentes.com\/entretenimiento\/actualidad\/primer-caso-de-ebola-en-espana\/\"]}]},{\"@type\":\"ImageObject\",\"inLanguage\":\"es\",\"@id\":\"https:\/\/www.euroresidentes.com\/entretenimiento\/actualidad\/primer-caso-de-ebola-en-espana\/#primaryimage\",\"url\":\"https:\/\/www.euroresidentes.com\/entretenimiento\/actualidad\/wp-content\/uploads\/sites\/24\/2014\/08\/ebola-caso-alicante-1.jpg\",\"contentUrl\":\"https:\/\/www.euroresidentes.com\/entretenimiento\/actualidad\/wp-content\/uploads\/sites\/24\/2014\/08\/ebola-caso-alicante-1.jpg\",\"width\":600,\"height\":447},{\"@type\":\"BreadcrumbList\",\"@id\":\"https:\/\/www.euroresidentes.com\/entretenimiento\/actualidad\/primer-caso-de-ebola-en-espana\/#breadcrumb\",\"itemListElement\":[{\"@type\":\"ListItem\",\"position\":1,\"name\":\"Portada\",\"item\":\"https:\/\/www.euroresidentes.com\/entretenimiento\/actualidad\/\"},{\"@type\":\"ListItem\",\"position\":2,\"name\":\"\u00bfPrimer caso de \u00c9bola en Espa\u00f1a? (un paciente activa el protocolo en Alicante)\"}]},{\"@type\":\"WebSite\",\"@id\":\"https:\/\/www.euroresidentes.com\/entretenimiento\/actualidad\/#website\",\"url\":\"https:\/\/www.euroresidentes.com\/entretenimiento\/actualidad\/\",\"name\":\"Actualidad: famosos, \u00e9xitos, deportes...\",\"description\":\"Euroresidentes\",\"potentialAction\":[{\"@type\":\"SearchAction\",\"target\":{\"@type\":\"EntryPoint\",\"urlTemplate\":\"https:\/\/www.euroresidentes.com\/entretenimiento\/actualidad\/?s={search_term_string}\"},\"query-input\":{\"@type\":\"PropertyValueSpecification\",\"valueRequired\":true,\"valueName\":\"search_term_string\"}}],\"inLanguage\":\"es\"},{\"@type\":\"Person\",\"@id\":\"https:\/\/www.euroresidentes.com\/entretenimiento\/actualidad\/#\/schema\/person\/e41441f91af6208631ba0be4ea9c5f01\",\"name\":\"Euroresidentes\",\"image\":{\"@type\":\"ImageObject\",\"inLanguage\":\"es\",\"@id\":\"https:\/\/www.euroresidentes.com\/entretenimiento\/actualidad\/#\/schema\/person\/image\/\",\"url\":\"https:\/\/www.euroresidentes.com\/entretenimiento\/actualidad\/wp-content\/uploads\/sites\/24\/2016\/09\/logo-euroresidentes-150x150.jpg\",\"contentUrl\":\"https:\/\/www.euroresidentes.com\/entretenimiento\/actualidad\/wp-content\/uploads\/sites\/24\/2016\/09\/logo-euroresidentes-150x150.jpg\",\"caption\":\"Euroresidentes\"},\"description\":\"Euroresidentes\",\"sameAs\":[\"https:\/\/www.euroresidentes.com\/info.htm\"],\"url\":\"https:\/\/www.euroresidentes.com\/entretenimiento\/actualidad\/author\/euroresidentes\/\"}]}<\/script>\n<!-- \/ Yoast SEO plugin. -->","yoast_head_json":{"title":"\u00bfPrimer caso de \u00c9bola en Espa\u00f1a? (un paciente activa el protocolo en Alicante) - Actualidad: famosos, \u00e9xitos, deportes...","robots":{"index":"index","follow":"follow","max-snippet":"max-snippet:-1","max-image-preview":"max-image-preview:large","max-video-preview":"max-video-preview:-1"},"canonical":"https:\/\/www.euroresidentes.com\/entretenimiento\/actualidad\/primer-caso-de-ebola-en-espana\/","og_locale":"es_ES","og_type":"article","og_title":"\u00bfPrimer caso de \u00c9bola en Espa\u00f1a? (un paciente activa el protocolo en Alicante) - Actualidad: famosos, \u00e9xitos, deportes...","og_description":"Actualizaci\u00f3n: el paciente nigeriano de Alicante NO tiene el virus del \u00c9bola seg\u00fan los an\u00e1lisis y no padece la enfermedad no padece la enfermedad, seg\u00fan ha confirmado fuentes del Ministerio de Sanidad. Un Hospital de Alicante atiende un posible caso de \u00e9bola, SIN CONFIRMAR. Dadas la caracter\u00edsticas del caso: nigeriano, al parecer ha estado hace menos de 15 d\u00edas en su pa\u00eds y presenta varios s\u00edntomas caracter\u00edsticos del \u00c9bola. El paciente, un joven nigeriano, acudi\u00f3 al Hospital General de Alicante y desde all\u00ed se le canaliz\u00f3 al Hospital de San Juan con fiebre. El paciente fue ingresado junto con su","og_url":"https:\/\/www.euroresidentes.com\/entretenimiento\/actualidad\/primer-caso-de-ebola-en-espana\/","og_site_name":"Actualidad: famosos, \u00e9xitos, deportes...","article_publisher":"https:\/\/www.facebook.com\/euroresidentes\/","article_published_time":"2014-08-16T21:33:00+00:00","article_modified_time":"2016-02-23T16:08:07+00:00","og_image":[{"width":600,"height":447,"url":"https:\/\/www.euroresidentes.com\/entretenimiento\/actualidad\/wp-content\/uploads\/sites\/24\/2014\/08\/ebola-caso-alicante-1.jpg","type":"image\/jpeg"}],"author":"Euroresidentes","twitter_card":"summary_large_image","twitter_misc":{"Written by":"Euroresidentes","Est. reading time":"5 minutos"},"schema":{"@context":"https:\/\/schema.org","@graph":[{"@type":"WebPage","@id":"https:\/\/www.euroresidentes.com\/entretenimiento\/actualidad\/primer-caso-de-ebola-en-espana\/","url":"https:\/\/www.euroresidentes.com\/entretenimiento\/actualidad\/primer-caso-de-ebola-en-espana\/","name":"\u00bfPrimer caso de \u00c9bola en Espa\u00f1a? (un paciente activa el protocolo en Alicante) - Actualidad: famosos, \u00e9xitos, deportes...","isPartOf":{"@id":"https:\/\/www.euroresidentes.com\/entretenimiento\/actualidad\/#website"},"primaryImageOfPage":{"@id":"https:\/\/www.euroresidentes.com\/entretenimiento\/actualidad\/primer-caso-de-ebola-en-espana\/#primaryimage"},"image":{"@id":"https:\/\/www.euroresidentes.com\/entretenimiento\/actualidad\/primer-caso-de-ebola-en-espana\/#primaryimage"},"thumbnailUrl":"https:\/\/www.euroresidentes.com\/entretenimiento\/actualidad\/wp-content\/uploads\/sites\/24\/2014\/08\/ebola-caso-alicante-1.jpg","datePublished":"2014-08-16T21:33:00+00:00","dateModified":"2016-02-23T16:08:07+00:00","author":{"@id":"https:\/\/www.euroresidentes.com\/entretenimiento\/actualidad\/#\/schema\/person\/e41441f91af6208631ba0be4ea9c5f01"},"breadcrumb":{"@id":"https:\/\/www.euroresidentes.com\/entretenimiento\/actualidad\/primer-caso-de-ebola-en-espana\/#breadcrumb"},"inLanguage":"es","potentialAction":[{"@type":"ReadAction","target":["https:\/\/www.euroresidentes.com\/entretenimiento\/actualidad\/primer-caso-de-ebola-en-espana\/"]}]},{"@type":"ImageObject","inLanguage":"es","@id":"https:\/\/www.euroresidentes.com\/entretenimiento\/actualidad\/primer-caso-de-ebola-en-espana\/#primaryimage","url":"https:\/\/www.euroresidentes.com\/entretenimiento\/actualidad\/wp-content\/uploads\/sites\/24\/2014\/08\/ebola-caso-alicante-1.jpg","contentUrl":"https:\/\/www.euroresidentes.com\/entretenimiento\/actualidad\/wp-content\/uploads\/sites\/24\/2014\/08\/ebola-caso-alicante-1.jpg","width":600,"height":447},{"@type":"BreadcrumbList","@id":"https:\/\/www.euroresidentes.com\/entretenimiento\/actualidad\/primer-caso-de-ebola-en-espana\/#breadcrumb","itemListElement":[{"@type":"ListItem","position":1,"name":"Portada","item":"https:\/\/www.euroresidentes.com\/entretenimiento\/actualidad\/"},{"@type":"ListItem","position":2,"name":"\u00bfPrimer caso de \u00c9bola en Espa\u00f1a? (un paciente activa el protocolo en Alicante)"}]},{"@type":"WebSite","@id":"https:\/\/www.euroresidentes.com\/entretenimiento\/actualidad\/#website","url":"https:\/\/www.euroresidentes.com\/entretenimiento\/actualidad\/","name":"Actualidad: famosos, \u00e9xitos, deportes...","description":"Euroresidentes","potentialAction":[{"@type":"SearchAction","target":{"@type":"EntryPoint","urlTemplate":"https:\/\/www.euroresidentes.com\/entretenimiento\/actualidad\/?s={search_term_string}"},"query-input":{"@type":"PropertyValueSpecification","valueRequired":true,"valueName":"search_term_string"}}],"inLanguage":"es"},{"@type":"Person","@id":"https:\/\/www.euroresidentes.com\/entretenimiento\/actualidad\/#\/schema\/person\/e41441f91af6208631ba0be4ea9c5f01","name":"Euroresidentes","image":{"@type":"ImageObject","inLanguage":"es","@id":"https:\/\/www.euroresidentes.com\/entretenimiento\/actualidad\/#\/schema\/person\/image\/","url":"https:\/\/www.euroresidentes.com\/entretenimiento\/actualidad\/wp-content\/uploads\/sites\/24\/2016\/09\/logo-euroresidentes-150x150.jpg","contentUrl":"https:\/\/www.euroresidentes.com\/entretenimiento\/actualidad\/wp-content\/uploads\/sites\/24\/2016\/09\/logo-euroresidentes-150x150.jpg","caption":"Euroresidentes"},"description":"Euroresidentes","sameAs":["https:\/\/www.euroresidentes.com\/info.htm"],"url":"https:\/\/www.euroresidentes.com\/entretenimiento\/actualidad\/author\/euroresidentes\/"}]}},"_links":{"self":[{"href":"https:\/\/www.euroresidentes.com\/entretenimiento\/actualidad\/wp-json\/wp\/v2\/posts\/611","targetHints":{"allow":["GET"]}}],"collection":[{"href":"https:\/\/www.euroresidentes.com\/entretenimiento\/actualidad\/wp-json\/wp\/v2\/posts"}],"about":[{"href":"https:\/\/www.euroresidentes.com\/entretenimiento\/actualidad\/wp-json\/wp\/v2\/types\/post"}],"author":[{"embeddable":true,"href":"https:\/\/www.euroresidentes.com\/entretenimiento\/actualidad\/wp-json\/wp\/v2\/users\/1"}],"replies":[{"embeddable":true,"href":"https:\/\/www.euroresidentes.com\/entretenimiento\/actualidad\/wp-json\/wp\/v2\/comments?post=611"}],"version-history":[{"count":1,"href":"https:\/\/www.euroresidentes.com\/entretenimiento\/actualidad\/wp-json\/wp\/v2\/posts\/611\/revisions"}],"predecessor-version":[{"id":1338,"href":"https:\/\/www.euroresidentes.com\/entretenimiento\/actualidad\/wp-json\/wp\/v2\/posts\/611\/revisions\/1338"}],"wp:featuredmedia":[{"embeddable":true,"href":"https:\/\/www.euroresidentes.com\/entretenimiento\/actualidad\/wp-json\/wp\/v2\/media\/1472"}],"wp:attachment":[{"href":"https:\/\/www.euroresidentes.com\/entretenimiento\/actualidad\/wp-json\/wp\/v2\/media?parent=611"}],"wp:term":[{"taxonomy":"category","embeddable":true,"href":"https:\/\/www.euroresidentes.com\/entretenimiento\/actualidad\/wp-json\/wp\/v2\/categories?post=611"},{"taxonomy":"post_tag","embeddable":true,"href":"https:\/\/www.euroresidentes.com\/entretenimiento\/actualidad\/wp-json\/wp\/v2\/tags?post=611"}],"curies":[{"name":"wp","href":"https:\/\/api.w.org\/{rel}","templated":true}]}}