{"id":609,"date":"2014-09-03T09:12:00","date_gmt":"2014-09-03T09:12:00","guid":{"rendered":"https:\/\/www.euroresidentes.com\/entretenimiento\/actualidad\/sufren-acoso-las-periodistas-deportivas"},"modified":"2016-02-23T16:08:07","modified_gmt":"2016-02-23T16:08:07","slug":"sufren-acoso-las-periodistas-deportivas","status":"publish","type":"post","link":"https:\/\/www.euroresidentes.com\/entretenimiento\/actualidad\/sufren-acoso-las-periodistas-deportivas\/","title":{"rendered":"\u00bfSufren acoso las periodistas deportivas espa\u00f1olas?"},"content":{"rendered":"<p>Han saltado las alarmas. Periodistas deportivas en Europa (especialmente Francia) han denunciado el acoso sexual de los jugadores y estrellas del bal\u00f3n.<\/p>\n<p>Periodistas que cubren informaci\u00f3n a pie de campo en Francia reciben mensajes &#8216;indecentes&#8217; no s\u00f3lo de futbolistas incluso \u00e1rbitros y entrenadores. &nbsp; Una periodista belga cuenta en un libro el acoso recibido durante toda su carrera como informadora deportiva.<\/p>\n<table align=\"center\" cellpadding=\"0\" cellspacing=\"0\" class=\"tr-caption-container\" style=\"margin-left: auto; margin-right: auto; text-align: center;\">\n<tbody>\n<tr>\n<td style=\"text-align: center;\"><a href=\"https:\/\/www.euroresidentes.com\/entretenimiento\/actualidad\/wp-content\/uploads\/sites\/24\/2014\/09\/Hilde-Van-Malderen.jpg\" imageanchor=\"1\" style=\"margin-left: auto; margin-right: auto;\"><img loading=\"lazy\" decoding=\"async\" border=\"0\" src=\"https:\/\/www.euroresidentes.com\/entretenimiento\/actualidad\/wp-content\/uploads\/sites\/24\/2014\/09\/Hilde-Van-Malderen.jpg\" height=\"301\" width=\"400\" \/><\/a><\/td>\n<\/tr>\n<tr>\n<td class=\"tr-caption\" style=\"text-align: center;\">Hilde Van Malderen, autora de&nbsp;<i style=\"text-align: start;\">Speelgoed<\/i><\/td>\n<\/tr>\n<\/tbody>\n<\/table>\n<div style=\"text-align: center;\">\n<\/div>\n<p>La igualdad de oportunidades y la incorporaci\u00f3n de la mujer a todos los trabajos no resuelve todos los problemas. Hay espacios donde el machismo y la atm\u00f3sfera que se respira propicia un ambiente nada tranquilizador para la mujer. As\u00ed lo han puesto de relieve un conjunto de periodistas como la belga <b>Hilde Van Malderen<\/b> que en su libro <i><b>Speelgoed<\/b><\/i> relata lindezas y proposiciones indecentes a trav\u00e9s de SMS como estas:<\/p>\n<blockquote class=\"tr_bq\"><p>\n\u00ab\u00bfSabes que me gusta beber champ\u00e1n? Me encantar\u00eda derramarlo sobre tu cuerpo y lamerlo todo\u00bb.<br \/>\n\u00abEl martes, nosotros dos solos en los ba\u00f1os del aeropuerto de Zaventem&#8230; A ver si te atreves\u00bb o \u00ab\u00bfVienes a dormir a mi casa?\u00bb<\/p><\/blockquote>\n<p>A la denuncia de <b>Hilde Van Malderen<\/b> se han unido varias periodistas deportivas francesas como <b>Marion Aydalot<\/b> (Europe 1 o Canal Supporters), aunque otras han defendido no tener problemas y que era importante no dar cr\u00e9dito.<\/p>\n<table align=\"center\" cellpadding=\"0\" cellspacing=\"0\" class=\"tr-caption-container\" style=\"margin-left: auto; margin-right: auto; text-align: center;\">\n<tbody>\n<tr>\n<td style=\"text-align: center;\"><a href=\"https:\/\/www.euroresidentes.com\/entretenimiento\/actualidad\/wp-content\/uploads\/sites\/24\/2014\/09\/Marion-Aydalot.jpg\" imageanchor=\"1\" style=\"margin-left: auto; margin-right: auto;\"><img loading=\"lazy\" decoding=\"async\" border=\"0\" src=\"https:\/\/www.euroresidentes.com\/entretenimiento\/actualidad\/wp-content\/uploads\/sites\/24\/2014\/09\/Marion-Aydalot.jpg\" height=\"225\" width=\"400\" \/><\/a><\/td>\n<\/tr>\n<tr>\n<td class=\"tr-caption\" style=\"text-align: center;\">Marion Aydalot, otra de las periodistas acosadas en Francia<\/td>\n<\/tr>\n<\/tbody>\n<\/table>\n<div style=\"text-align: center;\">\n<\/div>\n<h3>\nLas periodistas deportivas espa\u00f1olas \u00bfsufren acoso?<\/h3>\n<p>No parece que las periodistas espa\u00f1olas sufran este tipo de acoso en Espa\u00f1a. Al menos no lo han denunciado. Hemos intentando ponernos en contacto con ellas pero no parece que les apetezca &nbsp;hablar de este tema.<\/p>\n<p>En alg\u00fan caso las raz\u00f3n puede ir unida &nbsp;a que una denuncia del tema puede llevar consigo mayores dificultades para desarrollar su trabajo. M\u00e1s dificultades a la hora de conseguir entrevistas, declaraciones, etc. Tambi\u00e9n es verdad que pueden darse unas condiciones diferentes.<\/p>\n<p>Por ejemplo, un factor diferencial de las informadoras deportivas en Espa\u00f1a es que han protagonizado romances m\u00e1s o menos estables con jugadores o deportistas concretos. El m\u00e1s conocido ha sido el de <b>Sara Carbonero<\/b> e <b>Iker Casillas<\/b>, el portero del Real Madrid y capit\u00e1n de la Selecci\u00f3n espa\u00f1ola.<\/p>\n<table align=\"center\" cellpadding=\"0\" cellspacing=\"0\" class=\"tr-caption-container\" style=\"margin-left: auto; margin-right: auto; text-align: center;\">\n<tbody>\n<tr>\n<td style=\"text-align: center;\"><a href=\"https:\/\/www.euroresidentes.com\/entretenimiento\/actualidad\/wp-content\/uploads\/sites\/24\/2014\/09\/iker-sara.jpg\" imageanchor=\"1\" style=\"margin-left: auto; margin-right: auto;\"><img loading=\"lazy\" decoding=\"async\" border=\"0\" src=\"https:\/\/www.euroresidentes.com\/entretenimiento\/actualidad\/wp-content\/uploads\/sites\/24\/2014\/09\/iker-sara.jpg\" height=\"307\" width=\"400\" \/><\/a><\/td>\n<\/tr>\n<tr>\n<td class=\"tr-caption\" style=\"text-align: center;\">Iker Casillas -Sara Carbonero<\/td>\n<\/tr>\n<\/tbody>\n<\/table>\n<div style=\"text-align: left;\">\nOtra periodista muy conocida como <b>Lara \u00c1lvarez<\/b> tuvo una relaci\u00f3n (ya concluida) con el defensa del Real Madrid <b>Sergio Ramos<\/b>.<\/div>\n<div style=\"text-align: left;\">\n<\/div>\n<table align=\"center\" cellpadding=\"0\" cellspacing=\"0\" class=\"tr-caption-container\" style=\"margin-left: auto; margin-right: auto; text-align: center;\">\n<tbody>\n<tr>\n<td style=\"text-align: center;\"><a href=\"https:\/\/www.euroresidentes.com\/entretenimiento\/actualidad\/wp-content\/uploads\/sites\/24\/2014\/09\/lara-alvarez-sergio-ramos.jpg\" imageanchor=\"1\" style=\"margin-left: auto; margin-right: auto;\"><img loading=\"lazy\" decoding=\"async\" border=\"0\" src=\"https:\/\/www.euroresidentes.com\/entretenimiento\/actualidad\/wp-content\/uploads\/sites\/24\/2014\/09\/lara-alvarez-sergio-ramos.jpg\" height=\"400\" width=\"313\" \/><\/a><\/td>\n<\/tr>\n<tr>\n<td class=\"tr-caption\">Lara Alvarez y Sergio Ramos  <br \/>\nImagen de playersgf.blogspot.com.es<\/td>\n<\/tr>\n<\/tbody>\n<\/table>\n<div style=\"text-align: left;\">\nEste tipo de relaciones quiz\u00e1s han contribuido a que disminuya la presi\u00f3n o acoso de terceros. Aunque tambi\u00e9n hay una importante n\u00f3mina de periodistas e informadoras deportivas a las que no se les conoce ninguna relaci\u00f3n. Es el caso de profesionales como <b>Alba Lago, Eva Tur\u00e9gano o Karina Kvasniova<\/b>&#8230;<\/div>\n<div style=\"text-align: left;\">\n<br \/>\n<b>Eva Tur\u00e9gano <\/b>(Intereconom\u00eda, Antena 3), tambi\u00e9n ha confesado que fue novia de un futbolista (hace tiempo se rumore\u00f3 acerca de su posible noviazgo con Andr\u00e9s Iniesta). Y es con diferencia la m\u00e1s reivindicativa e inquisitiva. Ha llegado a declarar que \u00abUltimamente vemos muchas ni\u00f1as guapas en televisi\u00f3n\u00bb.<\/p>\n<table align=\"center\" cellpadding=\"0\" cellspacing=\"0\" class=\"tr-caption-container\" style=\"margin-left: auto; margin-right: auto; text-align: center;\">\n<tbody>\n<tr>\n<td style=\"text-align: center;\"><a href=\"https:\/\/www.euroresidentes.com\/entretenimiento\/actualidad\/wp-content\/uploads\/sites\/24\/2014\/09\/eva-turegano.jpg\" imageanchor=\"1\" style=\"margin-left: auto; margin-right: auto;\"><img loading=\"lazy\" decoding=\"async\" border=\"0\" src=\"https:\/\/www.euroresidentes.com\/entretenimiento\/actualidad\/wp-content\/uploads\/sites\/24\/2014\/09\/eva-turegano.jpg\" height=\"300\" width=\"400\" \/><\/a><\/td>\n<\/tr>\n<tr>\n<td class=\"tr-caption\" style=\"text-align: center;\">Eva Tur\u00e9gano, la m\u00e1s incisiva<\/td>\n<\/tr>\n<\/tbody>\n<\/table>\n<div style=\"text-align: center;\">\n<\/div>\n<p>Ella misma destacaba que el director de &#8216;El Larguero&#8217; de la Cadena SER, <b>Jos\u00e9 Ram\u00f3n de la Morena<\/b>, al parecer tiene vedada la participaci\u00f3n de profesionales mujeres en su espacio informativo. Y es que, otras consideraciones aparte, al aparecer, la profesi\u00f3n de periodista deportiva no parece nada f\u00e1cil.<\/div>\n<div style=\"text-align: center;\">\n<\/div>\n<p><\/p>\n","protected":false},"excerpt":{"rendered":"<p>Han saltado las alarmas. Periodistas deportivas en Europa (especialmente Francia) han denunciado el acoso sexual de los jugadores y estrellas del bal\u00f3n. Periodistas que cubren informaci\u00f3n a pie de campo en Francia reciben mensajes &#8216;indecentes&#8217; no s\u00f3lo de futbolistas incluso \u00e1rbitros y entrenadores. &nbsp; Una periodista belga cuenta en un libro el acoso recibido durante toda su carrera como informadora deportiva. Hilde Van Malderen, autora de&nbsp;Speelgoed La igualdad de oportunidades y la incorporaci\u00f3n de la mujer a todos los trabajos no resuelve todos los problemas. Hay espacios donde el machismo y la atm\u00f3sfera que se respira propicia un ambiente nada <\/p>\n","protected":false},"author":1,"featured_media":1468,"comment_status":"open","ping_status":"open","sticky":false,"template":"","format":"standard","meta":{"footnotes":""},"categories":[1],"tags":[],"class_list":["post-609","post","type-post","status-publish","format-standard","has-post-thumbnail","hentry","category-general","has_thumb"],"yoast_head":"<!-- This site is optimized with the Yoast SEO plugin v24.1 - https:\/\/yoast.com\/wordpress\/plugins\/seo\/ -->\n<title>\u00bfSufren acoso las periodistas deportivas espa\u00f1olas? - Actualidad: famosos, \u00e9xitos, deportes...<\/title>\n<meta name=\"robots\" content=\"index, follow, max-snippet:-1, max-image-preview:large, max-video-preview:-1\" \/>\n<link rel=\"canonical\" href=\"https:\/\/www.euroresidentes.com\/entretenimiento\/actualidad\/sufren-acoso-las-periodistas-deportivas\/\" \/>\n<meta property=\"og:locale\" content=\"es_ES\" \/>\n<meta property=\"og:type\" content=\"article\" \/>\n<meta property=\"og:title\" content=\"\u00bfSufren acoso las periodistas deportivas espa\u00f1olas? - Actualidad: famosos, \u00e9xitos, deportes...\" \/>\n<meta property=\"og:description\" content=\"Han saltado las alarmas. Periodistas deportivas en Europa (especialmente Francia) han denunciado el acoso sexual de los jugadores y estrellas del bal\u00f3n. Periodistas que cubren informaci\u00f3n a pie de campo en Francia reciben mensajes &#8216;indecentes&#8217; no s\u00f3lo de futbolistas incluso \u00e1rbitros y entrenadores. &nbsp; Una periodista belga cuenta en un libro el acoso recibido durante toda su carrera como informadora deportiva. Hilde Van Malderen, autora de&nbsp;Speelgoed La igualdad de oportunidades y la incorporaci\u00f3n de la mujer a todos los trabajos no resuelve todos los problemas. Hay espacios donde el machismo y la atm\u00f3sfera que se respira propicia un ambiente nada\" \/>\n<meta property=\"og:url\" content=\"https:\/\/www.euroresidentes.com\/entretenimiento\/actualidad\/sufren-acoso-las-periodistas-deportivas\/\" \/>\n<meta property=\"og:site_name\" content=\"Actualidad: famosos, \u00e9xitos, deportes...\" \/>\n<meta property=\"article:publisher\" content=\"https:\/\/www.facebook.com\/euroresidentes\/\" \/>\n<meta property=\"article:published_time\" content=\"2014-09-03T09:12:00+00:00\" \/>\n<meta property=\"article:modified_time\" content=\"2016-02-23T16:08:07+00:00\" \/>\n<meta property=\"og:image\" content=\"https:\/\/www.euroresidentes.com\/entretenimiento\/actualidad\/wp-content\/uploads\/sites\/24\/2014\/09\/Hilde-Van-Malderen-1.jpg\" \/>\n\t<meta property=\"og:image:width\" content=\"600\" \/>\n\t<meta property=\"og:image:height\" content=\"452\" \/>\n\t<meta property=\"og:image:type\" content=\"image\/jpeg\" \/>\n<meta name=\"author\" content=\"Euroresidentes\" \/>\n<meta name=\"twitter:card\" content=\"summary_large_image\" \/>\n<meta name=\"twitter:label1\" content=\"Written by\" \/>\n\t<meta name=\"twitter:data1\" content=\"Euroresidentes\" \/>\n\t<meta name=\"twitter:label2\" content=\"Est. reading time\" \/>\n\t<meta name=\"twitter:data2\" content=\"3 minutos\" \/>\n<script type=\"application\/ld+json\" class=\"yoast-schema-graph\">{\"@context\":\"https:\/\/schema.org\",\"@graph\":[{\"@type\":\"WebPage\",\"@id\":\"https:\/\/www.euroresidentes.com\/entretenimiento\/actualidad\/sufren-acoso-las-periodistas-deportivas\/\",\"url\":\"https:\/\/www.euroresidentes.com\/entretenimiento\/actualidad\/sufren-acoso-las-periodistas-deportivas\/\",\"name\":\"\u00bfSufren acoso las periodistas deportivas espa\u00f1olas? - Actualidad: famosos, \u00e9xitos, deportes...\",\"isPartOf\":{\"@id\":\"https:\/\/www.euroresidentes.com\/entretenimiento\/actualidad\/#website\"},\"primaryImageOfPage\":{\"@id\":\"https:\/\/www.euroresidentes.com\/entretenimiento\/actualidad\/sufren-acoso-las-periodistas-deportivas\/#primaryimage\"},\"image\":{\"@id\":\"https:\/\/www.euroresidentes.com\/entretenimiento\/actualidad\/sufren-acoso-las-periodistas-deportivas\/#primaryimage\"},\"thumbnailUrl\":\"https:\/\/www.euroresidentes.com\/entretenimiento\/actualidad\/wp-content\/uploads\/sites\/24\/2014\/09\/Hilde-Van-Malderen-1.jpg\",\"datePublished\":\"2014-09-03T09:12:00+00:00\",\"dateModified\":\"2016-02-23T16:08:07+00:00\",\"author\":{\"@id\":\"https:\/\/www.euroresidentes.com\/entretenimiento\/actualidad\/#\/schema\/person\/e41441f91af6208631ba0be4ea9c5f01\"},\"breadcrumb\":{\"@id\":\"https:\/\/www.euroresidentes.com\/entretenimiento\/actualidad\/sufren-acoso-las-periodistas-deportivas\/#breadcrumb\"},\"inLanguage\":\"es\",\"potentialAction\":[{\"@type\":\"ReadAction\",\"target\":[\"https:\/\/www.euroresidentes.com\/entretenimiento\/actualidad\/sufren-acoso-las-periodistas-deportivas\/\"]}]},{\"@type\":\"ImageObject\",\"inLanguage\":\"es\",\"@id\":\"https:\/\/www.euroresidentes.com\/entretenimiento\/actualidad\/sufren-acoso-las-periodistas-deportivas\/#primaryimage\",\"url\":\"https:\/\/www.euroresidentes.com\/entretenimiento\/actualidad\/wp-content\/uploads\/sites\/24\/2014\/09\/Hilde-Van-Malderen-1.jpg\",\"contentUrl\":\"https:\/\/www.euroresidentes.com\/entretenimiento\/actualidad\/wp-content\/uploads\/sites\/24\/2014\/09\/Hilde-Van-Malderen-1.jpg\",\"width\":600,\"height\":452},{\"@type\":\"BreadcrumbList\",\"@id\":\"https:\/\/www.euroresidentes.com\/entretenimiento\/actualidad\/sufren-acoso-las-periodistas-deportivas\/#breadcrumb\",\"itemListElement\":[{\"@type\":\"ListItem\",\"position\":1,\"name\":\"Portada\",\"item\":\"https:\/\/www.euroresidentes.com\/entretenimiento\/actualidad\/\"},{\"@type\":\"ListItem\",\"position\":2,\"name\":\"\u00bfSufren acoso las periodistas deportivas espa\u00f1olas?\"}]},{\"@type\":\"WebSite\",\"@id\":\"https:\/\/www.euroresidentes.com\/entretenimiento\/actualidad\/#website\",\"url\":\"https:\/\/www.euroresidentes.com\/entretenimiento\/actualidad\/\",\"name\":\"Actualidad: famosos, \u00e9xitos, deportes...\",\"description\":\"Euroresidentes\",\"potentialAction\":[{\"@type\":\"SearchAction\",\"target\":{\"@type\":\"EntryPoint\",\"urlTemplate\":\"https:\/\/www.euroresidentes.com\/entretenimiento\/actualidad\/?s={search_term_string}\"},\"query-input\":{\"@type\":\"PropertyValueSpecification\",\"valueRequired\":true,\"valueName\":\"search_term_string\"}}],\"inLanguage\":\"es\"},{\"@type\":\"Person\",\"@id\":\"https:\/\/www.euroresidentes.com\/entretenimiento\/actualidad\/#\/schema\/person\/e41441f91af6208631ba0be4ea9c5f01\",\"name\":\"Euroresidentes\",\"image\":{\"@type\":\"ImageObject\",\"inLanguage\":\"es\",\"@id\":\"https:\/\/www.euroresidentes.com\/entretenimiento\/actualidad\/#\/schema\/person\/image\/\",\"url\":\"https:\/\/www.euroresidentes.com\/entretenimiento\/actualidad\/wp-content\/uploads\/sites\/24\/2016\/09\/logo-euroresidentes-150x150.jpg\",\"contentUrl\":\"https:\/\/www.euroresidentes.com\/entretenimiento\/actualidad\/wp-content\/uploads\/sites\/24\/2016\/09\/logo-euroresidentes-150x150.jpg\",\"caption\":\"Euroresidentes\"},\"description\":\"Euroresidentes\",\"sameAs\":[\"https:\/\/www.euroresidentes.com\/info.htm\"],\"url\":\"https:\/\/www.euroresidentes.com\/entretenimiento\/actualidad\/author\/euroresidentes\/\"}]}<\/script>\n<!-- \/ Yoast SEO plugin. -->","yoast_head_json":{"title":"\u00bfSufren acoso las periodistas deportivas espa\u00f1olas? - Actualidad: famosos, \u00e9xitos, deportes...","robots":{"index":"index","follow":"follow","max-snippet":"max-snippet:-1","max-image-preview":"max-image-preview:large","max-video-preview":"max-video-preview:-1"},"canonical":"https:\/\/www.euroresidentes.com\/entretenimiento\/actualidad\/sufren-acoso-las-periodistas-deportivas\/","og_locale":"es_ES","og_type":"article","og_title":"\u00bfSufren acoso las periodistas deportivas espa\u00f1olas? - Actualidad: famosos, \u00e9xitos, deportes...","og_description":"Han saltado las alarmas. Periodistas deportivas en Europa (especialmente Francia) han denunciado el acoso sexual de los jugadores y estrellas del bal\u00f3n. Periodistas que cubren informaci\u00f3n a pie de campo en Francia reciben mensajes &#8216;indecentes&#8217; no s\u00f3lo de futbolistas incluso \u00e1rbitros y entrenadores. &nbsp; Una periodista belga cuenta en un libro el acoso recibido durante toda su carrera como informadora deportiva. Hilde Van Malderen, autora de&nbsp;Speelgoed La igualdad de oportunidades y la incorporaci\u00f3n de la mujer a todos los trabajos no resuelve todos los problemas. Hay espacios donde el machismo y la atm\u00f3sfera que se respira propicia un ambiente nada","og_url":"https:\/\/www.euroresidentes.com\/entretenimiento\/actualidad\/sufren-acoso-las-periodistas-deportivas\/","og_site_name":"Actualidad: famosos, \u00e9xitos, deportes...","article_publisher":"https:\/\/www.facebook.com\/euroresidentes\/","article_published_time":"2014-09-03T09:12:00+00:00","article_modified_time":"2016-02-23T16:08:07+00:00","og_image":[{"width":600,"height":452,"url":"https:\/\/www.euroresidentes.com\/entretenimiento\/actualidad\/wp-content\/uploads\/sites\/24\/2014\/09\/Hilde-Van-Malderen-1.jpg","type":"image\/jpeg"}],"author":"Euroresidentes","twitter_card":"summary_large_image","twitter_misc":{"Written by":"Euroresidentes","Est. reading time":"3 minutos"},"schema":{"@context":"https:\/\/schema.org","@graph":[{"@type":"WebPage","@id":"https:\/\/www.euroresidentes.com\/entretenimiento\/actualidad\/sufren-acoso-las-periodistas-deportivas\/","url":"https:\/\/www.euroresidentes.com\/entretenimiento\/actualidad\/sufren-acoso-las-periodistas-deportivas\/","name":"\u00bfSufren acoso las periodistas deportivas espa\u00f1olas? - Actualidad: famosos, \u00e9xitos, deportes...","isPartOf":{"@id":"https:\/\/www.euroresidentes.com\/entretenimiento\/actualidad\/#website"},"primaryImageOfPage":{"@id":"https:\/\/www.euroresidentes.com\/entretenimiento\/actualidad\/sufren-acoso-las-periodistas-deportivas\/#primaryimage"},"image":{"@id":"https:\/\/www.euroresidentes.com\/entretenimiento\/actualidad\/sufren-acoso-las-periodistas-deportivas\/#primaryimage"},"thumbnailUrl":"https:\/\/www.euroresidentes.com\/entretenimiento\/actualidad\/wp-content\/uploads\/sites\/24\/2014\/09\/Hilde-Van-Malderen-1.jpg","datePublished":"2014-09-03T09:12:00+00:00","dateModified":"2016-02-23T16:08:07+00:00","author":{"@id":"https:\/\/www.euroresidentes.com\/entretenimiento\/actualidad\/#\/schema\/person\/e41441f91af6208631ba0be4ea9c5f01"},"breadcrumb":{"@id":"https:\/\/www.euroresidentes.com\/entretenimiento\/actualidad\/sufren-acoso-las-periodistas-deportivas\/#breadcrumb"},"inLanguage":"es","potentialAction":[{"@type":"ReadAction","target":["https:\/\/www.euroresidentes.com\/entretenimiento\/actualidad\/sufren-acoso-las-periodistas-deportivas\/"]}]},{"@type":"ImageObject","inLanguage":"es","@id":"https:\/\/www.euroresidentes.com\/entretenimiento\/actualidad\/sufren-acoso-las-periodistas-deportivas\/#primaryimage","url":"https:\/\/www.euroresidentes.com\/entretenimiento\/actualidad\/wp-content\/uploads\/sites\/24\/2014\/09\/Hilde-Van-Malderen-1.jpg","contentUrl":"https:\/\/www.euroresidentes.com\/entretenimiento\/actualidad\/wp-content\/uploads\/sites\/24\/2014\/09\/Hilde-Van-Malderen-1.jpg","width":600,"height":452},{"@type":"BreadcrumbList","@id":"https:\/\/www.euroresidentes.com\/entretenimiento\/actualidad\/sufren-acoso-las-periodistas-deportivas\/#breadcrumb","itemListElement":[{"@type":"ListItem","position":1,"name":"Portada","item":"https:\/\/www.euroresidentes.com\/entretenimiento\/actualidad\/"},{"@type":"ListItem","position":2,"name":"\u00bfSufren acoso las periodistas deportivas espa\u00f1olas?"}]},{"@type":"WebSite","@id":"https:\/\/www.euroresidentes.com\/entretenimiento\/actualidad\/#website","url":"https:\/\/www.euroresidentes.com\/entretenimiento\/actualidad\/","name":"Actualidad: famosos, \u00e9xitos, deportes...","description":"Euroresidentes","potentialAction":[{"@type":"SearchAction","target":{"@type":"EntryPoint","urlTemplate":"https:\/\/www.euroresidentes.com\/entretenimiento\/actualidad\/?s={search_term_string}"},"query-input":{"@type":"PropertyValueSpecification","valueRequired":true,"valueName":"search_term_string"}}],"inLanguage":"es"},{"@type":"Person","@id":"https:\/\/www.euroresidentes.com\/entretenimiento\/actualidad\/#\/schema\/person\/e41441f91af6208631ba0be4ea9c5f01","name":"Euroresidentes","image":{"@type":"ImageObject","inLanguage":"es","@id":"https:\/\/www.euroresidentes.com\/entretenimiento\/actualidad\/#\/schema\/person\/image\/","url":"https:\/\/www.euroresidentes.com\/entretenimiento\/actualidad\/wp-content\/uploads\/sites\/24\/2016\/09\/logo-euroresidentes-150x150.jpg","contentUrl":"https:\/\/www.euroresidentes.com\/entretenimiento\/actualidad\/wp-content\/uploads\/sites\/24\/2016\/09\/logo-euroresidentes-150x150.jpg","caption":"Euroresidentes"},"description":"Euroresidentes","sameAs":["https:\/\/www.euroresidentes.com\/info.htm"],"url":"https:\/\/www.euroresidentes.com\/entretenimiento\/actualidad\/author\/euroresidentes\/"}]}},"_links":{"self":[{"href":"https:\/\/www.euroresidentes.com\/entretenimiento\/actualidad\/wp-json\/wp\/v2\/posts\/609","targetHints":{"allow":["GET"]}}],"collection":[{"href":"https:\/\/www.euroresidentes.com\/entretenimiento\/actualidad\/wp-json\/wp\/v2\/posts"}],"about":[{"href":"https:\/\/www.euroresidentes.com\/entretenimiento\/actualidad\/wp-json\/wp\/v2\/types\/post"}],"author":[{"embeddable":true,"href":"https:\/\/www.euroresidentes.com\/entretenimiento\/actualidad\/wp-json\/wp\/v2\/users\/1"}],"replies":[{"embeddable":true,"href":"https:\/\/www.euroresidentes.com\/entretenimiento\/actualidad\/wp-json\/wp\/v2\/comments?post=609"}],"version-history":[{"count":1,"href":"https:\/\/www.euroresidentes.com\/entretenimiento\/actualidad\/wp-json\/wp\/v2\/posts\/609\/revisions"}],"predecessor-version":[{"id":1332,"href":"https:\/\/www.euroresidentes.com\/entretenimiento\/actualidad\/wp-json\/wp\/v2\/posts\/609\/revisions\/1332"}],"wp:featuredmedia":[{"embeddable":true,"href":"https:\/\/www.euroresidentes.com\/entretenimiento\/actualidad\/wp-json\/wp\/v2\/media\/1468"}],"wp:attachment":[{"href":"https:\/\/www.euroresidentes.com\/entretenimiento\/actualidad\/wp-json\/wp\/v2\/media?parent=609"}],"wp:term":[{"taxonomy":"category","embeddable":true,"href":"https:\/\/www.euroresidentes.com\/entretenimiento\/actualidad\/wp-json\/wp\/v2\/categories?post=609"},{"taxonomy":"post_tag","embeddable":true,"href":"https:\/\/www.euroresidentes.com\/entretenimiento\/actualidad\/wp-json\/wp\/v2\/tags?post=609"}],"curies":[{"name":"wp","href":"https:\/\/api.w.org\/{rel}","templated":true}]}}