{"id":596,"date":"2014-11-24T22:40:00","date_gmt":"2014-11-24T22:40:00","guid":{"rendered":"https:\/\/www.euroresidentes.com\/entretenimiento\/actualidad\/el-pequeno-nicolas-y-el-ridiculo-de"},"modified":"2016-03-16T15:57:41","modified_gmt":"2016-03-16T15:57:41","slug":"el-pequeno-nicolas-y-el-ridiculo-de","status":"publish","type":"post","link":"https:\/\/www.euroresidentes.com\/entretenimiento\/actualidad\/el-pequeno-nicolas-y-el-ridiculo-de\/","title":{"rendered":"Super \u00abPeque\u00f1o Nicol\u00e1s\u00bb retrata a la clase pol\u00edtica (chiste-moraleja con el Papa Francisco)"},"content":{"rendered":"<p>Una vez m\u00e1s la ficci\u00f3n supera a la realidad. S\u00ed, s\u00ed, el peque\u00f1o Nicol\u00e1s existe. Es real. Ni la mente m\u00e1s quim\u00e9rica, extravagante y fantasiosa podr\u00eda haber imaginado un personaje as\u00ed. Ni tan siquiera un gui\u00f3n de <b>Torrente-24<\/b> podr\u00eda haberle dado entrada.<\/p>\n<div class=\"separator\" style=\"clear: both; text-align: center;\">\n<\/div>\n<div style=\"text-align: center;\">\n<table align=\"center\" cellpadding=\"0\" cellspacing=\"0\" class=\"tr-caption-container\" style=\"margin-left: auto; margin-right: auto; text-align: center;\">\n<tbody>\n<tr>\n<td style=\"text-align: center;\"><a href=\"https:\/\/www.euroresidentes.com\/entretenimiento\/actualidad\/wp-content\/uploads\/sites\/24\/2014\/11\/nicolas-pequeno.jpg\" imageanchor=\"1\" style=\"margin-left: auto; margin-right: auto;\"><img loading=\"lazy\" decoding=\"async\" border=\"0\" src=\"https:\/\/www.euroresidentes.com\/entretenimiento\/actualidad\/wp-content\/uploads\/sites\/24\/2014\/11\/nicolas-pequeno.jpg\" height=\"300\" width=\"400\" \/><\/a><\/td>\n<\/tr>\n<tr>\n<td class=\"tr-caption\" style=\"text-align: center;\">Uno de los memes de Peque\u00f1o Nicol\u00e1s m\u00e1s difundidos en redes sociales<\/td>\n<\/tr>\n<\/tbody>\n<\/table>\n<\/div>\n<p>El chaval, de 20 a\u00f1os, dice en los medios que colabora con el CNI, la Moncloa, la Zarzuela, FAES&#8230; Y, se\u00f1ores, el peque\u00f1\u00edn Nicol\u00e1s, un \u00abdonnadie\u00bb resulta que es desmentido por las m\u00e1s altas instituciones del Estado. \u00a1\u00a1PERO EN QU\u00c9 PA\u00cdS ESTAMOS!!!!!!!<br \/>\n<b><br \/><\/b><br \/>\n<b>El desmentido en s\u00ed mismo es la constataci\u00f3n de la existencia de un personaje que nunca debi\u00f3 existir<\/b>. S<b>u mera existencia es un insulto a la inteligencia de los m\u00e1ximos dirigentes espa\u00f1oles<\/b>.<\/p>\n<p>S\u00f3lo dos preguntas que todo el mundo se hace:<\/p>\n<ol>\n<li>\u00bfC\u00f3mo es posible que sea invitado y salude a los <b>Reyes de Espa\u00f1a<\/b> en una de las recepciones m\u00e1s solemnes, tras su proclamaci\u00f3n <b>y no dimita nadie<\/b>? \u00bfC\u00f3mo es posible que el <b>Rey Juan Carlos<\/b> le llamara?<\/li>\n<li>\u00bfC\u00f3mo es posible que un imberbe le tome el pelo a todo el mundo: Presidente, ex-Presidente del Gobierno, la cabeza de lista de las europeas, la c\u00fapula sindical y patronal, la super-Esperanza Aguirre, incluidos los llamados servicios de \u00abinteligencia\u00bb de Spain?.&nbsp;<\/li>\n<\/ol>\n<div>\nSon preguntas cuya mejor contestaci\u00f3n es que se queden sin respuesta&#8230; &nbsp;Cualquier respuesta se vuelve en contra.<\/p>\n<h3>\n\u00bfEs Espa\u00f1a un pa\u00eds serio?<\/h3>\n<p>\nUn pa\u00eds salpicado de casos de corrupci\u00f3n condimentados al estilo de la Pantoja y B\u00e1rcenas. El fervor sevillano a la <a href=\"http:\/\/espana.euroresidentes.com\/2014\/11\/9-cosas-sobre-la-duquesa-de-alba-que.html\" target=\"_blank\">duquesa de Alba<\/a>. Y ahora Nicol\u00e1s, que nos ha elevado a la categor\u00eda de un pa\u00eds de chiste&#8230; La existencia de Peque\u00f1o Nicol\u00e1s lo confirma y reitera. Si cre\u00edamos que tras la \u00ab<i><b>Cup of tea in Plaza Mayor<\/b>\u00ab<\/i> de Ana Botella el pa\u00eds no podr\u00eda nunca superar un list\u00f3n tan alto. Pues lo ha hecho, &nbsp;ha<b>&nbsp;arrasado llevando el alt\u00edsimo rid\u00edculo a cotas inimaginables<\/b>.&nbsp;<\/div>\n<div>\n<\/div>\n<p><b>Peque\u00f1o Nicol\u00e1s<\/b> parece sacado de una mezcla de <b>picaresca espa\u00f1ola<\/b> del XVI y como dec\u00edamos de la peor pel\u00edcula de <i>Torrente<\/i>. El mozo, en sus ratos libres, ped\u00eda comisiones de 200.000 \u20ac, se ofrec\u00eda para arreglar los problemas de Catalu\u00f1a o la Infanta Cristina, utilizaba los despachos de los m\u00e1ximos dirigentes de la patronal como propios.. Obten\u00eda el tel\u00e9fono personal del Rey y lograba que \u00e9ste le llamara. Ten\u00eda a su disposici\u00f3n un chalet en El Viso en el que iba a dormir la siesta el Presidente de la patronal madrile\u00f1a. Esto es lo que sabemos por ahora,,,<\/p>\n<p>Vean las fotos de abajo y despu\u00e9s les cuento <b>un chiste con moraleja&nbsp;<\/b>(lo \u00fanico a lo que ser\u00eda acreedor un personaje as\u00ed que tan en serio se toman nuestros pol\u00edticos).<\/p>\n<h3>\nFotos reales del peque\u00f1o Nicol\u00e1s (nombre real completo: Francisco Nicol\u00e1s G\u00f3mez Iglesias)<\/h3>\n<table align=\"center\" cellpadding=\"0\" cellspacing=\"0\" class=\"tr-caption-container\" style=\"margin-left: auto; margin-right: auto; text-align: center;\">\n<tbody>\n<tr>\n<td style=\"text-align: center;\"><a href=\"https:\/\/www.euroresidentes.com\/entretenimiento\/actualidad\/wp-content\/uploads\/sites\/24\/2014\/11\/nicolas-rey.jpg\" imageanchor=\"1\" style=\"margin-left: auto; margin-right: auto;\"><img loading=\"lazy\" decoding=\"async\" border=\"0\" src=\"https:\/\/www.euroresidentes.com\/entretenimiento\/actualidad\/wp-content\/uploads\/sites\/24\/2014\/11\/nicolas-rey.jpg\" height=\"321\" width=\"400\" \/><\/a><\/td>\n<\/tr>\n<tr>\n<td class=\"tr-caption\" style=\"text-align: center;\">Nicol\u00e1s con el Rey Felipe VI <br \/>\n\u00bfQui\u00e9n lo invit\u00f3? \u00bfEn qu\u00e9 protocolo? \u00bfEn raz\u00f3n de qu\u00e9 cargo?<\/td>\n<\/tr>\n<\/tbody>\n<\/table>\n<table align=\"center\" cellpadding=\"0\" cellspacing=\"0\" class=\"tr-caption-container\" style=\"margin-left: auto; margin-right: auto; text-align: center;\">\n<tbody>\n<tr>\n<td style=\"text-align: center;\"><a href=\"https:\/\/www.euroresidentes.com\/entretenimiento\/actualidad\/wp-content\/uploads\/sites\/24\/2014\/11\/nicolas-aznar.jpg\" imageanchor=\"1\" style=\"margin-left: auto; margin-right: auto;\"><img loading=\"lazy\" decoding=\"async\" border=\"0\" src=\"https:\/\/www.euroresidentes.com\/entretenimiento\/actualidad\/wp-content\/uploads\/sites\/24\/2014\/11\/nicolas-aznar.jpg\" height=\"247\" width=\"400\" \/><\/a><\/td>\n<\/tr>\n<tr>\n<td class=\"tr-caption\" style=\"text-align: center;\">Jos\u00e9 Mar\u00eda Aznar con Nicol\u00e1s &#8211; El Confidencial <br \/>\n\u00bfDio una conferencia magistral en FAES? \u00bfun mano a mano entre Aznar y Nicol\u00e1s?<\/td>\n<\/tr>\n<\/tbody>\n<\/table>\n<table align=\"center\" cellpadding=\"0\" cellspacing=\"0\" class=\"tr-caption-container\" style=\"margin-left: auto; margin-right: auto; text-align: center;\">\n<tbody>\n<tr>\n<td style=\"text-align: center;\"><a href=\"https:\/\/www.euroresidentes.com\/entretenimiento\/actualidad\/wp-content\/uploads\/sites\/24\/2014\/11\/nicolas-ana-botella.jpg\" imageanchor=\"1\" style=\"margin-left: auto; margin-right: auto;\"><img loading=\"lazy\" decoding=\"async\" border=\"0\" src=\"https:\/\/www.euroresidentes.com\/entretenimiento\/actualidad\/wp-content\/uploads\/sites\/24\/2014\/11\/nicolas-ana-botella.jpg\" height=\"265\" width=\"400\" \/><\/a><\/td>\n<\/tr>\n<tr>\n<td class=\"tr-caption\" style=\"text-align: center;\">Nicol\u00e1s con Ana Botella, Alcaldesa de Madrid &#8211; El Pa\u00eds<br \/>\n\u00bfOtra conferencia de Nicol\u00e1s dadas las magn\u00edficas referencias de JM Aznar?<\/td>\n<\/tr>\n<\/tbody>\n<\/table>\n<table align=\"center\" cellpadding=\"0\" cellspacing=\"0\" class=\"tr-caption-container\" style=\"margin-left: auto; margin-right: auto; text-align: center;\">\n<tbody>\n<tr>\n<td style=\"text-align: center;\"><a href=\"https:\/\/www.euroresidentes.com\/entretenimiento\/actualidad\/wp-content\/uploads\/sites\/24\/2014\/11\/nicolas-esperanza-aguirre.jpg\" imageanchor=\"1\" style=\"margin-left: auto; margin-right: auto;\"><img loading=\"lazy\" decoding=\"async\" border=\"0\" src=\"https:\/\/www.euroresidentes.com\/entretenimiento\/actualidad\/wp-content\/uploads\/sites\/24\/2014\/11\/nicolas-esperanza-aguirre.jpg\" height=\"252\" width=\"400\" \/><\/a><\/td>\n<\/tr>\n<tr>\n<td class=\"tr-caption\" style=\"text-align: center;\">Nicol\u00e1s y Esperanza Aguirre, &nbsp;Presidenta de la C. de Madrid &#8211; El Mundo<br \/>\nEst\u00e1 presidiendo, \u00a1\u00a1en el centro de la foto&#8230;!!<\/td>\n<\/tr>\n<\/tbody>\n<\/table>\n<table align=\"center\" cellpadding=\"0\" cellspacing=\"0\" class=\"tr-caption-container\" style=\"margin-left: auto; margin-right: auto; text-align: center;\">\n<tbody>\n<tr>\n<td style=\"text-align: center;\"><a href=\"https:\/\/www.euroresidentes.com\/entretenimiento\/actualidad\/wp-content\/uploads\/sites\/24\/2014\/11\/nicolas-rajoy.jpg\" imageanchor=\"1\" style=\"margin-left: auto; margin-right: auto;\"><img loading=\"lazy\" decoding=\"async\" border=\"0\" src=\"https:\/\/www.euroresidentes.com\/entretenimiento\/actualidad\/wp-content\/uploads\/sites\/24\/2014\/11\/nicolas-rajoy.jpg\" height=\"232\" width=\"400\" \/><\/a><\/td>\n<\/tr>\n<tr>\n<td class=\"tr-caption\" style=\"text-align: center;\">Nicol\u00e1s con Mariano Rajoy &#8211; elconfidencialdigital.com<br \/>\n\u00bfPor qu\u00e9 sonr\u00ede tanto Rajoy?&nbsp;Esa sonrisa no me digan que no delata a Mariano!<br \/>\nSeg\u00fan declaraciones a tv Peque\u00f1o Nicol\u00e1s estaba entre<br \/>\nel selecto grupo de personal que sali\u00f3 al balc\u00f3n de G\u00e9nova para celebrar la victoria de Rajoy<\/td>\n<\/tr>\n<\/tbody>\n<\/table>\n<table align=\"center\" cellpadding=\"0\" cellspacing=\"0\" class=\"tr-caption-container\" style=\"margin-left: auto; margin-right: auto; text-align: center;\">\n<tbody>\n<tr>\n<td style=\"text-align: center;\"><a href=\"https:\/\/www.euroresidentes.com\/entretenimiento\/actualidad\/wp-content\/uploads\/sites\/24\/2014\/11\/nicolas-canete.jpg\" imageanchor=\"1\" style=\"margin-left: auto; margin-right: auto;\"><img loading=\"lazy\" decoding=\"async\" border=\"0\" src=\"https:\/\/www.euroresidentes.com\/entretenimiento\/actualidad\/wp-content\/uploads\/sites\/24\/2014\/11\/nicolas-canete.jpg\" height=\"223\" width=\"400\" \/><\/a><\/td>\n<\/tr>\n<tr>\n<td class=\"tr-caption\" style=\"text-align: center;\">Nicol\u00e1s y Ca\u00f1ete. teinteresa.es<br \/>\n\u00bfY de qu\u00e9 hablaron durante toda la cena? \u00bfQui\u00e9n sent\u00f3 al chaval con Ca\u00f1ete?<br \/>\n\u00bfPor qu\u00e9 dio su visto bueno Ca\u00f1ete?<\/td>\n<\/tr>\n<\/tbody>\n<\/table>\n<table align=\"center\" cellpadding=\"0\" cellspacing=\"0\" class=\"tr-caption-container\" style=\"margin-left: auto; margin-right: auto; text-align: center;\">\n<tbody>\n<tr>\n<td style=\"text-align: center;\"><a href=\"https:\/\/www.euroresidentes.com\/entretenimiento\/actualidad\/wp-content\/uploads\/sites\/24\/2014\/11\/nicolas-jimenez-los-santos.jpg\" imageanchor=\"1\" style=\"margin-left: auto; margin-right: auto;\"><img loading=\"lazy\" decoding=\"async\" border=\"0\" src=\"https:\/\/www.euroresidentes.com\/entretenimiento\/actualidad\/wp-content\/uploads\/sites\/24\/2014\/11\/nicolas-jimenez-los-santos.jpg\" height=\"226\" width=\"400\" \/><\/a><\/td>\n<\/tr>\n<tr>\n<td class=\"tr-caption\" style=\"text-align: center;\">Nicol\u00e1s con Jim\u00e9nez Losantos Telecinco<br \/>\nPero si parece que el chaval est\u00e1 todav\u00eda en un Colegio de Secundaria<\/td>\n<\/tr>\n<\/tbody>\n<\/table>\n<table align=\"center\" cellpadding=\"0\" cellspacing=\"0\" class=\"tr-caption-container\" style=\"margin-left: auto; margin-right: auto; text-align: center;\">\n<tbody>\n<tr>\n<td style=\"text-align: center;\"><a href=\"https:\/\/www.euroresidentes.com\/entretenimiento\/actualidad\/wp-content\/uploads\/sites\/24\/2014\/11\/nicolas-sindicatos-patronal.jpg\" imageanchor=\"1\" style=\"margin-left: auto; margin-right: auto;\"><img loading=\"lazy\" decoding=\"async\" border=\"0\" src=\"https:\/\/www.euroresidentes.com\/entretenimiento\/actualidad\/wp-content\/uploads\/sites\/24\/2014\/11\/nicolas-sindicatos-patronal.jpg\" height=\"228\" width=\"400\" \/><\/a><\/td>\n<\/tr>\n<tr>\n<td class=\"tr-caption\" style=\"text-align: center;\">Nicol\u00e1s con la c\u00fapula sindical y patronal- El Confidencial<br \/>\n\u00bfAlguien pregunt\u00f3, \u00aboye, y qui\u00e9n es \u00e9ste\u00bb?<br \/>\nNo hac\u00eda falta. El de la derecha dorm\u00eda siestas en el Chalet de Peque\u00f1o Nicol\u00e1s<\/td>\n<\/tr>\n<\/tbody>\n<\/table>\n<div style=\"text-align: center;\">\n<\/div>\n<div style=\"text-align: center;\">\nY as\u00ed podr\u00edamos seguir infinitamente&#8230;<\/div>\n<div style=\"text-align: center;\">\n<\/div>\n<h3>\n<b>Un Chiste largo sobre el Peque\u00f1o Nicol\u00e1s:<\/b><\/h3>\n<p>\nEst\u00e1 el Peque\u00f1o Nicol\u00e1s tranquilamente por las inmediaciones de la Casa Blanca, de turista normal, tratando de pasar desapercibido y en esto que Obama mira por la ventana y exclama:<\/p>\n<p><i><b>-Oh My God, It\u00b4s &nbsp;not Possible!! Is him!! It\u00b4s Little Nicholas!!!!<\/b><\/i><\/p>\n<p>Obama sale personalmente, yendo tras \u00e9l precipitadamente toda guarda de seguridad de <i>The White House<\/i> y exclama cuando, tras la verja divisa a Peque\u00f1o Nicol\u00e1s y le dice:<\/p>\n<p><i><b>-Oh my friend, Nice to see you again, It\u00b4s a real `pleasure for me!! Please please, come in, come in!! Your are in your own house.&nbsp;<\/b><\/i><br \/>\n<i><br \/><\/i><br \/>\nObama cancela todos sus compromisos y agenda y durante una semana est\u00e1 con <i>Little Nicholas<\/i>. Tambi\u00e9n lo hace Michael Obama, su esposa, Peque\u00f1o Nicol\u00e1s se fotograf\u00eda con Larry Page, Bill Gates, Mark Zuckerberg, el director de la CIA, FBI, etc. etc.<\/p>\n<p><\/p>\n<table align=\"center\" cellpadding=\"0\" cellspacing=\"0\" class=\"tr-caption-container\" style=\"margin-left: auto; margin-right: auto; text-align: center;\">\n<tbody>\n<tr>\n<td style=\"text-align: center;\"><a href=\"https:\/\/www.euroresidentes.com\/entretenimiento\/actualidad\/wp-content\/uploads\/sites\/24\/2014\/11\/nicolas-obama.jpg\" imageanchor=\"1\" style=\"margin-left: auto; margin-right: auto;\"><img loading=\"lazy\" decoding=\"async\" border=\"0\" src=\"https:\/\/www.euroresidentes.com\/entretenimiento\/actualidad\/wp-content\/uploads\/sites\/24\/2014\/11\/nicolas-obama.jpg\" height=\"207\" width=\"320\" \/><\/a><\/td>\n<\/tr>\n<tr>\n<td class=\"tr-caption\" style=\"text-align: center;\">Meme 1: Obama -Peque\u00f1o Nicol\u00e1s<\/td>\n<\/tr>\n<\/tbody>\n<\/table>\n<p>(Para abreviar el chiste: una escena similar se repite con \u00c1ngela Merkel, Putin, Pe\u00f1a Nieto, Cristina Fern\u00e1ndez, francois Hollande, Berlusconi&#8230; Pueden imaginar los componentes locales en cada pa\u00eds desde Carlos Slim hasta las madres de la Plaza de Mayo&#8230;)<\/p>\n<p>Finalmente, Peque\u00f1o Nicol\u00e1s visita el Vaticano. Est\u00e1 en la Plaza de San Pedro, entre la multitud, tratando de pasar desapercibido&#8230;<\/p>\n<p>El Papa Francisco est\u00e1 dando su bendici\u00f3n a los fieles desde el balc\u00f3n principal. De repente, fija su mirada y exclama:&nbsp;<\/p>\n<p><i><b>&#8211; No puede ser, \u00a1\u00a1es un aut\u00e9ntico milagro!!, \u00a1\u00a1es un regalo de los cielos!! \u00a1\u00a1Es Peque\u00f1o Nicol\u00e1sss!!!<\/b><\/i><\/p>\n<p>El Papa Francisco detiene la bendici\u00f3n y ordena a la Guardia Suiza del Vaticano que retengan a Peque\u00f1o Nicol\u00e1s. Ante el asombro de la multitud de fieles, el Papa sale a la plaza de San Pedro, bajo el palio, escoltado por las altas jerarqu\u00edas eclesi\u00e1sticas de la Santa Madre Iglesia. Mientras avanza entre la multitud abri\u00e9ndose paso, alguien percibe que llama al m\u00f3vil del Rey Juan Carlos y simplemente le da las gracias&#8230; Se aproxima a Peque\u00f1o Nicol\u00e1s y visible emocionado le ruega:<\/p>\n<p><i><b>&#8211; Por favor, Peque\u00f1o Nicol\u00e1s, ponte a mi lado, bajo el palio..<\/b><\/i><\/p>\n<p>Se funden en un largo abrazo y tras \u00e9l caminan los dos juntos, una imagen sin precedentes, el rostro del Pont\u00edfice se ilumina. &nbsp;Un par de monjas de una congregaci\u00f3n cercana a Roma le dice una a la otra:<\/p>\n<p><i><b>&#8211; Oye Regina \u00bfQui\u00e9n ese se\u00f1or que est\u00e1 al lado de&nbsp;<\/b><\/i><i style=\"color: #741b47;\"><b>Piccoli Nicholas<\/b><\/i><i><b>?<\/b><\/i><\/p>\n<table align=\"center\" cellpadding=\"0\" cellspacing=\"0\" class=\"tr-caption-container\" style=\"margin-left: auto; margin-right: auto; text-align: center;\">\n<tbody>\n<tr>\n<td style=\"text-align: center;\"><a href=\"https:\/\/www.euroresidentes.com\/entretenimiento\/actualidad\/wp-content\/uploads\/sites\/24\/2014\/11\/nicolas-papa.jpg\" imageanchor=\"1\" style=\"margin-left: auto; margin-right: auto;\"><img loading=\"lazy\" decoding=\"async\" border=\"0\" src=\"https:\/\/www.euroresidentes.com\/entretenimiento\/actualidad\/wp-content\/uploads\/sites\/24\/2014\/11\/nicolas-papa.jpg\" height=\"212\" width=\"320\" \/><\/a><\/td>\n<\/tr>\n<tr>\n<td class=\"tr-caption\" style=\"text-align: center;\">Meme 2: Dos personas no identificadas con Peque\u00f1o Nicol\u00e1s<\/td>\n<\/tr>\n<\/tbody>\n<\/table>\n<p><\/p>\n<h3>\nMoraleja: Super Peque\u00f1o Nicol\u00e1s retrata a la clase pol\u00edtica espa\u00f1ola<\/h3>\n<p>\nEl personajillo se comi\u00f3 a todos los otros personajillos&#8230; Y no precisamente al <b>Papa Francisco<\/b>, cuya actitud y trayectoria le honra. El chiste es una adaptaci\u00f3n del viejo chiste de LLopis (sustituido por Peque\u00f1o Nicol\u00e1s), un valenciano que se recorre todo el mundo tratando de pasar desapercibido y acaba siendo considerado VIP y huesped del Presidente de los Estados Unidos y decenas de mandatarios de todo el mundo y acabando su periplo en el Vaticano, tal y como contamos en la adaptaci\u00f3n con Peque\u00f1o Nicol\u00e1s.<\/p>\n<p>Estamos en un pa\u00eds con pol\u00edticos de tan bajo nivel que <b>Super Peque\u00f1o Nicol\u00e1s<\/b> ya es el p\u00edcaro con tintes <i>torrentinos<\/i> m\u00e1s famoso y popular que todos ellos. Los enga\u00f1\u00f3 y todos se apresuraron a desmentirlo. Ahora acabara siendo su peor pesadilla, una super celebrity de cientos de tertulias televisivas. \u00c9l&nbsp;<b>sencillamente ha retratado a la clase pol\u00edtica espa\u00f1ola<\/b>. Lo de menos son las imagenes; ha quedado patente algo m\u00e1s profundo: el retrato de la ineptitud.<\/p>\n","protected":false},"excerpt":{"rendered":"<p>Una vez m\u00e1s la ficci\u00f3n supera a la realidad. S\u00ed, s\u00ed, el peque\u00f1o Nicol\u00e1s existe. Es real. Ni la mente m\u00e1s quim\u00e9rica, extravagante y fantasiosa podr\u00eda haber imaginado un personaje as\u00ed. Ni tan siquiera un gui\u00f3n de Torrente-24 podr\u00eda haberle dado entrada. Uno de los memes de Peque\u00f1o Nicol\u00e1s m\u00e1s difundidos en redes sociales El chaval, de 20 a\u00f1os, dice en los medios que colabora con el CNI, la Moncloa, la Zarzuela, FAES&#8230; Y, se\u00f1ores, el peque\u00f1\u00edn Nicol\u00e1s, un \u00abdonnadie\u00bb resulta que es desmentido por las m\u00e1s altas instituciones del Estado. \u00a1\u00a1PERO EN QU\u00c9 PA\u00cdS ESTAMOS!!!!!!! El desmentido en s\u00ed <\/p>\n","protected":false},"author":1,"featured_media":1180,"comment_status":"open","ping_status":"open","sticky":false,"template":"","format":"standard","meta":{"footnotes":""},"categories":[1],"tags":[55,31],"class_list":["post-596","post","type-post","status-publish","format-standard","has-post-thumbnail","hentry","category-general","tag-humor","tag-politica","has_thumb"],"yoast_head":"<!-- This site is optimized with the Yoast SEO plugin v24.1 - https:\/\/yoast.com\/wordpress\/plugins\/seo\/ -->\n<title>Super &quot;Peque\u00f1o Nicol\u00e1s&quot; retrata a la clase pol\u00edtica (chiste-moraleja con el Papa Francisco) - Actualidad: famosos, \u00e9xitos, deportes...<\/title>\n<meta name=\"robots\" content=\"index, follow, max-snippet:-1, max-image-preview:large, max-video-preview:-1\" \/>\n<link rel=\"canonical\" href=\"https:\/\/www.euroresidentes.com\/entretenimiento\/actualidad\/el-pequeno-nicolas-y-el-ridiculo-de\/\" \/>\n<meta property=\"og:locale\" content=\"es_ES\" \/>\n<meta property=\"og:type\" content=\"article\" \/>\n<meta property=\"og:title\" content=\"Super &quot;Peque\u00f1o Nicol\u00e1s&quot; retrata a la clase pol\u00edtica (chiste-moraleja con el Papa Francisco) - Actualidad: famosos, \u00e9xitos, deportes...\" \/>\n<meta property=\"og:description\" content=\"Una vez m\u00e1s la ficci\u00f3n supera a la realidad. S\u00ed, s\u00ed, el peque\u00f1o Nicol\u00e1s existe. Es real. Ni la mente m\u00e1s quim\u00e9rica, extravagante y fantasiosa podr\u00eda haber imaginado un personaje as\u00ed. Ni tan siquiera un gui\u00f3n de Torrente-24 podr\u00eda haberle dado entrada. Uno de los memes de Peque\u00f1o Nicol\u00e1s m\u00e1s difundidos en redes sociales El chaval, de 20 a\u00f1os, dice en los medios que colabora con el CNI, la Moncloa, la Zarzuela, FAES&#8230; Y, se\u00f1ores, el peque\u00f1\u00edn Nicol\u00e1s, un \u00abdonnadie\u00bb resulta que es desmentido por las m\u00e1s altas instituciones del Estado. \u00a1\u00a1PERO EN QU\u00c9 PA\u00cdS ESTAMOS!!!!!!! El desmentido en s\u00ed\" \/>\n<meta property=\"og:url\" content=\"https:\/\/www.euroresidentes.com\/entretenimiento\/actualidad\/el-pequeno-nicolas-y-el-ridiculo-de\/\" \/>\n<meta property=\"og:site_name\" content=\"Actualidad: famosos, \u00e9xitos, deportes...\" \/>\n<meta property=\"article:publisher\" content=\"https:\/\/www.facebook.com\/euroresidentes\/\" \/>\n<meta property=\"article:published_time\" content=\"2014-11-24T22:40:00+00:00\" \/>\n<meta property=\"article:modified_time\" content=\"2016-03-16T15:57:41+00:00\" \/>\n<meta property=\"og:image\" content=\"https:\/\/www.euroresidentes.com\/entretenimiento\/actualidad\/wp-content\/uploads\/sites\/24\/2014\/11\/nicolas-pequeno.jpg\" \/>\n\t<meta property=\"og:image:width\" content=\"599\" \/>\n\t<meta property=\"og:image:height\" content=\"450\" \/>\n\t<meta property=\"og:image:type\" content=\"image\/jpeg\" \/>\n<meta name=\"author\" content=\"Euroresidentes\" \/>\n<meta name=\"twitter:card\" content=\"summary_large_image\" \/>\n<meta name=\"twitter:label1\" content=\"Written by\" \/>\n\t<meta name=\"twitter:data1\" content=\"Euroresidentes\" \/>\n\t<meta name=\"twitter:label2\" content=\"Est. reading time\" \/>\n\t<meta name=\"twitter:data2\" content=\"7 minutos\" \/>\n<script type=\"application\/ld+json\" class=\"yoast-schema-graph\">{\"@context\":\"https:\/\/schema.org\",\"@graph\":[{\"@type\":\"WebPage\",\"@id\":\"https:\/\/www.euroresidentes.com\/entretenimiento\/actualidad\/el-pequeno-nicolas-y-el-ridiculo-de\/\",\"url\":\"https:\/\/www.euroresidentes.com\/entretenimiento\/actualidad\/el-pequeno-nicolas-y-el-ridiculo-de\/\",\"name\":\"Super \\\"Peque\u00f1o Nicol\u00e1s\\\" retrata a la clase pol\u00edtica (chiste-moraleja con el Papa Francisco) - Actualidad: famosos, \u00e9xitos, deportes...\",\"isPartOf\":{\"@id\":\"https:\/\/www.euroresidentes.com\/entretenimiento\/actualidad\/#website\"},\"primaryImageOfPage\":{\"@id\":\"https:\/\/www.euroresidentes.com\/entretenimiento\/actualidad\/el-pequeno-nicolas-y-el-ridiculo-de\/#primaryimage\"},\"image\":{\"@id\":\"https:\/\/www.euroresidentes.com\/entretenimiento\/actualidad\/el-pequeno-nicolas-y-el-ridiculo-de\/#primaryimage\"},\"thumbnailUrl\":\"https:\/\/www.euroresidentes.com\/entretenimiento\/actualidad\/wp-content\/uploads\/sites\/24\/2014\/11\/nicolas-pequeno.jpg\",\"datePublished\":\"2014-11-24T22:40:00+00:00\",\"dateModified\":\"2016-03-16T15:57:41+00:00\",\"author\":{\"@id\":\"https:\/\/www.euroresidentes.com\/entretenimiento\/actualidad\/#\/schema\/person\/e41441f91af6208631ba0be4ea9c5f01\"},\"breadcrumb\":{\"@id\":\"https:\/\/www.euroresidentes.com\/entretenimiento\/actualidad\/el-pequeno-nicolas-y-el-ridiculo-de\/#breadcrumb\"},\"inLanguage\":\"es\",\"potentialAction\":[{\"@type\":\"ReadAction\",\"target\":[\"https:\/\/www.euroresidentes.com\/entretenimiento\/actualidad\/el-pequeno-nicolas-y-el-ridiculo-de\/\"]}]},{\"@type\":\"ImageObject\",\"inLanguage\":\"es\",\"@id\":\"https:\/\/www.euroresidentes.com\/entretenimiento\/actualidad\/el-pequeno-nicolas-y-el-ridiculo-de\/#primaryimage\",\"url\":\"https:\/\/www.euroresidentes.com\/entretenimiento\/actualidad\/wp-content\/uploads\/sites\/24\/2014\/11\/nicolas-pequeno.jpg\",\"contentUrl\":\"https:\/\/www.euroresidentes.com\/entretenimiento\/actualidad\/wp-content\/uploads\/sites\/24\/2014\/11\/nicolas-pequeno.jpg\",\"width\":599,\"height\":450},{\"@type\":\"BreadcrumbList\",\"@id\":\"https:\/\/www.euroresidentes.com\/entretenimiento\/actualidad\/el-pequeno-nicolas-y-el-ridiculo-de\/#breadcrumb\",\"itemListElement\":[{\"@type\":\"ListItem\",\"position\":1,\"name\":\"Portada\",\"item\":\"https:\/\/www.euroresidentes.com\/entretenimiento\/actualidad\/\"},{\"@type\":\"ListItem\",\"position\":2,\"name\":\"Super \u00abPeque\u00f1o Nicol\u00e1s\u00bb retrata a la clase pol\u00edtica (chiste-moraleja con el Papa Francisco)\"}]},{\"@type\":\"WebSite\",\"@id\":\"https:\/\/www.euroresidentes.com\/entretenimiento\/actualidad\/#website\",\"url\":\"https:\/\/www.euroresidentes.com\/entretenimiento\/actualidad\/\",\"name\":\"Actualidad: famosos, \u00e9xitos, deportes...\",\"description\":\"Euroresidentes\",\"potentialAction\":[{\"@type\":\"SearchAction\",\"target\":{\"@type\":\"EntryPoint\",\"urlTemplate\":\"https:\/\/www.euroresidentes.com\/entretenimiento\/actualidad\/?s={search_term_string}\"},\"query-input\":{\"@type\":\"PropertyValueSpecification\",\"valueRequired\":true,\"valueName\":\"search_term_string\"}}],\"inLanguage\":\"es\"},{\"@type\":\"Person\",\"@id\":\"https:\/\/www.euroresidentes.com\/entretenimiento\/actualidad\/#\/schema\/person\/e41441f91af6208631ba0be4ea9c5f01\",\"name\":\"Euroresidentes\",\"image\":{\"@type\":\"ImageObject\",\"inLanguage\":\"es\",\"@id\":\"https:\/\/www.euroresidentes.com\/entretenimiento\/actualidad\/#\/schema\/person\/image\/\",\"url\":\"https:\/\/www.euroresidentes.com\/entretenimiento\/actualidad\/wp-content\/uploads\/sites\/24\/2016\/09\/logo-euroresidentes-150x150.jpg\",\"contentUrl\":\"https:\/\/www.euroresidentes.com\/entretenimiento\/actualidad\/wp-content\/uploads\/sites\/24\/2016\/09\/logo-euroresidentes-150x150.jpg\",\"caption\":\"Euroresidentes\"},\"description\":\"Euroresidentes\",\"sameAs\":[\"https:\/\/www.euroresidentes.com\/info.htm\"],\"url\":\"https:\/\/www.euroresidentes.com\/entretenimiento\/actualidad\/author\/euroresidentes\/\"}]}<\/script>\n<!-- \/ Yoast SEO plugin. -->","yoast_head_json":{"title":"Super \"Peque\u00f1o Nicol\u00e1s\" retrata a la clase pol\u00edtica (chiste-moraleja con el Papa Francisco) - Actualidad: famosos, \u00e9xitos, deportes...","robots":{"index":"index","follow":"follow","max-snippet":"max-snippet:-1","max-image-preview":"max-image-preview:large","max-video-preview":"max-video-preview:-1"},"canonical":"https:\/\/www.euroresidentes.com\/entretenimiento\/actualidad\/el-pequeno-nicolas-y-el-ridiculo-de\/","og_locale":"es_ES","og_type":"article","og_title":"Super \"Peque\u00f1o Nicol\u00e1s\" retrata a la clase pol\u00edtica (chiste-moraleja con el Papa Francisco) - Actualidad: famosos, \u00e9xitos, deportes...","og_description":"Una vez m\u00e1s la ficci\u00f3n supera a la realidad. S\u00ed, s\u00ed, el peque\u00f1o Nicol\u00e1s existe. Es real. Ni la mente m\u00e1s quim\u00e9rica, extravagante y fantasiosa podr\u00eda haber imaginado un personaje as\u00ed. Ni tan siquiera un gui\u00f3n de Torrente-24 podr\u00eda haberle dado entrada. Uno de los memes de Peque\u00f1o Nicol\u00e1s m\u00e1s difundidos en redes sociales El chaval, de 20 a\u00f1os, dice en los medios que colabora con el CNI, la Moncloa, la Zarzuela, FAES&#8230; Y, se\u00f1ores, el peque\u00f1\u00edn Nicol\u00e1s, un \u00abdonnadie\u00bb resulta que es desmentido por las m\u00e1s altas instituciones del Estado. \u00a1\u00a1PERO EN QU\u00c9 PA\u00cdS ESTAMOS!!!!!!! El desmentido en s\u00ed","og_url":"https:\/\/www.euroresidentes.com\/entretenimiento\/actualidad\/el-pequeno-nicolas-y-el-ridiculo-de\/","og_site_name":"Actualidad: famosos, \u00e9xitos, deportes...","article_publisher":"https:\/\/www.facebook.com\/euroresidentes\/","article_published_time":"2014-11-24T22:40:00+00:00","article_modified_time":"2016-03-16T15:57:41+00:00","og_image":[{"width":599,"height":450,"url":"https:\/\/www.euroresidentes.com\/entretenimiento\/actualidad\/wp-content\/uploads\/sites\/24\/2014\/11\/nicolas-pequeno.jpg","type":"image\/jpeg"}],"author":"Euroresidentes","twitter_card":"summary_large_image","twitter_misc":{"Written by":"Euroresidentes","Est. reading time":"7 minutos"},"schema":{"@context":"https:\/\/schema.org","@graph":[{"@type":"WebPage","@id":"https:\/\/www.euroresidentes.com\/entretenimiento\/actualidad\/el-pequeno-nicolas-y-el-ridiculo-de\/","url":"https:\/\/www.euroresidentes.com\/entretenimiento\/actualidad\/el-pequeno-nicolas-y-el-ridiculo-de\/","name":"Super \"Peque\u00f1o Nicol\u00e1s\" retrata a la clase pol\u00edtica (chiste-moraleja con el Papa Francisco) - Actualidad: famosos, \u00e9xitos, deportes...","isPartOf":{"@id":"https:\/\/www.euroresidentes.com\/entretenimiento\/actualidad\/#website"},"primaryImageOfPage":{"@id":"https:\/\/www.euroresidentes.com\/entretenimiento\/actualidad\/el-pequeno-nicolas-y-el-ridiculo-de\/#primaryimage"},"image":{"@id":"https:\/\/www.euroresidentes.com\/entretenimiento\/actualidad\/el-pequeno-nicolas-y-el-ridiculo-de\/#primaryimage"},"thumbnailUrl":"https:\/\/www.euroresidentes.com\/entretenimiento\/actualidad\/wp-content\/uploads\/sites\/24\/2014\/11\/nicolas-pequeno.jpg","datePublished":"2014-11-24T22:40:00+00:00","dateModified":"2016-03-16T15:57:41+00:00","author":{"@id":"https:\/\/www.euroresidentes.com\/entretenimiento\/actualidad\/#\/schema\/person\/e41441f91af6208631ba0be4ea9c5f01"},"breadcrumb":{"@id":"https:\/\/www.euroresidentes.com\/entretenimiento\/actualidad\/el-pequeno-nicolas-y-el-ridiculo-de\/#breadcrumb"},"inLanguage":"es","potentialAction":[{"@type":"ReadAction","target":["https:\/\/www.euroresidentes.com\/entretenimiento\/actualidad\/el-pequeno-nicolas-y-el-ridiculo-de\/"]}]},{"@type":"ImageObject","inLanguage":"es","@id":"https:\/\/www.euroresidentes.com\/entretenimiento\/actualidad\/el-pequeno-nicolas-y-el-ridiculo-de\/#primaryimage","url":"https:\/\/www.euroresidentes.com\/entretenimiento\/actualidad\/wp-content\/uploads\/sites\/24\/2014\/11\/nicolas-pequeno.jpg","contentUrl":"https:\/\/www.euroresidentes.com\/entretenimiento\/actualidad\/wp-content\/uploads\/sites\/24\/2014\/11\/nicolas-pequeno.jpg","width":599,"height":450},{"@type":"BreadcrumbList","@id":"https:\/\/www.euroresidentes.com\/entretenimiento\/actualidad\/el-pequeno-nicolas-y-el-ridiculo-de\/#breadcrumb","itemListElement":[{"@type":"ListItem","position":1,"name":"Portada","item":"https:\/\/www.euroresidentes.com\/entretenimiento\/actualidad\/"},{"@type":"ListItem","position":2,"name":"Super \u00abPeque\u00f1o Nicol\u00e1s\u00bb retrata a la clase pol\u00edtica (chiste-moraleja con el Papa Francisco)"}]},{"@type":"WebSite","@id":"https:\/\/www.euroresidentes.com\/entretenimiento\/actualidad\/#website","url":"https:\/\/www.euroresidentes.com\/entretenimiento\/actualidad\/","name":"Actualidad: famosos, \u00e9xitos, deportes...","description":"Euroresidentes","potentialAction":[{"@type":"SearchAction","target":{"@type":"EntryPoint","urlTemplate":"https:\/\/www.euroresidentes.com\/entretenimiento\/actualidad\/?s={search_term_string}"},"query-input":{"@type":"PropertyValueSpecification","valueRequired":true,"valueName":"search_term_string"}}],"inLanguage":"es"},{"@type":"Person","@id":"https:\/\/www.euroresidentes.com\/entretenimiento\/actualidad\/#\/schema\/person\/e41441f91af6208631ba0be4ea9c5f01","name":"Euroresidentes","image":{"@type":"ImageObject","inLanguage":"es","@id":"https:\/\/www.euroresidentes.com\/entretenimiento\/actualidad\/#\/schema\/person\/image\/","url":"https:\/\/www.euroresidentes.com\/entretenimiento\/actualidad\/wp-content\/uploads\/sites\/24\/2016\/09\/logo-euroresidentes-150x150.jpg","contentUrl":"https:\/\/www.euroresidentes.com\/entretenimiento\/actualidad\/wp-content\/uploads\/sites\/24\/2016\/09\/logo-euroresidentes-150x150.jpg","caption":"Euroresidentes"},"description":"Euroresidentes","sameAs":["https:\/\/www.euroresidentes.com\/info.htm"],"url":"https:\/\/www.euroresidentes.com\/entretenimiento\/actualidad\/author\/euroresidentes\/"}]}},"_links":{"self":[{"href":"https:\/\/www.euroresidentes.com\/entretenimiento\/actualidad\/wp-json\/wp\/v2\/posts\/596","targetHints":{"allow":["GET"]}}],"collection":[{"href":"https:\/\/www.euroresidentes.com\/entretenimiento\/actualidad\/wp-json\/wp\/v2\/posts"}],"about":[{"href":"https:\/\/www.euroresidentes.com\/entretenimiento\/actualidad\/wp-json\/wp\/v2\/types\/post"}],"author":[{"embeddable":true,"href":"https:\/\/www.euroresidentes.com\/entretenimiento\/actualidad\/wp-json\/wp\/v2\/users\/1"}],"replies":[{"embeddable":true,"href":"https:\/\/www.euroresidentes.com\/entretenimiento\/actualidad\/wp-json\/wp\/v2\/comments?post=596"}],"version-history":[{"count":1,"href":"https:\/\/www.euroresidentes.com\/entretenimiento\/actualidad\/wp-json\/wp\/v2\/posts\/596\/revisions"}],"predecessor-version":[{"id":1191,"href":"https:\/\/www.euroresidentes.com\/entretenimiento\/actualidad\/wp-json\/wp\/v2\/posts\/596\/revisions\/1191"}],"wp:featuredmedia":[{"embeddable":true,"href":"https:\/\/www.euroresidentes.com\/entretenimiento\/actualidad\/wp-json\/wp\/v2\/media\/1180"}],"wp:attachment":[{"href":"https:\/\/www.euroresidentes.com\/entretenimiento\/actualidad\/wp-json\/wp\/v2\/media?parent=596"}],"wp:term":[{"taxonomy":"category","embeddable":true,"href":"https:\/\/www.euroresidentes.com\/entretenimiento\/actualidad\/wp-json\/wp\/v2\/categories?post=596"},{"taxonomy":"post_tag","embeddable":true,"href":"https:\/\/www.euroresidentes.com\/entretenimiento\/actualidad\/wp-json\/wp\/v2\/tags?post=596"}],"curies":[{"name":"wp","href":"https:\/\/api.w.org\/{rel}","templated":true}]}}