{"id":592,"date":"2015-01-07T16:35:00","date_gmt":"2015-01-07T16:35:00","guid":{"rendered":"https:\/\/www.euroresidentes.com\/entretenimiento\/actualidad\/las-mejores-fotografias-que-nos-ha"},"modified":"2016-02-23T16:08:04","modified_gmt":"2016-02-23T16:08:04","slug":"las-mejores-fotografias-que-nos-ha","status":"publish","type":"post","link":"https:\/\/www.euroresidentes.com\/entretenimiento\/actualidad\/las-mejores-fotografias-que-nos-ha\/","title":{"rendered":"Las mejores fotograf\u00edas que nos ha dejado el 2014"},"content":{"rendered":"<div class=\"separator\" style=\"clear: both; text-align: center;\">\n<a href=\"https:\/\/www.euroresidentes.com\/entretenimiento\/actualidad\/wp-content\/uploads\/sites\/24\/2015\/01\/1.jpg\" imageanchor=\"1\" style=\"margin-left: 1em; margin-right: 1em;\"><img decoding=\"async\" border=\"0\" src=\"https:\/\/www.euroresidentes.com\/entretenimiento\/actualidad\/wp-content\/uploads\/sites\/24\/2015\/01\/1.jpg\" \/><\/a><\/div>\n<div class=\"separator\" style=\"clear: both; text-align: center;\">\n<\/div>\n<div class=\"separator\" style=\"clear: both; text-align: left;\">\nUn hombre es rociado con leche despu\u00e9s de que las fuerzas de seguridad le atacaran con spray picante para los ojos en Ferguson, Missouri, 20 de Agosto del 2014.<\/div>\n<div class=\"separator\" style=\"clear: both; text-align: left;\">\nAutor: Adrees Latif<\/div>\n<div class=\"separator\" style=\"clear: both; text-align: left;\">\n<\/div>\n<div class=\"separator\" style=\"clear: both; text-align: left;\">\n<\/div>\n<div class=\"separator\" style=\"clear: both; text-align: center;\">\n<a href=\"https:\/\/www.euroresidentes.com\/entretenimiento\/actualidad\/wp-content\/uploads\/sites\/24\/2015\/01\/1-1.jpg\" imageanchor=\"1\" style=\"margin-left: 1em; margin-right: 1em;\"><img decoding=\"async\" border=\"0\" src=\"https:\/\/www.euroresidentes.com\/entretenimiento\/actualidad\/wp-content\/uploads\/sites\/24\/2015\/01\/1-1.jpg\" \/><\/a><\/div>\n<div class=\"separator\" style=\"clear: both; text-align: center;\">\n<\/div>\n<div class=\"separator\" style=\"clear: both; text-align: left;\">\nEl hijo de uno de los miembros de la familia Tayseer Al-Batsh, cuyos funcionarios del hospital dijeron que hab\u00eda muerto en un ataque a\u00e9reo israel\u00ed, llora durante su funeral en la ciudad de Gaza, 13 de Julio de 2014.&nbsp;<\/div>\n<div class=\"separator\" style=\"clear: both; text-align: left;\">\nAutor: Mohammed Salem&nbsp;<\/div>\n<div class=\"separator\" style=\"clear: both; text-align: left;\">\n<\/div>\n<div class=\"separator\" style=\"clear: both; text-align: left;\">\n<\/div>\n<div class=\"separator\" style=\"clear: both; text-align: center;\">\n<a href=\"https:\/\/www.euroresidentes.com\/entretenimiento\/actualidad\/wp-content\/uploads\/sites\/24\/2015\/01\/1-2.jpg\" imageanchor=\"1\" style=\"margin-left: 1em; margin-right: 1em;\"><img decoding=\"async\" border=\"0\" src=\"https:\/\/www.euroresidentes.com\/entretenimiento\/actualidad\/wp-content\/uploads\/sites\/24\/2015\/01\/1-2.jpg\" \/><\/a><\/div>\n<div class=\"separator\" style=\"clear: both; text-align: center;\">\n<\/div>\n<div class=\"separator\" style=\"clear: both; text-align: left;\">\nUna joven miembro del coro \u00abSinfon\u00eda por el Per\u00fa\u00bb vomita antes de la actuaci\u00f3n con el tenor peruano Juan Diego Florez, en el teatro Nacional de Lima. 13 de Mayo del 2014.<\/div>\n<div class=\"separator\" style=\"clear: both; text-align: left;\">\nAutor: Enrique Castro-Mendivil<\/div>\n<div class=\"separator\" style=\"clear: both; text-align: left;\">\n<\/div>\n<div class=\"separator\" style=\"clear: both; text-align: left;\">\n<\/div>\n<div class=\"separator\" style=\"clear: both; text-align: center;\">\n<a href=\"https:\/\/www.euroresidentes.com\/entretenimiento\/actualidad\/wp-content\/uploads\/sites\/24\/2015\/01\/1-3.jpg\" imageanchor=\"1\" style=\"margin-left: 1em; margin-right: 1em;\"><img decoding=\"async\" border=\"0\" src=\"https:\/\/www.euroresidentes.com\/entretenimiento\/actualidad\/wp-content\/uploads\/sites\/24\/2015\/01\/1-3.jpg\" \/><\/a><\/div>\n<div class=\"separator\" style=\"clear: both; text-align: center;\">\n<\/div>\n<div class=\"separator\" style=\"clear: both; text-align: left;\">\nAgentes del servicio secreto velan por la seguridad del presidente Obama mientras visita una oficina de campa\u00f1a en Chicago, EEUU. 20 de Octubre de 2014.<\/div>\n<div class=\"separator\" style=\"clear: both; text-align: left;\">\nAutor: Kevin Lamarque<\/div>\n<div class=\"separator\" style=\"clear: both; text-align: left;\">\n<\/div>\n<div class=\"separator\" style=\"clear: both; text-align: left;\">\n<\/div>\n<div class=\"separator\" style=\"clear: both; text-align: center;\">\n<a href=\"https:\/\/www.euroresidentes.com\/entretenimiento\/actualidad\/wp-content\/uploads\/sites\/24\/2015\/01\/1-4.jpg\" imageanchor=\"1\" style=\"margin-left: 1em; margin-right: 1em;\"><img decoding=\"async\" border=\"0\" src=\"https:\/\/www.euroresidentes.com\/entretenimiento\/actualidad\/wp-content\/uploads\/sites\/24\/2015\/01\/1-4.jpg\" \/><\/a><\/div>\n<div class=\"separator\" style=\"clear: both; text-align: center;\">\n<\/div>\n<div class=\"separator\" style=\"clear: both; text-align: left;\">\nEl piloto neerland\u00e9s de moto3 Bryan Schouten se pelea con su compatriota Scott Deroue despu\u00e9s de que se estrellar\u00e1n durante el Gran Premio de Alemania en Hohenstein-Ernstthal. 13 de Julio de 2014.<\/div>\n<div class=\"separator\" style=\"clear: both; text-align: left;\">\nAutor: Thomas Peter<\/div>\n<div class=\"separator\" style=\"clear: both; text-align: left;\">\n<\/div>\n<div class=\"separator\" style=\"clear: both; text-align: left;\">\n<\/div>\n<div class=\"separator\" style=\"clear: both; text-align: center;\">\n<a href=\"https:\/\/www.euroresidentes.com\/entretenimiento\/actualidad\/wp-content\/uploads\/sites\/24\/2015\/01\/1-5.jpg\" imageanchor=\"1\" style=\"margin-left: 1em; margin-right: 1em;\"><img decoding=\"async\" border=\"0\" src=\"https:\/\/www.euroresidentes.com\/entretenimiento\/actualidad\/wp-content\/uploads\/sites\/24\/2015\/01\/1-5.jpg\" \/><\/a><\/div>\n<div class=\"separator\" style=\"clear: both; text-align: center;\">\n<\/div>\n<div class=\"separator\" style=\"clear: both; text-align: left;\">\nLa gente pasa el rato en un supermercado despu\u00e9s de quedarse atrapados por una tormenta de nieve en Atlanta, Georgia. 29 de Enero de 2014.<\/div>\n<div class=\"separator\" style=\"clear: both; text-align: left;\">\nAutor: Tami Chappell<\/div>\n<div class=\"separator\" style=\"clear: both; text-align: left;\">\n<\/div>\n<div class=\"separator\" style=\"clear: both; text-align: left;\">\n<\/div>\n<div class=\"separator\" style=\"clear: both; text-align: center;\">\n<a href=\"https:\/\/www.euroresidentes.com\/entretenimiento\/actualidad\/wp-content\/uploads\/sites\/24\/2015\/01\/1-6.jpg\" imageanchor=\"1\" style=\"margin-left: 1em; margin-right: 1em;\"><img decoding=\"async\" border=\"0\" src=\"https:\/\/www.euroresidentes.com\/entretenimiento\/actualidad\/wp-content\/uploads\/sites\/24\/2015\/01\/1-6.jpg\" \/><\/a><\/div>\n<div class=\"separator\" style=\"clear: both; text-align: center;\">\n<\/div>\n<div class=\"separator\" style=\"clear: both; text-align: left;\">\nUn soldado del ej\u00e9rcito de \u00c1frica Central apu\u00f1ala el cad\u00e1ver de un hombre que fue asesinado por unirse a los combatientes derrocados de Seleka, en la capital Bangui. 5 de Febrero de 2014.<\/div>\n<div class=\"separator\" style=\"clear: both; text-align: left;\">\nAutor: Siegfried Modola<\/div>\n<div class=\"separator\" style=\"clear: both; text-align: left;\">\n<\/div>\n<div class=\"separator\" style=\"clear: both; text-align: left;\">\n<\/div>\n<div class=\"separator\" style=\"clear: both; text-align: center;\">\n<a href=\"https:\/\/www.euroresidentes.com\/entretenimiento\/actualidad\/wp-content\/uploads\/sites\/24\/2015\/01\/1-7.jpg\" imageanchor=\"1\" style=\"margin-left: 1em; margin-right: 1em;\"><img decoding=\"async\" border=\"0\" src=\"https:\/\/www.euroresidentes.com\/entretenimiento\/actualidad\/wp-content\/uploads\/sites\/24\/2015\/01\/1-7.jpg\" \/><\/a><\/div>\n<div class=\"separator\" style=\"clear: both; text-align: center;\">\n<\/div>\n<div class=\"separator\" style=\"clear: both; text-align: left;\">\nMujeres locales observan a hombres armados, que se cree que son soldados rusos, cerca de una base militar de ucraniana en Perevalnoe. 5 de Marzo de 2014.<\/div>\n<div class=\"separator\" style=\"clear: both; text-align: left;\">\nAutor: Thomas Peter<\/div>\n<div class=\"separator\" style=\"clear: both; text-align: left;\">\n<\/div>\n<div class=\"separator\" style=\"clear: both; text-align: left;\">\n<\/div>\n<div class=\"separator\" style=\"clear: both; text-align: center;\">\n<a href=\"https:\/\/www.euroresidentes.com\/entretenimiento\/actualidad\/wp-content\/uploads\/sites\/24\/2015\/01\/1-8.jpg\" imageanchor=\"1\" style=\"margin-left: 1em; margin-right: 1em;\"><img decoding=\"async\" border=\"0\" src=\"https:\/\/www.euroresidentes.com\/entretenimiento\/actualidad\/wp-content\/uploads\/sites\/24\/2015\/01\/1-8.jpg\" \/><\/a><\/div>\n<div class=\"separator\" style=\"clear: both; text-align: center;\">\n<\/div>\n<div class=\"separator\" style=\"clear: both; text-align: left;\">\nLa polic\u00eda antidisturbios utiliza gas pimienta contra los residentes de la barriada Telerj en su intento de recuperar la zona en R\u00edo de Janeiro. 11 de Abril de 2014.<\/div>\n<div class=\"separator\" style=\"clear: both; text-align: left;\">\nAutor: Ana Carolina Fernandes<\/div>\n<div class=\"separator\" style=\"clear: both; text-align: left;\">\n<\/div>\n<div class=\"separator\" style=\"clear: both; text-align: left;\">\n<\/div>\n<div class=\"separator\" style=\"clear: both; text-align: center;\">\n<a href=\"https:\/\/www.euroresidentes.com\/entretenimiento\/actualidad\/wp-content\/uploads\/sites\/24\/2015\/01\/1-9.jpg\" imageanchor=\"1\" style=\"margin-left: 1em; margin-right: 1em;\"><img decoding=\"async\" border=\"0\" src=\"https:\/\/www.euroresidentes.com\/entretenimiento\/actualidad\/wp-content\/uploads\/sites\/24\/2015\/01\/1-9.jpg\" \/><\/a><\/div>\n<div class=\"separator\" style=\"clear: both; text-align: center;\">\n<\/div>\n<div class=\"separator\" style=\"clear: both; text-align: left;\">\nPeatones palestinos y un motociclista entre las ruinas de las casas en la ciudad de Beit Hanoun, al norte de la franja de Gaza. 7 de Septiembre de 2014.<\/div>\n<div class=\"separator\" style=\"clear: both; text-align: left;\">\nAutor: Mohammed Salem<\/div>\n<div class=\"separator\" style=\"clear: both; text-align: left;\">\n<\/div>\n<div class=\"separator\" style=\"clear: both; text-align: left;\">\n<\/div>\n<div class=\"separator\" style=\"clear: both; text-align: center;\">\n<a href=\"https:\/\/www.euroresidentes.com\/entretenimiento\/actualidad\/wp-content\/uploads\/sites\/24\/2015\/01\/1-10.jpg\" imageanchor=\"1\" style=\"margin-left: 1em; margin-right: 1em;\"><img decoding=\"async\" border=\"0\" src=\"https:\/\/www.euroresidentes.com\/entretenimiento\/actualidad\/wp-content\/uploads\/sites\/24\/2015\/01\/1-10.jpg\" \/><\/a><\/div>\n<div class=\"separator\" style=\"clear: both; text-align: center;\">\n<\/div>\n<div class=\"separator\" style=\"clear: both; text-align: left;\">\n4 de los 5 anillos ol\u00edmpicos durante la ceremonia de inauguraci\u00f3n de los Juegos Ol\u00edmpicos de Invierno de Sochi, Rusia. Parece que uno de ellos no quiso encenderse. 7 de Febrero de 2014.<\/div>\n<div class=\"separator\" style=\"clear: both; text-align: left;\">\nAutor: David Gray<\/div>\n<div class=\"separator\" style=\"clear: both; text-align: left;\">\n<\/div>\n<div class=\"separator\" style=\"clear: both; text-align: left;\">\n<\/div>\n<div class=\"separator\" style=\"clear: both; text-align: center;\">\n<a href=\"https:\/\/www.euroresidentes.com\/entretenimiento\/actualidad\/wp-content\/uploads\/sites\/24\/2015\/01\/descarga.jpg\" imageanchor=\"1\" style=\"margin-left: 1em; margin-right: 1em;\"><img decoding=\"async\" border=\"0\" src=\"https:\/\/www.euroresidentes.com\/entretenimiento\/actualidad\/wp-content\/uploads\/sites\/24\/2015\/01\/descarga.jpg\" \/><\/a><\/div>\n<div class=\"separator\" style=\"clear: both; text-align: center;\">\n<\/div>\n<div class=\"separator\" style=\"clear: both; text-align: left;\">\nEl ex-presidente franc\u00e9s Nicolas Sarkozy se sienta en un banco con su mujer Carla Bruni-Sarkozy en Par\u00eds. 23 de Marzo de 2014<\/div>\n<div class=\"separator\" style=\"clear: both; text-align: left;\">\nAutor: Benoit Tessier<\/div>\n<div class=\"separator\" style=\"clear: both; text-align: left;\">\n<\/div>\n<div class=\"separator\" style=\"clear: both; text-align: left;\">\n<\/div>\n<div class=\"separator\" style=\"clear: both; text-align: center;\">\n<a href=\"https:\/\/www.euroresidentes.com\/entretenimiento\/actualidad\/wp-content\/uploads\/sites\/24\/2015\/01\/1-11.jpg\" imageanchor=\"1\" style=\"margin-left: 1em; margin-right: 1em;\"><img decoding=\"async\" border=\"0\" src=\"https:\/\/www.euroresidentes.com\/entretenimiento\/actualidad\/wp-content\/uploads\/sites\/24\/2015\/01\/1-11.jpg\" \/><\/a><\/div>\n<div class=\"separator\" style=\"clear: both; text-align: center;\">\n<\/div>\n<div class=\"separator\" style=\"clear: both; text-align: left;\">\nUna mujer israel\u00ed y una mujer palestina se hacen gestos una a la otra en una protesta de mujeres palestinas contra los visitantes jud\u00edos al recinto conocido por los musulmanes como Noble Santuario y conocido por los jud\u00edos como el Monte del Templo, en Jerusal\u00e9n. 14 de Octubre de 2014.<\/div>\n<div class=\"separator\" style=\"clear: both; text-align: left;\">\nAutor: Finbarr O&#8217;Reilly<\/div>\n<div class=\"separator\" style=\"clear: both; text-align: left;\">\n<\/div>\n<div class=\"separator\" style=\"clear: both; text-align: left;\">\n<\/div>\n<div class=\"separator\" style=\"clear: both; text-align: center;\">\n<a href=\"https:\/\/www.euroresidentes.com\/entretenimiento\/actualidad\/wp-content\/uploads\/sites\/24\/2015\/01\/1-12.jpg\" imageanchor=\"1\" style=\"margin-left: 1em; margin-right: 1em;\"><img decoding=\"async\" border=\"0\" src=\"https:\/\/www.euroresidentes.com\/entretenimiento\/actualidad\/wp-content\/uploads\/sites\/24\/2015\/01\/1-12.jpg\" \/><\/a><\/div>\n<div class=\"separator\" style=\"clear: both; text-align: center;\">\n<\/div>\n<div class=\"separator\" style=\"clear: both; text-align: left;\">\nEl humo a\u00fan se mantiene d\u00edas despu\u00e9s de que parte del territorio donde estaba afincada la casa se viniera abajo y cayera al lago Whitney, en Texas. 13 de Junio de 2014.<\/div>\n<div class=\"separator\" style=\"clear: both; text-align: left;\">\nAutor: Brandon Wade<\/div>\n<div class=\"separator\" style=\"clear: both; text-align: left;\">\n<\/div>\n<div class=\"separator\" style=\"clear: both; text-align: left;\">\n<\/div>\n<div class=\"separator\" style=\"clear: both; text-align: center;\">\n<a href=\"https:\/\/www.euroresidentes.com\/entretenimiento\/actualidad\/wp-content\/uploads\/sites\/24\/2015\/01\/1-13.jpg\" imageanchor=\"1\" style=\"margin-left: 1em; margin-right: 1em;\"><img decoding=\"async\" border=\"0\" src=\"https:\/\/www.euroresidentes.com\/entretenimiento\/actualidad\/wp-content\/uploads\/sites\/24\/2015\/01\/1-13.jpg\" \/><\/a><\/div>\n<div class=\"separator\" style=\"clear: both; text-align: center;\">\n<\/div>\n<div class=\"separator\" style=\"clear: both; text-align: left;\">\nManifestantes pro-rusos atacan a un manifestante pro-ucraniano durante una manifestaci\u00f3n a favor de Ucrania en al ciudad de Donetsk. 28 de Abril de 2014.<\/div>\n<div class=\"separator\" style=\"clear: both; text-align: left;\">\nAutor: Marko Djurica<\/div>\n<div class=\"separator\" style=\"clear: both; text-align: left;\">\n<\/div>\n<div class=\"separator\" style=\"clear: both; text-align: left;\">\n<\/div>\n<div class=\"separator\" style=\"clear: both; text-align: center;\">\n<a href=\"https:\/\/www.euroresidentes.com\/entretenimiento\/actualidad\/wp-content\/uploads\/sites\/24\/2015\/01\/1-14.jpg\" imageanchor=\"1\" style=\"margin-left: 1em; margin-right: 1em;\"><img decoding=\"async\" border=\"0\" src=\"https:\/\/www.euroresidentes.com\/entretenimiento\/actualidad\/wp-content\/uploads\/sites\/24\/2015\/01\/1-14.jpg\" \/><\/a><\/div>\n<div class=\"separator\" style=\"clear: both; text-align: center;\">\n<\/div>\n<div class=\"separator\" style=\"clear: both; text-align: left;\">\nDos mujeres que parecen ser monjas beben cerveza y toman panchitos mientras ven los campeonatos de curling en Kamloops, Canada. 8 de Marzo de 2014.<\/div>\n<div class=\"separator\" style=\"clear: both; text-align: left;\">\nAutor: Ben Nelms<\/div>\n<div class=\"separator\" style=\"clear: both; text-align: left;\">\n<\/div>\n<div class=\"separator\" style=\"clear: both; text-align: left;\">\n<\/div>\n<div class=\"separator\" style=\"clear: both; text-align: center;\">\n<a href=\"https:\/\/www.euroresidentes.com\/entretenimiento\/actualidad\/wp-content\/uploads\/sites\/24\/2015\/01\/descarga-1.jpg\" imageanchor=\"1\" style=\"margin-left: 1em; margin-right: 1em;\"><img decoding=\"async\" border=\"0\" src=\"https:\/\/www.euroresidentes.com\/entretenimiento\/actualidad\/wp-content\/uploads\/sites\/24\/2015\/01\/descarga-1.jpg\" \/><\/a><\/div>\n<div class=\"separator\" style=\"clear: both; text-align: center;\">\n<\/div>\n<div class=\"separator\" style=\"clear: both; text-align: left;\">\nReacci\u00f3n de 4 mujeres tras la explosi\u00f3n de una bomba en el hospital general Asokoro en Abuja, Nigeria. 14 de Abril de 2014.<\/div>\n<div class=\"separator\" style=\"clear: both; text-align: left;\">\nAutor: Afolabi Sotunde<\/div>\n<div class=\"separator\" style=\"clear: both; text-align: left;\">\n<\/div>\n<div class=\"separator\" style=\"clear: both; text-align: left;\">\n<\/div>\n<div class=\"separator\" style=\"clear: both; text-align: center;\">\n<a href=\"https:\/\/www.euroresidentes.com\/entretenimiento\/actualidad\/wp-content\/uploads\/sites\/24\/2015\/01\/descarga-2.jpg\" imageanchor=\"1\" style=\"margin-left: 1em; margin-right: 1em;\"><img decoding=\"async\" border=\"0\" src=\"https:\/\/www.euroresidentes.com\/entretenimiento\/actualidad\/wp-content\/uploads\/sites\/24\/2015\/01\/descarga-2.jpg\" \/><\/a><\/div>\n<div class=\"separator\" style=\"clear: both; text-align: center;\">\n<\/div>\n<div class=\"separator\" style=\"clear: both; text-align: left;\">\nManifestantes en contra del gobierno se besan durante una protesta contra el presidente del gobierno de Venezuela Nicol\u00e1s Maduro, en Caracas. 22 de Marzo de 2014.<\/div>\n<div class=\"separator\" style=\"clear: both; text-align: left;\">\nAutor: Christian Veron<\/div>\n<div class=\"separator\" style=\"clear: both; text-align: left;\">\n<\/div>\n<div class=\"separator\" style=\"clear: both; text-align: left;\">\n<\/div>\n<div class=\"separator\" style=\"clear: both; text-align: center;\">\n<a href=\"https:\/\/www.euroresidentes.com\/entretenimiento\/actualidad\/wp-content\/uploads\/sites\/24\/2015\/01\/descarga-3.jpg\" imageanchor=\"1\" style=\"margin-left: 1em; margin-right: 1em;\"><img decoding=\"async\" border=\"0\" src=\"https:\/\/www.euroresidentes.com\/entretenimiento\/actualidad\/wp-content\/uploads\/sites\/24\/2015\/01\/descarga-3.jpg\" \/><\/a><\/div>\n<div class=\"separator\" style=\"clear: both; text-align: center;\">\n<\/div>\n<div class=\"separator\" style=\"clear: both; text-align: left;\">\nTres hombres declarados culpables de matar a civiles por un tribunal militar somal\u00ed van a ser ejecutados por un pelot\u00f3n de fusilamiento en Mogadiscio. 3 de Agosto de 2014.<\/div>\n<div class=\"separator\" style=\"clear: both; text-align: left;\">\nAutor: Feisal Omar<\/div>\n<div class=\"separator\" style=\"clear: both; text-align: left;\">\n<\/div>\n<div class=\"separator\" style=\"clear: both; text-align: left;\">\n<\/div>\n<div class=\"separator\" style=\"clear: both; text-align: center;\">\n<a href=\"https:\/\/www.euroresidentes.com\/entretenimiento\/actualidad\/wp-content\/uploads\/sites\/24\/2015\/01\/descarga-4.jpg\" imageanchor=\"1\" style=\"margin-left: 1em; margin-right: 1em;\"><img decoding=\"async\" border=\"0\" src=\"https:\/\/www.euroresidentes.com\/entretenimiento\/actualidad\/wp-content\/uploads\/sites\/24\/2015\/01\/descarga-4.jpg\" \/><\/a><\/div>\n<div class=\"separator\" style=\"clear: both; text-align: center;\">\n<\/div>\n<div class=\"separator\" style=\"clear: both; text-align: left;\">\nPruebas del vuelo de una bruja controlada por radio para estudiar las nubes a lo largo del Oc\u00e9ano Pac\u00edfico en Carlsbad, California. 8 de Octubre de 2014.<\/div>\n<div class=\"separator\" style=\"clear: both; text-align: left;\">\nAutor: Mike Blake<\/div>\n<div class=\"separator\" style=\"clear: both; text-align: left;\">\n<\/div>\n<div class=\"separator\" style=\"clear: both; text-align: left;\">\n<\/div>\n<div class=\"separator\" style=\"clear: both; text-align: center;\">\n<a href=\"https:\/\/www.euroresidentes.com\/entretenimiento\/actualidad\/wp-content\/uploads\/sites\/24\/2015\/01\/descarga-5.jpg\" imageanchor=\"1\" style=\"margin-left: 1em; margin-right: 1em;\"><img decoding=\"async\" border=\"0\" src=\"https:\/\/www.euroresidentes.com\/entretenimiento\/actualidad\/wp-content\/uploads\/sites\/24\/2015\/01\/descarga-5.jpg\" \/><\/a><\/div>\n<div class=\"separator\" style=\"clear: both; text-align: center;\">\n<\/div>\n<div class=\"separator\" style=\"clear: both; text-align: left;\">\nEl seleccionador de Brasil Luiz Felipe Scolari gesticula a Bernard durante la semifinal contra Alemania de la Copa Mundial de F\u00fatbol en Brasil. 8 de Julio de 2014.<\/div>\n<div class=\"separator\" style=\"clear: both; text-align: left;\">\nAutor: David Gray<\/div>\n<div class=\"separator\" style=\"clear: both; text-align: left;\">\n<\/div>\n<div class=\"separator\" style=\"clear: both; text-align: left;\">\n<\/div>\n<div class=\"separator\" style=\"clear: both; text-align: center;\">\n<a href=\"https:\/\/www.euroresidentes.com\/entretenimiento\/actualidad\/wp-content\/uploads\/sites\/24\/2015\/01\/descarga-6.jpg\" imageanchor=\"1\" style=\"margin-left: 1em; margin-right: 1em;\"><img decoding=\"async\" border=\"0\" src=\"https:\/\/www.euroresidentes.com\/entretenimiento\/actualidad\/wp-content\/uploads\/sites\/24\/2015\/01\/descarga-6.jpg\" \/><\/a><\/div>\n<div class=\"separator\" style=\"clear: both; text-align: center;\">\n<\/div>\n<div class=\"separator\" style=\"clear: both; text-align: left;\">\nIfeoma Nwoye de Nigeria es llevada por su entrenador despu\u00e9s de que perdiera su lucha por la semifinal de estilo libre 55 kg en los juegos de la Commonwealth en Glasgow, Escocia. 31 de Julio de 2014.<\/div>\n<div class=\"separator\" style=\"clear: both; text-align: left;\">\nAutor: Andrew Winning&nbsp;<\/div>\n<div class=\"separator\" style=\"clear: both; text-align: left;\">\n<\/div>\n<div class=\"separator\" style=\"clear: both; text-align: left;\">\n<\/div>\n<div class=\"separator\" style=\"clear: both; text-align: center;\">\n<a href=\"https:\/\/www.euroresidentes.com\/entretenimiento\/actualidad\/wp-content\/uploads\/sites\/24\/2015\/01\/descarga-7.jpg\" imageanchor=\"1\" style=\"margin-left: 1em; margin-right: 1em;\"><img decoding=\"async\" border=\"0\" src=\"https:\/\/www.euroresidentes.com\/entretenimiento\/actualidad\/wp-content\/uploads\/sites\/24\/2015\/01\/descarga-7.jpg\" \/><\/a><\/div>\n<div class=\"separator\" style=\"clear: both; text-align: center;\">\n<\/div>\n<div class=\"separator\" style=\"clear: both; text-align: left;\">\nEric Parker apunta con su arma desde un puente mientras los manifestantes se re\u00fanen en el campamento base de la Oficina de la Gerencia de Tierras, donde retienen a los bovinos que fueron incautados del ranchero Cliven Bundy, cerca de Bunkerville, Nevada. 12 de Abril de 2014.<\/div>\n<div class=\"separator\" style=\"clear: both; text-align: left;\">\nAutor: Jim Urquhart<\/div>\n<div class=\"separator\" style=\"clear: both; text-align: left;\">\n<\/div>\n<div class=\"separator\" style=\"clear: both; text-align: left;\">\n<\/div>\n<div class=\"separator\" style=\"clear: both; text-align: center;\">\n<a href=\"https:\/\/www.euroresidentes.com\/entretenimiento\/actualidad\/wp-content\/uploads\/sites\/24\/2015\/01\/descarga-8.jpg\" imageanchor=\"1\" style=\"margin-left: 1em; margin-right: 1em;\"><img decoding=\"async\" border=\"0\" src=\"https:\/\/www.euroresidentes.com\/entretenimiento\/actualidad\/wp-content\/uploads\/sites\/24\/2015\/01\/descarga-8.jpg\" \/><\/a><\/div>\n<div class=\"separator\" style=\"clear: both; text-align: center;\">\n<\/div>\n<div class=\"separator\" style=\"clear: both; text-align: left;\">\nTariq Khdeir es abrazado por su madre despu\u00e9s de ser liberado de la c\u00e1rcel, en Jerusal\u00e9n. 6 de Julio de 2014.<\/div>\n<div class=\"separator\" style=\"clear: both; text-align: left;\">\nAutor: Ronen Zvulun<\/div>\n<div class=\"separator\" style=\"clear: both; text-align: left;\">\n<\/div>\n<div class=\"separator\" style=\"clear: both; text-align: left;\">\n<\/div>\n<div class=\"separator\" style=\"clear: both; text-align: center;\">\n<a href=\"https:\/\/www.euroresidentes.com\/entretenimiento\/actualidad\/wp-content\/uploads\/sites\/24\/2015\/01\/descarga-9.jpg\" imageanchor=\"1\" style=\"margin-left: 1em; margin-right: 1em;\"><img decoding=\"async\" border=\"0\" src=\"https:\/\/www.euroresidentes.com\/entretenimiento\/actualidad\/wp-content\/uploads\/sites\/24\/2015\/01\/descarga-9.jpg\" \/><\/a><\/div>\n<div class=\"separator\" style=\"clear: both; text-align: center;\">\n<\/div>\n<div class=\"separator\" style=\"clear: both; text-align: left;\">\nUna cuna abandonada por los refugiados kurdos sirios se encuentra en la frontera turco-siria cerca de Suruc, Turqu\u00eda. 27 de Septiembre de 2014.<\/div>\n<div class=\"separator\" style=\"clear: both; text-align: left;\">\nAutor: Murad Sezer<\/div>\n<div class=\"separator\" style=\"clear: both; text-align: left;\">\n<\/div>\n<div class=\"separator\" style=\"clear: both; text-align: left;\">\n<\/div>\n<div class=\"separator\" style=\"clear: both; text-align: center;\">\n<a href=\"https:\/\/www.euroresidentes.com\/entretenimiento\/actualidad\/wp-content\/uploads\/sites\/24\/2015\/01\/descarga-10.jpg\" imageanchor=\"1\" style=\"margin-left: 1em; margin-right: 1em;\"><img decoding=\"async\" border=\"0\" src=\"https:\/\/www.euroresidentes.com\/entretenimiento\/actualidad\/wp-content\/uploads\/sites\/24\/2015\/01\/descarga-10.jpg\" \/><\/a><\/div>\n<div class=\"separator\" style=\"clear: both; text-align: center;\">\n<\/div>\n<div class=\"separator\" style=\"clear: both; text-align: left;\">\nIndios que no han tenido ning\u00fan contacto con el hombre seg\u00fan los antrop\u00f3logos reaccionan a un avi\u00f3n que sobrevuela sobre su aldea en la cuenca del Amazonas, cerca del r\u00edo Xinane, cerca de la frontera con Per\u00fa. 25 de Marzo de 2014.<\/div>\n<div class=\"separator\" style=\"clear: both; text-align: left;\">\nAutor: Lunae Parracho<\/div>\n<div class=\"separator\" style=\"clear: both; text-align: left;\">\n<\/div>\n<div class=\"separator\" style=\"clear: both; text-align: left;\">\n<\/div>\n<div class=\"separator\" style=\"clear: both; text-align: center;\">\n<a href=\"https:\/\/www.euroresidentes.com\/entretenimiento\/actualidad\/wp-content\/uploads\/sites\/24\/2015\/01\/descarga-11.jpg\" imageanchor=\"1\" style=\"margin-left: 1em; margin-right: 1em;\"><img decoding=\"async\" border=\"0\" src=\"https:\/\/www.euroresidentes.com\/entretenimiento\/actualidad\/wp-content\/uploads\/sites\/24\/2015\/01\/descarga-11.jpg\" \/><\/a><\/div>\n<div class=\"separator\" style=\"clear: both; text-align: center;\">\n<\/div>\n<div class=\"separator\" style=\"clear: both; text-align: left;\">\nEl lado estadounidense de las cataratas del Ni\u00e1gara. 8 de Enero de 2014.<\/div>\n<div class=\"separator\" style=\"clear: both; text-align: left;\">\nAutor: Aaron Harris<\/div>\n<div class=\"separator\" style=\"clear: both; text-align: left;\">\n<\/div>\n<div class=\"separator\" style=\"clear: both; text-align: left;\">\n<\/div>\n<div class=\"separator\" style=\"clear: both; text-align: center;\">\n<a href=\"https:\/\/www.euroresidentes.com\/entretenimiento\/actualidad\/wp-content\/uploads\/sites\/24\/2015\/01\/descarga-12.jpg\" imageanchor=\"1\" style=\"margin-left: 1em; margin-right: 1em;\"><img decoding=\"async\" border=\"0\" src=\"https:\/\/www.euroresidentes.com\/entretenimiento\/actualidad\/wp-content\/uploads\/sites\/24\/2015\/01\/descarga-12.jpg\" \/><\/a><\/div>\n<div class=\"separator\" style=\"clear: both; text-align: center;\">\n<\/div>\n<div class=\"separator\" style=\"clear: both; text-align: left;\">\nZhiliang, cuya prometida iba a bordo del Malasia Airlines MH370, que desapareci\u00f3 en marzo, es fotografiado en una casa vac\u00eda que ambos ten\u00edan pensado decorar juntos durante su matrimonio. China, 26 de Agosto de 2014.<\/div>\n<div class=\"separator\" style=\"clear: both; text-align: left;\">\nAutor: Kim Kyung Hoon<\/div>\n<div class=\"separator\" style=\"clear: both; text-align: left;\">\n<\/div>\n<div class=\"separator\" style=\"clear: both; text-align: left;\">\n<\/div>\n<div class=\"separator\" style=\"clear: both; text-align: center;\">\n<a href=\"https:\/\/www.euroresidentes.com\/entretenimiento\/actualidad\/wp-content\/uploads\/sites\/24\/2015\/01\/descarga-13.jpg\" imageanchor=\"1\" style=\"margin-left: 1em; margin-right: 1em;\"><img decoding=\"async\" border=\"0\" src=\"https:\/\/www.euroresidentes.com\/entretenimiento\/actualidad\/wp-content\/uploads\/sites\/24\/2015\/01\/descarga-13.jpg\" \/><\/a><\/div>\n<div class=\"separator\" style=\"clear: both; text-align: center;\">\n<\/div>\n<div class=\"separator\" style=\"clear: both; text-align: left;\">\nLos manifestantes usan un tirachinas &nbsp;contra la Guardia Nacional durante una de las protestas en San Crist\u00f3bal, Venezuela. 27 de Febrero de 2014.<\/div>\n<div class=\"separator\" style=\"clear: both; text-align: left;\">\nAutor: Carlos Garc\u00eda Rawlins<\/div>\n<div class=\"separator\" style=\"clear: both; text-align: left;\">\n<\/div>\n<div class=\"separator\" style=\"clear: both; text-align: left;\">\n<\/div>\n<div class=\"separator\" style=\"clear: both; text-align: center;\">\n<a href=\"https:\/\/www.euroresidentes.com\/entretenimiento\/actualidad\/wp-content\/uploads\/sites\/24\/2015\/01\/descarga-14.jpg\" imageanchor=\"1\" style=\"margin-left: 1em; margin-right: 1em;\"><img decoding=\"async\" border=\"0\" src=\"https:\/\/www.euroresidentes.com\/entretenimiento\/actualidad\/wp-content\/uploads\/sites\/24\/2015\/01\/descarga-14.jpg\" \/><\/a><\/div>\n<div class=\"separator\" style=\"clear: both; text-align: center;\">\n<\/div>\n<div class=\"separator\" style=\"clear: both; text-align: left;\">\nVista a\u00e9rea de la presa Atibainha durante una sequ\u00eda en Nazare Paulista, Brasil. 18 de Noviembre de 2014.<\/div>\n<div class=\"separator\" style=\"clear: both; text-align: left;\">\nAutor: Nacho Doce<\/div>\n<div class=\"separator\" style=\"clear: both; text-align: left;\">\n<\/div>\n<div class=\"separator\" style=\"clear: both; text-align: left;\">\nEl grito desgarrador. La Madre Tierra suplicando ayuda.<\/div>\n<div class=\"separator\" style=\"clear: both; text-align: left;\">\n<\/div>\n<div class=\"separator\" style=\"clear: both; text-align: left;\">\nSon fotos fuertes. Lo s\u00e9. Pero son fotos. Muestran la realidad. Y la realidad que vivimos es fuerte. Aunque hagamos o\u00eddos sordos. Aunque vendemos nuestros ojos. La verdad est\u00e1 ah\u00ed fuera.<\/div>\n<div class=\"separator\" style=\"clear: both; text-align: left;\">\n<\/div>\n<div class=\"separator\" style=\"clear: both; text-align: left;\">\nAndrea.<\/div>\n","protected":false},"excerpt":{"rendered":"<p>Un hombre es rociado con leche despu\u00e9s de que las fuerzas de seguridad le atacaran con spray picante para los ojos en Ferguson, Missouri, 20 de Agosto del 2014. Autor: Adrees Latif El hijo de uno de los miembros de la familia Tayseer Al-Batsh, cuyos funcionarios del hospital dijeron que hab\u00eda muerto en un ataque a\u00e9reo israel\u00ed, llora durante su funeral en la ciudad de Gaza, 13 de Julio de 2014.&nbsp; Autor: Mohammed Salem&nbsp; Una joven miembro del coro \u00abSinfon\u00eda por el Per\u00fa\u00bb vomita antes de la actuaci\u00f3n con el tenor peruano Juan Diego Florez, en el teatro Nacional de <\/p>\n","protected":false},"author":1,"featured_media":1097,"comment_status":"open","ping_status":"open","sticky":false,"template":"","format":"standard","meta":{"footnotes":""},"categories":[1],"tags":[],"class_list":["post-592","post","type-post","status-publish","format-standard","has-post-thumbnail","hentry","category-general","has_thumb"],"yoast_head":"<!-- This site is optimized with the Yoast SEO plugin v24.1 - https:\/\/yoast.com\/wordpress\/plugins\/seo\/ -->\n<title>Las mejores fotograf\u00edas que nos ha dejado el 2014 - Actualidad: famosos, \u00e9xitos, deportes...<\/title>\n<meta name=\"robots\" content=\"index, follow, max-snippet:-1, max-image-preview:large, max-video-preview:-1\" \/>\n<link rel=\"canonical\" href=\"https:\/\/www.euroresidentes.com\/entretenimiento\/actualidad\/las-mejores-fotografias-que-nos-ha\/\" \/>\n<meta property=\"og:locale\" content=\"es_ES\" \/>\n<meta property=\"og:type\" content=\"article\" \/>\n<meta property=\"og:title\" content=\"Las mejores fotograf\u00edas que nos ha dejado el 2014 - Actualidad: famosos, \u00e9xitos, deportes...\" \/>\n<meta property=\"og:description\" content=\"Un hombre es rociado con leche despu\u00e9s de que las fuerzas de seguridad le atacaran con spray picante para los ojos en Ferguson, Missouri, 20 de Agosto del 2014. Autor: Adrees Latif El hijo de uno de los miembros de la familia Tayseer Al-Batsh, cuyos funcionarios del hospital dijeron que hab\u00eda muerto en un ataque a\u00e9reo israel\u00ed, llora durante su funeral en la ciudad de Gaza, 13 de Julio de 2014.&nbsp; Autor: Mohammed Salem&nbsp; Una joven miembro del coro \u00abSinfon\u00eda por el Per\u00fa\u00bb vomita antes de la actuaci\u00f3n con el tenor peruano Juan Diego Florez, en el teatro Nacional de\" \/>\n<meta property=\"og:url\" content=\"https:\/\/www.euroresidentes.com\/entretenimiento\/actualidad\/las-mejores-fotografias-que-nos-ha\/\" \/>\n<meta property=\"og:site_name\" content=\"Actualidad: famosos, \u00e9xitos, deportes...\" \/>\n<meta property=\"article:publisher\" content=\"https:\/\/www.facebook.com\/euroresidentes\/\" \/>\n<meta property=\"article:published_time\" content=\"2015-01-07T16:35:00+00:00\" \/>\n<meta property=\"article:modified_time\" content=\"2016-02-23T16:08:04+00:00\" \/>\n<meta property=\"og:image\" content=\"https:\/\/www.euroresidentes.com\/entretenimiento\/actualidad\/wp-content\/uploads\/sites\/24\/2015\/01\/1.jpg\" \/>\n\t<meta property=\"og:image:width\" content=\"600\" \/>\n\t<meta property=\"og:image:height\" content=\"450\" \/>\n\t<meta property=\"og:image:type\" content=\"image\/jpeg\" \/>\n<meta name=\"author\" content=\"Euroresidentes\" \/>\n<meta name=\"twitter:card\" content=\"summary_large_image\" \/>\n<meta name=\"twitter:label1\" content=\"Written by\" \/>\n\t<meta name=\"twitter:data1\" content=\"Euroresidentes\" \/>\n\t<meta name=\"twitter:label2\" content=\"Est. reading time\" \/>\n\t<meta name=\"twitter:data2\" content=\"5 minutos\" \/>\n<script type=\"application\/ld+json\" class=\"yoast-schema-graph\">{\"@context\":\"https:\/\/schema.org\",\"@graph\":[{\"@type\":\"WebPage\",\"@id\":\"https:\/\/www.euroresidentes.com\/entretenimiento\/actualidad\/las-mejores-fotografias-que-nos-ha\/\",\"url\":\"https:\/\/www.euroresidentes.com\/entretenimiento\/actualidad\/las-mejores-fotografias-que-nos-ha\/\",\"name\":\"Las mejores fotograf\u00edas que nos ha dejado el 2014 - Actualidad: famosos, \u00e9xitos, deportes...\",\"isPartOf\":{\"@id\":\"https:\/\/www.euroresidentes.com\/entretenimiento\/actualidad\/#website\"},\"primaryImageOfPage\":{\"@id\":\"https:\/\/www.euroresidentes.com\/entretenimiento\/actualidad\/las-mejores-fotografias-que-nos-ha\/#primaryimage\"},\"image\":{\"@id\":\"https:\/\/www.euroresidentes.com\/entretenimiento\/actualidad\/las-mejores-fotografias-que-nos-ha\/#primaryimage\"},\"thumbnailUrl\":\"https:\/\/www.euroresidentes.com\/entretenimiento\/actualidad\/wp-content\/uploads\/sites\/24\/2015\/01\/1.jpg\",\"datePublished\":\"2015-01-07T16:35:00+00:00\",\"dateModified\":\"2016-02-23T16:08:04+00:00\",\"author\":{\"@id\":\"https:\/\/www.euroresidentes.com\/entretenimiento\/actualidad\/#\/schema\/person\/e41441f91af6208631ba0be4ea9c5f01\"},\"breadcrumb\":{\"@id\":\"https:\/\/www.euroresidentes.com\/entretenimiento\/actualidad\/las-mejores-fotografias-que-nos-ha\/#breadcrumb\"},\"inLanguage\":\"es\",\"potentialAction\":[{\"@type\":\"ReadAction\",\"target\":[\"https:\/\/www.euroresidentes.com\/entretenimiento\/actualidad\/las-mejores-fotografias-que-nos-ha\/\"]}]},{\"@type\":\"ImageObject\",\"inLanguage\":\"es\",\"@id\":\"https:\/\/www.euroresidentes.com\/entretenimiento\/actualidad\/las-mejores-fotografias-que-nos-ha\/#primaryimage\",\"url\":\"https:\/\/www.euroresidentes.com\/entretenimiento\/actualidad\/wp-content\/uploads\/sites\/24\/2015\/01\/1.jpg\",\"contentUrl\":\"https:\/\/www.euroresidentes.com\/entretenimiento\/actualidad\/wp-content\/uploads\/sites\/24\/2015\/01\/1.jpg\",\"width\":600,\"height\":450},{\"@type\":\"BreadcrumbList\",\"@id\":\"https:\/\/www.euroresidentes.com\/entretenimiento\/actualidad\/las-mejores-fotografias-que-nos-ha\/#breadcrumb\",\"itemListElement\":[{\"@type\":\"ListItem\",\"position\":1,\"name\":\"Portada\",\"item\":\"https:\/\/www.euroresidentes.com\/entretenimiento\/actualidad\/\"},{\"@type\":\"ListItem\",\"position\":2,\"name\":\"Las mejores fotograf\u00edas que nos ha dejado el 2014\"}]},{\"@type\":\"WebSite\",\"@id\":\"https:\/\/www.euroresidentes.com\/entretenimiento\/actualidad\/#website\",\"url\":\"https:\/\/www.euroresidentes.com\/entretenimiento\/actualidad\/\",\"name\":\"Actualidad: famosos, \u00e9xitos, deportes...\",\"description\":\"Euroresidentes\",\"potentialAction\":[{\"@type\":\"SearchAction\",\"target\":{\"@type\":\"EntryPoint\",\"urlTemplate\":\"https:\/\/www.euroresidentes.com\/entretenimiento\/actualidad\/?s={search_term_string}\"},\"query-input\":{\"@type\":\"PropertyValueSpecification\",\"valueRequired\":true,\"valueName\":\"search_term_string\"}}],\"inLanguage\":\"es\"},{\"@type\":\"Person\",\"@id\":\"https:\/\/www.euroresidentes.com\/entretenimiento\/actualidad\/#\/schema\/person\/e41441f91af6208631ba0be4ea9c5f01\",\"name\":\"Euroresidentes\",\"image\":{\"@type\":\"ImageObject\",\"inLanguage\":\"es\",\"@id\":\"https:\/\/www.euroresidentes.com\/entretenimiento\/actualidad\/#\/schema\/person\/image\/\",\"url\":\"https:\/\/www.euroresidentes.com\/entretenimiento\/actualidad\/wp-content\/uploads\/sites\/24\/2016\/09\/logo-euroresidentes-150x150.jpg\",\"contentUrl\":\"https:\/\/www.euroresidentes.com\/entretenimiento\/actualidad\/wp-content\/uploads\/sites\/24\/2016\/09\/logo-euroresidentes-150x150.jpg\",\"caption\":\"Euroresidentes\"},\"description\":\"Euroresidentes\",\"sameAs\":[\"https:\/\/www.euroresidentes.com\/info.htm\"],\"url\":\"https:\/\/www.euroresidentes.com\/entretenimiento\/actualidad\/author\/euroresidentes\/\"}]}<\/script>\n<!-- \/ Yoast SEO plugin. -->","yoast_head_json":{"title":"Las mejores fotograf\u00edas que nos ha dejado el 2014 - Actualidad: famosos, \u00e9xitos, deportes...","robots":{"index":"index","follow":"follow","max-snippet":"max-snippet:-1","max-image-preview":"max-image-preview:large","max-video-preview":"max-video-preview:-1"},"canonical":"https:\/\/www.euroresidentes.com\/entretenimiento\/actualidad\/las-mejores-fotografias-que-nos-ha\/","og_locale":"es_ES","og_type":"article","og_title":"Las mejores fotograf\u00edas que nos ha dejado el 2014 - Actualidad: famosos, \u00e9xitos, deportes...","og_description":"Un hombre es rociado con leche despu\u00e9s de que las fuerzas de seguridad le atacaran con spray picante para los ojos en Ferguson, Missouri, 20 de Agosto del 2014. Autor: Adrees Latif El hijo de uno de los miembros de la familia Tayseer Al-Batsh, cuyos funcionarios del hospital dijeron que hab\u00eda muerto en un ataque a\u00e9reo israel\u00ed, llora durante su funeral en la ciudad de Gaza, 13 de Julio de 2014.&nbsp; Autor: Mohammed Salem&nbsp; Una joven miembro del coro \u00abSinfon\u00eda por el Per\u00fa\u00bb vomita antes de la actuaci\u00f3n con el tenor peruano Juan Diego Florez, en el teatro Nacional de","og_url":"https:\/\/www.euroresidentes.com\/entretenimiento\/actualidad\/las-mejores-fotografias-que-nos-ha\/","og_site_name":"Actualidad: famosos, \u00e9xitos, deportes...","article_publisher":"https:\/\/www.facebook.com\/euroresidentes\/","article_published_time":"2015-01-07T16:35:00+00:00","article_modified_time":"2016-02-23T16:08:04+00:00","og_image":[{"width":600,"height":450,"url":"https:\/\/www.euroresidentes.com\/entretenimiento\/actualidad\/wp-content\/uploads\/sites\/24\/2015\/01\/1.jpg","type":"image\/jpeg"}],"author":"Euroresidentes","twitter_card":"summary_large_image","twitter_misc":{"Written by":"Euroresidentes","Est. reading time":"5 minutos"},"schema":{"@context":"https:\/\/schema.org","@graph":[{"@type":"WebPage","@id":"https:\/\/www.euroresidentes.com\/entretenimiento\/actualidad\/las-mejores-fotografias-que-nos-ha\/","url":"https:\/\/www.euroresidentes.com\/entretenimiento\/actualidad\/las-mejores-fotografias-que-nos-ha\/","name":"Las mejores fotograf\u00edas que nos ha dejado el 2014 - Actualidad: famosos, \u00e9xitos, deportes...","isPartOf":{"@id":"https:\/\/www.euroresidentes.com\/entretenimiento\/actualidad\/#website"},"primaryImageOfPage":{"@id":"https:\/\/www.euroresidentes.com\/entretenimiento\/actualidad\/las-mejores-fotografias-que-nos-ha\/#primaryimage"},"image":{"@id":"https:\/\/www.euroresidentes.com\/entretenimiento\/actualidad\/las-mejores-fotografias-que-nos-ha\/#primaryimage"},"thumbnailUrl":"https:\/\/www.euroresidentes.com\/entretenimiento\/actualidad\/wp-content\/uploads\/sites\/24\/2015\/01\/1.jpg","datePublished":"2015-01-07T16:35:00+00:00","dateModified":"2016-02-23T16:08:04+00:00","author":{"@id":"https:\/\/www.euroresidentes.com\/entretenimiento\/actualidad\/#\/schema\/person\/e41441f91af6208631ba0be4ea9c5f01"},"breadcrumb":{"@id":"https:\/\/www.euroresidentes.com\/entretenimiento\/actualidad\/las-mejores-fotografias-que-nos-ha\/#breadcrumb"},"inLanguage":"es","potentialAction":[{"@type":"ReadAction","target":["https:\/\/www.euroresidentes.com\/entretenimiento\/actualidad\/las-mejores-fotografias-que-nos-ha\/"]}]},{"@type":"ImageObject","inLanguage":"es","@id":"https:\/\/www.euroresidentes.com\/entretenimiento\/actualidad\/las-mejores-fotografias-que-nos-ha\/#primaryimage","url":"https:\/\/www.euroresidentes.com\/entretenimiento\/actualidad\/wp-content\/uploads\/sites\/24\/2015\/01\/1.jpg","contentUrl":"https:\/\/www.euroresidentes.com\/entretenimiento\/actualidad\/wp-content\/uploads\/sites\/24\/2015\/01\/1.jpg","width":600,"height":450},{"@type":"BreadcrumbList","@id":"https:\/\/www.euroresidentes.com\/entretenimiento\/actualidad\/las-mejores-fotografias-que-nos-ha\/#breadcrumb","itemListElement":[{"@type":"ListItem","position":1,"name":"Portada","item":"https:\/\/www.euroresidentes.com\/entretenimiento\/actualidad\/"},{"@type":"ListItem","position":2,"name":"Las mejores fotograf\u00edas que nos ha dejado el 2014"}]},{"@type":"WebSite","@id":"https:\/\/www.euroresidentes.com\/entretenimiento\/actualidad\/#website","url":"https:\/\/www.euroresidentes.com\/entretenimiento\/actualidad\/","name":"Actualidad: famosos, \u00e9xitos, deportes...","description":"Euroresidentes","potentialAction":[{"@type":"SearchAction","target":{"@type":"EntryPoint","urlTemplate":"https:\/\/www.euroresidentes.com\/entretenimiento\/actualidad\/?s={search_term_string}"},"query-input":{"@type":"PropertyValueSpecification","valueRequired":true,"valueName":"search_term_string"}}],"inLanguage":"es"},{"@type":"Person","@id":"https:\/\/www.euroresidentes.com\/entretenimiento\/actualidad\/#\/schema\/person\/e41441f91af6208631ba0be4ea9c5f01","name":"Euroresidentes","image":{"@type":"ImageObject","inLanguage":"es","@id":"https:\/\/www.euroresidentes.com\/entretenimiento\/actualidad\/#\/schema\/person\/image\/","url":"https:\/\/www.euroresidentes.com\/entretenimiento\/actualidad\/wp-content\/uploads\/sites\/24\/2016\/09\/logo-euroresidentes-150x150.jpg","contentUrl":"https:\/\/www.euroresidentes.com\/entretenimiento\/actualidad\/wp-content\/uploads\/sites\/24\/2016\/09\/logo-euroresidentes-150x150.jpg","caption":"Euroresidentes"},"description":"Euroresidentes","sameAs":["https:\/\/www.euroresidentes.com\/info.htm"],"url":"https:\/\/www.euroresidentes.com\/entretenimiento\/actualidad\/author\/euroresidentes\/"}]}},"_links":{"self":[{"href":"https:\/\/www.euroresidentes.com\/entretenimiento\/actualidad\/wp-json\/wp\/v2\/posts\/592","targetHints":{"allow":["GET"]}}],"collection":[{"href":"https:\/\/www.euroresidentes.com\/entretenimiento\/actualidad\/wp-json\/wp\/v2\/posts"}],"about":[{"href":"https:\/\/www.euroresidentes.com\/entretenimiento\/actualidad\/wp-json\/wp\/v2\/types\/post"}],"author":[{"embeddable":true,"href":"https:\/\/www.euroresidentes.com\/entretenimiento\/actualidad\/wp-json\/wp\/v2\/users\/1"}],"replies":[{"embeddable":true,"href":"https:\/\/www.euroresidentes.com\/entretenimiento\/actualidad\/wp-json\/wp\/v2\/comments?post=592"}],"version-history":[{"count":1,"href":"https:\/\/www.euroresidentes.com\/entretenimiento\/actualidad\/wp-json\/wp\/v2\/posts\/592\/revisions"}],"predecessor-version":[{"id":1127,"href":"https:\/\/www.euroresidentes.com\/entretenimiento\/actualidad\/wp-json\/wp\/v2\/posts\/592\/revisions\/1127"}],"wp:featuredmedia":[{"embeddable":true,"href":"https:\/\/www.euroresidentes.com\/entretenimiento\/actualidad\/wp-json\/wp\/v2\/media\/1097"}],"wp:attachment":[{"href":"https:\/\/www.euroresidentes.com\/entretenimiento\/actualidad\/wp-json\/wp\/v2\/media?parent=592"}],"wp:term":[{"taxonomy":"category","embeddable":true,"href":"https:\/\/www.euroresidentes.com\/entretenimiento\/actualidad\/wp-json\/wp\/v2\/categories?post=592"},{"taxonomy":"post_tag","embeddable":true,"href":"https:\/\/www.euroresidentes.com\/entretenimiento\/actualidad\/wp-json\/wp\/v2\/tags?post=592"}],"curies":[{"name":"wp","href":"https:\/\/api.w.org\/{rel}","templated":true}]}}