{"id":2194,"date":"2016-09-13T09:41:45","date_gmt":"2016-09-13T07:41:45","guid":{"rendered":"https:\/\/www.euroresidentes.com\/entretenimiento\/actualidad\/?p=2194"},"modified":"2016-09-13T12:36:04","modified_gmt":"2016-09-13T10:36:04","slug":"la-fotografia-del-nino-quiso-parar-una-manifestacion-matrimonio-gay","status":"publish","type":"post","link":"https:\/\/www.euroresidentes.com\/entretenimiento\/actualidad\/la-fotografia-del-nino-quiso-parar-una-manifestacion-matrimonio-gay\/","title":{"rendered":"El ni\u00f1o que quiso parar una manifestaci\u00f3n contra el matrimonio gay"},"content":{"rendered":"<h4 class=\"p1\">Manuel Rodr\u00edguez reportero mexicano capt\u00f3 esta imagen en la ciudad de Celaya durante una manifestaci\u00f3n del Frente por la Familia el pasado 10 de Septiembre.<\/h4>\n<p>Esta es la historia detr\u00e1s la fotograf\u00eda&#8230;<\/p>\n<p class=\"p1\">La afiliaci\u00f3n cat\u00f3lica\u00a0<a href=\"https:\/\/www.facebook.com\/FrenteNacionalPorLaFamilia\/\"><span class=\"s1\">Frente Nacional por la Familia<\/span><\/a>, tiene por\u00a0objetivo principal revertir la legalizaci\u00f3n del matrimonio gay en M\u00e9xico. El d\u00eda 10 de septiembre\u00a0convoc\u00f3\u00a0varias manifestaciones por todo el pa\u00eds para protestar por la\u00a0iniciativa del presidente Enrique Pe\u00f1a Nieto de\u00a0legalizar el\u00a0matrimonio entre personas del mismo sexo, en todo el pa\u00eds.\u00a0<\/p>\n<p class=\"p4\">La imagen\u00a0fue tomada en la ciudad de Celaya (Guanajuato) durante las manifestaciones, el fot\u00f3grafo la public\u00f3 en su\u00a0Facebook y en\u00a0cuesti\u00f3n de horas se volvi\u00f3 viral.<\/p>\n<p><iframe loading=\"lazy\" width=\"500\" height=\"484\" frameborder=\"0\" scrolling=\"no\" src=\"https:\/\/www.facebook.com\/plugins\/post.php?href=https%3A%2F%2Fwww.facebook.com%2Fphoto.php%3Ffbid%3D780863035387293%26set%3Da.179219838884952.43864.100003908106093%26type%3D3&amp;width=500\"><\/iframe><\/p>\n<p class=\"p3\">Celaya cont\u00f3 a <a href=\"https:\/\/www.buzzfeed.com\/karlaagis\/esta-poderosa-imagen-de-un-nino-manifestandose-contra-las-pr?utm_term=.vkpYjX9PM9#.xa2o3mjbNj\" target=\"_blank\">Buzzfeed<\/a> c\u00f3mo se produjo el momento en el que capt\u00f3 la foto:<\/p>\n<p class=\"p6\"><em>\u00abSe llev\u00f3 a cabo en el Boulevard Adolfo L\u00f3pez Mateos, una de las principales arterias del municipio. La marcha comenz\u00f3 en las antiguas instalaciones de la feria. Parti\u00f3 de oriente a poniente hasta llegar a una calle que se llama Luis Cort\u00e1zar. En este puente varios medios de comunicaci\u00f3n nos congregamos. Vi a este peque\u00f1o que estaba atraves\u00e1ndose, haciendo se\u00f1as de alto, gritando y me llam\u00f3 mucho la atenci\u00f3n. Decid\u00ed tomar la fotograf\u00eda. Lo alcanz\u00f3 el contingente y lo retiraron de ah\u00ed. El peque\u00f1o segu\u00eda por el Mercado, me baj\u00e9 r\u00e1pido del puente y le pregunt\u00e9 si solo estaba jugando o si realmente lo hab\u00eda hecho con alguna intenci\u00f3n. El ni\u00f1o le dijo\u00a0que ten\u00eda un t\u00edo gay, que no le gustaba que lo odiaran, y que esa marcha era de odio. Cuando intent\u00e9 sacar m\u00e1s informaci\u00f3n, la madre del ni\u00f1o le grit\u00f3 y se lo llev\u00f3\u00bb<\/em><\/p>\n<p class=\"p6\">Rodriguez coment\u00f3 que\u00a0<em>\u00abEscuchar esas palabras de un ni\u00f1o de aproximadamente 12 a\u00f1os, esa manera de expresarse me dej\u00f3 impresionado\u00bb<\/em><\/p>\n","protected":false},"excerpt":{"rendered":"<p>Manuel Rodr\u00edguez reportero mexicano capt\u00f3 esta imagen en la ciudad de Celaya durante una manifestaci\u00f3n del Frente por la Familia el pasado 10 de Septiembre. Esta es la historia detr\u00e1s la fotograf\u00eda&#8230; La afiliaci\u00f3n cat\u00f3lica\u00a0Frente Nacional por la Familia, tiene por\u00a0objetivo principal revertir la legalizaci\u00f3n del matrimonio gay en M\u00e9xico. El d\u00eda 10 de septiembre\u00a0convoc\u00f3\u00a0varias manifestaciones por todo el pa\u00eds para protestar por la\u00a0iniciativa del presidente Enrique Pe\u00f1a Nieto de\u00a0legalizar el\u00a0matrimonio entre personas del mismo sexo, en todo el pa\u00eds.\u00a0 La imagen\u00a0fue tomada en la ciudad de Celaya (Guanajuato) durante las manifestaciones, el fot\u00f3grafo la public\u00f3 en su\u00a0Facebook y en\u00a0cuesti\u00f3n <\/p>\n","protected":false},"author":1,"featured_media":2196,"comment_status":"open","ping_status":"open","sticky":false,"template":"","format":"standard","meta":{"footnotes":""},"categories":[1],"tags":[],"class_list":["post-2194","post","type-post","status-publish","format-standard","has-post-thumbnail","hentry","category-general","has_thumb"],"yoast_head":"<!-- This site is optimized with the Yoast SEO plugin v24.1 - https:\/\/yoast.com\/wordpress\/plugins\/seo\/ -->\n<title>El ni\u00f1o que quiso parar una manifestaci\u00f3n contra el matrimonio gay - Actualidad: famosos, \u00e9xitos, deportes...<\/title>\n<meta name=\"robots\" content=\"index, follow, max-snippet:-1, max-image-preview:large, max-video-preview:-1\" \/>\n<link rel=\"canonical\" href=\"https:\/\/www.euroresidentes.com\/entretenimiento\/actualidad\/la-fotografia-del-nino-quiso-parar-una-manifestacion-matrimonio-gay\/\" \/>\n<meta property=\"og:locale\" content=\"es_ES\" \/>\n<meta property=\"og:type\" content=\"article\" \/>\n<meta property=\"og:title\" content=\"El ni\u00f1o que quiso parar una manifestaci\u00f3n contra el matrimonio gay - Actualidad: famosos, \u00e9xitos, deportes...\" \/>\n<meta property=\"og:description\" content=\"Manuel Rodr\u00edguez reportero mexicano capt\u00f3 esta imagen en la ciudad de Celaya durante una manifestaci\u00f3n del Frente por la Familia el pasado 10 de Septiembre. Esta es la historia detr\u00e1s la fotograf\u00eda&#8230; La afiliaci\u00f3n cat\u00f3lica\u00a0Frente Nacional por la Familia, tiene por\u00a0objetivo principal revertir la legalizaci\u00f3n del matrimonio gay en M\u00e9xico. El d\u00eda 10 de septiembre\u00a0convoc\u00f3\u00a0varias manifestaciones por todo el pa\u00eds para protestar por la\u00a0iniciativa del presidente Enrique Pe\u00f1a Nieto de\u00a0legalizar el\u00a0matrimonio entre personas del mismo sexo, en todo el pa\u00eds.\u00a0 La imagen\u00a0fue tomada en la ciudad de Celaya (Guanajuato) durante las manifestaciones, el fot\u00f3grafo la public\u00f3 en su\u00a0Facebook y en\u00a0cuesti\u00f3n\" \/>\n<meta property=\"og:url\" content=\"https:\/\/www.euroresidentes.com\/entretenimiento\/actualidad\/la-fotografia-del-nino-quiso-parar-una-manifestacion-matrimonio-gay\/\" \/>\n<meta property=\"og:site_name\" content=\"Actualidad: famosos, \u00e9xitos, deportes...\" \/>\n<meta property=\"article:publisher\" content=\"https:\/\/www.facebook.com\/euroresidentes\/\" \/>\n<meta property=\"article:published_time\" content=\"2016-09-13T07:41:45+00:00\" \/>\n<meta property=\"article:modified_time\" content=\"2016-09-13T10:36:04+00:00\" \/>\n<meta property=\"og:image\" content=\"https:\/\/www.euroresidentes.com\/entretenimiento\/actualidad\/wp-content\/uploads\/sites\/24\/2016\/09\/foto-viral-nino-manifestacion-mexico.jpg\" \/>\n\t<meta property=\"og:image:width\" content=\"700\" \/>\n\t<meta property=\"og:image:height\" content=\"525\" \/>\n\t<meta property=\"og:image:type\" content=\"image\/jpeg\" \/>\n<meta name=\"author\" content=\"Euroresidentes\" \/>\n<meta name=\"twitter:card\" content=\"summary_large_image\" \/>\n<meta name=\"twitter:label1\" content=\"Written by\" \/>\n\t<meta name=\"twitter:data1\" content=\"Euroresidentes\" \/>\n\t<meta name=\"twitter:label2\" content=\"Est. reading time\" \/>\n\t<meta name=\"twitter:data2\" content=\"2 minutos\" \/>\n<script type=\"application\/ld+json\" class=\"yoast-schema-graph\">{\"@context\":\"https:\/\/schema.org\",\"@graph\":[{\"@type\":\"WebPage\",\"@id\":\"https:\/\/www.euroresidentes.com\/entretenimiento\/actualidad\/la-fotografia-del-nino-quiso-parar-una-manifestacion-matrimonio-gay\/\",\"url\":\"https:\/\/www.euroresidentes.com\/entretenimiento\/actualidad\/la-fotografia-del-nino-quiso-parar-una-manifestacion-matrimonio-gay\/\",\"name\":\"El ni\u00f1o que quiso parar una manifestaci\u00f3n contra el matrimonio gay - Actualidad: famosos, \u00e9xitos, deportes...\",\"isPartOf\":{\"@id\":\"https:\/\/www.euroresidentes.com\/entretenimiento\/actualidad\/#website\"},\"primaryImageOfPage\":{\"@id\":\"https:\/\/www.euroresidentes.com\/entretenimiento\/actualidad\/la-fotografia-del-nino-quiso-parar-una-manifestacion-matrimonio-gay\/#primaryimage\"},\"image\":{\"@id\":\"https:\/\/www.euroresidentes.com\/entretenimiento\/actualidad\/la-fotografia-del-nino-quiso-parar-una-manifestacion-matrimonio-gay\/#primaryimage\"},\"thumbnailUrl\":\"https:\/\/www.euroresidentes.com\/entretenimiento\/actualidad\/wp-content\/uploads\/sites\/24\/2016\/09\/foto-viral-nino-manifestacion-mexico.jpg\",\"datePublished\":\"2016-09-13T07:41:45+00:00\",\"dateModified\":\"2016-09-13T10:36:04+00:00\",\"author\":{\"@id\":\"https:\/\/www.euroresidentes.com\/entretenimiento\/actualidad\/#\/schema\/person\/e41441f91af6208631ba0be4ea9c5f01\"},\"breadcrumb\":{\"@id\":\"https:\/\/www.euroresidentes.com\/entretenimiento\/actualidad\/la-fotografia-del-nino-quiso-parar-una-manifestacion-matrimonio-gay\/#breadcrumb\"},\"inLanguage\":\"es\",\"potentialAction\":[{\"@type\":\"ReadAction\",\"target\":[\"https:\/\/www.euroresidentes.com\/entretenimiento\/actualidad\/la-fotografia-del-nino-quiso-parar-una-manifestacion-matrimonio-gay\/\"]}]},{\"@type\":\"ImageObject\",\"inLanguage\":\"es\",\"@id\":\"https:\/\/www.euroresidentes.com\/entretenimiento\/actualidad\/la-fotografia-del-nino-quiso-parar-una-manifestacion-matrimonio-gay\/#primaryimage\",\"url\":\"https:\/\/www.euroresidentes.com\/entretenimiento\/actualidad\/wp-content\/uploads\/sites\/24\/2016\/09\/foto-viral-nino-manifestacion-mexico.jpg\",\"contentUrl\":\"https:\/\/www.euroresidentes.com\/entretenimiento\/actualidad\/wp-content\/uploads\/sites\/24\/2016\/09\/foto-viral-nino-manifestacion-mexico.jpg\",\"width\":700,\"height\":525,\"caption\":\"Foto viral del ni\u00f1o que quiso parar una manifestaci\u00f3n en M\u00e9xico\"},{\"@type\":\"BreadcrumbList\",\"@id\":\"https:\/\/www.euroresidentes.com\/entretenimiento\/actualidad\/la-fotografia-del-nino-quiso-parar-una-manifestacion-matrimonio-gay\/#breadcrumb\",\"itemListElement\":[{\"@type\":\"ListItem\",\"position\":1,\"name\":\"Portada\",\"item\":\"https:\/\/www.euroresidentes.com\/entretenimiento\/actualidad\/\"},{\"@type\":\"ListItem\",\"position\":2,\"name\":\"El ni\u00f1o que quiso parar una manifestaci\u00f3n contra el matrimonio gay\"}]},{\"@type\":\"WebSite\",\"@id\":\"https:\/\/www.euroresidentes.com\/entretenimiento\/actualidad\/#website\",\"url\":\"https:\/\/www.euroresidentes.com\/entretenimiento\/actualidad\/\",\"name\":\"Actualidad: famosos, \u00e9xitos, deportes...\",\"description\":\"Euroresidentes\",\"potentialAction\":[{\"@type\":\"SearchAction\",\"target\":{\"@type\":\"EntryPoint\",\"urlTemplate\":\"https:\/\/www.euroresidentes.com\/entretenimiento\/actualidad\/?s={search_term_string}\"},\"query-input\":{\"@type\":\"PropertyValueSpecification\",\"valueRequired\":true,\"valueName\":\"search_term_string\"}}],\"inLanguage\":\"es\"},{\"@type\":\"Person\",\"@id\":\"https:\/\/www.euroresidentes.com\/entretenimiento\/actualidad\/#\/schema\/person\/e41441f91af6208631ba0be4ea9c5f01\",\"name\":\"Euroresidentes\",\"image\":{\"@type\":\"ImageObject\",\"inLanguage\":\"es\",\"@id\":\"https:\/\/www.euroresidentes.com\/entretenimiento\/actualidad\/#\/schema\/person\/image\/\",\"url\":\"https:\/\/www.euroresidentes.com\/entretenimiento\/actualidad\/wp-content\/uploads\/sites\/24\/2016\/09\/logo-euroresidentes-150x150.jpg\",\"contentUrl\":\"https:\/\/www.euroresidentes.com\/entretenimiento\/actualidad\/wp-content\/uploads\/sites\/24\/2016\/09\/logo-euroresidentes-150x150.jpg\",\"caption\":\"Euroresidentes\"},\"description\":\"Euroresidentes\",\"sameAs\":[\"https:\/\/www.euroresidentes.com\/info.htm\"],\"url\":\"https:\/\/www.euroresidentes.com\/entretenimiento\/actualidad\/author\/euroresidentes\/\"}]}<\/script>\n<!-- \/ Yoast SEO plugin. -->","yoast_head_json":{"title":"El ni\u00f1o que quiso parar una manifestaci\u00f3n contra el matrimonio gay - Actualidad: famosos, \u00e9xitos, deportes...","robots":{"index":"index","follow":"follow","max-snippet":"max-snippet:-1","max-image-preview":"max-image-preview:large","max-video-preview":"max-video-preview:-1"},"canonical":"https:\/\/www.euroresidentes.com\/entretenimiento\/actualidad\/la-fotografia-del-nino-quiso-parar-una-manifestacion-matrimonio-gay\/","og_locale":"es_ES","og_type":"article","og_title":"El ni\u00f1o que quiso parar una manifestaci\u00f3n contra el matrimonio gay - Actualidad: famosos, \u00e9xitos, deportes...","og_description":"Manuel Rodr\u00edguez reportero mexicano capt\u00f3 esta imagen en la ciudad de Celaya durante una manifestaci\u00f3n del Frente por la Familia el pasado 10 de Septiembre. Esta es la historia detr\u00e1s la fotograf\u00eda&#8230; La afiliaci\u00f3n cat\u00f3lica\u00a0Frente Nacional por la Familia, tiene por\u00a0objetivo principal revertir la legalizaci\u00f3n del matrimonio gay en M\u00e9xico. El d\u00eda 10 de septiembre\u00a0convoc\u00f3\u00a0varias manifestaciones por todo el pa\u00eds para protestar por la\u00a0iniciativa del presidente Enrique Pe\u00f1a Nieto de\u00a0legalizar el\u00a0matrimonio entre personas del mismo sexo, en todo el pa\u00eds.\u00a0 La imagen\u00a0fue tomada en la ciudad de Celaya (Guanajuato) durante las manifestaciones, el fot\u00f3grafo la public\u00f3 en su\u00a0Facebook y en\u00a0cuesti\u00f3n","og_url":"https:\/\/www.euroresidentes.com\/entretenimiento\/actualidad\/la-fotografia-del-nino-quiso-parar-una-manifestacion-matrimonio-gay\/","og_site_name":"Actualidad: famosos, \u00e9xitos, deportes...","article_publisher":"https:\/\/www.facebook.com\/euroresidentes\/","article_published_time":"2016-09-13T07:41:45+00:00","article_modified_time":"2016-09-13T10:36:04+00:00","og_image":[{"width":700,"height":525,"url":"https:\/\/www.euroresidentes.com\/entretenimiento\/actualidad\/wp-content\/uploads\/sites\/24\/2016\/09\/foto-viral-nino-manifestacion-mexico.jpg","type":"image\/jpeg"}],"author":"Euroresidentes","twitter_card":"summary_large_image","twitter_misc":{"Written by":"Euroresidentes","Est. reading time":"2 minutos"},"schema":{"@context":"https:\/\/schema.org","@graph":[{"@type":"WebPage","@id":"https:\/\/www.euroresidentes.com\/entretenimiento\/actualidad\/la-fotografia-del-nino-quiso-parar-una-manifestacion-matrimonio-gay\/","url":"https:\/\/www.euroresidentes.com\/entretenimiento\/actualidad\/la-fotografia-del-nino-quiso-parar-una-manifestacion-matrimonio-gay\/","name":"El ni\u00f1o que quiso parar una manifestaci\u00f3n contra el matrimonio gay - Actualidad: famosos, \u00e9xitos, deportes...","isPartOf":{"@id":"https:\/\/www.euroresidentes.com\/entretenimiento\/actualidad\/#website"},"primaryImageOfPage":{"@id":"https:\/\/www.euroresidentes.com\/entretenimiento\/actualidad\/la-fotografia-del-nino-quiso-parar-una-manifestacion-matrimonio-gay\/#primaryimage"},"image":{"@id":"https:\/\/www.euroresidentes.com\/entretenimiento\/actualidad\/la-fotografia-del-nino-quiso-parar-una-manifestacion-matrimonio-gay\/#primaryimage"},"thumbnailUrl":"https:\/\/www.euroresidentes.com\/entretenimiento\/actualidad\/wp-content\/uploads\/sites\/24\/2016\/09\/foto-viral-nino-manifestacion-mexico.jpg","datePublished":"2016-09-13T07:41:45+00:00","dateModified":"2016-09-13T10:36:04+00:00","author":{"@id":"https:\/\/www.euroresidentes.com\/entretenimiento\/actualidad\/#\/schema\/person\/e41441f91af6208631ba0be4ea9c5f01"},"breadcrumb":{"@id":"https:\/\/www.euroresidentes.com\/entretenimiento\/actualidad\/la-fotografia-del-nino-quiso-parar-una-manifestacion-matrimonio-gay\/#breadcrumb"},"inLanguage":"es","potentialAction":[{"@type":"ReadAction","target":["https:\/\/www.euroresidentes.com\/entretenimiento\/actualidad\/la-fotografia-del-nino-quiso-parar-una-manifestacion-matrimonio-gay\/"]}]},{"@type":"ImageObject","inLanguage":"es","@id":"https:\/\/www.euroresidentes.com\/entretenimiento\/actualidad\/la-fotografia-del-nino-quiso-parar-una-manifestacion-matrimonio-gay\/#primaryimage","url":"https:\/\/www.euroresidentes.com\/entretenimiento\/actualidad\/wp-content\/uploads\/sites\/24\/2016\/09\/foto-viral-nino-manifestacion-mexico.jpg","contentUrl":"https:\/\/www.euroresidentes.com\/entretenimiento\/actualidad\/wp-content\/uploads\/sites\/24\/2016\/09\/foto-viral-nino-manifestacion-mexico.jpg","width":700,"height":525,"caption":"Foto viral del ni\u00f1o que quiso parar una manifestaci\u00f3n en M\u00e9xico"},{"@type":"BreadcrumbList","@id":"https:\/\/www.euroresidentes.com\/entretenimiento\/actualidad\/la-fotografia-del-nino-quiso-parar-una-manifestacion-matrimonio-gay\/#breadcrumb","itemListElement":[{"@type":"ListItem","position":1,"name":"Portada","item":"https:\/\/www.euroresidentes.com\/entretenimiento\/actualidad\/"},{"@type":"ListItem","position":2,"name":"El ni\u00f1o que quiso parar una manifestaci\u00f3n contra el matrimonio gay"}]},{"@type":"WebSite","@id":"https:\/\/www.euroresidentes.com\/entretenimiento\/actualidad\/#website","url":"https:\/\/www.euroresidentes.com\/entretenimiento\/actualidad\/","name":"Actualidad: famosos, \u00e9xitos, deportes...","description":"Euroresidentes","potentialAction":[{"@type":"SearchAction","target":{"@type":"EntryPoint","urlTemplate":"https:\/\/www.euroresidentes.com\/entretenimiento\/actualidad\/?s={search_term_string}"},"query-input":{"@type":"PropertyValueSpecification","valueRequired":true,"valueName":"search_term_string"}}],"inLanguage":"es"},{"@type":"Person","@id":"https:\/\/www.euroresidentes.com\/entretenimiento\/actualidad\/#\/schema\/person\/e41441f91af6208631ba0be4ea9c5f01","name":"Euroresidentes","image":{"@type":"ImageObject","inLanguage":"es","@id":"https:\/\/www.euroresidentes.com\/entretenimiento\/actualidad\/#\/schema\/person\/image\/","url":"https:\/\/www.euroresidentes.com\/entretenimiento\/actualidad\/wp-content\/uploads\/sites\/24\/2016\/09\/logo-euroresidentes-150x150.jpg","contentUrl":"https:\/\/www.euroresidentes.com\/entretenimiento\/actualidad\/wp-content\/uploads\/sites\/24\/2016\/09\/logo-euroresidentes-150x150.jpg","caption":"Euroresidentes"},"description":"Euroresidentes","sameAs":["https:\/\/www.euroresidentes.com\/info.htm"],"url":"https:\/\/www.euroresidentes.com\/entretenimiento\/actualidad\/author\/euroresidentes\/"}]}},"_links":{"self":[{"href":"https:\/\/www.euroresidentes.com\/entretenimiento\/actualidad\/wp-json\/wp\/v2\/posts\/2194","targetHints":{"allow":["GET"]}}],"collection":[{"href":"https:\/\/www.euroresidentes.com\/entretenimiento\/actualidad\/wp-json\/wp\/v2\/posts"}],"about":[{"href":"https:\/\/www.euroresidentes.com\/entretenimiento\/actualidad\/wp-json\/wp\/v2\/types\/post"}],"author":[{"embeddable":true,"href":"https:\/\/www.euroresidentes.com\/entretenimiento\/actualidad\/wp-json\/wp\/v2\/users\/1"}],"replies":[{"embeddable":true,"href":"https:\/\/www.euroresidentes.com\/entretenimiento\/actualidad\/wp-json\/wp\/v2\/comments?post=2194"}],"version-history":[{"count":5,"href":"https:\/\/www.euroresidentes.com\/entretenimiento\/actualidad\/wp-json\/wp\/v2\/posts\/2194\/revisions"}],"predecessor-version":[{"id":2204,"href":"https:\/\/www.euroresidentes.com\/entretenimiento\/actualidad\/wp-json\/wp\/v2\/posts\/2194\/revisions\/2204"}],"wp:featuredmedia":[{"embeddable":true,"href":"https:\/\/www.euroresidentes.com\/entretenimiento\/actualidad\/wp-json\/wp\/v2\/media\/2196"}],"wp:attachment":[{"href":"https:\/\/www.euroresidentes.com\/entretenimiento\/actualidad\/wp-json\/wp\/v2\/media?parent=2194"}],"wp:term":[{"taxonomy":"category","embeddable":true,"href":"https:\/\/www.euroresidentes.com\/entretenimiento\/actualidad\/wp-json\/wp\/v2\/categories?post=2194"},{"taxonomy":"post_tag","embeddable":true,"href":"https:\/\/www.euroresidentes.com\/entretenimiento\/actualidad\/wp-json\/wp\/v2\/tags?post=2194"}],"curies":[{"name":"wp","href":"https:\/\/api.w.org\/{rel}","templated":true}]}}