{"id":1986,"date":"2018-07-05T14:28:01","date_gmt":"2018-07-05T12:28:01","guid":{"rendered":"https:\/\/www.euroresidentes.com\/entretenimiento\/actualidad\/?p=1986"},"modified":"2018-07-06T13:30:39","modified_gmt":"2018-07-06T11:30:39","slug":"la-otra-cara-de-la-fiesta-de-san-fermin","status":"publish","type":"post","link":"https:\/\/www.euroresidentes.com\/entretenimiento\/actualidad\/la-otra-cara-de-la-fiesta-de-san-fermin\/","title":{"rendered":"La otra cara de la fiesta de San Ferm\u00edn"},"content":{"rendered":"<p>Conocida popularmente como <strong>Sanfermines<\/strong>, es la\u00a0fiesta que <strong>celebra el honor a San Ferm\u00edn de Amiens<\/strong>, que fue un <strong>misionero cristiano y primer obispo de Amiens.<\/strong> Esta fiesta<strong> se celebra desde el d\u00eda 6 de Julio al 14 de Julio <\/strong>(9 d\u00edas) <strong>en Pamplona<\/strong>, capital de Navarra <strong>(Espa\u00f1a).<\/strong><\/p>\n<p><img loading=\"lazy\" decoding=\"async\" class=\"aligncenter size-full wp-image-2011\" src=\"https:\/\/www.euroresidentes.com\/entretenimiento\/actualidad\/wp-content\/uploads\/sites\/24\/2016\/07\/san-fermin-otra-cara-euroresidentes.jpg\" alt=\"San Ferm\u00edn Pamplona\" width=\"700\" height=\"525\" srcset=\"https:\/\/www.euroresidentes.com\/entretenimiento\/actualidad\/wp-content\/uploads\/sites\/24\/2016\/07\/san-fermin-otra-cara-euroresidentes.jpg 700w, https:\/\/www.euroresidentes.com\/entretenimiento\/actualidad\/wp-content\/uploads\/sites\/24\/2016\/07\/san-fermin-otra-cara-euroresidentes-300x225.jpg 300w, https:\/\/www.euroresidentes.com\/entretenimiento\/actualidad\/wp-content\/uploads\/sites\/24\/2016\/07\/san-fermin-otra-cara-euroresidentes-250x188.jpg 250w\" sizes=\"auto, (max-width: 700px) 100vw, 700px\" \/><\/p>\n<p><strong>Es una festividad llena de virtudes<\/strong>, sin lugar a dudas,<strong> pero tambi\u00e9n es cierto que existen otros aspectos no tan positivos como pensamos. Por ello,\u00a0<strong>veamos otra perspectiva de esta famosa celebraci\u00f3n:<\/strong><\/strong><\/p>\n<p><!-- inserta publi --><\/p>\n<h3>Muchas personas son heridas de gravedad o pueden haber muertes:<\/h3>\n<p>Leves o graves, <strong>siempre hay gente que sale herida<\/strong> en San Ferm\u00edn. <strong>Incluso puede morir alguien.<\/strong>\u00a0Ya sea por<strong> cornadas, por el abuso excesivo del alcohol o por agresiones f\u00edsicas. <\/strong>Es una realidad.<\/p>\n<div id=\"attachment_2034\" style=\"width: 710px\" class=\"wp-caption aligncenter\"><img loading=\"lazy\" decoding=\"async\" aria-describedby=\"caption-attachment-2034\" class=\"size-full wp-image-2034\" src=\"https:\/\/www.euroresidentes.com\/entretenimiento\/actualidad\/wp-content\/uploads\/sites\/24\/2016\/07\/cornada-san-fermin.jpg\" alt=\"Cornada San Ferm\u00edn\" width=\"700\" height=\"525\" srcset=\"https:\/\/www.euroresidentes.com\/entretenimiento\/actualidad\/wp-content\/uploads\/sites\/24\/2016\/07\/cornada-san-fermin.jpg 700w, https:\/\/www.euroresidentes.com\/entretenimiento\/actualidad\/wp-content\/uploads\/sites\/24\/2016\/07\/cornada-san-fermin-300x225.jpg 300w, https:\/\/www.euroresidentes.com\/entretenimiento\/actualidad\/wp-content\/uploads\/sites\/24\/2016\/07\/cornada-san-fermin-250x188.jpg 250w\" sizes=\"auto, (max-width: 700px) 100vw, 700px\" \/><p id=\"caption-attachment-2034\" class=\"wp-caption-text\">Cornada San Ferm\u00edn &#8211; Fuente: 20minutos.es<\/p><\/div>\n<h3>La delincuencia y los hurtos en estas fiestas son muy comunes:<\/h3>\n<p><strong>Aprovechando el estado de embriaguez<\/strong> de las personas, las <strong>multitudes<\/strong>, los <strong>extranjeros&#8230; <\/strong>Hay que llevar <strong>mucho cuidado<\/strong> en estas fiestas.<\/p>\n<div id=\"attachment_2039\" style=\"width: 710px\" class=\"wp-caption aligncenter\"><img loading=\"lazy\" decoding=\"async\" aria-describedby=\"caption-attachment-2039\" class=\"size-full wp-image-2039\" src=\"https:\/\/www.euroresidentes.com\/entretenimiento\/actualidad\/wp-content\/uploads\/sites\/24\/2016\/07\/san-fermin-borracho.jpg\" alt=\"Borracho en San Ferm\u00edn\" width=\"700\" height=\"506\" srcset=\"https:\/\/www.euroresidentes.com\/entretenimiento\/actualidad\/wp-content\/uploads\/sites\/24\/2016\/07\/san-fermin-borracho.jpg 700w, https:\/\/www.euroresidentes.com\/entretenimiento\/actualidad\/wp-content\/uploads\/sites\/24\/2016\/07\/san-fermin-borracho-300x217.jpg 300w, https:\/\/www.euroresidentes.com\/entretenimiento\/actualidad\/wp-content\/uploads\/sites\/24\/2016\/07\/san-fermin-borracho-250x181.jpg 250w\" sizes=\"auto, (max-width: 700px) 100vw, 700px\" \/><p id=\"caption-attachment-2039\" class=\"wp-caption-text\">Borracho en San Ferm\u00edn &#8211; Fuente: Blogs.lainformacion.com<\/p><\/div>\n<h3>Maltrato y crueldad animal:<\/h3>\n<p><strong>El trato que reciben los toros en la corrida y en el encierro<\/strong> no gusta a todo el mundo. Y a los propios toros\u00a0tampoco. <strong>6 de ellos son sacrificados cada d\u00eda.<\/strong><\/p>\n<p><strong>Muchos activistas\u00a0y defensores de los animales\u00a0se han manifestado frente al ayuntamiento<\/strong> con la intenci\u00f3n de que alg\u00fan d\u00eda cese esta celebraci\u00f3n y <strong>protestan contra los Sanfermines.\u00a0<\/strong><\/p>\n<p><img loading=\"lazy\" decoding=\"async\" class=\"aligncenter size-full wp-image-2026\" src=\"https:\/\/www.euroresidentes.com\/entretenimiento\/actualidad\/wp-content\/uploads\/sites\/24\/2016\/07\/manifestacion-san-fermin.jpg\" alt=\"Manifestadores contra San Ferm\u00edn\" width=\"700\" height=\"917\" srcset=\"https:\/\/www.euroresidentes.com\/entretenimiento\/actualidad\/wp-content\/uploads\/sites\/24\/2016\/07\/manifestacion-san-fermin.jpg 700w, https:\/\/www.euroresidentes.com\/entretenimiento\/actualidad\/wp-content\/uploads\/sites\/24\/2016\/07\/manifestacion-san-fermin-229x300.jpg 229w, https:\/\/www.euroresidentes.com\/entretenimiento\/actualidad\/wp-content\/uploads\/sites\/24\/2016\/07\/manifestacion-san-fermin-250x328.jpg 250w\" sizes=\"auto, (max-width: 700px) 100vw, 700px\" \/><\/p>\n<p>Organizaciones como <strong><em>\u00bbPETA\u00bb<\/em><\/strong> y <em><strong>\u00bbAnima Naturalis\u00bb <\/strong><\/em>(cerca de un centenar)\u00a0<strong>se reunieron con cubos de sangre artificial y sosteniendo carteles \u00a0de <em>\u00bbPamplona se ba\u00f1a de sangre\u00bb<\/em>\u00a0<\/strong>o<strong>\u00a0<em>\u00bbBloodbath for bulls\u00bb <\/em><\/strong>y con camisetas que dec\u00edan<em><strong> \u00bbYo quiero un Sanferm\u00edn sin sangre\u00bb.<\/strong><\/em><\/p>\n<p><img loading=\"lazy\" decoding=\"async\" class=\"aligncenter size-full wp-image-2025\" src=\"https:\/\/www.euroresidentes.com\/entretenimiento\/actualidad\/wp-content\/uploads\/sites\/24\/2016\/07\/manifestaciones-contra-san-fermin.jpg\" alt=\"Manifestaciones contra Sanfermines\" width=\"700\" height=\"490\" srcset=\"https:\/\/www.euroresidentes.com\/entretenimiento\/actualidad\/wp-content\/uploads\/sites\/24\/2016\/07\/manifestaciones-contra-san-fermin.jpg 700w, https:\/\/www.euroresidentes.com\/entretenimiento\/actualidad\/wp-content\/uploads\/sites\/24\/2016\/07\/manifestaciones-contra-san-fermin-300x210.jpg 300w, https:\/\/www.euroresidentes.com\/entretenimiento\/actualidad\/wp-content\/uploads\/sites\/24\/2016\/07\/manifestaciones-contra-san-fermin-250x175.jpg 250w\" sizes=\"auto, (max-width: 700px) 100vw, 700px\" \/><\/p>\n<h3>Personas pueden ser abusadas sexualmente en esta fiesta:<\/h3>\n<p><strong>Los tocamientos a mujeres <\/strong>(y en ocasiones a algunos hombres tambi\u00e9n)<strong> son algo normal en la fiesta, aunque ellos no est\u00e9n de acuerdo. <\/strong><!-- inserta publi 2 -->En algunos casos hay gente que no\u00a0les importa\u00a0o incluso que lo buscan, pero lo cierto es que en muchos otros\u00a0casos\u00a0no. <strong>Desde el ayuntamiento y desde diversas asociaciones feministas llevan a\u00f1os luchando y poniendo medidas para evitar las agresiones sexuales u otra &#8216;Manada&#8217;.<\/strong><\/p>\n<p><strong>Pamplona estrena una &#8216;app&#8217; en los sanfermines para denunciar las agresiones sexuales: &#8216;AgreStop\/EraStop&#8217;<\/strong>, un sistema de alertas que permitir\u00e1 <strong>geolocalizar a la persona que denuncie<\/strong> cualquier tipo de agresi\u00f3n, pero especialmente sexistas, <strong>y activar de forma inmediata los recursos de Polic\u00eda Municipal<\/strong> durante los sanfermines 2018.<\/p>\n<div class=\"flex-video\"><iframe loading=\"lazy\" width=\"1060\" height=\"596\" src=\"https:\/\/www.youtube.com\/embed\/zR956hgbatc?feature=oembed\" frameborder=\"0\" allow=\"autoplay; encrypted-media\" allowfullscreen><\/iframe><\/div>\n<h3>Orina y basura por todas partes<\/h3>\n<p>La ciudad se convierte en esos 9 d\u00edas en un basurero lleno de <strong>deshechos, olores desagradables y bacterias.<\/strong> <strong>Las personas<\/strong>, por la noche sobre todo, <strong>orinan en cualquier esquina\u00a0y en ocasiones puede parecer incluso que haya llovido<\/strong> de la cantidad de orina que hay en todas partes.<\/p>\n<p><div id=\"attachment_2035\" style=\"width: 710px\" class=\"wp-caption aligncenter\"><img loading=\"lazy\" decoding=\"async\" aria-describedby=\"caption-attachment-2035\" class=\"size-full wp-image-2035\" src=\"https:\/\/www.euroresidentes.com\/entretenimiento\/actualidad\/wp-content\/uploads\/sites\/24\/2016\/07\/sanfermines-basura.jpg\" alt=\"Basura en San Ferm\u00edn\" width=\"700\" height=\"525\" srcset=\"https:\/\/www.euroresidentes.com\/entretenimiento\/actualidad\/wp-content\/uploads\/sites\/24\/2016\/07\/sanfermines-basura.jpg 700w, https:\/\/www.euroresidentes.com\/entretenimiento\/actualidad\/wp-content\/uploads\/sites\/24\/2016\/07\/sanfermines-basura-300x225.jpg 300w, https:\/\/www.euroresidentes.com\/entretenimiento\/actualidad\/wp-content\/uploads\/sites\/24\/2016\/07\/sanfermines-basura-250x188.jpg 250w\" sizes=\"auto, (max-width: 700px) 100vw, 700px\" \/><p id=\"caption-attachment-2035\" class=\"wp-caption-text\">Basura en San Ferm\u00edn &#8211; Fuente: Blogs.lainformacion.com<\/p><\/div> <div id=\"attachment_2036\" style=\"width: 710px\" class=\"wp-caption aligncenter\"><img loading=\"lazy\" decoding=\"async\" aria-describedby=\"caption-attachment-2036\" class=\"size-full wp-image-2036\" src=\"https:\/\/www.euroresidentes.com\/entretenimiento\/actualidad\/wp-content\/uploads\/sites\/24\/2016\/07\/pis-san-fermin.jpg\" alt=\"Persona orinando en San Ferm\u00edn\" width=\"700\" height=\"491\" srcset=\"https:\/\/www.euroresidentes.com\/entretenimiento\/actualidad\/wp-content\/uploads\/sites\/24\/2016\/07\/pis-san-fermin.jpg 700w, https:\/\/www.euroresidentes.com\/entretenimiento\/actualidad\/wp-content\/uploads\/sites\/24\/2016\/07\/pis-san-fermin-300x210.jpg 300w, https:\/\/www.euroresidentes.com\/entretenimiento\/actualidad\/wp-content\/uploads\/sites\/24\/2016\/07\/pis-san-fermin-250x175.jpg 250w\" sizes=\"auto, (max-width: 700px) 100vw, 700px\" \/><p id=\"caption-attachment-2036\" class=\"wp-caption-text\">Persona orinando en San Ferm\u00edn &#8211; Fuente: Que.es<\/p><\/div><\/p>\n<h3>Masificaci\u00f3n en la ciudad<\/h3>\n<p>Dado que la ciudad tiene un <strong>censo de unas 200.000 personas, en estas fiestas es casi imposible caminar por las calles<\/strong> debido a la gran multitud de gente. \u00a0<strong>Suele alcanzar alrededor de 1 mill\u00f3n de personas.<\/strong><\/p>\n<div id=\"attachment_2037\" style=\"width: 710px\" class=\"wp-caption aligncenter\"><img loading=\"lazy\" decoding=\"async\" aria-describedby=\"caption-attachment-2037\" class=\"size-full wp-image-2037\" src=\"https:\/\/www.euroresidentes.com\/entretenimiento\/actualidad\/wp-content\/uploads\/sites\/24\/2016\/07\/san-fermines-multitud.jpg\" alt=\"Multitud de gente en San Ferm\u00edn\" width=\"700\" height=\"484\" srcset=\"https:\/\/www.euroresidentes.com\/entretenimiento\/actualidad\/wp-content\/uploads\/sites\/24\/2016\/07\/san-fermines-multitud.jpg 700w, https:\/\/www.euroresidentes.com\/entretenimiento\/actualidad\/wp-content\/uploads\/sites\/24\/2016\/07\/san-fermines-multitud-300x207.jpg 300w, https:\/\/www.euroresidentes.com\/entretenimiento\/actualidad\/wp-content\/uploads\/sites\/24\/2016\/07\/san-fermines-multitud-250x173.jpg 250w\" sizes=\"auto, (max-width: 700px) 100vw, 700px\" \/><p id=\"caption-attachment-2037\" class=\"wp-caption-text\">Multitud de gente en San Ferm\u00edn &#8211; Fuente: Blogs.hoy.es<\/p><\/div>\n<p><strong>Pero tambi\u00e9n hay muchos puntos positivos en esta fiesta que no hace falta nombrar.<\/strong><\/p>\n<p><strong><span style=\"color: #e32b2b\">Tengan\u00a0cuidado, respeten\u00a0y\u00a0pasen\u00a0todos unas felices fiestas de San Ferm\u00edn \ud83d\ude42<\/span><\/strong><\/p>\n<p>&nbsp;<\/p>\n<p><strong>Enlaces relacionados:<\/strong><\/p>\n<ul>\n<li><strong><a href=\"https:\/\/www.euroresidentes.com\/entretenimiento\/actualidad\/sanfermines-las-fotos-mas-impactantes-2\">SanFermines: Las fotos m\u00e1s impactantes<\/a><\/strong><\/li>\n<\/ul>\n<p>&nbsp;<\/p>\n<p>Fuentes de informaci\u00f3n: Wikipedia.org, Elpais.com, Pampiruna.com, Rtve.es, La Vanguardia<\/p>\n","protected":false},"excerpt":{"rendered":"<p>Conocida popularmente como Sanfermines, es la\u00a0fiesta que celebra el honor a San Ferm\u00edn de Amiens, que fue un misionero cristiano y primer obispo de Amiens. Esta fiesta se celebra desde el d\u00eda 6 de Julio al 14 de Julio (9 d\u00edas) en Pamplona, capital de Navarra (Espa\u00f1a). Es una festividad llena de virtudes, sin lugar a dudas, pero tambi\u00e9n es cierto que existen otros aspectos no tan positivos como pensamos. Por ello,\u00a0veamos otra perspectiva de esta famosa celebraci\u00f3n: Muchas personas son heridas de gravedad o pueden haber muertes: Leves o graves, siempre hay gente que sale herida en San Ferm\u00edn. <\/p>\n","protected":false},"author":9,"featured_media":2011,"comment_status":"open","ping_status":"open","sticky":false,"template":"","format":"standard","meta":{"footnotes":""},"categories":[1],"tags":[],"class_list":["post-1986","post","type-post","status-publish","format-standard","has-post-thumbnail","hentry","category-general","has_thumb"],"yoast_head":"<!-- This site is optimized with the Yoast SEO plugin v24.1 - https:\/\/yoast.com\/wordpress\/plugins\/seo\/ -->\n<title>La otra cara de la fiesta de San Ferm\u00edn - Actualidad: famosos, \u00e9xitos, deportes...<\/title>\n<meta name=\"description\" content=\"Sanfermines, es la fiesta que celebra el honor a San Ferm\u00edn. Es una festividad llena de virtudes, pero veamos otra perspectiva de esta famosa celebraci\u00f3n.\" \/>\n<meta name=\"robots\" content=\"index, follow, max-snippet:-1, max-image-preview:large, max-video-preview:-1\" \/>\n<link rel=\"canonical\" href=\"https:\/\/www.euroresidentes.com\/entretenimiento\/actualidad\/la-otra-cara-de-la-fiesta-de-san-fermin\/\" \/>\n<meta property=\"og:locale\" content=\"es_ES\" \/>\n<meta property=\"og:type\" content=\"article\" \/>\n<meta property=\"og:title\" content=\"La otra cara de la fiesta de San Ferm\u00edn - Actualidad: famosos, \u00e9xitos, deportes...\" \/>\n<meta property=\"og:description\" content=\"Sanfermines, es la fiesta que celebra el honor a San Ferm\u00edn. Es una festividad llena de virtudes, pero veamos otra perspectiva de esta famosa celebraci\u00f3n.\" \/>\n<meta property=\"og:url\" content=\"https:\/\/www.euroresidentes.com\/entretenimiento\/actualidad\/la-otra-cara-de-la-fiesta-de-san-fermin\/\" \/>\n<meta property=\"og:site_name\" content=\"Actualidad: famosos, \u00e9xitos, deportes...\" \/>\n<meta property=\"article:publisher\" content=\"https:\/\/www.facebook.com\/euroresidentes\/\" \/>\n<meta property=\"article:published_time\" content=\"2018-07-05T12:28:01+00:00\" \/>\n<meta property=\"article:modified_time\" content=\"2018-07-06T11:30:39+00:00\" \/>\n<meta property=\"og:image\" content=\"https:\/\/www.euroresidentes.com\/entretenimiento\/actualidad\/wp-content\/uploads\/sites\/24\/2016\/07\/san-fermin-otra-cara-euroresidentes.jpg\" \/>\n\t<meta property=\"og:image:width\" content=\"700\" \/>\n\t<meta property=\"og:image:height\" content=\"525\" \/>\n\t<meta property=\"og:image:type\" content=\"image\/jpeg\" \/>\n<meta name=\"author\" content=\"Emma Heath\" \/>\n<meta name=\"twitter:card\" content=\"summary_large_image\" \/>\n<meta name=\"twitter:label1\" content=\"Written by\" \/>\n\t<meta name=\"twitter:data1\" content=\"Emma Heath\" \/>\n\t<meta name=\"twitter:label2\" content=\"Est. reading time\" \/>\n\t<meta name=\"twitter:data2\" content=\"3 minutos\" \/>\n<script type=\"application\/ld+json\" class=\"yoast-schema-graph\">{\"@context\":\"https:\/\/schema.org\",\"@graph\":[{\"@type\":\"WebPage\",\"@id\":\"https:\/\/www.euroresidentes.com\/entretenimiento\/actualidad\/la-otra-cara-de-la-fiesta-de-san-fermin\/\",\"url\":\"https:\/\/www.euroresidentes.com\/entretenimiento\/actualidad\/la-otra-cara-de-la-fiesta-de-san-fermin\/\",\"name\":\"La otra cara de la fiesta de San Ferm\u00edn - Actualidad: famosos, \u00e9xitos, deportes...\",\"isPartOf\":{\"@id\":\"https:\/\/www.euroresidentes.com\/entretenimiento\/actualidad\/#website\"},\"primaryImageOfPage\":{\"@id\":\"https:\/\/www.euroresidentes.com\/entretenimiento\/actualidad\/la-otra-cara-de-la-fiesta-de-san-fermin\/#primaryimage\"},\"image\":{\"@id\":\"https:\/\/www.euroresidentes.com\/entretenimiento\/actualidad\/la-otra-cara-de-la-fiesta-de-san-fermin\/#primaryimage\"},\"thumbnailUrl\":\"https:\/\/www.euroresidentes.com\/entretenimiento\/actualidad\/wp-content\/uploads\/sites\/24\/2016\/07\/san-fermin-otra-cara-euroresidentes.jpg\",\"datePublished\":\"2018-07-05T12:28:01+00:00\",\"dateModified\":\"2018-07-06T11:30:39+00:00\",\"author\":{\"@id\":\"https:\/\/www.euroresidentes.com\/entretenimiento\/actualidad\/#\/schema\/person\/0310923f564d809f544573410cd89a56\"},\"description\":\"Sanfermines, es la fiesta que celebra el honor a San Ferm\u00edn. Es una festividad llena de virtudes, pero veamos otra perspectiva de esta famosa celebraci\u00f3n.\",\"breadcrumb\":{\"@id\":\"https:\/\/www.euroresidentes.com\/entretenimiento\/actualidad\/la-otra-cara-de-la-fiesta-de-san-fermin\/#breadcrumb\"},\"inLanguage\":\"es\",\"potentialAction\":[{\"@type\":\"ReadAction\",\"target\":[\"https:\/\/www.euroresidentes.com\/entretenimiento\/actualidad\/la-otra-cara-de-la-fiesta-de-san-fermin\/\"]}]},{\"@type\":\"ImageObject\",\"inLanguage\":\"es\",\"@id\":\"https:\/\/www.euroresidentes.com\/entretenimiento\/actualidad\/la-otra-cara-de-la-fiesta-de-san-fermin\/#primaryimage\",\"url\":\"https:\/\/www.euroresidentes.com\/entretenimiento\/actualidad\/wp-content\/uploads\/sites\/24\/2016\/07\/san-fermin-otra-cara-euroresidentes.jpg\",\"contentUrl\":\"https:\/\/www.euroresidentes.com\/entretenimiento\/actualidad\/wp-content\/uploads\/sites\/24\/2016\/07\/san-fermin-otra-cara-euroresidentes.jpg\",\"width\":700,\"height\":525,\"caption\":\"San Ferm\u00edn Pamplona\"},{\"@type\":\"BreadcrumbList\",\"@id\":\"https:\/\/www.euroresidentes.com\/entretenimiento\/actualidad\/la-otra-cara-de-la-fiesta-de-san-fermin\/#breadcrumb\",\"itemListElement\":[{\"@type\":\"ListItem\",\"position\":1,\"name\":\"Portada\",\"item\":\"https:\/\/www.euroresidentes.com\/entretenimiento\/actualidad\/\"},{\"@type\":\"ListItem\",\"position\":2,\"name\":\"La otra cara de la fiesta de San Ferm\u00edn\"}]},{\"@type\":\"WebSite\",\"@id\":\"https:\/\/www.euroresidentes.com\/entretenimiento\/actualidad\/#website\",\"url\":\"https:\/\/www.euroresidentes.com\/entretenimiento\/actualidad\/\",\"name\":\"Actualidad: famosos, \u00e9xitos, deportes...\",\"description\":\"Euroresidentes\",\"potentialAction\":[{\"@type\":\"SearchAction\",\"target\":{\"@type\":\"EntryPoint\",\"urlTemplate\":\"https:\/\/www.euroresidentes.com\/entretenimiento\/actualidad\/?s={search_term_string}\"},\"query-input\":{\"@type\":\"PropertyValueSpecification\",\"valueRequired\":true,\"valueName\":\"search_term_string\"}}],\"inLanguage\":\"es\"},{\"@type\":\"Person\",\"@id\":\"https:\/\/www.euroresidentes.com\/entretenimiento\/actualidad\/#\/schema\/person\/0310923f564d809f544573410cd89a56\",\"name\":\"Emma Heath\",\"image\":{\"@type\":\"ImageObject\",\"inLanguage\":\"es\",\"@id\":\"https:\/\/www.euroresidentes.com\/entretenimiento\/actualidad\/#\/schema\/person\/image\/\",\"url\":\"https:\/\/www.euroresidentes.com\/entretenimiento\/actualidad\/wp-content\/uploads\/sites\/24\/2016\/09\/emma-heath-150x150.png\",\"contentUrl\":\"https:\/\/www.euroresidentes.com\/entretenimiento\/actualidad\/wp-content\/uploads\/sites\/24\/2016\/09\/emma-heath-150x150.png\",\"caption\":\"Emma Heath\"},\"description\":\"Emma Heath\",\"url\":\"https:\/\/www.euroresidentes.com\/entretenimiento\/actualidad\/author\/emma\/\"}]}<\/script>\n<!-- \/ Yoast SEO plugin. -->","yoast_head_json":{"title":"La otra cara de la fiesta de San Ferm\u00edn - Actualidad: famosos, \u00e9xitos, deportes...","description":"Sanfermines, es la fiesta que celebra el honor a San Ferm\u00edn. Es una festividad llena de virtudes, pero veamos otra perspectiva de esta famosa celebraci\u00f3n.","robots":{"index":"index","follow":"follow","max-snippet":"max-snippet:-1","max-image-preview":"max-image-preview:large","max-video-preview":"max-video-preview:-1"},"canonical":"https:\/\/www.euroresidentes.com\/entretenimiento\/actualidad\/la-otra-cara-de-la-fiesta-de-san-fermin\/","og_locale":"es_ES","og_type":"article","og_title":"La otra cara de la fiesta de San Ferm\u00edn - Actualidad: famosos, \u00e9xitos, deportes...","og_description":"Sanfermines, es la fiesta que celebra el honor a San Ferm\u00edn. Es una festividad llena de virtudes, pero veamos otra perspectiva de esta famosa celebraci\u00f3n.","og_url":"https:\/\/www.euroresidentes.com\/entretenimiento\/actualidad\/la-otra-cara-de-la-fiesta-de-san-fermin\/","og_site_name":"Actualidad: famosos, \u00e9xitos, deportes...","article_publisher":"https:\/\/www.facebook.com\/euroresidentes\/","article_published_time":"2018-07-05T12:28:01+00:00","article_modified_time":"2018-07-06T11:30:39+00:00","og_image":[{"width":700,"height":525,"url":"https:\/\/www.euroresidentes.com\/entretenimiento\/actualidad\/wp-content\/uploads\/sites\/24\/2016\/07\/san-fermin-otra-cara-euroresidentes.jpg","type":"image\/jpeg"}],"author":"Emma Heath","twitter_card":"summary_large_image","twitter_misc":{"Written by":"Emma Heath","Est. reading time":"3 minutos"},"schema":{"@context":"https:\/\/schema.org","@graph":[{"@type":"WebPage","@id":"https:\/\/www.euroresidentes.com\/entretenimiento\/actualidad\/la-otra-cara-de-la-fiesta-de-san-fermin\/","url":"https:\/\/www.euroresidentes.com\/entretenimiento\/actualidad\/la-otra-cara-de-la-fiesta-de-san-fermin\/","name":"La otra cara de la fiesta de San Ferm\u00edn - Actualidad: famosos, \u00e9xitos, deportes...","isPartOf":{"@id":"https:\/\/www.euroresidentes.com\/entretenimiento\/actualidad\/#website"},"primaryImageOfPage":{"@id":"https:\/\/www.euroresidentes.com\/entretenimiento\/actualidad\/la-otra-cara-de-la-fiesta-de-san-fermin\/#primaryimage"},"image":{"@id":"https:\/\/www.euroresidentes.com\/entretenimiento\/actualidad\/la-otra-cara-de-la-fiesta-de-san-fermin\/#primaryimage"},"thumbnailUrl":"https:\/\/www.euroresidentes.com\/entretenimiento\/actualidad\/wp-content\/uploads\/sites\/24\/2016\/07\/san-fermin-otra-cara-euroresidentes.jpg","datePublished":"2018-07-05T12:28:01+00:00","dateModified":"2018-07-06T11:30:39+00:00","author":{"@id":"https:\/\/www.euroresidentes.com\/entretenimiento\/actualidad\/#\/schema\/person\/0310923f564d809f544573410cd89a56"},"description":"Sanfermines, es la fiesta que celebra el honor a San Ferm\u00edn. Es una festividad llena de virtudes, pero veamos otra perspectiva de esta famosa celebraci\u00f3n.","breadcrumb":{"@id":"https:\/\/www.euroresidentes.com\/entretenimiento\/actualidad\/la-otra-cara-de-la-fiesta-de-san-fermin\/#breadcrumb"},"inLanguage":"es","potentialAction":[{"@type":"ReadAction","target":["https:\/\/www.euroresidentes.com\/entretenimiento\/actualidad\/la-otra-cara-de-la-fiesta-de-san-fermin\/"]}]},{"@type":"ImageObject","inLanguage":"es","@id":"https:\/\/www.euroresidentes.com\/entretenimiento\/actualidad\/la-otra-cara-de-la-fiesta-de-san-fermin\/#primaryimage","url":"https:\/\/www.euroresidentes.com\/entretenimiento\/actualidad\/wp-content\/uploads\/sites\/24\/2016\/07\/san-fermin-otra-cara-euroresidentes.jpg","contentUrl":"https:\/\/www.euroresidentes.com\/entretenimiento\/actualidad\/wp-content\/uploads\/sites\/24\/2016\/07\/san-fermin-otra-cara-euroresidentes.jpg","width":700,"height":525,"caption":"San Ferm\u00edn Pamplona"},{"@type":"BreadcrumbList","@id":"https:\/\/www.euroresidentes.com\/entretenimiento\/actualidad\/la-otra-cara-de-la-fiesta-de-san-fermin\/#breadcrumb","itemListElement":[{"@type":"ListItem","position":1,"name":"Portada","item":"https:\/\/www.euroresidentes.com\/entretenimiento\/actualidad\/"},{"@type":"ListItem","position":2,"name":"La otra cara de la fiesta de San Ferm\u00edn"}]},{"@type":"WebSite","@id":"https:\/\/www.euroresidentes.com\/entretenimiento\/actualidad\/#website","url":"https:\/\/www.euroresidentes.com\/entretenimiento\/actualidad\/","name":"Actualidad: famosos, \u00e9xitos, deportes...","description":"Euroresidentes","potentialAction":[{"@type":"SearchAction","target":{"@type":"EntryPoint","urlTemplate":"https:\/\/www.euroresidentes.com\/entretenimiento\/actualidad\/?s={search_term_string}"},"query-input":{"@type":"PropertyValueSpecification","valueRequired":true,"valueName":"search_term_string"}}],"inLanguage":"es"},{"@type":"Person","@id":"https:\/\/www.euroresidentes.com\/entretenimiento\/actualidad\/#\/schema\/person\/0310923f564d809f544573410cd89a56","name":"Emma Heath","image":{"@type":"ImageObject","inLanguage":"es","@id":"https:\/\/www.euroresidentes.com\/entretenimiento\/actualidad\/#\/schema\/person\/image\/","url":"https:\/\/www.euroresidentes.com\/entretenimiento\/actualidad\/wp-content\/uploads\/sites\/24\/2016\/09\/emma-heath-150x150.png","contentUrl":"https:\/\/www.euroresidentes.com\/entretenimiento\/actualidad\/wp-content\/uploads\/sites\/24\/2016\/09\/emma-heath-150x150.png","caption":"Emma Heath"},"description":"Emma Heath","url":"https:\/\/www.euroresidentes.com\/entretenimiento\/actualidad\/author\/emma\/"}]}},"_links":{"self":[{"href":"https:\/\/www.euroresidentes.com\/entretenimiento\/actualidad\/wp-json\/wp\/v2\/posts\/1986","targetHints":{"allow":["GET"]}}],"collection":[{"href":"https:\/\/www.euroresidentes.com\/entretenimiento\/actualidad\/wp-json\/wp\/v2\/posts"}],"about":[{"href":"https:\/\/www.euroresidentes.com\/entretenimiento\/actualidad\/wp-json\/wp\/v2\/types\/post"}],"author":[{"embeddable":true,"href":"https:\/\/www.euroresidentes.com\/entretenimiento\/actualidad\/wp-json\/wp\/v2\/users\/9"}],"replies":[{"embeddable":true,"href":"https:\/\/www.euroresidentes.com\/entretenimiento\/actualidad\/wp-json\/wp\/v2\/comments?post=1986"}],"version-history":[{"count":61,"href":"https:\/\/www.euroresidentes.com\/entretenimiento\/actualidad\/wp-json\/wp\/v2\/posts\/1986\/revisions"}],"predecessor-version":[{"id":2921,"href":"https:\/\/www.euroresidentes.com\/entretenimiento\/actualidad\/wp-json\/wp\/v2\/posts\/1986\/revisions\/2921"}],"wp:featuredmedia":[{"embeddable":true,"href":"https:\/\/www.euroresidentes.com\/entretenimiento\/actualidad\/wp-json\/wp\/v2\/media\/2011"}],"wp:attachment":[{"href":"https:\/\/www.euroresidentes.com\/entretenimiento\/actualidad\/wp-json\/wp\/v2\/media?parent=1986"}],"wp:term":[{"taxonomy":"category","embeddable":true,"href":"https:\/\/www.euroresidentes.com\/entretenimiento\/actualidad\/wp-json\/wp\/v2\/categories?post=1986"},{"taxonomy":"post_tag","embeddable":true,"href":"https:\/\/www.euroresidentes.com\/entretenimiento\/actualidad\/wp-json\/wp\/v2\/tags?post=1986"}],"curies":[{"name":"wp","href":"https:\/\/api.w.org\/{rel}","templated":true}]}}