{"id":1856,"date":"2016-03-23T12:16:31","date_gmt":"2016-03-23T12:16:31","guid":{"rendered":"https:\/\/www.euroresidentes.com\/entretenimiento\/actualidad\/?p=1856"},"modified":"2016-09-23T11:51:21","modified_gmt":"2016-09-23T09:51:21","slug":"ilustraciones-solidaridad-atentados-bruselas","status":"publish","type":"post","link":"https:\/\/www.euroresidentes.com\/entretenimiento\/actualidad\/ilustraciones-solidaridad-atentados-bruselas\/","title":{"rendered":"Las ilustraciones que muestra el dolor y la solidaridad de los usuarios tras los atentados de Bruselas"},"content":{"rendered":"<p>Los hastag\u00a0\u00a0<a href=\"https:\/\/twitter.com\/search?q=%23JeSuisBruxelles.&amp;src=typd\" target=\"_blank\">#JeSuisBruxelles<\/a>\u00a0y\u00a0<a href=\"https:\/\/twitter.com\/search?q=%23Bruselles&amp;src=tyah\" target=\"_blank\">Bruselles<\/a> fueron algunos de los\u00a0m\u00e1s usados\u00a0por muchos usuarios\u00a0de Twitter para mostrar su\u00a0dolor por los fallecidos y heridos en\u00a0los atentados\u00a0de\u00a0Bruselas. Tint\u00edn y la estatua del <em>Manneken Pis<\/em> dos de las figuras m\u00e1s reconocibles del pa\u00eds\u00a0se usaron como s\u00edmbolos\u00a0para\u00a0mostrar la tristeza\u00a0y\u00a0la\u00a0solidaridad con todos los belgas y los familiares\u00a0de las personas heridas y fallecidas en las explosiones.<\/p>\n<blockquote class=\"twitter-tweet\" data-lang=\"en\">\n<p dir=\"ltr\" lang=\"und\"><a href=\"https:\/\/twitter.com\/hashtag\/Bruxelles?src=hash\">#Bruxelles<\/a> <a href=\"https:\/\/t.co\/Ja0FjWZkta\">pic.twitter.com\/Ja0FjWZkta<\/a><\/p>\n<p>\u2014 renaud Capu\u00e7on (@RCapucon) <a href=\"https:\/\/twitter.com\/RCapucon\/status\/712197716441481216\">March 22, 2016<\/a><\/p><\/blockquote>\n<p><script src=\"\/\/platform.twitter.com\/widgets.js\" async=\"\" charset=\"utf-8\"><\/script><\/p>\n<blockquote class=\"twitter-tweet\" data-lang=\"en\">\n<p dir=\"ltr\" lang=\"und\"><a href=\"https:\/\/twitter.com\/hashtag\/bruxelles?src=hash\">#bruxelles<\/a> <a href=\"https:\/\/t.co\/HUVTtqB6Hz\">pic.twitter.com\/HUVTtqB6Hz<\/a><\/p>\n<p>\u2014 Baudry (@hervebaudry) <a href=\"https:\/\/twitter.com\/hervebaudry\/status\/712213279842680832\">March 22, 2016<\/a><\/p><\/blockquote>\n<p><script src=\"\/\/platform.twitter.com\/widgets.js\" async=\"\" charset=\"utf-8\"><\/script><\/p>\n<blockquote class=\"twitter-tweet\" data-lang=\"en\"><p><a href=\"https:\/\/twitter.com\/hashtag\/ilsnenousauronspas?src=hash\">#ilsnenousauronspas<\/a> !!!!! <a href=\"https:\/\/twitter.com\/hashtag\/bruxelles?src=hash\">#bruxelles<\/a> <a href=\"https:\/\/t.co\/e7a5ShijFd\">pic.twitter.com\/e7a5ShijFd<\/a> \u2014 JoeyStarr (@JoeyStarr) <a href=\"https:\/\/twitter.com\/JoeyStarr\/status\/712219778556039168\">March 22, 2016<\/a><\/p><\/blockquote>\n<p><script src=\"\/\/platform.twitter.com\/widgets.js\" async=\"\" charset=\"utf-8\"><\/script><\/p>\n<p>&nbsp;<\/p>\n<blockquote class=\"twitter-tweet\" data-lang=\"en\">\n<p dir=\"ltr\" lang=\"fr\">Attentats \u00e0 Bruxelles : \u00ab On savait que les prochains, c\u2019\u00e9taient nous \u00bb <a href=\"https:\/\/t.co\/YbOKaSGUa3\">https:\/\/t.co\/YbOKaSGUa3<\/a> <a href=\"https:\/\/t.co\/epbfYS82cF\">pic.twitter.com\/epbfYS82cF<\/a><\/p>\n<p>\u2014 Le Monde (@lemondefr) <a href=\"https:\/\/twitter.com\/lemondefr\/status\/712351035185078272\">March 22, 2016<\/a><\/p><\/blockquote>\n<p><script src=\"\/\/platform.twitter.com\/widgets.js\" async=\"\" charset=\"utf-8\"><\/script><\/p>\n<blockquote class=\"twitter-tweet\" data-lang=\"en\"><p>Not alone <a href=\"https:\/\/twitter.com\/hashtag\/Bruxelles?src=hash\">#Bruxelles<\/a> <a href=\"https:\/\/t.co\/YQpntjZkbM\">pic.twitter.com\/YQpntjZkbM<\/a> \u2014 Max Carver (@maxcarver) <a href=\"https:\/\/twitter.com\/maxcarver\/status\/712384451649544192\">March 22, 2016<\/a><\/p><\/blockquote>\n<p><script src=\"\/\/platform.twitter.com\/widgets.js\" async=\"\" charset=\"utf-8\"><\/script><\/p>\n<blockquote class=\"twitter-tweet\" data-lang=\"en\">\n<p dir=\"ltr\" lang=\"en\">This war is about power &amp; resources like many before it. Religion simply used for recruiting purposes <a href=\"https:\/\/twitter.com\/hashtag\/Bruxelles?src=hash\">#Bruxelles<\/a> ? <a href=\"https:\/\/t.co\/2ULtWrE2GN\">pic.twitter.com\/2ULtWrE2GN<\/a><\/p>\n<p>\u2014 Bruce Djite (@BDjite) <a href=\"https:\/\/twitter.com\/BDjite\/status\/712384208631668736\">March 22, 2016<\/a><\/p><\/blockquote>\n<p><script src=\"\/\/platform.twitter.com\/widgets.js\" async=\"\" charset=\"utf-8\"><\/script><\/p>\n<p>Otra de las fotos que m\u00e1s se ha compartido tambi\u00e9n en las redes sociales ha sido la de un ni\u00f1o refugiado sirio que se solidarizaba con los afectados con una pancarta en la que se pod\u00eda leer <em>\u00abSorry for Brussels\u00bb.\u00a0<\/em> La foto fue\u00a0tomada por Fedja Grulovic, de la agencia de noticias Reuters, en un\u00a0campo de\u00a0refugiados de Grecia<\/p>\n<blockquote class=\"twitter-tweet\" data-lang=\"en\"><p>La foto que conmueve al mundo: un chico refugiado pide \u00abperd\u00f3n por Bruselas\u00bb <a href=\"https:\/\/t.co\/HciSX1ypzu\">https:\/\/t.co\/HciSX1ypzu<\/a> <a href=\"https:\/\/t.co\/ZQ9M9E8PaM\">pic.twitter.com\/ZQ9M9E8PaM<\/a> \u2014 LA NACION (@LANACION) <a href=\"https:\/\/twitter.com\/LANACION\/status\/712344764331520000\">March 22, 2016<\/a><\/p><\/blockquote>\n<p><script src=\"\/\/platform.twitter.com\/widgets.js\" async=\"\" charset=\"utf-8\"><\/script><\/p>\n","protected":false},"excerpt":{"rendered":"<p>Los hastag\u00a0\u00a0#JeSuisBruxelles\u00a0y\u00a0Bruselles fueron algunos de los\u00a0m\u00e1s usados\u00a0por muchos usuarios\u00a0de Twitter para mostrar su\u00a0dolor por los fallecidos y heridos en\u00a0los atentados\u00a0de\u00a0Bruselas. Tint\u00edn y la estatua del Manneken Pis dos de las figuras m\u00e1s reconocibles del pa\u00eds\u00a0se usaron como s\u00edmbolos\u00a0para\u00a0mostrar la tristeza\u00a0y\u00a0la\u00a0solidaridad con todos los belgas y los familiares\u00a0de las personas heridas y fallecidas en las explosiones. #Bruxelles pic.twitter.com\/Ja0FjWZkta \u2014 renaud Capu\u00e7on (@RCapucon) March 22, 2016 #bruxelles pic.twitter.com\/HUVTtqB6Hz \u2014 Baudry (@hervebaudry) March 22, 2016 #ilsnenousauronspas !!!!! #bruxelles pic.twitter.com\/e7a5ShijFd \u2014 JoeyStarr (@JoeyStarr) March 22, 2016 &nbsp; Attentats \u00e0 Bruxelles : \u00ab On savait que les prochains, c\u2019\u00e9taient nous \u00bb https:\/\/t.co\/YbOKaSGUa3 pic.twitter.com\/epbfYS82cF \u2014 Le <\/p>\n","protected":false},"author":1,"featured_media":1864,"comment_status":"open","ping_status":"open","sticky":false,"template":"","format":"standard","meta":{"footnotes":""},"categories":[1],"tags":[],"class_list":["post-1856","post","type-post","status-publish","format-standard","has-post-thumbnail","hentry","category-general","has_thumb"],"yoast_head":"<!-- This site is optimized with the Yoast SEO plugin v24.1 - https:\/\/yoast.com\/wordpress\/plugins\/seo\/ -->\n<title>Las ilustraciones que muestra el dolor y la solidaridad de los usuarios tras los atentados de Bruselas - Actualidad: famosos, \u00e9xitos, deportes...<\/title>\n<meta name=\"robots\" content=\"index, follow, max-snippet:-1, max-image-preview:large, max-video-preview:-1\" \/>\n<link rel=\"canonical\" href=\"https:\/\/www.euroresidentes.com\/entretenimiento\/actualidad\/ilustraciones-solidaridad-atentados-bruselas\/\" \/>\n<meta property=\"og:locale\" content=\"es_ES\" \/>\n<meta property=\"og:type\" content=\"article\" \/>\n<meta property=\"og:title\" content=\"Las ilustraciones que muestra el dolor y la solidaridad de los usuarios tras los atentados de Bruselas - Actualidad: famosos, \u00e9xitos, deportes...\" \/>\n<meta property=\"og:description\" content=\"Los hastag\u00a0\u00a0#JeSuisBruxelles\u00a0y\u00a0Bruselles fueron algunos de los\u00a0m\u00e1s usados\u00a0por muchos usuarios\u00a0de Twitter para mostrar su\u00a0dolor por los fallecidos y heridos en\u00a0los atentados\u00a0de\u00a0Bruselas. Tint\u00edn y la estatua del Manneken Pis dos de las figuras m\u00e1s reconocibles del pa\u00eds\u00a0se usaron como s\u00edmbolos\u00a0para\u00a0mostrar la tristeza\u00a0y\u00a0la\u00a0solidaridad con todos los belgas y los familiares\u00a0de las personas heridas y fallecidas en las explosiones. #Bruxelles pic.twitter.com\/Ja0FjWZkta \u2014 renaud Capu\u00e7on (@RCapucon) March 22, 2016 #bruxelles pic.twitter.com\/HUVTtqB6Hz \u2014 Baudry (@hervebaudry) March 22, 2016 #ilsnenousauronspas !!!!! #bruxelles pic.twitter.com\/e7a5ShijFd \u2014 JoeyStarr (@JoeyStarr) March 22, 2016 &nbsp; Attentats \u00e0 Bruxelles : \u00ab On savait que les prochains, c\u2019\u00e9taient nous \u00bb https:\/\/t.co\/YbOKaSGUa3 pic.twitter.com\/epbfYS82cF \u2014 Le\" \/>\n<meta property=\"og:url\" content=\"https:\/\/www.euroresidentes.com\/entretenimiento\/actualidad\/ilustraciones-solidaridad-atentados-bruselas\/\" \/>\n<meta property=\"og:site_name\" content=\"Actualidad: famosos, \u00e9xitos, deportes...\" \/>\n<meta property=\"article:publisher\" content=\"https:\/\/www.facebook.com\/euroresidentes\/\" \/>\n<meta property=\"article:published_time\" content=\"2016-03-23T12:16:31+00:00\" \/>\n<meta property=\"article:modified_time\" content=\"2016-09-23T09:51:21+00:00\" \/>\n<meta property=\"og:image\" content=\"https:\/\/www.euroresidentes.com\/entretenimiento\/actualidad\/wp-content\/uploads\/sites\/24\/2016\/03\/atentados-bruselas.jpg\" \/>\n\t<meta property=\"og:image:width\" content=\"600\" \/>\n\t<meta property=\"og:image:height\" content=\"450\" \/>\n\t<meta property=\"og:image:type\" content=\"image\/jpeg\" \/>\n<meta name=\"author\" content=\"Euroresidentes\" \/>\n<meta name=\"twitter:card\" content=\"summary_large_image\" \/>\n<meta name=\"twitter:label1\" content=\"Written by\" \/>\n\t<meta name=\"twitter:data1\" content=\"Euroresidentes\" \/>\n\t<meta name=\"twitter:label2\" content=\"Est. reading time\" \/>\n\t<meta name=\"twitter:data2\" content=\"1 minuto\" \/>\n<script type=\"application\/ld+json\" class=\"yoast-schema-graph\">{\"@context\":\"https:\/\/schema.org\",\"@graph\":[{\"@type\":\"WebPage\",\"@id\":\"https:\/\/www.euroresidentes.com\/entretenimiento\/actualidad\/ilustraciones-solidaridad-atentados-bruselas\/\",\"url\":\"https:\/\/www.euroresidentes.com\/entretenimiento\/actualidad\/ilustraciones-solidaridad-atentados-bruselas\/\",\"name\":\"Las ilustraciones que muestra el dolor y la solidaridad de los usuarios tras los atentados de Bruselas - Actualidad: famosos, \u00e9xitos, deportes...\",\"isPartOf\":{\"@id\":\"https:\/\/www.euroresidentes.com\/entretenimiento\/actualidad\/#website\"},\"primaryImageOfPage\":{\"@id\":\"https:\/\/www.euroresidentes.com\/entretenimiento\/actualidad\/ilustraciones-solidaridad-atentados-bruselas\/#primaryimage\"},\"image\":{\"@id\":\"https:\/\/www.euroresidentes.com\/entretenimiento\/actualidad\/ilustraciones-solidaridad-atentados-bruselas\/#primaryimage\"},\"thumbnailUrl\":\"https:\/\/www.euroresidentes.com\/entretenimiento\/actualidad\/wp-content\/uploads\/sites\/24\/2016\/03\/atentados-bruselas.jpg\",\"datePublished\":\"2016-03-23T12:16:31+00:00\",\"dateModified\":\"2016-09-23T09:51:21+00:00\",\"author\":{\"@id\":\"https:\/\/www.euroresidentes.com\/entretenimiento\/actualidad\/#\/schema\/person\/e41441f91af6208631ba0be4ea9c5f01\"},\"breadcrumb\":{\"@id\":\"https:\/\/www.euroresidentes.com\/entretenimiento\/actualidad\/ilustraciones-solidaridad-atentados-bruselas\/#breadcrumb\"},\"inLanguage\":\"es\",\"potentialAction\":[{\"@type\":\"ReadAction\",\"target\":[\"https:\/\/www.euroresidentes.com\/entretenimiento\/actualidad\/ilustraciones-solidaridad-atentados-bruselas\/\"]}]},{\"@type\":\"ImageObject\",\"inLanguage\":\"es\",\"@id\":\"https:\/\/www.euroresidentes.com\/entretenimiento\/actualidad\/ilustraciones-solidaridad-atentados-bruselas\/#primaryimage\",\"url\":\"https:\/\/www.euroresidentes.com\/entretenimiento\/actualidad\/wp-content\/uploads\/sites\/24\/2016\/03\/atentados-bruselas.jpg\",\"contentUrl\":\"https:\/\/www.euroresidentes.com\/entretenimiento\/actualidad\/wp-content\/uploads\/sites\/24\/2016\/03\/atentados-bruselas.jpg\",\"width\":600,\"height\":450,\"caption\":\"atentados Bruselas\"},{\"@type\":\"BreadcrumbList\",\"@id\":\"https:\/\/www.euroresidentes.com\/entretenimiento\/actualidad\/ilustraciones-solidaridad-atentados-bruselas\/#breadcrumb\",\"itemListElement\":[{\"@type\":\"ListItem\",\"position\":1,\"name\":\"Portada\",\"item\":\"https:\/\/www.euroresidentes.com\/entretenimiento\/actualidad\/\"},{\"@type\":\"ListItem\",\"position\":2,\"name\":\"Las ilustraciones que muestra el dolor y la solidaridad de los usuarios tras los atentados de Bruselas\"}]},{\"@type\":\"WebSite\",\"@id\":\"https:\/\/www.euroresidentes.com\/entretenimiento\/actualidad\/#website\",\"url\":\"https:\/\/www.euroresidentes.com\/entretenimiento\/actualidad\/\",\"name\":\"Actualidad: famosos, \u00e9xitos, deportes...\",\"description\":\"Euroresidentes\",\"potentialAction\":[{\"@type\":\"SearchAction\",\"target\":{\"@type\":\"EntryPoint\",\"urlTemplate\":\"https:\/\/www.euroresidentes.com\/entretenimiento\/actualidad\/?s={search_term_string}\"},\"query-input\":{\"@type\":\"PropertyValueSpecification\",\"valueRequired\":true,\"valueName\":\"search_term_string\"}}],\"inLanguage\":\"es\"},{\"@type\":\"Person\",\"@id\":\"https:\/\/www.euroresidentes.com\/entretenimiento\/actualidad\/#\/schema\/person\/e41441f91af6208631ba0be4ea9c5f01\",\"name\":\"Euroresidentes\",\"image\":{\"@type\":\"ImageObject\",\"inLanguage\":\"es\",\"@id\":\"https:\/\/www.euroresidentes.com\/entretenimiento\/actualidad\/#\/schema\/person\/image\/\",\"url\":\"https:\/\/www.euroresidentes.com\/entretenimiento\/actualidad\/wp-content\/uploads\/sites\/24\/2016\/09\/logo-euroresidentes-150x150.jpg\",\"contentUrl\":\"https:\/\/www.euroresidentes.com\/entretenimiento\/actualidad\/wp-content\/uploads\/sites\/24\/2016\/09\/logo-euroresidentes-150x150.jpg\",\"caption\":\"Euroresidentes\"},\"description\":\"Euroresidentes\",\"sameAs\":[\"https:\/\/www.euroresidentes.com\/info.htm\"],\"url\":\"https:\/\/www.euroresidentes.com\/entretenimiento\/actualidad\/author\/euroresidentes\/\"}]}<\/script>\n<!-- \/ Yoast SEO plugin. -->","yoast_head_json":{"title":"Las ilustraciones que muestra el dolor y la solidaridad de los usuarios tras los atentados de Bruselas - Actualidad: famosos, \u00e9xitos, deportes...","robots":{"index":"index","follow":"follow","max-snippet":"max-snippet:-1","max-image-preview":"max-image-preview:large","max-video-preview":"max-video-preview:-1"},"canonical":"https:\/\/www.euroresidentes.com\/entretenimiento\/actualidad\/ilustraciones-solidaridad-atentados-bruselas\/","og_locale":"es_ES","og_type":"article","og_title":"Las ilustraciones que muestra el dolor y la solidaridad de los usuarios tras los atentados de Bruselas - Actualidad: famosos, \u00e9xitos, deportes...","og_description":"Los hastag\u00a0\u00a0#JeSuisBruxelles\u00a0y\u00a0Bruselles fueron algunos de los\u00a0m\u00e1s usados\u00a0por muchos usuarios\u00a0de Twitter para mostrar su\u00a0dolor por los fallecidos y heridos en\u00a0los atentados\u00a0de\u00a0Bruselas. Tint\u00edn y la estatua del Manneken Pis dos de las figuras m\u00e1s reconocibles del pa\u00eds\u00a0se usaron como s\u00edmbolos\u00a0para\u00a0mostrar la tristeza\u00a0y\u00a0la\u00a0solidaridad con todos los belgas y los familiares\u00a0de las personas heridas y fallecidas en las explosiones. #Bruxelles pic.twitter.com\/Ja0FjWZkta \u2014 renaud Capu\u00e7on (@RCapucon) March 22, 2016 #bruxelles pic.twitter.com\/HUVTtqB6Hz \u2014 Baudry (@hervebaudry) March 22, 2016 #ilsnenousauronspas !!!!! #bruxelles pic.twitter.com\/e7a5ShijFd \u2014 JoeyStarr (@JoeyStarr) March 22, 2016 &nbsp; Attentats \u00e0 Bruxelles : \u00ab On savait que les prochains, c\u2019\u00e9taient nous \u00bb https:\/\/t.co\/YbOKaSGUa3 pic.twitter.com\/epbfYS82cF \u2014 Le","og_url":"https:\/\/www.euroresidentes.com\/entretenimiento\/actualidad\/ilustraciones-solidaridad-atentados-bruselas\/","og_site_name":"Actualidad: famosos, \u00e9xitos, deportes...","article_publisher":"https:\/\/www.facebook.com\/euroresidentes\/","article_published_time":"2016-03-23T12:16:31+00:00","article_modified_time":"2016-09-23T09:51:21+00:00","og_image":[{"width":600,"height":450,"url":"https:\/\/www.euroresidentes.com\/entretenimiento\/actualidad\/wp-content\/uploads\/sites\/24\/2016\/03\/atentados-bruselas.jpg","type":"image\/jpeg"}],"author":"Euroresidentes","twitter_card":"summary_large_image","twitter_misc":{"Written by":"Euroresidentes","Est. reading time":"1 minuto"},"schema":{"@context":"https:\/\/schema.org","@graph":[{"@type":"WebPage","@id":"https:\/\/www.euroresidentes.com\/entretenimiento\/actualidad\/ilustraciones-solidaridad-atentados-bruselas\/","url":"https:\/\/www.euroresidentes.com\/entretenimiento\/actualidad\/ilustraciones-solidaridad-atentados-bruselas\/","name":"Las ilustraciones que muestra el dolor y la solidaridad de los usuarios tras los atentados de Bruselas - Actualidad: famosos, \u00e9xitos, deportes...","isPartOf":{"@id":"https:\/\/www.euroresidentes.com\/entretenimiento\/actualidad\/#website"},"primaryImageOfPage":{"@id":"https:\/\/www.euroresidentes.com\/entretenimiento\/actualidad\/ilustraciones-solidaridad-atentados-bruselas\/#primaryimage"},"image":{"@id":"https:\/\/www.euroresidentes.com\/entretenimiento\/actualidad\/ilustraciones-solidaridad-atentados-bruselas\/#primaryimage"},"thumbnailUrl":"https:\/\/www.euroresidentes.com\/entretenimiento\/actualidad\/wp-content\/uploads\/sites\/24\/2016\/03\/atentados-bruselas.jpg","datePublished":"2016-03-23T12:16:31+00:00","dateModified":"2016-09-23T09:51:21+00:00","author":{"@id":"https:\/\/www.euroresidentes.com\/entretenimiento\/actualidad\/#\/schema\/person\/e41441f91af6208631ba0be4ea9c5f01"},"breadcrumb":{"@id":"https:\/\/www.euroresidentes.com\/entretenimiento\/actualidad\/ilustraciones-solidaridad-atentados-bruselas\/#breadcrumb"},"inLanguage":"es","potentialAction":[{"@type":"ReadAction","target":["https:\/\/www.euroresidentes.com\/entretenimiento\/actualidad\/ilustraciones-solidaridad-atentados-bruselas\/"]}]},{"@type":"ImageObject","inLanguage":"es","@id":"https:\/\/www.euroresidentes.com\/entretenimiento\/actualidad\/ilustraciones-solidaridad-atentados-bruselas\/#primaryimage","url":"https:\/\/www.euroresidentes.com\/entretenimiento\/actualidad\/wp-content\/uploads\/sites\/24\/2016\/03\/atentados-bruselas.jpg","contentUrl":"https:\/\/www.euroresidentes.com\/entretenimiento\/actualidad\/wp-content\/uploads\/sites\/24\/2016\/03\/atentados-bruselas.jpg","width":600,"height":450,"caption":"atentados Bruselas"},{"@type":"BreadcrumbList","@id":"https:\/\/www.euroresidentes.com\/entretenimiento\/actualidad\/ilustraciones-solidaridad-atentados-bruselas\/#breadcrumb","itemListElement":[{"@type":"ListItem","position":1,"name":"Portada","item":"https:\/\/www.euroresidentes.com\/entretenimiento\/actualidad\/"},{"@type":"ListItem","position":2,"name":"Las ilustraciones que muestra el dolor y la solidaridad de los usuarios tras los atentados de Bruselas"}]},{"@type":"WebSite","@id":"https:\/\/www.euroresidentes.com\/entretenimiento\/actualidad\/#website","url":"https:\/\/www.euroresidentes.com\/entretenimiento\/actualidad\/","name":"Actualidad: famosos, \u00e9xitos, deportes...","description":"Euroresidentes","potentialAction":[{"@type":"SearchAction","target":{"@type":"EntryPoint","urlTemplate":"https:\/\/www.euroresidentes.com\/entretenimiento\/actualidad\/?s={search_term_string}"},"query-input":{"@type":"PropertyValueSpecification","valueRequired":true,"valueName":"search_term_string"}}],"inLanguage":"es"},{"@type":"Person","@id":"https:\/\/www.euroresidentes.com\/entretenimiento\/actualidad\/#\/schema\/person\/e41441f91af6208631ba0be4ea9c5f01","name":"Euroresidentes","image":{"@type":"ImageObject","inLanguage":"es","@id":"https:\/\/www.euroresidentes.com\/entretenimiento\/actualidad\/#\/schema\/person\/image\/","url":"https:\/\/www.euroresidentes.com\/entretenimiento\/actualidad\/wp-content\/uploads\/sites\/24\/2016\/09\/logo-euroresidentes-150x150.jpg","contentUrl":"https:\/\/www.euroresidentes.com\/entretenimiento\/actualidad\/wp-content\/uploads\/sites\/24\/2016\/09\/logo-euroresidentes-150x150.jpg","caption":"Euroresidentes"},"description":"Euroresidentes","sameAs":["https:\/\/www.euroresidentes.com\/info.htm"],"url":"https:\/\/www.euroresidentes.com\/entretenimiento\/actualidad\/author\/euroresidentes\/"}]}},"_links":{"self":[{"href":"https:\/\/www.euroresidentes.com\/entretenimiento\/actualidad\/wp-json\/wp\/v2\/posts\/1856","targetHints":{"allow":["GET"]}}],"collection":[{"href":"https:\/\/www.euroresidentes.com\/entretenimiento\/actualidad\/wp-json\/wp\/v2\/posts"}],"about":[{"href":"https:\/\/www.euroresidentes.com\/entretenimiento\/actualidad\/wp-json\/wp\/v2\/types\/post"}],"author":[{"embeddable":true,"href":"https:\/\/www.euroresidentes.com\/entretenimiento\/actualidad\/wp-json\/wp\/v2\/users\/1"}],"replies":[{"embeddable":true,"href":"https:\/\/www.euroresidentes.com\/entretenimiento\/actualidad\/wp-json\/wp\/v2\/comments?post=1856"}],"version-history":[{"count":10,"href":"https:\/\/www.euroresidentes.com\/entretenimiento\/actualidad\/wp-json\/wp\/v2\/posts\/1856\/revisions"}],"predecessor-version":[{"id":2253,"href":"https:\/\/www.euroresidentes.com\/entretenimiento\/actualidad\/wp-json\/wp\/v2\/posts\/1856\/revisions\/2253"}],"wp:featuredmedia":[{"embeddable":true,"href":"https:\/\/www.euroresidentes.com\/entretenimiento\/actualidad\/wp-json\/wp\/v2\/media\/1864"}],"wp:attachment":[{"href":"https:\/\/www.euroresidentes.com\/entretenimiento\/actualidad\/wp-json\/wp\/v2\/media?parent=1856"}],"wp:term":[{"taxonomy":"category","embeddable":true,"href":"https:\/\/www.euroresidentes.com\/entretenimiento\/actualidad\/wp-json\/wp\/v2\/categories?post=1856"},{"taxonomy":"post_tag","embeddable":true,"href":"https:\/\/www.euroresidentes.com\/entretenimiento\/actualidad\/wp-json\/wp\/v2\/tags?post=1856"}],"curies":[{"name":"wp","href":"https:\/\/api.w.org\/{rel}","templated":true}]}}