{"id":1770,"date":"2017-03-02T12:00:28","date_gmt":"2017-03-02T11:00:28","guid":{"rendered":"https:\/\/www.euroresidentes.com\/entretenimiento\/actualidad\/?p=1770"},"modified":"2018-03-08T13:30:45","modified_gmt":"2018-03-08T12:30:45","slug":"no-te-voy-a-felicitar-el-dia-de-la-mujer","status":"publish","type":"post","link":"https:\/\/www.euroresidentes.com\/entretenimiento\/actualidad\/no-te-voy-a-felicitar-el-dia-de-la-mujer\/","title":{"rendered":"No te voy a felicitar el D\u00eda de la Mujer"},"content":{"rendered":"<p>No te voy a felicitar en el <strong>D\u00eda de la Mujer<\/strong> porque el d\u00eda de la mujer es todos los d\u00edas; todos los d\u00edas son\u00a0un d\u00eda de reivindicaci\u00f3n, de recuerdo y reconocimiento para todas aquellas mujeres que con su lucha lograron cambios en la sociedad para tener los mismos derechos que los hombres.\u00a0<\/p>\n<p style=\"text-align: center;\"><img loading=\"lazy\" decoding=\"async\" class=\"aligncenter wp-image-1775 size-full\" src=\"https:\/\/www.euroresidentes.com\/entretenimiento\/actualidad\/wp-content\/uploads\/sites\/24\/2016\/03\/dia-de-la-mujer.jpg\" alt=\"Dia Internacional de la Mujer\" width=\"700\" height=\"525\" srcset=\"https:\/\/www.euroresidentes.com\/entretenimiento\/actualidad\/wp-content\/uploads\/sites\/24\/2016\/03\/dia-de-la-mujer.jpg 700w, https:\/\/www.euroresidentes.com\/entretenimiento\/actualidad\/wp-content\/uploads\/sites\/24\/2016\/03\/dia-de-la-mujer-300x225.jpg 300w, https:\/\/www.euroresidentes.com\/entretenimiento\/actualidad\/wp-content\/uploads\/sites\/24\/2016\/03\/dia-de-la-mujer-250x188.jpg 250w\" sizes=\"auto, (max-width: 700px) 100vw, 700px\" \/><\/p>\n<p style=\"text-align: center;\">\u00a0<\/p>\n<p>Mujeres como t\u00fa que \u00a0plantaron frente a lo establecido y decidieron luchar por una mayor igualdad en la vida laboral y conyugal. Pero antes de nada, <strong>debemos conocer algo de la historia.<\/strong><\/p>\n<p><!-- inserta publi --><\/p>\n<h3 class=\"firstHeading\">Todo comenz\u00f3 con el i<strong>ncendio en la f\u00e1brica Triangle Shirtwaist de Nueva York<\/strong><\/h3>\n<p>El <strong>25 de Marzo de 1911<\/strong>, un incendio ocurrido en esta f\u00e1brica\u00a0caus\u00f3 la <strong>muerte de 146 personas (mayor\u00eda mujeres)<\/strong> que ven\u00edan denunciando las precarias condiciones laborales a las que eran sometidas.\u00a0<strong>Los due\u00f1os de la fabrica hab\u00edan cerrado los accesos para evitar robos y des\u00f3rdenes y al desatarse el incendio no pudieron salir.<\/strong>\u00a0Muchas murieron asfixiadas por el humo y otras al saltar por la ventana para intentar evitar las llamas.<\/p>\n<p>&nbsp;<\/p>\n<p><img loading=\"lazy\" decoding=\"async\" class=\"aligncenter wp-image-1787\" src=\"https:\/\/www.euroresidentes.com\/entretenimiento\/actualidad\/wp-content\/uploads\/sites\/24\/2016\/03\/dia-mujer-historia.jpg\" alt=\"historia d\u00eda de la mujer, incendio f\u00e1brica textil Nueva York\" width=\"700\" height=\"461\" srcset=\"https:\/\/www.euroresidentes.com\/entretenimiento\/actualidad\/wp-content\/uploads\/sites\/24\/2016\/03\/dia-mujer-historia.jpg 595w, https:\/\/www.euroresidentes.com\/entretenimiento\/actualidad\/wp-content\/uploads\/sites\/24\/2016\/03\/dia-mujer-historia-300x198.jpg 300w, https:\/\/www.euroresidentes.com\/entretenimiento\/actualidad\/wp-content\/uploads\/sites\/24\/2016\/03\/dia-mujer-historia-250x165.jpg 250w\" sizes=\"auto, (max-width: 700px) 100vw, 700px\" \/><\/p>\n<p>&nbsp;<\/p>\n<p>Como consecuencia, se introdujeron cambios importantes\u00a0en materia legislativa en las normas de seguridad y salud laborales e industriales de la \u00e9poca.\u00a0<\/p>\n<h3>8 de marzo, d\u00eda de reivindaci\u00f3n y recuerdo<\/h3>\n<p><strong>Cada\u00a08 de Marzo es\u00a0un<\/strong> <strong>d\u00eda para reivindicar<\/strong> porque queda mucho por hacer, es un <strong>d\u00eda para recordar<\/strong> <strong>a todas esas \u201chero\u00ednas\u201d<\/strong> que consiguieron cambiar el mundo y <strong>dar voz a todas las mujeres<\/strong> <strong>que actualmente siguen luchando por la igualdad<\/strong> y unirnos a ellas. <span style=\"font-weight: 400;\">Es un d\u00eda para reflexionar, volver a empezar, echar la vista atr\u00e1s y ver lo conseguido, mirar al futuro y ver d\u00f3nde queremos llegar.<\/span><\/p>\n<p><!-- inserta publi 2 --><\/p>\n<h3>Mujer, NO permitas nada de esto<\/h3>\n<ul>\n<li>Que nadie insinue o diga que vales menos<\/li>\n<li>Que nadie te juzgue por ser mujer<\/li>\n<li>Que te digan que es cosa de hombres<\/li>\n<li>Que te pongan l\u00edmites<\/li>\n<li>Que elijan por ti<\/li>\n<li>Que te paguen menos por el hecho de ser mujer<\/li>\n<li>Que te hagan elegir entre la maternidad y el trabajo<\/li>\n<li>Que tus problemas y necesidades se vuelvan invisibles<\/li>\n<li>El conformarte porque estamos mejor que antes.<\/li>\n<\/ul>\n<h3>Marca un futuro&#8230;<\/h3>\n<p>Por ti, por tus hijas, nietas, hermanas, amigas&#8230; <strong>Por un futuro en el que no haga falta que haya un d\u00eda de la mujer, por un futuro en el que estemos tan integradas e igualadas en todos los \u00e1mbitos.<\/strong> No es un camino f\u00e1cil pero es un camino a seguir.\u00a0Cuantas m\u00e1s seamos m\u00e1s f\u00e1cil ser\u00e1 conseguirlo. Por\u00a0que no existan \u201ccosas de mujeres\u201d y \u201ccosas de hombres\u201d en \u00e1mbitos laborales o conyugales por imposici\u00f3n social. Por un futuro mejor.<\/p>\n<p>&nbsp;<\/p>\n<p style=\"text-align: center;\"><img loading=\"lazy\" decoding=\"async\" class=\"aligncenter wp-image-1776\" src=\"https:\/\/www.euroresidentes.com\/entretenimiento\/actualidad\/wp-content\/uploads\/sites\/24\/2016\/03\/mujer-exito.jpg\" alt=\"Mujer Exitosa \" width=\"701\" height=\"934\" srcset=\"https:\/\/www.euroresidentes.com\/entretenimiento\/actualidad\/wp-content\/uploads\/sites\/24\/2016\/03\/mujer-exito.jpg 700w, https:\/\/www.euroresidentes.com\/entretenimiento\/actualidad\/wp-content\/uploads\/sites\/24\/2016\/03\/mujer-exito-225x300.jpg 225w, https:\/\/www.euroresidentes.com\/entretenimiento\/actualidad\/wp-content\/uploads\/sites\/24\/2016\/03\/mujer-exito-250x333.jpg 250w\" sizes=\"auto, (max-width: 701px) 100vw, 701px\" \/><\/p>\n<p style=\"text-align: center;\">\u00a0<\/p>\n<p><!-- inserta publi 3 --><\/p>\n<h3>Datos impactantes pero reales:<\/h3>\n<ul>\n<li><strong>31 millones de ni\u00f1as<\/strong> en edad de educaci\u00f3n primaria <strong>no van a la escuela<\/strong> (UNESCO 2013)<\/li>\n<li><strong>35% de mujeres en el mundo <\/strong>han sido<strong> v\u00edctimas de violencia f\u00edsica y\/o sexual<\/strong> (UN, 2015)<\/li>\n<li><strong>Dos tercios de los 774 millones de personas analfabetas en el mundo son mujeres<\/strong>, proporci\u00f3n que no ha cambiado en dos d\u00e9cadas (UNESCO, 2015)<\/li>\n<li><strong>Menos del 4% de gerentes en las 500 empresas m\u00e1s grandes del mundo son mujeres<\/strong> (UN, 2015)<\/li>\n<li><strong>Las mujeres representan dos tercios de los ciudadanos m\u00e1s pobres del mundo<\/strong> (UNESCO 2014)<\/li>\n<li>Las mujeres tienen baja representaci\u00f3n en disciplinas cient\u00edficas y tecnol\u00f3gicas. <strong>S\u00f3lo el 29% de las investigadoras del mundo son mujeres<\/strong> (UNESCO, 2014)<\/li>\n<li><strong>Las mujeres ganamos un 16&#8217;4% menos que los hombres<\/strong><\/li>\n<\/ul>\n<p>&nbsp;<\/p>\n<p style=\"text-align: center;\"><img loading=\"lazy\" decoding=\"async\" class=\"aligncenter wp-image-1777 size-full\" src=\"https:\/\/www.euroresidentes.com\/entretenimiento\/actualidad\/wp-content\/uploads\/sites\/24\/2016\/03\/todos-son-8-marzo.jpg\" alt=\"8 de Marzo - D\u00eda Internacional de la Mujer\" width=\"600\" height=\"627\" srcset=\"https:\/\/www.euroresidentes.com\/entretenimiento\/actualidad\/wp-content\/uploads\/sites\/24\/2016\/03\/todos-son-8-marzo.jpg 600w, https:\/\/www.euroresidentes.com\/entretenimiento\/actualidad\/wp-content\/uploads\/sites\/24\/2016\/03\/todos-son-8-marzo-287x300.jpg 287w, https:\/\/www.euroresidentes.com\/entretenimiento\/actualidad\/wp-content\/uploads\/sites\/24\/2016\/03\/todos-son-8-marzo-250x261.jpg 250w\" sizes=\"auto, (max-width: 600px) 100vw, 600px\" \/><\/p>\n<p>&nbsp;<\/p>\n<p><strong>Cada vez que una mujer se levanta por s\u00ed misma, sin saberlo, posiblemente sin clamarlo, se levantan todas las mujeres<\/strong> &#8211;\u00a0<em>Maya Angelou.<\/em><\/p>\n<p>&nbsp;<\/p>\n<p>&nbsp;<\/p>\n<p><strong>Lecturas relacionadas:<\/strong><\/p>\n<ul>\n<li><a href=\"https:\/\/www.euroresidentes.com\/Diversion\/Frases\/frases-feministas.htm\">Frases feministas<\/a><\/li>\n<li><a href=\"https:\/\/www.euroresidentes.com\/entretenimiento\/actualidad\/dia-internacional-la-mujer-8-marzo-historia\">D\u00eda Internacional de la Mujer: por qu\u00e9 se celebra el 8 de Marzo<\/a><\/li>\n<li><a href=\"https:\/\/www.euroresidentes.com\/empresa\/mujeres-que-rompen-moldes\/\">Mujeres que est\u00e1n cambiando el mundo<\/a><\/li>\n<li><a href=\"https:\/\/www.euroresidentes.com\/entretenimiento\/frases-citas-imagenes\/piensa-de-mi-lo-que-quieras-dia-internacional-de-mujer\" target=\"_blank\">\u00a1Piensa de m\u00ed lo que quieras! D\u00eda Internacional de la Mujer<\/a><\/li>\n<\/ul>\n","protected":false},"excerpt":{"rendered":"<p>No te voy a felicitar en el D\u00eda de la Mujer porque el d\u00eda de la mujer es todos los d\u00edas; todos los d\u00edas son\u00a0un d\u00eda de reivindicaci\u00f3n, de recuerdo y reconocimiento para todas aquellas mujeres que con su lucha lograron cambios en la sociedad para tener los mismos derechos que los hombres.\u00a0 \u00a0 Mujeres como t\u00fa que \u00a0plantaron frente a lo establecido y decidieron luchar por una mayor igualdad en la vida laboral y conyugal. Pero antes de nada, debemos conocer algo de la historia. Todo comenz\u00f3 con el incendio en la f\u00e1brica Triangle Shirtwaist de Nueva York El <\/p>\n","protected":false},"author":12,"featured_media":1776,"comment_status":"open","ping_status":"open","sticky":false,"template":"","format":"standard","meta":{"footnotes":""},"categories":[1],"tags":[37],"class_list":["post-1770","post","type-post","status-publish","format-standard","has-post-thumbnail","hentry","category-general","tag-mujer","has_thumb"],"yoast_head":"<!-- This site is optimized with the Yoast SEO plugin v24.1 - https:\/\/yoast.com\/wordpress\/plugins\/seo\/ -->\n<title>No te voy a felicitar el D\u00eda de la Mujer<\/title>\n<meta name=\"description\" content=\"No te voy a felicitar en el D\u00eda de la Mujer porque el d\u00eda de la mujer es todos los d\u00edas. 8 de Marzo, d\u00eda Internacional de la Mujer.\" \/>\n<meta name=\"robots\" content=\"index, follow, max-snippet:-1, max-image-preview:large, max-video-preview:-1\" \/>\n<link rel=\"canonical\" href=\"https:\/\/www.euroresidentes.com\/entretenimiento\/actualidad\/no-te-voy-a-felicitar-el-dia-de-la-mujer\/\" \/>\n<meta property=\"og:locale\" content=\"es_ES\" \/>\n<meta property=\"og:type\" content=\"article\" \/>\n<meta property=\"og:title\" content=\"No te voy a felicitar el D\u00eda de la Mujer\" \/>\n<meta property=\"og:description\" content=\"No te voy a felicitar en el D\u00eda de la Mujer porque el d\u00eda de la mujer es todos los d\u00edas. 8 de Marzo, d\u00eda Internacional de la Mujer.\" \/>\n<meta property=\"og:url\" content=\"https:\/\/www.euroresidentes.com\/entretenimiento\/actualidad\/no-te-voy-a-felicitar-el-dia-de-la-mujer\/\" \/>\n<meta property=\"og:site_name\" content=\"Actualidad: famosos, \u00e9xitos, deportes...\" \/>\n<meta property=\"article:publisher\" content=\"https:\/\/www.facebook.com\/euroresidentes\/\" \/>\n<meta property=\"article:published_time\" content=\"2017-03-02T11:00:28+00:00\" \/>\n<meta property=\"article:modified_time\" content=\"2018-03-08T12:30:45+00:00\" \/>\n<meta property=\"og:image\" content=\"https:\/\/www.euroresidentes.com\/entretenimiento\/actualidad\/wp-content\/uploads\/sites\/24\/2016\/03\/mujer-exito.jpg\" \/>\n\t<meta property=\"og:image:width\" content=\"700\" \/>\n\t<meta property=\"og:image:height\" content=\"932\" \/>\n\t<meta property=\"og:image:type\" content=\"image\/jpeg\" \/>\n<meta name=\"author\" content=\"Andrea M\u00e9ndez\" \/>\n<meta name=\"twitter:card\" content=\"summary_large_image\" \/>\n<meta name=\"twitter:label1\" content=\"Written by\" \/>\n\t<meta name=\"twitter:data1\" content=\"Andrea M\u00e9ndez\" \/>\n\t<meta name=\"twitter:label2\" content=\"Est. reading time\" \/>\n\t<meta name=\"twitter:data2\" content=\"3 minutos\" \/>\n<script type=\"application\/ld+json\" class=\"yoast-schema-graph\">{\"@context\":\"https:\/\/schema.org\",\"@graph\":[{\"@type\":\"WebPage\",\"@id\":\"https:\/\/www.euroresidentes.com\/entretenimiento\/actualidad\/no-te-voy-a-felicitar-el-dia-de-la-mujer\/\",\"url\":\"https:\/\/www.euroresidentes.com\/entretenimiento\/actualidad\/no-te-voy-a-felicitar-el-dia-de-la-mujer\/\",\"name\":\"No te voy a felicitar el D\u00eda de la Mujer\",\"isPartOf\":{\"@id\":\"https:\/\/www.euroresidentes.com\/entretenimiento\/actualidad\/#website\"},\"primaryImageOfPage\":{\"@id\":\"https:\/\/www.euroresidentes.com\/entretenimiento\/actualidad\/no-te-voy-a-felicitar-el-dia-de-la-mujer\/#primaryimage\"},\"image\":{\"@id\":\"https:\/\/www.euroresidentes.com\/entretenimiento\/actualidad\/no-te-voy-a-felicitar-el-dia-de-la-mujer\/#primaryimage\"},\"thumbnailUrl\":\"https:\/\/www.euroresidentes.com\/entretenimiento\/actualidad\/wp-content\/uploads\/sites\/24\/2016\/03\/mujer-exito.jpg\",\"datePublished\":\"2017-03-02T11:00:28+00:00\",\"dateModified\":\"2018-03-08T12:30:45+00:00\",\"author\":{\"@id\":\"https:\/\/www.euroresidentes.com\/entretenimiento\/actualidad\/#\/schema\/person\/a3600ba2152ab731224a2ca09220a999\"},\"description\":\"No te voy a felicitar en el D\u00eda de la Mujer porque el d\u00eda de la mujer es todos los d\u00edas. 8 de Marzo, d\u00eda Internacional de la Mujer.\",\"breadcrumb\":{\"@id\":\"https:\/\/www.euroresidentes.com\/entretenimiento\/actualidad\/no-te-voy-a-felicitar-el-dia-de-la-mujer\/#breadcrumb\"},\"inLanguage\":\"es\",\"potentialAction\":[{\"@type\":\"ReadAction\",\"target\":[\"https:\/\/www.euroresidentes.com\/entretenimiento\/actualidad\/no-te-voy-a-felicitar-el-dia-de-la-mujer\/\"]}]},{\"@type\":\"ImageObject\",\"inLanguage\":\"es\",\"@id\":\"https:\/\/www.euroresidentes.com\/entretenimiento\/actualidad\/no-te-voy-a-felicitar-el-dia-de-la-mujer\/#primaryimage\",\"url\":\"https:\/\/www.euroresidentes.com\/entretenimiento\/actualidad\/wp-content\/uploads\/sites\/24\/2016\/03\/mujer-exito.jpg\",\"contentUrl\":\"https:\/\/www.euroresidentes.com\/entretenimiento\/actualidad\/wp-content\/uploads\/sites\/24\/2016\/03\/mujer-exito.jpg\",\"width\":700,\"height\":932,\"caption\":\"Mujer Exitosa\"},{\"@type\":\"BreadcrumbList\",\"@id\":\"https:\/\/www.euroresidentes.com\/entretenimiento\/actualidad\/no-te-voy-a-felicitar-el-dia-de-la-mujer\/#breadcrumb\",\"itemListElement\":[{\"@type\":\"ListItem\",\"position\":1,\"name\":\"Portada\",\"item\":\"https:\/\/www.euroresidentes.com\/entretenimiento\/actualidad\/\"},{\"@type\":\"ListItem\",\"position\":2,\"name\":\"No te voy a felicitar el D\u00eda de la Mujer\"}]},{\"@type\":\"WebSite\",\"@id\":\"https:\/\/www.euroresidentes.com\/entretenimiento\/actualidad\/#website\",\"url\":\"https:\/\/www.euroresidentes.com\/entretenimiento\/actualidad\/\",\"name\":\"Actualidad: famosos, \u00e9xitos, deportes...\",\"description\":\"Euroresidentes\",\"potentialAction\":[{\"@type\":\"SearchAction\",\"target\":{\"@type\":\"EntryPoint\",\"urlTemplate\":\"https:\/\/www.euroresidentes.com\/entretenimiento\/actualidad\/?s={search_term_string}\"},\"query-input\":{\"@type\":\"PropertyValueSpecification\",\"valueRequired\":true,\"valueName\":\"search_term_string\"}}],\"inLanguage\":\"es\"},{\"@type\":\"Person\",\"@id\":\"https:\/\/www.euroresidentes.com\/entretenimiento\/actualidad\/#\/schema\/person\/a3600ba2152ab731224a2ca09220a999\",\"name\":\"Andrea M\u00e9ndez\",\"image\":{\"@type\":\"ImageObject\",\"inLanguage\":\"es\",\"@id\":\"https:\/\/www.euroresidentes.com\/entretenimiento\/actualidad\/#\/schema\/person\/image\/\",\"url\":\"https:\/\/www.euroresidentes.com\/entretenimiento\/actualidad\/wp-content\/uploads\/sites\/24\/2016\/09\/foto_autora_andrea-150x150.jpg\",\"contentUrl\":\"https:\/\/www.euroresidentes.com\/entretenimiento\/actualidad\/wp-content\/uploads\/sites\/24\/2016\/09\/foto_autora_andrea-150x150.jpg\",\"caption\":\"Andrea M\u00e9ndez\"},\"description\":\"Andrea M\u00e9ndez- Psic\u00f3loga y autora de blogs orientados a la motivaci\u00f3n, el liderazgo y la superaci\u00f3n personal.\",\"url\":\"https:\/\/www.euroresidentes.com\/entretenimiento\/actualidad\/author\/andreamendez\/\"}]}<\/script>\n<!-- \/ Yoast SEO plugin. -->","yoast_head_json":{"title":"No te voy a felicitar el D\u00eda de la Mujer","description":"No te voy a felicitar en el D\u00eda de la Mujer porque el d\u00eda de la mujer es todos los d\u00edas. 8 de Marzo, d\u00eda Internacional de la Mujer.","robots":{"index":"index","follow":"follow","max-snippet":"max-snippet:-1","max-image-preview":"max-image-preview:large","max-video-preview":"max-video-preview:-1"},"canonical":"https:\/\/www.euroresidentes.com\/entretenimiento\/actualidad\/no-te-voy-a-felicitar-el-dia-de-la-mujer\/","og_locale":"es_ES","og_type":"article","og_title":"No te voy a felicitar el D\u00eda de la Mujer","og_description":"No te voy a felicitar en el D\u00eda de la Mujer porque el d\u00eda de la mujer es todos los d\u00edas. 8 de Marzo, d\u00eda Internacional de la Mujer.","og_url":"https:\/\/www.euroresidentes.com\/entretenimiento\/actualidad\/no-te-voy-a-felicitar-el-dia-de-la-mujer\/","og_site_name":"Actualidad: famosos, \u00e9xitos, deportes...","article_publisher":"https:\/\/www.facebook.com\/euroresidentes\/","article_published_time":"2017-03-02T11:00:28+00:00","article_modified_time":"2018-03-08T12:30:45+00:00","og_image":[{"width":700,"height":932,"url":"https:\/\/www.euroresidentes.com\/entretenimiento\/actualidad\/wp-content\/uploads\/sites\/24\/2016\/03\/mujer-exito.jpg","type":"image\/jpeg"}],"author":"Andrea M\u00e9ndez","twitter_card":"summary_large_image","twitter_misc":{"Written by":"Andrea M\u00e9ndez","Est. reading time":"3 minutos"},"schema":{"@context":"https:\/\/schema.org","@graph":[{"@type":"WebPage","@id":"https:\/\/www.euroresidentes.com\/entretenimiento\/actualidad\/no-te-voy-a-felicitar-el-dia-de-la-mujer\/","url":"https:\/\/www.euroresidentes.com\/entretenimiento\/actualidad\/no-te-voy-a-felicitar-el-dia-de-la-mujer\/","name":"No te voy a felicitar el D\u00eda de la Mujer","isPartOf":{"@id":"https:\/\/www.euroresidentes.com\/entretenimiento\/actualidad\/#website"},"primaryImageOfPage":{"@id":"https:\/\/www.euroresidentes.com\/entretenimiento\/actualidad\/no-te-voy-a-felicitar-el-dia-de-la-mujer\/#primaryimage"},"image":{"@id":"https:\/\/www.euroresidentes.com\/entretenimiento\/actualidad\/no-te-voy-a-felicitar-el-dia-de-la-mujer\/#primaryimage"},"thumbnailUrl":"https:\/\/www.euroresidentes.com\/entretenimiento\/actualidad\/wp-content\/uploads\/sites\/24\/2016\/03\/mujer-exito.jpg","datePublished":"2017-03-02T11:00:28+00:00","dateModified":"2018-03-08T12:30:45+00:00","author":{"@id":"https:\/\/www.euroresidentes.com\/entretenimiento\/actualidad\/#\/schema\/person\/a3600ba2152ab731224a2ca09220a999"},"description":"No te voy a felicitar en el D\u00eda de la Mujer porque el d\u00eda de la mujer es todos los d\u00edas. 8 de Marzo, d\u00eda Internacional de la Mujer.","breadcrumb":{"@id":"https:\/\/www.euroresidentes.com\/entretenimiento\/actualidad\/no-te-voy-a-felicitar-el-dia-de-la-mujer\/#breadcrumb"},"inLanguage":"es","potentialAction":[{"@type":"ReadAction","target":["https:\/\/www.euroresidentes.com\/entretenimiento\/actualidad\/no-te-voy-a-felicitar-el-dia-de-la-mujer\/"]}]},{"@type":"ImageObject","inLanguage":"es","@id":"https:\/\/www.euroresidentes.com\/entretenimiento\/actualidad\/no-te-voy-a-felicitar-el-dia-de-la-mujer\/#primaryimage","url":"https:\/\/www.euroresidentes.com\/entretenimiento\/actualidad\/wp-content\/uploads\/sites\/24\/2016\/03\/mujer-exito.jpg","contentUrl":"https:\/\/www.euroresidentes.com\/entretenimiento\/actualidad\/wp-content\/uploads\/sites\/24\/2016\/03\/mujer-exito.jpg","width":700,"height":932,"caption":"Mujer Exitosa"},{"@type":"BreadcrumbList","@id":"https:\/\/www.euroresidentes.com\/entretenimiento\/actualidad\/no-te-voy-a-felicitar-el-dia-de-la-mujer\/#breadcrumb","itemListElement":[{"@type":"ListItem","position":1,"name":"Portada","item":"https:\/\/www.euroresidentes.com\/entretenimiento\/actualidad\/"},{"@type":"ListItem","position":2,"name":"No te voy a felicitar el D\u00eda de la Mujer"}]},{"@type":"WebSite","@id":"https:\/\/www.euroresidentes.com\/entretenimiento\/actualidad\/#website","url":"https:\/\/www.euroresidentes.com\/entretenimiento\/actualidad\/","name":"Actualidad: famosos, \u00e9xitos, deportes...","description":"Euroresidentes","potentialAction":[{"@type":"SearchAction","target":{"@type":"EntryPoint","urlTemplate":"https:\/\/www.euroresidentes.com\/entretenimiento\/actualidad\/?s={search_term_string}"},"query-input":{"@type":"PropertyValueSpecification","valueRequired":true,"valueName":"search_term_string"}}],"inLanguage":"es"},{"@type":"Person","@id":"https:\/\/www.euroresidentes.com\/entretenimiento\/actualidad\/#\/schema\/person\/a3600ba2152ab731224a2ca09220a999","name":"Andrea M\u00e9ndez","image":{"@type":"ImageObject","inLanguage":"es","@id":"https:\/\/www.euroresidentes.com\/entretenimiento\/actualidad\/#\/schema\/person\/image\/","url":"https:\/\/www.euroresidentes.com\/entretenimiento\/actualidad\/wp-content\/uploads\/sites\/24\/2016\/09\/foto_autora_andrea-150x150.jpg","contentUrl":"https:\/\/www.euroresidentes.com\/entretenimiento\/actualidad\/wp-content\/uploads\/sites\/24\/2016\/09\/foto_autora_andrea-150x150.jpg","caption":"Andrea M\u00e9ndez"},"description":"Andrea M\u00e9ndez- Psic\u00f3loga y autora de blogs orientados a la motivaci\u00f3n, el liderazgo y la superaci\u00f3n personal.","url":"https:\/\/www.euroresidentes.com\/entretenimiento\/actualidad\/author\/andreamendez\/"}]}},"_links":{"self":[{"href":"https:\/\/www.euroresidentes.com\/entretenimiento\/actualidad\/wp-json\/wp\/v2\/posts\/1770","targetHints":{"allow":["GET"]}}],"collection":[{"href":"https:\/\/www.euroresidentes.com\/entretenimiento\/actualidad\/wp-json\/wp\/v2\/posts"}],"about":[{"href":"https:\/\/www.euroresidentes.com\/entretenimiento\/actualidad\/wp-json\/wp\/v2\/types\/post"}],"author":[{"embeddable":true,"href":"https:\/\/www.euroresidentes.com\/entretenimiento\/actualidad\/wp-json\/wp\/v2\/users\/12"}],"replies":[{"embeddable":true,"href":"https:\/\/www.euroresidentes.com\/entretenimiento\/actualidad\/wp-json\/wp\/v2\/comments?post=1770"}],"version-history":[{"count":35,"href":"https:\/\/www.euroresidentes.com\/entretenimiento\/actualidad\/wp-json\/wp\/v2\/posts\/1770\/revisions"}],"predecessor-version":[{"id":2903,"href":"https:\/\/www.euroresidentes.com\/entretenimiento\/actualidad\/wp-json\/wp\/v2\/posts\/1770\/revisions\/2903"}],"wp:featuredmedia":[{"embeddable":true,"href":"https:\/\/www.euroresidentes.com\/entretenimiento\/actualidad\/wp-json\/wp\/v2\/media\/1776"}],"wp:attachment":[{"href":"https:\/\/www.euroresidentes.com\/entretenimiento\/actualidad\/wp-json\/wp\/v2\/media?parent=1770"}],"wp:term":[{"taxonomy":"category","embeddable":true,"href":"https:\/\/www.euroresidentes.com\/entretenimiento\/actualidad\/wp-json\/wp\/v2\/categories?post=1770"},{"taxonomy":"post_tag","embeddable":true,"href":"https:\/\/www.euroresidentes.com\/entretenimiento\/actualidad\/wp-json\/wp\/v2\/tags?post=1770"}],"curies":[{"name":"wp","href":"https:\/\/api.w.org\/{rel}","templated":true}]}}