
{"id":74,"date":"2013-09-17T08:57:00","date_gmt":"2013-09-17T08:57:00","guid":{"rendered":"https:\/\/wp.euroresidentes.com\/empresa\/motivacion\/2013\/09\/17\/motivacion-empresarial\/"},"modified":"2016-03-10T14:56:47","modified_gmt":"2016-03-10T14:56:47","slug":"motivacion-empresarial","status":"publish","type":"post","link":"https:\/\/www.euroresidentes.com\/empresa\/motivacion\/motivacion-empresarial\/","title":{"rendered":"Motivaci\u00f3n empresarial"},"content":{"rendered":"<p><b><span style=\"font-family: Verdana, sans-serif\">Definici\u00f3n de motivaci\u00f3n empresarial<\/span><\/b><br \/>\n<span style=\"font-family: Verdana, sans-serif\"><b><br \/>\n<\/b><\/span><\/p>\n<div style=\"clear: both;text-align: center\"><a style=\"margin-left: 1em;margin-right: 1em\" href=\"http:\/\/3.bp.blogspot.com\/-77dnjm-LOAE\/UpR_tg7PWoI\/AAAAAAAAAMA\/ApeXYUFsGzw\/s1600\/liderazgo-empresarial.jpg\"><span style=\"font-family: Verdana, sans-serif\"><img loading=\"lazy\" decoding=\"async\" src=\"http:\/\/3.bp.blogspot.com\/-77dnjm-LOAE\/UpR_tg7PWoI\/AAAAAAAAAMA\/ApeXYUFsGzw\/s400\/liderazgo-empresarial.jpg\" alt=\"\" width=\"400\" height=\"300\" border=\"0\" \/><\/span><\/a><\/div>\n<p><span style=\"font-family: Verdana, sans-serif\"><b><br \/>\n<\/b><\/span><br \/>\n<span style=\"font-family: Verdana, sans-serif\">El concepto de motivaci\u00f3n empresarial surge a partir de la b\u00fasqueda de motivos en el \u00e1mbito de la empresa que nos inspiran a generar acciones para lograr un resultado. A trav\u00e9s de este mecanismo (motivo, acci\u00f3n y resultado) encontraremos el flujo necesario para alcanzar cualquier meta en el \u00e1mbito empresarial.<\/span><br \/>\n<span style=\"font-family: Verdana, sans-serif\"><br \/>\n<b>Ejemplos de motivaci\u00f3n empresarial<\/b><\/span><\/p>\n<div>\n<ul>\n<li><span style=\"font-family: Verdana, sans-serif\">elaborar estrategias para aumentar la efectividad y eficiencia de los trabajadores\u00a0<\/span><\/li>\n<li><span style=\"font-family: Verdana, sans-serif\">construir objetivos comunes\u00a0<\/span><\/li>\n<li><span style=\"font-family: Verdana, sans-serif\">elaborar horarios flexibles para los trabajadores<\/span><\/li>\n<li><span style=\"font-family: Verdana, sans-serif\">facilidades para embarazadas<\/span><\/li>\n<li><span style=\"font-family: Verdana, sans-serif\">facilidad de movilidad del trabajo a casa.<\/span><\/li>\n<\/ul>\n<div><span style=\"font-family: Verdana, sans-serif\">\u00a0<\/span><\/div>\n<p><b><span style=\"font-family: Verdana, sans-serif\">C\u00f3mo desarrollar una motivaci\u00f3n en la empresa efectiva<\/span><\/b><\/p>\n<ul>\n<li><span style=\"font-family: Verdana, sans-serif\">Comparte tu visi\u00f3n\u00a0con todos los miembros de tu equipo. Una visi\u00f3n inspiradora ayudar\u00e1 a los colaboradores a desarrollar una motivaci\u00f3n extraordinaria.<\/span><\/li>\n<\/ul>\n<ul>\n<li><span style=\"font-family: Verdana, sans-serif\">Comparte las metas con todos los miembros del equipo. Si todas las personas del equipo conocen las metas, todos enfocar\u00e1n su acci\u00f3n hacia el mismo punto, y as\u00ed, la calidad y cantidad de los resultados se multiplica.<\/span><\/li>\n<\/ul>\n<ul>\n<li><span style=\"font-family: Verdana, sans-serif\">Delegaci\u00f3n. Cuando se produce una delegaci\u00f3n por \u00e1reas, las personas implicadas acaban desarrollando el concepto de responsabilidad que act\u00faa como motor de la acci\u00f3n individual.<\/span><\/li>\n<\/ul>\n<ul>\n<li><span style=\"font-family: Verdana, sans-serif\">Incentivar el trabajo en equipo. Es necesario fomentar el desarrollo de los proyectos de forma colectiva entre los miembros de cada equipo de trabajo.<\/span><\/li>\n<\/ul>\n<p><span style=\"font-family: Verdana, sans-serif\">En definitiva y como se puede observar, \u00a0la motivaci\u00f3n empresarial y el liderazgo est\u00e1n muy relacionados, por lo que se puede afirmar que un jefe debe contar con buenas herramientas de liderazgo para desarrollar una eficiente motivaci\u00f3n empresarial.<\/span><br \/>\n<span style=\"font-family: Verdana, sans-serif\"><br \/>\n\u00bfNecesitas m\u00e1s consejos para desarrollar una motivaci\u00f3n efectiva en tu empresa?\u00bfHay alguna duda que quieras resolver?\u00bfHas tenido alguna experiencia relacionada con la motivaci\u00f3n en tu empresa y quieres compartirla? \u00bfEst\u00e1s desmotivado y<a href=\"http:\/\/motivacion.euroresidentes.com\/2013\/12\/10-pensamientos-positivos-para-la-vida.html\"> necesitas 10 pensamientos positivos para la vida ya mismo<\/a>? No dudes entonces en dejar tu comentario. Estar\u00e9 encantada de poder dar respuesta a tus preguntas.<\/span><br \/>\n<span style=\"font-family: Verdana, sans-serif\">Un saludo y hasta la pr\u00f3xima, Andrea.<\/span><\/p>\n<\/div>\n<div><span style=\"font-family: Verdana, sans-serif\">\u00a0<\/span><\/div>\n<div><b><span style=\"font-family: Verdana, sans-serif\">V\u00eddeos relacionados con motivaci\u00f3n empresarial:<\/span><\/b><\/div>\n<div><b><span style=\"font-family: Verdana, sans-serif\">\u00a0<\/span><\/b><\/div>\n<div style=\"clear: both;text-align: center\"><\/div>\n<div><span style=\"font-family: Verdana, sans-serif\"><br \/>\n<b>Temas relacionados con motivaci\u00f3n empresarial:<\/b><\/span><\/p>\n<ul>\n<li><a href=\"http:\/\/www.euroresidentes.com\/empresa_empresas\/motivacion\/motivacion.htm\" target=\"_blank\"><span style=\"font-family: Verdana, sans-serif\">La motivaci\u00f3n en la empresa<\/span><\/a><\/li>\n<li><a href=\"http:\/\/sentir-bien.euroresidentes.com\/2012\/10\/como-motivarse_20.html\" target=\"_blank\"><span style=\"font-family: Verdana, sans-serif\">C\u00f3mo motivarse<\/span><\/a><\/li>\n<li><a href=\"http:\/\/www.euroresidentes.com\/Diversion\/Frases\/frases-motivadoras.htm\" target=\"_blank\"><span style=\"font-family: Verdana, sans-serif\">Frases motivadoras<\/span><\/a><\/li>\n<li><a href=\"http:\/\/motivacion.euroresidentes.com\/2013\/09\/motivacion-laboral.html\"><span style=\"font-family: Verdana, sans-serif\">Motivaci\u00f3n laboral<\/span><\/a><\/li>\n<\/ul>\n<div style=\"text-align: justify\"><\/div>\n<\/div>\n","protected":false},"excerpt":{"rendered":"<p>Definici\u00f3n de motivaci\u00f3n empresarial El concepto de motivaci\u00f3n empresarial surge a partir de la b\u00fasqueda de motivos en el \u00e1mbito de la empresa que nos inspiran a generar acciones para lograr un resultado. A trav\u00e9s de este mecanismo (motivo, acci\u00f3n y resultado) encontraremos el flujo necesario para alcanzar cualquier meta en el \u00e1mbito empresarial. Ejemplos de motivaci\u00f3n empresarial elaborar estrategias para aumentar la efectividad y eficiencia de los trabajadores\u00a0 construir objetivos comunes\u00a0 elaborar horarios flexibles para los trabajadores facilidades para embarazadas facilidad de movilidad del trabajo a casa. \u00a0 C\u00f3mo desarrollar una motivaci\u00f3n en la empresa efectiva Comparte tu visi\u00f3n\u00a0con <\/p>\n","protected":false},"author":12,"featured_media":369,"comment_status":"open","ping_status":"open","sticky":false,"template":"","format":"standard","meta":{"footnotes":""},"categories":[10],"tags":[],"class_list":["post-74","post","type-post","status-publish","format-standard","has-post-thumbnail","hentry","category-conceptos","has_thumb"],"yoast_head":"<!-- This site is optimized with the Yoast SEO plugin v27.5 - https:\/\/yoast.com\/product\/yoast-seo-wordpress\/ -->\n<title>Motivaci\u00f3n empresarial - Motivaci\u00f3n<\/title>\n<meta name=\"robots\" content=\"index, follow, max-snippet:-1, max-image-preview:large, max-video-preview:-1\" \/>\n<link rel=\"canonical\" href=\"https:\/\/www.euroresidentes.com\/empresa\/motivacion\/motivacion-empresarial\/\" \/>\n<meta property=\"og:locale\" content=\"es_ES\" \/>\n<meta property=\"og:type\" content=\"article\" \/>\n<meta property=\"og:title\" content=\"Motivaci\u00f3n empresarial - Motivaci\u00f3n\" \/>\n<meta property=\"og:description\" content=\"Definici\u00f3n de motivaci\u00f3n empresarial El concepto de motivaci\u00f3n empresarial surge a partir de la b\u00fasqueda de motivos en el \u00e1mbito de la empresa que nos inspiran a generar acciones para lograr un resultado. A trav\u00e9s de este mecanismo (motivo, acci\u00f3n y resultado) encontraremos el flujo necesario para alcanzar cualquier meta en el \u00e1mbito empresarial. Ejemplos de motivaci\u00f3n empresarial elaborar estrategias para aumentar la efectividad y eficiencia de los trabajadores\u00a0 construir objetivos comunes\u00a0 elaborar horarios flexibles para los trabajadores facilidades para embarazadas facilidad de movilidad del trabajo a casa. \u00a0 C\u00f3mo desarrollar una motivaci\u00f3n en la empresa efectiva Comparte tu visi\u00f3n\u00a0con\" \/>\n<meta property=\"og:url\" content=\"https:\/\/www.euroresidentes.com\/empresa\/motivacion\/motivacion-empresarial\/\" \/>\n<meta property=\"og:site_name\" content=\"Motivaci\u00f3n\" \/>\n<meta property=\"article:publisher\" content=\"https:\/\/www.facebook.com\/sentir.bien.euroresidentes\" \/>\n<meta property=\"article:author\" content=\"https:\/\/www.facebook.com\/andrea.mendezmolla?fref=ts\" \/>\n<meta property=\"article:published_time\" content=\"2013-09-17T08:57:00+00:00\" \/>\n<meta property=\"article:modified_time\" content=\"2016-03-10T14:56:47+00:00\" \/>\n<meta property=\"og:image\" content=\"https:\/\/www.euroresidentes.com\/empresa\/motivacion\/wp-content\/uploads\/sites\/7\/2013\/09\/liderazgo-empresarial.jpg\" \/>\n\t<meta property=\"og:image:width\" content=\"400\" \/>\n\t<meta property=\"og:image:height\" content=\"300\" \/>\n\t<meta property=\"og:image:type\" content=\"image\/jpeg\" \/>\n<meta name=\"author\" content=\"Andrea M\u00e9ndez\" \/>\n<meta name=\"twitter:card\" content=\"summary_large_image\" \/>\n<meta name=\"twitter:creator\" content=\"@sentirbien\" \/>\n<meta name=\"twitter:site\" content=\"@sentirbien\" \/>\n<meta name=\"twitter:label1\" content=\"Written by\" \/>\n\t<meta name=\"twitter:data1\" content=\"Andrea M\u00e9ndez\" \/>\n\t<meta name=\"twitter:label2\" content=\"Est. reading time\" \/>\n\t<meta name=\"twitter:data2\" content=\"2 minutos\" \/>\n<script type=\"application\/ld+json\" class=\"yoast-schema-graph\">{\"@context\":\"https:\\\/\\\/schema.org\",\"@graph\":[{\"@type\":\"Article\",\"@id\":\"https:\\\/\\\/www.euroresidentes.com\\\/empresa\\\/motivacion\\\/motivacion-empresarial\\\/#article\",\"isPartOf\":{\"@id\":\"https:\\\/\\\/www.euroresidentes.com\\\/empresa\\\/motivacion\\\/motivacion-empresarial\\\/\"},\"author\":{\"name\":\"Andrea M\u00e9ndez\",\"@id\":\"https:\\\/\\\/www.euroresidentes.com\\\/empresa\\\/motivacion\\\/#\\\/schema\\\/person\\\/281adc4944d313f79100bfefb794fbcf\"},\"headline\":\"Motivaci\u00f3n empresarial\",\"datePublished\":\"2013-09-17T08:57:00+00:00\",\"dateModified\":\"2016-03-10T14:56:47+00:00\",\"mainEntityOfPage\":{\"@id\":\"https:\\\/\\\/www.euroresidentes.com\\\/empresa\\\/motivacion\\\/motivacion-empresarial\\\/\"},\"wordCount\":363,\"commentCount\":4,\"image\":{\"@id\":\"https:\\\/\\\/www.euroresidentes.com\\\/empresa\\\/motivacion\\\/motivacion-empresarial\\\/#primaryimage\"},\"thumbnailUrl\":\"https:\\\/\\\/www.euroresidentes.com\\\/empresa\\\/motivacion\\\/wp-content\\\/uploads\\\/sites\\\/7\\\/2013\\\/09\\\/liderazgo-empresarial.jpg\",\"articleSection\":[\"Conceptos\"],\"inLanguage\":\"es\",\"potentialAction\":[{\"@type\":\"CommentAction\",\"name\":\"Comment\",\"target\":[\"https:\\\/\\\/www.euroresidentes.com\\\/empresa\\\/motivacion\\\/motivacion-empresarial\\\/#respond\"]}]},{\"@type\":\"WebPage\",\"@id\":\"https:\\\/\\\/www.euroresidentes.com\\\/empresa\\\/motivacion\\\/motivacion-empresarial\\\/\",\"url\":\"https:\\\/\\\/www.euroresidentes.com\\\/empresa\\\/motivacion\\\/motivacion-empresarial\\\/\",\"name\":\"Motivaci\u00f3n empresarial - Motivaci\u00f3n\",\"isPartOf\":{\"@id\":\"https:\\\/\\\/www.euroresidentes.com\\\/empresa\\\/motivacion\\\/#website\"},\"primaryImageOfPage\":{\"@id\":\"https:\\\/\\\/www.euroresidentes.com\\\/empresa\\\/motivacion\\\/motivacion-empresarial\\\/#primaryimage\"},\"image\":{\"@id\":\"https:\\\/\\\/www.euroresidentes.com\\\/empresa\\\/motivacion\\\/motivacion-empresarial\\\/#primaryimage\"},\"thumbnailUrl\":\"https:\\\/\\\/www.euroresidentes.com\\\/empresa\\\/motivacion\\\/wp-content\\\/uploads\\\/sites\\\/7\\\/2013\\\/09\\\/liderazgo-empresarial.jpg\",\"datePublished\":\"2013-09-17T08:57:00+00:00\",\"dateModified\":\"2016-03-10T14:56:47+00:00\",\"author\":{\"@id\":\"https:\\\/\\\/www.euroresidentes.com\\\/empresa\\\/motivacion\\\/#\\\/schema\\\/person\\\/281adc4944d313f79100bfefb794fbcf\"},\"breadcrumb\":{\"@id\":\"https:\\\/\\\/www.euroresidentes.com\\\/empresa\\\/motivacion\\\/motivacion-empresarial\\\/#breadcrumb\"},\"inLanguage\":\"es\",\"potentialAction\":[{\"@type\":\"ReadAction\",\"target\":[\"https:\\\/\\\/www.euroresidentes.com\\\/empresa\\\/motivacion\\\/motivacion-empresarial\\\/\"]}]},{\"@type\":\"ImageObject\",\"inLanguage\":\"es\",\"@id\":\"https:\\\/\\\/www.euroresidentes.com\\\/empresa\\\/motivacion\\\/motivacion-empresarial\\\/#primaryimage\",\"url\":\"https:\\\/\\\/www.euroresidentes.com\\\/empresa\\\/motivacion\\\/wp-content\\\/uploads\\\/sites\\\/7\\\/2013\\\/09\\\/liderazgo-empresarial.jpg\",\"contentUrl\":\"https:\\\/\\\/www.euroresidentes.com\\\/empresa\\\/motivacion\\\/wp-content\\\/uploads\\\/sites\\\/7\\\/2013\\\/09\\\/liderazgo-empresarial.jpg\",\"width\":400,\"height\":300,\"caption\":\"Motivaci\u00f3n empresarial\"},{\"@type\":\"BreadcrumbList\",\"@id\":\"https:\\\/\\\/www.euroresidentes.com\\\/empresa\\\/motivacion\\\/motivacion-empresarial\\\/#breadcrumb\",\"itemListElement\":[{\"@type\":\"ListItem\",\"position\":1,\"name\":\"Portada\",\"item\":\"https:\\\/\\\/www.euroresidentes.com\\\/empresa\\\/motivacion\\\/\"},{\"@type\":\"ListItem\",\"position\":2,\"name\":\"Motivaci\u00f3n empresarial\"}]},{\"@type\":\"WebSite\",\"@id\":\"https:\\\/\\\/www.euroresidentes.com\\\/empresa\\\/motivacion\\\/#website\",\"url\":\"https:\\\/\\\/www.euroresidentes.com\\\/empresa\\\/motivacion\\\/\",\"name\":\"Motivaci\u00f3n\",\"description\":\"Euroresidentes\",\"potentialAction\":[{\"@type\":\"SearchAction\",\"target\":{\"@type\":\"EntryPoint\",\"urlTemplate\":\"https:\\\/\\\/www.euroresidentes.com\\\/empresa\\\/motivacion\\\/?s={search_term_string}\"},\"query-input\":{\"@type\":\"PropertyValueSpecification\",\"valueRequired\":true,\"valueName\":\"search_term_string\"}}],\"inLanguage\":\"es\"},{\"@type\":\"Person\",\"@id\":\"https:\\\/\\\/www.euroresidentes.com\\\/empresa\\\/motivacion\\\/#\\\/schema\\\/person\\\/281adc4944d313f79100bfefb794fbcf\",\"name\":\"Andrea M\u00e9ndez\",\"image\":{\"@type\":\"ImageObject\",\"inLanguage\":\"es\",\"@id\":\"https:\\\/\\\/www.euroresidentes.com\\\/empresa\\\/motivacion\\\/wp-content\\\/uploads\\\/sites\\\/7\\\/2016\\\/02\\\/foto_Andrea-150x150.png\",\"url\":\"https:\\\/\\\/www.euroresidentes.com\\\/empresa\\\/motivacion\\\/wp-content\\\/uploads\\\/sites\\\/7\\\/2016\\\/02\\\/foto_Andrea-150x150.png\",\"contentUrl\":\"https:\\\/\\\/www.euroresidentes.com\\\/empresa\\\/motivacion\\\/wp-content\\\/uploads\\\/sites\\\/7\\\/2016\\\/02\\\/foto_Andrea-150x150.png\",\"caption\":\"Andrea M\u00e9ndez\"},\"description\":\"Andrea M\u00e9ndezPsic\u00f3loga y autora de blogs orientados a la motivaci\u00f3n, el liderazgo y la superaci\u00f3n personal.\",\"sameAs\":[\"https:\\\/\\\/www.euroresidentes.com\\\/estilo-de-vida\\\/andrea-mendez\",\"https:\\\/\\\/www.facebook.com\\\/andrea.mendezmolla?fref=ts\"],\"url\":\"https:\\\/\\\/www.euroresidentes.com\\\/empresa\\\/motivacion\\\/author\\\/andrea\\\/\"}]}<\/script>\n<!-- \/ Yoast SEO plugin. -->","yoast_head_json":{"title":"Motivaci\u00f3n empresarial - Motivaci\u00f3n","robots":{"index":"index","follow":"follow","max-snippet":"max-snippet:-1","max-image-preview":"max-image-preview:large","max-video-preview":"max-video-preview:-1"},"canonical":"https:\/\/www.euroresidentes.com\/empresa\/motivacion\/motivacion-empresarial\/","og_locale":"es_ES","og_type":"article","og_title":"Motivaci\u00f3n empresarial - Motivaci\u00f3n","og_description":"Definici\u00f3n de motivaci\u00f3n empresarial El concepto de motivaci\u00f3n empresarial surge a partir de la b\u00fasqueda de motivos en el \u00e1mbito de la empresa que nos inspiran a generar acciones para lograr un resultado. A trav\u00e9s de este mecanismo (motivo, acci\u00f3n y resultado) encontraremos el flujo necesario para alcanzar cualquier meta en el \u00e1mbito empresarial. Ejemplos de motivaci\u00f3n empresarial elaborar estrategias para aumentar la efectividad y eficiencia de los trabajadores\u00a0 construir objetivos comunes\u00a0 elaborar horarios flexibles para los trabajadores facilidades para embarazadas facilidad de movilidad del trabajo a casa. \u00a0 C\u00f3mo desarrollar una motivaci\u00f3n en la empresa efectiva Comparte tu visi\u00f3n\u00a0con","og_url":"https:\/\/www.euroresidentes.com\/empresa\/motivacion\/motivacion-empresarial\/","og_site_name":"Motivaci\u00f3n","article_publisher":"https:\/\/www.facebook.com\/sentir.bien.euroresidentes","article_author":"https:\/\/www.facebook.com\/andrea.mendezmolla?fref=ts","article_published_time":"2013-09-17T08:57:00+00:00","article_modified_time":"2016-03-10T14:56:47+00:00","og_image":[{"width":400,"height":300,"url":"https:\/\/www.euroresidentes.com\/empresa\/motivacion\/wp-content\/uploads\/sites\/7\/2013\/09\/liderazgo-empresarial.jpg","type":"image\/jpeg"}],"author":"Andrea M\u00e9ndez","twitter_card":"summary_large_image","twitter_creator":"@sentirbien","twitter_site":"@sentirbien","twitter_misc":{"Written by":"Andrea M\u00e9ndez","Est. reading time":"2 minutos"},"schema":{"@context":"https:\/\/schema.org","@graph":[{"@type":"Article","@id":"https:\/\/www.euroresidentes.com\/empresa\/motivacion\/motivacion-empresarial\/#article","isPartOf":{"@id":"https:\/\/www.euroresidentes.com\/empresa\/motivacion\/motivacion-empresarial\/"},"author":{"name":"Andrea M\u00e9ndez","@id":"https:\/\/www.euroresidentes.com\/empresa\/motivacion\/#\/schema\/person\/281adc4944d313f79100bfefb794fbcf"},"headline":"Motivaci\u00f3n empresarial","datePublished":"2013-09-17T08:57:00+00:00","dateModified":"2016-03-10T14:56:47+00:00","mainEntityOfPage":{"@id":"https:\/\/www.euroresidentes.com\/empresa\/motivacion\/motivacion-empresarial\/"},"wordCount":363,"commentCount":4,"image":{"@id":"https:\/\/www.euroresidentes.com\/empresa\/motivacion\/motivacion-empresarial\/#primaryimage"},"thumbnailUrl":"https:\/\/www.euroresidentes.com\/empresa\/motivacion\/wp-content\/uploads\/sites\/7\/2013\/09\/liderazgo-empresarial.jpg","articleSection":["Conceptos"],"inLanguage":"es","potentialAction":[{"@type":"CommentAction","name":"Comment","target":["https:\/\/www.euroresidentes.com\/empresa\/motivacion\/motivacion-empresarial\/#respond"]}]},{"@type":"WebPage","@id":"https:\/\/www.euroresidentes.com\/empresa\/motivacion\/motivacion-empresarial\/","url":"https:\/\/www.euroresidentes.com\/empresa\/motivacion\/motivacion-empresarial\/","name":"Motivaci\u00f3n empresarial - Motivaci\u00f3n","isPartOf":{"@id":"https:\/\/www.euroresidentes.com\/empresa\/motivacion\/#website"},"primaryImageOfPage":{"@id":"https:\/\/www.euroresidentes.com\/empresa\/motivacion\/motivacion-empresarial\/#primaryimage"},"image":{"@id":"https:\/\/www.euroresidentes.com\/empresa\/motivacion\/motivacion-empresarial\/#primaryimage"},"thumbnailUrl":"https:\/\/www.euroresidentes.com\/empresa\/motivacion\/wp-content\/uploads\/sites\/7\/2013\/09\/liderazgo-empresarial.jpg","datePublished":"2013-09-17T08:57:00+00:00","dateModified":"2016-03-10T14:56:47+00:00","author":{"@id":"https:\/\/www.euroresidentes.com\/empresa\/motivacion\/#\/schema\/person\/281adc4944d313f79100bfefb794fbcf"},"breadcrumb":{"@id":"https:\/\/www.euroresidentes.com\/empresa\/motivacion\/motivacion-empresarial\/#breadcrumb"},"inLanguage":"es","potentialAction":[{"@type":"ReadAction","target":["https:\/\/www.euroresidentes.com\/empresa\/motivacion\/motivacion-empresarial\/"]}]},{"@type":"ImageObject","inLanguage":"es","@id":"https:\/\/www.euroresidentes.com\/empresa\/motivacion\/motivacion-empresarial\/#primaryimage","url":"https:\/\/www.euroresidentes.com\/empresa\/motivacion\/wp-content\/uploads\/sites\/7\/2013\/09\/liderazgo-empresarial.jpg","contentUrl":"https:\/\/www.euroresidentes.com\/empresa\/motivacion\/wp-content\/uploads\/sites\/7\/2013\/09\/liderazgo-empresarial.jpg","width":400,"height":300,"caption":"Motivaci\u00f3n empresarial"},{"@type":"BreadcrumbList","@id":"https:\/\/www.euroresidentes.com\/empresa\/motivacion\/motivacion-empresarial\/#breadcrumb","itemListElement":[{"@type":"ListItem","position":1,"name":"Portada","item":"https:\/\/www.euroresidentes.com\/empresa\/motivacion\/"},{"@type":"ListItem","position":2,"name":"Motivaci\u00f3n empresarial"}]},{"@type":"WebSite","@id":"https:\/\/www.euroresidentes.com\/empresa\/motivacion\/#website","url":"https:\/\/www.euroresidentes.com\/empresa\/motivacion\/","name":"Motivaci\u00f3n","description":"Euroresidentes","potentialAction":[{"@type":"SearchAction","target":{"@type":"EntryPoint","urlTemplate":"https:\/\/www.euroresidentes.com\/empresa\/motivacion\/?s={search_term_string}"},"query-input":{"@type":"PropertyValueSpecification","valueRequired":true,"valueName":"search_term_string"}}],"inLanguage":"es"},{"@type":"Person","@id":"https:\/\/www.euroresidentes.com\/empresa\/motivacion\/#\/schema\/person\/281adc4944d313f79100bfefb794fbcf","name":"Andrea M\u00e9ndez","image":{"@type":"ImageObject","inLanguage":"es","@id":"https:\/\/www.euroresidentes.com\/empresa\/motivacion\/wp-content\/uploads\/sites\/7\/2016\/02\/foto_Andrea-150x150.png","url":"https:\/\/www.euroresidentes.com\/empresa\/motivacion\/wp-content\/uploads\/sites\/7\/2016\/02\/foto_Andrea-150x150.png","contentUrl":"https:\/\/www.euroresidentes.com\/empresa\/motivacion\/wp-content\/uploads\/sites\/7\/2016\/02\/foto_Andrea-150x150.png","caption":"Andrea M\u00e9ndez"},"description":"Andrea M\u00e9ndezPsic\u00f3loga y autora de blogs orientados a la motivaci\u00f3n, el liderazgo y la superaci\u00f3n personal.","sameAs":["https:\/\/www.euroresidentes.com\/estilo-de-vida\/andrea-mendez","https:\/\/www.facebook.com\/andrea.mendezmolla?fref=ts"],"url":"https:\/\/www.euroresidentes.com\/empresa\/motivacion\/author\/andrea\/"}]}},"_links":{"self":[{"href":"https:\/\/www.euroresidentes.com\/empresa\/motivacion\/wp-json\/wp\/v2\/posts\/74","targetHints":{"allow":["GET"]}}],"collection":[{"href":"https:\/\/www.euroresidentes.com\/empresa\/motivacion\/wp-json\/wp\/v2\/posts"}],"about":[{"href":"https:\/\/www.euroresidentes.com\/empresa\/motivacion\/wp-json\/wp\/v2\/types\/post"}],"author":[{"embeddable":true,"href":"https:\/\/www.euroresidentes.com\/empresa\/motivacion\/wp-json\/wp\/v2\/users\/12"}],"replies":[{"embeddable":true,"href":"https:\/\/www.euroresidentes.com\/empresa\/motivacion\/wp-json\/wp\/v2\/comments?post=74"}],"version-history":[{"count":4,"href":"https:\/\/www.euroresidentes.com\/empresa\/motivacion\/wp-json\/wp\/v2\/posts\/74\/revisions"}],"predecessor-version":[{"id":4063,"href":"https:\/\/www.euroresidentes.com\/empresa\/motivacion\/wp-json\/wp\/v2\/posts\/74\/revisions\/4063"}],"wp:featuredmedia":[{"embeddable":true,"href":"https:\/\/www.euroresidentes.com\/empresa\/motivacion\/wp-json\/wp\/v2\/media\/369"}],"wp:attachment":[{"href":"https:\/\/www.euroresidentes.com\/empresa\/motivacion\/wp-json\/wp\/v2\/media?parent=74"}],"wp:term":[{"taxonomy":"category","embeddable":true,"href":"https:\/\/www.euroresidentes.com\/empresa\/motivacion\/wp-json\/wp\/v2\/categories?post=74"},{"taxonomy":"post_tag","embeddable":true,"href":"https:\/\/www.euroresidentes.com\/empresa\/motivacion\/wp-json\/wp\/v2\/tags?post=74"}],"curies":[{"name":"wp","href":"https:\/\/api.w.org\/{rel}","templated":true}]}}