
{"id":72,"date":"2013-09-30T07:55:00","date_gmt":"2013-09-30T07:55:00","guid":{"rendered":"https:\/\/wp.euroresidentes.com\/empresa\/motivacion\/2013\/09\/30\/motivacion-y-emocion\/"},"modified":"2016-03-10T14:56:25","modified_gmt":"2016-03-10T14:56:25","slug":"motivacion-y-emocion","status":"publish","type":"post","link":"https:\/\/www.euroresidentes.com\/empresa\/motivacion\/motivacion-y-emocion\/","title":{"rendered":"Motivaci\u00f3n y emoci\u00f3n"},"content":{"rendered":"<p><b><span style=\"font-family: Verdana, sans-serif\">\u00bfQu\u00e9 es la motivaci\u00f3n y la emoci\u00f3n?<\/span><\/b><\/p>\n<p style=\"text-align: center\"><a href=\"http:\/\/www.euroresidentes.com\/empresa\/motivacion\/wp-content\/uploads\/sites\/7\/2013\/09\/Motivacion-y-emocion.jpg\"><img loading=\"lazy\" decoding=\"async\" class=\"aligncenter wp-image-3875 size-full\" src=\"http:\/\/www.euroresidentes.com\/empresa\/motivacion\/wp-content\/uploads\/sites\/7\/2013\/09\/Motivacion-y-emocion.jpg\" alt=\"Motivaci\u00f3n y Emoci\u00f3n\" width=\"400\" height=\"265\" srcset=\"https:\/\/www.euroresidentes.com\/empresa\/motivacion\/wp-content\/uploads\/sites\/7\/2013\/09\/Motivacion-y-emocion.jpg 400w, https:\/\/www.euroresidentes.com\/empresa\/motivacion\/wp-content\/uploads\/sites\/7\/2013\/09\/Motivacion-y-emocion-300x199.jpg 300w\" sizes=\"auto, (max-width: 400px) 100vw, 400px\" \/><\/a><\/p>\n<p>\u00bfQu\u00e9 nos motiva a los seres humanos? \u00bfLas emociones condicionan a la motivaci\u00f3n? \u00bfQu\u00e9 emociones motivan?<\/p>\n<p style=\"text-align: left\"><span style=\"font-family: Verdana, sans-serif\">La motivaci\u00f3n y la emoci\u00f3n en Psicolog\u00eda se han estudiado profundamente a lo largo de los a\u00f1os y se ha comprobado que existe alta relaci\u00f3n entre ellas. Los psic\u00f3logos ya sabemos la importancia del pensamiento en la emoci\u00f3n, por lo que resulta muy productivo estudiar c\u00f3mo influye la emoci\u00f3n en la motivaci\u00f3n.<\/span><br \/>\n<span style=\"font-family: Verdana, sans-serif\"><br \/>\nUnos de los autores que m\u00e1s ha estudiado la relaci\u00f3n entre motivaci\u00f3n y emoci\u00f3n es <b>John Marshall Reeve<\/b>.\u00a0Como \u00e9l, existen otros autores que han elaborado una <b>relaci\u00f3n entre motivaci\u00f3n y emoci\u00f3n<\/b>:<\/span><\/p>\n<ul>\n<li><span style=\"font-family: Verdana, sans-serif\">Tomkins e Izard concluyeron que las emociones son un motivo que energiza y dirige la conducta hacia algo espec\u00edfico.<\/span><\/li>\n<li><span style=\"font-family: Verdana, sans-serif\">Para Ross Buck \u00a0las emociones son la herramienta mediante la cual los estados motivacionales forman la respuesta en el organismo. Es decir, las emociones condicionan a nuestra motivaci\u00f3n.<\/span><\/li>\n<\/ul>\n<div>\n<p><span style=\"font-family: Verdana, sans-serif\">En definitiva, se ha comprobado que la motivaci\u00f3n y la emoci\u00f3n est\u00e1n muy relacionadas e influyen entre s\u00ed, por lo que:<\/span><\/p>\n<ul>\n<li><span style=\"font-family: Verdana, sans-serif\">intenta pensar siempre en positivo<\/span><\/li>\n<li><span style=\"font-family: Verdana, sans-serif\">no permitas que los pensamientos negativos te dominen<\/span><\/li>\n<li><span style=\"font-family: Verdana, sans-serif\">no te angusties cuando veas que las cosas no salen como esperas. Respira hondo y vuelve a intentarlo pasado un tiempo, cuando tu emoci\u00f3n no sea negativa.<\/span><\/li>\n<\/ul>\n<div><span style=\"font-family: Verdana, sans-serif\">\u00bfQu\u00e9 piensas acerca de la relaci\u00f3n entre emoci\u00f3n y motivaci\u00f3n? \u00bfCuando est\u00e1s mas desanimado tambi\u00e9n est\u00e1s menos motivado, o al rev\u00e9s? Cu\u00e9ntanos tu experiencia o pregunta cuanto quieras para ampliar tu conocimiento acerca de la motivaci\u00f3n y la emoci\u00f3n, estar\u00e9 encantada de poder ayudarte.<\/span><\/div>\n<\/div>\n<div><span style=\"font-family: Verdana, sans-serif\">Un saludo y hasta la pr\u00f3xima, Andrea.<\/span><\/div>\n<p><span style=\"font-family: Verdana, sans-serif\"><br \/>\n<b>V\u00eddeos relacionados con motivaci\u00f3n y emoci\u00f3n:<\/b><\/span><br \/>\n<span style=\"font-family: Verdana, sans-serif\"><b><br \/>\n<\/b><\/span><\/p>\n<div style=\"text-align: center\"><span style=\"font-family: Verdana, sans-serif\">[youtube https:\/\/www.youtube.com\/watch?v=wVwSoL598pY]<br \/>\n<\/span><\/div>\n<div style=\"text-align: center\"><\/div>\n<p><span style=\"font-family: Verdana, sans-serif\"><b>Temas relacionados con motivaci\u00f3n y emoci\u00f3n:<\/b><\/span><\/p>\n<ul>\n<li><a href=\"http:\/\/sentir-bien.euroresidentes.com\/2012\/10\/como-motivarse_20.html\" target=\"_blank\"><span style=\"font-family: Verdana, sans-serif\">C\u00f3mo motivarse<\/span><\/a><\/li>\n<li><a href=\"http:\/\/motivacion.euroresidentes.com\/2013\/12\/10-pensamientos-positivos-para-la-vida.html\"><span style=\"font-family: Verdana, sans-serif\">10 pensamientos positivos para la vida<\/span><\/a><\/li>\n<li><a href=\"http:\/\/adolescentes.euroresidentes.com\/2011\/01\/como-motivar-los-adolescentes.html\" target=\"_blank\"><span style=\"font-family: Verdana, sans-serif\">C\u00f3mo motivar a los adolescentes<\/span><\/a><\/li>\n<li><a href=\"http:\/\/motivacion.euroresidentes.com\/2013\/11\/motivacion-intrinseca.html\"><span style=\"font-family: Verdana, sans-serif\">Motivaci\u00f3n intr\u00ednseca<\/span><\/a><\/li>\n<\/ul>\n","protected":false},"excerpt":{"rendered":"<p>\u00bfQu\u00e9 es la motivaci\u00f3n y la emoci\u00f3n? \u00bfQu\u00e9 nos motiva a los seres humanos? \u00bfLas emociones condicionan a la motivaci\u00f3n? \u00bfQu\u00e9 emociones motivan? La motivaci\u00f3n y la emoci\u00f3n en Psicolog\u00eda se han estudiado profundamente a lo largo de los a\u00f1os y se ha comprobado que existe alta relaci\u00f3n entre ellas. Los psic\u00f3logos ya sabemos la importancia del pensamiento en la emoci\u00f3n, por lo que resulta muy productivo estudiar c\u00f3mo influye la emoci\u00f3n en la motivaci\u00f3n. Unos de los autores que m\u00e1s ha estudiado la relaci\u00f3n entre motivaci\u00f3n y emoci\u00f3n es John Marshall Reeve.\u00a0Como \u00e9l, existen otros autores que han elaborado <\/p>\n","protected":false},"author":12,"featured_media":3875,"comment_status":"open","ping_status":"open","sticky":false,"template":"","format":"standard","meta":{"footnotes":""},"categories":[10],"tags":[],"class_list":["post-72","post","type-post","status-publish","format-standard","has-post-thumbnail","hentry","category-conceptos","has_thumb"],"yoast_head":"<!-- This site is optimized with the Yoast SEO plugin v27.5 - https:\/\/yoast.com\/product\/yoast-seo-wordpress\/ -->\n<title>Motivaci\u00f3n y emoci\u00f3n - Motivaci\u00f3n<\/title>\n<meta name=\"robots\" content=\"index, follow, max-snippet:-1, max-image-preview:large, max-video-preview:-1\" \/>\n<link rel=\"canonical\" href=\"https:\/\/www.euroresidentes.com\/empresa\/motivacion\/motivacion-y-emocion\/\" \/>\n<meta property=\"og:locale\" content=\"es_ES\" \/>\n<meta property=\"og:type\" content=\"article\" \/>\n<meta property=\"og:title\" content=\"Motivaci\u00f3n y emoci\u00f3n - Motivaci\u00f3n\" \/>\n<meta property=\"og:description\" content=\"\u00bfQu\u00e9 es la motivaci\u00f3n y la emoci\u00f3n? \u00bfQu\u00e9 nos motiva a los seres humanos? \u00bfLas emociones condicionan a la motivaci\u00f3n? \u00bfQu\u00e9 emociones motivan? La motivaci\u00f3n y la emoci\u00f3n en Psicolog\u00eda se han estudiado profundamente a lo largo de los a\u00f1os y se ha comprobado que existe alta relaci\u00f3n entre ellas. Los psic\u00f3logos ya sabemos la importancia del pensamiento en la emoci\u00f3n, por lo que resulta muy productivo estudiar c\u00f3mo influye la emoci\u00f3n en la motivaci\u00f3n. Unos de los autores que m\u00e1s ha estudiado la relaci\u00f3n entre motivaci\u00f3n y emoci\u00f3n es John Marshall Reeve.\u00a0Como \u00e9l, existen otros autores que han elaborado\" \/>\n<meta property=\"og:url\" content=\"https:\/\/www.euroresidentes.com\/empresa\/motivacion\/motivacion-y-emocion\/\" \/>\n<meta property=\"og:site_name\" content=\"Motivaci\u00f3n\" \/>\n<meta property=\"article:publisher\" content=\"https:\/\/www.facebook.com\/sentir.bien.euroresidentes\" \/>\n<meta property=\"article:author\" content=\"https:\/\/www.facebook.com\/andrea.mendezmolla?fref=ts\" \/>\n<meta property=\"article:published_time\" content=\"2013-09-30T07:55:00+00:00\" \/>\n<meta property=\"article:modified_time\" content=\"2016-03-10T14:56:25+00:00\" \/>\n<meta property=\"og:image\" content=\"https:\/\/www.euroresidentes.com\/empresa\/motivacion\/wp-content\/uploads\/sites\/7\/2013\/09\/Motivacion-y-emocion.jpg\" \/>\n\t<meta property=\"og:image:width\" content=\"400\" \/>\n\t<meta property=\"og:image:height\" content=\"265\" \/>\n\t<meta property=\"og:image:type\" content=\"image\/jpeg\" \/>\n<meta name=\"author\" content=\"Andrea M\u00e9ndez\" \/>\n<meta name=\"twitter:card\" content=\"summary_large_image\" \/>\n<meta name=\"twitter:creator\" content=\"@sentirbien\" \/>\n<meta name=\"twitter:site\" content=\"@sentirbien\" \/>\n<meta name=\"twitter:label1\" content=\"Written by\" \/>\n\t<meta name=\"twitter:data1\" content=\"Andrea M\u00e9ndez\" \/>\n\t<meta name=\"twitter:label2\" content=\"Est. reading time\" \/>\n\t<meta name=\"twitter:data2\" content=\"2 minutos\" \/>\n<script type=\"application\/ld+json\" class=\"yoast-schema-graph\">{\"@context\":\"https:\\\/\\\/schema.org\",\"@graph\":[{\"@type\":\"Article\",\"@id\":\"https:\\\/\\\/www.euroresidentes.com\\\/empresa\\\/motivacion\\\/motivacion-y-emocion\\\/#article\",\"isPartOf\":{\"@id\":\"https:\\\/\\\/www.euroresidentes.com\\\/empresa\\\/motivacion\\\/motivacion-y-emocion\\\/\"},\"author\":{\"name\":\"Andrea M\u00e9ndez\",\"@id\":\"https:\\\/\\\/www.euroresidentes.com\\\/empresa\\\/motivacion\\\/#\\\/schema\\\/person\\\/281adc4944d313f79100bfefb794fbcf\"},\"headline\":\"Motivaci\u00f3n y emoci\u00f3n\",\"datePublished\":\"2013-09-30T07:55:00+00:00\",\"dateModified\":\"2016-03-10T14:56:25+00:00\",\"mainEntityOfPage\":{\"@id\":\"https:\\\/\\\/www.euroresidentes.com\\\/empresa\\\/motivacion\\\/motivacion-y-emocion\\\/\"},\"wordCount\":352,\"commentCount\":1,\"image\":{\"@id\":\"https:\\\/\\\/www.euroresidentes.com\\\/empresa\\\/motivacion\\\/motivacion-y-emocion\\\/#primaryimage\"},\"thumbnailUrl\":\"https:\\\/\\\/www.euroresidentes.com\\\/empresa\\\/motivacion\\\/wp-content\\\/uploads\\\/sites\\\/7\\\/2013\\\/09\\\/Motivacion-y-emocion.jpg\",\"articleSection\":[\"Conceptos\"],\"inLanguage\":\"es\",\"potentialAction\":[{\"@type\":\"CommentAction\",\"name\":\"Comment\",\"target\":[\"https:\\\/\\\/www.euroresidentes.com\\\/empresa\\\/motivacion\\\/motivacion-y-emocion\\\/#respond\"]}]},{\"@type\":\"WebPage\",\"@id\":\"https:\\\/\\\/www.euroresidentes.com\\\/empresa\\\/motivacion\\\/motivacion-y-emocion\\\/\",\"url\":\"https:\\\/\\\/www.euroresidentes.com\\\/empresa\\\/motivacion\\\/motivacion-y-emocion\\\/\",\"name\":\"Motivaci\u00f3n y emoci\u00f3n - Motivaci\u00f3n\",\"isPartOf\":{\"@id\":\"https:\\\/\\\/www.euroresidentes.com\\\/empresa\\\/motivacion\\\/#website\"},\"primaryImageOfPage\":{\"@id\":\"https:\\\/\\\/www.euroresidentes.com\\\/empresa\\\/motivacion\\\/motivacion-y-emocion\\\/#primaryimage\"},\"image\":{\"@id\":\"https:\\\/\\\/www.euroresidentes.com\\\/empresa\\\/motivacion\\\/motivacion-y-emocion\\\/#primaryimage\"},\"thumbnailUrl\":\"https:\\\/\\\/www.euroresidentes.com\\\/empresa\\\/motivacion\\\/wp-content\\\/uploads\\\/sites\\\/7\\\/2013\\\/09\\\/Motivacion-y-emocion.jpg\",\"datePublished\":\"2013-09-30T07:55:00+00:00\",\"dateModified\":\"2016-03-10T14:56:25+00:00\",\"author\":{\"@id\":\"https:\\\/\\\/www.euroresidentes.com\\\/empresa\\\/motivacion\\\/#\\\/schema\\\/person\\\/281adc4944d313f79100bfefb794fbcf\"},\"breadcrumb\":{\"@id\":\"https:\\\/\\\/www.euroresidentes.com\\\/empresa\\\/motivacion\\\/motivacion-y-emocion\\\/#breadcrumb\"},\"inLanguage\":\"es\",\"potentialAction\":[{\"@type\":\"ReadAction\",\"target\":[\"https:\\\/\\\/www.euroresidentes.com\\\/empresa\\\/motivacion\\\/motivacion-y-emocion\\\/\"]}]},{\"@type\":\"ImageObject\",\"inLanguage\":\"es\",\"@id\":\"https:\\\/\\\/www.euroresidentes.com\\\/empresa\\\/motivacion\\\/motivacion-y-emocion\\\/#primaryimage\",\"url\":\"https:\\\/\\\/www.euroresidentes.com\\\/empresa\\\/motivacion\\\/wp-content\\\/uploads\\\/sites\\\/7\\\/2013\\\/09\\\/Motivacion-y-emocion.jpg\",\"contentUrl\":\"https:\\\/\\\/www.euroresidentes.com\\\/empresa\\\/motivacion\\\/wp-content\\\/uploads\\\/sites\\\/7\\\/2013\\\/09\\\/Motivacion-y-emocion.jpg\",\"width\":400,\"height\":265},{\"@type\":\"BreadcrumbList\",\"@id\":\"https:\\\/\\\/www.euroresidentes.com\\\/empresa\\\/motivacion\\\/motivacion-y-emocion\\\/#breadcrumb\",\"itemListElement\":[{\"@type\":\"ListItem\",\"position\":1,\"name\":\"Portada\",\"item\":\"https:\\\/\\\/www.euroresidentes.com\\\/empresa\\\/motivacion\\\/\"},{\"@type\":\"ListItem\",\"position\":2,\"name\":\"Motivaci\u00f3n y emoci\u00f3n\"}]},{\"@type\":\"WebSite\",\"@id\":\"https:\\\/\\\/www.euroresidentes.com\\\/empresa\\\/motivacion\\\/#website\",\"url\":\"https:\\\/\\\/www.euroresidentes.com\\\/empresa\\\/motivacion\\\/\",\"name\":\"Motivaci\u00f3n\",\"description\":\"Euroresidentes\",\"potentialAction\":[{\"@type\":\"SearchAction\",\"target\":{\"@type\":\"EntryPoint\",\"urlTemplate\":\"https:\\\/\\\/www.euroresidentes.com\\\/empresa\\\/motivacion\\\/?s={search_term_string}\"},\"query-input\":{\"@type\":\"PropertyValueSpecification\",\"valueRequired\":true,\"valueName\":\"search_term_string\"}}],\"inLanguage\":\"es\"},{\"@type\":\"Person\",\"@id\":\"https:\\\/\\\/www.euroresidentes.com\\\/empresa\\\/motivacion\\\/#\\\/schema\\\/person\\\/281adc4944d313f79100bfefb794fbcf\",\"name\":\"Andrea M\u00e9ndez\",\"image\":{\"@type\":\"ImageObject\",\"inLanguage\":\"es\",\"@id\":\"https:\\\/\\\/www.euroresidentes.com\\\/empresa\\\/motivacion\\\/wp-content\\\/uploads\\\/sites\\\/7\\\/2016\\\/02\\\/foto_Andrea-150x150.png\",\"url\":\"https:\\\/\\\/www.euroresidentes.com\\\/empresa\\\/motivacion\\\/wp-content\\\/uploads\\\/sites\\\/7\\\/2016\\\/02\\\/foto_Andrea-150x150.png\",\"contentUrl\":\"https:\\\/\\\/www.euroresidentes.com\\\/empresa\\\/motivacion\\\/wp-content\\\/uploads\\\/sites\\\/7\\\/2016\\\/02\\\/foto_Andrea-150x150.png\",\"caption\":\"Andrea M\u00e9ndez\"},\"description\":\"Andrea M\u00e9ndezPsic\u00f3loga y autora de blogs orientados a la motivaci\u00f3n, el liderazgo y la superaci\u00f3n personal.\",\"sameAs\":[\"https:\\\/\\\/www.euroresidentes.com\\\/estilo-de-vida\\\/andrea-mendez\",\"https:\\\/\\\/www.facebook.com\\\/andrea.mendezmolla?fref=ts\"],\"url\":\"https:\\\/\\\/www.euroresidentes.com\\\/empresa\\\/motivacion\\\/author\\\/andrea\\\/\"}]}<\/script>\n<!-- \/ Yoast SEO plugin. -->","yoast_head_json":{"title":"Motivaci\u00f3n y emoci\u00f3n - Motivaci\u00f3n","robots":{"index":"index","follow":"follow","max-snippet":"max-snippet:-1","max-image-preview":"max-image-preview:large","max-video-preview":"max-video-preview:-1"},"canonical":"https:\/\/www.euroresidentes.com\/empresa\/motivacion\/motivacion-y-emocion\/","og_locale":"es_ES","og_type":"article","og_title":"Motivaci\u00f3n y emoci\u00f3n - Motivaci\u00f3n","og_description":"\u00bfQu\u00e9 es la motivaci\u00f3n y la emoci\u00f3n? \u00bfQu\u00e9 nos motiva a los seres humanos? \u00bfLas emociones condicionan a la motivaci\u00f3n? \u00bfQu\u00e9 emociones motivan? La motivaci\u00f3n y la emoci\u00f3n en Psicolog\u00eda se han estudiado profundamente a lo largo de los a\u00f1os y se ha comprobado que existe alta relaci\u00f3n entre ellas. Los psic\u00f3logos ya sabemos la importancia del pensamiento en la emoci\u00f3n, por lo que resulta muy productivo estudiar c\u00f3mo influye la emoci\u00f3n en la motivaci\u00f3n. Unos de los autores que m\u00e1s ha estudiado la relaci\u00f3n entre motivaci\u00f3n y emoci\u00f3n es John Marshall Reeve.\u00a0Como \u00e9l, existen otros autores que han elaborado","og_url":"https:\/\/www.euroresidentes.com\/empresa\/motivacion\/motivacion-y-emocion\/","og_site_name":"Motivaci\u00f3n","article_publisher":"https:\/\/www.facebook.com\/sentir.bien.euroresidentes","article_author":"https:\/\/www.facebook.com\/andrea.mendezmolla?fref=ts","article_published_time":"2013-09-30T07:55:00+00:00","article_modified_time":"2016-03-10T14:56:25+00:00","og_image":[{"width":400,"height":265,"url":"https:\/\/www.euroresidentes.com\/empresa\/motivacion\/wp-content\/uploads\/sites\/7\/2013\/09\/Motivacion-y-emocion.jpg","type":"image\/jpeg"}],"author":"Andrea M\u00e9ndez","twitter_card":"summary_large_image","twitter_creator":"@sentirbien","twitter_site":"@sentirbien","twitter_misc":{"Written by":"Andrea M\u00e9ndez","Est. reading time":"2 minutos"},"schema":{"@context":"https:\/\/schema.org","@graph":[{"@type":"Article","@id":"https:\/\/www.euroresidentes.com\/empresa\/motivacion\/motivacion-y-emocion\/#article","isPartOf":{"@id":"https:\/\/www.euroresidentes.com\/empresa\/motivacion\/motivacion-y-emocion\/"},"author":{"name":"Andrea M\u00e9ndez","@id":"https:\/\/www.euroresidentes.com\/empresa\/motivacion\/#\/schema\/person\/281adc4944d313f79100bfefb794fbcf"},"headline":"Motivaci\u00f3n y emoci\u00f3n","datePublished":"2013-09-30T07:55:00+00:00","dateModified":"2016-03-10T14:56:25+00:00","mainEntityOfPage":{"@id":"https:\/\/www.euroresidentes.com\/empresa\/motivacion\/motivacion-y-emocion\/"},"wordCount":352,"commentCount":1,"image":{"@id":"https:\/\/www.euroresidentes.com\/empresa\/motivacion\/motivacion-y-emocion\/#primaryimage"},"thumbnailUrl":"https:\/\/www.euroresidentes.com\/empresa\/motivacion\/wp-content\/uploads\/sites\/7\/2013\/09\/Motivacion-y-emocion.jpg","articleSection":["Conceptos"],"inLanguage":"es","potentialAction":[{"@type":"CommentAction","name":"Comment","target":["https:\/\/www.euroresidentes.com\/empresa\/motivacion\/motivacion-y-emocion\/#respond"]}]},{"@type":"WebPage","@id":"https:\/\/www.euroresidentes.com\/empresa\/motivacion\/motivacion-y-emocion\/","url":"https:\/\/www.euroresidentes.com\/empresa\/motivacion\/motivacion-y-emocion\/","name":"Motivaci\u00f3n y emoci\u00f3n - Motivaci\u00f3n","isPartOf":{"@id":"https:\/\/www.euroresidentes.com\/empresa\/motivacion\/#website"},"primaryImageOfPage":{"@id":"https:\/\/www.euroresidentes.com\/empresa\/motivacion\/motivacion-y-emocion\/#primaryimage"},"image":{"@id":"https:\/\/www.euroresidentes.com\/empresa\/motivacion\/motivacion-y-emocion\/#primaryimage"},"thumbnailUrl":"https:\/\/www.euroresidentes.com\/empresa\/motivacion\/wp-content\/uploads\/sites\/7\/2013\/09\/Motivacion-y-emocion.jpg","datePublished":"2013-09-30T07:55:00+00:00","dateModified":"2016-03-10T14:56:25+00:00","author":{"@id":"https:\/\/www.euroresidentes.com\/empresa\/motivacion\/#\/schema\/person\/281adc4944d313f79100bfefb794fbcf"},"breadcrumb":{"@id":"https:\/\/www.euroresidentes.com\/empresa\/motivacion\/motivacion-y-emocion\/#breadcrumb"},"inLanguage":"es","potentialAction":[{"@type":"ReadAction","target":["https:\/\/www.euroresidentes.com\/empresa\/motivacion\/motivacion-y-emocion\/"]}]},{"@type":"ImageObject","inLanguage":"es","@id":"https:\/\/www.euroresidentes.com\/empresa\/motivacion\/motivacion-y-emocion\/#primaryimage","url":"https:\/\/www.euroresidentes.com\/empresa\/motivacion\/wp-content\/uploads\/sites\/7\/2013\/09\/Motivacion-y-emocion.jpg","contentUrl":"https:\/\/www.euroresidentes.com\/empresa\/motivacion\/wp-content\/uploads\/sites\/7\/2013\/09\/Motivacion-y-emocion.jpg","width":400,"height":265},{"@type":"BreadcrumbList","@id":"https:\/\/www.euroresidentes.com\/empresa\/motivacion\/motivacion-y-emocion\/#breadcrumb","itemListElement":[{"@type":"ListItem","position":1,"name":"Portada","item":"https:\/\/www.euroresidentes.com\/empresa\/motivacion\/"},{"@type":"ListItem","position":2,"name":"Motivaci\u00f3n y emoci\u00f3n"}]},{"@type":"WebSite","@id":"https:\/\/www.euroresidentes.com\/empresa\/motivacion\/#website","url":"https:\/\/www.euroresidentes.com\/empresa\/motivacion\/","name":"Motivaci\u00f3n","description":"Euroresidentes","potentialAction":[{"@type":"SearchAction","target":{"@type":"EntryPoint","urlTemplate":"https:\/\/www.euroresidentes.com\/empresa\/motivacion\/?s={search_term_string}"},"query-input":{"@type":"PropertyValueSpecification","valueRequired":true,"valueName":"search_term_string"}}],"inLanguage":"es"},{"@type":"Person","@id":"https:\/\/www.euroresidentes.com\/empresa\/motivacion\/#\/schema\/person\/281adc4944d313f79100bfefb794fbcf","name":"Andrea M\u00e9ndez","image":{"@type":"ImageObject","inLanguage":"es","@id":"https:\/\/www.euroresidentes.com\/empresa\/motivacion\/wp-content\/uploads\/sites\/7\/2016\/02\/foto_Andrea-150x150.png","url":"https:\/\/www.euroresidentes.com\/empresa\/motivacion\/wp-content\/uploads\/sites\/7\/2016\/02\/foto_Andrea-150x150.png","contentUrl":"https:\/\/www.euroresidentes.com\/empresa\/motivacion\/wp-content\/uploads\/sites\/7\/2016\/02\/foto_Andrea-150x150.png","caption":"Andrea M\u00e9ndez"},"description":"Andrea M\u00e9ndezPsic\u00f3loga y autora de blogs orientados a la motivaci\u00f3n, el liderazgo y la superaci\u00f3n personal.","sameAs":["https:\/\/www.euroresidentes.com\/estilo-de-vida\/andrea-mendez","https:\/\/www.facebook.com\/andrea.mendezmolla?fref=ts"],"url":"https:\/\/www.euroresidentes.com\/empresa\/motivacion\/author\/andrea\/"}]}},"_links":{"self":[{"href":"https:\/\/www.euroresidentes.com\/empresa\/motivacion\/wp-json\/wp\/v2\/posts\/72","targetHints":{"allow":["GET"]}}],"collection":[{"href":"https:\/\/www.euroresidentes.com\/empresa\/motivacion\/wp-json\/wp\/v2\/posts"}],"about":[{"href":"https:\/\/www.euroresidentes.com\/empresa\/motivacion\/wp-json\/wp\/v2\/types\/post"}],"author":[{"embeddable":true,"href":"https:\/\/www.euroresidentes.com\/empresa\/motivacion\/wp-json\/wp\/v2\/users\/12"}],"replies":[{"embeddable":true,"href":"https:\/\/www.euroresidentes.com\/empresa\/motivacion\/wp-json\/wp\/v2\/comments?post=72"}],"version-history":[{"count":5,"href":"https:\/\/www.euroresidentes.com\/empresa\/motivacion\/wp-json\/wp\/v2\/posts\/72\/revisions"}],"predecessor-version":[{"id":4061,"href":"https:\/\/www.euroresidentes.com\/empresa\/motivacion\/wp-json\/wp\/v2\/posts\/72\/revisions\/4061"}],"wp:featuredmedia":[{"embeddable":true,"href":"https:\/\/www.euroresidentes.com\/empresa\/motivacion\/wp-json\/wp\/v2\/media\/3875"}],"wp:attachment":[{"href":"https:\/\/www.euroresidentes.com\/empresa\/motivacion\/wp-json\/wp\/v2\/media?parent=72"}],"wp:term":[{"taxonomy":"category","embeddable":true,"href":"https:\/\/www.euroresidentes.com\/empresa\/motivacion\/wp-json\/wp\/v2\/categories?post=72"},{"taxonomy":"post_tag","embeddable":true,"href":"https:\/\/www.euroresidentes.com\/empresa\/motivacion\/wp-json\/wp\/v2\/tags?post=72"}],"curies":[{"name":"wp","href":"https:\/\/api.w.org\/{rel}","templated":true}]}}