
{"id":24,"date":"2015-03-09T16:19:00","date_gmt":"2015-03-09T16:19:00","guid":{"rendered":""},"modified":"2016-04-18T13:07:48","modified_gmt":"2016-04-18T11:07:48","slug":"la-inspiracion-del-lunes-por-la-manana","status":"publish","type":"post","link":"https:\/\/www.euroresidentes.com\/empresa\/motivacion\/la-inspiracion-del-lunes-por-la-manana\/","title":{"rendered":"La inspiraci\u00f3n del Lunes por la ma\u00f1ana"},"content":{"rendered":"<h3>8 Afirmaciones para el pensamiento positivo<\/h3>\n<p>Hay afirmaciones, y AFIRMACIONES.<\/p>\n<p>Puedes decirte afirmaciones positivas hasta quedarte sin aire, pero si tu pensamiento es negativo <strong>no vas a conseguir nada,<\/strong> ya te lo digo yo.<a style=\"margin-left: 1em;margin-right: 1em\" href=\"http:\/\/4.bp.blogspot.com\/-5W72dVP8RRQ\/VP3Hf3wz_JI\/AAAAAAAANt8\/a8IfbXwQq0k\/s1600\/la-inspiracion-del-lunes-por-la-ma%C3%B1ana.jpg\"><img loading=\"lazy\" decoding=\"async\" class=\"aligncenter\" title=\"La inspiraci\u00f3n del Lunes por la ma\u00f1ana\" src=\"http:\/\/4.bp.blogspot.com\/-5W72dVP8RRQ\/VP3Hf3wz_JI\/AAAAAAAANt8\/a8IfbXwQq0k\/s1600\/la-inspiracion-del-lunes-por-la-ma%C3%B1ana.jpg\" alt=\"La inspiraci\u00f3n del Lunes por la ma\u00f1ana\" width=\"700\" height=\"525\" border=\"0\" \/><\/a><\/p>\n<h3>El piloto autom\u00e1tico<\/h3>\n<p>Tampoco consigues nada repiti\u00e9ndote las afirmaciones cual loro. Si no pones intenci\u00f3n en lo que te est\u00e1s diciendo no podr\u00e1s ir m\u00e1s all\u00e1 de lo que est\u00e1s afirmando. Te quedar\u00e1s en afirmarlo simplemente. Cual loro.<\/p>\n<p>&nbsp;<\/p>\n<h3>Cuando las afirmaciones son in\u00fatiles<\/h3>\n<p>Te despiertas por la ma\u00f1ana y decides que vas a empezar el d\u00eda con algunas afirmaciones positivas. <em>\u00abHoy ser\u00e1 un gran d\u00eda\u00bb, \u00abEstoy viviendo el sue\u00f1o de mi vida\u00bb, \u00abMe encanta mi trabajo\u00bb.<\/em><\/p>\n<p><strong>Suena bien, positivo, motivador, \u00bfverdad?<\/strong> Bien, pues eso depende del resto de tu d\u00eda. As\u00ed que digamos que despu\u00e9s de esas afirmaciones te metes en la ducha y vuelves a esas frases que te has dicho -que ya suenan como algo menos que una afirmaci\u00f3n-.<\/p>\n<p>Terminas de ducharte, te vistes, desayunas y te pones en marcha al trabajo. Quiz\u00e1s al mediod\u00eda te acuerdes de decirte otra afirmaci\u00f3n o dos, pero la mayor\u00eda del tiempo -d\u00eda tras d\u00eda- est\u00e1s centrad@ en un mont\u00f3n de cosas que te preocupan o molestan. <strong>\u00bfTus afirmaciones tendr\u00e1n efecto, o ser\u00e1n esfuerzos casi in\u00fatiles ante tal volumen diario de negatividad? <\/strong><\/p>\n<p>Si algo de esto te suena sigue leyendo. \u00a1Hay esperanza!<\/p>\n<p><a href=\"http:\/\/www.euroresidentes.com\/empresa\/motivacion\/wp-content\/uploads\/sites\/7\/2015\/03\/inspiracion-lunes-por-la-ma\u00f1aa-euroresidentes.jpg\"><img loading=\"lazy\" decoding=\"async\" class=\"aligncenter size-full wp-image-4097\" src=\"http:\/\/www.euroresidentes.com\/empresa\/motivacion\/wp-content\/uploads\/sites\/7\/2015\/03\/inspiracion-lunes-por-la-ma\u00f1aa-euroresidentes.jpg\" alt=\"la inspiraci\u00f3n del lunes por la ma\u00f1ana\" width=\"700\" height=\"525\" srcset=\"https:\/\/www.euroresidentes.com\/empresa\/motivacion\/wp-content\/uploads\/sites\/7\/2015\/03\/inspiracion-lunes-por-la-ma\u00f1aa-euroresidentes.jpg 700w, https:\/\/www.euroresidentes.com\/empresa\/motivacion\/wp-content\/uploads\/sites\/7\/2015\/03\/inspiracion-lunes-por-la-ma\u00f1aa-euroresidentes-300x225.jpg 300w\" sizes=\"auto, (max-width: 700px) 100vw, 700px\" \/><\/a><\/p>\n<h4>Algo muy \u00fatil cuando estas afirmaciones <strong>no tienen efecto <\/strong>es emplearlas para afirmar realmente tu poder de pensar en positivo.<\/h4>\n<p>Aqu\u00ed hay algunos ejemplos:<\/p>\n<p><strong><em>1.\u00bbTengo el poder de pensar lo que quiero\u00bb<\/em><\/strong><\/p>\n<p><em><strong>2.\u00bbTengo el poder de controlar mis pensamientos\u00bb<\/strong><\/em><\/p>\n<p><em><strong>3.\u00bbMi mente est\u00e1 constantemente sintonizada con lo positivo\u00bb<\/strong><\/em><\/p>\n<p><em><strong>4.\u00bbEstoy llen@ de grandes ideas y pensamientos positivos\u00bb<\/strong><\/em><\/p>\n<p><em><strong>5.\u00bbMis pensamientos son brillantes, alegres y entusiastas\u00bb<\/strong><\/em><\/p>\n<p><em><strong>6.\u00bbMe acuerdo en pensar positivamente todo el d\u00eda, todos los d\u00edas\u00bb<\/strong><\/em><\/p>\n<p><em><strong>7.\u00bbYo elijo conscientemente lo que pienso\u00bb<\/strong><\/em><\/p>\n<p><em><strong>8.\u00bbPienso en cosas que me hacen sentir bien\u00bb<\/strong><\/em><\/p>\n<p>Si ya has reflexionado sobre estas afirmaciones y est\u00e1s dispuest@ a cre\u00e9rtelas <strong>de verdad<\/strong>, \u00bfa qu\u00e9 esperas? \u00a0<br \/>Hagamos una larga lista de afirmaciones para el pensamiento positivo. Comparte las tuyas y \u00fanete al reto de la inspiraci\u00f3n del lunes por la ma\u00f1ana.<\/p>\n<p>Yo, como siempre, te espero en la pr\u00f3xima. Un gran saludo y un abrazo, Andrea.<\/p>\n<p><strong>Seguir leyendo:\u00a0<\/strong><\/p>\n<ul>\n<li><a href=\"http:\/\/sentir-bien.euroresidentes.com\/2014\/02\/como-controlar-los-pensamientos.html\" target=\"_blank\">C\u00f3mo controlar los pensamientos negativos\u00a0<\/a><\/li>\n<li><a href=\"http:\/\/www.euroresidentes.com\/empresa\/motivacion\/2014\/01\/13\/5-consejos-para-tener-una-actitud-positiva-ante-la-vida\/\" target=\"_blank\">5 Consejos para tener una actitud positiva ante la vida\u00a0<\/a><\/li>\n<li><a href=\"http:\/\/www.euroresidentes.com\/empresa\/motivacion\/2015\/02\/20\/que-significa-realmente-ser-un-optimista\/\" target=\"_blank\">Qu\u00e9 significa realmente ser un optimista<\/a><\/li>\n<\/ul>\n","protected":false},"excerpt":{"rendered":"<p>8 Afirmaciones para el pensamiento positivo Hay afirmaciones, y AFIRMACIONES. Puedes decirte afirmaciones positivas hasta quedarte sin aire, pero si tu pensamiento es negativo no vas a conseguir nada, ya te lo digo yo. El piloto autom\u00e1tico Tampoco consigues nada repiti\u00e9ndote las afirmaciones cual loro. Si no pones intenci\u00f3n en lo que te est\u00e1s diciendo no podr\u00e1s ir m\u00e1s all\u00e1 de lo que est\u00e1s afirmando. Te quedar\u00e1s en afirmarlo simplemente. Cual loro. &nbsp; Cuando las afirmaciones son in\u00fatiles Te despiertas por la ma\u00f1ana y decides que vas a empezar el d\u00eda con algunas afirmaciones positivas. \u00abHoy ser\u00e1 un gran d\u00eda\u00bb, <\/p>\n","protected":false},"author":12,"featured_media":156,"comment_status":"open","ping_status":"open","sticky":false,"template":"","format":"standard","meta":{"footnotes":""},"categories":[9],"tags":[],"class_list":["post-24","post","type-post","status-publish","format-standard","has-post-thumbnail","hentry","category-ser-positivo","has_thumb"],"yoast_head":"<!-- This site is optimized with the Yoast SEO plugin v27.4 - https:\/\/yoast.com\/product\/yoast-seo-wordpress\/ -->\n<title>La inspiraci\u00f3n del Lunes por la ma\u00f1ana - Motivaci\u00f3n<\/title>\n<meta name=\"robots\" content=\"index, follow, max-snippet:-1, max-image-preview:large, max-video-preview:-1\" \/>\n<link rel=\"canonical\" href=\"https:\/\/www.euroresidentes.com\/empresa\/motivacion\/la-inspiracion-del-lunes-por-la-manana\/\" \/>\n<meta property=\"og:locale\" content=\"es_ES\" \/>\n<meta property=\"og:type\" content=\"article\" \/>\n<meta property=\"og:title\" content=\"La inspiraci\u00f3n del Lunes por la ma\u00f1ana - Motivaci\u00f3n\" \/>\n<meta property=\"og:description\" content=\"8 Afirmaciones para el pensamiento positivo Hay afirmaciones, y AFIRMACIONES. Puedes decirte afirmaciones positivas hasta quedarte sin aire, pero si tu pensamiento es negativo no vas a conseguir nada, ya te lo digo yo. El piloto autom\u00e1tico Tampoco consigues nada repiti\u00e9ndote las afirmaciones cual loro. Si no pones intenci\u00f3n en lo que te est\u00e1s diciendo no podr\u00e1s ir m\u00e1s all\u00e1 de lo que est\u00e1s afirmando. Te quedar\u00e1s en afirmarlo simplemente. Cual loro. &nbsp; Cuando las afirmaciones son in\u00fatiles Te despiertas por la ma\u00f1ana y decides que vas a empezar el d\u00eda con algunas afirmaciones positivas. \u00abHoy ser\u00e1 un gran d\u00eda\u00bb,\" \/>\n<meta property=\"og:url\" content=\"https:\/\/www.euroresidentes.com\/empresa\/motivacion\/la-inspiracion-del-lunes-por-la-manana\/\" \/>\n<meta property=\"og:site_name\" content=\"Motivaci\u00f3n\" \/>\n<meta property=\"article:publisher\" content=\"https:\/\/www.facebook.com\/sentir.bien.euroresidentes\" \/>\n<meta property=\"article:author\" content=\"https:\/\/www.facebook.com\/andrea.mendezmolla?fref=ts\" \/>\n<meta property=\"article:published_time\" content=\"2015-03-09T16:19:00+00:00\" \/>\n<meta property=\"article:modified_time\" content=\"2016-04-18T11:07:48+00:00\" \/>\n<meta property=\"og:image\" content=\"https:\/\/www.euroresidentes.com\/empresa\/motivacion\/wp-content\/uploads\/sites\/7\/2015\/03\/la-inspiracion-del-lunes-por-la-ma-C3-B1ana.jpg\" \/>\n\t<meta property=\"og:image:width\" content=\"600\" \/>\n\t<meta property=\"og:image:height\" content=\"450\" \/>\n\t<meta property=\"og:image:type\" content=\"image\/jpeg\" \/>\n<meta name=\"author\" content=\"Andrea M\u00e9ndez\" \/>\n<meta name=\"twitter:card\" content=\"summary_large_image\" \/>\n<meta name=\"twitter:creator\" content=\"@sentirbien\" \/>\n<meta name=\"twitter:site\" content=\"@sentirbien\" \/>\n<meta name=\"twitter:label1\" content=\"Written by\" \/>\n\t<meta name=\"twitter:data1\" content=\"Andrea M\u00e9ndez\" \/>\n\t<meta name=\"twitter:label2\" content=\"Est. reading time\" \/>\n\t<meta name=\"twitter:data2\" content=\"2 minutos\" \/>\n<script type=\"application\/ld+json\" class=\"yoast-schema-graph\">{\"@context\":\"https:\\\/\\\/schema.org\",\"@graph\":[{\"@type\":\"Article\",\"@id\":\"https:\\\/\\\/www.euroresidentes.com\\\/empresa\\\/motivacion\\\/la-inspiracion-del-lunes-por-la-manana\\\/#article\",\"isPartOf\":{\"@id\":\"https:\\\/\\\/www.euroresidentes.com\\\/empresa\\\/motivacion\\\/la-inspiracion-del-lunes-por-la-manana\\\/\"},\"author\":{\"name\":\"Andrea M\u00e9ndez\",\"@id\":\"https:\\\/\\\/www.euroresidentes.com\\\/empresa\\\/motivacion\\\/#\\\/schema\\\/person\\\/281adc4944d313f79100bfefb794fbcf\"},\"headline\":\"La inspiraci\u00f3n del Lunes por la ma\u00f1ana\",\"datePublished\":\"2015-03-09T16:19:00+00:00\",\"dateModified\":\"2016-04-18T11:07:48+00:00\",\"mainEntityOfPage\":{\"@id\":\"https:\\\/\\\/www.euroresidentes.com\\\/empresa\\\/motivacion\\\/la-inspiracion-del-lunes-por-la-manana\\\/\"},\"wordCount\":434,\"commentCount\":1,\"image\":{\"@id\":\"https:\\\/\\\/www.euroresidentes.com\\\/empresa\\\/motivacion\\\/la-inspiracion-del-lunes-por-la-manana\\\/#primaryimage\"},\"thumbnailUrl\":\"https:\\\/\\\/www.euroresidentes.com\\\/empresa\\\/motivacion\\\/wp-content\\\/uploads\\\/sites\\\/7\\\/2015\\\/03\\\/la-inspiracion-del-lunes-por-la-ma-C3-B1ana.jpg\",\"articleSection\":[\"Ser Positivo\"],\"inLanguage\":\"es\",\"potentialAction\":[{\"@type\":\"CommentAction\",\"name\":\"Comment\",\"target\":[\"https:\\\/\\\/www.euroresidentes.com\\\/empresa\\\/motivacion\\\/la-inspiracion-del-lunes-por-la-manana\\\/#respond\"]}]},{\"@type\":\"WebPage\",\"@id\":\"https:\\\/\\\/www.euroresidentes.com\\\/empresa\\\/motivacion\\\/la-inspiracion-del-lunes-por-la-manana\\\/\",\"url\":\"https:\\\/\\\/www.euroresidentes.com\\\/empresa\\\/motivacion\\\/la-inspiracion-del-lunes-por-la-manana\\\/\",\"name\":\"La inspiraci\u00f3n del Lunes por la ma\u00f1ana - Motivaci\u00f3n\",\"isPartOf\":{\"@id\":\"https:\\\/\\\/www.euroresidentes.com\\\/empresa\\\/motivacion\\\/#website\"},\"primaryImageOfPage\":{\"@id\":\"https:\\\/\\\/www.euroresidentes.com\\\/empresa\\\/motivacion\\\/la-inspiracion-del-lunes-por-la-manana\\\/#primaryimage\"},\"image\":{\"@id\":\"https:\\\/\\\/www.euroresidentes.com\\\/empresa\\\/motivacion\\\/la-inspiracion-del-lunes-por-la-manana\\\/#primaryimage\"},\"thumbnailUrl\":\"https:\\\/\\\/www.euroresidentes.com\\\/empresa\\\/motivacion\\\/wp-content\\\/uploads\\\/sites\\\/7\\\/2015\\\/03\\\/la-inspiracion-del-lunes-por-la-ma-C3-B1ana.jpg\",\"datePublished\":\"2015-03-09T16:19:00+00:00\",\"dateModified\":\"2016-04-18T11:07:48+00:00\",\"author\":{\"@id\":\"https:\\\/\\\/www.euroresidentes.com\\\/empresa\\\/motivacion\\\/#\\\/schema\\\/person\\\/281adc4944d313f79100bfefb794fbcf\"},\"breadcrumb\":{\"@id\":\"https:\\\/\\\/www.euroresidentes.com\\\/empresa\\\/motivacion\\\/la-inspiracion-del-lunes-por-la-manana\\\/#breadcrumb\"},\"inLanguage\":\"es\",\"potentialAction\":[{\"@type\":\"ReadAction\",\"target\":[\"https:\\\/\\\/www.euroresidentes.com\\\/empresa\\\/motivacion\\\/la-inspiracion-del-lunes-por-la-manana\\\/\"]}]},{\"@type\":\"ImageObject\",\"inLanguage\":\"es\",\"@id\":\"https:\\\/\\\/www.euroresidentes.com\\\/empresa\\\/motivacion\\\/la-inspiracion-del-lunes-por-la-manana\\\/#primaryimage\",\"url\":\"https:\\\/\\\/www.euroresidentes.com\\\/empresa\\\/motivacion\\\/wp-content\\\/uploads\\\/sites\\\/7\\\/2015\\\/03\\\/la-inspiracion-del-lunes-por-la-ma-C3-B1ana.jpg\",\"contentUrl\":\"https:\\\/\\\/www.euroresidentes.com\\\/empresa\\\/motivacion\\\/wp-content\\\/uploads\\\/sites\\\/7\\\/2015\\\/03\\\/la-inspiracion-del-lunes-por-la-ma-C3-B1ana.jpg\",\"width\":600,\"height\":450},{\"@type\":\"BreadcrumbList\",\"@id\":\"https:\\\/\\\/www.euroresidentes.com\\\/empresa\\\/motivacion\\\/la-inspiracion-del-lunes-por-la-manana\\\/#breadcrumb\",\"itemListElement\":[{\"@type\":\"ListItem\",\"position\":1,\"name\":\"Portada\",\"item\":\"https:\\\/\\\/www.euroresidentes.com\\\/empresa\\\/motivacion\\\/\"},{\"@type\":\"ListItem\",\"position\":2,\"name\":\"La inspiraci\u00f3n del Lunes por la ma\u00f1ana\"}]},{\"@type\":\"WebSite\",\"@id\":\"https:\\\/\\\/www.euroresidentes.com\\\/empresa\\\/motivacion\\\/#website\",\"url\":\"https:\\\/\\\/www.euroresidentes.com\\\/empresa\\\/motivacion\\\/\",\"name\":\"Motivaci\u00f3n\",\"description\":\"Euroresidentes\",\"potentialAction\":[{\"@type\":\"SearchAction\",\"target\":{\"@type\":\"EntryPoint\",\"urlTemplate\":\"https:\\\/\\\/www.euroresidentes.com\\\/empresa\\\/motivacion\\\/?s={search_term_string}\"},\"query-input\":{\"@type\":\"PropertyValueSpecification\",\"valueRequired\":true,\"valueName\":\"search_term_string\"}}],\"inLanguage\":\"es\"},{\"@type\":\"Person\",\"@id\":\"https:\\\/\\\/www.euroresidentes.com\\\/empresa\\\/motivacion\\\/#\\\/schema\\\/person\\\/281adc4944d313f79100bfefb794fbcf\",\"name\":\"Andrea M\u00e9ndez\",\"image\":{\"@type\":\"ImageObject\",\"inLanguage\":\"es\",\"@id\":\"https:\\\/\\\/www.euroresidentes.com\\\/empresa\\\/motivacion\\\/wp-content\\\/uploads\\\/sites\\\/7\\\/2016\\\/02\\\/foto_Andrea-150x150.png\",\"url\":\"https:\\\/\\\/www.euroresidentes.com\\\/empresa\\\/motivacion\\\/wp-content\\\/uploads\\\/sites\\\/7\\\/2016\\\/02\\\/foto_Andrea-150x150.png\",\"contentUrl\":\"https:\\\/\\\/www.euroresidentes.com\\\/empresa\\\/motivacion\\\/wp-content\\\/uploads\\\/sites\\\/7\\\/2016\\\/02\\\/foto_Andrea-150x150.png\",\"caption\":\"Andrea M\u00e9ndez\"},\"description\":\"Andrea M\u00e9ndezPsic\u00f3loga y autora de blogs orientados a la motivaci\u00f3n, el liderazgo y la superaci\u00f3n personal.\",\"sameAs\":[\"https:\\\/\\\/www.euroresidentes.com\\\/estilo-de-vida\\\/andrea-mendez\",\"https:\\\/\\\/www.facebook.com\\\/andrea.mendezmolla?fref=ts\"],\"url\":\"https:\\\/\\\/www.euroresidentes.com\\\/empresa\\\/motivacion\\\/author\\\/andrea\\\/\"}]}<\/script>\n<!-- \/ Yoast SEO plugin. -->","yoast_head_json":{"title":"La inspiraci\u00f3n del Lunes por la ma\u00f1ana - Motivaci\u00f3n","robots":{"index":"index","follow":"follow","max-snippet":"max-snippet:-1","max-image-preview":"max-image-preview:large","max-video-preview":"max-video-preview:-1"},"canonical":"https:\/\/www.euroresidentes.com\/empresa\/motivacion\/la-inspiracion-del-lunes-por-la-manana\/","og_locale":"es_ES","og_type":"article","og_title":"La inspiraci\u00f3n del Lunes por la ma\u00f1ana - Motivaci\u00f3n","og_description":"8 Afirmaciones para el pensamiento positivo Hay afirmaciones, y AFIRMACIONES. Puedes decirte afirmaciones positivas hasta quedarte sin aire, pero si tu pensamiento es negativo no vas a conseguir nada, ya te lo digo yo. El piloto autom\u00e1tico Tampoco consigues nada repiti\u00e9ndote las afirmaciones cual loro. Si no pones intenci\u00f3n en lo que te est\u00e1s diciendo no podr\u00e1s ir m\u00e1s all\u00e1 de lo que est\u00e1s afirmando. Te quedar\u00e1s en afirmarlo simplemente. Cual loro. &nbsp; Cuando las afirmaciones son in\u00fatiles Te despiertas por la ma\u00f1ana y decides que vas a empezar el d\u00eda con algunas afirmaciones positivas. \u00abHoy ser\u00e1 un gran d\u00eda\u00bb,","og_url":"https:\/\/www.euroresidentes.com\/empresa\/motivacion\/la-inspiracion-del-lunes-por-la-manana\/","og_site_name":"Motivaci\u00f3n","article_publisher":"https:\/\/www.facebook.com\/sentir.bien.euroresidentes","article_author":"https:\/\/www.facebook.com\/andrea.mendezmolla?fref=ts","article_published_time":"2015-03-09T16:19:00+00:00","article_modified_time":"2016-04-18T11:07:48+00:00","og_image":[{"width":600,"height":450,"url":"https:\/\/www.euroresidentes.com\/empresa\/motivacion\/wp-content\/uploads\/sites\/7\/2015\/03\/la-inspiracion-del-lunes-por-la-ma-C3-B1ana.jpg","type":"image\/jpeg"}],"author":"Andrea M\u00e9ndez","twitter_card":"summary_large_image","twitter_creator":"@sentirbien","twitter_site":"@sentirbien","twitter_misc":{"Written by":"Andrea M\u00e9ndez","Est. reading time":"2 minutos"},"schema":{"@context":"https:\/\/schema.org","@graph":[{"@type":"Article","@id":"https:\/\/www.euroresidentes.com\/empresa\/motivacion\/la-inspiracion-del-lunes-por-la-manana\/#article","isPartOf":{"@id":"https:\/\/www.euroresidentes.com\/empresa\/motivacion\/la-inspiracion-del-lunes-por-la-manana\/"},"author":{"name":"Andrea M\u00e9ndez","@id":"https:\/\/www.euroresidentes.com\/empresa\/motivacion\/#\/schema\/person\/281adc4944d313f79100bfefb794fbcf"},"headline":"La inspiraci\u00f3n del Lunes por la ma\u00f1ana","datePublished":"2015-03-09T16:19:00+00:00","dateModified":"2016-04-18T11:07:48+00:00","mainEntityOfPage":{"@id":"https:\/\/www.euroresidentes.com\/empresa\/motivacion\/la-inspiracion-del-lunes-por-la-manana\/"},"wordCount":434,"commentCount":1,"image":{"@id":"https:\/\/www.euroresidentes.com\/empresa\/motivacion\/la-inspiracion-del-lunes-por-la-manana\/#primaryimage"},"thumbnailUrl":"https:\/\/www.euroresidentes.com\/empresa\/motivacion\/wp-content\/uploads\/sites\/7\/2015\/03\/la-inspiracion-del-lunes-por-la-ma-C3-B1ana.jpg","articleSection":["Ser Positivo"],"inLanguage":"es","potentialAction":[{"@type":"CommentAction","name":"Comment","target":["https:\/\/www.euroresidentes.com\/empresa\/motivacion\/la-inspiracion-del-lunes-por-la-manana\/#respond"]}]},{"@type":"WebPage","@id":"https:\/\/www.euroresidentes.com\/empresa\/motivacion\/la-inspiracion-del-lunes-por-la-manana\/","url":"https:\/\/www.euroresidentes.com\/empresa\/motivacion\/la-inspiracion-del-lunes-por-la-manana\/","name":"La inspiraci\u00f3n del Lunes por la ma\u00f1ana - Motivaci\u00f3n","isPartOf":{"@id":"https:\/\/www.euroresidentes.com\/empresa\/motivacion\/#website"},"primaryImageOfPage":{"@id":"https:\/\/www.euroresidentes.com\/empresa\/motivacion\/la-inspiracion-del-lunes-por-la-manana\/#primaryimage"},"image":{"@id":"https:\/\/www.euroresidentes.com\/empresa\/motivacion\/la-inspiracion-del-lunes-por-la-manana\/#primaryimage"},"thumbnailUrl":"https:\/\/www.euroresidentes.com\/empresa\/motivacion\/wp-content\/uploads\/sites\/7\/2015\/03\/la-inspiracion-del-lunes-por-la-ma-C3-B1ana.jpg","datePublished":"2015-03-09T16:19:00+00:00","dateModified":"2016-04-18T11:07:48+00:00","author":{"@id":"https:\/\/www.euroresidentes.com\/empresa\/motivacion\/#\/schema\/person\/281adc4944d313f79100bfefb794fbcf"},"breadcrumb":{"@id":"https:\/\/www.euroresidentes.com\/empresa\/motivacion\/la-inspiracion-del-lunes-por-la-manana\/#breadcrumb"},"inLanguage":"es","potentialAction":[{"@type":"ReadAction","target":["https:\/\/www.euroresidentes.com\/empresa\/motivacion\/la-inspiracion-del-lunes-por-la-manana\/"]}]},{"@type":"ImageObject","inLanguage":"es","@id":"https:\/\/www.euroresidentes.com\/empresa\/motivacion\/la-inspiracion-del-lunes-por-la-manana\/#primaryimage","url":"https:\/\/www.euroresidentes.com\/empresa\/motivacion\/wp-content\/uploads\/sites\/7\/2015\/03\/la-inspiracion-del-lunes-por-la-ma-C3-B1ana.jpg","contentUrl":"https:\/\/www.euroresidentes.com\/empresa\/motivacion\/wp-content\/uploads\/sites\/7\/2015\/03\/la-inspiracion-del-lunes-por-la-ma-C3-B1ana.jpg","width":600,"height":450},{"@type":"BreadcrumbList","@id":"https:\/\/www.euroresidentes.com\/empresa\/motivacion\/la-inspiracion-del-lunes-por-la-manana\/#breadcrumb","itemListElement":[{"@type":"ListItem","position":1,"name":"Portada","item":"https:\/\/www.euroresidentes.com\/empresa\/motivacion\/"},{"@type":"ListItem","position":2,"name":"La inspiraci\u00f3n del Lunes por la ma\u00f1ana"}]},{"@type":"WebSite","@id":"https:\/\/www.euroresidentes.com\/empresa\/motivacion\/#website","url":"https:\/\/www.euroresidentes.com\/empresa\/motivacion\/","name":"Motivaci\u00f3n","description":"Euroresidentes","potentialAction":[{"@type":"SearchAction","target":{"@type":"EntryPoint","urlTemplate":"https:\/\/www.euroresidentes.com\/empresa\/motivacion\/?s={search_term_string}"},"query-input":{"@type":"PropertyValueSpecification","valueRequired":true,"valueName":"search_term_string"}}],"inLanguage":"es"},{"@type":"Person","@id":"https:\/\/www.euroresidentes.com\/empresa\/motivacion\/#\/schema\/person\/281adc4944d313f79100bfefb794fbcf","name":"Andrea M\u00e9ndez","image":{"@type":"ImageObject","inLanguage":"es","@id":"https:\/\/www.euroresidentes.com\/empresa\/motivacion\/wp-content\/uploads\/sites\/7\/2016\/02\/foto_Andrea-150x150.png","url":"https:\/\/www.euroresidentes.com\/empresa\/motivacion\/wp-content\/uploads\/sites\/7\/2016\/02\/foto_Andrea-150x150.png","contentUrl":"https:\/\/www.euroresidentes.com\/empresa\/motivacion\/wp-content\/uploads\/sites\/7\/2016\/02\/foto_Andrea-150x150.png","caption":"Andrea M\u00e9ndez"},"description":"Andrea M\u00e9ndezPsic\u00f3loga y autora de blogs orientados a la motivaci\u00f3n, el liderazgo y la superaci\u00f3n personal.","sameAs":["https:\/\/www.euroresidentes.com\/estilo-de-vida\/andrea-mendez","https:\/\/www.facebook.com\/andrea.mendezmolla?fref=ts"],"url":"https:\/\/www.euroresidentes.com\/empresa\/motivacion\/author\/andrea\/"}]}},"_links":{"self":[{"href":"https:\/\/www.euroresidentes.com\/empresa\/motivacion\/wp-json\/wp\/v2\/posts\/24","targetHints":{"allow":["GET"]}}],"collection":[{"href":"https:\/\/www.euroresidentes.com\/empresa\/motivacion\/wp-json\/wp\/v2\/posts"}],"about":[{"href":"https:\/\/www.euroresidentes.com\/empresa\/motivacion\/wp-json\/wp\/v2\/types\/post"}],"author":[{"embeddable":true,"href":"https:\/\/www.euroresidentes.com\/empresa\/motivacion\/wp-json\/wp\/v2\/users\/12"}],"replies":[{"embeddable":true,"href":"https:\/\/www.euroresidentes.com\/empresa\/motivacion\/wp-json\/wp\/v2\/comments?post=24"}],"version-history":[{"count":6,"href":"https:\/\/www.euroresidentes.com\/empresa\/motivacion\/wp-json\/wp\/v2\/posts\/24\/revisions"}],"predecessor-version":[{"id":4098,"href":"https:\/\/www.euroresidentes.com\/empresa\/motivacion\/wp-json\/wp\/v2\/posts\/24\/revisions\/4098"}],"wp:featuredmedia":[{"embeddable":true,"href":"https:\/\/www.euroresidentes.com\/empresa\/motivacion\/wp-json\/wp\/v2\/media\/156"}],"wp:attachment":[{"href":"https:\/\/www.euroresidentes.com\/empresa\/motivacion\/wp-json\/wp\/v2\/media?parent=24"}],"wp:term":[{"taxonomy":"category","embeddable":true,"href":"https:\/\/www.euroresidentes.com\/empresa\/motivacion\/wp-json\/wp\/v2\/categories?post=24"},{"taxonomy":"post_tag","embeddable":true,"href":"https:\/\/www.euroresidentes.com\/empresa\/motivacion\/wp-json\/wp\/v2\/tags?post=24"}],"curies":[{"name":"wp","href":"https:\/\/api.w.org\/{rel}","templated":true}]}}