
{"id":44,"date":"2014-06-02T16:13:00","date_gmt":"2014-06-02T16:13:00","guid":{"rendered":"https:\/\/wp.euroresidentes.com\/empresa\/liderazgo\/2014\/06\/02\/que-convierte-a-un-rey-en-un-lider\/"},"modified":"2016-03-21T11:54:55","modified_gmt":"2016-03-21T11:54:55","slug":"que-convierte-a-un-rey-en-un-lider","status":"publish","type":"post","link":"https:\/\/www.euroresidentes.com\/empresa\/liderazgo\/que-convierte-a-un-rey-en-un-lider\/","title":{"rendered":"\u00bfQu\u00e9 convierte a un Rey en un l\u00edder?"},"content":{"rendered":"<h3 style=\"clear: both;text-align: left\"><span style=\"font-family: Arial, Helvetica, sans-serif\">Un l\u00edder \u00bfnace o se hace?<\/span><\/h3>\n<p>El rey naci\u00f3 siendo rey, pero no l\u00edder. Eso no anula la idea de que un rey tambi\u00e9n puede convertirse en un l\u00edder.<\/p>\n<div style=\"clear: both;text-align: center\"><a style=\"margin-left: 1em;margin-right: 1em\" href=\"http:\/\/3.bp.blogspot.com\/-9LpaNcWw9bU\/U4yiOVeRQsI\/AAAAAAAAFaA\/OjlU-mYjgKc\/s1600\/que-convierte-a-un-rey-en-un-lider.jpg\"><img decoding=\"async\" class=\"aligncenter\" title=\"qu\u00e9 convierte a un Rey en un l\u00edder\" src=\"http:\/\/3.bp.blogspot.com\/-9LpaNcWw9bU\/U4yiOVeRQsI\/AAAAAAAAFaA\/OjlU-mYjgKc\/s1600\/que-convierte-a-un-rey-en-un-lider.jpg\" alt=\"figuras de ajedrez\" border=\"0\" \/><\/a><\/div>\n<p><span style=\"font-family: Arial, Helvetica, sans-serif\"><br \/>\n<\/span><span style=\"font-family: Arial, Helvetica, sans-serif\"><b>Ocasiones que D. Juan Carlos demostr\u00f3 ser un l\u00edder:<\/b><\/span><\/p>\n<ul>\n<li><span style=\"font-family: Arial, Helvetica, sans-serif\"><b>23-F<\/b><\/span><\/li>\n<\/ul>\n<p><span style=\"font-family: Arial, Helvetica, sans-serif\">El golpe de Estado al congreso espa\u00f1ol. Una noche en la que muchos aseguran que fue la noche en la que el Rey gan\u00f3 la corona.<\/span><\/p>\n<div style=\"text-align: center\"><\/div>\n<div style=\"text-align: center\"><\/div>\n<ul>\n<li><span style=\"font-family: Arial, Helvetica, sans-serif\"><b>Espa\u00f1a vs. \u00bf?<\/b><\/span><\/li>\n<\/ul>\n<p><span style=\"font-family: Arial, Helvetica, sans-serif\">Incontables ocasiones son las que el rey ha servido de punto de encuentro entre Espa\u00f1a y numerosos pa\u00edses.\u00a0<\/span><br \/>\n<span style=\"font-family: Arial, Helvetica, sans-serif\">Hace poco el presidente del Comit\u00e9 de asuntos Exteriores norteamericano declaraba que \u00abel liderazgo del Rey D. Juan Carlos se hizo sentir a trav\u00e9s de todo el mundo. Tambi\u00e9n se dedic\u00f3 profundamente a la construcci\u00f3n de un fuerte v\u00ednculo entre los EEUU y Espa\u00f1a\u00bb. \u00a0<\/span><\/p>\n<ul>\n<li><span style=\"font-family: Arial, Helvetica, sans-serif\"><b>11-M<\/b><\/span><\/li>\n<\/ul>\n<p><span style=\"font-family: Arial, Helvetica, sans-serif\">Despu\u00e9s de uno de los peores atentados ocurridos en Espa\u00f1a, el Rey emite un mensaje especial para condenar al terrorismo.<\/span><br \/>\n<span style=\"font-family: Arial, Helvetica, sans-serif\"><br \/>\n<\/span><\/p>\n<div style=\"text-align: center\"><\/div>\n<p>&nbsp;<\/p>\n<div style=\"text-align: center\"><\/div>\n<p>&nbsp;<\/p>\n<ul>\n<li><span style=\"font-family: Arial, Helvetica, sans-serif\"><b>\u00ab\u00bfPor qu\u00e9 no te callas?\u00bb<\/b><\/span><\/li>\n<\/ul>\n<p><span style=\"font-family: Arial, Helvetica, sans-serif\">Durante la cumbre Iberoamericana en Chile el Rey dirigi\u00f3 estas palabras al presidente de Venezuela Hugo Ch\u00e1vez al ver que \u00e9ste no permit\u00eda hablar al presidente de Espa\u00f1a.\u00a0<\/span><br \/>\n<span style=\"font-family: Arial, Helvetica, sans-serif\">Cual l\u00edder defendiendo a su equipo, el Rey defiende a su pueblo.<\/span><\/p>\n<div style=\"text-align: center\"><\/div>\n<ul>\n<li><span style=\"font-family: Arial, Helvetica, sans-serif\"><b>El Rey pide perd\u00f3n<\/b><\/span><\/li>\n<\/ul>\n<p><span style=\"font-family: Arial, Helvetica, sans-serif\">Los reyes, aunque tengan sangre azul, tambi\u00e9n son humanos. Y los humanos se equivocan. No todos piden disculpas por sus errores. El Rey s\u00ed. \u00abLo siento mucho, me he equivocado y no volver\u00e1 a ocurrir\u00bb \u00a0es lo que declar\u00f3 tras las cr\u00edticas recibidas por su cacer\u00edas en safaris de lujo.<\/span><\/p>\n<div style=\"text-align: center\"><\/div>\n<p>&nbsp;<\/p>\n<div style=\"text-align: center\"><\/div>\n<p><span style=\"font-family: Arial, Helvetica, sans-serif\"><b>Ocasiones en las que D. Juan Carlos no demostr\u00f3 ser un l\u00edder:\u00a0<\/b><\/span><\/p>\n<ul>\n<li><span style=\"font-family: Arial, Helvetica, sans-serif\"><b>Caso N\u00f3os<\/b><\/span><\/li>\n<\/ul>\n<p><span style=\"font-family: Arial, Helvetica, sans-serif\">Un esc\u00e1ndalo que muchos aseguran que rompi\u00f3 el lazo entre el Rey y los espa\u00f1oles<\/span><\/p>\n<ul>\n<li><span style=\"font-family: Arial, Helvetica, sans-serif\"><b>Animales asesinados<\/b><\/span><\/li>\n<\/ul>\n<p><span style=\"font-family: Arial, Helvetica, sans-serif\">Pocos cre\u00edan que era real cuando en todos los medios apareci\u00f3 la foto del Rey de Espa\u00f1a con una escopeta de caza y un elefante asesinado detr\u00e1s.<\/span><\/p>\n<div style=\"clear: both;text-align: center\"><a style=\"margin-left: 1em;margin-right: 1em\" href=\"http:\/\/3.bp.blogspot.com\/-Gn6TcjWkNvY\/U42RShUgphI\/AAAAAAAAFbA\/ebL8cNw17zA\/s1600\/rey-elefante-botsuana-abril.jpg\"><img loading=\"lazy\" decoding=\"async\" src=\"http:\/\/3.bp.blogspot.com\/-Gn6TcjWkNvY\/U42RShUgphI\/AAAAAAAAFbA\/ebL8cNw17zA\/s1600\/rey-elefante-botsuana-abril.jpg\" alt=\"\" width=\"320\" height=\"240\" border=\"0\" \/><\/a><\/div>\n<ul>\n<li><span style=\"font-family: Arial, Helvetica, sans-serif\"><b>Caso Corinna<\/b><\/span><\/li>\n<\/ul>\n<p><span style=\"font-family: Arial, Helvetica, sans-serif\">A d\u00eda de hoy a\u00fan no hay nada claro en torno a la relaci\u00f3n entre esta misteriosa mujer y el Rey D. Juan Carlos.<\/span><br \/>\n<span style=\"font-family: Arial, Helvetica, sans-serif\"><br \/>\n<\/span><span style=\"font-family: Arial, Helvetica, sans-serif\"><br \/>\nAhora el legado pasa a su hijo Felipe, el rey m\u00e1s joven y mejor preparado de Europa seg\u00fan muchos. \u00bfCrees que ser\u00e1 un l\u00edder, adem\u00e1s de un rey? Tu opini\u00f3n me interesa. No dudes en compartirla dejando tu comentario. Yo te espero en la pr\u00f3xima. Un saludo enorme, Andrea.\u00a0<\/span><br \/>\n<span style=\"font-family: Arial, Helvetica, sans-serif\"><br \/>\n<\/span><\/p>\n<div style=\"text-align: center\"><\/div>\n<p><span style=\"font-family: Arial, Helvetica, sans-serif\"><span style=\"font-family: Arial, Helvetica, sans-serif\"><br \/>\n<\/span><\/span><span style=\"font-family: Arial, Helvetica, sans-serif\"><b>Temas relacionados con \u00bfQu\u00e9 convierte a un Rey en un l\u00edder?:\u00a0<\/b><\/span><\/p>\n<ul>\n<li><span style=\"font-family: Arial, Helvetica, sans-serif\"><a href=\"http:\/\/10-razones.euroresidentes.com\/2014\/06\/10-razones-por-las-que-el-rey-ha-hecho.html\" target=\"_blank\">10 razones por las que el Rey ha hecho bien en abdicar\u00a0<\/a><\/span><\/li>\n<li><span style=\"font-family: Arial, Helvetica, sans-serif\"><a href=\"http:\/\/frases-citas.euroresidentes.com\/2014\/06\/12-frases-del-rey-juan-carlos-i-que.html\" target=\"_blank\">12 frases del rey Juan Carlos que quedar\u00e1n escritas en la historia<\/a>\u00a0<\/span><\/li>\n<li><span style=\"font-family: Arial, Helvetica, sans-serif\"><a href=\"http:\/\/espana.euroresidentes.com\/2014\/06\/las-mejores-imagenes-de-don-juan-carlos.html\" target=\"_blank\">Las mejores im\u00e1genes de Don Juan Carlos I, rey de Espa\u00f1a<\/a><\/span><\/li>\n<\/ul>\n<p><span style=\"font-family: Arial, Helvetica, sans-serif\"><br \/>\n<\/span><span style=\"font-family: Arial, Helvetica, sans-serif\"><br \/>\n<\/span><\/p>\n<p><!--suscripci\u00f3n --><\/p>\n<p><strong>Suscr\u00edbete al blog para recibir todas las novedades y actualizaciones<\/strong><\/p>\n<p><!--fin suscripci\u00f3n --><\/p>\n<p><!-- antes tabla autor --><\/p>\n","protected":false},"excerpt":{"rendered":"<p>Un l\u00edder \u00bfnace o se hace? El rey naci\u00f3 siendo rey, pero no l\u00edder. Eso no anula la idea de que un rey tambi\u00e9n puede convertirse en un l\u00edder. Ocasiones que D. Juan Carlos demostr\u00f3 ser un l\u00edder: 23-F El golpe de Estado al congreso espa\u00f1ol. Una noche en la que muchos aseguran que fue la noche en la que el Rey gan\u00f3 la corona. Espa\u00f1a vs. \u00bf? Incontables ocasiones son las que el rey ha servido de punto de encuentro entre Espa\u00f1a y numerosos pa\u00edses.\u00a0 Hace poco el presidente del Comit\u00e9 de asuntos Exteriores norteamericano declaraba que \u00abel liderazgo <\/p>\n","protected":false},"author":12,"featured_media":197,"comment_status":"open","ping_status":"open","sticky":false,"template":"","format":"standard","meta":{"footnotes":""},"categories":[9,10],"tags":[],"class_list":["post-44","post","type-post","status-publish","format-standard","has-post-thumbnail","hentry","category-general","category-lideres","has_thumb"],"yoast_head":"<!-- This site is optimized with the Yoast SEO plugin v27.5 - https:\/\/yoast.com\/product\/yoast-seo-wordpress\/ -->\n<title>\u00bfQu\u00e9 convierte a un Rey en un l\u00edder? - Liderazgo<\/title>\n<meta name=\"robots\" content=\"index, follow, max-snippet:-1, max-image-preview:large, max-video-preview:-1\" \/>\n<link rel=\"canonical\" href=\"https:\/\/www.euroresidentes.com\/empresa\/liderazgo\/que-convierte-a-un-rey-en-un-lider\/\" \/>\n<meta property=\"og:locale\" content=\"es_ES\" \/>\n<meta property=\"og:type\" content=\"article\" \/>\n<meta property=\"og:title\" content=\"\u00bfQu\u00e9 convierte a un Rey en un l\u00edder? - Liderazgo\" \/>\n<meta property=\"og:description\" content=\"Un l\u00edder \u00bfnace o se hace? El rey naci\u00f3 siendo rey, pero no l\u00edder. Eso no anula la idea de que un rey tambi\u00e9n puede convertirse en un l\u00edder. Ocasiones que D. Juan Carlos demostr\u00f3 ser un l\u00edder: 23-F El golpe de Estado al congreso espa\u00f1ol. Una noche en la que muchos aseguran que fue la noche en la que el Rey gan\u00f3 la corona. Espa\u00f1a vs. \u00bf? Incontables ocasiones son las que el rey ha servido de punto de encuentro entre Espa\u00f1a y numerosos pa\u00edses.\u00a0 Hace poco el presidente del Comit\u00e9 de asuntos Exteriores norteamericano declaraba que \u00abel liderazgo\" \/>\n<meta property=\"og:url\" content=\"https:\/\/www.euroresidentes.com\/empresa\/liderazgo\/que-convierte-a-un-rey-en-un-lider\/\" \/>\n<meta property=\"og:site_name\" content=\"Liderazgo\" \/>\n<meta property=\"article:publisher\" content=\"https:\/\/www.facebook.com\/sentir.bien.euroresidentes\/\" \/>\n<meta property=\"article:author\" content=\"https:\/\/www.facebook.com\/andrea.mendezmolla?fref=ts\" \/>\n<meta property=\"article:published_time\" content=\"2014-06-02T16:13:00+00:00\" \/>\n<meta property=\"article:modified_time\" content=\"2016-03-21T11:54:55+00:00\" \/>\n<meta property=\"og:image\" content=\"https:\/\/www.euroresidentes.com\/empresa\/liderazgo\/wp-content\/uploads\/sites\/6\/2014\/06\/que-convierte-a-un-rey-en-un-lider.jpg\" \/>\n\t<meta property=\"og:image:width\" content=\"600\" \/>\n\t<meta property=\"og:image:height\" content=\"398\" \/>\n\t<meta property=\"og:image:type\" content=\"image\/jpeg\" \/>\n<meta name=\"author\" content=\"Andrea M\u00e9ndez\" \/>\n<meta name=\"twitter:card\" content=\"summary_large_image\" \/>\n<meta name=\"twitter:label1\" content=\"Written by\" \/>\n\t<meta name=\"twitter:data1\" content=\"Andrea M\u00e9ndez\" \/>\n\t<meta name=\"twitter:label2\" content=\"Est. reading time\" \/>\n\t<meta name=\"twitter:data2\" content=\"2 minutos\" \/>\n<script type=\"application\/ld+json\" class=\"yoast-schema-graph\">{\"@context\":\"https:\\\/\\\/schema.org\",\"@graph\":[{\"@type\":\"Article\",\"@id\":\"https:\\\/\\\/www.euroresidentes.com\\\/empresa\\\/liderazgo\\\/que-convierte-a-un-rey-en-un-lider\\\/#article\",\"isPartOf\":{\"@id\":\"https:\\\/\\\/www.euroresidentes.com\\\/empresa\\\/liderazgo\\\/que-convierte-a-un-rey-en-un-lider\\\/\"},\"author\":{\"name\":\"Andrea M\u00e9ndez\",\"@id\":\"https:\\\/\\\/www.euroresidentes.com\\\/empresa\\\/liderazgo\\\/#\\\/schema\\\/person\\\/281adc4944d313f79100bfefb794fbcf\"},\"headline\":\"\u00bfQu\u00e9 convierte a un Rey en un l\u00edder?\",\"datePublished\":\"2014-06-02T16:13:00+00:00\",\"dateModified\":\"2016-03-21T11:54:55+00:00\",\"mainEntityOfPage\":{\"@id\":\"https:\\\/\\\/www.euroresidentes.com\\\/empresa\\\/liderazgo\\\/que-convierte-a-un-rey-en-un-lider\\\/\"},\"wordCount\":493,\"commentCount\":2,\"image\":{\"@id\":\"https:\\\/\\\/www.euroresidentes.com\\\/empresa\\\/liderazgo\\\/que-convierte-a-un-rey-en-un-lider\\\/#primaryimage\"},\"thumbnailUrl\":\"https:\\\/\\\/www.euroresidentes.com\\\/empresa\\\/liderazgo\\\/wp-content\\\/uploads\\\/sites\\\/6\\\/2014\\\/06\\\/que-convierte-a-un-rey-en-un-lider.jpg\",\"articleSection\":[\"General\",\"L\u00edderes\"],\"inLanguage\":\"es\",\"potentialAction\":[{\"@type\":\"CommentAction\",\"name\":\"Comment\",\"target\":[\"https:\\\/\\\/www.euroresidentes.com\\\/empresa\\\/liderazgo\\\/que-convierte-a-un-rey-en-un-lider\\\/#respond\"]}]},{\"@type\":\"WebPage\",\"@id\":\"https:\\\/\\\/www.euroresidentes.com\\\/empresa\\\/liderazgo\\\/que-convierte-a-un-rey-en-un-lider\\\/\",\"url\":\"https:\\\/\\\/www.euroresidentes.com\\\/empresa\\\/liderazgo\\\/que-convierte-a-un-rey-en-un-lider\\\/\",\"name\":\"\u00bfQu\u00e9 convierte a un Rey en un l\u00edder? - Liderazgo\",\"isPartOf\":{\"@id\":\"https:\\\/\\\/www.euroresidentes.com\\\/empresa\\\/liderazgo\\\/#website\"},\"primaryImageOfPage\":{\"@id\":\"https:\\\/\\\/www.euroresidentes.com\\\/empresa\\\/liderazgo\\\/que-convierte-a-un-rey-en-un-lider\\\/#primaryimage\"},\"image\":{\"@id\":\"https:\\\/\\\/www.euroresidentes.com\\\/empresa\\\/liderazgo\\\/que-convierte-a-un-rey-en-un-lider\\\/#primaryimage\"},\"thumbnailUrl\":\"https:\\\/\\\/www.euroresidentes.com\\\/empresa\\\/liderazgo\\\/wp-content\\\/uploads\\\/sites\\\/6\\\/2014\\\/06\\\/que-convierte-a-un-rey-en-un-lider.jpg\",\"datePublished\":\"2014-06-02T16:13:00+00:00\",\"dateModified\":\"2016-03-21T11:54:55+00:00\",\"author\":{\"@id\":\"https:\\\/\\\/www.euroresidentes.com\\\/empresa\\\/liderazgo\\\/#\\\/schema\\\/person\\\/281adc4944d313f79100bfefb794fbcf\"},\"breadcrumb\":{\"@id\":\"https:\\\/\\\/www.euroresidentes.com\\\/empresa\\\/liderazgo\\\/que-convierte-a-un-rey-en-un-lider\\\/#breadcrumb\"},\"inLanguage\":\"es\",\"potentialAction\":[{\"@type\":\"ReadAction\",\"target\":[\"https:\\\/\\\/www.euroresidentes.com\\\/empresa\\\/liderazgo\\\/que-convierte-a-un-rey-en-un-lider\\\/\"]}]},{\"@type\":\"ImageObject\",\"inLanguage\":\"es\",\"@id\":\"https:\\\/\\\/www.euroresidentes.com\\\/empresa\\\/liderazgo\\\/que-convierte-a-un-rey-en-un-lider\\\/#primaryimage\",\"url\":\"https:\\\/\\\/www.euroresidentes.com\\\/empresa\\\/liderazgo\\\/wp-content\\\/uploads\\\/sites\\\/6\\\/2014\\\/06\\\/que-convierte-a-un-rey-en-un-lider.jpg\",\"contentUrl\":\"https:\\\/\\\/www.euroresidentes.com\\\/empresa\\\/liderazgo\\\/wp-content\\\/uploads\\\/sites\\\/6\\\/2014\\\/06\\\/que-convierte-a-un-rey-en-un-lider.jpg\",\"width\":600,\"height\":398},{\"@type\":\"BreadcrumbList\",\"@id\":\"https:\\\/\\\/www.euroresidentes.com\\\/empresa\\\/liderazgo\\\/que-convierte-a-un-rey-en-un-lider\\\/#breadcrumb\",\"itemListElement\":[{\"@type\":\"ListItem\",\"position\":1,\"name\":\"Portada\",\"item\":\"https:\\\/\\\/www.euroresidentes.com\\\/empresa\\\/liderazgo\\\/\"},{\"@type\":\"ListItem\",\"position\":2,\"name\":\"\u00bfQu\u00e9 convierte a un Rey en un l\u00edder?\"}]},{\"@type\":\"WebSite\",\"@id\":\"https:\\\/\\\/www.euroresidentes.com\\\/empresa\\\/liderazgo\\\/#website\",\"url\":\"https:\\\/\\\/www.euroresidentes.com\\\/empresa\\\/liderazgo\\\/\",\"name\":\"Liderazgo\",\"description\":\"Euroresidentes\",\"potentialAction\":[{\"@type\":\"SearchAction\",\"target\":{\"@type\":\"EntryPoint\",\"urlTemplate\":\"https:\\\/\\\/www.euroresidentes.com\\\/empresa\\\/liderazgo\\\/?s={search_term_string}\"},\"query-input\":{\"@type\":\"PropertyValueSpecification\",\"valueRequired\":true,\"valueName\":\"search_term_string\"}}],\"inLanguage\":\"es\"},{\"@type\":\"Person\",\"@id\":\"https:\\\/\\\/www.euroresidentes.com\\\/empresa\\\/liderazgo\\\/#\\\/schema\\\/person\\\/281adc4944d313f79100bfefb794fbcf\",\"name\":\"Andrea M\u00e9ndez\",\"image\":{\"@type\":\"ImageObject\",\"inLanguage\":\"es\",\"@id\":\"https:\\\/\\\/www.euroresidentes.com\\\/empresa\\\/liderazgo\\\/wp-content\\\/uploads\\\/sites\\\/6\\\/2016\\\/02\\\/foto_Andrea-150x150.png\",\"url\":\"https:\\\/\\\/www.euroresidentes.com\\\/empresa\\\/liderazgo\\\/wp-content\\\/uploads\\\/sites\\\/6\\\/2016\\\/02\\\/foto_Andrea-150x150.png\",\"contentUrl\":\"https:\\\/\\\/www.euroresidentes.com\\\/empresa\\\/liderazgo\\\/wp-content\\\/uploads\\\/sites\\\/6\\\/2016\\\/02\\\/foto_Andrea-150x150.png\",\"caption\":\"Andrea M\u00e9ndez\"},\"description\":\"Andrea M\u00e9ndezPsic\u00f3loga y autora de blogs orientados a la motivaci\u00f3n, el liderazgo y la superaci\u00f3n personal.\",\"sameAs\":[\"https:\\\/\\\/www.euroresidentes.com\\\/estilo-de-vida\\\/andrea-mendez\",\"https:\\\/\\\/www.facebook.com\\\/andrea.mendezmolla?fref=ts\"],\"url\":\"https:\\\/\\\/www.euroresidentes.com\\\/empresa\\\/liderazgo\\\/author\\\/andrea\\\/\"}]}<\/script>\n<!-- \/ Yoast SEO plugin. -->","yoast_head_json":{"title":"\u00bfQu\u00e9 convierte a un Rey en un l\u00edder? - Liderazgo","robots":{"index":"index","follow":"follow","max-snippet":"max-snippet:-1","max-image-preview":"max-image-preview:large","max-video-preview":"max-video-preview:-1"},"canonical":"https:\/\/www.euroresidentes.com\/empresa\/liderazgo\/que-convierte-a-un-rey-en-un-lider\/","og_locale":"es_ES","og_type":"article","og_title":"\u00bfQu\u00e9 convierte a un Rey en un l\u00edder? - Liderazgo","og_description":"Un l\u00edder \u00bfnace o se hace? El rey naci\u00f3 siendo rey, pero no l\u00edder. Eso no anula la idea de que un rey tambi\u00e9n puede convertirse en un l\u00edder. Ocasiones que D. Juan Carlos demostr\u00f3 ser un l\u00edder: 23-F El golpe de Estado al congreso espa\u00f1ol. Una noche en la que muchos aseguran que fue la noche en la que el Rey gan\u00f3 la corona. Espa\u00f1a vs. \u00bf? Incontables ocasiones son las que el rey ha servido de punto de encuentro entre Espa\u00f1a y numerosos pa\u00edses.\u00a0 Hace poco el presidente del Comit\u00e9 de asuntos Exteriores norteamericano declaraba que \u00abel liderazgo","og_url":"https:\/\/www.euroresidentes.com\/empresa\/liderazgo\/que-convierte-a-un-rey-en-un-lider\/","og_site_name":"Liderazgo","article_publisher":"https:\/\/www.facebook.com\/sentir.bien.euroresidentes\/","article_author":"https:\/\/www.facebook.com\/andrea.mendezmolla?fref=ts","article_published_time":"2014-06-02T16:13:00+00:00","article_modified_time":"2016-03-21T11:54:55+00:00","og_image":[{"width":600,"height":398,"url":"https:\/\/www.euroresidentes.com\/empresa\/liderazgo\/wp-content\/uploads\/sites\/6\/2014\/06\/que-convierte-a-un-rey-en-un-lider.jpg","type":"image\/jpeg"}],"author":"Andrea M\u00e9ndez","twitter_card":"summary_large_image","twitter_misc":{"Written by":"Andrea M\u00e9ndez","Est. reading time":"2 minutos"},"schema":{"@context":"https:\/\/schema.org","@graph":[{"@type":"Article","@id":"https:\/\/www.euroresidentes.com\/empresa\/liderazgo\/que-convierte-a-un-rey-en-un-lider\/#article","isPartOf":{"@id":"https:\/\/www.euroresidentes.com\/empresa\/liderazgo\/que-convierte-a-un-rey-en-un-lider\/"},"author":{"name":"Andrea M\u00e9ndez","@id":"https:\/\/www.euroresidentes.com\/empresa\/liderazgo\/#\/schema\/person\/281adc4944d313f79100bfefb794fbcf"},"headline":"\u00bfQu\u00e9 convierte a un Rey en un l\u00edder?","datePublished":"2014-06-02T16:13:00+00:00","dateModified":"2016-03-21T11:54:55+00:00","mainEntityOfPage":{"@id":"https:\/\/www.euroresidentes.com\/empresa\/liderazgo\/que-convierte-a-un-rey-en-un-lider\/"},"wordCount":493,"commentCount":2,"image":{"@id":"https:\/\/www.euroresidentes.com\/empresa\/liderazgo\/que-convierte-a-un-rey-en-un-lider\/#primaryimage"},"thumbnailUrl":"https:\/\/www.euroresidentes.com\/empresa\/liderazgo\/wp-content\/uploads\/sites\/6\/2014\/06\/que-convierte-a-un-rey-en-un-lider.jpg","articleSection":["General","L\u00edderes"],"inLanguage":"es","potentialAction":[{"@type":"CommentAction","name":"Comment","target":["https:\/\/www.euroresidentes.com\/empresa\/liderazgo\/que-convierte-a-un-rey-en-un-lider\/#respond"]}]},{"@type":"WebPage","@id":"https:\/\/www.euroresidentes.com\/empresa\/liderazgo\/que-convierte-a-un-rey-en-un-lider\/","url":"https:\/\/www.euroresidentes.com\/empresa\/liderazgo\/que-convierte-a-un-rey-en-un-lider\/","name":"\u00bfQu\u00e9 convierte a un Rey en un l\u00edder? - Liderazgo","isPartOf":{"@id":"https:\/\/www.euroresidentes.com\/empresa\/liderazgo\/#website"},"primaryImageOfPage":{"@id":"https:\/\/www.euroresidentes.com\/empresa\/liderazgo\/que-convierte-a-un-rey-en-un-lider\/#primaryimage"},"image":{"@id":"https:\/\/www.euroresidentes.com\/empresa\/liderazgo\/que-convierte-a-un-rey-en-un-lider\/#primaryimage"},"thumbnailUrl":"https:\/\/www.euroresidentes.com\/empresa\/liderazgo\/wp-content\/uploads\/sites\/6\/2014\/06\/que-convierte-a-un-rey-en-un-lider.jpg","datePublished":"2014-06-02T16:13:00+00:00","dateModified":"2016-03-21T11:54:55+00:00","author":{"@id":"https:\/\/www.euroresidentes.com\/empresa\/liderazgo\/#\/schema\/person\/281adc4944d313f79100bfefb794fbcf"},"breadcrumb":{"@id":"https:\/\/www.euroresidentes.com\/empresa\/liderazgo\/que-convierte-a-un-rey-en-un-lider\/#breadcrumb"},"inLanguage":"es","potentialAction":[{"@type":"ReadAction","target":["https:\/\/www.euroresidentes.com\/empresa\/liderazgo\/que-convierte-a-un-rey-en-un-lider\/"]}]},{"@type":"ImageObject","inLanguage":"es","@id":"https:\/\/www.euroresidentes.com\/empresa\/liderazgo\/que-convierte-a-un-rey-en-un-lider\/#primaryimage","url":"https:\/\/www.euroresidentes.com\/empresa\/liderazgo\/wp-content\/uploads\/sites\/6\/2014\/06\/que-convierte-a-un-rey-en-un-lider.jpg","contentUrl":"https:\/\/www.euroresidentes.com\/empresa\/liderazgo\/wp-content\/uploads\/sites\/6\/2014\/06\/que-convierte-a-un-rey-en-un-lider.jpg","width":600,"height":398},{"@type":"BreadcrumbList","@id":"https:\/\/www.euroresidentes.com\/empresa\/liderazgo\/que-convierte-a-un-rey-en-un-lider\/#breadcrumb","itemListElement":[{"@type":"ListItem","position":1,"name":"Portada","item":"https:\/\/www.euroresidentes.com\/empresa\/liderazgo\/"},{"@type":"ListItem","position":2,"name":"\u00bfQu\u00e9 convierte a un Rey en un l\u00edder?"}]},{"@type":"WebSite","@id":"https:\/\/www.euroresidentes.com\/empresa\/liderazgo\/#website","url":"https:\/\/www.euroresidentes.com\/empresa\/liderazgo\/","name":"Liderazgo","description":"Euroresidentes","potentialAction":[{"@type":"SearchAction","target":{"@type":"EntryPoint","urlTemplate":"https:\/\/www.euroresidentes.com\/empresa\/liderazgo\/?s={search_term_string}"},"query-input":{"@type":"PropertyValueSpecification","valueRequired":true,"valueName":"search_term_string"}}],"inLanguage":"es"},{"@type":"Person","@id":"https:\/\/www.euroresidentes.com\/empresa\/liderazgo\/#\/schema\/person\/281adc4944d313f79100bfefb794fbcf","name":"Andrea M\u00e9ndez","image":{"@type":"ImageObject","inLanguage":"es","@id":"https:\/\/www.euroresidentes.com\/empresa\/liderazgo\/wp-content\/uploads\/sites\/6\/2016\/02\/foto_Andrea-150x150.png","url":"https:\/\/www.euroresidentes.com\/empresa\/liderazgo\/wp-content\/uploads\/sites\/6\/2016\/02\/foto_Andrea-150x150.png","contentUrl":"https:\/\/www.euroresidentes.com\/empresa\/liderazgo\/wp-content\/uploads\/sites\/6\/2016\/02\/foto_Andrea-150x150.png","caption":"Andrea M\u00e9ndez"},"description":"Andrea M\u00e9ndezPsic\u00f3loga y autora de blogs orientados a la motivaci\u00f3n, el liderazgo y la superaci\u00f3n personal.","sameAs":["https:\/\/www.euroresidentes.com\/estilo-de-vida\/andrea-mendez","https:\/\/www.facebook.com\/andrea.mendezmolla?fref=ts"],"url":"https:\/\/www.euroresidentes.com\/empresa\/liderazgo\/author\/andrea\/"}]}},"_links":{"self":[{"href":"https:\/\/www.euroresidentes.com\/empresa\/liderazgo\/wp-json\/wp\/v2\/posts\/44","targetHints":{"allow":["GET"]}}],"collection":[{"href":"https:\/\/www.euroresidentes.com\/empresa\/liderazgo\/wp-json\/wp\/v2\/posts"}],"about":[{"href":"https:\/\/www.euroresidentes.com\/empresa\/liderazgo\/wp-json\/wp\/v2\/types\/post"}],"author":[{"embeddable":true,"href":"https:\/\/www.euroresidentes.com\/empresa\/liderazgo\/wp-json\/wp\/v2\/users\/12"}],"replies":[{"embeddable":true,"href":"https:\/\/www.euroresidentes.com\/empresa\/liderazgo\/wp-json\/wp\/v2\/comments?post=44"}],"version-history":[{"count":4,"href":"https:\/\/www.euroresidentes.com\/empresa\/liderazgo\/wp-json\/wp\/v2\/posts\/44\/revisions"}],"predecessor-version":[{"id":542,"href":"https:\/\/www.euroresidentes.com\/empresa\/liderazgo\/wp-json\/wp\/v2\/posts\/44\/revisions\/542"}],"wp:featuredmedia":[{"embeddable":true,"href":"https:\/\/www.euroresidentes.com\/empresa\/liderazgo\/wp-json\/wp\/v2\/media\/197"}],"wp:attachment":[{"href":"https:\/\/www.euroresidentes.com\/empresa\/liderazgo\/wp-json\/wp\/v2\/media?parent=44"}],"wp:term":[{"taxonomy":"category","embeddable":true,"href":"https:\/\/www.euroresidentes.com\/empresa\/liderazgo\/wp-json\/wp\/v2\/categories?post=44"},{"taxonomy":"post_tag","embeddable":true,"href":"https:\/\/www.euroresidentes.com\/empresa\/liderazgo\/wp-json\/wp\/v2\/tags?post=44"}],"curies":[{"name":"wp","href":"https:\/\/api.w.org\/{rel}","templated":true}]}}