
{"id":31,"date":"2014-10-08T15:36:00","date_gmt":"2014-10-08T15:36:00","guid":{"rendered":"https:\/\/wp.euroresidentes.com\/empresa\/liderazgo\/2014\/10\/08\/liderazgo-dinamico\/"},"modified":"2016-03-21T11:43:15","modified_gmt":"2016-03-21T11:43:15","slug":"liderazgo-dinamic","status":"publish","type":"post","link":"https:\/\/www.euroresidentes.com\/empresa\/liderazgo\/liderazgo-dinamic\/","title":{"rendered":"Liderazgo din\u00e1mico"},"content":{"rendered":"<h3><span style=\"font-family: Arial, Helvetica, sans-serif\">Concepto de Liderazgo din\u00e1mico\u00a0<\/span><\/h3>\n<p><span style=\"font-family: Arial, Helvetica, sans-serif\">Definici\u00f3n de liderazgo din\u00e1mico\u00a0<\/span><br \/>\n<span style=\"font-family: Arial, Helvetica, sans-serif\">Si eres lo que Jim Collins llama un l\u00edder nivel 5, eres probablemente un l\u00edder din\u00e1mico. Si tienes lo que Stephen Covey llama interdependencia, es probable que seas un l\u00edder din\u00e1mico. Si tienes lo que Noel Tichy llama \u00abun punto de vista ense\u00f1able\u00bb, probablemente seas un l\u00edder din\u00e1mico. Si Carl Jung declarara que eres un ser individualizado o Abraham Maslow considerara que eres un ser auto-actualizado, es probable que seas un l\u00edder din\u00e1mico. Si ves que tu respuesta es la m\u00e1s influyente en cualquier situaci\u00f3n, probablemente seas un l\u00edder din\u00e1mico.\u00a0<\/span><\/p>\n<p>&nbsp;<\/p>\n<div style=\"clear: both;text-align: center\"><a style=\"margin-left: 1em;margin-right: 1em\" href=\"http:\/\/1.bp.blogspot.com\/-XAM-t3uzVUo\/VDVZcaTtLgI\/AAAAAAAALAk\/mbrOYcXQGf0\/s1600\/liderazgo-dinamico.jpg\"><img decoding=\"async\" class=\"aligncenter\" title=\"Liderazgo din\u00e1mico\" src=\"http:\/\/1.bp.blogspot.com\/-XAM-t3uzVUo\/VDVZcaTtLgI\/AAAAAAAALAk\/mbrOYcXQGf0\/s1600\/liderazgo-dinamico.jpg\" alt=\"\" border=\"0\" \/><\/a><\/div>\n<p style=\"text-align: left\"><span style=\"font-family: Arial, Helvetica, sans-serif\"><br \/>\n<\/span><span style=\"font-family: Arial, Helvetica, sans-serif\"><b>Definici\u00f3n de liderazgo din\u00e1mico\u00a0<\/b><\/span><\/p>\n<ul>\n<li><span style=\"font-family: Arial, Helvetica, sans-serif\">El liderazgo din\u00e1mico se da cuando el l\u00edder es una persona que:\u00a0<\/span><\/li>\n<li><span style=\"font-family: Arial, Helvetica, sans-serif\">Dice siempre la verdad, cumple sus promesas, y tiene el coraje moral para defender siempre sus creencias.\u00a0<\/span><\/li>\n<li><span style=\"font-family: Arial, Helvetica, sans-serif\">Respeta tanto a los dem\u00e1s como a \u00e9l mismo.\u00a0<\/span><\/li>\n<li><span style=\"font-family: Arial, Helvetica, sans-serif\">Asume la responsabilidad y toma el mando para hacer lo que se supone que debe hacer.\u00a0<\/span><\/li>\n<li><span style=\"font-family: Arial, Helvetica, sans-serif\">Es justo y se adapta a las reglas del juego.\u00a0<\/span><\/li>\n<li><span style=\"font-family: Arial, Helvetica, sans-serif\">Coopera y construye una mejor comunidad de trabajo.\u00a0<\/span><\/li>\n<li><span style=\"font-family: Arial, Helvetica, sans-serif\">Practica estrategias para el manejo de conflictos, por lo que: gestiona sus propias emociones, practica la asertividad y promueve la mediaci\u00f3n.\u00a0<\/span><\/li>\n<li><span style=\"font-family: Arial, Helvetica, sans-serif\">Reflexiona antes de hablar.\u00a0<\/span><\/li>\n<li><span style=\"font-family: Arial, Helvetica, sans-serif\">Invierte los roles para entender el punto de vista de la otra persona\u00a0<\/span><\/li>\n<\/ul>\n<p><span style=\"font-family: Arial, Helvetica, sans-serif\"><br \/>\n<\/span><span style=\"font-family: Arial, Helvetica, sans-serif\"><b>Caracter\u00edsticas del l\u00edder din\u00e1mico<\/b><\/span><\/p>\n<ul>\n<li><span style=\"font-family: Arial, Helvetica, sans-serif\">Y es que un l\u00edder din\u00e1mico es alguien que&#8230;<\/span><\/li>\n<li><span style=\"font-family: Arial, Helvetica, sans-serif\">Promueve la influencia basada en el compromiso y la comunicaci\u00f3n.\u00a0<\/span><\/li>\n<li><span style=\"font-family: Arial, Helvetica, sans-serif\">Progresivamente aclara y afina su filosof\u00eda de liderazgo y la comparte con los dem\u00e1s.\u00a0<\/span><\/li>\n<li><span style=\"font-family: Arial, Helvetica, sans-serif\">Sabe cu\u00e1ndo liderar, cu\u00e1ndo mandar y cu\u00e1ndo retirarse.\u00a0<\/span><\/li>\n<li><span style=\"font-family: Arial, Helvetica, sans-serif\">Emplea la mente del principiante para obtener nuevas perspectivas.\u00a0<\/span><\/li>\n<li><span style=\"font-family: Arial, Helvetica, sans-serif\">Da poder a otros mediante la participaci\u00f3n de sus puntos fuertes m\u00e1s que por la instrucci\u00f3n.\u00a0<\/span><\/li>\n<li><span style=\"font-family: Arial, Helvetica, sans-serif\">No necesita utilizar su rol de l\u00edder para influir.\u00a0<\/span><\/li>\n<li><span style=\"font-family: Arial, Helvetica, sans-serif\">Estudia otras din\u00e1micas de otros l\u00edderes exitosas.\u00a0<\/span><\/li>\n<li><span style=\"font-family: Arial, Helvetica, sans-serif\">Es proactivo y creativo.\u00a0<\/span><\/li>\n<li><span style=\"font-family: Arial, Helvetica, sans-serif\">Anal\u00edtico.\u00a0<\/span><\/li>\n<\/ul>\n<p><span style=\"font-family: Arial, Helvetica, sans-serif\">Pero sobre todo, sobre todo, lo que caracteriza y defina a l\u00edder carism\u00e1tico es la ausencia de miedo. Si un l\u00edder engendra temor es probable que toda una empresa se vaya a la quiebra.\u00a0<\/span><br \/>\n<span style=\"font-family: Arial, Helvetica, sans-serif\"><br \/>\n<\/span><span style=\"font-family: Arial, Helvetica, sans-serif\"><i>\u00abA menos que est\u00e9s dispuesto a asumir riesgos, nunca sabr\u00e1s de lo que eres capaz. Y por esa misma raz\u00f3n siempre tendr\u00e1s miedo de lo diferente\u00bb.<\/i> Kim Campbell <\/span><\/p>\n<p><!--suscripci\u00f3n --><\/p>\n<p><strong>Suscr\u00edbete al blog para recibir todas las novedades y actualizaciones<\/strong><\/p>\n<p><!--fin suscripci\u00f3n --><\/p>\n<p><!-- antes tabla autor --><\/p>\n","protected":false},"excerpt":{"rendered":"<p>Concepto de Liderazgo din\u00e1mico\u00a0 Definici\u00f3n de liderazgo din\u00e1mico\u00a0 Si eres lo que Jim Collins llama un l\u00edder nivel 5, eres probablemente un l\u00edder din\u00e1mico. Si tienes lo que Stephen Covey llama interdependencia, es probable que seas un l\u00edder din\u00e1mico. Si tienes lo que Noel Tichy llama \u00abun punto de vista ense\u00f1able\u00bb, probablemente seas un l\u00edder din\u00e1mico. Si Carl Jung declarara que eres un ser individualizado o Abraham Maslow considerara que eres un ser auto-actualizado, es probable que seas un l\u00edder din\u00e1mico. Si ves que tu respuesta es la m\u00e1s influyente en cualquier situaci\u00f3n, probablemente seas un l\u00edder din\u00e1mico.\u00a0 &nbsp; Definici\u00f3n <\/p>\n","protected":false},"author":12,"featured_media":147,"comment_status":"open","ping_status":"open","sticky":false,"template":"","format":"standard","meta":{"footnotes":""},"categories":[13],"tags":[7],"class_list":["post-31","post","type-post","status-publish","format-standard","has-post-thumbnail","hentry","category-conceptos","tag-tipos-liderazgo","has_thumb"],"yoast_head":"<!-- This site is optimized with the Yoast SEO plugin v27.5 - https:\/\/yoast.com\/product\/yoast-seo-wordpress\/ -->\n<title>Liderazgo din\u00e1mico - Liderazgo<\/title>\n<meta name=\"robots\" content=\"index, follow, max-snippet:-1, max-image-preview:large, max-video-preview:-1\" \/>\n<link rel=\"canonical\" href=\"https:\/\/www.euroresidentes.com\/empresa\/liderazgo\/liderazgo-dinamic\/\" \/>\n<meta property=\"og:locale\" content=\"es_ES\" \/>\n<meta property=\"og:type\" content=\"article\" \/>\n<meta property=\"og:title\" content=\"Liderazgo din\u00e1mico - Liderazgo\" \/>\n<meta property=\"og:description\" content=\"Concepto de Liderazgo din\u00e1mico\u00a0 Definici\u00f3n de liderazgo din\u00e1mico\u00a0 Si eres lo que Jim Collins llama un l\u00edder nivel 5, eres probablemente un l\u00edder din\u00e1mico. Si tienes lo que Stephen Covey llama interdependencia, es probable que seas un l\u00edder din\u00e1mico. Si tienes lo que Noel Tichy llama \u00abun punto de vista ense\u00f1able\u00bb, probablemente seas un l\u00edder din\u00e1mico. Si Carl Jung declarara que eres un ser individualizado o Abraham Maslow considerara que eres un ser auto-actualizado, es probable que seas un l\u00edder din\u00e1mico. Si ves que tu respuesta es la m\u00e1s influyente en cualquier situaci\u00f3n, probablemente seas un l\u00edder din\u00e1mico.\u00a0 &nbsp; Definici\u00f3n\" \/>\n<meta property=\"og:url\" content=\"https:\/\/www.euroresidentes.com\/empresa\/liderazgo\/liderazgo-dinamic\/\" \/>\n<meta property=\"og:site_name\" content=\"Liderazgo\" \/>\n<meta property=\"article:publisher\" content=\"https:\/\/www.facebook.com\/sentir.bien.euroresidentes\/\" \/>\n<meta property=\"article:author\" content=\"https:\/\/www.facebook.com\/andrea.mendezmolla?fref=ts\" \/>\n<meta property=\"article:published_time\" content=\"2014-10-08T15:36:00+00:00\" \/>\n<meta property=\"article:modified_time\" content=\"2016-03-21T11:43:15+00:00\" \/>\n<meta property=\"og:image\" content=\"https:\/\/www.euroresidentes.com\/empresa\/liderazgo\/wp-content\/uploads\/sites\/6\/2014\/10\/liderazgo-dinamico.jpg\" \/>\n\t<meta property=\"og:image:width\" content=\"600\" \/>\n\t<meta property=\"og:image:height\" content=\"450\" \/>\n\t<meta property=\"og:image:type\" content=\"image\/jpeg\" \/>\n<meta name=\"author\" content=\"Andrea M\u00e9ndez\" \/>\n<meta name=\"twitter:card\" content=\"summary_large_image\" \/>\n<meta name=\"twitter:label1\" content=\"Written by\" \/>\n\t<meta name=\"twitter:data1\" content=\"Andrea M\u00e9ndez\" \/>\n\t<meta name=\"twitter:label2\" content=\"Est. reading time\" \/>\n\t<meta name=\"twitter:data2\" content=\"2 minutos\" \/>\n<script type=\"application\/ld+json\" class=\"yoast-schema-graph\">{\"@context\":\"https:\\\/\\\/schema.org\",\"@graph\":[{\"@type\":\"Article\",\"@id\":\"https:\\\/\\\/www.euroresidentes.com\\\/empresa\\\/liderazgo\\\/liderazgo-dinamic\\\/#article\",\"isPartOf\":{\"@id\":\"https:\\\/\\\/www.euroresidentes.com\\\/empresa\\\/liderazgo\\\/liderazgo-dinamic\\\/\"},\"author\":{\"name\":\"Andrea M\u00e9ndez\",\"@id\":\"https:\\\/\\\/www.euroresidentes.com\\\/empresa\\\/liderazgo\\\/#\\\/schema\\\/person\\\/281adc4944d313f79100bfefb794fbcf\"},\"headline\":\"Liderazgo din\u00e1mico\",\"datePublished\":\"2014-10-08T15:36:00+00:00\",\"dateModified\":\"2016-03-21T11:43:15+00:00\",\"mainEntityOfPage\":{\"@id\":\"https:\\\/\\\/www.euroresidentes.com\\\/empresa\\\/liderazgo\\\/liderazgo-dinamic\\\/\"},\"wordCount\":427,\"commentCount\":0,\"image\":{\"@id\":\"https:\\\/\\\/www.euroresidentes.com\\\/empresa\\\/liderazgo\\\/liderazgo-dinamic\\\/#primaryimage\"},\"thumbnailUrl\":\"https:\\\/\\\/www.euroresidentes.com\\\/empresa\\\/liderazgo\\\/wp-content\\\/uploads\\\/sites\\\/6\\\/2014\\\/10\\\/liderazgo-dinamico.jpg\",\"keywords\":[\"tipos liderazgo\"],\"articleSection\":[\"Conceptos\"],\"inLanguage\":\"es\",\"potentialAction\":[{\"@type\":\"CommentAction\",\"name\":\"Comment\",\"target\":[\"https:\\\/\\\/www.euroresidentes.com\\\/empresa\\\/liderazgo\\\/liderazgo-dinamic\\\/#respond\"]}]},{\"@type\":\"WebPage\",\"@id\":\"https:\\\/\\\/www.euroresidentes.com\\\/empresa\\\/liderazgo\\\/liderazgo-dinamic\\\/\",\"url\":\"https:\\\/\\\/www.euroresidentes.com\\\/empresa\\\/liderazgo\\\/liderazgo-dinamic\\\/\",\"name\":\"Liderazgo din\u00e1mico - Liderazgo\",\"isPartOf\":{\"@id\":\"https:\\\/\\\/www.euroresidentes.com\\\/empresa\\\/liderazgo\\\/#website\"},\"primaryImageOfPage\":{\"@id\":\"https:\\\/\\\/www.euroresidentes.com\\\/empresa\\\/liderazgo\\\/liderazgo-dinamic\\\/#primaryimage\"},\"image\":{\"@id\":\"https:\\\/\\\/www.euroresidentes.com\\\/empresa\\\/liderazgo\\\/liderazgo-dinamic\\\/#primaryimage\"},\"thumbnailUrl\":\"https:\\\/\\\/www.euroresidentes.com\\\/empresa\\\/liderazgo\\\/wp-content\\\/uploads\\\/sites\\\/6\\\/2014\\\/10\\\/liderazgo-dinamico.jpg\",\"datePublished\":\"2014-10-08T15:36:00+00:00\",\"dateModified\":\"2016-03-21T11:43:15+00:00\",\"author\":{\"@id\":\"https:\\\/\\\/www.euroresidentes.com\\\/empresa\\\/liderazgo\\\/#\\\/schema\\\/person\\\/281adc4944d313f79100bfefb794fbcf\"},\"breadcrumb\":{\"@id\":\"https:\\\/\\\/www.euroresidentes.com\\\/empresa\\\/liderazgo\\\/liderazgo-dinamic\\\/#breadcrumb\"},\"inLanguage\":\"es\",\"potentialAction\":[{\"@type\":\"ReadAction\",\"target\":[\"https:\\\/\\\/www.euroresidentes.com\\\/empresa\\\/liderazgo\\\/liderazgo-dinamic\\\/\"]}]},{\"@type\":\"ImageObject\",\"inLanguage\":\"es\",\"@id\":\"https:\\\/\\\/www.euroresidentes.com\\\/empresa\\\/liderazgo\\\/liderazgo-dinamic\\\/#primaryimage\",\"url\":\"https:\\\/\\\/www.euroresidentes.com\\\/empresa\\\/liderazgo\\\/wp-content\\\/uploads\\\/sites\\\/6\\\/2014\\\/10\\\/liderazgo-dinamico.jpg\",\"contentUrl\":\"https:\\\/\\\/www.euroresidentes.com\\\/empresa\\\/liderazgo\\\/wp-content\\\/uploads\\\/sites\\\/6\\\/2014\\\/10\\\/liderazgo-dinamico.jpg\",\"width\":600,\"height\":450,\"caption\":\"liderazgo-dinamico\"},{\"@type\":\"BreadcrumbList\",\"@id\":\"https:\\\/\\\/www.euroresidentes.com\\\/empresa\\\/liderazgo\\\/liderazgo-dinamic\\\/#breadcrumb\",\"itemListElement\":[{\"@type\":\"ListItem\",\"position\":1,\"name\":\"Portada\",\"item\":\"https:\\\/\\\/www.euroresidentes.com\\\/empresa\\\/liderazgo\\\/\"},{\"@type\":\"ListItem\",\"position\":2,\"name\":\"Liderazgo din\u00e1mico\"}]},{\"@type\":\"WebSite\",\"@id\":\"https:\\\/\\\/www.euroresidentes.com\\\/empresa\\\/liderazgo\\\/#website\",\"url\":\"https:\\\/\\\/www.euroresidentes.com\\\/empresa\\\/liderazgo\\\/\",\"name\":\"Liderazgo\",\"description\":\"Euroresidentes\",\"potentialAction\":[{\"@type\":\"SearchAction\",\"target\":{\"@type\":\"EntryPoint\",\"urlTemplate\":\"https:\\\/\\\/www.euroresidentes.com\\\/empresa\\\/liderazgo\\\/?s={search_term_string}\"},\"query-input\":{\"@type\":\"PropertyValueSpecification\",\"valueRequired\":true,\"valueName\":\"search_term_string\"}}],\"inLanguage\":\"es\"},{\"@type\":\"Person\",\"@id\":\"https:\\\/\\\/www.euroresidentes.com\\\/empresa\\\/liderazgo\\\/#\\\/schema\\\/person\\\/281adc4944d313f79100bfefb794fbcf\",\"name\":\"Andrea M\u00e9ndez\",\"image\":{\"@type\":\"ImageObject\",\"inLanguage\":\"es\",\"@id\":\"https:\\\/\\\/www.euroresidentes.com\\\/empresa\\\/liderazgo\\\/wp-content\\\/uploads\\\/sites\\\/6\\\/2016\\\/02\\\/foto_Andrea-150x150.png\",\"url\":\"https:\\\/\\\/www.euroresidentes.com\\\/empresa\\\/liderazgo\\\/wp-content\\\/uploads\\\/sites\\\/6\\\/2016\\\/02\\\/foto_Andrea-150x150.png\",\"contentUrl\":\"https:\\\/\\\/www.euroresidentes.com\\\/empresa\\\/liderazgo\\\/wp-content\\\/uploads\\\/sites\\\/6\\\/2016\\\/02\\\/foto_Andrea-150x150.png\",\"caption\":\"Andrea M\u00e9ndez\"},\"description\":\"Andrea M\u00e9ndezPsic\u00f3loga y autora de blogs orientados a la motivaci\u00f3n, el liderazgo y la superaci\u00f3n personal.\",\"sameAs\":[\"https:\\\/\\\/www.euroresidentes.com\\\/estilo-de-vida\\\/andrea-mendez\",\"https:\\\/\\\/www.facebook.com\\\/andrea.mendezmolla?fref=ts\"],\"url\":\"https:\\\/\\\/www.euroresidentes.com\\\/empresa\\\/liderazgo\\\/author\\\/andrea\\\/\"}]}<\/script>\n<!-- \/ Yoast SEO plugin. -->","yoast_head_json":{"title":"Liderazgo din\u00e1mico - Liderazgo","robots":{"index":"index","follow":"follow","max-snippet":"max-snippet:-1","max-image-preview":"max-image-preview:large","max-video-preview":"max-video-preview:-1"},"canonical":"https:\/\/www.euroresidentes.com\/empresa\/liderazgo\/liderazgo-dinamic\/","og_locale":"es_ES","og_type":"article","og_title":"Liderazgo din\u00e1mico - Liderazgo","og_description":"Concepto de Liderazgo din\u00e1mico\u00a0 Definici\u00f3n de liderazgo din\u00e1mico\u00a0 Si eres lo que Jim Collins llama un l\u00edder nivel 5, eres probablemente un l\u00edder din\u00e1mico. Si tienes lo que Stephen Covey llama interdependencia, es probable que seas un l\u00edder din\u00e1mico. Si tienes lo que Noel Tichy llama \u00abun punto de vista ense\u00f1able\u00bb, probablemente seas un l\u00edder din\u00e1mico. Si Carl Jung declarara que eres un ser individualizado o Abraham Maslow considerara que eres un ser auto-actualizado, es probable que seas un l\u00edder din\u00e1mico. Si ves que tu respuesta es la m\u00e1s influyente en cualquier situaci\u00f3n, probablemente seas un l\u00edder din\u00e1mico.\u00a0 &nbsp; Definici\u00f3n","og_url":"https:\/\/www.euroresidentes.com\/empresa\/liderazgo\/liderazgo-dinamic\/","og_site_name":"Liderazgo","article_publisher":"https:\/\/www.facebook.com\/sentir.bien.euroresidentes\/","article_author":"https:\/\/www.facebook.com\/andrea.mendezmolla?fref=ts","article_published_time":"2014-10-08T15:36:00+00:00","article_modified_time":"2016-03-21T11:43:15+00:00","og_image":[{"width":600,"height":450,"url":"https:\/\/www.euroresidentes.com\/empresa\/liderazgo\/wp-content\/uploads\/sites\/6\/2014\/10\/liderazgo-dinamico.jpg","type":"image\/jpeg"}],"author":"Andrea M\u00e9ndez","twitter_card":"summary_large_image","twitter_misc":{"Written by":"Andrea M\u00e9ndez","Est. reading time":"2 minutos"},"schema":{"@context":"https:\/\/schema.org","@graph":[{"@type":"Article","@id":"https:\/\/www.euroresidentes.com\/empresa\/liderazgo\/liderazgo-dinamic\/#article","isPartOf":{"@id":"https:\/\/www.euroresidentes.com\/empresa\/liderazgo\/liderazgo-dinamic\/"},"author":{"name":"Andrea M\u00e9ndez","@id":"https:\/\/www.euroresidentes.com\/empresa\/liderazgo\/#\/schema\/person\/281adc4944d313f79100bfefb794fbcf"},"headline":"Liderazgo din\u00e1mico","datePublished":"2014-10-08T15:36:00+00:00","dateModified":"2016-03-21T11:43:15+00:00","mainEntityOfPage":{"@id":"https:\/\/www.euroresidentes.com\/empresa\/liderazgo\/liderazgo-dinamic\/"},"wordCount":427,"commentCount":0,"image":{"@id":"https:\/\/www.euroresidentes.com\/empresa\/liderazgo\/liderazgo-dinamic\/#primaryimage"},"thumbnailUrl":"https:\/\/www.euroresidentes.com\/empresa\/liderazgo\/wp-content\/uploads\/sites\/6\/2014\/10\/liderazgo-dinamico.jpg","keywords":["tipos liderazgo"],"articleSection":["Conceptos"],"inLanguage":"es","potentialAction":[{"@type":"CommentAction","name":"Comment","target":["https:\/\/www.euroresidentes.com\/empresa\/liderazgo\/liderazgo-dinamic\/#respond"]}]},{"@type":"WebPage","@id":"https:\/\/www.euroresidentes.com\/empresa\/liderazgo\/liderazgo-dinamic\/","url":"https:\/\/www.euroresidentes.com\/empresa\/liderazgo\/liderazgo-dinamic\/","name":"Liderazgo din\u00e1mico - Liderazgo","isPartOf":{"@id":"https:\/\/www.euroresidentes.com\/empresa\/liderazgo\/#website"},"primaryImageOfPage":{"@id":"https:\/\/www.euroresidentes.com\/empresa\/liderazgo\/liderazgo-dinamic\/#primaryimage"},"image":{"@id":"https:\/\/www.euroresidentes.com\/empresa\/liderazgo\/liderazgo-dinamic\/#primaryimage"},"thumbnailUrl":"https:\/\/www.euroresidentes.com\/empresa\/liderazgo\/wp-content\/uploads\/sites\/6\/2014\/10\/liderazgo-dinamico.jpg","datePublished":"2014-10-08T15:36:00+00:00","dateModified":"2016-03-21T11:43:15+00:00","author":{"@id":"https:\/\/www.euroresidentes.com\/empresa\/liderazgo\/#\/schema\/person\/281adc4944d313f79100bfefb794fbcf"},"breadcrumb":{"@id":"https:\/\/www.euroresidentes.com\/empresa\/liderazgo\/liderazgo-dinamic\/#breadcrumb"},"inLanguage":"es","potentialAction":[{"@type":"ReadAction","target":["https:\/\/www.euroresidentes.com\/empresa\/liderazgo\/liderazgo-dinamic\/"]}]},{"@type":"ImageObject","inLanguage":"es","@id":"https:\/\/www.euroresidentes.com\/empresa\/liderazgo\/liderazgo-dinamic\/#primaryimage","url":"https:\/\/www.euroresidentes.com\/empresa\/liderazgo\/wp-content\/uploads\/sites\/6\/2014\/10\/liderazgo-dinamico.jpg","contentUrl":"https:\/\/www.euroresidentes.com\/empresa\/liderazgo\/wp-content\/uploads\/sites\/6\/2014\/10\/liderazgo-dinamico.jpg","width":600,"height":450,"caption":"liderazgo-dinamico"},{"@type":"BreadcrumbList","@id":"https:\/\/www.euroresidentes.com\/empresa\/liderazgo\/liderazgo-dinamic\/#breadcrumb","itemListElement":[{"@type":"ListItem","position":1,"name":"Portada","item":"https:\/\/www.euroresidentes.com\/empresa\/liderazgo\/"},{"@type":"ListItem","position":2,"name":"Liderazgo din\u00e1mico"}]},{"@type":"WebSite","@id":"https:\/\/www.euroresidentes.com\/empresa\/liderazgo\/#website","url":"https:\/\/www.euroresidentes.com\/empresa\/liderazgo\/","name":"Liderazgo","description":"Euroresidentes","potentialAction":[{"@type":"SearchAction","target":{"@type":"EntryPoint","urlTemplate":"https:\/\/www.euroresidentes.com\/empresa\/liderazgo\/?s={search_term_string}"},"query-input":{"@type":"PropertyValueSpecification","valueRequired":true,"valueName":"search_term_string"}}],"inLanguage":"es"},{"@type":"Person","@id":"https:\/\/www.euroresidentes.com\/empresa\/liderazgo\/#\/schema\/person\/281adc4944d313f79100bfefb794fbcf","name":"Andrea M\u00e9ndez","image":{"@type":"ImageObject","inLanguage":"es","@id":"https:\/\/www.euroresidentes.com\/empresa\/liderazgo\/wp-content\/uploads\/sites\/6\/2016\/02\/foto_Andrea-150x150.png","url":"https:\/\/www.euroresidentes.com\/empresa\/liderazgo\/wp-content\/uploads\/sites\/6\/2016\/02\/foto_Andrea-150x150.png","contentUrl":"https:\/\/www.euroresidentes.com\/empresa\/liderazgo\/wp-content\/uploads\/sites\/6\/2016\/02\/foto_Andrea-150x150.png","caption":"Andrea M\u00e9ndez"},"description":"Andrea M\u00e9ndezPsic\u00f3loga y autora de blogs orientados a la motivaci\u00f3n, el liderazgo y la superaci\u00f3n personal.","sameAs":["https:\/\/www.euroresidentes.com\/estilo-de-vida\/andrea-mendez","https:\/\/www.facebook.com\/andrea.mendezmolla?fref=ts"],"url":"https:\/\/www.euroresidentes.com\/empresa\/liderazgo\/author\/andrea\/"}]}},"_links":{"self":[{"href":"https:\/\/www.euroresidentes.com\/empresa\/liderazgo\/wp-json\/wp\/v2\/posts\/31","targetHints":{"allow":["GET"]}}],"collection":[{"href":"https:\/\/www.euroresidentes.com\/empresa\/liderazgo\/wp-json\/wp\/v2\/posts"}],"about":[{"href":"https:\/\/www.euroresidentes.com\/empresa\/liderazgo\/wp-json\/wp\/v2\/types\/post"}],"author":[{"embeddable":true,"href":"https:\/\/www.euroresidentes.com\/empresa\/liderazgo\/wp-json\/wp\/v2\/users\/12"}],"replies":[{"embeddable":true,"href":"https:\/\/www.euroresidentes.com\/empresa\/liderazgo\/wp-json\/wp\/v2\/comments?post=31"}],"version-history":[{"count":4,"href":"https:\/\/www.euroresidentes.com\/empresa\/liderazgo\/wp-json\/wp\/v2\/posts\/31\/revisions"}],"predecessor-version":[{"id":530,"href":"https:\/\/www.euroresidentes.com\/empresa\/liderazgo\/wp-json\/wp\/v2\/posts\/31\/revisions\/530"}],"wp:featuredmedia":[{"embeddable":true,"href":"https:\/\/www.euroresidentes.com\/empresa\/liderazgo\/wp-json\/wp\/v2\/media\/147"}],"wp:attachment":[{"href":"https:\/\/www.euroresidentes.com\/empresa\/liderazgo\/wp-json\/wp\/v2\/media?parent=31"}],"wp:term":[{"taxonomy":"category","embeddable":true,"href":"https:\/\/www.euroresidentes.com\/empresa\/liderazgo\/wp-json\/wp\/v2\/categories?post=31"},{"taxonomy":"post_tag","embeddable":true,"href":"https:\/\/www.euroresidentes.com\/empresa\/liderazgo\/wp-json\/wp\/v2\/tags?post=31"}],"curies":[{"name":"wp","href":"https:\/\/api.w.org\/{rel}","templated":true}]}}