
{"id":27,"date":"2014-12-04T14:17:00","date_gmt":"2014-12-04T14:17:00","guid":{"rendered":"https:\/\/wp.euroresidentes.com\/empresa\/liderazgo\/2014\/12\/04\/como-warren-buffett-y-joel-osteen-superaron-su-miedo-a-hablar-en-publico\/"},"modified":"2016-03-21T11:42:35","modified_gmt":"2016-03-21T11:42:35","slug":"como-warren-buffett-y-joel-osteen-superaron-su-miedo-a-hablar-en-public","status":"publish","type":"post","link":"https:\/\/www.euroresidentes.com\/empresa\/liderazgo\/como-warren-buffett-y-joel-osteen-superaron-su-miedo-a-hablar-en-public\/","title":{"rendered":"C\u00f3mo Warren Buffett y Joel Osteen superaron su miedo a hablar en p\u00fablico"},"content":{"rendered":"<div style=\"clear: both;text-align: center\"><\/div>\n<div style=\"clear: both;text-align: center\"><a style=\"margin-left: 1em;margin-right: 1em\" href=\"http:\/\/4.bp.blogspot.com\/-oZb2XhBmJr0\/VIB2gnTRQPI\/AAAAAAAAMDE\/0IqWX9N0phU\/s1600\/como-warren-buffet-y-joel-osteen-superaron-su-miedo-a-hablar-en-publico.jpg\"><img decoding=\"async\" title=\"C\u00f3mo Warren Buffet y Joel Osteen superaron su miedo a hablar en p\u00fablico\" src=\"http:\/\/4.bp.blogspot.com\/-oZb2XhBmJr0\/VIB2gnTRQPI\/AAAAAAAAMDE\/0IqWX9N0phU\/s1600\/como-warren-buffet-y-joel-osteen-superaron-su-miedo-a-hablar-en-publico.jpg\" alt=\"\" border=\"0\" \/><\/a><\/div>\n<p><span style=\"font-family: Arial, Helvetica, sans-serif\">El inversor multimillonario Warren Buffet estaba aterrorizado si ten\u00eda que hablar en p\u00fablico. Le aterrorizaba tanto que organizaba y eleg\u00eda sus clases de la universidad con tal de evitar hablar delante de la clase. Incluso se matricul\u00f3 en un curso de hablar en p\u00fablico que abandon\u00f3 antes de comenzar.\u00a0<\/span><br \/>\n<span style=\"font-family: Arial, Helvetica, sans-serif\"><br \/>\n<\/span><span style=\"font-family: Arial, Helvetica, sans-serif\">A los 21 comenz\u00f3 su carrera en el negocio de los valores y decidi\u00f3 que si quer\u00eda alcanzar su m\u00e1ximo potencial ten\u00eda que superar su miedo. Buffet se matricul\u00f3 en un curso de Dale Carnegie con otras 30 personas que, como \u00e9l, \u00abten\u00edan miedo de levantarse y decir su nombre\u00bb. En una entrevista a\u00f1os despu\u00e9s le preguntaron a Buffet: \u00ab\u00bfQu\u00e9 h\u00e1bitos cultivaste en tus 20 y en tus 30 y consideras la base de tu \u00e9xito? A lo que Buffet respondi\u00f3: \u00abTienes que ser capaz de comunicarte en la vida. Eso es tremendamente importante. Si no puedes hablar y comunicarte con otras personas y que comprendan tus ideas est\u00e1s echando a perder tu potencial\u00bb.\u00a0<\/span><br \/>\n<span style=\"font-family: Arial, Helvetica, sans-serif\"><br \/>\n<\/span><span style=\"font-family: Arial, Helvetica, sans-serif\">Buffet no es el \u00fanico y tampoco lo eres t\u00fa. La mayor\u00eda de famosos y exitosos l\u00edderes empresariales luchan o han luchado con el miedo a hablar en p\u00fablico. Y hay 3 maneras muy efectivas de controlarlo.\u00a0<\/span><\/p>\n<ul>\n<li><b style=\"font-family: Arial, Helvetica, sans-serif\">1. Gestiona tu miedo\u00a0<\/b><\/li>\n<\/ul>\n<p><span style=\"font-family: Arial, Helvetica, sans-serif\">Los investigadores acad\u00e9micos en el campo de la comunicaci\u00f3n dicen que es casi imposible librarnos completamente del miedo. Est\u00e1 arraigado entre miles de a\u00f1os de evoluci\u00f3n donde el miedo nos serv\u00eda para sobrevivir. No debe ser muy agradable que un tigre te est\u00e9 esperando en la esquina. Y adem\u00e1s es totalmente comprensible querer agradar. De hecho los l\u00edderes que no suelen estar nada nerviosos a la hora de hablar suelen ser poco exitosos en sus presentaciones precisamente por la poca importancia que le dan a lo que parecen en ese momento.\u00a0<\/span><br \/>\n<span style=\"font-family: Arial, Helvetica, sans-serif\"><br \/>\n<\/span><\/p>\n<ul>\n<li><b style=\"font-family: Arial, Helvetica, sans-serif\">2. Reformula tus pensamientos\u00a0<\/b><\/li>\n<\/ul>\n<p><span style=\"font-family: Arial, Helvetica, sans-serif\">El ministro de fama mundial Joel Osteen (ministro de la iglesia m\u00e1s grande y de m\u00e1s crecimiento de EEUU) habla en lugares como el estadio Yankee para m\u00e1s de 40.000 personas a la semana. Dice que la semana antes de su primer serm\u00f3n en 1999 fueron los peores d\u00edas de su vida. \u00abTen\u00eda miedo a la muerte\u00bb, dice. En aquel momento sab\u00eda muy poco de hablar o preparar un mensaje. De hecho estaba muy contento de sentarse detr\u00e1s de la c\u00e1mara en los sermones de su padre pero cuando \u00e9ste falleci\u00f3 su familia le anim\u00f3 a ser \u00e9l el que estuviera ahora en el escenario.\u00a0<\/span><br \/>\n<span style=\"font-family: Arial, Helvetica, sans-serif\"><br \/>\n<\/span><span style=\"font-family: Arial, Helvetica, sans-serif\">Osteen no super\u00f3 su miedo hasta mucho tiempo despu\u00e9s. Y las conversaciones que escuchaba no ayudaron. \u00abUna vez o\u00ed a dos se\u00f1oras decir: no es tan bueno como su padre\u00bb. Y las palabras, dice, son como semillas. Si las dejas vivir en ti echar\u00e1n ra\u00edces y te convertir\u00e1s en lo que esas palabras dicen de ti\u00bb.\u00a0<\/span><span style=\"font-family: Arial, Helvetica, sans-serif\">Osteen dice que las etiquetas negativas (las que la gente nos da y las que nosotros mismos nos ponemos) nos impiden alcanzar todo nuestro potencial.\u00a0<\/span><br \/>\n<span style=\"font-family: Arial, Helvetica, sans-serif\"><br \/>\n<\/span><span style=\"font-family: Arial, Helvetica, sans-serif\">Yo he o\u00eddo a muchos l\u00edderes decir:\u00a0<\/span><br \/>\n<span style=\"font-family: Arial, Helvetica, sans-serif\">&#8211; Soy horrible dando presentaciones.\u00a0<\/span><br \/>\n<span style=\"font-family: Arial, Helvetica, sans-serif\">&#8211; Me puse nervioso una vez y lo arruin\u00e9.\u00a0<\/span><br \/>\n<span style=\"font-family: Arial, Helvetica, sans-serif\">&#8211; Soy un orador p\u00e9simo. Nadie quiere escucharme.\u00a0<\/span><br \/>\n<span style=\"font-family: Arial, Helvetica, sans-serif\">&#8211; Les estoy aburriendo.\u00a0<\/span><br \/>\n<span style=\"font-family: Arial, Helvetica, sans-serif\"><br \/>\n<\/span><span style=\"font-family: Arial, Helvetica, sans-serif\">Si este es el tipo de frase que te repites d\u00eda tras d\u00eda, \u00a1normal que te pongas nervioso! No puedes controlar lo que los dem\u00e1s dicen de ti pero puedes decidir c\u00f3mo tomarte esos comentarios. Osteen dijo que esas etiquetas no paraban de aparecer en su mente: \u00abno eres lo suficientemente bueno\u00bb, \u00abno tienes lo que necesitas\u00bb, \u00abesas mujeres tienen raz\u00f3n\u00bb..Y a medida que Osteen cambi\u00f3 esas etiquetas negativas en positivas su confianza aument\u00f3. \u00abLas etiquetas equivocadas pueden alejarte de tu destino\u00bb, dice.\u00a0<\/span><br \/>\n<span style=\"font-family: Arial, Helvetica, sans-serif\"><br \/>\n<\/span><\/p>\n<ul>\n<li><b style=\"font-family: Arial, Helvetica, sans-serif\">3. Haz lo que temes.\u00a0<\/b><\/li>\n<\/ul>\n<p><span style=\"font-family: Arial, Helvetica, sans-serif\">Y hazlo mucho adem\u00e1s.\u00a0<\/span><span style=\"font-family: Arial, Helvetica, sans-serif\">Los golfistas profesionales se ponen nerviosos a 3 golpes de ganar el torneo. Han logrado controlar los nervios precisamente porque han practicado ese tiro miles de veces. Se basan en la memoria muscular para ayudar a manejarlos (no para eliminarlos).\u00a0<\/span><br \/>\n<span style=\"font-family: Arial, Helvetica, sans-serif\"><br \/>\n<\/span><span style=\"font-family: Arial, Helvetica, sans-serif\">Pues lo mismo pasa con el discurso p\u00fablico. Cuanto m\u00e1s hables, m\u00e1s c\u00f3modo te sentir\u00e1s. Si solo das un discurso cada 6 meses por supuesto que te pondr\u00e1s nervioso. Al no hacerlo a menudo no es algo natural en ti. Practica incluso en casa. Que eso de dar discursos est\u00e9 m\u00e1s presente en tu vida de lo que lo ha estado hasta ahora.\u00a0<\/span><br \/>\n<span style=\"font-family: Arial, Helvetica, sans-serif\"><br \/>\n<\/span><span style=\"font-family: Arial, Helvetica, sans-serif\">La inscripci\u00f3n en un curso fue el primer paso para ayudar a Buffet a construir su confianza como orador p\u00fablico. La clave, dijo, fue comprometerse en dar un curso nocturno en la Universidad de Nebraska-Omaha donde ense\u00f1\u00f3 principios de inversi\u00f3n a estudiantes que doblaban su edad. Lo hizo para obligarse a s\u00ed mismo a superar ese miedo. Una vez que Osteen decidi\u00f3 ser el nuevo pastor de Lakewood se oblig\u00f3 a s\u00ed mismo a predicar cada semana.\u00a0<\/span><br \/>\n<span style=\"font-family: Arial, Helvetica, sans-serif\"><br \/>\n<\/span><span style=\"font-family: Arial, Helvetica, sans-serif\">Tanto Buffet como Osteen mejoraron sus habilidades para hablar en p\u00fablico porque lo hicieron una y otra vez. Eres tan exitoso como tus ideas. No permitas que tus miedos se interpongan en el camino de tu desarrollo.\u00a0<\/span><br \/>\n<span style=\"font-family: Arial, Helvetica, sans-serif\"><br \/>\n<\/span><span style=\"font-family: Arial, Helvetica, sans-serif\">Yo, como siempre te espero en la pr\u00f3xima. Un gran saludo y un abrazo, Andrea.\u00a0<\/span><br \/>\n<span style=\"font-family: Arial, Helvetica, sans-serif\"><br \/>\n<\/span><span style=\"font-family: Arial, Helvetica, sans-serif\"><b>Lecturas recomendadas relacionadas con C\u00f3mo Warren Buffet y Joel Osteen superaron su miedo a hablar en p\u00fablico:\u00a0<\/b><\/span><\/p>\n<ul>\n<li><span style=\"font-family: Arial, Helvetica, sans-serif\"><a href=\"http:\/\/liderazgo.euroresidentes.com\/2014\/03\/5-sencillos-pasos-para-superar-el-miedo.html\" target=\"_blank\">5 Sencillos pasos para superar el miedo a hablar en p\u00fablico<\/a><\/span><\/li>\n<\/ul>\n<p>&nbsp;<\/p>\n<p><!-- antes tabla autor --><\/p>\n","protected":false},"excerpt":{"rendered":"<p>El inversor multimillonario Warren Buffet estaba aterrorizado si ten\u00eda que hablar en p\u00fablico. Le aterrorizaba tanto que organizaba y eleg\u00eda sus clases de la universidad con tal de evitar hablar delante de la clase. Incluso se matricul\u00f3 en un curso de hablar en p\u00fablico que abandon\u00f3 antes de comenzar.\u00a0 A los 21 comenz\u00f3 su carrera en el negocio de los valores y decidi\u00f3 que si quer\u00eda alcanzar su m\u00e1ximo potencial ten\u00eda que superar su miedo. Buffet se matricul\u00f3 en un curso de Dale Carnegie con otras 30 personas que, como \u00e9l, \u00abten\u00edan miedo de levantarse y decir su nombre\u00bb. En <\/p>\n","protected":false},"author":12,"featured_media":136,"comment_status":"open","ping_status":"open","sticky":false,"template":"","format":"standard","meta":{"footnotes":""},"categories":[11,9,14],"tags":[],"class_list":["post-27","post","type-post","status-publish","format-standard","has-post-thumbnail","hentry","category-como-ser-lider","category-general","category-habilidades","has_thumb"],"yoast_head":"<!-- This site is optimized with the Yoast SEO plugin v27.5 - https:\/\/yoast.com\/product\/yoast-seo-wordpress\/ -->\n<title>C\u00f3mo Warren Buffett y Joel Osteen superaron su miedo a hablar en p\u00fablico - Liderazgo<\/title>\n<meta name=\"robots\" content=\"index, follow, max-snippet:-1, max-image-preview:large, max-video-preview:-1\" \/>\n<link rel=\"canonical\" href=\"https:\/\/www.euroresidentes.com\/empresa\/liderazgo\/como-warren-buffett-y-joel-osteen-superaron-su-miedo-a-hablar-en-public\/\" \/>\n<meta property=\"og:locale\" content=\"es_ES\" \/>\n<meta property=\"og:type\" content=\"article\" \/>\n<meta property=\"og:title\" content=\"C\u00f3mo Warren Buffett y Joel Osteen superaron su miedo a hablar en p\u00fablico - Liderazgo\" \/>\n<meta property=\"og:description\" content=\"El inversor multimillonario Warren Buffet estaba aterrorizado si ten\u00eda que hablar en p\u00fablico. Le aterrorizaba tanto que organizaba y eleg\u00eda sus clases de la universidad con tal de evitar hablar delante de la clase. Incluso se matricul\u00f3 en un curso de hablar en p\u00fablico que abandon\u00f3 antes de comenzar.\u00a0 A los 21 comenz\u00f3 su carrera en el negocio de los valores y decidi\u00f3 que si quer\u00eda alcanzar su m\u00e1ximo potencial ten\u00eda que superar su miedo. Buffet se matricul\u00f3 en un curso de Dale Carnegie con otras 30 personas que, como \u00e9l, \u00abten\u00edan miedo de levantarse y decir su nombre\u00bb. En\" \/>\n<meta property=\"og:url\" content=\"https:\/\/www.euroresidentes.com\/empresa\/liderazgo\/como-warren-buffett-y-joel-osteen-superaron-su-miedo-a-hablar-en-public\/\" \/>\n<meta property=\"og:site_name\" content=\"Liderazgo\" \/>\n<meta property=\"article:publisher\" content=\"https:\/\/www.facebook.com\/sentir.bien.euroresidentes\/\" \/>\n<meta property=\"article:author\" content=\"https:\/\/www.facebook.com\/andrea.mendezmolla?fref=ts\" \/>\n<meta property=\"article:published_time\" content=\"2014-12-04T14:17:00+00:00\" \/>\n<meta property=\"article:modified_time\" content=\"2016-03-21T11:42:35+00:00\" \/>\n<meta property=\"og:image\" content=\"https:\/\/www.euroresidentes.com\/empresa\/liderazgo\/wp-content\/uploads\/sites\/6\/2014\/12\/como-warren-buffet-y-joel-osteen-superaron-su-miedo-a-hablar-en-publico.jpg\" \/>\n\t<meta property=\"og:image:width\" content=\"600\" \/>\n\t<meta property=\"og:image:height\" content=\"450\" \/>\n\t<meta property=\"og:image:type\" content=\"image\/jpeg\" \/>\n<meta name=\"author\" content=\"Andrea M\u00e9ndez\" \/>\n<meta name=\"twitter:card\" content=\"summary_large_image\" \/>\n<meta name=\"twitter:label1\" content=\"Written by\" \/>\n\t<meta name=\"twitter:data1\" content=\"Andrea M\u00e9ndez\" \/>\n\t<meta name=\"twitter:label2\" content=\"Est. reading time\" \/>\n\t<meta name=\"twitter:data2\" content=\"5 minutos\" \/>\n<script type=\"application\/ld+json\" class=\"yoast-schema-graph\">{\"@context\":\"https:\\\/\\\/schema.org\",\"@graph\":[{\"@type\":\"Article\",\"@id\":\"https:\\\/\\\/www.euroresidentes.com\\\/empresa\\\/liderazgo\\\/como-warren-buffett-y-joel-osteen-superaron-su-miedo-a-hablar-en-public\\\/#article\",\"isPartOf\":{\"@id\":\"https:\\\/\\\/www.euroresidentes.com\\\/empresa\\\/liderazgo\\\/como-warren-buffett-y-joel-osteen-superaron-su-miedo-a-hablar-en-public\\\/\"},\"author\":{\"name\":\"Andrea M\u00e9ndez\",\"@id\":\"https:\\\/\\\/www.euroresidentes.com\\\/empresa\\\/liderazgo\\\/#\\\/schema\\\/person\\\/281adc4944d313f79100bfefb794fbcf\"},\"headline\":\"C\u00f3mo Warren Buffett y Joel Osteen superaron su miedo a hablar en p\u00fablico\",\"datePublished\":\"2014-12-04T14:17:00+00:00\",\"dateModified\":\"2016-03-21T11:42:35+00:00\",\"mainEntityOfPage\":{\"@id\":\"https:\\\/\\\/www.euroresidentes.com\\\/empresa\\\/liderazgo\\\/como-warren-buffett-y-joel-osteen-superaron-su-miedo-a-hablar-en-public\\\/\"},\"wordCount\":934,\"commentCount\":1,\"image\":{\"@id\":\"https:\\\/\\\/www.euroresidentes.com\\\/empresa\\\/liderazgo\\\/como-warren-buffett-y-joel-osteen-superaron-su-miedo-a-hablar-en-public\\\/#primaryimage\"},\"thumbnailUrl\":\"https:\\\/\\\/www.euroresidentes.com\\\/empresa\\\/liderazgo\\\/wp-content\\\/uploads\\\/sites\\\/6\\\/2014\\\/12\\\/como-warren-buffet-y-joel-osteen-superaron-su-miedo-a-hablar-en-publico.jpg\",\"articleSection\":[\"C\u00f3mo ser l\u00edder\",\"General\",\"Habilidades\"],\"inLanguage\":\"es\",\"potentialAction\":[{\"@type\":\"CommentAction\",\"name\":\"Comment\",\"target\":[\"https:\\\/\\\/www.euroresidentes.com\\\/empresa\\\/liderazgo\\\/como-warren-buffett-y-joel-osteen-superaron-su-miedo-a-hablar-en-public\\\/#respond\"]}]},{\"@type\":\"WebPage\",\"@id\":\"https:\\\/\\\/www.euroresidentes.com\\\/empresa\\\/liderazgo\\\/como-warren-buffett-y-joel-osteen-superaron-su-miedo-a-hablar-en-public\\\/\",\"url\":\"https:\\\/\\\/www.euroresidentes.com\\\/empresa\\\/liderazgo\\\/como-warren-buffett-y-joel-osteen-superaron-su-miedo-a-hablar-en-public\\\/\",\"name\":\"C\u00f3mo Warren Buffett y Joel Osteen superaron su miedo a hablar en p\u00fablico - Liderazgo\",\"isPartOf\":{\"@id\":\"https:\\\/\\\/www.euroresidentes.com\\\/empresa\\\/liderazgo\\\/#website\"},\"primaryImageOfPage\":{\"@id\":\"https:\\\/\\\/www.euroresidentes.com\\\/empresa\\\/liderazgo\\\/como-warren-buffett-y-joel-osteen-superaron-su-miedo-a-hablar-en-public\\\/#primaryimage\"},\"image\":{\"@id\":\"https:\\\/\\\/www.euroresidentes.com\\\/empresa\\\/liderazgo\\\/como-warren-buffett-y-joel-osteen-superaron-su-miedo-a-hablar-en-public\\\/#primaryimage\"},\"thumbnailUrl\":\"https:\\\/\\\/www.euroresidentes.com\\\/empresa\\\/liderazgo\\\/wp-content\\\/uploads\\\/sites\\\/6\\\/2014\\\/12\\\/como-warren-buffet-y-joel-osteen-superaron-su-miedo-a-hablar-en-publico.jpg\",\"datePublished\":\"2014-12-04T14:17:00+00:00\",\"dateModified\":\"2016-03-21T11:42:35+00:00\",\"author\":{\"@id\":\"https:\\\/\\\/www.euroresidentes.com\\\/empresa\\\/liderazgo\\\/#\\\/schema\\\/person\\\/281adc4944d313f79100bfefb794fbcf\"},\"breadcrumb\":{\"@id\":\"https:\\\/\\\/www.euroresidentes.com\\\/empresa\\\/liderazgo\\\/como-warren-buffett-y-joel-osteen-superaron-su-miedo-a-hablar-en-public\\\/#breadcrumb\"},\"inLanguage\":\"es\",\"potentialAction\":[{\"@type\":\"ReadAction\",\"target\":[\"https:\\\/\\\/www.euroresidentes.com\\\/empresa\\\/liderazgo\\\/como-warren-buffett-y-joel-osteen-superaron-su-miedo-a-hablar-en-public\\\/\"]}]},{\"@type\":\"ImageObject\",\"inLanguage\":\"es\",\"@id\":\"https:\\\/\\\/www.euroresidentes.com\\\/empresa\\\/liderazgo\\\/como-warren-buffett-y-joel-osteen-superaron-su-miedo-a-hablar-en-public\\\/#primaryimage\",\"url\":\"https:\\\/\\\/www.euroresidentes.com\\\/empresa\\\/liderazgo\\\/wp-content\\\/uploads\\\/sites\\\/6\\\/2014\\\/12\\\/como-warren-buffet-y-joel-osteen-superaron-su-miedo-a-hablar-en-publico.jpg\",\"contentUrl\":\"https:\\\/\\\/www.euroresidentes.com\\\/empresa\\\/liderazgo\\\/wp-content\\\/uploads\\\/sites\\\/6\\\/2014\\\/12\\\/como-warren-buffet-y-joel-osteen-superaron-su-miedo-a-hablar-en-publico.jpg\",\"width\":600,\"height\":450,\"caption\":\"Warren Buffett y Joel Osteen superaron su miedo a hablar en p\u00fablico\"},{\"@type\":\"BreadcrumbList\",\"@id\":\"https:\\\/\\\/www.euroresidentes.com\\\/empresa\\\/liderazgo\\\/como-warren-buffett-y-joel-osteen-superaron-su-miedo-a-hablar-en-public\\\/#breadcrumb\",\"itemListElement\":[{\"@type\":\"ListItem\",\"position\":1,\"name\":\"Portada\",\"item\":\"https:\\\/\\\/www.euroresidentes.com\\\/empresa\\\/liderazgo\\\/\"},{\"@type\":\"ListItem\",\"position\":2,\"name\":\"C\u00f3mo Warren Buffett y Joel Osteen superaron su miedo a hablar en p\u00fablico\"}]},{\"@type\":\"WebSite\",\"@id\":\"https:\\\/\\\/www.euroresidentes.com\\\/empresa\\\/liderazgo\\\/#website\",\"url\":\"https:\\\/\\\/www.euroresidentes.com\\\/empresa\\\/liderazgo\\\/\",\"name\":\"Liderazgo\",\"description\":\"Euroresidentes\",\"potentialAction\":[{\"@type\":\"SearchAction\",\"target\":{\"@type\":\"EntryPoint\",\"urlTemplate\":\"https:\\\/\\\/www.euroresidentes.com\\\/empresa\\\/liderazgo\\\/?s={search_term_string}\"},\"query-input\":{\"@type\":\"PropertyValueSpecification\",\"valueRequired\":true,\"valueName\":\"search_term_string\"}}],\"inLanguage\":\"es\"},{\"@type\":\"Person\",\"@id\":\"https:\\\/\\\/www.euroresidentes.com\\\/empresa\\\/liderazgo\\\/#\\\/schema\\\/person\\\/281adc4944d313f79100bfefb794fbcf\",\"name\":\"Andrea M\u00e9ndez\",\"image\":{\"@type\":\"ImageObject\",\"inLanguage\":\"es\",\"@id\":\"https:\\\/\\\/www.euroresidentes.com\\\/empresa\\\/liderazgo\\\/wp-content\\\/uploads\\\/sites\\\/6\\\/2016\\\/02\\\/foto_Andrea-150x150.png\",\"url\":\"https:\\\/\\\/www.euroresidentes.com\\\/empresa\\\/liderazgo\\\/wp-content\\\/uploads\\\/sites\\\/6\\\/2016\\\/02\\\/foto_Andrea-150x150.png\",\"contentUrl\":\"https:\\\/\\\/www.euroresidentes.com\\\/empresa\\\/liderazgo\\\/wp-content\\\/uploads\\\/sites\\\/6\\\/2016\\\/02\\\/foto_Andrea-150x150.png\",\"caption\":\"Andrea M\u00e9ndez\"},\"description\":\"Andrea M\u00e9ndezPsic\u00f3loga y autora de blogs orientados a la motivaci\u00f3n, el liderazgo y la superaci\u00f3n personal.\",\"sameAs\":[\"https:\\\/\\\/www.euroresidentes.com\\\/estilo-de-vida\\\/andrea-mendez\",\"https:\\\/\\\/www.facebook.com\\\/andrea.mendezmolla?fref=ts\"],\"url\":\"https:\\\/\\\/www.euroresidentes.com\\\/empresa\\\/liderazgo\\\/author\\\/andrea\\\/\"}]}<\/script>\n<!-- \/ Yoast SEO plugin. -->","yoast_head_json":{"title":"C\u00f3mo Warren Buffett y Joel Osteen superaron su miedo a hablar en p\u00fablico - Liderazgo","robots":{"index":"index","follow":"follow","max-snippet":"max-snippet:-1","max-image-preview":"max-image-preview:large","max-video-preview":"max-video-preview:-1"},"canonical":"https:\/\/www.euroresidentes.com\/empresa\/liderazgo\/como-warren-buffett-y-joel-osteen-superaron-su-miedo-a-hablar-en-public\/","og_locale":"es_ES","og_type":"article","og_title":"C\u00f3mo Warren Buffett y Joel Osteen superaron su miedo a hablar en p\u00fablico - Liderazgo","og_description":"El inversor multimillonario Warren Buffet estaba aterrorizado si ten\u00eda que hablar en p\u00fablico. Le aterrorizaba tanto que organizaba y eleg\u00eda sus clases de la universidad con tal de evitar hablar delante de la clase. Incluso se matricul\u00f3 en un curso de hablar en p\u00fablico que abandon\u00f3 antes de comenzar.\u00a0 A los 21 comenz\u00f3 su carrera en el negocio de los valores y decidi\u00f3 que si quer\u00eda alcanzar su m\u00e1ximo potencial ten\u00eda que superar su miedo. Buffet se matricul\u00f3 en un curso de Dale Carnegie con otras 30 personas que, como \u00e9l, \u00abten\u00edan miedo de levantarse y decir su nombre\u00bb. En","og_url":"https:\/\/www.euroresidentes.com\/empresa\/liderazgo\/como-warren-buffett-y-joel-osteen-superaron-su-miedo-a-hablar-en-public\/","og_site_name":"Liderazgo","article_publisher":"https:\/\/www.facebook.com\/sentir.bien.euroresidentes\/","article_author":"https:\/\/www.facebook.com\/andrea.mendezmolla?fref=ts","article_published_time":"2014-12-04T14:17:00+00:00","article_modified_time":"2016-03-21T11:42:35+00:00","og_image":[{"width":600,"height":450,"url":"https:\/\/www.euroresidentes.com\/empresa\/liderazgo\/wp-content\/uploads\/sites\/6\/2014\/12\/como-warren-buffet-y-joel-osteen-superaron-su-miedo-a-hablar-en-publico.jpg","type":"image\/jpeg"}],"author":"Andrea M\u00e9ndez","twitter_card":"summary_large_image","twitter_misc":{"Written by":"Andrea M\u00e9ndez","Est. reading time":"5 minutos"},"schema":{"@context":"https:\/\/schema.org","@graph":[{"@type":"Article","@id":"https:\/\/www.euroresidentes.com\/empresa\/liderazgo\/como-warren-buffett-y-joel-osteen-superaron-su-miedo-a-hablar-en-public\/#article","isPartOf":{"@id":"https:\/\/www.euroresidentes.com\/empresa\/liderazgo\/como-warren-buffett-y-joel-osteen-superaron-su-miedo-a-hablar-en-public\/"},"author":{"name":"Andrea M\u00e9ndez","@id":"https:\/\/www.euroresidentes.com\/empresa\/liderazgo\/#\/schema\/person\/281adc4944d313f79100bfefb794fbcf"},"headline":"C\u00f3mo Warren Buffett y Joel Osteen superaron su miedo a hablar en p\u00fablico","datePublished":"2014-12-04T14:17:00+00:00","dateModified":"2016-03-21T11:42:35+00:00","mainEntityOfPage":{"@id":"https:\/\/www.euroresidentes.com\/empresa\/liderazgo\/como-warren-buffett-y-joel-osteen-superaron-su-miedo-a-hablar-en-public\/"},"wordCount":934,"commentCount":1,"image":{"@id":"https:\/\/www.euroresidentes.com\/empresa\/liderazgo\/como-warren-buffett-y-joel-osteen-superaron-su-miedo-a-hablar-en-public\/#primaryimage"},"thumbnailUrl":"https:\/\/www.euroresidentes.com\/empresa\/liderazgo\/wp-content\/uploads\/sites\/6\/2014\/12\/como-warren-buffet-y-joel-osteen-superaron-su-miedo-a-hablar-en-publico.jpg","articleSection":["C\u00f3mo ser l\u00edder","General","Habilidades"],"inLanguage":"es","potentialAction":[{"@type":"CommentAction","name":"Comment","target":["https:\/\/www.euroresidentes.com\/empresa\/liderazgo\/como-warren-buffett-y-joel-osteen-superaron-su-miedo-a-hablar-en-public\/#respond"]}]},{"@type":"WebPage","@id":"https:\/\/www.euroresidentes.com\/empresa\/liderazgo\/como-warren-buffett-y-joel-osteen-superaron-su-miedo-a-hablar-en-public\/","url":"https:\/\/www.euroresidentes.com\/empresa\/liderazgo\/como-warren-buffett-y-joel-osteen-superaron-su-miedo-a-hablar-en-public\/","name":"C\u00f3mo Warren Buffett y Joel Osteen superaron su miedo a hablar en p\u00fablico - Liderazgo","isPartOf":{"@id":"https:\/\/www.euroresidentes.com\/empresa\/liderazgo\/#website"},"primaryImageOfPage":{"@id":"https:\/\/www.euroresidentes.com\/empresa\/liderazgo\/como-warren-buffett-y-joel-osteen-superaron-su-miedo-a-hablar-en-public\/#primaryimage"},"image":{"@id":"https:\/\/www.euroresidentes.com\/empresa\/liderazgo\/como-warren-buffett-y-joel-osteen-superaron-su-miedo-a-hablar-en-public\/#primaryimage"},"thumbnailUrl":"https:\/\/www.euroresidentes.com\/empresa\/liderazgo\/wp-content\/uploads\/sites\/6\/2014\/12\/como-warren-buffet-y-joel-osteen-superaron-su-miedo-a-hablar-en-publico.jpg","datePublished":"2014-12-04T14:17:00+00:00","dateModified":"2016-03-21T11:42:35+00:00","author":{"@id":"https:\/\/www.euroresidentes.com\/empresa\/liderazgo\/#\/schema\/person\/281adc4944d313f79100bfefb794fbcf"},"breadcrumb":{"@id":"https:\/\/www.euroresidentes.com\/empresa\/liderazgo\/como-warren-buffett-y-joel-osteen-superaron-su-miedo-a-hablar-en-public\/#breadcrumb"},"inLanguage":"es","potentialAction":[{"@type":"ReadAction","target":["https:\/\/www.euroresidentes.com\/empresa\/liderazgo\/como-warren-buffett-y-joel-osteen-superaron-su-miedo-a-hablar-en-public\/"]}]},{"@type":"ImageObject","inLanguage":"es","@id":"https:\/\/www.euroresidentes.com\/empresa\/liderazgo\/como-warren-buffett-y-joel-osteen-superaron-su-miedo-a-hablar-en-public\/#primaryimage","url":"https:\/\/www.euroresidentes.com\/empresa\/liderazgo\/wp-content\/uploads\/sites\/6\/2014\/12\/como-warren-buffet-y-joel-osteen-superaron-su-miedo-a-hablar-en-publico.jpg","contentUrl":"https:\/\/www.euroresidentes.com\/empresa\/liderazgo\/wp-content\/uploads\/sites\/6\/2014\/12\/como-warren-buffet-y-joel-osteen-superaron-su-miedo-a-hablar-en-publico.jpg","width":600,"height":450,"caption":"Warren Buffett y Joel Osteen superaron su miedo a hablar en p\u00fablico"},{"@type":"BreadcrumbList","@id":"https:\/\/www.euroresidentes.com\/empresa\/liderazgo\/como-warren-buffett-y-joel-osteen-superaron-su-miedo-a-hablar-en-public\/#breadcrumb","itemListElement":[{"@type":"ListItem","position":1,"name":"Portada","item":"https:\/\/www.euroresidentes.com\/empresa\/liderazgo\/"},{"@type":"ListItem","position":2,"name":"C\u00f3mo Warren Buffett y Joel Osteen superaron su miedo a hablar en p\u00fablico"}]},{"@type":"WebSite","@id":"https:\/\/www.euroresidentes.com\/empresa\/liderazgo\/#website","url":"https:\/\/www.euroresidentes.com\/empresa\/liderazgo\/","name":"Liderazgo","description":"Euroresidentes","potentialAction":[{"@type":"SearchAction","target":{"@type":"EntryPoint","urlTemplate":"https:\/\/www.euroresidentes.com\/empresa\/liderazgo\/?s={search_term_string}"},"query-input":{"@type":"PropertyValueSpecification","valueRequired":true,"valueName":"search_term_string"}}],"inLanguage":"es"},{"@type":"Person","@id":"https:\/\/www.euroresidentes.com\/empresa\/liderazgo\/#\/schema\/person\/281adc4944d313f79100bfefb794fbcf","name":"Andrea M\u00e9ndez","image":{"@type":"ImageObject","inLanguage":"es","@id":"https:\/\/www.euroresidentes.com\/empresa\/liderazgo\/wp-content\/uploads\/sites\/6\/2016\/02\/foto_Andrea-150x150.png","url":"https:\/\/www.euroresidentes.com\/empresa\/liderazgo\/wp-content\/uploads\/sites\/6\/2016\/02\/foto_Andrea-150x150.png","contentUrl":"https:\/\/www.euroresidentes.com\/empresa\/liderazgo\/wp-content\/uploads\/sites\/6\/2016\/02\/foto_Andrea-150x150.png","caption":"Andrea M\u00e9ndez"},"description":"Andrea M\u00e9ndezPsic\u00f3loga y autora de blogs orientados a la motivaci\u00f3n, el liderazgo y la superaci\u00f3n personal.","sameAs":["https:\/\/www.euroresidentes.com\/estilo-de-vida\/andrea-mendez","https:\/\/www.facebook.com\/andrea.mendezmolla?fref=ts"],"url":"https:\/\/www.euroresidentes.com\/empresa\/liderazgo\/author\/andrea\/"}]}},"_links":{"self":[{"href":"https:\/\/www.euroresidentes.com\/empresa\/liderazgo\/wp-json\/wp\/v2\/posts\/27","targetHints":{"allow":["GET"]}}],"collection":[{"href":"https:\/\/www.euroresidentes.com\/empresa\/liderazgo\/wp-json\/wp\/v2\/posts"}],"about":[{"href":"https:\/\/www.euroresidentes.com\/empresa\/liderazgo\/wp-json\/wp\/v2\/types\/post"}],"author":[{"embeddable":true,"href":"https:\/\/www.euroresidentes.com\/empresa\/liderazgo\/wp-json\/wp\/v2\/users\/12"}],"replies":[{"embeddable":true,"href":"https:\/\/www.euroresidentes.com\/empresa\/liderazgo\/wp-json\/wp\/v2\/comments?post=27"}],"version-history":[{"count":3,"href":"https:\/\/www.euroresidentes.com\/empresa\/liderazgo\/wp-json\/wp\/v2\/posts\/27\/revisions"}],"predecessor-version":[{"id":527,"href":"https:\/\/www.euroresidentes.com\/empresa\/liderazgo\/wp-json\/wp\/v2\/posts\/27\/revisions\/527"}],"wp:featuredmedia":[{"embeddable":true,"href":"https:\/\/www.euroresidentes.com\/empresa\/liderazgo\/wp-json\/wp\/v2\/media\/136"}],"wp:attachment":[{"href":"https:\/\/www.euroresidentes.com\/empresa\/liderazgo\/wp-json\/wp\/v2\/media?parent=27"}],"wp:term":[{"taxonomy":"category","embeddable":true,"href":"https:\/\/www.euroresidentes.com\/empresa\/liderazgo\/wp-json\/wp\/v2\/categories?post=27"},{"taxonomy":"post_tag","embeddable":true,"href":"https:\/\/www.euroresidentes.com\/empresa\/liderazgo\/wp-json\/wp\/v2\/tags?post=27"}],"curies":[{"name":"wp","href":"https:\/\/api.w.org\/{rel}","templated":true}]}}