
{"id":27,"date":"2015-01-25T09:39:00","date_gmt":"2015-01-25T09:39:00","guid":{"rendered":"https:\/\/wp.euroresidentes.com\/empresa\/inversion-finanzas\/2015\/01\/25\/los-march-con-la-escopeta-cargada\/"},"modified":"2016-02-05T11:44:47","modified_gmt":"2016-02-05T11:44:47","slug":"los-march-con-la-escopeta-cargada","status":"publish","type":"post","link":"https:\/\/www.euroresidentes.com\/empresa\/inversion-finanzas\/los-march-con-la-escopeta-cargada\/","title":{"rendered":"Los March, con la escopeta cargada"},"content":{"rendered":"<div style=\"clear: both; text-align: center;\"><a style=\"margin-left: 1em; margin-right: 1em;\" href=\"http:\/\/3.bp.blogspot.com\/-2wBl-DbsRZY\/VMSxIKYcE_I\/AAAAAAAAAsM\/7faTVFeaMJ4\/s1600\/201501%2BBanca%2BMarch%2B3.jpg\"><img loading=\"lazy\" decoding=\"async\" src=\"http:\/\/3.bp.blogspot.com\/-2wBl-DbsRZY\/VMSxIKYcE_I\/AAAAAAAAAsM\/7faTVFeaMJ4\/s1600\/201501%2BBanca%2BMarch%2B3.jpg\" alt=\"\" width=\"400\" height=\"300\" border=\"0\" \/><\/a><\/div>\n<div style=\"clear: both; text-align: center;\"><\/div>\n<p>Es el <b>inversor cualificado con m\u00e1s peso del mercado espa\u00f1ol<\/b>. Un movimiento en su cartera puede hacer temblar al todopoderoso Florentino P\u00e9rez, poner en el punto de mira la cotizaci\u00f3n de una empresa hist\u00f3rica como Prosegur o cambiar la visi\u00f3n de los inversores sobre compa\u00f1\u00edas en apuros como Bolsas y Mercados Espa\u00f1oles (BME), Ebro Foods o Viscofan.<\/p>\n<p><span style=\"color: #20124d;\"><span style=\"font-size: large;\"><b>Corporaci\u00f3n Financiera Alba: compa\u00f1ero de viaje perfecto <\/b><\/span><\/span><\/p>\n<p>Se trata de Corporaci\u00f3n Financiera Alba, el brazo inversor de los March, la saga familiar que combina una de las mayores fortunas de Espa\u00f1a -la novena con 2.200 millones de euros seg\u00fan el primer r\u00e1nking de <i>Forbes <\/i>dedicado en exclusiva a las fortunas espa\u00f1olas-, con una de las posiciones financieras m\u00e1s holgadas y saneadas del pa\u00eds. Pocos inversores poseen el olfato de los empresarios mallorquines, que cuentan con <b>la mayor y m\u00e1s diversificada cartera de valores del mercado espa\u00f1ol<\/b>.<\/p>\n<div style=\"clear: both; text-align: center;\"><a style=\"margin-left: 1em; margin-right: 1em;\" href=\"http:\/\/2.bp.blogspot.com\/-7WrwLA8G6K4\/VMSwOxwjInI\/AAAAAAAAAr8\/CrDZccPvZ2g\/s1600\/201501%2BBanca%2BMarch%2B1.jpg\"><img loading=\"lazy\" decoding=\"async\" src=\"http:\/\/2.bp.blogspot.com\/-7WrwLA8G6K4\/VMSwOxwjInI\/AAAAAAAAAr8\/CrDZccPvZ2g\/s1600\/201501%2BBanca%2BMarch%2B1.jpg\" alt=\"\" width=\"400\" height=\"300\" border=\"0\" \/><\/a><\/div>\n<p>Corporaci\u00f3n Financiera Alba es un inversor estable y significativo, con participaciones que siempre tienden hacia los dos d\u00edgitos y <b>mucha voz y voto en las empresas en las que participa<\/b>.<\/p>\n<p>Seg\u00fan los expertos del mercado, es el <b>compa\u00f1ero de viaje perfecto<\/b>. Sus inversiones son potentes y a largo plazo y no se pone nervioso cuando vienen mal dadas siempre que las empresas en las que participa no hagan cosas raras.<\/p>\n<p>Las empresas cotizadas se disputan los favores de Corporaci\u00f3n Alba. Su sola presencia en el accionariado de una empresa garantiza que el resto de los grandes inversores pongan el foco en el valor. Y tambi\u00e9n puede tener un <b>enorme valor estrat\u00e9gico<\/b>.<\/p>\n<p><span style=\"color: #20124d;\"><span style=\"font-size: large;\"><b>Participaciones a largo plazo<\/b><\/span><\/span><\/p>\n<p>Un ejemplo claro de su estrategia de inversi\u00f3n es <b>Ebro<\/b>, una de las empresas favoritas de los ricos espa\u00f1oles y en la que Alba elev\u00f3 su participaci\u00f3n en marzo de 2014 hasta el 10%.<\/p>\n<p>Un paquete de dos d\u00edgitos con el que Alba se suele sentir muy c\u00f3modo en sus participadas y que en los mercados se interpreta como una maniobra de <b>apoyo a la familia Hern\u00e1ndez<\/b>, accionista mayoritaria y gestora de la compa\u00f1\u00eda. Desde el grupo de alimentaci\u00f3n hace mucho que recelan de la posici\u00f3n de Damm, que tambi\u00e9n ha elevado poco a poco su presencia en el capital.<\/p>\n<div style=\"clear: both; text-align: center;\"><a style=\"margin-left: 1em; margin-right: 1em;\" href=\"http:\/\/2.bp.blogspot.com\/-40YpGK3gNm0\/VMS2mF0SJkI\/AAAAAAAAAsc\/Xm1gokE_2RY\/s1600\/201501%2BBanca%2BMarch%2B4.jpg\"><img loading=\"lazy\" decoding=\"async\" src=\"http:\/\/2.bp.blogspot.com\/-40YpGK3gNm0\/VMS2mF0SJkI\/AAAAAAAAAsc\/Xm1gokE_2RY\/s1600\/201501%2BBanca%2BMarch%2B4.jpg\" alt=\"\" width=\"400\" height=\"300\" border=\"0\" \/><\/a><\/div>\n<p>Una demostraci\u00f3n sobre su estrategia inversora a corto plazo fueron las<b> dos nuevas grandes apuestas del <\/b><i><b>holding: <\/b><\/i><b>BME<\/b>\u00a0y <b>Viscofan<\/b>.<\/p>\n<p>Los March elevaron su participaci\u00f3n en el gestor de los mercados espa\u00f1oles en medio del esc\u00e1ndalo provocado por la hist\u00f3rica estafa de Jenaro Garc\u00eda al frente de Gowex, la estrella ca\u00edda del Mercado Alternativo Burs\u00e1til (MAB) del que BME es promotor y gestor. Alba suma ya un 5,19% de las acciones, un porcentaje que en el caso del fabricante de envolturas celul\u00f3sicas Viscofan es del 5,01%.<\/p>\n<p>Si el <i>holding <\/i>sigue fiel a su estrategia habitual habr\u00e1 m\u00e1s compras para llegar al doble d\u00edgito que supera en el resto de las empresas cotizadas en las que participa, como por ejemplo: Ebro Foods (10%), ACS (11,3%), Acerinox (23,5%), Cl\u00ednica Baviera (20%), Dey\u00e1 Capital (100%), Indra (11,3%), Antevenio (17,5%).<\/p>\n<p><span style=\"color: #20124d;\"><span style=\"font-size: large;\"><b>Salida de inversiones hist\u00f3ricas<\/b><\/span><\/span><\/p>\n<p>Sin embargo, a los March no les ha temblado el pulso a la hora de poner en jaque a algunas de las torres m\u00e1s altas del entramado empresarial espa\u00f1ol.<\/p>\n<p>Lo sabe muy bien el presidente de la constructora <b>ACS<\/b>, Florentino P\u00e9rez, que trabaja hasta la extenuaci\u00f3n para buscar accionistas estables que tapen el agujero que Alba est\u00e1 dejando en su capital.<\/p>\n<div style=\"clear: both; text-align: center;\"><a style=\"margin-left: 1em; margin-right: 1em;\" href=\"http:\/\/2.bp.blogspot.com\/-tRLOI3Nk9Vo\/VMS4jlF4tTI\/AAAAAAAAAsk\/JC0Q0PtJ_zQ\/s1600\/201501%2BBanca%2BMarch%2B5.jpg\"><img loading=\"lazy\" decoding=\"async\" src=\"http:\/\/2.bp.blogspot.com\/-tRLOI3Nk9Vo\/VMS4jlF4tTI\/AAAAAAAAAsk\/JC0Q0PtJ_zQ\/s1600\/201501%2BBanca%2BMarch%2B5.jpg\" alt=\"\" width=\"400\" height=\"300\" border=\"0\" \/><\/a><\/div>\n<p>En junio de 2014 vendi\u00f3 un 3,7% del grupo constructor y de servicios por 398 millones de euros -y una plusval\u00eda bruta extraordinaria de 191 millones de euros- tras la que redujo su participaci\u00f3n al 11,3%. Ha sido <b>la cuarta venta en el valor en apenas quince meses<\/b>. No s\u00f3lo ha dejado de ser el primer accionista de ACS, sino que, con sus movimientos, el mercado parece descontar la salida de la Corporaci\u00f3n en el accionariado de la empresa.<\/p>\n<p>Como en ACS, Alba\u00a0hizo las maletas en <b>Prosegur<\/b> con la cartera llena: en los doce a\u00f1os de permanencia en el capital del grupo de seguridad obtuvo una\u00a0rentabilidad del 11,3%.<\/p>\n<p><span style=\"color: #20124d;\"><span style=\"font-size: large;\"><b>Inversiones en 2015<\/b><\/span><\/span><\/p>\n<p>En el parqu\u00e9, las fidelidades terminan en el momento en el que los ratios ya no compiten con las nuevas estrellas del mercado. Y <b>Alba est\u00e1 apostando por nuevos sectores con m\u00e1s potencial de crecimiento<\/b> con una voracidad desconocida desde que empez\u00f3 la gran crisis.<\/p>\n<p>Hac\u00eda tres a\u00f1os que los March no incorporaban savia nueva a una cartera madura y tambi\u00e9n muy rentable. Tras la venta de acciones de ACS, la compa\u00f1\u00eda tiene la escopeta cargada como nunca antes. Al cierre 2014, contaba con una <b>posici\u00f3n financiera neta de m\u00e1s 600 millones de euros<\/b>, a a\u00f1os luz de los 255,6 millones con los que termin\u00f3 el a\u00f1o 2013.<\/p>\n<p>Mucha munici\u00f3n para el inversor nacional de referencia y miedo y expectativas a partes iguales para las empresas de las que entra y sale: <b>2015 promete m\u00e1s emociones fuertes<\/b>.<\/p>\n<div style=\"clear: both; text-align: center;\"><a style=\"margin-left: 1em; margin-right: 1em;\" href=\"http:\/\/2.bp.blogspot.com\/-iFoKh8h4CIM\/VMS085BUUeI\/AAAAAAAAAsU\/xHbIC6PM5D4\/s1600\/201501%2BBanca%2BMarch%2B2.jpg\"><img loading=\"lazy\" decoding=\"async\" src=\"http:\/\/2.bp.blogspot.com\/-iFoKh8h4CIM\/VMS085BUUeI\/AAAAAAAAAsU\/xHbIC6PM5D4\/s1600\/201501%2BBanca%2BMarch%2B2.jpg\" alt=\"\" width=\"400\" height=\"300\" border=\"0\" \/><\/a><\/div>\n<p>&nbsp;<\/p>\n<div style=\"clear: both; text-align: center;\"><\/div>\n<p>Seguir leyendo:<\/p>\n<ul>\n<li><a href=\"http:\/\/economia-finanzas-inversion.euroresidentes.com\/2015\/01\/2015-el-ano-de-la-banca-de-inversion.html\" target=\"_blank\">2015, el a\u00f1o de la banca de inversi\u00f3n<\/a><\/li>\n<\/ul>\n<p>Cr\u00e9dito de las im\u00e1genes: bancamarch.es; pearlygrey.com; greekshares.com; relifeinc.org;<\/p>\n<table style=\"width: 653px;\" border=\"0\" cellspacing=\"1\" cellpadding=\"5\" bgcolor=\"#f2f0fa\">\n<tbody>\n<tr bgcolor=\"#cc3333\">\n<td style=\"border: currentColor;\" align=\"left\" bgcolor=\"#fbfbfb\">\n<div style=\"border: currentColor;\"><b><img decoding=\"async\" src=\"http:\/\/www.euroresidentes.com\/imagenes\/img_blogs\/Jorge_Hernandez.jpg\" alt=\"\" width=\"100\" align=\"left\" hspace=\"15\" vspace=\"10\" \/>Autor del post<\/b><\/div>\n<div style=\"border: currentColor;\"><\/div>\n<div style=\"border: currentColor;\">\n<div style=\"border: currentColor;\"><a href=\"http:\/\/economia-finanzas-inversion.euroresidentes.com\/p\/blog-page_24.html\" target=\"_blank\"><b>Jorge Hern\u00e1ndez<\/b><\/a><b> <\/b>Licenciado en Ciencias Econ\u00f3micas por la Universidad de Murcia. Soy r<span style=\"background-color: transparent;\">esponsable de Planificaci\u00f3n Financiera y Reporting en el Grupo Digitex. Anteriormente, trabaj\u00f3 como Analista Financiero en el \u00e1rea de Valoraci\u00f3n y Business Modelling de Deloitte.<\/span><\/div>\n<\/div>\n<\/td>\n<\/tr>\n<\/tbody>\n<\/table>\n<p><!--fin tabla autor -->&nbsp;<\/p>\n","protected":false},"excerpt":{"rendered":"<p>Es el inversor cualificado con m\u00e1s peso del mercado espa\u00f1ol. Un movimiento en su cartera puede hacer temblar al todopoderoso Florentino P\u00e9rez, poner en el punto de mira la cotizaci\u00f3n de una empresa hist\u00f3rica como Prosegur o cambiar la visi\u00f3n de los inversores sobre compa\u00f1\u00edas en apuros como Bolsas y Mercados Espa\u00f1oles (BME), Ebro Foods o Viscofan. Corporaci\u00f3n Financiera Alba: compa\u00f1ero de viaje perfecto Se trata de Corporaci\u00f3n Financiera Alba, el brazo inversor de los March, la saga familiar que combina una de las mayores fortunas de Espa\u00f1a -la novena con 2.200 millones de euros seg\u00fan el primer r\u00e1nking de <\/p>\n","protected":false},"author":18,"featured_media":212,"comment_status":"open","ping_status":"open","sticky":false,"template":"","format":"standard","meta":{"footnotes":""},"categories":[4,3,5],"tags":[],"class_list":["post-27","post","type-post","status-publish","format-standard","has-post-thumbnail","hentry","category-capital-riesgo","category-fa-operaciones-corporativas","category-inversion","has_thumb"],"yoast_head":"<!-- This site is optimized with the Yoast SEO plugin v27.5 - https:\/\/yoast.com\/product\/yoast-seo-wordpress\/ -->\n<title>Los March, con la escopeta cargada - Inversi\u00f3n y Finanzas<\/title>\n<meta name=\"robots\" content=\"index, follow, max-snippet:-1, max-image-preview:large, max-video-preview:-1\" \/>\n<link rel=\"canonical\" href=\"https:\/\/www.euroresidentes.com\/empresa\/inversion-finanzas\/los-march-con-la-escopeta-cargada\/\" \/>\n<meta property=\"og:locale\" content=\"es_ES\" \/>\n<meta property=\"og:type\" content=\"article\" \/>\n<meta property=\"og:title\" content=\"Los March, con la escopeta cargada - Inversi\u00f3n y Finanzas\" \/>\n<meta property=\"og:description\" content=\"Es el inversor cualificado con m\u00e1s peso del mercado espa\u00f1ol. Un movimiento en su cartera puede hacer temblar al todopoderoso Florentino P\u00e9rez, poner en el punto de mira la cotizaci\u00f3n de una empresa hist\u00f3rica como Prosegur o cambiar la visi\u00f3n de los inversores sobre compa\u00f1\u00edas en apuros como Bolsas y Mercados Espa\u00f1oles (BME), Ebro Foods o Viscofan. Corporaci\u00f3n Financiera Alba: compa\u00f1ero de viaje perfecto Se trata de Corporaci\u00f3n Financiera Alba, el brazo inversor de los March, la saga familiar que combina una de las mayores fortunas de Espa\u00f1a -la novena con 2.200 millones de euros seg\u00fan el primer r\u00e1nking de\" \/>\n<meta property=\"og:url\" content=\"https:\/\/www.euroresidentes.com\/empresa\/inversion-finanzas\/los-march-con-la-escopeta-cargada\/\" \/>\n<meta property=\"og:site_name\" content=\"Inversi\u00f3n y Finanzas\" \/>\n<meta property=\"article:publisher\" content=\"https:\/\/www.facebook.com\/euroresidentes\/\" \/>\n<meta property=\"article:published_time\" content=\"2015-01-25T09:39:00+00:00\" \/>\n<meta property=\"article:modified_time\" content=\"2016-02-05T11:44:47+00:00\" \/>\n<meta property=\"og:image\" content=\"https:\/\/www.euroresidentes.com\/empresa\/inversion-finanzas\/wp-content\/uploads\/sites\/11\/2015\/01\/Banca-March-3.jpg\" \/>\n\t<meta property=\"og:image:width\" content=\"600\" \/>\n\t<meta property=\"og:image:height\" content=\"450\" \/>\n\t<meta property=\"og:image:type\" content=\"image\/jpeg\" \/>\n<meta name=\"author\" content=\"Jorge Hern\u00e1ndez\" \/>\n<meta name=\"twitter:card\" content=\"summary_large_image\" \/>\n<meta name=\"twitter:label1\" content=\"Written by\" \/>\n\t<meta name=\"twitter:data1\" content=\"Jorge Hern\u00e1ndez\" \/>\n\t<meta name=\"twitter:label2\" content=\"Est. reading time\" \/>\n\t<meta name=\"twitter:data2\" content=\"5 minutos\" \/>\n<script type=\"application\/ld+json\" class=\"yoast-schema-graph\">{\"@context\":\"https:\\\/\\\/schema.org\",\"@graph\":[{\"@type\":\"Article\",\"@id\":\"https:\\\/\\\/www.euroresidentes.com\\\/empresa\\\/inversion-finanzas\\\/los-march-con-la-escopeta-cargada\\\/#article\",\"isPartOf\":{\"@id\":\"https:\\\/\\\/www.euroresidentes.com\\\/empresa\\\/inversion-finanzas\\\/los-march-con-la-escopeta-cargada\\\/\"},\"author\":{\"name\":\"Jorge Hern\u00e1ndez\",\"@id\":\"https:\\\/\\\/www.euroresidentes.com\\\/empresa\\\/inversion-finanzas\\\/#\\\/schema\\\/person\\\/2bbb1c57ed5c3ad928cd860a2d9b3e46\"},\"headline\":\"Los March, con la escopeta cargada\",\"datePublished\":\"2015-01-25T09:39:00+00:00\",\"dateModified\":\"2016-02-05T11:44:47+00:00\",\"mainEntityOfPage\":{\"@id\":\"https:\\\/\\\/www.euroresidentes.com\\\/empresa\\\/inversion-finanzas\\\/los-march-con-la-escopeta-cargada\\\/\"},\"wordCount\":931,\"commentCount\":0,\"image\":{\"@id\":\"https:\\\/\\\/www.euroresidentes.com\\\/empresa\\\/inversion-finanzas\\\/los-march-con-la-escopeta-cargada\\\/#primaryimage\"},\"thumbnailUrl\":\"https:\\\/\\\/www.euroresidentes.com\\\/empresa\\\/inversion-finanzas\\\/wp-content\\\/uploads\\\/sites\\\/11\\\/2015\\\/01\\\/Banca-March-3.jpg\",\"articleSection\":[\"capital riesgo\",\"F&amp;A Operaciones corporativas\",\"Inversi\u00f3n\"],\"inLanguage\":\"es\",\"potentialAction\":[{\"@type\":\"CommentAction\",\"name\":\"Comment\",\"target\":[\"https:\\\/\\\/www.euroresidentes.com\\\/empresa\\\/inversion-finanzas\\\/los-march-con-la-escopeta-cargada\\\/#respond\"]}]},{\"@type\":\"WebPage\",\"@id\":\"https:\\\/\\\/www.euroresidentes.com\\\/empresa\\\/inversion-finanzas\\\/los-march-con-la-escopeta-cargada\\\/\",\"url\":\"https:\\\/\\\/www.euroresidentes.com\\\/empresa\\\/inversion-finanzas\\\/los-march-con-la-escopeta-cargada\\\/\",\"name\":\"Los March, con la escopeta cargada - Inversi\u00f3n y Finanzas\",\"isPartOf\":{\"@id\":\"https:\\\/\\\/www.euroresidentes.com\\\/empresa\\\/inversion-finanzas\\\/#website\"},\"primaryImageOfPage\":{\"@id\":\"https:\\\/\\\/www.euroresidentes.com\\\/empresa\\\/inversion-finanzas\\\/los-march-con-la-escopeta-cargada\\\/#primaryimage\"},\"image\":{\"@id\":\"https:\\\/\\\/www.euroresidentes.com\\\/empresa\\\/inversion-finanzas\\\/los-march-con-la-escopeta-cargada\\\/#primaryimage\"},\"thumbnailUrl\":\"https:\\\/\\\/www.euroresidentes.com\\\/empresa\\\/inversion-finanzas\\\/wp-content\\\/uploads\\\/sites\\\/11\\\/2015\\\/01\\\/Banca-March-3.jpg\",\"datePublished\":\"2015-01-25T09:39:00+00:00\",\"dateModified\":\"2016-02-05T11:44:47+00:00\",\"author\":{\"@id\":\"https:\\\/\\\/www.euroresidentes.com\\\/empresa\\\/inversion-finanzas\\\/#\\\/schema\\\/person\\\/2bbb1c57ed5c3ad928cd860a2d9b3e46\"},\"breadcrumb\":{\"@id\":\"https:\\\/\\\/www.euroresidentes.com\\\/empresa\\\/inversion-finanzas\\\/los-march-con-la-escopeta-cargada\\\/#breadcrumb\"},\"inLanguage\":\"es\",\"potentialAction\":[{\"@type\":\"ReadAction\",\"target\":[\"https:\\\/\\\/www.euroresidentes.com\\\/empresa\\\/inversion-finanzas\\\/los-march-con-la-escopeta-cargada\\\/\"]}]},{\"@type\":\"ImageObject\",\"inLanguage\":\"es\",\"@id\":\"https:\\\/\\\/www.euroresidentes.com\\\/empresa\\\/inversion-finanzas\\\/los-march-con-la-escopeta-cargada\\\/#primaryimage\",\"url\":\"https:\\\/\\\/www.euroresidentes.com\\\/empresa\\\/inversion-finanzas\\\/wp-content\\\/uploads\\\/sites\\\/11\\\/2015\\\/01\\\/Banca-March-3.jpg\",\"contentUrl\":\"https:\\\/\\\/www.euroresidentes.com\\\/empresa\\\/inversion-finanzas\\\/wp-content\\\/uploads\\\/sites\\\/11\\\/2015\\\/01\\\/Banca-March-3.jpg\",\"width\":600,\"height\":450,\"caption\":\"Los March, con la escopeta cargada\"},{\"@type\":\"BreadcrumbList\",\"@id\":\"https:\\\/\\\/www.euroresidentes.com\\\/empresa\\\/inversion-finanzas\\\/los-march-con-la-escopeta-cargada\\\/#breadcrumb\",\"itemListElement\":[{\"@type\":\"ListItem\",\"position\":1,\"name\":\"Portada\",\"item\":\"https:\\\/\\\/www.euroresidentes.com\\\/empresa\\\/inversion-finanzas\\\/\"},{\"@type\":\"ListItem\",\"position\":2,\"name\":\"Los March, con la escopeta cargada\"}]},{\"@type\":\"WebSite\",\"@id\":\"https:\\\/\\\/www.euroresidentes.com\\\/empresa\\\/inversion-finanzas\\\/#website\",\"url\":\"https:\\\/\\\/www.euroresidentes.com\\\/empresa\\\/inversion-finanzas\\\/\",\"name\":\"Inversi\u00f3n y Finanzas\",\"description\":\"Empresa Euroresidentes\",\"potentialAction\":[{\"@type\":\"SearchAction\",\"target\":{\"@type\":\"EntryPoint\",\"urlTemplate\":\"https:\\\/\\\/www.euroresidentes.com\\\/empresa\\\/inversion-finanzas\\\/?s={search_term_string}\"},\"query-input\":{\"@type\":\"PropertyValueSpecification\",\"valueRequired\":true,\"valueName\":\"search_term_string\"}}],\"inLanguage\":\"es\"},{\"@type\":\"Person\",\"@id\":\"https:\\\/\\\/www.euroresidentes.com\\\/empresa\\\/inversion-finanzas\\\/#\\\/schema\\\/person\\\/2bbb1c57ed5c3ad928cd860a2d9b3e46\",\"name\":\"Jorge Hern\u00e1ndez\",\"image\":{\"@type\":\"ImageObject\",\"inLanguage\":\"es\",\"@id\":\"https:\\\/\\\/www.euroresidentes.com\\\/empresa\\\/inversion-finanzas\\\/wp-content\\\/uploads\\\/sites\\\/11\\\/2016\\\/05\\\/jorge-hernandez-150x150.jpg\",\"url\":\"https:\\\/\\\/www.euroresidentes.com\\\/empresa\\\/inversion-finanzas\\\/wp-content\\\/uploads\\\/sites\\\/11\\\/2016\\\/05\\\/jorge-hernandez-150x150.jpg\",\"contentUrl\":\"https:\\\/\\\/www.euroresidentes.com\\\/empresa\\\/inversion-finanzas\\\/wp-content\\\/uploads\\\/sites\\\/11\\\/2016\\\/05\\\/jorge-hernandez-150x150.jpg\",\"caption\":\"Jorge Hern\u00e1ndez\"},\"description\":\"Jorge Hern\u00e1ndezLicenciado en Ciencias Econ\u00f3micas. Una vocaci\u00f3n, las finanzas corporativas, especialmente la valoraci\u00f3n de empresas.\u00a0\",\"sameAs\":[\"https:\\\/\\\/www.euroresidentes.com\\\/empresa\\\/jorge-hernandez.html\"],\"url\":\"https:\\\/\\\/www.euroresidentes.com\\\/empresa\\\/inversion-finanzas\\\/author\\\/jorgehernandez\\\/\"}]}<\/script>\n<!-- \/ Yoast SEO plugin. -->","yoast_head_json":{"title":"Los March, con la escopeta cargada - Inversi\u00f3n y Finanzas","robots":{"index":"index","follow":"follow","max-snippet":"max-snippet:-1","max-image-preview":"max-image-preview:large","max-video-preview":"max-video-preview:-1"},"canonical":"https:\/\/www.euroresidentes.com\/empresa\/inversion-finanzas\/los-march-con-la-escopeta-cargada\/","og_locale":"es_ES","og_type":"article","og_title":"Los March, con la escopeta cargada - Inversi\u00f3n y Finanzas","og_description":"Es el inversor cualificado con m\u00e1s peso del mercado espa\u00f1ol. Un movimiento en su cartera puede hacer temblar al todopoderoso Florentino P\u00e9rez, poner en el punto de mira la cotizaci\u00f3n de una empresa hist\u00f3rica como Prosegur o cambiar la visi\u00f3n de los inversores sobre compa\u00f1\u00edas en apuros como Bolsas y Mercados Espa\u00f1oles (BME), Ebro Foods o Viscofan. Corporaci\u00f3n Financiera Alba: compa\u00f1ero de viaje perfecto Se trata de Corporaci\u00f3n Financiera Alba, el brazo inversor de los March, la saga familiar que combina una de las mayores fortunas de Espa\u00f1a -la novena con 2.200 millones de euros seg\u00fan el primer r\u00e1nking de","og_url":"https:\/\/www.euroresidentes.com\/empresa\/inversion-finanzas\/los-march-con-la-escopeta-cargada\/","og_site_name":"Inversi\u00f3n y Finanzas","article_publisher":"https:\/\/www.facebook.com\/euroresidentes\/","article_published_time":"2015-01-25T09:39:00+00:00","article_modified_time":"2016-02-05T11:44:47+00:00","og_image":[{"width":600,"height":450,"url":"https:\/\/www.euroresidentes.com\/empresa\/inversion-finanzas\/wp-content\/uploads\/sites\/11\/2015\/01\/Banca-March-3.jpg","type":"image\/jpeg"}],"author":"Jorge Hern\u00e1ndez","twitter_card":"summary_large_image","twitter_misc":{"Written by":"Jorge Hern\u00e1ndez","Est. reading time":"5 minutos"},"schema":{"@context":"https:\/\/schema.org","@graph":[{"@type":"Article","@id":"https:\/\/www.euroresidentes.com\/empresa\/inversion-finanzas\/los-march-con-la-escopeta-cargada\/#article","isPartOf":{"@id":"https:\/\/www.euroresidentes.com\/empresa\/inversion-finanzas\/los-march-con-la-escopeta-cargada\/"},"author":{"name":"Jorge Hern\u00e1ndez","@id":"https:\/\/www.euroresidentes.com\/empresa\/inversion-finanzas\/#\/schema\/person\/2bbb1c57ed5c3ad928cd860a2d9b3e46"},"headline":"Los March, con la escopeta cargada","datePublished":"2015-01-25T09:39:00+00:00","dateModified":"2016-02-05T11:44:47+00:00","mainEntityOfPage":{"@id":"https:\/\/www.euroresidentes.com\/empresa\/inversion-finanzas\/los-march-con-la-escopeta-cargada\/"},"wordCount":931,"commentCount":0,"image":{"@id":"https:\/\/www.euroresidentes.com\/empresa\/inversion-finanzas\/los-march-con-la-escopeta-cargada\/#primaryimage"},"thumbnailUrl":"https:\/\/www.euroresidentes.com\/empresa\/inversion-finanzas\/wp-content\/uploads\/sites\/11\/2015\/01\/Banca-March-3.jpg","articleSection":["capital riesgo","F&amp;A Operaciones corporativas","Inversi\u00f3n"],"inLanguage":"es","potentialAction":[{"@type":"CommentAction","name":"Comment","target":["https:\/\/www.euroresidentes.com\/empresa\/inversion-finanzas\/los-march-con-la-escopeta-cargada\/#respond"]}]},{"@type":"WebPage","@id":"https:\/\/www.euroresidentes.com\/empresa\/inversion-finanzas\/los-march-con-la-escopeta-cargada\/","url":"https:\/\/www.euroresidentes.com\/empresa\/inversion-finanzas\/los-march-con-la-escopeta-cargada\/","name":"Los March, con la escopeta cargada - Inversi\u00f3n y Finanzas","isPartOf":{"@id":"https:\/\/www.euroresidentes.com\/empresa\/inversion-finanzas\/#website"},"primaryImageOfPage":{"@id":"https:\/\/www.euroresidentes.com\/empresa\/inversion-finanzas\/los-march-con-la-escopeta-cargada\/#primaryimage"},"image":{"@id":"https:\/\/www.euroresidentes.com\/empresa\/inversion-finanzas\/los-march-con-la-escopeta-cargada\/#primaryimage"},"thumbnailUrl":"https:\/\/www.euroresidentes.com\/empresa\/inversion-finanzas\/wp-content\/uploads\/sites\/11\/2015\/01\/Banca-March-3.jpg","datePublished":"2015-01-25T09:39:00+00:00","dateModified":"2016-02-05T11:44:47+00:00","author":{"@id":"https:\/\/www.euroresidentes.com\/empresa\/inversion-finanzas\/#\/schema\/person\/2bbb1c57ed5c3ad928cd860a2d9b3e46"},"breadcrumb":{"@id":"https:\/\/www.euroresidentes.com\/empresa\/inversion-finanzas\/los-march-con-la-escopeta-cargada\/#breadcrumb"},"inLanguage":"es","potentialAction":[{"@type":"ReadAction","target":["https:\/\/www.euroresidentes.com\/empresa\/inversion-finanzas\/los-march-con-la-escopeta-cargada\/"]}]},{"@type":"ImageObject","inLanguage":"es","@id":"https:\/\/www.euroresidentes.com\/empresa\/inversion-finanzas\/los-march-con-la-escopeta-cargada\/#primaryimage","url":"https:\/\/www.euroresidentes.com\/empresa\/inversion-finanzas\/wp-content\/uploads\/sites\/11\/2015\/01\/Banca-March-3.jpg","contentUrl":"https:\/\/www.euroresidentes.com\/empresa\/inversion-finanzas\/wp-content\/uploads\/sites\/11\/2015\/01\/Banca-March-3.jpg","width":600,"height":450,"caption":"Los March, con la escopeta cargada"},{"@type":"BreadcrumbList","@id":"https:\/\/www.euroresidentes.com\/empresa\/inversion-finanzas\/los-march-con-la-escopeta-cargada\/#breadcrumb","itemListElement":[{"@type":"ListItem","position":1,"name":"Portada","item":"https:\/\/www.euroresidentes.com\/empresa\/inversion-finanzas\/"},{"@type":"ListItem","position":2,"name":"Los March, con la escopeta cargada"}]},{"@type":"WebSite","@id":"https:\/\/www.euroresidentes.com\/empresa\/inversion-finanzas\/#website","url":"https:\/\/www.euroresidentes.com\/empresa\/inversion-finanzas\/","name":"Inversi\u00f3n y Finanzas","description":"Empresa Euroresidentes","potentialAction":[{"@type":"SearchAction","target":{"@type":"EntryPoint","urlTemplate":"https:\/\/www.euroresidentes.com\/empresa\/inversion-finanzas\/?s={search_term_string}"},"query-input":{"@type":"PropertyValueSpecification","valueRequired":true,"valueName":"search_term_string"}}],"inLanguage":"es"},{"@type":"Person","@id":"https:\/\/www.euroresidentes.com\/empresa\/inversion-finanzas\/#\/schema\/person\/2bbb1c57ed5c3ad928cd860a2d9b3e46","name":"Jorge Hern\u00e1ndez","image":{"@type":"ImageObject","inLanguage":"es","@id":"https:\/\/www.euroresidentes.com\/empresa\/inversion-finanzas\/wp-content\/uploads\/sites\/11\/2016\/05\/jorge-hernandez-150x150.jpg","url":"https:\/\/www.euroresidentes.com\/empresa\/inversion-finanzas\/wp-content\/uploads\/sites\/11\/2016\/05\/jorge-hernandez-150x150.jpg","contentUrl":"https:\/\/www.euroresidentes.com\/empresa\/inversion-finanzas\/wp-content\/uploads\/sites\/11\/2016\/05\/jorge-hernandez-150x150.jpg","caption":"Jorge Hern\u00e1ndez"},"description":"Jorge Hern\u00e1ndezLicenciado en Ciencias Econ\u00f3micas. Una vocaci\u00f3n, las finanzas corporativas, especialmente la valoraci\u00f3n de empresas.\u00a0","sameAs":["https:\/\/www.euroresidentes.com\/empresa\/jorge-hernandez.html"],"url":"https:\/\/www.euroresidentes.com\/empresa\/inversion-finanzas\/author\/jorgehernandez\/"}]}},"_links":{"self":[{"href":"https:\/\/www.euroresidentes.com\/empresa\/inversion-finanzas\/wp-json\/wp\/v2\/posts\/27","targetHints":{"allow":["GET"]}}],"collection":[{"href":"https:\/\/www.euroresidentes.com\/empresa\/inversion-finanzas\/wp-json\/wp\/v2\/posts"}],"about":[{"href":"https:\/\/www.euroresidentes.com\/empresa\/inversion-finanzas\/wp-json\/wp\/v2\/types\/post"}],"author":[{"embeddable":true,"href":"https:\/\/www.euroresidentes.com\/empresa\/inversion-finanzas\/wp-json\/wp\/v2\/users\/18"}],"replies":[{"embeddable":true,"href":"https:\/\/www.euroresidentes.com\/empresa\/inversion-finanzas\/wp-json\/wp\/v2\/comments?post=27"}],"version-history":[{"count":1,"href":"https:\/\/www.euroresidentes.com\/empresa\/inversion-finanzas\/wp-json\/wp\/v2\/posts\/27\/revisions"}],"predecessor-version":[{"id":213,"href":"https:\/\/www.euroresidentes.com\/empresa\/inversion-finanzas\/wp-json\/wp\/v2\/posts\/27\/revisions\/213"}],"wp:featuredmedia":[{"embeddable":true,"href":"https:\/\/www.euroresidentes.com\/empresa\/inversion-finanzas\/wp-json\/wp\/v2\/media\/212"}],"wp:attachment":[{"href":"https:\/\/www.euroresidentes.com\/empresa\/inversion-finanzas\/wp-json\/wp\/v2\/media?parent=27"}],"wp:term":[{"taxonomy":"category","embeddable":true,"href":"https:\/\/www.euroresidentes.com\/empresa\/inversion-finanzas\/wp-json\/wp\/v2\/categories?post=27"},{"taxonomy":"post_tag","embeddable":true,"href":"https:\/\/www.euroresidentes.com\/empresa\/inversion-finanzas\/wp-json\/wp\/v2\/tags?post=27"}],"curies":[{"name":"wp","href":"https:\/\/api.w.org\/{rel}","templated":true}]}}