
{"id":3913,"date":"2018-02-26T23:06:27","date_gmt":"2018-02-26T22:06:27","guid":{"rendered":"http:\/\/www.euroresidentes.com\/empresa\/innovacion\/?p=3913"},"modified":"2022-03-02T12:48:26","modified_gmt":"2022-03-02T11:48:26","slug":"hablando-del-futuro-la-transformacion-digital","status":"publish","type":"post","link":"https:\/\/www.euroresidentes.com\/empresa\/innovacion\/hablando-del-futuro-la-transformacion-digital\/","title":{"rendered":"Hablando del futuro y la disrupci\u00f3n: digitalizaci\u00f3n un t\u00e9rmino que se queda escaso"},"content":{"rendered":"<p>El pasado viernes Rafael Navarro (Innsomnia, Valencia) me pas\u00f3 esta entrevista a modo de un gui\u00f3n inicial\u00a0Sesi\u00f3n de Clausura de La Digitalizadora, el Programa de Inmersi\u00f3n Digital Empresarial de @Inn_Somnia La reproduzco en el blog.<\/p>\n<table style=\"background-color: #ebf7ef\">\n<tbody>\n<tr>\n<td><strong>\u00a0Teniendo en cuenta que el p\u00fablico mayoritario en esta sesi\u00f3n son empresas de sectores muy diversos y tradicionales, \u00bfqu\u00e9 consejos les puede dar para que den el salto digital?<\/strong><\/td>\n<\/tr>\n<\/tbody>\n<\/table>\n<p>&nbsp;<\/p>\n<blockquote class=\"twitter-tweet\">\n<p dir=\"ltr\" lang=\"es\">\u201cEl t\u00e9rmino digitalizaci\u00f3n se nos ha quedado un poco escaso\u201d, dice <a href=\"https:\/\/twitter.com\/andres_pedreno?ref_src=twsrc%5Etfw\">@andres_pedreno<\/a> en la clausura de <a href=\"https:\/\/twitter.com\/hashtag\/LaDigitalizadora?src=hash&amp;ref_src=twsrc%5Etfw\">#LaDigitalizadora<\/a> con <a href=\"https:\/\/twitter.com\/Bankia?ref_src=twsrc%5Etfw\">@Bankia<\/a> y <a href=\"https:\/\/twitter.com\/AccentureSpain?ref_src=twsrc%5Etfw\">@AccentureSpain<\/a>&#8230; \u00a1y no podemos estar m\u00e1s de acuerdo! <a href=\"https:\/\/twitter.com\/hashtag\/digitalizaci%C3%B3n?src=hash&amp;ref_src=twsrc%5Etfw\">#digitalizaci\u00f3n<\/a> <a href=\"https:\/\/twitter.com\/hashtag\/innovaci%C3%B3n?src=hash&amp;ref_src=twsrc%5Etfw\">#innovaci\u00f3n<\/a> <a href=\"https:\/\/twitter.com\/hashtag\/emprendimiento?src=hash&amp;ref_src=twsrc%5Etfw\">#emprendimiento<\/a> <a href=\"https:\/\/t.co\/FvOGEPCZgw\">pic.twitter.com\/FvOGEPCZgw<\/a><\/p>\n<p>\u2014 Innsomnia (@Inn_Somnia) <a href=\"https:\/\/twitter.com\/Inn_Somnia\/status\/966755628298440705?ref_src=twsrc%5Etfw\">22 de febrero de 2018<\/a><\/p><\/blockquote>\n<ul>\n<li>Mentalidad de transformaci\u00f3n digital. Los objetivos cambian r\u00e1pidamente y a corto plazo. Canvas y pivotar. Ayer era el marketing digital en redes. sociales. Hoy son los chatbots, el big data y la IA. Y en dos a\u00f1os ser\u00e1 otra cosa. Los cambios son tan r\u00e1pidos que hay empresas que no se los creen y pasan.<\/li>\n<li>Hay anticiparse a la disrupcion. Observatorios y prospectiva. Por ejemplo algunas innovaciones en torno al comercio electr\u00f3nico lo van a cambiar absolutamente todo. Pero tenemos la necesidad de posicionarnos.<\/li>\n<li>Exigencia de calidad en la inversi\u00f3n digital. Se compite globalmente. Talento en Tecnolog\u00eda. Se malgasta el dinero en tecnolog\u00eda.<\/li>\n<li>Guerra a todas las zonas de confort de la empresa good is the enemy of Great.<\/li>\n<li>Se compite globalmente: lean a Covey y apl\u00edquenlo. Hay que redefinir los conceptos de liderazgo y motivaci\u00f3n a trav\u00e9s de la empat\u00eda y la \u00e9tica.<\/li>\n<\/ul>\n<table style=\"background-color: #e6f7df\">\n<tbody>\n<tr>\n<td><strong>Usted es una persona a la que muchos pol\u00edticos, de diferentes colores, consultan para que les d\u00e9 su opini\u00f3n, \u00bfqu\u00e9 se deber\u00eda hacer en el \u00e1mbito de la administraci\u00f3n p\u00fablica para no perder el tren de la digitalizaci\u00f3n?<\/strong><\/td>\n<\/tr>\n<\/tbody>\n<\/table>\n<p>Cambio radical: las empresas digitales exigen de una administraci\u00f3n extraordinariamente eficiente. La administraci\u00f3n tiene que obsesionarse por la eficiencia. Una regulaci\u00f3n que no genere costes comparativamente m\u00e1s altos. Reingenier\u00eda y simplificaci\u00f3n de procesos y que estimule la industria digital aut\u00f3ctona. Tiene apoyar nuestras startups tecnol\u00f3gicas y para esto hay que crear ecosistemas digitales y demandar productos y servicios de nuestras startups.<\/p>\n<table style=\"background-color: #e1faf3\">\n<tbody>\n<tr>\n<td><strong>La universidad que usted bien conoce ha aportado siempre a la innovaci\u00f3n, pero en un mundo donde la rapidez es la clave y donde las grandes corporaciones privadas ya son lentas para las startups, \u00bfqu\u00e9 rol y c\u00f3mo debe jugar la universidad?<\/strong><\/td>\n<\/tr>\n<\/tbody>\n<\/table>\n<p>La universidad debe facilitar el cambio veloz a las empresas. Debe obsesionarse con la empleabilidad de los titulados y el la formaci\u00f3n de intraemprendedores. 800.000 vacantes tecnol\u00f3gicas en Europa. Carencia absoluta de ingenieros y mientras hay titulaciones con una empleabilidad inferior al 10%.<\/p>\n<table style=\"background-color: #defce4\">\n<tbody>\n<tr>\n<td><strong>De todas las megatendencias del momento, la semana pasada una encuesta entre m\u00e1s de 2.000 directivos mundiales, indicaba que el 90% cree que la impresi\u00f3n 3D va a ser la m\u00e1s revolucionaria \u00bfcu\u00e1l es para usted la m\u00e1s disruptiva?<\/strong><\/td>\n<\/tr>\n<\/tbody>\n<\/table>\n<p>Yo no le preguntar\u00eda a dos mil directivos. Algunos de estos seguro que sus empresas cerrar\u00e1n durante los\u00a0pr\u00f3ximos a\u00f1os :-). Ah\u00ed van las mias:<\/p>\n<ul>\n<li>La Inteligencia Artificial\/ big data para las empresas.<\/li>\n<li>La automatizaci\u00f3n, IoT y la rob\u00f3tica para la industria.\u00a0<\/li>\n<li>Blockchain para servicios y administraciones en general.<\/li>\n<li>La nanotecnolog\u00eda, la computaci\u00f3n cu\u00e1ntica y la IA para la humanidad.<\/li>\n<\/ul>\n<table style=\"background-color: #dff2ee\">\n<tbody>\n<tr>\n<td><strong>El MIT, Harvard y otras universidades est\u00e1n introduciendo cursos sobre la \u00e9tica y la autoregulaci\u00f3n respecto a la Inteligencia Artificial, \u00bfcu\u00e1les deben ser l\u00edmites que pongamos a la I A?<\/strong><\/td>\n<\/tr>\n<\/tbody>\n<\/table>\n<p>Yo no empezar\u00eda por los l\u00edmites. No caigamos en otro error. El \u00faltimo fue el de los drones. Lo primero es desarrollarla. Y en esto no se ha hecho nada todav\u00eda. EEUU y China han dise\u00f1ado estrategias ambiciosas incluso relacionadas con la hegemon\u00eda mundial. Finlandia, Francia y el Reino Unido les est\u00e1n siguiendo. En Espa\u00f1a hemos empezado el Libro Blanco ahora. Por supuesto la mayor parte de los miembros estamos preocupados por la \u00e9tica. Pero ser\u00e1 papel mojado si no somos capaces de desarrollar empresas y tecnolog\u00edas propias y al final somos una econom\u00eda dependiente.<\/p>\n<table style=\"background-color: #ebfaf4\">\n<tbody>\n<tr>\n<td><strong>Los robots ser\u00e1n colaborativos o llegaremos a trabajar para los robots porque hay quien opina que con Uber ya estamos trabajando para los algoritmos.<\/strong><\/td>\n<\/tr>\n<\/tbody>\n<\/table>\n<p>Si hay un algoritmo que salva vidas humanas,\u00a0 propicia una mayor justicia social o nos ayude al progreso de la humanidad a m\u00ed no me importar\u00eda en absoluto trabajar para ese algoritmo.<\/p>\n<table style=\"background-color: #e9f5ec\">\n<tbody>\n<tr>\n<td><strong>Hay que poner l\u00edmite al control de big data de las compa\u00f1\u00edas, porque estamos objetiv\u00e1ndolo todo, ya conocen todas nuestras costumbres\u2026 \u00bfd\u00f3nde est\u00e1 el l\u00edmite de la privacidad?<\/strong><\/td>\n<\/tr>\n<\/tbody>\n<\/table>\n<p>Queremos servicios personalizados y de calidad \u00bfno? Si es una m\u00e1quina quien los administra no deber\u00edamos tener problemas. Hay que educar a la poblaci\u00f3n sobre los riesgos que corre y en buen uso de sus datos. No m\u00e1s cookies y cosas por el estilo. La nueva normativa sobre privacidad es un grave error. Europa lo pagar\u00e1 caro y Espa\u00f1a m\u00e1s. Un ejemplo que ya pagamos caro son las restricciones de datos de Salud.<\/p>\n<table style=\"background-color: #e4f7df\">\n<tbody>\n<tr>\n<td><strong>C\u00f3mo ve la dicotom\u00eda entre regulaci\u00f3n e innovaci\u00f3n. Hay que regular muchas de las cosas que vienen, pero donde entra la regulaci\u00f3n muchas veces se limita la innovaci\u00f3n<\/strong><\/td>\n<\/tr>\n<\/tbody>\n<\/table>\n<p>No solo la innovaci\u00f3n. Europa tiene grandes leyes y As\u00eda y EEUU tienen grandes empresas. Lo tenemos gigantes tecnol\u00f3gicos. No tenemos unicornios&#8230; mi hija con 28 a\u00f1os tiene resuelta su privacidad. Pero a esa edad\u00a0 y con una titulaci\u00f3n, un m\u00e1ster internacional top\u00a0 no encuentra empleo. Un mill\u00f3n de j\u00f3venes salieron desde la crisis fuera de Espa\u00f1a. La tasa de desempleo Juvenil est\u00e1 en el 36 % y eso que somos un pa\u00eds envejecido<\/p>\n<table style=\"background-color: #edf5f0\">\n<tbody>\n<tr>\n<td><strong>Qualcom expon\u00eda la semana en San Diego que el mundo va a estar en isla, con una s\u00f3la entrada y salida, para evitar que se hackeen los aparatos en un mundo del internet de las cosas.<\/strong><\/td>\n<\/tr>\n<\/tbody>\n<\/table>\n<p>Falta para eso bastante. La ciberseguridad es un problema enorme. Descomunal. Pero las soluciones vendr\u00e1n en gran medida de la propia tecnolog\u00eda. Es el caso de Blockchain y su concepto de seguridad ya aplicado por Apple Pay o\u00a0\u00a0en el IoT.<\/p>\n<table style=\"background-color: #e4f2e7\">\n<tbody>\n<tr>\n<td><strong>Usted que ha sido impulsor de startups y estamos en un lugar de co-creaci\u00f3n con grandes empresas. \u00bfEs el camino la innovaci\u00f3n en abierto?<\/strong><\/td>\n<\/tr>\n<\/tbody>\n<\/table>\n<p>Si. Pero no va ser f\u00e1cil. Las grandes empresas son elefantes. Las startups son gacelas pero su relaci\u00f3n no es del todo buena falta una cultura de integraci\u00f3n. AlicanTec una de las iniciativas m\u00e1s interesantes en las que he participado networking. Movilidad del talento.<\/p>\n<p><img loading=\"lazy\" decoding=\"async\" class=\"alignnone wp-image-3914  aligncenter\" src=\"http:\/\/www.euroresidentes.com\/empresa\/innovacion\/wp-content\/uploads\/sites\/3\/2018\/02\/pedreno-innsomnia-768x1024.jpg\" alt=\"pedreno-innsomnia\" width=\"647\" height=\"863\" srcset=\"https:\/\/www.euroresidentes.com\/empresa\/innovacion\/wp-content\/uploads\/sites\/3\/2018\/02\/pedreno-innsomnia-768x1024.jpg 768w, https:\/\/www.euroresidentes.com\/empresa\/innovacion\/wp-content\/uploads\/sites\/3\/2018\/02\/pedreno-innsomnia-225x300.jpg 225w, https:\/\/www.euroresidentes.com\/empresa\/innovacion\/wp-content\/uploads\/sites\/3\/2018\/02\/pedreno-innsomnia.jpg 900w\" sizes=\"auto, (max-width: 647px) 100vw, 647px\" \/><\/p>\n<div id=\"attachment_4078\" style=\"width: 320px\" class=\"wp-caption aligncenter\"><a href=\"https:\/\/www.amazon.es\/Europa-Prevenir-declive-inteligencia-artificial-ebook\/dp\/B089G8DRK7\"><img loading=\"lazy\" decoding=\"async\" aria-describedby=\"caption-attachment-4078\" class=\"wp-image-4078 size-full\" src=\"https:\/\/www.euroresidentes.com\/empresa\/innovacion\/wp-content\/uploads\/sites\/3\/2019\/02\/europa-frente-EEUU-China-prevenir-declive-era-de-la-IA.jpeg\" alt=\"\" width=\"310\" height=\"500\" srcset=\"https:\/\/www.euroresidentes.com\/empresa\/innovacion\/wp-content\/uploads\/sites\/3\/2019\/02\/europa-frente-EEUU-China-prevenir-declive-era-de-la-IA.jpeg 310w, https:\/\/www.euroresidentes.com\/empresa\/innovacion\/wp-content\/uploads\/sites\/3\/2019\/02\/europa-frente-EEUU-China-prevenir-declive-era-de-la-IA-186x300.jpeg 186w, https:\/\/www.euroresidentes.com\/empresa\/innovacion\/wp-content\/uploads\/sites\/3\/2019\/02\/europa-frente-EEUU-China-prevenir-declive-era-de-la-IA-184x297.jpeg 184w\" sizes=\"auto, (max-width: 310px) 100vw, 310px\" \/><\/a><p id=\"caption-attachment-4078\" class=\"wp-caption-text\"><a href=\"https:\/\/www.amazon.es\/Europa-Prevenir-declive-inteligencia-artificial-ebook\/dp\/B089G8DRK7\">Comprar libro en Amazon<\/a><\/p><\/div>\n","protected":false},"excerpt":{"rendered":"<p>El pasado viernes Rafael Navarro (Innsomnia, Valencia) me pas\u00f3 esta entrevista a modo de un gui\u00f3n inicial\u00a0Sesi\u00f3n de Clausura de La Digitalizadora, el Programa de Inmersi\u00f3n Digital Empresarial de @Inn_Somnia La reproduzco en el blog. \u00a0Teniendo en cuenta que el p\u00fablico mayoritario en esta sesi\u00f3n son empresas de sectores muy diversos y tradicionales, \u00bfqu\u00e9 consejos les puede dar para que den el salto digital? &nbsp; \u201cEl t\u00e9rmino digitalizaci\u00f3n se nos ha quedado un poco escaso\u201d, dice @andres_pedreno en la clausura de #LaDigitalizadora con @Bankia y @AccentureSpain&#8230; \u00a1y no podemos estar m\u00e1s de acuerdo! #digitalizaci\u00f3n #innovaci\u00f3n #emprendimiento pic.twitter.com\/FvOGEPCZgw \u2014 Innsomnia (@Inn_Somnia) <\/p>\n","protected":false},"author":10,"featured_media":3914,"comment_status":"open","ping_status":"open","sticky":false,"template":"","format":"standard","meta":{"footnotes":""},"categories":[11],"tags":[],"class_list":["post-3913","post","type-post","status-publish","format-standard","has-post-thumbnail","hentry","category-innovacion","has_thumb"],"yoast_head":"<!-- This site is optimized with the Yoast SEO plugin v27.5 - https:\/\/yoast.com\/product\/yoast-seo-wordpress\/ -->\n<title>Hablando del futuro y la disrupci\u00f3n: digitalizaci\u00f3n un t\u00e9rmino que se queda escaso - Innovaci\u00f3n y Emprendimiento<\/title>\n<meta name=\"robots\" content=\"index, follow, max-snippet:-1, max-image-preview:large, max-video-preview:-1\" \/>\n<link rel=\"canonical\" href=\"https:\/\/www.euroresidentes.com\/empresa\/innovacion\/hablando-del-futuro-la-transformacion-digital\/\" \/>\n<meta property=\"og:locale\" content=\"es_ES\" \/>\n<meta property=\"og:type\" content=\"article\" \/>\n<meta property=\"og:title\" content=\"Hablando del futuro y la disrupci\u00f3n: digitalizaci\u00f3n un t\u00e9rmino que se queda escaso - Innovaci\u00f3n y Emprendimiento\" \/>\n<meta property=\"og:description\" content=\"El pasado viernes Rafael Navarro (Innsomnia, Valencia) me pas\u00f3 esta entrevista a modo de un gui\u00f3n inicial\u00a0Sesi\u00f3n de Clausura de La Digitalizadora, el Programa de Inmersi\u00f3n Digital Empresarial de @Inn_Somnia La reproduzco en el blog. \u00a0Teniendo en cuenta que el p\u00fablico mayoritario en esta sesi\u00f3n son empresas de sectores muy diversos y tradicionales, \u00bfqu\u00e9 consejos les puede dar para que den el salto digital? &nbsp; \u201cEl t\u00e9rmino digitalizaci\u00f3n se nos ha quedado un poco escaso\u201d, dice @andres_pedreno en la clausura de #LaDigitalizadora con @Bankia y @AccentureSpain&#8230; \u00a1y no podemos estar m\u00e1s de acuerdo! #digitalizaci\u00f3n #innovaci\u00f3n #emprendimiento pic.twitter.com\/FvOGEPCZgw \u2014 Innsomnia (@Inn_Somnia)\" \/>\n<meta property=\"og:url\" content=\"https:\/\/www.euroresidentes.com\/empresa\/innovacion\/hablando-del-futuro-la-transformacion-digital\/\" \/>\n<meta property=\"og:site_name\" content=\"Innovaci\u00f3n y Emprendimiento\" \/>\n<meta property=\"article:publisher\" content=\"https:\/\/www.facebook.com\/euroresidentes\/\" \/>\n<meta property=\"article:published_time\" content=\"2018-02-26T22:06:27+00:00\" \/>\n<meta property=\"article:modified_time\" content=\"2022-03-02T11:48:26+00:00\" \/>\n<meta property=\"og:image\" content=\"https:\/\/www.euroresidentes.com\/empresa\/innovacion\/wp-content\/uploads\/sites\/3\/2018\/02\/pedreno-innsomnia.jpg\" \/>\n\t<meta property=\"og:image:width\" content=\"900\" \/>\n\t<meta property=\"og:image:height\" content=\"1200\" \/>\n\t<meta property=\"og:image:type\" content=\"image\/jpeg\" \/>\n<meta name=\"author\" content=\"Andr\u00e9s Pedre\u00f1o\" \/>\n<meta name=\"twitter:card\" content=\"summary_large_image\" \/>\n<meta name=\"twitter:label1\" content=\"Written by\" \/>\n\t<meta name=\"twitter:data1\" content=\"Andr\u00e9s Pedre\u00f1o\" \/>\n\t<meta name=\"twitter:label2\" content=\"Est. reading time\" \/>\n\t<meta name=\"twitter:data2\" content=\"6 minutos\" \/>\n<script type=\"application\/ld+json\" class=\"yoast-schema-graph\">{\"@context\":\"https:\\\/\\\/schema.org\",\"@graph\":[{\"@type\":\"Article\",\"@id\":\"https:\\\/\\\/www.euroresidentes.com\\\/empresa\\\/innovacion\\\/hablando-del-futuro-la-transformacion-digital\\\/#article\",\"isPartOf\":{\"@id\":\"https:\\\/\\\/www.euroresidentes.com\\\/empresa\\\/innovacion\\\/hablando-del-futuro-la-transformacion-digital\\\/\"},\"author\":{\"name\":\"Andr\u00e9s Pedre\u00f1o\",\"@id\":\"https:\\\/\\\/www.euroresidentes.com\\\/empresa\\\/innovacion\\\/#\\\/schema\\\/person\\\/9d93aa338211d371a543646dd6ce5d2f\"},\"headline\":\"Hablando del futuro y la disrupci\u00f3n: digitalizaci\u00f3n un t\u00e9rmino que se queda escaso\",\"datePublished\":\"2018-02-26T22:06:27+00:00\",\"dateModified\":\"2022-03-02T11:48:26+00:00\",\"mainEntityOfPage\":{\"@id\":\"https:\\\/\\\/www.euroresidentes.com\\\/empresa\\\/innovacion\\\/hablando-del-futuro-la-transformacion-digital\\\/\"},\"wordCount\":1191,\"commentCount\":0,\"image\":{\"@id\":\"https:\\\/\\\/www.euroresidentes.com\\\/empresa\\\/innovacion\\\/hablando-del-futuro-la-transformacion-digital\\\/#primaryimage\"},\"thumbnailUrl\":\"https:\\\/\\\/www.euroresidentes.com\\\/empresa\\\/innovacion\\\/wp-content\\\/uploads\\\/sites\\\/3\\\/2018\\\/02\\\/pedreno-innsomnia.jpg\",\"articleSection\":[\"Innovacion\"],\"inLanguage\":\"es\",\"potentialAction\":[{\"@type\":\"CommentAction\",\"name\":\"Comment\",\"target\":[\"https:\\\/\\\/www.euroresidentes.com\\\/empresa\\\/innovacion\\\/hablando-del-futuro-la-transformacion-digital\\\/#respond\"]}]},{\"@type\":\"WebPage\",\"@id\":\"https:\\\/\\\/www.euroresidentes.com\\\/empresa\\\/innovacion\\\/hablando-del-futuro-la-transformacion-digital\\\/\",\"url\":\"https:\\\/\\\/www.euroresidentes.com\\\/empresa\\\/innovacion\\\/hablando-del-futuro-la-transformacion-digital\\\/\",\"name\":\"Hablando del futuro y la disrupci\u00f3n: digitalizaci\u00f3n un t\u00e9rmino que se queda escaso - Innovaci\u00f3n y Emprendimiento\",\"isPartOf\":{\"@id\":\"https:\\\/\\\/www.euroresidentes.com\\\/empresa\\\/innovacion\\\/#website\"},\"primaryImageOfPage\":{\"@id\":\"https:\\\/\\\/www.euroresidentes.com\\\/empresa\\\/innovacion\\\/hablando-del-futuro-la-transformacion-digital\\\/#primaryimage\"},\"image\":{\"@id\":\"https:\\\/\\\/www.euroresidentes.com\\\/empresa\\\/innovacion\\\/hablando-del-futuro-la-transformacion-digital\\\/#primaryimage\"},\"thumbnailUrl\":\"https:\\\/\\\/www.euroresidentes.com\\\/empresa\\\/innovacion\\\/wp-content\\\/uploads\\\/sites\\\/3\\\/2018\\\/02\\\/pedreno-innsomnia.jpg\",\"datePublished\":\"2018-02-26T22:06:27+00:00\",\"dateModified\":\"2022-03-02T11:48:26+00:00\",\"author\":{\"@id\":\"https:\\\/\\\/www.euroresidentes.com\\\/empresa\\\/innovacion\\\/#\\\/schema\\\/person\\\/9d93aa338211d371a543646dd6ce5d2f\"},\"breadcrumb\":{\"@id\":\"https:\\\/\\\/www.euroresidentes.com\\\/empresa\\\/innovacion\\\/hablando-del-futuro-la-transformacion-digital\\\/#breadcrumb\"},\"inLanguage\":\"es\",\"potentialAction\":[{\"@type\":\"ReadAction\",\"target\":[\"https:\\\/\\\/www.euroresidentes.com\\\/empresa\\\/innovacion\\\/hablando-del-futuro-la-transformacion-digital\\\/\"]}]},{\"@type\":\"ImageObject\",\"inLanguage\":\"es\",\"@id\":\"https:\\\/\\\/www.euroresidentes.com\\\/empresa\\\/innovacion\\\/hablando-del-futuro-la-transformacion-digital\\\/#primaryimage\",\"url\":\"https:\\\/\\\/www.euroresidentes.com\\\/empresa\\\/innovacion\\\/wp-content\\\/uploads\\\/sites\\\/3\\\/2018\\\/02\\\/pedreno-innsomnia.jpg\",\"contentUrl\":\"https:\\\/\\\/www.euroresidentes.com\\\/empresa\\\/innovacion\\\/wp-content\\\/uploads\\\/sites\\\/3\\\/2018\\\/02\\\/pedreno-innsomnia.jpg\",\"width\":900,\"height\":1200},{\"@type\":\"BreadcrumbList\",\"@id\":\"https:\\\/\\\/www.euroresidentes.com\\\/empresa\\\/innovacion\\\/hablando-del-futuro-la-transformacion-digital\\\/#breadcrumb\",\"itemListElement\":[{\"@type\":\"ListItem\",\"position\":1,\"name\":\"Portada\",\"item\":\"https:\\\/\\\/www.euroresidentes.com\\\/empresa\\\/innovacion\\\/\"},{\"@type\":\"ListItem\",\"position\":2,\"name\":\"Hablando del futuro y la disrupci\u00f3n: digitalizaci\u00f3n un t\u00e9rmino que se queda escaso\"}]},{\"@type\":\"WebSite\",\"@id\":\"https:\\\/\\\/www.euroresidentes.com\\\/empresa\\\/innovacion\\\/#website\",\"url\":\"https:\\\/\\\/www.euroresidentes.com\\\/empresa\\\/innovacion\\\/\",\"name\":\"Innovaci\u00f3n y Emprendimiento\",\"description\":\"Blog de Andr\u00e9s Pedre\u00f1o\",\"potentialAction\":[{\"@type\":\"SearchAction\",\"target\":{\"@type\":\"EntryPoint\",\"urlTemplate\":\"https:\\\/\\\/www.euroresidentes.com\\\/empresa\\\/innovacion\\\/?s={search_term_string}\"},\"query-input\":{\"@type\":\"PropertyValueSpecification\",\"valueRequired\":true,\"valueName\":\"search_term_string\"}}],\"inLanguage\":\"es\"},{\"@type\":\"Person\",\"@id\":\"https:\\\/\\\/www.euroresidentes.com\\\/empresa\\\/innovacion\\\/#\\\/schema\\\/person\\\/9d93aa338211d371a543646dd6ce5d2f\",\"name\":\"Andr\u00e9s Pedre\u00f1o\",\"image\":{\"@type\":\"ImageObject\",\"inLanguage\":\"es\",\"@id\":\"https:\\\/\\\/www.euroresidentes.com\\\/empresa\\\/innovacion\\\/wp-content\\\/uploads\\\/sites\\\/3\\\/2016\\\/08\\\/andres-pedreno-150x150.jpg\",\"url\":\"https:\\\/\\\/www.euroresidentes.com\\\/empresa\\\/innovacion\\\/wp-content\\\/uploads\\\/sites\\\/3\\\/2016\\\/08\\\/andres-pedreno-150x150.jpg\",\"contentUrl\":\"https:\\\/\\\/www.euroresidentes.com\\\/empresa\\\/innovacion\\\/wp-content\\\/uploads\\\/sites\\\/3\\\/2016\\\/08\\\/andres-pedreno-150x150.jpg\",\"caption\":\"Andr\u00e9s Pedre\u00f1o\"},\"description\":\"Andr\u00e9s Pedre\u00f1oCatedr\u00e1tico de Econom\u00eda Aplicada y conocedor de Internet y la sociedad de la informaci\u00f3n. El \u00e9xito de un proyecto descansa en un porcentaje muy alto en la \u201cinteligencia ejecutiva\u201c.\",\"sameAs\":[\"https:\\\/\\\/www.euroresidentes.com\\\/empresa\\\/sobre-andres-pedreno\\\/\"],\"url\":\"https:\\\/\\\/www.euroresidentes.com\\\/empresa\\\/innovacion\\\/author\\\/andres\\\/\"}]}<\/script>\n<!-- \/ Yoast SEO plugin. -->","yoast_head_json":{"title":"Hablando del futuro y la disrupci\u00f3n: digitalizaci\u00f3n un t\u00e9rmino que se queda escaso - Innovaci\u00f3n y Emprendimiento","robots":{"index":"index","follow":"follow","max-snippet":"max-snippet:-1","max-image-preview":"max-image-preview:large","max-video-preview":"max-video-preview:-1"},"canonical":"https:\/\/www.euroresidentes.com\/empresa\/innovacion\/hablando-del-futuro-la-transformacion-digital\/","og_locale":"es_ES","og_type":"article","og_title":"Hablando del futuro y la disrupci\u00f3n: digitalizaci\u00f3n un t\u00e9rmino que se queda escaso - Innovaci\u00f3n y Emprendimiento","og_description":"El pasado viernes Rafael Navarro (Innsomnia, Valencia) me pas\u00f3 esta entrevista a modo de un gui\u00f3n inicial\u00a0Sesi\u00f3n de Clausura de La Digitalizadora, el Programa de Inmersi\u00f3n Digital Empresarial de @Inn_Somnia La reproduzco en el blog. \u00a0Teniendo en cuenta que el p\u00fablico mayoritario en esta sesi\u00f3n son empresas de sectores muy diversos y tradicionales, \u00bfqu\u00e9 consejos les puede dar para que den el salto digital? &nbsp; \u201cEl t\u00e9rmino digitalizaci\u00f3n se nos ha quedado un poco escaso\u201d, dice @andres_pedreno en la clausura de #LaDigitalizadora con @Bankia y @AccentureSpain&#8230; \u00a1y no podemos estar m\u00e1s de acuerdo! #digitalizaci\u00f3n #innovaci\u00f3n #emprendimiento pic.twitter.com\/FvOGEPCZgw \u2014 Innsomnia (@Inn_Somnia)","og_url":"https:\/\/www.euroresidentes.com\/empresa\/innovacion\/hablando-del-futuro-la-transformacion-digital\/","og_site_name":"Innovaci\u00f3n y Emprendimiento","article_publisher":"https:\/\/www.facebook.com\/euroresidentes\/","article_published_time":"2018-02-26T22:06:27+00:00","article_modified_time":"2022-03-02T11:48:26+00:00","og_image":[{"width":900,"height":1200,"url":"https:\/\/www.euroresidentes.com\/empresa\/innovacion\/wp-content\/uploads\/sites\/3\/2018\/02\/pedreno-innsomnia.jpg","type":"image\/jpeg"}],"author":"Andr\u00e9s Pedre\u00f1o","twitter_card":"summary_large_image","twitter_misc":{"Written by":"Andr\u00e9s Pedre\u00f1o","Est. reading time":"6 minutos"},"schema":{"@context":"https:\/\/schema.org","@graph":[{"@type":"Article","@id":"https:\/\/www.euroresidentes.com\/empresa\/innovacion\/hablando-del-futuro-la-transformacion-digital\/#article","isPartOf":{"@id":"https:\/\/www.euroresidentes.com\/empresa\/innovacion\/hablando-del-futuro-la-transformacion-digital\/"},"author":{"name":"Andr\u00e9s Pedre\u00f1o","@id":"https:\/\/www.euroresidentes.com\/empresa\/innovacion\/#\/schema\/person\/9d93aa338211d371a543646dd6ce5d2f"},"headline":"Hablando del futuro y la disrupci\u00f3n: digitalizaci\u00f3n un t\u00e9rmino que se queda escaso","datePublished":"2018-02-26T22:06:27+00:00","dateModified":"2022-03-02T11:48:26+00:00","mainEntityOfPage":{"@id":"https:\/\/www.euroresidentes.com\/empresa\/innovacion\/hablando-del-futuro-la-transformacion-digital\/"},"wordCount":1191,"commentCount":0,"image":{"@id":"https:\/\/www.euroresidentes.com\/empresa\/innovacion\/hablando-del-futuro-la-transformacion-digital\/#primaryimage"},"thumbnailUrl":"https:\/\/www.euroresidentes.com\/empresa\/innovacion\/wp-content\/uploads\/sites\/3\/2018\/02\/pedreno-innsomnia.jpg","articleSection":["Innovacion"],"inLanguage":"es","potentialAction":[{"@type":"CommentAction","name":"Comment","target":["https:\/\/www.euroresidentes.com\/empresa\/innovacion\/hablando-del-futuro-la-transformacion-digital\/#respond"]}]},{"@type":"WebPage","@id":"https:\/\/www.euroresidentes.com\/empresa\/innovacion\/hablando-del-futuro-la-transformacion-digital\/","url":"https:\/\/www.euroresidentes.com\/empresa\/innovacion\/hablando-del-futuro-la-transformacion-digital\/","name":"Hablando del futuro y la disrupci\u00f3n: digitalizaci\u00f3n un t\u00e9rmino que se queda escaso - Innovaci\u00f3n y Emprendimiento","isPartOf":{"@id":"https:\/\/www.euroresidentes.com\/empresa\/innovacion\/#website"},"primaryImageOfPage":{"@id":"https:\/\/www.euroresidentes.com\/empresa\/innovacion\/hablando-del-futuro-la-transformacion-digital\/#primaryimage"},"image":{"@id":"https:\/\/www.euroresidentes.com\/empresa\/innovacion\/hablando-del-futuro-la-transformacion-digital\/#primaryimage"},"thumbnailUrl":"https:\/\/www.euroresidentes.com\/empresa\/innovacion\/wp-content\/uploads\/sites\/3\/2018\/02\/pedreno-innsomnia.jpg","datePublished":"2018-02-26T22:06:27+00:00","dateModified":"2022-03-02T11:48:26+00:00","author":{"@id":"https:\/\/www.euroresidentes.com\/empresa\/innovacion\/#\/schema\/person\/9d93aa338211d371a543646dd6ce5d2f"},"breadcrumb":{"@id":"https:\/\/www.euroresidentes.com\/empresa\/innovacion\/hablando-del-futuro-la-transformacion-digital\/#breadcrumb"},"inLanguage":"es","potentialAction":[{"@type":"ReadAction","target":["https:\/\/www.euroresidentes.com\/empresa\/innovacion\/hablando-del-futuro-la-transformacion-digital\/"]}]},{"@type":"ImageObject","inLanguage":"es","@id":"https:\/\/www.euroresidentes.com\/empresa\/innovacion\/hablando-del-futuro-la-transformacion-digital\/#primaryimage","url":"https:\/\/www.euroresidentes.com\/empresa\/innovacion\/wp-content\/uploads\/sites\/3\/2018\/02\/pedreno-innsomnia.jpg","contentUrl":"https:\/\/www.euroresidentes.com\/empresa\/innovacion\/wp-content\/uploads\/sites\/3\/2018\/02\/pedreno-innsomnia.jpg","width":900,"height":1200},{"@type":"BreadcrumbList","@id":"https:\/\/www.euroresidentes.com\/empresa\/innovacion\/hablando-del-futuro-la-transformacion-digital\/#breadcrumb","itemListElement":[{"@type":"ListItem","position":1,"name":"Portada","item":"https:\/\/www.euroresidentes.com\/empresa\/innovacion\/"},{"@type":"ListItem","position":2,"name":"Hablando del futuro y la disrupci\u00f3n: digitalizaci\u00f3n un t\u00e9rmino que se queda escaso"}]},{"@type":"WebSite","@id":"https:\/\/www.euroresidentes.com\/empresa\/innovacion\/#website","url":"https:\/\/www.euroresidentes.com\/empresa\/innovacion\/","name":"Innovaci\u00f3n y Emprendimiento","description":"Blog de Andr\u00e9s Pedre\u00f1o","potentialAction":[{"@type":"SearchAction","target":{"@type":"EntryPoint","urlTemplate":"https:\/\/www.euroresidentes.com\/empresa\/innovacion\/?s={search_term_string}"},"query-input":{"@type":"PropertyValueSpecification","valueRequired":true,"valueName":"search_term_string"}}],"inLanguage":"es"},{"@type":"Person","@id":"https:\/\/www.euroresidentes.com\/empresa\/innovacion\/#\/schema\/person\/9d93aa338211d371a543646dd6ce5d2f","name":"Andr\u00e9s Pedre\u00f1o","image":{"@type":"ImageObject","inLanguage":"es","@id":"https:\/\/www.euroresidentes.com\/empresa\/innovacion\/wp-content\/uploads\/sites\/3\/2016\/08\/andres-pedreno-150x150.jpg","url":"https:\/\/www.euroresidentes.com\/empresa\/innovacion\/wp-content\/uploads\/sites\/3\/2016\/08\/andres-pedreno-150x150.jpg","contentUrl":"https:\/\/www.euroresidentes.com\/empresa\/innovacion\/wp-content\/uploads\/sites\/3\/2016\/08\/andres-pedreno-150x150.jpg","caption":"Andr\u00e9s Pedre\u00f1o"},"description":"Andr\u00e9s Pedre\u00f1oCatedr\u00e1tico de Econom\u00eda Aplicada y conocedor de Internet y la sociedad de la informaci\u00f3n. El \u00e9xito de un proyecto descansa en un porcentaje muy alto en la \u201cinteligencia ejecutiva\u201c.","sameAs":["https:\/\/www.euroresidentes.com\/empresa\/sobre-andres-pedreno\/"],"url":"https:\/\/www.euroresidentes.com\/empresa\/innovacion\/author\/andres\/"}]}},"_links":{"self":[{"href":"https:\/\/www.euroresidentes.com\/empresa\/innovacion\/wp-json\/wp\/v2\/posts\/3913","targetHints":{"allow":["GET"]}}],"collection":[{"href":"https:\/\/www.euroresidentes.com\/empresa\/innovacion\/wp-json\/wp\/v2\/posts"}],"about":[{"href":"https:\/\/www.euroresidentes.com\/empresa\/innovacion\/wp-json\/wp\/v2\/types\/post"}],"author":[{"embeddable":true,"href":"https:\/\/www.euroresidentes.com\/empresa\/innovacion\/wp-json\/wp\/v2\/users\/10"}],"replies":[{"embeddable":true,"href":"https:\/\/www.euroresidentes.com\/empresa\/innovacion\/wp-json\/wp\/v2\/comments?post=3913"}],"version-history":[{"count":7,"href":"https:\/\/www.euroresidentes.com\/empresa\/innovacion\/wp-json\/wp\/v2\/posts\/3913\/revisions"}],"predecessor-version":[{"id":4084,"href":"https:\/\/www.euroresidentes.com\/empresa\/innovacion\/wp-json\/wp\/v2\/posts\/3913\/revisions\/4084"}],"wp:featuredmedia":[{"embeddable":true,"href":"https:\/\/www.euroresidentes.com\/empresa\/innovacion\/wp-json\/wp\/v2\/media\/3914"}],"wp:attachment":[{"href":"https:\/\/www.euroresidentes.com\/empresa\/innovacion\/wp-json\/wp\/v2\/media?parent=3913"}],"wp:term":[{"taxonomy":"category","embeddable":true,"href":"https:\/\/www.euroresidentes.com\/empresa\/innovacion\/wp-json\/wp\/v2\/categories?post=3913"},{"taxonomy":"post_tag","embeddable":true,"href":"https:\/\/www.euroresidentes.com\/empresa\/innovacion\/wp-json\/wp\/v2\/tags?post=3913"}],"curies":[{"name":"wp","href":"https:\/\/api.w.org\/{rel}","templated":true}]}}