
{"id":3883,"date":"2017-11-23T10:01:36","date_gmt":"2017-11-23T09:01:36","guid":{"rendered":"http:\/\/www.euroresidentes.com\/empresa\/innovacion\/?p=3883"},"modified":"2017-11-26T09:42:33","modified_gmt":"2017-11-26T08:42:33","slug":"alicante-en-la-economia-digital-premio-google-activate-a-la-comunidad-valenciana","status":"publish","type":"post","link":"https:\/\/www.euroresidentes.com\/empresa\/innovacion\/alicante-en-la-economia-digital-premio-google-activate-a-la-comunidad-valenciana\/","title":{"rendered":"Alicante en la Econom\u00eda Digital. Premio Google Act\u00edvate a la Comunidad Valenciana"},"content":{"rendered":"<p><b><\/b><span style=\"font-weight: 400\">El diario Informaci\u00f3n y Google me han pedido que haga una breve referencia a \u201c<strong>Alicante en la econom\u00eda Digital<\/strong>\u201d, en una ocasi\u00f3n tan se\u00f1alada, por el reconocimiento que Google har\u00e1 a la Comunidad Valenciana en este mismo acto (Premio Google Act\u00edvate a la Comunidad Valenciana).<\/span><\/p>\n<p><a href=\"http:\/\/www.euroresidentes.com\/empresa\/innovacion\/wp-content\/uploads\/sites\/3\/2017\/11\/IMG_8577.jpg\"><img loading=\"lazy\" decoding=\"async\" class=\"aligncenter  wp-image-3886\" src=\"http:\/\/www.euroresidentes.com\/empresa\/innovacion\/wp-content\/uploads\/sites\/3\/2017\/11\/IMG_8577.jpg\" alt=\"Google Premia a la Comunidad Valenciana\" width=\"703\" height=\"472\" srcset=\"https:\/\/www.euroresidentes.com\/empresa\/innovacion\/wp-content\/uploads\/sites\/3\/2017\/11\/IMG_8577.jpg 1024w, https:\/\/www.euroresidentes.com\/empresa\/innovacion\/wp-content\/uploads\/sites\/3\/2017\/11\/IMG_8577-300x201.jpg 300w\" sizes=\"auto, (max-width: 703px) 100vw, 703px\" \/><\/a><\/p>\n<h3>M\u00e1s all\u00e1 de la innovaci\u00f3n, la disrupci\u00f3n y la transformaci\u00f3n digital\u00a0<\/h3>\n<p><span style=\"font-weight: 400\">Dejadme que empiece por algo obvio: <strong>Para un pa\u00eds no hay futuro sin econom\u00eda digital<\/strong>. Nadie discute la necesidad e inter\u00e9s de las infraestructuras como el Corredor Mediterr\u00e1neo, fundamental e imprescindible por muchos motivos y a cuya reivindicaci\u00f3n me sumo de la forma m\u00e1s entusiasta. Pero las infraestructuras, sin actividad econ\u00f3mica relevante, no llevan a ning\u00fan lado. En esto la Comunidad Valenciana y Espa\u00f1a han tenido una aleccionadora y reciente experiencia. <\/span><\/p>\n<p><span style=\"font-weight: 400\">Y <strong>la actividad econ\u00f3mica del futuro est\u00e1 indisolublemente ligada a la econom\u00eda digital<\/strong>. En el mundo las grandes compa\u00f1\u00edas de referencia ya no son las petroleras, los bancos o las grandes empresas de servicios p\u00fablicos (las denominadas <\/span><i><span style=\"font-weight: 400\">utilites<\/span><\/i><span style=\"font-weight: 400\">) . A Google, Apple, Amazon, Microsoft, Facebook, van a\u00f1adi\u00e9ndose por abajo otros muchas compa\u00f1\u00edas que afectan hoy a nuestros taxis, ma\u00f1ana a la oferta de hospedaje, pasado ma\u00f1ana a los bancos&#8230; Centenares de unicornios -la mayor\u00eda procedentes de Estados Unidos o Asia- que est\u00e1n dando paso a una econom\u00eda digital que no s\u00f3lo transforma la tradicional sino -si me permiten el t\u00e9rmino- la \u00abdisrupta\u00bb y <strong>genera un nuevo tejido econ\u00f3mico sectorializado con nombres y apellidos: fintech, protech, agrotech foodtech, traveltech edtech, edutech<\/strong>&#8230; <\/span><\/p>\n<p><span style=\"font-weight: 400\">En Espa\u00f1a, la Ministra de Empleo indicaba hace pocos d\u00edas que, seg\u00fan los datos m\u00e1s recientes, <strong>el 18% de los empleos creados en nuestro pa\u00eds pertenecen al \u00e1mbito de la econom\u00eda digital<\/strong>. Ella misma citaba que por <strong>cada dos puestos de trabajo perdidos en la econom\u00eda tradicional se crean cinco en la digital<\/strong>. Y creo que son pocos. Hay much\u00edsimas vacantes de puestos de trabajo por cubrir el \u00e1rea de la econom\u00eda digital, en toda Europa se estiman m\u00e1s de 900.000.<\/span><\/p>\n<h3>Hablar de innovaci\u00f3n hoy es como no decir nada<\/h3>\n<p><span style=\"font-weight: 400\">Hablar de innovaci\u00f3n hoy es como no decir nada. Ya <strong>no hay procesos de innovaci\u00f3n al uso<\/strong>, al estilo de lo que ha venido aconteciendo hace pocas d\u00e9cadas. Hay disrupci\u00f3n. Esto es, <strong>de forma creciente irrumpen en los mercados\u00a0tecnolog\u00edas\u00a0que alteran profundamente las reglas del juego en t\u00e9rminos de los propios productos y servicios ya existentes, sus precios, la distribuci\u00f3n, la cualificaci\u00f3n del trabajo, los medios de pago<\/strong>&#8230; \u00a0<\/span><\/p>\n<p><span style=\"font-weight: 400\">Para sobrevivir a las disrupci\u00f3n todos los sectores y empresas deben afrontar una <strong>transformaci\u00f3n digital imprescindible<\/strong>.\u00a0<\/span><span style=\"font-weight: 400\">Y para esto <strong>es decisivo tener una econom\u00eda digital fuerte<\/strong>, un ecosistema con talento, startups-empresas digitales especializadas en sectores clave como datos o Inteligencia Artificial.<\/span><\/p>\n<p><a href=\"http:\/\/www.euroresidentes.com\/empresa\/innovacion\/wp-content\/uploads\/sites\/3\/2017\/11\/IMG_8572.jpg\"><img loading=\"lazy\" decoding=\"async\" class=\"aligncenter  wp-image-3888\" src=\"http:\/\/www.euroresidentes.com\/empresa\/innovacion\/wp-content\/uploads\/sites\/3\/2017\/11\/IMG_8572.jpg\" alt=\"Google premia a la Comunidad Valenciana\" width=\"708\" height=\"553\" srcset=\"https:\/\/www.euroresidentes.com\/empresa\/innovacion\/wp-content\/uploads\/sites\/3\/2017\/11\/IMG_8572.jpg 1024w, https:\/\/www.euroresidentes.com\/empresa\/innovacion\/wp-content\/uploads\/sites\/3\/2017\/11\/IMG_8572-300x234.jpg 300w, https:\/\/www.euroresidentes.com\/empresa\/innovacion\/wp-content\/uploads\/sites\/3\/2017\/11\/IMG_8572-379x297.jpg 379w\" sizes=\"auto, (max-width: 708px) 100vw, 708px\" \/><\/a><\/p>\n<h3>El potencial digital de la provincia de Alicante<\/h3>\n<p><span style=\"font-weight: 400\">El potencial digital de la provincia de Alicante es un activo de primer\u00edsimo orden para la Comunidad Valenciana y para Espa\u00f1a. Pero hay escaso conocimiento de esto.<\/span><\/p>\n<p><span style=\"font-weight: 400\">Alicante siendo fiel a su modelo de descentralizaci\u00f3n territorial presenta <strong>un mosaico de empresas digitales llamadas a liderar algunos campos de la econom\u00eda digital en Espa\u00f1a, en Europa o incluso en el mundo<\/strong>. Casos de \u00e9xito sin ayudas oficiales, aceleradoras o respaldo financiero (m\u00e1s all\u00e1 del consabido <\/span><i><span style=\"font-weight: 400\">family, friends and fools<\/span><\/i><span style=\"font-weight: 400\">\u2026), ni tampoco en ning\u00fan \u201chub\u201d o ecosistema privilegiado. \u00a0Como he dicho estos casos de \u00e9xito si los mapificamos est\u00e1n en puntos tan distantes como Alcoy, El Campello, Finestrat, Callosa, Elda, Elche, Torrellano, J\u00e1vea, Alicante\u2026 Algunos nacidos y desarrollados en los peores a\u00f1os de la crisis en Espa\u00f1a. En el mismo periodo que sal\u00edan 1.000.000 de j\u00f3venes espa\u00f1oles fuera de nuestro pa\u00eds.<\/span><\/p>\n<p><a href=\"http:\/\/alicantec.com\/\"><img loading=\"lazy\" decoding=\"async\" class=\"aligncenter wp-image-3893 \" src=\"http:\/\/www.euroresidentes.com\/empresa\/innovacion\/wp-content\/uploads\/sites\/3\/2017\/11\/Captura-de-pantalla-2017-11-25-a-las-12.05.30-1024x359.png\" alt=\"Captura de pantalla 2017-11-25 a las 12.05.30\" width=\"595\" height=\"209\" srcset=\"https:\/\/www.euroresidentes.com\/empresa\/innovacion\/wp-content\/uploads\/sites\/3\/2017\/11\/Captura-de-pantalla-2017-11-25-a-las-12.05.30.png 1024w, https:\/\/www.euroresidentes.com\/empresa\/innovacion\/wp-content\/uploads\/sites\/3\/2017\/11\/Captura-de-pantalla-2017-11-25-a-las-12.05.30-300x105.png 300w\" sizes=\"auto, (max-width: 595px) 100vw, 595px\" \/><\/a><\/p>\n<p><span style=\"font-weight: 400\">Estos <strong>casos de \u00e9xito extraordinariamente interesantes<\/strong>\u00a0pertenecen a sectores tan dispares como el hardware de telefon\u00eda m\u00f3vil o musical, la creaci\u00f3n de una marca digital y comercio online en torno a una gafas de sol (camino de ser el tercer producto mundial de ese producto, una empresa que no exist\u00eda hace apenas 4 a\u00f1os), la distribuci\u00f3n de videojuegos, \u00a0los videojuegos deportivos en plataformas m\u00f3viles, la atracci\u00f3n de n\u00f3madas digitales, los \u00a0desarrollos web en torno a la cocina y la gastronom\u00eda, \u00a0la geolocalizaci\u00f3n de im\u00e1genes, o los servicios como la captaci\u00f3n de <\/span><i><span style=\"font-weight: 400\">leads<\/span><\/i><span style=\"font-weight: 400\">, por citar tan s\u00f3lo unos pocos ejemplos.<\/span><\/p>\n<p><span style=\"font-weight: 400\">Estas empresas en algunos casos han atra\u00eddo la atenci\u00f3n de <strong>compa\u00f1\u00edas internacionales de primer nivel<\/strong> norteamericanas (seguridad en videojuegos, servicios de rendimiento de sistemas), japonesas (cocina-gastronom\u00eda) o alemanas (big data + inteligencia artificial), adquiri\u00e9ndolas y\/o a trav\u00e9s de acuerdos estrat\u00e9gicos.<\/span><\/p>\n<h3>El networking alicantino desde abajo: una de las claves del \u00e9xito del ecosistema alicantino<\/h3>\n<p><span style=\"font-weight: 400\">Un activo de este desarrollo no planificado, ha sido el <strong><em>networking<\/em><\/strong>, el desarrollo de plataformas colaborativas espont\u00e1neas. Ostento con orgullo pertenecer al <strong>Hacker Club de Alicante<\/strong>, impulsado hace unos siete a\u00f1os por Eduardo Manch\u00f3n y Andr\u00e9s Torrubia. Algunas sesiones que han versado sobre el <strong>estudio cr\u00edtico del caso<\/strong> debo calificarlas <strong>dignas de las mejores escuelas de negocios que hay en el mundo<\/strong>. \u00a0The Hacker Club ha sido la inspiradora de <strong>AlicanTEC<\/strong>, asociaci\u00f3n cultural sin \u00e1nimo de lucro, que presido y que tiene por objetivo apoyar el <strong>desarrollo de la econom\u00eda digital en la provincia de Alicante<\/strong>. Su junta es indicativa del talento alicantino aut\u00f3ctono o importado: <em>Andr\u00e9s Torrubia, Nuria Oliver, Javier Garc\u00eda, Eduardo Manch\u00f3n, Manuel Desantes, Ezequiel S\u00e1nchez, Rebecca Rippin, Angel Pineda, Eugenio Triana,<\/em> entre otros\u2026 La <strong>conforman unas 150 empresas socias<\/strong> que hoy ofrecen una cuenta de resultados s\u00f3lida en el \u00e1mbito de la econom\u00eda digital.<\/span><\/p>\n<p><span style=\"font-weight: 400\">Este peque\u00f1o <strong>ecosistema alicantino<\/strong> <strong>est\u00e1 lleno de potencial<\/strong>. Es un trozo en la Comunidad Valenciana \u00a0de los mejores ecosistemas digitales internacionales, c<strong>apaz de pivotar hacia el futuro y propiciar s\u00f3lidos procesos de transformaci\u00f3n digital<\/strong> incluso en la econom\u00eda convencional. \u00a0La profundidad y complejidad de la transformaci\u00f3n digital actual (el actual presidente del BBVA recuerdo que dice que un banco ser\u00e1 una empresa de software) exige, insisto, de <strong>una econom\u00eda digital fuerte<\/strong>, con empresas de servicios digitales extraordinariamente competitivos y muy lejos de las improvisaciones. <\/span><\/p>\n<p><span style=\"font-weight: 400\">Hay una <strong>generaci\u00f3n de empresas alicantinas de servicios digitales cuyo prestigio y competitividad se proyecta m\u00e1s all\u00e1 de nuestro \u00e1mbito territorial<\/strong>. Est\u00e1n exportando sus servicios a Madrid, Londres, M\u00e9xico, Lisboa\u2026 Sus ofertas, m\u00e1s all\u00e1 de los t\u00f3picos prevalecientes, les sit\u00faan entre las compa\u00f1\u00edas m\u00e1s competitivas\u00a0en el tratamiento y generaci\u00f3n de datos o en <\/span><i><span style=\"font-weight: 400\">machine learning<\/span><\/i><span style=\"font-weight: 400\"> y su aplicaci\u00f3n al marketing digital y el comercio online. O en el dif\u00edcil arte del dise\u00f1o digital en el \u00e1mbito del m\u00f3vil<\/span><\/p>\n<p><span style=\"font-weight: 400\">Estos <strong>servicios digitales \u00a0ya han dado resultados muy significativos en las empresas de sectores tradicionales de la provincia de Alicante.<\/strong> El m\u00e1s notable el <strong>despegue del comercio online en las empresas del calzado y otros productos similares<\/strong>. La generaci\u00f3n de CRM competitivos vinculados a chatbots es revolucionaria para las empresas. En este \u00e1mbito nuestra provincia fue pionera por obra y gracia de <strong>Eduardo Manch\u00f3n<\/strong> quien dise\u00f1\u00f3 el chatbot de horarios de trenes de California y en la\u00a0 Comunidad Valenciana y Catalu\u00f1a fue el primero en difundir las ventajas revolucionarias de este tipo de servicios en las empresas convencionales. <\/span><\/p>\n<p><span style=\"font-weight: 400\">En el \u00e1mbito de los servicios digitales en Alicante hay <strong>empresas de m\u00e1s un millar de trabajadores<\/strong> como el caso de la empresas que cubre los servicios en todo el territorio espa\u00f1ol de Movistar o Vodafone. Pero tambi\u00e9n las hay de 90 o 10 trabajadores que est\u00e1n entre las mejores de su especialidad en Espa\u00f1a<\/span><\/p>\n<p><a href=\"http:\/\/www.euroresidentes.com\/empresa\/innovacion\/wp-content\/uploads\/sites\/3\/2017\/11\/IMG_8576.jpg\"><img loading=\"lazy\" decoding=\"async\" class=\"aligncenter  wp-image-3889\" src=\"http:\/\/www.euroresidentes.com\/empresa\/innovacion\/wp-content\/uploads\/sites\/3\/2017\/11\/IMG_8576.jpg\" alt=\"Google Premia a la Comunidad Valenciana\" width=\"710\" height=\"600\" srcset=\"https:\/\/www.euroresidentes.com\/empresa\/innovacion\/wp-content\/uploads\/sites\/3\/2017\/11\/IMG_8576.jpg 1024w, https:\/\/www.euroresidentes.com\/empresa\/innovacion\/wp-content\/uploads\/sites\/3\/2017\/11\/IMG_8576-300x254.jpg 300w\" sizes=\"auto, (max-width: 710px) 100vw, 710px\" \/><\/a><\/p>\n<h3> El potencial y el futuro de Alicante como ecosistema<\/h3>\n<p><span style=\"font-weight: 400\">Sin pecar de triunfalismo, <strong>Alicante tiene por delante un futuro digital extraordinario<\/strong>. \u00a0Las empresas digitales alicantinas por si solas est\u00e1n mostrando una capacidad de pivotar, de adaptarse al ritmo de la innovaci\u00f3n exponencial que experimentamos. <strong>IoT,\u00a0Blockchain, Machine Learning, Ciberseguridad.. ser\u00e1n campos que no van a pasar desapercibidos en Alicante<\/strong>. \u00a0<\/span><\/p>\n<p><span style=\"font-weight: 400\"><strong>Andr\u00e9s Torrubia<\/strong> hace un par de meses quedaba el <a href=\"https:\/\/youtu.be\/aT80jdbH7Ns\">4\u00ba top mundial del reto Udacity-Didi en Inteligencia Artificial <\/a>(conducci\u00f3n autom\u00e1tica) siendo el \u00fanico europeo clasificado compitiendo con los mejores matem\u00e1ticos e ingenieros norteamericanos, chinos y rusos entre 4.000 participantes. Esta proeza la repet\u00eda esta misma semana en un nuevo reto quedando el 2\u00ba en una primera ronda clasificatoria en la que participan 2.000 especialistas de todo el mundo en otros nuevo reto lanzado por la inteligencia estadounidense en reconocimiento de imagenes borrosas captadas por sat\u00e9lite. Sus empresas relacionadas con la salud o la intermediaci\u00f3n de servicios ya son pioneras en la aplicaci\u00f3n de algunas de las tecnolog\u00edas relacionadas con la IA. <\/span><\/p>\n<p><span style=\"font-weight: 400\">En la <strong>Universidad de Alicante<\/strong> ocurren muchas cosas importantes en el \u00e1mbito tecnol\u00f3gico. Hay <strong>investigadores de primer\u00edsima l\u00ednea en IA o en tecnolog\u00edas como blokchain<\/strong>. La Escuela Polit\u00e9cnica Superior (EPS) dirigida por <strong>Andr\u00e9s Montoyo<\/strong> es un ejemplo de transferencia de tecnolog\u00eda inform\u00e1tica a empresas espa\u00f1olas y alicantinas de primer nivel. \u00a0No puedo dejar de mencionar que en el \u00e1mbito de la Universidad de Alicante se han impulsado proyectos digitales con prestigio internacional. Desde la conocida <strong>Biblioteca Virtual Miguel de Cervantes, premiada por Stanford University, o m\u00e1s recientemente por Red.es<\/strong>, por algunos de sus avances tecnol\u00f3gicos aplicados a este \u00e1mbito, pasando por <strong>Universia<\/strong> en cuyos primeros proyectos la UA particip\u00f3 muy activamente. O m\u00e1s\u00a0recientemente\u00a0<strong>impulsando y liderando de forma pionera en Europa un tema de la trascendencia como los MOOCs<\/strong>. <em>Unimooc<\/em> en sus or\u00edgenes fue un proyecto colaborativo entre Banco Santander, Google, la CRUE, la UIMP y otras universidades (Alicante, Murcia..) que ha dio paso al propio UNIMOOC actual (340.000 emprendedores de m\u00e1s de 100 pa\u00edses), Miriadax, el proyecto que finalmente construy\u00f3 Santander con Telef\u00f3nica, o<strong> el desarrollo de la propia tecnolog\u00eda de Google Europa para Google Act\u00edvate<\/strong> que ha impulsado y dirigido hasta el momento el profesor <strong>Pedro Pern\u00edas<\/strong>, tras varios encuentros con los m\u00e1ximos expertos internacionales y responsables de Google en materia de educaci\u00f3n.<\/span><\/p>\n<h3>El \u00e9xito de programa Act\u00edvate de Google en la Comunidad Valenciana<\/h3>\n<p><span style=\"font-weight: 400\">El propio \u00e9xito\u00a0del programa Google Act\u00edvate en la Comunidad Valenciana -al que seguro se referir\u00e1 Francisco Ruiz- es <strong>un magn\u00edfico exponente e indicador de la vitalidad digital de nuestra provincia<\/strong>. No me extender\u00e9, simplemente dir\u00e9 que pone de relieve la toma de conciencia de sus j\u00f3venes por adquirir las competencias que le faciliten su <strong>empleabilidad o la capacidad de emprender<\/strong>. \u00a0Tambi\u00e9n tenemos casos \u00a0de \u00e9xito entre los alumnos. Como la alicantina <strong>Raquel Garc\u00eda Castellano<\/strong>, hoy una profesional de \u00e9xito, que fue elegida entre los cientos de miles de alumnos exitosos de Google Act\u00edvate para\u00a0su proyecci\u00f3n y promoci\u00f3n en toda Europa. <\/span><\/p>\n<p><span style=\"font-weight: 400\">Entre las\u00a0aportaciones de Alicante en Google tambi\u00e9n est\u00e1 nuestra <strong>contribuci\u00f3n el Observatorio ADEI<\/strong>, considerado el primer y m\u00e1s relevante <em>think-tank<\/em> sobre econom\u00eda digital en \u00a0Espa\u00f1a con estudios y an\u00e1lisis sobre las vertientes m\u00e1s destacadas de la econom\u00eda digital en nuestro pa\u00eds.<\/span><\/p>\n<h3>Alicante como ecosistema digital internacional<\/h3>\n<table style=\"background-color: #edf5d0\">\n<tbody>\n<tr>\n<td>\n<p>Alicante debe aspirar en el futuro a mucho m\u00e1s.<strong> Alicante cumple todos los requisitos que se le exigen a un ecosistema digital de \u00e1mbito internacional<\/strong>:<\/p>\n<ul>\n<ul>\n<li>Uno de los mejores aeropuertos de Europa con compa\u00f1\u00edas de vuelos baratos 117 destinos.<\/li>\n<li>2,1 millones de habitantes en un radio de 120 km. a la redonda<\/li>\n<li>En ese radio tambi\u00e9n cuenta con 7 universidades, dos parques cient\u00edficos, un parque empresarial de los mejores del arco mediterr\u00e1neo.<\/li>\n<li>Los espacios de coworking existentes en Alicante ciudad y la provincia son un hervidero de peque\u00f1os eventos digitales, fomentando la colaboraci\u00f3n y el aprendizaje.<\/li>\n<li>Servicios internacionales como la EUIPO<\/li>\n<li>Calidad y coste de vida\u2026<\/li>\n<li>En el ecosistema regional del \u00e1rea de la Marina de Valencia un hub financiero tecnol\u00f3gico-digital con proyectos de la m\u00e1xima relevancia como Lanzadera, Innsomnia, \u00a0o iniciativas o como DCN Ventures \u00a0(fondo privado de capital riesgo valenciano con foco en la biotecnolog\u00eda y la econom\u00eda digital). M\u00e1s recientemente\u00a0sumemos Caixabank en Valencia y Baco Sabadell en Alicante.<\/li>\n<\/ul>\n<\/ul>\n<\/td>\n<\/tr>\n<\/tbody>\n<\/table>\n<p> <strong>Las administraciones deben creer en el potencial de Alicante<\/strong>. \u00a0Su ecosistema digital deber\u00eda ser una apuesta espa\u00f1ola y de la Comunidad capaz de atraer empresas digitales de otros pa\u00edses (brexit, pa\u00edses n\u00f3rdicos, incluso la situaci\u00f3n de otras zonas de Espa\u00f1a&#8230;). Pero hay que recordar que <strong>dejando el Silicon Valley aparte, en el resto de los ecosistemas digitales existentes en el mundo, las administraciones p\u00fablicas han tenido un papel relevante tanto en Europa como en Asia<\/strong>. Dubl\u00edn, Berl\u00edn. Londres, Bristol, Helsinki, Estonia, Bangalore, Singapur, Corea del Sur, Shenzhen.. ofrecen un conjunto de v\u00edas muy inspiradoras a la hora de potenciar el desarrollo de la econom\u00eda digital (IoT, smart cities, fintech, blockchain, IA..)<\/p>\n<p>Para terminar dir\u00e9 que e<strong>ste premio es una gran noticia para la Comunidad Valenciana y para Alicante<\/strong>. \u00a0Un punto de apoyo para la <strong>esperanza de j\u00f3venes emprendedores\u00a0<\/strong>a los que dedico este pensamiento de Steve Jobs:<\/p>\n<table style=\"background-color: #faedc8\">\n<tbody>\n<tr>\n<td>\n<blockquote><p>\u00abNo quedes atrapado en el dogma, que es vivir como otros piensan que deber\u00edas vivir. No dejes que los ruidos de las opiniones de los dem\u00e1s acallen tu propia voz interior. Y, lo que es m\u00e1s importante, ten el coraje para hacer lo que te dicen tu coraz\u00f3n y tu intuici\u00f3n\u00bb.<\/p><\/blockquote>\n<\/td>\n<\/tr>\n<\/tbody>\n<\/table>\n<p><span style=\"font-weight: 400\">Muchas gracias\u00a0<\/span><\/p>\n<p>Andr\u00e9s Pedre\u00f1o. Presidente de <a href=\"http:\/\/alicantec.com\/\">AlicanTEC <\/a>\u00a0Alicante,\u00a0<span style=\"font-weight: 400\">22 de Noviembre 2017<\/span><\/p>\n<h3>Seguir leyendo:<\/h3>\n<ul>\n<li><a href=\"https:\/\/www.euroresidentes.com\/empresa\/innovacion\/que-es-digitalizar-una-economia\">Qu\u00e9 es digitalizar la econom\u00eda (y sobre todo qu\u00e9 no es)<\/a><\/li>\n<li><a href=\"https:\/\/www.euroresidentes.com\/empresa\/innovacion\/la-economia-digital-no-esta-entre-las\">La econom\u00eda digital no est\u00e1 entre las prioridades pol\u00edticas: 13 razones por las que deber\u00eda estar<\/a><\/li>\n<\/ul>\n","protected":false},"excerpt":{"rendered":"<p>El diario Informaci\u00f3n y Google me han pedido que haga una breve referencia a \u201cAlicante en la econom\u00eda Digital\u201d, en una ocasi\u00f3n tan se\u00f1alada, por el reconocimiento que Google har\u00e1 a la Comunidad Valenciana en este mismo acto (Premio Google Act\u00edvate a la Comunidad Valenciana). M\u00e1s all\u00e1 de la innovaci\u00f3n, la disrupci\u00f3n y la transformaci\u00f3n digital\u00a0 Dejadme que empiece por algo obvio: Para un pa\u00eds no hay futuro sin econom\u00eda digital. Nadie discute la necesidad e inter\u00e9s de las infraestructuras como el Corredor Mediterr\u00e1neo, fundamental e imprescindible por muchos motivos y a cuya reivindicaci\u00f3n me sumo de la forma m\u00e1s <\/p>\n","protected":false},"author":10,"featured_media":3886,"comment_status":"open","ping_status":"open","sticky":false,"template":"","format":"standard","meta":{"footnotes":""},"categories":[6,11],"tags":[],"class_list":["post-3883","post","type-post","status-publish","format-standard","has-post-thumbnail","hentry","category-economia-digital","category-innovacion","has_thumb"],"yoast_head":"<!-- This site is optimized with the Yoast SEO plugin v27.5 - https:\/\/yoast.com\/product\/yoast-seo-wordpress\/ -->\n<title>Alicante en la Econom\u00eda Digital. Premio Google Act\u00edvate<\/title>\n<meta name=\"description\" content=\"El diario Informaci\u00f3n y Google me han pedido que haga una breve referencia a \u201cAlicante en la econom\u00eda Digital\u201d.\" \/>\n<meta name=\"robots\" content=\"index, follow, max-snippet:-1, max-image-preview:large, max-video-preview:-1\" \/>\n<link rel=\"canonical\" href=\"https:\/\/www.euroresidentes.com\/empresa\/innovacion\/alicante-en-la-economia-digital-premio-google-activate-a-la-comunidad-valenciana\/\" \/>\n<meta property=\"og:locale\" content=\"es_ES\" \/>\n<meta property=\"og:type\" content=\"article\" \/>\n<meta property=\"og:title\" content=\"Alicante en la Econom\u00eda Digital. Premio Google Act\u00edvate\" \/>\n<meta property=\"og:description\" content=\"El diario Informaci\u00f3n y Google me han pedido que haga una breve referencia a \u201cAlicante en la econom\u00eda Digital\u201d.\" \/>\n<meta property=\"og:url\" content=\"https:\/\/www.euroresidentes.com\/empresa\/innovacion\/alicante-en-la-economia-digital-premio-google-activate-a-la-comunidad-valenciana\/\" \/>\n<meta property=\"og:site_name\" content=\"Innovaci\u00f3n y Emprendimiento\" \/>\n<meta property=\"article:publisher\" content=\"https:\/\/www.facebook.com\/euroresidentes\/\" \/>\n<meta property=\"article:published_time\" content=\"2017-11-23T09:01:36+00:00\" \/>\n<meta property=\"article:modified_time\" content=\"2017-11-26T08:42:33+00:00\" \/>\n<meta property=\"og:image\" content=\"https:\/\/www.euroresidentes.com\/empresa\/innovacion\/wp-content\/uploads\/sites\/3\/2017\/11\/IMG_8577.jpg\" \/>\n\t<meta property=\"og:image:width\" content=\"1024\" \/>\n\t<meta property=\"og:image:height\" content=\"687\" \/>\n\t<meta property=\"og:image:type\" content=\"image\/jpeg\" \/>\n<meta name=\"author\" content=\"Andr\u00e9s Pedre\u00f1o\" \/>\n<meta name=\"twitter:card\" content=\"summary_large_image\" \/>\n<meta name=\"twitter:label1\" content=\"Written by\" \/>\n\t<meta name=\"twitter:data1\" content=\"Andr\u00e9s Pedre\u00f1o\" \/>\n\t<meta name=\"twitter:label2\" content=\"Est. reading time\" \/>\n\t<meta name=\"twitter:data2\" content=\"12 minutos\" \/>\n<script type=\"application\/ld+json\" class=\"yoast-schema-graph\">{\"@context\":\"https:\\\/\\\/schema.org\",\"@graph\":[{\"@type\":\"Article\",\"@id\":\"https:\\\/\\\/www.euroresidentes.com\\\/empresa\\\/innovacion\\\/alicante-en-la-economia-digital-premio-google-activate-a-la-comunidad-valenciana\\\/#article\",\"isPartOf\":{\"@id\":\"https:\\\/\\\/www.euroresidentes.com\\\/empresa\\\/innovacion\\\/alicante-en-la-economia-digital-premio-google-activate-a-la-comunidad-valenciana\\\/\"},\"author\":{\"name\":\"Andr\u00e9s Pedre\u00f1o\",\"@id\":\"https:\\\/\\\/www.euroresidentes.com\\\/empresa\\\/innovacion\\\/#\\\/schema\\\/person\\\/9d93aa338211d371a543646dd6ce5d2f\"},\"headline\":\"Alicante en la Econom\u00eda Digital. Premio Google Act\u00edvate a la Comunidad Valenciana\",\"datePublished\":\"2017-11-23T09:01:36+00:00\",\"dateModified\":\"2017-11-26T08:42:33+00:00\",\"mainEntityOfPage\":{\"@id\":\"https:\\\/\\\/www.euroresidentes.com\\\/empresa\\\/innovacion\\\/alicante-en-la-economia-digital-premio-google-activate-a-la-comunidad-valenciana\\\/\"},\"wordCount\":2372,\"commentCount\":1,\"image\":{\"@id\":\"https:\\\/\\\/www.euroresidentes.com\\\/empresa\\\/innovacion\\\/alicante-en-la-economia-digital-premio-google-activate-a-la-comunidad-valenciana\\\/#primaryimage\"},\"thumbnailUrl\":\"https:\\\/\\\/www.euroresidentes.com\\\/empresa\\\/innovacion\\\/wp-content\\\/uploads\\\/sites\\\/3\\\/2017\\\/11\\\/IMG_8577.jpg\",\"articleSection\":[\"Econom\u00eda Digital\",\"Innovacion\"],\"inLanguage\":\"es\",\"potentialAction\":[{\"@type\":\"CommentAction\",\"name\":\"Comment\",\"target\":[\"https:\\\/\\\/www.euroresidentes.com\\\/empresa\\\/innovacion\\\/alicante-en-la-economia-digital-premio-google-activate-a-la-comunidad-valenciana\\\/#respond\"]}]},{\"@type\":\"WebPage\",\"@id\":\"https:\\\/\\\/www.euroresidentes.com\\\/empresa\\\/innovacion\\\/alicante-en-la-economia-digital-premio-google-activate-a-la-comunidad-valenciana\\\/\",\"url\":\"https:\\\/\\\/www.euroresidentes.com\\\/empresa\\\/innovacion\\\/alicante-en-la-economia-digital-premio-google-activate-a-la-comunidad-valenciana\\\/\",\"name\":\"Alicante en la Econom\u00eda Digital. Premio Google Act\u00edvate\",\"isPartOf\":{\"@id\":\"https:\\\/\\\/www.euroresidentes.com\\\/empresa\\\/innovacion\\\/#website\"},\"primaryImageOfPage\":{\"@id\":\"https:\\\/\\\/www.euroresidentes.com\\\/empresa\\\/innovacion\\\/alicante-en-la-economia-digital-premio-google-activate-a-la-comunidad-valenciana\\\/#primaryimage\"},\"image\":{\"@id\":\"https:\\\/\\\/www.euroresidentes.com\\\/empresa\\\/innovacion\\\/alicante-en-la-economia-digital-premio-google-activate-a-la-comunidad-valenciana\\\/#primaryimage\"},\"thumbnailUrl\":\"https:\\\/\\\/www.euroresidentes.com\\\/empresa\\\/innovacion\\\/wp-content\\\/uploads\\\/sites\\\/3\\\/2017\\\/11\\\/IMG_8577.jpg\",\"datePublished\":\"2017-11-23T09:01:36+00:00\",\"dateModified\":\"2017-11-26T08:42:33+00:00\",\"author\":{\"@id\":\"https:\\\/\\\/www.euroresidentes.com\\\/empresa\\\/innovacion\\\/#\\\/schema\\\/person\\\/9d93aa338211d371a543646dd6ce5d2f\"},\"description\":\"El diario Informaci\u00f3n y Google me han pedido que haga una breve referencia a \u201cAlicante en la econom\u00eda Digital\u201d.\",\"breadcrumb\":{\"@id\":\"https:\\\/\\\/www.euroresidentes.com\\\/empresa\\\/innovacion\\\/alicante-en-la-economia-digital-premio-google-activate-a-la-comunidad-valenciana\\\/#breadcrumb\"},\"inLanguage\":\"es\",\"potentialAction\":[{\"@type\":\"ReadAction\",\"target\":[\"https:\\\/\\\/www.euroresidentes.com\\\/empresa\\\/innovacion\\\/alicante-en-la-economia-digital-premio-google-activate-a-la-comunidad-valenciana\\\/\"]}]},{\"@type\":\"ImageObject\",\"inLanguage\":\"es\",\"@id\":\"https:\\\/\\\/www.euroresidentes.com\\\/empresa\\\/innovacion\\\/alicante-en-la-economia-digital-premio-google-activate-a-la-comunidad-valenciana\\\/#primaryimage\",\"url\":\"https:\\\/\\\/www.euroresidentes.com\\\/empresa\\\/innovacion\\\/wp-content\\\/uploads\\\/sites\\\/3\\\/2017\\\/11\\\/IMG_8577.jpg\",\"contentUrl\":\"https:\\\/\\\/www.euroresidentes.com\\\/empresa\\\/innovacion\\\/wp-content\\\/uploads\\\/sites\\\/3\\\/2017\\\/11\\\/IMG_8577.jpg\",\"width\":1024,\"height\":687,\"caption\":\"Google Premia a la Comunidad Valenciana\"},{\"@type\":\"BreadcrumbList\",\"@id\":\"https:\\\/\\\/www.euroresidentes.com\\\/empresa\\\/innovacion\\\/alicante-en-la-economia-digital-premio-google-activate-a-la-comunidad-valenciana\\\/#breadcrumb\",\"itemListElement\":[{\"@type\":\"ListItem\",\"position\":1,\"name\":\"Portada\",\"item\":\"https:\\\/\\\/www.euroresidentes.com\\\/empresa\\\/innovacion\\\/\"},{\"@type\":\"ListItem\",\"position\":2,\"name\":\"Alicante en la Econom\u00eda Digital. Premio Google Act\u00edvate a la Comunidad Valenciana\"}]},{\"@type\":\"WebSite\",\"@id\":\"https:\\\/\\\/www.euroresidentes.com\\\/empresa\\\/innovacion\\\/#website\",\"url\":\"https:\\\/\\\/www.euroresidentes.com\\\/empresa\\\/innovacion\\\/\",\"name\":\"Innovaci\u00f3n y Emprendimiento\",\"description\":\"Blog de Andr\u00e9s Pedre\u00f1o\",\"potentialAction\":[{\"@type\":\"SearchAction\",\"target\":{\"@type\":\"EntryPoint\",\"urlTemplate\":\"https:\\\/\\\/www.euroresidentes.com\\\/empresa\\\/innovacion\\\/?s={search_term_string}\"},\"query-input\":{\"@type\":\"PropertyValueSpecification\",\"valueRequired\":true,\"valueName\":\"search_term_string\"}}],\"inLanguage\":\"es\"},{\"@type\":\"Person\",\"@id\":\"https:\\\/\\\/www.euroresidentes.com\\\/empresa\\\/innovacion\\\/#\\\/schema\\\/person\\\/9d93aa338211d371a543646dd6ce5d2f\",\"name\":\"Andr\u00e9s Pedre\u00f1o\",\"image\":{\"@type\":\"ImageObject\",\"inLanguage\":\"es\",\"@id\":\"https:\\\/\\\/www.euroresidentes.com\\\/empresa\\\/innovacion\\\/wp-content\\\/uploads\\\/sites\\\/3\\\/2016\\\/08\\\/andres-pedreno-150x150.jpg\",\"url\":\"https:\\\/\\\/www.euroresidentes.com\\\/empresa\\\/innovacion\\\/wp-content\\\/uploads\\\/sites\\\/3\\\/2016\\\/08\\\/andres-pedreno-150x150.jpg\",\"contentUrl\":\"https:\\\/\\\/www.euroresidentes.com\\\/empresa\\\/innovacion\\\/wp-content\\\/uploads\\\/sites\\\/3\\\/2016\\\/08\\\/andres-pedreno-150x150.jpg\",\"caption\":\"Andr\u00e9s Pedre\u00f1o\"},\"description\":\"Andr\u00e9s Pedre\u00f1oCatedr\u00e1tico de Econom\u00eda Aplicada y conocedor de Internet y la sociedad de la informaci\u00f3n. El \u00e9xito de un proyecto descansa en un porcentaje muy alto en la \u201cinteligencia ejecutiva\u201c.\",\"sameAs\":[\"https:\\\/\\\/www.euroresidentes.com\\\/empresa\\\/sobre-andres-pedreno\\\/\"],\"url\":\"https:\\\/\\\/www.euroresidentes.com\\\/empresa\\\/innovacion\\\/author\\\/andres\\\/\"}]}<\/script>\n<!-- \/ Yoast SEO plugin. -->","yoast_head_json":{"title":"Alicante en la Econom\u00eda Digital. Premio Google Act\u00edvate","description":"El diario Informaci\u00f3n y Google me han pedido que haga una breve referencia a \u201cAlicante en la econom\u00eda Digital\u201d.","robots":{"index":"index","follow":"follow","max-snippet":"max-snippet:-1","max-image-preview":"max-image-preview:large","max-video-preview":"max-video-preview:-1"},"canonical":"https:\/\/www.euroresidentes.com\/empresa\/innovacion\/alicante-en-la-economia-digital-premio-google-activate-a-la-comunidad-valenciana\/","og_locale":"es_ES","og_type":"article","og_title":"Alicante en la Econom\u00eda Digital. Premio Google Act\u00edvate","og_description":"El diario Informaci\u00f3n y Google me han pedido que haga una breve referencia a \u201cAlicante en la econom\u00eda Digital\u201d.","og_url":"https:\/\/www.euroresidentes.com\/empresa\/innovacion\/alicante-en-la-economia-digital-premio-google-activate-a-la-comunidad-valenciana\/","og_site_name":"Innovaci\u00f3n y Emprendimiento","article_publisher":"https:\/\/www.facebook.com\/euroresidentes\/","article_published_time":"2017-11-23T09:01:36+00:00","article_modified_time":"2017-11-26T08:42:33+00:00","og_image":[{"width":1024,"height":687,"url":"https:\/\/www.euroresidentes.com\/empresa\/innovacion\/wp-content\/uploads\/sites\/3\/2017\/11\/IMG_8577.jpg","type":"image\/jpeg"}],"author":"Andr\u00e9s Pedre\u00f1o","twitter_card":"summary_large_image","twitter_misc":{"Written by":"Andr\u00e9s Pedre\u00f1o","Est. reading time":"12 minutos"},"schema":{"@context":"https:\/\/schema.org","@graph":[{"@type":"Article","@id":"https:\/\/www.euroresidentes.com\/empresa\/innovacion\/alicante-en-la-economia-digital-premio-google-activate-a-la-comunidad-valenciana\/#article","isPartOf":{"@id":"https:\/\/www.euroresidentes.com\/empresa\/innovacion\/alicante-en-la-economia-digital-premio-google-activate-a-la-comunidad-valenciana\/"},"author":{"name":"Andr\u00e9s Pedre\u00f1o","@id":"https:\/\/www.euroresidentes.com\/empresa\/innovacion\/#\/schema\/person\/9d93aa338211d371a543646dd6ce5d2f"},"headline":"Alicante en la Econom\u00eda Digital. Premio Google Act\u00edvate a la Comunidad Valenciana","datePublished":"2017-11-23T09:01:36+00:00","dateModified":"2017-11-26T08:42:33+00:00","mainEntityOfPage":{"@id":"https:\/\/www.euroresidentes.com\/empresa\/innovacion\/alicante-en-la-economia-digital-premio-google-activate-a-la-comunidad-valenciana\/"},"wordCount":2372,"commentCount":1,"image":{"@id":"https:\/\/www.euroresidentes.com\/empresa\/innovacion\/alicante-en-la-economia-digital-premio-google-activate-a-la-comunidad-valenciana\/#primaryimage"},"thumbnailUrl":"https:\/\/www.euroresidentes.com\/empresa\/innovacion\/wp-content\/uploads\/sites\/3\/2017\/11\/IMG_8577.jpg","articleSection":["Econom\u00eda Digital","Innovacion"],"inLanguage":"es","potentialAction":[{"@type":"CommentAction","name":"Comment","target":["https:\/\/www.euroresidentes.com\/empresa\/innovacion\/alicante-en-la-economia-digital-premio-google-activate-a-la-comunidad-valenciana\/#respond"]}]},{"@type":"WebPage","@id":"https:\/\/www.euroresidentes.com\/empresa\/innovacion\/alicante-en-la-economia-digital-premio-google-activate-a-la-comunidad-valenciana\/","url":"https:\/\/www.euroresidentes.com\/empresa\/innovacion\/alicante-en-la-economia-digital-premio-google-activate-a-la-comunidad-valenciana\/","name":"Alicante en la Econom\u00eda Digital. Premio Google Act\u00edvate","isPartOf":{"@id":"https:\/\/www.euroresidentes.com\/empresa\/innovacion\/#website"},"primaryImageOfPage":{"@id":"https:\/\/www.euroresidentes.com\/empresa\/innovacion\/alicante-en-la-economia-digital-premio-google-activate-a-la-comunidad-valenciana\/#primaryimage"},"image":{"@id":"https:\/\/www.euroresidentes.com\/empresa\/innovacion\/alicante-en-la-economia-digital-premio-google-activate-a-la-comunidad-valenciana\/#primaryimage"},"thumbnailUrl":"https:\/\/www.euroresidentes.com\/empresa\/innovacion\/wp-content\/uploads\/sites\/3\/2017\/11\/IMG_8577.jpg","datePublished":"2017-11-23T09:01:36+00:00","dateModified":"2017-11-26T08:42:33+00:00","author":{"@id":"https:\/\/www.euroresidentes.com\/empresa\/innovacion\/#\/schema\/person\/9d93aa338211d371a543646dd6ce5d2f"},"description":"El diario Informaci\u00f3n y Google me han pedido que haga una breve referencia a \u201cAlicante en la econom\u00eda Digital\u201d.","breadcrumb":{"@id":"https:\/\/www.euroresidentes.com\/empresa\/innovacion\/alicante-en-la-economia-digital-premio-google-activate-a-la-comunidad-valenciana\/#breadcrumb"},"inLanguage":"es","potentialAction":[{"@type":"ReadAction","target":["https:\/\/www.euroresidentes.com\/empresa\/innovacion\/alicante-en-la-economia-digital-premio-google-activate-a-la-comunidad-valenciana\/"]}]},{"@type":"ImageObject","inLanguage":"es","@id":"https:\/\/www.euroresidentes.com\/empresa\/innovacion\/alicante-en-la-economia-digital-premio-google-activate-a-la-comunidad-valenciana\/#primaryimage","url":"https:\/\/www.euroresidentes.com\/empresa\/innovacion\/wp-content\/uploads\/sites\/3\/2017\/11\/IMG_8577.jpg","contentUrl":"https:\/\/www.euroresidentes.com\/empresa\/innovacion\/wp-content\/uploads\/sites\/3\/2017\/11\/IMG_8577.jpg","width":1024,"height":687,"caption":"Google Premia a la Comunidad Valenciana"},{"@type":"BreadcrumbList","@id":"https:\/\/www.euroresidentes.com\/empresa\/innovacion\/alicante-en-la-economia-digital-premio-google-activate-a-la-comunidad-valenciana\/#breadcrumb","itemListElement":[{"@type":"ListItem","position":1,"name":"Portada","item":"https:\/\/www.euroresidentes.com\/empresa\/innovacion\/"},{"@type":"ListItem","position":2,"name":"Alicante en la Econom\u00eda Digital. Premio Google Act\u00edvate a la Comunidad Valenciana"}]},{"@type":"WebSite","@id":"https:\/\/www.euroresidentes.com\/empresa\/innovacion\/#website","url":"https:\/\/www.euroresidentes.com\/empresa\/innovacion\/","name":"Innovaci\u00f3n y Emprendimiento","description":"Blog de Andr\u00e9s Pedre\u00f1o","potentialAction":[{"@type":"SearchAction","target":{"@type":"EntryPoint","urlTemplate":"https:\/\/www.euroresidentes.com\/empresa\/innovacion\/?s={search_term_string}"},"query-input":{"@type":"PropertyValueSpecification","valueRequired":true,"valueName":"search_term_string"}}],"inLanguage":"es"},{"@type":"Person","@id":"https:\/\/www.euroresidentes.com\/empresa\/innovacion\/#\/schema\/person\/9d93aa338211d371a543646dd6ce5d2f","name":"Andr\u00e9s Pedre\u00f1o","image":{"@type":"ImageObject","inLanguage":"es","@id":"https:\/\/www.euroresidentes.com\/empresa\/innovacion\/wp-content\/uploads\/sites\/3\/2016\/08\/andres-pedreno-150x150.jpg","url":"https:\/\/www.euroresidentes.com\/empresa\/innovacion\/wp-content\/uploads\/sites\/3\/2016\/08\/andres-pedreno-150x150.jpg","contentUrl":"https:\/\/www.euroresidentes.com\/empresa\/innovacion\/wp-content\/uploads\/sites\/3\/2016\/08\/andres-pedreno-150x150.jpg","caption":"Andr\u00e9s Pedre\u00f1o"},"description":"Andr\u00e9s Pedre\u00f1oCatedr\u00e1tico de Econom\u00eda Aplicada y conocedor de Internet y la sociedad de la informaci\u00f3n. El \u00e9xito de un proyecto descansa en un porcentaje muy alto en la \u201cinteligencia ejecutiva\u201c.","sameAs":["https:\/\/www.euroresidentes.com\/empresa\/sobre-andres-pedreno\/"],"url":"https:\/\/www.euroresidentes.com\/empresa\/innovacion\/author\/andres\/"}]}},"_links":{"self":[{"href":"https:\/\/www.euroresidentes.com\/empresa\/innovacion\/wp-json\/wp\/v2\/posts\/3883","targetHints":{"allow":["GET"]}}],"collection":[{"href":"https:\/\/www.euroresidentes.com\/empresa\/innovacion\/wp-json\/wp\/v2\/posts"}],"about":[{"href":"https:\/\/www.euroresidentes.com\/empresa\/innovacion\/wp-json\/wp\/v2\/types\/post"}],"author":[{"embeddable":true,"href":"https:\/\/www.euroresidentes.com\/empresa\/innovacion\/wp-json\/wp\/v2\/users\/10"}],"replies":[{"embeddable":true,"href":"https:\/\/www.euroresidentes.com\/empresa\/innovacion\/wp-json\/wp\/v2\/comments?post=3883"}],"version-history":[{"count":10,"href":"https:\/\/www.euroresidentes.com\/empresa\/innovacion\/wp-json\/wp\/v2\/posts\/3883\/revisions"}],"predecessor-version":[{"id":3901,"href":"https:\/\/www.euroresidentes.com\/empresa\/innovacion\/wp-json\/wp\/v2\/posts\/3883\/revisions\/3901"}],"wp:featuredmedia":[{"embeddable":true,"href":"https:\/\/www.euroresidentes.com\/empresa\/innovacion\/wp-json\/wp\/v2\/media\/3886"}],"wp:attachment":[{"href":"https:\/\/www.euroresidentes.com\/empresa\/innovacion\/wp-json\/wp\/v2\/media?parent=3883"}],"wp:term":[{"taxonomy":"category","embeddable":true,"href":"https:\/\/www.euroresidentes.com\/empresa\/innovacion\/wp-json\/wp\/v2\/categories?post=3883"},{"taxonomy":"post_tag","embeddable":true,"href":"https:\/\/www.euroresidentes.com\/empresa\/innovacion\/wp-json\/wp\/v2\/tags?post=3883"}],"curies":[{"name":"wp","href":"https:\/\/api.w.org\/{rel}","templated":true}]}}