
{"id":366,"date":"2014-05-23T11:37:00","date_gmt":"2014-05-23T11:37:00","guid":{"rendered":"https:\/\/wp.euroresidentes.com\/empresa\/empresa-innovacion\/2014\/05\/europa-es-debil-en-cultura-de.html"},"modified":"2017-06-21T10:21:11","modified_gmt":"2017-06-21T08:21:11","slug":"europa-es-debil-en-cultura-de","status":"publish","type":"post","link":"https:\/\/www.euroresidentes.com\/empresa\/innovacion\/europa-es-debil-en-cultura-de\/","title":{"rendered":"Europa es d\u00e9bil en cultura de innovaci\u00f3n y en sectores de futuro"},"content":{"rendered":"<p>Leo en Financial Times un extenso art\u00edculo sobre Europa y su d\u00e9bil cultura de innovaci\u00f3n comparada con Asia y con los Estados Unidos. Me temo que en el gran debate de las elecciones europeas este tema se ha pasado de puntillas.<\/p>\n<p>Los lobbies europeos de sectores estrat\u00e9gicos como la fabricaci\u00f3n aeroespacial y de autom\u00f3viles<\/p>\n<p>a los productos qu\u00edmicos (sectores liderados desde Europa) lo tienen claro:<\/p>\n<blockquote class=\"tr_bq\"><p>\u00abEl margen competitivo de la U.E. se basar\u00e1, m\u00e1s que nunca, en la innovaci\u00f3n, la productividad y la<\/p>\n<p>transici\u00f3n de la econom\u00eda de la U.E. hacia actividades de mayor tecnolog\u00eda y mayor valor a\u00f1adido\u00bb, (Bert D&#8217;Hooghe, asesor en la Mesa Redonda Europea de Industriales, un destacado lobby de<\/p>\n<p>fabricaci\u00f3n)<\/p><\/blockquote>\n<p>Existe la preocupaci\u00f3n de que Europa se est\u00e9 quedando atr\u00e1s con respecto a sus<\/p>\n<p>competidores en muchos frentes.\u00a0 Los industriales europeos coinciden, como no podr\u00eda ser de otra forma en que la innovaci\u00f3n es fundamental, pero el panorama de<\/p>\n<p>investigaci\u00f3n y desarrollo es motivo de preocupaci\u00f3n.<\/p>\n<p><b>Inversiones en I+D y patentes <\/b><\/p>\n<div class=\"separator\" style=\"clear: both; text-align: center;\"><a style=\"clear: right; float: right; margin-bottom: 1em; margin-left: 1em;\" href=\"http:\/\/www.euroresidentes.com\/empresa\/innovacion\/wp-content\/uploads\/sites\/3\/2014\/05\/i-d-asia-europa-USA.jpg\"><img loading=\"lazy\" decoding=\"async\" src=\"http:\/\/www.euroresidentes.com\/empresa\/innovacion\/wp-content\/uploads\/sites\/3\/2014\/05\/i-d-asia-europa-USA.jpg\" alt=\"\" width=\"176\" height=\"320\" border=\"0\" \/><\/a><\/div>\n<p>Como todos sabemos y FT se\u00f1ala: \u00abla inversi\u00f3n en I+D de la U.E. se ha mantenido en alrededor del 2% del PIB en la<\/p>\n<p>\u00faltima d\u00e9cada, muy lejos del 3% que se ha marcado como objetivo para el a\u00f1o 2020. Tambi\u00e9n est\u00e1<\/p>\n<p>por detr\u00e1s de Jap\u00f3n y de los EE.UU., con un 3,4% y un 2,8% respectivamente\u00bb. Y ecuerda que la<\/p>\n<p>Comisi\u00f3n Europea estima que China podr\u00eda superar a la U.E. en t\u00e9rminos de gasto absoluto en I+D<\/p>\n<p>en 2014.<\/p>\n<p>La proporci\u00f3n de solicitudes de patentes -muchas de ellas relacionadas con la fabricaci\u00f3n- tambi\u00e9n<\/p>\n<p>deja entrever esta amenaza de competencia. Seg\u00fan las cifras del Banco Mundial, en los \u00faltimos 13<\/p>\n<p>a\u00f1os, el n\u00famero de patentes registradas por las empresas en la U.E. ha ca\u00eddo a cerca de 110.000,<\/p>\n<p>mientras que en China ha aumentado de 25.000 a m\u00e1s de 400.000.<\/p>\n<p><b>La carencia de una cultura de Innovaci\u00f3n\u00a0 <\/b><\/p>\n<p>Alexandre Affre, director de Asuntos Industriales de BusinessEurope, un organismo comercial, cree<\/p>\n<p>que Europa carece de una \u00ab<b>cultura de la innovaci\u00f3n<\/b>\u00ab.<\/p>\n<p>\u00abNo solo nos falta innovaci\u00f3n pura en cuanto a productos y procesos, sino tambi\u00e9n innovaci\u00f3n en el<\/p>\n<p>proceso de toma de decisiones en Europa\u00bb, dice. Affre considera que, a menudo, <b>la legislaci\u00f3n de la <\/b><\/p>\n<p>U.E. es demasiado prescriptiva y restringe la capacidad de las empresas para innovar.<\/p>\n<p>Esto empieza ya ocurrir en un sector desregulado como la econom\u00eda digital, donde un conjunto de sentencias o de leyes vinculadas a la privacidad, la propiedad intelectual o los derechos fundamentales (sentencia el derecho al olvido) van en detrimento del desarrollo de la econom\u00eda digital aqu\u00ed respecto Asia o los Estados Unidos.<\/p>\n<p>Es cierto, siguiendo con el articulo que algunos pa\u00edses europeos lo est\u00e1n haciendo mejor que otros. <b>Finlandia, Suecia, <\/b><\/p>\n<p>Dinamarca y Alemania invierten el m\u00e1ximo en el \u00e1rea de I+D. Pero en general, en vez de afianzar y promover estos modelos, Europa en su conjunto queda configurada por la carencia de una estrategia de I+D ambiciosa, unas pol\u00edticas de innovaci\u00f3n efectivas, y una voluntad pol\u00edtica y empresarial de liderar mundialmente sectores de futuro: nanotecnolog\u00eda, biotecnolog\u00eda, econom\u00eda digital de futuro&#8230;<\/p>\n<div class=\"separator\" style=\"clear: both; text-align: center;\"><a style=\"margin-left: 1em; margin-right: 1em;\" href=\"http:\/\/www.euroresidentes.com\/empresa\/innovacion\/wp-content\/uploads\/sites\/3\/2014\/05\/I-D-Europa.jpg\"><img loading=\"lazy\" decoding=\"async\" src=\"http:\/\/www.euroresidentes.com\/empresa\/innovacion\/wp-content\/uploads\/sites\/3\/2014\/05\/I-D-Europa.jpg\" alt=\"\" width=\"535\" height=\"640\" border=\"0\" \/><\/a><\/div>\n<div style=\"text-align: center;\"><\/div>\n<p>Fuente: http:\/\/www.ft.com\/cms\/s\/2\/6e58161e-c640-11e3-ba0e-00144feabdc0.html#axzz32RDPOu2c<\/p>\n<p><!-- antes tabla autor --><\/p>\n","protected":false},"excerpt":{"rendered":"<p>Leo en Financial Times un extenso art\u00edculo sobre Europa y su d\u00e9bil cultura de innovaci\u00f3n comparada con Asia y con los Estados Unidos. Me temo que en el gran debate de las elecciones europeas este tema se ha pasado de puntillas. Los lobbies europeos de sectores estrat\u00e9gicos como la fabricaci\u00f3n aeroespacial y de autom\u00f3viles a los productos qu\u00edmicos (sectores liderados desde Europa) lo tienen claro: \u00abEl margen competitivo de la U.E. se basar\u00e1, m\u00e1s que nunca, en la innovaci\u00f3n, la productividad y la transici\u00f3n de la econom\u00eda de la U.E. hacia actividades de mayor tecnolog\u00eda y mayor valor a\u00f1adido\u00bb, (Bert <\/p>\n","protected":false},"author":10,"featured_media":631,"comment_status":"open","ping_status":"open","sticky":false,"template":"","format":"standard","meta":{"footnotes":""},"categories":[95,11],"tags":[],"class_list":["post-366","post","type-post","status-publish","format-standard","has-post-thumbnail","hentry","category-empresa","category-innovacion","has_thumb"],"yoast_head":"<!-- This site is optimized with the Yoast SEO plugin v27.5 - https:\/\/yoast.com\/product\/yoast-seo-wordpress\/ -->\n<title>Europa es d\u00e9bil en cultura de innovaci\u00f3n y en sectores de futuro - Innovaci\u00f3n y Emprendimiento<\/title>\n<meta name=\"robots\" content=\"index, follow, max-snippet:-1, max-image-preview:large, max-video-preview:-1\" \/>\n<link rel=\"canonical\" href=\"https:\/\/www.euroresidentes.com\/empresa\/innovacion\/europa-es-debil-en-cultura-de\/\" \/>\n<meta property=\"og:locale\" content=\"es_ES\" \/>\n<meta property=\"og:type\" content=\"article\" \/>\n<meta property=\"og:title\" content=\"Europa es d\u00e9bil en cultura de innovaci\u00f3n y en sectores de futuro - Innovaci\u00f3n y Emprendimiento\" \/>\n<meta property=\"og:description\" content=\"Leo en Financial Times un extenso art\u00edculo sobre Europa y su d\u00e9bil cultura de innovaci\u00f3n comparada con Asia y con los Estados Unidos. Me temo que en el gran debate de las elecciones europeas este tema se ha pasado de puntillas. Los lobbies europeos de sectores estrat\u00e9gicos como la fabricaci\u00f3n aeroespacial y de autom\u00f3viles a los productos qu\u00edmicos (sectores liderados desde Europa) lo tienen claro: \u00abEl margen competitivo de la U.E. se basar\u00e1, m\u00e1s que nunca, en la innovaci\u00f3n, la productividad y la transici\u00f3n de la econom\u00eda de la U.E. hacia actividades de mayor tecnolog\u00eda y mayor valor a\u00f1adido\u00bb, (Bert\" \/>\n<meta property=\"og:url\" content=\"https:\/\/www.euroresidentes.com\/empresa\/innovacion\/europa-es-debil-en-cultura-de\/\" \/>\n<meta property=\"og:site_name\" content=\"Innovaci\u00f3n y Emprendimiento\" \/>\n<meta property=\"article:publisher\" content=\"https:\/\/www.facebook.com\/euroresidentes\/\" \/>\n<meta property=\"article:published_time\" content=\"2014-05-23T11:37:00+00:00\" \/>\n<meta property=\"article:modified_time\" content=\"2017-06-21T08:21:11+00:00\" \/>\n<meta property=\"og:image\" content=\"https:\/\/www.euroresidentes.com\/empresa\/innovacion\/wp-content\/uploads\/sites\/3\/2014\/05\/i-d-asia-europa-USA.jpg\" \/>\n\t<meta property=\"og:image:width\" content=\"225\" \/>\n\t<meta property=\"og:image:height\" content=\"409\" \/>\n\t<meta property=\"og:image:type\" content=\"image\/jpeg\" \/>\n<meta name=\"author\" content=\"Andr\u00e9s Pedre\u00f1o\" \/>\n<meta name=\"twitter:card\" content=\"summary_large_image\" \/>\n<meta name=\"twitter:label1\" content=\"Written by\" \/>\n\t<meta name=\"twitter:data1\" content=\"Andr\u00e9s Pedre\u00f1o\" \/>\n\t<meta name=\"twitter:label2\" content=\"Est. reading time\" \/>\n\t<meta name=\"twitter:data2\" content=\"3 minutos\" \/>\n<script type=\"application\/ld+json\" class=\"yoast-schema-graph\">{\"@context\":\"https:\\\/\\\/schema.org\",\"@graph\":[{\"@type\":\"Article\",\"@id\":\"https:\\\/\\\/www.euroresidentes.com\\\/empresa\\\/innovacion\\\/europa-es-debil-en-cultura-de\\\/#article\",\"isPartOf\":{\"@id\":\"https:\\\/\\\/www.euroresidentes.com\\\/empresa\\\/innovacion\\\/europa-es-debil-en-cultura-de\\\/\"},\"author\":{\"name\":\"Andr\u00e9s Pedre\u00f1o\",\"@id\":\"https:\\\/\\\/www.euroresidentes.com\\\/empresa\\\/innovacion\\\/#\\\/schema\\\/person\\\/9d93aa338211d371a543646dd6ce5d2f\"},\"headline\":\"Europa es d\u00e9bil en cultura de innovaci\u00f3n y en sectores de futuro\",\"datePublished\":\"2014-05-23T11:37:00+00:00\",\"dateModified\":\"2017-06-21T08:21:11+00:00\",\"mainEntityOfPage\":{\"@id\":\"https:\\\/\\\/www.euroresidentes.com\\\/empresa\\\/innovacion\\\/europa-es-debil-en-cultura-de\\\/\"},\"wordCount\":599,\"commentCount\":1,\"image\":{\"@id\":\"https:\\\/\\\/www.euroresidentes.com\\\/empresa\\\/innovacion\\\/europa-es-debil-en-cultura-de\\\/#primaryimage\"},\"thumbnailUrl\":\"https:\\\/\\\/www.euroresidentes.com\\\/empresa\\\/innovacion\\\/wp-content\\\/uploads\\\/sites\\\/3\\\/2014\\\/05\\\/i-d-asia-europa-USA.jpg\",\"articleSection\":[\"empresa\",\"Innovacion\"],\"inLanguage\":\"es\",\"potentialAction\":[{\"@type\":\"CommentAction\",\"name\":\"Comment\",\"target\":[\"https:\\\/\\\/www.euroresidentes.com\\\/empresa\\\/innovacion\\\/europa-es-debil-en-cultura-de\\\/#respond\"]}]},{\"@type\":\"WebPage\",\"@id\":\"https:\\\/\\\/www.euroresidentes.com\\\/empresa\\\/innovacion\\\/europa-es-debil-en-cultura-de\\\/\",\"url\":\"https:\\\/\\\/www.euroresidentes.com\\\/empresa\\\/innovacion\\\/europa-es-debil-en-cultura-de\\\/\",\"name\":\"Europa es d\u00e9bil en cultura de innovaci\u00f3n y en sectores de futuro - Innovaci\u00f3n y Emprendimiento\",\"isPartOf\":{\"@id\":\"https:\\\/\\\/www.euroresidentes.com\\\/empresa\\\/innovacion\\\/#website\"},\"primaryImageOfPage\":{\"@id\":\"https:\\\/\\\/www.euroresidentes.com\\\/empresa\\\/innovacion\\\/europa-es-debil-en-cultura-de\\\/#primaryimage\"},\"image\":{\"@id\":\"https:\\\/\\\/www.euroresidentes.com\\\/empresa\\\/innovacion\\\/europa-es-debil-en-cultura-de\\\/#primaryimage\"},\"thumbnailUrl\":\"https:\\\/\\\/www.euroresidentes.com\\\/empresa\\\/innovacion\\\/wp-content\\\/uploads\\\/sites\\\/3\\\/2014\\\/05\\\/i-d-asia-europa-USA.jpg\",\"datePublished\":\"2014-05-23T11:37:00+00:00\",\"dateModified\":\"2017-06-21T08:21:11+00:00\",\"author\":{\"@id\":\"https:\\\/\\\/www.euroresidentes.com\\\/empresa\\\/innovacion\\\/#\\\/schema\\\/person\\\/9d93aa338211d371a543646dd6ce5d2f\"},\"breadcrumb\":{\"@id\":\"https:\\\/\\\/www.euroresidentes.com\\\/empresa\\\/innovacion\\\/europa-es-debil-en-cultura-de\\\/#breadcrumb\"},\"inLanguage\":\"es\",\"potentialAction\":[{\"@type\":\"ReadAction\",\"target\":[\"https:\\\/\\\/www.euroresidentes.com\\\/empresa\\\/innovacion\\\/europa-es-debil-en-cultura-de\\\/\"]}]},{\"@type\":\"ImageObject\",\"inLanguage\":\"es\",\"@id\":\"https:\\\/\\\/www.euroresidentes.com\\\/empresa\\\/innovacion\\\/europa-es-debil-en-cultura-de\\\/#primaryimage\",\"url\":\"https:\\\/\\\/www.euroresidentes.com\\\/empresa\\\/innovacion\\\/wp-content\\\/uploads\\\/sites\\\/3\\\/2014\\\/05\\\/i-d-asia-europa-USA.jpg\",\"contentUrl\":\"https:\\\/\\\/www.euroresidentes.com\\\/empresa\\\/innovacion\\\/wp-content\\\/uploads\\\/sites\\\/3\\\/2014\\\/05\\\/i-d-asia-europa-USA.jpg\",\"width\":225,\"height\":409},{\"@type\":\"BreadcrumbList\",\"@id\":\"https:\\\/\\\/www.euroresidentes.com\\\/empresa\\\/innovacion\\\/europa-es-debil-en-cultura-de\\\/#breadcrumb\",\"itemListElement\":[{\"@type\":\"ListItem\",\"position\":1,\"name\":\"Portada\",\"item\":\"https:\\\/\\\/www.euroresidentes.com\\\/empresa\\\/innovacion\\\/\"},{\"@type\":\"ListItem\",\"position\":2,\"name\":\"Europa es d\u00e9bil en cultura de innovaci\u00f3n y en sectores de futuro\"}]},{\"@type\":\"WebSite\",\"@id\":\"https:\\\/\\\/www.euroresidentes.com\\\/empresa\\\/innovacion\\\/#website\",\"url\":\"https:\\\/\\\/www.euroresidentes.com\\\/empresa\\\/innovacion\\\/\",\"name\":\"Innovaci\u00f3n y Emprendimiento\",\"description\":\"Blog de Andr\u00e9s Pedre\u00f1o\",\"potentialAction\":[{\"@type\":\"SearchAction\",\"target\":{\"@type\":\"EntryPoint\",\"urlTemplate\":\"https:\\\/\\\/www.euroresidentes.com\\\/empresa\\\/innovacion\\\/?s={search_term_string}\"},\"query-input\":{\"@type\":\"PropertyValueSpecification\",\"valueRequired\":true,\"valueName\":\"search_term_string\"}}],\"inLanguage\":\"es\"},{\"@type\":\"Person\",\"@id\":\"https:\\\/\\\/www.euroresidentes.com\\\/empresa\\\/innovacion\\\/#\\\/schema\\\/person\\\/9d93aa338211d371a543646dd6ce5d2f\",\"name\":\"Andr\u00e9s Pedre\u00f1o\",\"image\":{\"@type\":\"ImageObject\",\"inLanguage\":\"es\",\"@id\":\"https:\\\/\\\/www.euroresidentes.com\\\/empresa\\\/innovacion\\\/wp-content\\\/uploads\\\/sites\\\/3\\\/2016\\\/08\\\/andres-pedreno-150x150.jpg\",\"url\":\"https:\\\/\\\/www.euroresidentes.com\\\/empresa\\\/innovacion\\\/wp-content\\\/uploads\\\/sites\\\/3\\\/2016\\\/08\\\/andres-pedreno-150x150.jpg\",\"contentUrl\":\"https:\\\/\\\/www.euroresidentes.com\\\/empresa\\\/innovacion\\\/wp-content\\\/uploads\\\/sites\\\/3\\\/2016\\\/08\\\/andres-pedreno-150x150.jpg\",\"caption\":\"Andr\u00e9s Pedre\u00f1o\"},\"description\":\"Andr\u00e9s Pedre\u00f1oCatedr\u00e1tico de Econom\u00eda Aplicada y conocedor de Internet y la sociedad de la informaci\u00f3n. El \u00e9xito de un proyecto descansa en un porcentaje muy alto en la \u201cinteligencia ejecutiva\u201c.\",\"sameAs\":[\"https:\\\/\\\/www.euroresidentes.com\\\/empresa\\\/sobre-andres-pedreno\\\/\"],\"url\":\"https:\\\/\\\/www.euroresidentes.com\\\/empresa\\\/innovacion\\\/author\\\/andres\\\/\"}]}<\/script>\n<!-- \/ Yoast SEO plugin. -->","yoast_head_json":{"title":"Europa es d\u00e9bil en cultura de innovaci\u00f3n y en sectores de futuro - Innovaci\u00f3n y Emprendimiento","robots":{"index":"index","follow":"follow","max-snippet":"max-snippet:-1","max-image-preview":"max-image-preview:large","max-video-preview":"max-video-preview:-1"},"canonical":"https:\/\/www.euroresidentes.com\/empresa\/innovacion\/europa-es-debil-en-cultura-de\/","og_locale":"es_ES","og_type":"article","og_title":"Europa es d\u00e9bil en cultura de innovaci\u00f3n y en sectores de futuro - Innovaci\u00f3n y Emprendimiento","og_description":"Leo en Financial Times un extenso art\u00edculo sobre Europa y su d\u00e9bil cultura de innovaci\u00f3n comparada con Asia y con los Estados Unidos. Me temo que en el gran debate de las elecciones europeas este tema se ha pasado de puntillas. Los lobbies europeos de sectores estrat\u00e9gicos como la fabricaci\u00f3n aeroespacial y de autom\u00f3viles a los productos qu\u00edmicos (sectores liderados desde Europa) lo tienen claro: \u00abEl margen competitivo de la U.E. se basar\u00e1, m\u00e1s que nunca, en la innovaci\u00f3n, la productividad y la transici\u00f3n de la econom\u00eda de la U.E. hacia actividades de mayor tecnolog\u00eda y mayor valor a\u00f1adido\u00bb, (Bert","og_url":"https:\/\/www.euroresidentes.com\/empresa\/innovacion\/europa-es-debil-en-cultura-de\/","og_site_name":"Innovaci\u00f3n y Emprendimiento","article_publisher":"https:\/\/www.facebook.com\/euroresidentes\/","article_published_time":"2014-05-23T11:37:00+00:00","article_modified_time":"2017-06-21T08:21:11+00:00","og_image":[{"width":225,"height":409,"url":"https:\/\/www.euroresidentes.com\/empresa\/innovacion\/wp-content\/uploads\/sites\/3\/2014\/05\/i-d-asia-europa-USA.jpg","type":"image\/jpeg"}],"author":"Andr\u00e9s Pedre\u00f1o","twitter_card":"summary_large_image","twitter_misc":{"Written by":"Andr\u00e9s Pedre\u00f1o","Est. reading time":"3 minutos"},"schema":{"@context":"https:\/\/schema.org","@graph":[{"@type":"Article","@id":"https:\/\/www.euroresidentes.com\/empresa\/innovacion\/europa-es-debil-en-cultura-de\/#article","isPartOf":{"@id":"https:\/\/www.euroresidentes.com\/empresa\/innovacion\/europa-es-debil-en-cultura-de\/"},"author":{"name":"Andr\u00e9s Pedre\u00f1o","@id":"https:\/\/www.euroresidentes.com\/empresa\/innovacion\/#\/schema\/person\/9d93aa338211d371a543646dd6ce5d2f"},"headline":"Europa es d\u00e9bil en cultura de innovaci\u00f3n y en sectores de futuro","datePublished":"2014-05-23T11:37:00+00:00","dateModified":"2017-06-21T08:21:11+00:00","mainEntityOfPage":{"@id":"https:\/\/www.euroresidentes.com\/empresa\/innovacion\/europa-es-debil-en-cultura-de\/"},"wordCount":599,"commentCount":1,"image":{"@id":"https:\/\/www.euroresidentes.com\/empresa\/innovacion\/europa-es-debil-en-cultura-de\/#primaryimage"},"thumbnailUrl":"https:\/\/www.euroresidentes.com\/empresa\/innovacion\/wp-content\/uploads\/sites\/3\/2014\/05\/i-d-asia-europa-USA.jpg","articleSection":["empresa","Innovacion"],"inLanguage":"es","potentialAction":[{"@type":"CommentAction","name":"Comment","target":["https:\/\/www.euroresidentes.com\/empresa\/innovacion\/europa-es-debil-en-cultura-de\/#respond"]}]},{"@type":"WebPage","@id":"https:\/\/www.euroresidentes.com\/empresa\/innovacion\/europa-es-debil-en-cultura-de\/","url":"https:\/\/www.euroresidentes.com\/empresa\/innovacion\/europa-es-debil-en-cultura-de\/","name":"Europa es d\u00e9bil en cultura de innovaci\u00f3n y en sectores de futuro - Innovaci\u00f3n y Emprendimiento","isPartOf":{"@id":"https:\/\/www.euroresidentes.com\/empresa\/innovacion\/#website"},"primaryImageOfPage":{"@id":"https:\/\/www.euroresidentes.com\/empresa\/innovacion\/europa-es-debil-en-cultura-de\/#primaryimage"},"image":{"@id":"https:\/\/www.euroresidentes.com\/empresa\/innovacion\/europa-es-debil-en-cultura-de\/#primaryimage"},"thumbnailUrl":"https:\/\/www.euroresidentes.com\/empresa\/innovacion\/wp-content\/uploads\/sites\/3\/2014\/05\/i-d-asia-europa-USA.jpg","datePublished":"2014-05-23T11:37:00+00:00","dateModified":"2017-06-21T08:21:11+00:00","author":{"@id":"https:\/\/www.euroresidentes.com\/empresa\/innovacion\/#\/schema\/person\/9d93aa338211d371a543646dd6ce5d2f"},"breadcrumb":{"@id":"https:\/\/www.euroresidentes.com\/empresa\/innovacion\/europa-es-debil-en-cultura-de\/#breadcrumb"},"inLanguage":"es","potentialAction":[{"@type":"ReadAction","target":["https:\/\/www.euroresidentes.com\/empresa\/innovacion\/europa-es-debil-en-cultura-de\/"]}]},{"@type":"ImageObject","inLanguage":"es","@id":"https:\/\/www.euroresidentes.com\/empresa\/innovacion\/europa-es-debil-en-cultura-de\/#primaryimage","url":"https:\/\/www.euroresidentes.com\/empresa\/innovacion\/wp-content\/uploads\/sites\/3\/2014\/05\/i-d-asia-europa-USA.jpg","contentUrl":"https:\/\/www.euroresidentes.com\/empresa\/innovacion\/wp-content\/uploads\/sites\/3\/2014\/05\/i-d-asia-europa-USA.jpg","width":225,"height":409},{"@type":"BreadcrumbList","@id":"https:\/\/www.euroresidentes.com\/empresa\/innovacion\/europa-es-debil-en-cultura-de\/#breadcrumb","itemListElement":[{"@type":"ListItem","position":1,"name":"Portada","item":"https:\/\/www.euroresidentes.com\/empresa\/innovacion\/"},{"@type":"ListItem","position":2,"name":"Europa es d\u00e9bil en cultura de innovaci\u00f3n y en sectores de futuro"}]},{"@type":"WebSite","@id":"https:\/\/www.euroresidentes.com\/empresa\/innovacion\/#website","url":"https:\/\/www.euroresidentes.com\/empresa\/innovacion\/","name":"Innovaci\u00f3n y Emprendimiento","description":"Blog de Andr\u00e9s Pedre\u00f1o","potentialAction":[{"@type":"SearchAction","target":{"@type":"EntryPoint","urlTemplate":"https:\/\/www.euroresidentes.com\/empresa\/innovacion\/?s={search_term_string}"},"query-input":{"@type":"PropertyValueSpecification","valueRequired":true,"valueName":"search_term_string"}}],"inLanguage":"es"},{"@type":"Person","@id":"https:\/\/www.euroresidentes.com\/empresa\/innovacion\/#\/schema\/person\/9d93aa338211d371a543646dd6ce5d2f","name":"Andr\u00e9s Pedre\u00f1o","image":{"@type":"ImageObject","inLanguage":"es","@id":"https:\/\/www.euroresidentes.com\/empresa\/innovacion\/wp-content\/uploads\/sites\/3\/2016\/08\/andres-pedreno-150x150.jpg","url":"https:\/\/www.euroresidentes.com\/empresa\/innovacion\/wp-content\/uploads\/sites\/3\/2016\/08\/andres-pedreno-150x150.jpg","contentUrl":"https:\/\/www.euroresidentes.com\/empresa\/innovacion\/wp-content\/uploads\/sites\/3\/2016\/08\/andres-pedreno-150x150.jpg","caption":"Andr\u00e9s Pedre\u00f1o"},"description":"Andr\u00e9s Pedre\u00f1oCatedr\u00e1tico de Econom\u00eda Aplicada y conocedor de Internet y la sociedad de la informaci\u00f3n. El \u00e9xito de un proyecto descansa en un porcentaje muy alto en la \u201cinteligencia ejecutiva\u201c.","sameAs":["https:\/\/www.euroresidentes.com\/empresa\/sobre-andres-pedreno\/"],"url":"https:\/\/www.euroresidentes.com\/empresa\/innovacion\/author\/andres\/"}]}},"_links":{"self":[{"href":"https:\/\/www.euroresidentes.com\/empresa\/innovacion\/wp-json\/wp\/v2\/posts\/366","targetHints":{"allow":["GET"]}}],"collection":[{"href":"https:\/\/www.euroresidentes.com\/empresa\/innovacion\/wp-json\/wp\/v2\/posts"}],"about":[{"href":"https:\/\/www.euroresidentes.com\/empresa\/innovacion\/wp-json\/wp\/v2\/types\/post"}],"author":[{"embeddable":true,"href":"https:\/\/www.euroresidentes.com\/empresa\/innovacion\/wp-json\/wp\/v2\/users\/10"}],"replies":[{"embeddable":true,"href":"https:\/\/www.euroresidentes.com\/empresa\/innovacion\/wp-json\/wp\/v2\/comments?post=366"}],"version-history":[{"count":2,"href":"https:\/\/www.euroresidentes.com\/empresa\/innovacion\/wp-json\/wp\/v2\/posts\/366\/revisions"}],"predecessor-version":[{"id":3516,"href":"https:\/\/www.euroresidentes.com\/empresa\/innovacion\/wp-json\/wp\/v2\/posts\/366\/revisions\/3516"}],"wp:featuredmedia":[{"embeddable":true,"href":"https:\/\/www.euroresidentes.com\/empresa\/innovacion\/wp-json\/wp\/v2\/media\/631"}],"wp:attachment":[{"href":"https:\/\/www.euroresidentes.com\/empresa\/innovacion\/wp-json\/wp\/v2\/media?parent=366"}],"wp:term":[{"taxonomy":"category","embeddable":true,"href":"https:\/\/www.euroresidentes.com\/empresa\/innovacion\/wp-json\/wp\/v2\/categories?post=366"},{"taxonomy":"post_tag","embeddable":true,"href":"https:\/\/www.euroresidentes.com\/empresa\/innovacion\/wp-json\/wp\/v2\/tags?post=366"}],"curies":[{"name":"wp","href":"https:\/\/api.w.org\/{rel}","templated":true}]}}