
{"id":363,"date":"2014-08-01T18:53:00","date_gmt":"2014-08-01T18:53:00","guid":{"rendered":"https:\/\/wp.euroresidentes.com\/empresa\/empresa-innovacion\/2014\/08\/urge-la-alfabetizacion-digita.html"},"modified":"2017-06-21T10:21:11","modified_gmt":"2017-06-21T08:21:11","slug":"urge-la-alfabetizacion-digita","status":"publish","type":"post","link":"https:\/\/www.euroresidentes.com\/empresa\/innovacion\/urge-la-alfabetizacion-digita\/","title":{"rendered":"Urge la alfabetizaci\u00f3n digital gubernamental (Gowex y otros)"},"content":{"rendered":"<div class=\"separator\" style=\"clear: both; text-align: center;\"><a style=\"margin-left: 1em; margin-right: 1em;\" href=\"http:\/\/www.euroresidentes.com\/empresa\/innovacion\/wp-content\/uploads\/sites\/3\/2014\/08\/gowex-amigos.jpg\"><img loading=\"lazy\" decoding=\"async\" src=\"http:\/\/www.euroresidentes.com\/empresa\/innovacion\/wp-content\/uploads\/sites\/3\/2014\/08\/gowex-amigos.jpg\" alt=\"\" width=\"400\" height=\"300\" border=\"0\" \/><\/a><\/div>\n<div style=\"text-align: center;\"><\/div>\n<p>Al caso Gowex de Jenaro Garc\u00eda Mart\u00edn se suman las sombras que, seg\u00fan el diario El Pa\u00eds, se ciernen en torno a Facephi, una peque\u00f1a firma de Alicante, con un valor de 21 millones en el MAB y con poco m\u00e1s de 8.500 euros facturados en 2013. <b>El caso Gowex y otros similares si se confirman, har\u00e1n mucho da\u00f1o al desarrollo de las startups espa\u00f1olas y al desarrollo de la econom\u00eda digital<\/b> en general en nuestro pa\u00eds.<\/p>\n<p><b>Vendedores de humo<\/b><\/p>\n<p>Al ver involucrados ministros, presidente del Gobierno, el ICO, el Fondo Europeo de Inversiones (un titular de uno de los medios lo sintetiza muy bien: \u00abEl hombre que enga\u00f1\u00f3 a todo el mundo\u00bb) me pregunto en qu\u00e9 pa\u00eds estamos. Los vendedores de humo parece que pueden campar a sus anchas ante una falta de alfabetizaci\u00f3n digital de la administraciones y entes p\u00fablicos. Reciben subvenciones, premios y ventajosos cr\u00e9ditos, reconocimientos, promoci\u00f3n personal y de sus marcas&#8230; Son creados artificialmente al socaire de los deseos de generar una \u00abimagen pol\u00edtica digital\u00bb.<\/p>\n<p><b>La reacci\u00f3n<\/b><\/p>\n<p>Cuando se destapan el fraude y tras el enorme ruido medi\u00e1tico entonces vienen las represalias indiscriminadas, que si Hacienda no inspecciona, que si hay que retirar las ayudas, que si son un nido de irregularidades, etc. El decir todos los desatinos de la actuaci\u00f3n p\u00fablica los pagan todo un conjunto de <i>startups<\/i> que con muchas dificultades y m\u00e9rito intentan abrirse paso enfrent\u00e1ndose a una enorme competencia internacional. El coste, sin embargo, es general e important\u00edsimo: <b>nos jugamos el desarrollo de la econom\u00eda digital en Espa\u00f1a<\/b>.<\/p>\n<p><b>\u00a0Urgente alfabetizaci\u00f3n <\/b><\/p>\n<p>Un gobierno que aprueba la \u00abtasa Google\u00bb o que se regocija de la sentencia europea sobre el \u00abderecho al olvido\u00bb ya da s\u00edntomas muy preocupantes de fatla alfabetizaci\u00f3n en materia digital.\u00a0 Y tras este tipo de \u00abchascos\u00bb con sus \u00abemprendedores medi\u00e1ticos\u00bb est\u00e1 la tentaci\u00f3n de volver a la zona de confort de lo anal\u00f3gico&#8230; En t\u00e9rminos estrictamente pol\u00edticos un atrincheramiento al estilo de aquello \u00absin Internet viv\u00edamos mejor\u00bb o \u00bfno era con Franco?<\/p>\n<p><!-- antes tabla autor --><\/p>\n","protected":false},"excerpt":{"rendered":"<p>Al caso Gowex de Jenaro Garc\u00eda Mart\u00edn se suman las sombras que, seg\u00fan el diario El Pa\u00eds, se ciernen en torno a Facephi, una peque\u00f1a firma de Alicante, con un valor de 21 millones en el MAB y con poco m\u00e1s de 8.500 euros facturados en 2013. El caso Gowex y otros similares si se confirman, har\u00e1n mucho da\u00f1o al desarrollo de las startups espa\u00f1olas y al desarrollo de la econom\u00eda digital en general en nuestro pa\u00eds. Vendedores de humo Al ver involucrados ministros, presidente del Gobierno, el ICO, el Fondo Europeo de Inversiones (un titular de uno de los <\/p>\n","protected":false},"author":10,"featured_media":622,"comment_status":"open","ping_status":"open","sticky":false,"template":"","format":"standard","meta":{"footnotes":""},"categories":[6,95],"tags":[],"class_list":["post-363","post","type-post","status-publish","format-standard","has-post-thumbnail","hentry","category-economia-digital","category-empresa","has_thumb"],"yoast_head":"<!-- This site is optimized with the Yoast SEO plugin v27.5 - https:\/\/yoast.com\/product\/yoast-seo-wordpress\/ -->\n<title>Urge la alfabetizaci\u00f3n digital gubernamental (Gowex y otros) - Innovaci\u00f3n y Emprendimiento<\/title>\n<meta name=\"robots\" content=\"index, follow, max-snippet:-1, max-image-preview:large, max-video-preview:-1\" \/>\n<link rel=\"canonical\" href=\"https:\/\/www.euroresidentes.com\/empresa\/innovacion\/urge-la-alfabetizacion-digita\/\" \/>\n<meta property=\"og:locale\" content=\"es_ES\" \/>\n<meta property=\"og:type\" content=\"article\" \/>\n<meta property=\"og:title\" content=\"Urge la alfabetizaci\u00f3n digital gubernamental (Gowex y otros) - Innovaci\u00f3n y Emprendimiento\" \/>\n<meta property=\"og:description\" content=\"Al caso Gowex de Jenaro Garc\u00eda Mart\u00edn se suman las sombras que, seg\u00fan el diario El Pa\u00eds, se ciernen en torno a Facephi, una peque\u00f1a firma de Alicante, con un valor de 21 millones en el MAB y con poco m\u00e1s de 8.500 euros facturados en 2013. El caso Gowex y otros similares si se confirman, har\u00e1n mucho da\u00f1o al desarrollo de las startups espa\u00f1olas y al desarrollo de la econom\u00eda digital en general en nuestro pa\u00eds. Vendedores de humo Al ver involucrados ministros, presidente del Gobierno, el ICO, el Fondo Europeo de Inversiones (un titular de uno de los\" \/>\n<meta property=\"og:url\" content=\"https:\/\/www.euroresidentes.com\/empresa\/innovacion\/urge-la-alfabetizacion-digita\/\" \/>\n<meta property=\"og:site_name\" content=\"Innovaci\u00f3n y Emprendimiento\" \/>\n<meta property=\"article:publisher\" content=\"https:\/\/www.facebook.com\/euroresidentes\/\" \/>\n<meta property=\"article:published_time\" content=\"2014-08-01T18:53:00+00:00\" \/>\n<meta property=\"article:modified_time\" content=\"2017-06-21T08:21:11+00:00\" \/>\n<meta property=\"og:image\" content=\"https:\/\/www.euroresidentes.com\/empresa\/innovacion\/wp-content\/uploads\/sites\/3\/2014\/08\/gowex-amigos.jpg\" \/>\n\t<meta property=\"og:image:width\" content=\"600\" \/>\n\t<meta property=\"og:image:height\" content=\"450\" \/>\n\t<meta property=\"og:image:type\" content=\"image\/jpeg\" \/>\n<meta name=\"author\" content=\"Andr\u00e9s Pedre\u00f1o\" \/>\n<meta name=\"twitter:card\" content=\"summary_large_image\" \/>\n<meta name=\"twitter:label1\" content=\"Written by\" \/>\n\t<meta name=\"twitter:data1\" content=\"Andr\u00e9s Pedre\u00f1o\" \/>\n\t<meta name=\"twitter:label2\" content=\"Est. reading time\" \/>\n\t<meta name=\"twitter:data2\" content=\"2 minutos\" \/>\n<script type=\"application\/ld+json\" class=\"yoast-schema-graph\">{\"@context\":\"https:\\\/\\\/schema.org\",\"@graph\":[{\"@type\":\"Article\",\"@id\":\"https:\\\/\\\/www.euroresidentes.com\\\/empresa\\\/innovacion\\\/urge-la-alfabetizacion-digita\\\/#article\",\"isPartOf\":{\"@id\":\"https:\\\/\\\/www.euroresidentes.com\\\/empresa\\\/innovacion\\\/urge-la-alfabetizacion-digita\\\/\"},\"author\":{\"name\":\"Andr\u00e9s Pedre\u00f1o\",\"@id\":\"https:\\\/\\\/www.euroresidentes.com\\\/empresa\\\/innovacion\\\/#\\\/schema\\\/person\\\/9d93aa338211d371a543646dd6ce5d2f\"},\"headline\":\"Urge la alfabetizaci\u00f3n digital gubernamental (Gowex y otros)\",\"datePublished\":\"2014-08-01T18:53:00+00:00\",\"dateModified\":\"2017-06-21T08:21:11+00:00\",\"mainEntityOfPage\":{\"@id\":\"https:\\\/\\\/www.euroresidentes.com\\\/empresa\\\/innovacion\\\/urge-la-alfabetizacion-digita\\\/\"},\"wordCount\":372,\"commentCount\":1,\"image\":{\"@id\":\"https:\\\/\\\/www.euroresidentes.com\\\/empresa\\\/innovacion\\\/urge-la-alfabetizacion-digita\\\/#primaryimage\"},\"thumbnailUrl\":\"https:\\\/\\\/www.euroresidentes.com\\\/empresa\\\/innovacion\\\/wp-content\\\/uploads\\\/sites\\\/3\\\/2014\\\/08\\\/gowex-amigos.jpg\",\"articleSection\":[\"Econom\u00eda Digital\",\"empresa\"],\"inLanguage\":\"es\",\"potentialAction\":[{\"@type\":\"CommentAction\",\"name\":\"Comment\",\"target\":[\"https:\\\/\\\/www.euroresidentes.com\\\/empresa\\\/innovacion\\\/urge-la-alfabetizacion-digita\\\/#respond\"]}]},{\"@type\":\"WebPage\",\"@id\":\"https:\\\/\\\/www.euroresidentes.com\\\/empresa\\\/innovacion\\\/urge-la-alfabetizacion-digita\\\/\",\"url\":\"https:\\\/\\\/www.euroresidentes.com\\\/empresa\\\/innovacion\\\/urge-la-alfabetizacion-digita\\\/\",\"name\":\"Urge la alfabetizaci\u00f3n digital gubernamental (Gowex y otros) - Innovaci\u00f3n y Emprendimiento\",\"isPartOf\":{\"@id\":\"https:\\\/\\\/www.euroresidentes.com\\\/empresa\\\/innovacion\\\/#website\"},\"primaryImageOfPage\":{\"@id\":\"https:\\\/\\\/www.euroresidentes.com\\\/empresa\\\/innovacion\\\/urge-la-alfabetizacion-digita\\\/#primaryimage\"},\"image\":{\"@id\":\"https:\\\/\\\/www.euroresidentes.com\\\/empresa\\\/innovacion\\\/urge-la-alfabetizacion-digita\\\/#primaryimage\"},\"thumbnailUrl\":\"https:\\\/\\\/www.euroresidentes.com\\\/empresa\\\/innovacion\\\/wp-content\\\/uploads\\\/sites\\\/3\\\/2014\\\/08\\\/gowex-amigos.jpg\",\"datePublished\":\"2014-08-01T18:53:00+00:00\",\"dateModified\":\"2017-06-21T08:21:11+00:00\",\"author\":{\"@id\":\"https:\\\/\\\/www.euroresidentes.com\\\/empresa\\\/innovacion\\\/#\\\/schema\\\/person\\\/9d93aa338211d371a543646dd6ce5d2f\"},\"breadcrumb\":{\"@id\":\"https:\\\/\\\/www.euroresidentes.com\\\/empresa\\\/innovacion\\\/urge-la-alfabetizacion-digita\\\/#breadcrumb\"},\"inLanguage\":\"es\",\"potentialAction\":[{\"@type\":\"ReadAction\",\"target\":[\"https:\\\/\\\/www.euroresidentes.com\\\/empresa\\\/innovacion\\\/urge-la-alfabetizacion-digita\\\/\"]}]},{\"@type\":\"ImageObject\",\"inLanguage\":\"es\",\"@id\":\"https:\\\/\\\/www.euroresidentes.com\\\/empresa\\\/innovacion\\\/urge-la-alfabetizacion-digita\\\/#primaryimage\",\"url\":\"https:\\\/\\\/www.euroresidentes.com\\\/empresa\\\/innovacion\\\/wp-content\\\/uploads\\\/sites\\\/3\\\/2014\\\/08\\\/gowex-amigos.jpg\",\"contentUrl\":\"https:\\\/\\\/www.euroresidentes.com\\\/empresa\\\/innovacion\\\/wp-content\\\/uploads\\\/sites\\\/3\\\/2014\\\/08\\\/gowex-amigos.jpg\",\"width\":600,\"height\":450},{\"@type\":\"BreadcrumbList\",\"@id\":\"https:\\\/\\\/www.euroresidentes.com\\\/empresa\\\/innovacion\\\/urge-la-alfabetizacion-digita\\\/#breadcrumb\",\"itemListElement\":[{\"@type\":\"ListItem\",\"position\":1,\"name\":\"Portada\",\"item\":\"https:\\\/\\\/www.euroresidentes.com\\\/empresa\\\/innovacion\\\/\"},{\"@type\":\"ListItem\",\"position\":2,\"name\":\"Urge la alfabetizaci\u00f3n digital gubernamental (Gowex y otros)\"}]},{\"@type\":\"WebSite\",\"@id\":\"https:\\\/\\\/www.euroresidentes.com\\\/empresa\\\/innovacion\\\/#website\",\"url\":\"https:\\\/\\\/www.euroresidentes.com\\\/empresa\\\/innovacion\\\/\",\"name\":\"Innovaci\u00f3n y Emprendimiento\",\"description\":\"Blog de Andr\u00e9s Pedre\u00f1o\",\"potentialAction\":[{\"@type\":\"SearchAction\",\"target\":{\"@type\":\"EntryPoint\",\"urlTemplate\":\"https:\\\/\\\/www.euroresidentes.com\\\/empresa\\\/innovacion\\\/?s={search_term_string}\"},\"query-input\":{\"@type\":\"PropertyValueSpecification\",\"valueRequired\":true,\"valueName\":\"search_term_string\"}}],\"inLanguage\":\"es\"},{\"@type\":\"Person\",\"@id\":\"https:\\\/\\\/www.euroresidentes.com\\\/empresa\\\/innovacion\\\/#\\\/schema\\\/person\\\/9d93aa338211d371a543646dd6ce5d2f\",\"name\":\"Andr\u00e9s Pedre\u00f1o\",\"image\":{\"@type\":\"ImageObject\",\"inLanguage\":\"es\",\"@id\":\"https:\\\/\\\/www.euroresidentes.com\\\/empresa\\\/innovacion\\\/wp-content\\\/uploads\\\/sites\\\/3\\\/2016\\\/08\\\/andres-pedreno-150x150.jpg\",\"url\":\"https:\\\/\\\/www.euroresidentes.com\\\/empresa\\\/innovacion\\\/wp-content\\\/uploads\\\/sites\\\/3\\\/2016\\\/08\\\/andres-pedreno-150x150.jpg\",\"contentUrl\":\"https:\\\/\\\/www.euroresidentes.com\\\/empresa\\\/innovacion\\\/wp-content\\\/uploads\\\/sites\\\/3\\\/2016\\\/08\\\/andres-pedreno-150x150.jpg\",\"caption\":\"Andr\u00e9s Pedre\u00f1o\"},\"description\":\"Andr\u00e9s Pedre\u00f1oCatedr\u00e1tico de Econom\u00eda Aplicada y conocedor de Internet y la sociedad de la informaci\u00f3n. El \u00e9xito de un proyecto descansa en un porcentaje muy alto en la \u201cinteligencia ejecutiva\u201c.\",\"sameAs\":[\"https:\\\/\\\/www.euroresidentes.com\\\/empresa\\\/sobre-andres-pedreno\\\/\"],\"url\":\"https:\\\/\\\/www.euroresidentes.com\\\/empresa\\\/innovacion\\\/author\\\/andres\\\/\"}]}<\/script>\n<!-- \/ Yoast SEO plugin. -->","yoast_head_json":{"title":"Urge la alfabetizaci\u00f3n digital gubernamental (Gowex y otros) - Innovaci\u00f3n y Emprendimiento","robots":{"index":"index","follow":"follow","max-snippet":"max-snippet:-1","max-image-preview":"max-image-preview:large","max-video-preview":"max-video-preview:-1"},"canonical":"https:\/\/www.euroresidentes.com\/empresa\/innovacion\/urge-la-alfabetizacion-digita\/","og_locale":"es_ES","og_type":"article","og_title":"Urge la alfabetizaci\u00f3n digital gubernamental (Gowex y otros) - Innovaci\u00f3n y Emprendimiento","og_description":"Al caso Gowex de Jenaro Garc\u00eda Mart\u00edn se suman las sombras que, seg\u00fan el diario El Pa\u00eds, se ciernen en torno a Facephi, una peque\u00f1a firma de Alicante, con un valor de 21 millones en el MAB y con poco m\u00e1s de 8.500 euros facturados en 2013. El caso Gowex y otros similares si se confirman, har\u00e1n mucho da\u00f1o al desarrollo de las startups espa\u00f1olas y al desarrollo de la econom\u00eda digital en general en nuestro pa\u00eds. Vendedores de humo Al ver involucrados ministros, presidente del Gobierno, el ICO, el Fondo Europeo de Inversiones (un titular de uno de los","og_url":"https:\/\/www.euroresidentes.com\/empresa\/innovacion\/urge-la-alfabetizacion-digita\/","og_site_name":"Innovaci\u00f3n y Emprendimiento","article_publisher":"https:\/\/www.facebook.com\/euroresidentes\/","article_published_time":"2014-08-01T18:53:00+00:00","article_modified_time":"2017-06-21T08:21:11+00:00","og_image":[{"width":600,"height":450,"url":"https:\/\/www.euroresidentes.com\/empresa\/innovacion\/wp-content\/uploads\/sites\/3\/2014\/08\/gowex-amigos.jpg","type":"image\/jpeg"}],"author":"Andr\u00e9s Pedre\u00f1o","twitter_card":"summary_large_image","twitter_misc":{"Written by":"Andr\u00e9s Pedre\u00f1o","Est. reading time":"2 minutos"},"schema":{"@context":"https:\/\/schema.org","@graph":[{"@type":"Article","@id":"https:\/\/www.euroresidentes.com\/empresa\/innovacion\/urge-la-alfabetizacion-digita\/#article","isPartOf":{"@id":"https:\/\/www.euroresidentes.com\/empresa\/innovacion\/urge-la-alfabetizacion-digita\/"},"author":{"name":"Andr\u00e9s Pedre\u00f1o","@id":"https:\/\/www.euroresidentes.com\/empresa\/innovacion\/#\/schema\/person\/9d93aa338211d371a543646dd6ce5d2f"},"headline":"Urge la alfabetizaci\u00f3n digital gubernamental (Gowex y otros)","datePublished":"2014-08-01T18:53:00+00:00","dateModified":"2017-06-21T08:21:11+00:00","mainEntityOfPage":{"@id":"https:\/\/www.euroresidentes.com\/empresa\/innovacion\/urge-la-alfabetizacion-digita\/"},"wordCount":372,"commentCount":1,"image":{"@id":"https:\/\/www.euroresidentes.com\/empresa\/innovacion\/urge-la-alfabetizacion-digita\/#primaryimage"},"thumbnailUrl":"https:\/\/www.euroresidentes.com\/empresa\/innovacion\/wp-content\/uploads\/sites\/3\/2014\/08\/gowex-amigos.jpg","articleSection":["Econom\u00eda Digital","empresa"],"inLanguage":"es","potentialAction":[{"@type":"CommentAction","name":"Comment","target":["https:\/\/www.euroresidentes.com\/empresa\/innovacion\/urge-la-alfabetizacion-digita\/#respond"]}]},{"@type":"WebPage","@id":"https:\/\/www.euroresidentes.com\/empresa\/innovacion\/urge-la-alfabetizacion-digita\/","url":"https:\/\/www.euroresidentes.com\/empresa\/innovacion\/urge-la-alfabetizacion-digita\/","name":"Urge la alfabetizaci\u00f3n digital gubernamental (Gowex y otros) - Innovaci\u00f3n y Emprendimiento","isPartOf":{"@id":"https:\/\/www.euroresidentes.com\/empresa\/innovacion\/#website"},"primaryImageOfPage":{"@id":"https:\/\/www.euroresidentes.com\/empresa\/innovacion\/urge-la-alfabetizacion-digita\/#primaryimage"},"image":{"@id":"https:\/\/www.euroresidentes.com\/empresa\/innovacion\/urge-la-alfabetizacion-digita\/#primaryimage"},"thumbnailUrl":"https:\/\/www.euroresidentes.com\/empresa\/innovacion\/wp-content\/uploads\/sites\/3\/2014\/08\/gowex-amigos.jpg","datePublished":"2014-08-01T18:53:00+00:00","dateModified":"2017-06-21T08:21:11+00:00","author":{"@id":"https:\/\/www.euroresidentes.com\/empresa\/innovacion\/#\/schema\/person\/9d93aa338211d371a543646dd6ce5d2f"},"breadcrumb":{"@id":"https:\/\/www.euroresidentes.com\/empresa\/innovacion\/urge-la-alfabetizacion-digita\/#breadcrumb"},"inLanguage":"es","potentialAction":[{"@type":"ReadAction","target":["https:\/\/www.euroresidentes.com\/empresa\/innovacion\/urge-la-alfabetizacion-digita\/"]}]},{"@type":"ImageObject","inLanguage":"es","@id":"https:\/\/www.euroresidentes.com\/empresa\/innovacion\/urge-la-alfabetizacion-digita\/#primaryimage","url":"https:\/\/www.euroresidentes.com\/empresa\/innovacion\/wp-content\/uploads\/sites\/3\/2014\/08\/gowex-amigos.jpg","contentUrl":"https:\/\/www.euroresidentes.com\/empresa\/innovacion\/wp-content\/uploads\/sites\/3\/2014\/08\/gowex-amigos.jpg","width":600,"height":450},{"@type":"BreadcrumbList","@id":"https:\/\/www.euroresidentes.com\/empresa\/innovacion\/urge-la-alfabetizacion-digita\/#breadcrumb","itemListElement":[{"@type":"ListItem","position":1,"name":"Portada","item":"https:\/\/www.euroresidentes.com\/empresa\/innovacion\/"},{"@type":"ListItem","position":2,"name":"Urge la alfabetizaci\u00f3n digital gubernamental (Gowex y otros)"}]},{"@type":"WebSite","@id":"https:\/\/www.euroresidentes.com\/empresa\/innovacion\/#website","url":"https:\/\/www.euroresidentes.com\/empresa\/innovacion\/","name":"Innovaci\u00f3n y Emprendimiento","description":"Blog de Andr\u00e9s Pedre\u00f1o","potentialAction":[{"@type":"SearchAction","target":{"@type":"EntryPoint","urlTemplate":"https:\/\/www.euroresidentes.com\/empresa\/innovacion\/?s={search_term_string}"},"query-input":{"@type":"PropertyValueSpecification","valueRequired":true,"valueName":"search_term_string"}}],"inLanguage":"es"},{"@type":"Person","@id":"https:\/\/www.euroresidentes.com\/empresa\/innovacion\/#\/schema\/person\/9d93aa338211d371a543646dd6ce5d2f","name":"Andr\u00e9s Pedre\u00f1o","image":{"@type":"ImageObject","inLanguage":"es","@id":"https:\/\/www.euroresidentes.com\/empresa\/innovacion\/wp-content\/uploads\/sites\/3\/2016\/08\/andres-pedreno-150x150.jpg","url":"https:\/\/www.euroresidentes.com\/empresa\/innovacion\/wp-content\/uploads\/sites\/3\/2016\/08\/andres-pedreno-150x150.jpg","contentUrl":"https:\/\/www.euroresidentes.com\/empresa\/innovacion\/wp-content\/uploads\/sites\/3\/2016\/08\/andres-pedreno-150x150.jpg","caption":"Andr\u00e9s Pedre\u00f1o"},"description":"Andr\u00e9s Pedre\u00f1oCatedr\u00e1tico de Econom\u00eda Aplicada y conocedor de Internet y la sociedad de la informaci\u00f3n. El \u00e9xito de un proyecto descansa en un porcentaje muy alto en la \u201cinteligencia ejecutiva\u201c.","sameAs":["https:\/\/www.euroresidentes.com\/empresa\/sobre-andres-pedreno\/"],"url":"https:\/\/www.euroresidentes.com\/empresa\/innovacion\/author\/andres\/"}]}},"_links":{"self":[{"href":"https:\/\/www.euroresidentes.com\/empresa\/innovacion\/wp-json\/wp\/v2\/posts\/363","targetHints":{"allow":["GET"]}}],"collection":[{"href":"https:\/\/www.euroresidentes.com\/empresa\/innovacion\/wp-json\/wp\/v2\/posts"}],"about":[{"href":"https:\/\/www.euroresidentes.com\/empresa\/innovacion\/wp-json\/wp\/v2\/types\/post"}],"author":[{"embeddable":true,"href":"https:\/\/www.euroresidentes.com\/empresa\/innovacion\/wp-json\/wp\/v2\/users\/10"}],"replies":[{"embeddable":true,"href":"https:\/\/www.euroresidentes.com\/empresa\/innovacion\/wp-json\/wp\/v2\/comments?post=363"}],"version-history":[{"count":2,"href":"https:\/\/www.euroresidentes.com\/empresa\/innovacion\/wp-json\/wp\/v2\/posts\/363\/revisions"}],"predecessor-version":[{"id":3509,"href":"https:\/\/www.euroresidentes.com\/empresa\/innovacion\/wp-json\/wp\/v2\/posts\/363\/revisions\/3509"}],"wp:featuredmedia":[{"embeddable":true,"href":"https:\/\/www.euroresidentes.com\/empresa\/innovacion\/wp-json\/wp\/v2\/media\/622"}],"wp:attachment":[{"href":"https:\/\/www.euroresidentes.com\/empresa\/innovacion\/wp-json\/wp\/v2\/media?parent=363"}],"wp:term":[{"taxonomy":"category","embeddable":true,"href":"https:\/\/www.euroresidentes.com\/empresa\/innovacion\/wp-json\/wp\/v2\/categories?post=363"},{"taxonomy":"post_tag","embeddable":true,"href":"https:\/\/www.euroresidentes.com\/empresa\/innovacion\/wp-json\/wp\/v2\/tags?post=363"}],"curies":[{"name":"wp","href":"https:\/\/api.w.org\/{rel}","templated":true}]}}