
{"id":342,"date":"2015-03-08T19:35:00","date_gmt":"2015-03-08T19:35:00","guid":{"rendered":"https:\/\/wp.euroresidentes.com\/empresa\/empresa-innovacion\/2015\/03\/barcelona-una-smart-city-y-madrid.html"},"modified":"2017-06-21T10:21:10","modified_gmt":"2017-06-21T08:21:10","slug":"barcelona-una-smart-city-y-madrid","status":"publish","type":"post","link":"https:\/\/www.euroresidentes.com\/empresa\/innovacion\/barcelona-una-smart-city-y-madrid\/","title":{"rendered":"Barcelona una smart city y Madrid \u00bfrelaxing cup of caf\u00e9&#8230; in Plaza Mayor?"},"content":{"rendered":"<p>A prop\u00f3sito del <b><i>Mobile World Congress<\/i><\/b> no he podido evitar <b>reflexionar sobre la vitalidad de la Barcelona actual<\/b> y esto a su vez me ha llevado a <b>Madrid<\/b>, una ciudad que parece presa de sus t\u00f3picos. S\u00e9 que hablar de estas cuestiones no es f\u00e1cil. No me gusta entrar en pol\u00e9micas est\u00e9riles sobre este tipo de temas, pero me ha parecido que deb\u00eda dejar mi reflexi\u00f3n que, tras leerla, yo mismo la calificar\u00eda de \u00aben exceso vehemente\u00bb.<\/p>\n<h3><i>Mobile World Congress<\/i>, sin wifi<\/h3>\n<p><b>El <i>Mobile World Congress<\/i> es un evento impresionante<\/b>. Barcelona se convierte cada a\u00f1o en la capital del mundo donde se da cita toda la industrial y servicios digitales relacionados con el m\u00f3vil. Me quedan dudas de si realmente en Espa\u00f1a, hemos comprendido la entidad del evento m\u00e1s all\u00e1 de los grandes n\u00fameros (93.000 personas, 131 pa\u00edses, m\u00e1s de 2.000 compa\u00f1\u00edas, Mark Zuckerberg&#8230;). Entre las pocas empresas espa\u00f1olas que han tenido la oportunidad de participar, pese al tener un respaldo oficial, queda <b>un sentimiento contradictorio<\/b>&#8230;<\/p>\n<div style=\"text-align: center;\"><\/div>\n<table class=\"tr-caption-container\" style=\"margin-left: auto; margin-right: auto; text-align: center;\" cellspacing=\"0\" cellpadding=\"0\" align=\"center\">\n<tbody>\n<tr>\n<td style=\"text-align: center;\"><a style=\"margin-left: auto; margin-right: auto;\" href=\"http:\/\/www.euroresidentes.com\/empresa\/innovacion\/wp-content\/uploads\/sites\/3\/2015\/03\/barcelona-mobile-world-congress.jpg\"><img loading=\"lazy\" decoding=\"async\" src=\"http:\/\/www.euroresidentes.com\/empresa\/innovacion\/wp-content\/uploads\/sites\/3\/2015\/03\/barcelona-mobile-world-congress.jpg\" alt=\"\" width=\"400\" height=\"300\" border=\"0\" \/><\/a><\/td>\n<\/tr>\n<tr>\n<td class=\"tr-caption\" style=\"text-align: center;\">Barcelona, sede del Mobile World Congress<\/td>\n<\/tr>\n<\/tbody>\n<\/table>\n<p>No saben si es una forma de hacer <i>networking<\/i> en un gran emplazamiento (la Fira) por cierto <b>\u00a1\u00a1sin wifi!! <\/b>y de paso tomar conciencia de la escasa relevancia de la econom\u00eda digital en nuestro pa\u00eds. Algo que se percibe con la simple visita al espacio de \u00abEspa\u00d1a\u00bb. <b>Barcelona s\u00ed est\u00e1 capitalizando este evento<\/b>, mucho m\u00e1s all\u00e1 de los millones de euros de gasto tur\u00edstico de los asistentes.<\/p>\n<p>En Espa\u00f1a, y m\u00e1s concretamente en Madrid, llevamos m\u00e1s de veinte a\u00f1os de Ministros de Industria cuya preocupaci\u00f3n principal no es la econom\u00eda digital, y\/o de Secretarios de Estado que no han tenido como objetivo central -prefiero dejarlo as\u00ed- un ambiciosa estrategia o plan de desarrollo de la econom\u00eda digital en Espa\u00f1a. Me consta que ha habido la mejor voluntad en algunos responsables de <i>red.es<\/i> de impulsarlo, pero con las restricciones apuntadas se ha convertido en una misi\u00f3n voluntarista y ut\u00f3pica.. Esto a largo plazo se nota. <b>Al igual que se percibe en enorme <i>gap<\/i> entre Barcelona y Madrid<\/b>.<\/p>\n<table class=\"tr-caption-container\" style=\"margin-left: auto; margin-right: auto; text-align: center;\" cellspacing=\"0\" cellpadding=\"0\" align=\"center\">\n<tbody>\n<tr>\n<td style=\"text-align: center;\"><a style=\"margin-left: auto; margin-right: auto;\" href=\"http:\/\/www.euroresidentes.com\/empresa\/innovacion\/wp-content\/uploads\/sites\/3\/2015\/03\/Barcelona-Mobile-World-Congress-Spain.jpg\"><img loading=\"lazy\" decoding=\"async\" src=\"http:\/\/www.euroresidentes.com\/empresa\/innovacion\/wp-content\/uploads\/sites\/3\/2015\/03\/Barcelona-Mobile-World-Congress-Spain.jpg\" alt=\"\" width=\"400\" height=\"300\" border=\"0\" \/><\/a><\/td>\n<\/tr>\n<tr>\n<td class=\"tr-caption\" style=\"text-align: center;\">Pabell\u00f3n de Espa\u00f1a 2015 en el Mobile World Congress Barcelona<\/td>\n<\/tr>\n<\/tbody>\n<\/table>\n<div style=\"text-align: center;\"><\/div>\n<p>&nbsp;<\/p>\n<h3>Barcelona, ciudad moderna, creativa e innovadora<\/h3>\n<p>No descubro nada si digo que Barcelona tiene un gran planteamiento en torno a la tecnolog\u00eda, la creatividad y la innovaci\u00f3n digital. Hace un mes <b>Barcelona aparec\u00eda como ciudad n\u00famero 1 en un ranking mundial de smart cities<\/b> (ver enlace al final).<\/p>\n<p><b>Poble Nou<\/b> atrae a trabajadores de Google y otras grandes tecnol\u00f3gicas de Dubl\u00edn. Alquilan unos y escasos y modestos m2 de <i>coworking<\/i>, pero est\u00e1n encantados en vivir y trabajar en una ciudad como\u00a0 Barcelona.<\/p>\n<p>Barcelona ha quedado lejos de la tentaci\u00f3n de recrearse en torno a sus mitos tan creativos y modernos como Gaud\u00ed o iconos como la Sagrada Familia. Tampoco de la Exposici\u00f3n Universal de 1888 o m\u00e1s recientemente del s\u00edndrome de las fabulosas dotaciones infraestructurales de las Olimpiadas del 92 o el Forum de 2004.<b> Ha sabido integrar su pasado en el presente y mirando hacia el futuro<\/b>.<\/p>\n<p>No voy a describir la seductora imagen de la Barcelona actual. <b>La ciudad transmite futuro<\/b>. Desde espacios convencionales como la Diagonal, o m\u00e1s modernos y reconvertidos el entorno de la Fira el reencuentro con el mar. Sin olvidar los \u00abgarajes\u00bb digitales mencionados anteriormente.<\/p>\n<table class=\"tr-caption-container\" style=\"margin-left: auto; margin-right: auto; text-align: center;\" cellspacing=\"0\" cellpadding=\"0\" align=\"center\">\n<tbody>\n<tr>\n<td style=\"text-align: center;\"><a style=\"margin-left: auto; margin-right: auto;\" href=\"http:\/\/www.euroresidentes.com\/empresa\/innovacion\/wp-content\/uploads\/sites\/3\/2015\/03\/Barcelona-Diagonal.jpg\"><img loading=\"lazy\" decoding=\"async\" src=\"http:\/\/www.euroresidentes.com\/empresa\/innovacion\/wp-content\/uploads\/sites\/3\/2015\/03\/Barcelona-Diagonal.jpg\" alt=\"\" width=\"400\" height=\"300\" border=\"0\" \/><\/a><\/td>\n<\/tr>\n<tr>\n<td class=\"tr-caption\" style=\"text-align: center;\">Barcelona: la Diagonal, el pasado reflejado en la moderna arquitectura<\/td>\n<\/tr>\n<\/tbody>\n<\/table>\n<p>Aunque <b><i>Barcelona Inspira<\/i><\/b> fuera s\u00f3lo una campa\u00f1a de marketing, habr\u00eda que felicitarles.<\/p>\n<p>Si est\u00e1 ciudad se plantea la independencia de Espa\u00f1a, ostentada en numerosos balcones de la burgues\u00eda catalana, \u00bfqu\u00e9 ser\u00e1 dentro de una d\u00e9cada cuando Planeta, Banco Sabadell o Freixenet pertenezcan al \u00e1mbito de la vieja econom\u00eda y queden diezmadas u oscurecidas por algunas startups o <i>fintec<\/i> surgidas probablemente en estos momentos en Poble Nou o el distrito 22@ Barcelona?. Quiero decir que <b>hay una ruptura potencial m\u00e1s importante de cara al futuro.<\/b><\/p>\n<p>&nbsp;<\/p>\n<table class=\"tr-caption-container\" style=\"margin-left: auto; margin-right: auto; text-align: center;\" cellspacing=\"0\" cellpadding=\"0\" align=\"center\">\n<tbody>\n<tr>\n<td style=\"text-align: center;\"><a style=\"margin-left: auto; margin-right: auto;\" href=\"http:\/\/www.euroresidentes.com\/empresa\/innovacion\/wp-content\/uploads\/sites\/3\/2015\/03\/startups-de-barcelona-1024x454.jpg\"><img loading=\"lazy\" decoding=\"async\" src=\"http:\/\/www.euroresidentes.com\/empresa\/innovacion\/wp-content\/uploads\/sites\/3\/2015\/03\/startups-de-barcelona-1024x454.jpg\" alt=\"\" width=\"400\" height=\"176\" border=\"0\" \/><\/a><\/td>\n<\/tr>\n<tr>\n<td class=\"tr-caption\" style=\"text-align: center;\">Tweet de <a class=\"g-profile\" href=\"https:\/\/plus.google.com\/109458534896141154269\" target=\"_blank\">+Barcelona.cat<\/a>\u00a0: Mapa colaborativo de emprendedores y startups<\/td>\n<\/tr>\n<\/tbody>\n<\/table>\n<p>&nbsp;<\/p>\n<h3>Madrid, el significado real del <i>relaxing cup of caf\u00e9&#8230; en Plaza Mayor<\/i><\/h3>\n<p>Madrid en cambio lleva d\u00e9cadas bajo el s\u00edndrome del <i>relaxing cup of caf\u00e9 con leche en Plaza Mayor<\/i>.\u00a0 Cuesta trabajo creer la desidia y miop\u00eda pol\u00edtica de los 40 \u00faltimos a\u00f1os, o quiz\u00e1s muchos m\u00e1s. Pese a beneficiarse de su situaci\u00f3n radioc\u00e9ntrica (AVE y Autopistas) y la actividad pol\u00edtica gubernamental del Estado hay un carencia absoluta de visi\u00f3n que contrasta con la descripci\u00f3n que hago de Barcelona m\u00e1s arriba.<\/p>\n<p>La respuesta de Madrid a <b><i>Barcelona Inspira<\/i><\/b> parece haber sido <i>Gowex,<\/i> iniciativa que quiz\u00e1s debi\u00f3 introducirla institucionalmente el <a href=\"http:\/\/espana.euroresidentes.com\/2014\/11\/el-pequeno-nicolas-y-el-ridiculo-de.html\" target=\"_blank\">Peque\u00f1o Nicol\u00e1s<\/a> o alguien por el estilo. La autocomplacencia y descaro parecen campar c\u00f3modamente.<\/p>\n<p>La capital del Reino s\u00ed ha quedado anclada en el Madrid de los Austrias, los Borbones y su fabulosa oferta muse\u00edstica. Su v\u00eda para aparecer como una gran capital europea todav\u00eda parece inspirada en el XIX o a lo sumo en el inicio del XX. Y eso que incluso su atractivo tur\u00edstico si se juzga por el n\u00famero de visitantes ya queda muy sustancialmente por debajo de Barcelona.<\/p>\n<p>Puede doler lo que sostengo. Que conste que lo hago desde el mayor cari\u00f1o hacia una ciudad en la que he vivido cuatro a\u00f1os y la tengo idealizada desde mi infancia.<\/p>\n<p><b>En Madrid no hay estrategia (que tenga entidad) en sectores de futuro<\/b>. Reivindica un modelo de servicios que ya ha quedado diezmado hace d\u00e9cadas con la propia configuraci\u00f3n territorial de las Comunidades Aut\u00f3nomas. <b>Su obsesi\u00f3n por las Olimpiadas<\/b> como tabla de salvaci\u00f3n es pat\u00e9tica y refleja la limitada capacidad pol\u00edtica de sus l\u00edderes que quieren emular la estrategia de Barcelona de hace m\u00e1s 30 a\u00f1os. Seducidos por las obras e infraestructuras, no nos enga\u00f1emos. Si hubiera inteligencia, cr\u00e9anme los pol\u00edticos del chotis, y la <b><i>relaxing cup of caf\u00e9 con leche<\/i><\/b> estar\u00edan <b>en otra onda<\/b>.<\/p>\n<p>Desde otras ciudades espa\u00f1olas se percibe que <b>Madrid no toma conciencia de la situaci\u00f3n<\/b>,y parece obstinada en morir de \u00e9xito. Sus intereses responden a empresas de sectores tradicionales que se resisten al cambio.\u00a0 Lo m\u00e1s grave es que \u00e9ste es el modelo que mayoritariamente se irradia desde la capital del Espa\u00f1a al resto del pa\u00eds. <b>Barcelona<\/b> es l\u00f3gico que no quiera este tipo de \u00abirradiaci\u00f3n\u00bb. El colmo es la cercana <b>Valencia<\/b>, alumna aventajada capaz de emular la versi\u00f3n madrile\u00f1a del <i>Relaxing cup of caf\u00e9 con leche<\/i> con el <i>Caloret de la Fallas<\/i> y ahogada en eventos y proyectos inmobiliarios que han fulminado todas sus entidades financieras. M\u00e1s all\u00e1 del recurso humor\u00edstico <b>la realidad es preocupante<\/b>.<\/p>\n<h3>Madrid vs Barcelona \u00bfdecadente y polarizante vs moderna e inteligente?<\/h3>\n<p>Hay ocho razones para preocuparse:<\/p>\n<p>1. Se han sentado las bases para una <b>tendencia regresiva de Madrid respecto a Barcelona<\/b> a medio plazo.\u00a0 El tr\u00e1fico de Barajas o Adolfo Su\u00e1rez no ser\u00e1 lo \u00fanico que supere Barcelona.<\/p>\n<p>2. No hay indicios s\u00f3lidos y relevantes de que Madrid vaya a pivotar hacia el futuro. Se nota en m\u00faltiples detalles. Los gestores de sus avanzados y modernos AVEs radiales no han ca\u00eddo hasta hace bien poco que todos sus clientes necesitan comunicarse horas y horas de viaje por wifi. <b>No hay desvelo alguno por hacer gui\u00f1os al futuro, aunque sean sencillos, salvo iniciativas aisladas<\/b>.<\/p>\n<p>3. La falta de modelo para Madrid se proyecta en gran parte del territorio espa\u00f1ol. En relaci\u00f3n con el resto del territorio, <b>en Madrid hay m\u00e1s una cultura de \u00absucci\u00f3n\u00bb polarizante que un efecto expansivo y descentralizador.<\/b> Se reivindica cualquier inversi\u00f3n, incluidos casinos de juego. El \u00abir por libre\u00bb de los espacios m\u00e1s contestatarios\u00a0 (Bilbao, Barcelona&#8230;) tiene sus ventajas a la luz de los resultados.<\/p>\n<p>4. <b>No hay apuesta por ecosistemas de innovaci\u00f3n modernos<\/b>. Las ciudades compiten mundialmente en la atracci\u00f3n de talento, inversiones, empresas&#8230; Si Barcelona se compara con otras ciudades del mundo sale bien muy bien parada. El Madrid actual parece que ha vinculado sus expectativas en la castiza Gran V\u00eda y su \u00abecosistema\u00bb. <b>Los espacios de m\u00e1s valor -que los hay- no parece que entren en las prioridades de las agendas pol\u00edticas<\/b>.<\/p>\n<p>5.<b> Una situaci\u00f3n pol\u00edtica con visos de pocos cambios<\/b>. Hace falta m\u00e1s conciencia y autocr\u00edtica en el <i>establishment<\/i> madrile\u00f1o, menos populismo pol\u00edtico y mayor ambici\u00f3n y conciencia popular. No hay en los discursos pol\u00edticos de los principales l\u00edderes visi\u00f3n de futuro.<\/p>\n<p>6. <b>Las grandes empresas ubicadas no marcan las tendencias de futuro<\/b>. Desafortunadamente nuestro sector tecnol\u00f3gico ligado a empresas de telecomunicaciones se sit\u00faa en las ant\u00edpodas de una estrategia digital que merezca tal nombre. Los grandes espacios de servicios o la industria de los grandes medios tradicionales se ve afectada por innovaciones disruptivas y con una fuerte resistencia a pivotar hacia el futuro.<\/p>\n<p>7. <b>Un ambiente cultural madrile\u00f1o anclado en lo pintoresco y chovinista<\/b>. Un Gobierno central bastante anal\u00f3gico, y l\u00edderes pol\u00edticos locales castizos.. Un cuadro donde se ve con complacencia divertida la existencia del \u00abpeque\u00f1o Nicol\u00e1s\u00bb, una candidata a alcaldesa perseguida por la polic\u00eda local, los Gowex&#8230;.;\u00a0 Donde el <i>establishment<\/i> se recrea con la salida de <i>Google News<\/i>, se prohiben los drones y donde ostentamos logros como el \u00ab<a href=\"http:\/\/empresa-innovacion.euroresidentes.com\/2014\/05\/la-sentencia-europea-contra-google-y-el.html\" target=\"_blank\">derecho al olvido<\/a>\u00bb o la \u00ab<a href=\"http:\/\/empresa-innovacion.euroresidentes.com\/2015\/01\/la-privacidad-bien-entendida-nos.html\" target=\"_blank\">privacidad<\/a>\u00ab. Hay m\u00e1s cultura de futuro en una ciudad como <b>Santander<\/b>, con un alcalde entusiasta en hacer de su ciudad un referente dentro del mundo de las <i>smart cities<\/i> que en Madrid.<\/p>\n<p>8. <b>Liderazgo y prepotencia<\/b>. Madrid ha puesto m\u00e1s foco en liderar un modelo de capitales de\u00a0 Comunidades Auton\u00f3mas que en desarrollar una ciudad inteligente, moderna y competitiva en la era digital y en la sociedad del conocimiento. Le sobra prepotencia y le falta \u00ab<i>business intelligence<\/i>\u00bb (metaf\u00f3ricamente). No es f\u00e1cil dar ese giro. Se ha creado una cultura que deambula entre la prepotencia y burocratizaci\u00f3n.<\/p>\n<p>__________________________________<\/p>\n<p>Las Torres de <b>Madrid<\/b> apuntan alto, pero sin concreci\u00f3n, en <b>Barcelona<\/b>, saben a donde apuntan, aunque el <i>Mobile World Congress<\/i><br \/>\ndeje el sabor amargo de que estamos lejos no s\u00f3lo de los Estados Unidos<br \/>\nsino de muchos pa\u00edses, s\u00ed hay ejemplos claros que definen una apuesta<br \/>\nde futuro.<\/p>\n<p>Seria justo reconocer que <b>Barcelona<\/b> se ha hecho acreedora de la mayor admiraci\u00f3n y emulaci\u00f3n desde el resto de Espa\u00f1a.<\/p>\n<p><b>Nota Importante<\/b>: Este art\u00edculo fue escrito con anterioridad a las veleidades independentistas actuales tan alejadas a la imagen de una Barcelona que podr\u00eda leg\u00edtimamente asumir el liderazgo de una Espa\u00f1a mediterr\u00e1nea moderna, digital, innovadora y que lejos de esto se autocondena a una brecha nacionalista y a todo aquello que le ha proporcionado una imagen abierta, internacional, y a la altura de los tiempos que marcan la integraci\u00f3n global y un mundo cada vez con menos fronteras.<\/p>\n<p>&nbsp;<\/p>\n<table class=\"tr-caption-container\" style=\"margin-left: auto; margin-right: auto; text-align: center;\" cellspacing=\"0\" cellpadding=\"0\" align=\"center\">\n<tbody>\n<tr>\n<td style=\"text-align: center;\"><a style=\"margin-left: auto; margin-right: auto;\" href=\"http:\/\/www.euroresidentes.com\/empresa\/innovacion\/wp-content\/uploads\/sites\/3\/2015\/03\/Barcelona-entorno-Fira-Hoteles.jpg\"><img loading=\"lazy\" decoding=\"async\" src=\"http:\/\/www.euroresidentes.com\/empresa\/innovacion\/wp-content\/uploads\/sites\/3\/2015\/03\/Barcelona-entorno-Fira-Hoteles.jpg\" alt=\"\" width=\"300\" height=\"400\" border=\"0\" \/><\/a><\/td>\n<\/tr>\n<tr>\n<td class=\"tr-caption\" style=\"text-align: center;\">Torres de Hoteles cerca de la Feria de Barcelona,<br \/>\nmirando al Mobile World Congress<\/td>\n<\/tr>\n<\/tbody>\n<\/table>\n<div style=\"text-align: center;\">\n<table class=\"tr-caption-container\" style=\"margin-left: auto; margin-right: auto; text-align: center;\" cellspacing=\"0\" cellpadding=\"0\" align=\"center\">\n<tbody>\n<tr>\n<td style=\"text-align: center;\"><a style=\"margin-left: auto; margin-right: auto;\" href=\"http:\/\/www.euroresidentes.com\/empresa\/innovacion\/wp-content\/uploads\/sites\/3\/2015\/03\/Madrid-torres-1024x682.jpg\"><img loading=\"lazy\" decoding=\"async\" src=\"http:\/\/www.euroresidentes.com\/empresa\/innovacion\/wp-content\/uploads\/sites\/3\/2015\/03\/Madrid-torres-1024x682.jpg\" alt=\"\" width=\"320\" height=\"213\" border=\"0\" \/><\/a><\/td>\n<\/tr>\n<tr>\n<td class=\"tr-caption\" style=\"text-align: center;\">Las Torres de Madrid&#8230;<\/td>\n<\/tr>\n<\/tbody>\n<\/table>\n<p>&nbsp;<\/p>\n<\/div>\n<h3>Seguir leyendo<\/h3>\n<ul>\n<li><a href=\"http:\/\/smart-cities.euroresidentes.com\/2015\/02\/barcelona-recibe-el-galardon-global.html\" target=\"_blank\">Barcelona n\u00ba 1 en el ranking mundial de smart cities<\/a><\/li>\n<li><a href=\"http:\/\/smartcity.bcn.cat\/es\" target=\"_blank\">Barcelona Smart City<\/a><\/li>\n<li><a href=\"http:\/\/www.22barcelona.com\/\" target=\"_blank\">22@ Barcelona<\/a><\/li>\n<li><a href=\"http:\/\/meet.barcelona.cat\/es\" target=\"_blank\">Barcelona Inspira<\/a><\/li>\n<li><a href=\"http:\/\/empresa-innovacion.euroresidentes.com\/2014\/10\/el-silicon-valley-26-anos-despues.html\" target=\"_blank\">El Silicon Valley, 26 a\u00f1os despu\u00e9s<\/a><\/li>\n<li><a href=\"http:\/\/ciudades-europeas.euroresidentes.com\/2007\/06\/madrid.html\" target=\"_blank\">Madrid, el coraz\u00f3n de Espa\u00f1a visto por un turista ingl\u00e9s <\/a><\/li>\n<\/ul>\n<p><!-- antes tabla autor --><\/p>\n","protected":false},"excerpt":{"rendered":"<p>A prop\u00f3sito del Mobile World Congress no he podido evitar reflexionar sobre la vitalidad de la Barcelona actual y esto a su vez me ha llevado a Madrid, una ciudad que parece presa de sus t\u00f3picos. S\u00e9 que hablar de estas cuestiones no es f\u00e1cil. No me gusta entrar en pol\u00e9micas est\u00e9riles sobre este tipo de temas, pero me ha parecido que deb\u00eda dejar mi reflexi\u00f3n que, tras leerla, yo mismo la calificar\u00eda de \u00aben exceso vehemente\u00bb. Mobile World Congress, sin wifi El Mobile World Congress es un evento impresionante. Barcelona se convierte cada a\u00f1o en la capital del mundo <\/p>\n","protected":false},"author":10,"featured_media":514,"comment_status":"open","ping_status":"open","sticky":false,"template":"","format":"standard","meta":{"footnotes":""},"categories":[95,11],"tags":[],"class_list":["post-342","post","type-post","status-publish","format-standard","has-post-thumbnail","hentry","category-empresa","category-innovacion","has_thumb"],"yoast_head":"<!-- This site is optimized with the Yoast SEO plugin v27.5 - https:\/\/yoast.com\/product\/yoast-seo-wordpress\/ -->\n<title>Barcelona una smart city y Madrid \u00bfrelaxing cup of caf\u00e9... in Plaza Mayor? - Innovaci\u00f3n y Emprendimiento<\/title>\n<meta name=\"robots\" content=\"index, follow, max-snippet:-1, max-image-preview:large, max-video-preview:-1\" \/>\n<link rel=\"canonical\" href=\"https:\/\/www.euroresidentes.com\/empresa\/innovacion\/barcelona-una-smart-city-y-madrid\/\" \/>\n<meta property=\"og:locale\" content=\"es_ES\" \/>\n<meta property=\"og:type\" content=\"article\" \/>\n<meta property=\"og:title\" content=\"Barcelona una smart city y Madrid \u00bfrelaxing cup of caf\u00e9... in Plaza Mayor? - Innovaci\u00f3n y Emprendimiento\" \/>\n<meta property=\"og:description\" content=\"A prop\u00f3sito del Mobile World Congress no he podido evitar reflexionar sobre la vitalidad de la Barcelona actual y esto a su vez me ha llevado a Madrid, una ciudad que parece presa de sus t\u00f3picos. S\u00e9 que hablar de estas cuestiones no es f\u00e1cil. No me gusta entrar en pol\u00e9micas est\u00e9riles sobre este tipo de temas, pero me ha parecido que deb\u00eda dejar mi reflexi\u00f3n que, tras leerla, yo mismo la calificar\u00eda de \u00aben exceso vehemente\u00bb. Mobile World Congress, sin wifi El Mobile World Congress es un evento impresionante. Barcelona se convierte cada a\u00f1o en la capital del mundo\" \/>\n<meta property=\"og:url\" content=\"https:\/\/www.euroresidentes.com\/empresa\/innovacion\/barcelona-una-smart-city-y-madrid\/\" \/>\n<meta property=\"og:site_name\" content=\"Innovaci\u00f3n y Emprendimiento\" \/>\n<meta property=\"article:publisher\" content=\"https:\/\/www.facebook.com\/euroresidentes\/\" \/>\n<meta property=\"article:published_time\" content=\"2015-03-08T19:35:00+00:00\" \/>\n<meta property=\"article:modified_time\" content=\"2017-06-21T08:21:10+00:00\" \/>\n<meta property=\"og:image\" content=\"https:\/\/www.euroresidentes.com\/empresa\/innovacion\/wp-content\/uploads\/sites\/3\/2015\/03\/barcelona-mobile-world-congress.jpg\" \/>\n\t<meta property=\"og:image:width\" content=\"640\" \/>\n\t<meta property=\"og:image:height\" content=\"480\" \/>\n\t<meta property=\"og:image:type\" content=\"image\/jpeg\" \/>\n<meta name=\"author\" content=\"Andr\u00e9s Pedre\u00f1o\" \/>\n<meta name=\"twitter:card\" content=\"summary_large_image\" \/>\n<meta name=\"twitter:label1\" content=\"Written by\" \/>\n\t<meta name=\"twitter:data1\" content=\"Andr\u00e9s Pedre\u00f1o\" \/>\n\t<meta name=\"twitter:label2\" content=\"Est. reading time\" \/>\n\t<meta name=\"twitter:data2\" content=\"10 minutos\" \/>\n<script type=\"application\/ld+json\" class=\"yoast-schema-graph\">{\"@context\":\"https:\\\/\\\/schema.org\",\"@graph\":[{\"@type\":\"Article\",\"@id\":\"https:\\\/\\\/www.euroresidentes.com\\\/empresa\\\/innovacion\\\/barcelona-una-smart-city-y-madrid\\\/#article\",\"isPartOf\":{\"@id\":\"https:\\\/\\\/www.euroresidentes.com\\\/empresa\\\/innovacion\\\/barcelona-una-smart-city-y-madrid\\\/\"},\"author\":{\"name\":\"Andr\u00e9s Pedre\u00f1o\",\"@id\":\"https:\\\/\\\/www.euroresidentes.com\\\/empresa\\\/innovacion\\\/#\\\/schema\\\/person\\\/9d93aa338211d371a543646dd6ce5d2f\"},\"headline\":\"Barcelona una smart city y Madrid \u00bfrelaxing cup of caf\u00e9&#8230; in Plaza Mayor?\",\"datePublished\":\"2015-03-08T19:35:00+00:00\",\"dateModified\":\"2017-06-21T08:21:10+00:00\",\"mainEntityOfPage\":{\"@id\":\"https:\\\/\\\/www.euroresidentes.com\\\/empresa\\\/innovacion\\\/barcelona-una-smart-city-y-madrid\\\/\"},\"wordCount\":1942,\"commentCount\":3,\"image\":{\"@id\":\"https:\\\/\\\/www.euroresidentes.com\\\/empresa\\\/innovacion\\\/barcelona-una-smart-city-y-madrid\\\/#primaryimage\"},\"thumbnailUrl\":\"https:\\\/\\\/www.euroresidentes.com\\\/empresa\\\/innovacion\\\/wp-content\\\/uploads\\\/sites\\\/3\\\/2015\\\/03\\\/barcelona-mobile-world-congress.jpg\",\"articleSection\":[\"empresa\",\"Innovacion\"],\"inLanguage\":\"es\",\"potentialAction\":[{\"@type\":\"CommentAction\",\"name\":\"Comment\",\"target\":[\"https:\\\/\\\/www.euroresidentes.com\\\/empresa\\\/innovacion\\\/barcelona-una-smart-city-y-madrid\\\/#respond\"]}]},{\"@type\":\"WebPage\",\"@id\":\"https:\\\/\\\/www.euroresidentes.com\\\/empresa\\\/innovacion\\\/barcelona-una-smart-city-y-madrid\\\/\",\"url\":\"https:\\\/\\\/www.euroresidentes.com\\\/empresa\\\/innovacion\\\/barcelona-una-smart-city-y-madrid\\\/\",\"name\":\"Barcelona una smart city y Madrid \u00bfrelaxing cup of caf\u00e9... in Plaza Mayor? - Innovaci\u00f3n y Emprendimiento\",\"isPartOf\":{\"@id\":\"https:\\\/\\\/www.euroresidentes.com\\\/empresa\\\/innovacion\\\/#website\"},\"primaryImageOfPage\":{\"@id\":\"https:\\\/\\\/www.euroresidentes.com\\\/empresa\\\/innovacion\\\/barcelona-una-smart-city-y-madrid\\\/#primaryimage\"},\"image\":{\"@id\":\"https:\\\/\\\/www.euroresidentes.com\\\/empresa\\\/innovacion\\\/barcelona-una-smart-city-y-madrid\\\/#primaryimage\"},\"thumbnailUrl\":\"https:\\\/\\\/www.euroresidentes.com\\\/empresa\\\/innovacion\\\/wp-content\\\/uploads\\\/sites\\\/3\\\/2015\\\/03\\\/barcelona-mobile-world-congress.jpg\",\"datePublished\":\"2015-03-08T19:35:00+00:00\",\"dateModified\":\"2017-06-21T08:21:10+00:00\",\"author\":{\"@id\":\"https:\\\/\\\/www.euroresidentes.com\\\/empresa\\\/innovacion\\\/#\\\/schema\\\/person\\\/9d93aa338211d371a543646dd6ce5d2f\"},\"breadcrumb\":{\"@id\":\"https:\\\/\\\/www.euroresidentes.com\\\/empresa\\\/innovacion\\\/barcelona-una-smart-city-y-madrid\\\/#breadcrumb\"},\"inLanguage\":\"es\",\"potentialAction\":[{\"@type\":\"ReadAction\",\"target\":[\"https:\\\/\\\/www.euroresidentes.com\\\/empresa\\\/innovacion\\\/barcelona-una-smart-city-y-madrid\\\/\"]}]},{\"@type\":\"ImageObject\",\"inLanguage\":\"es\",\"@id\":\"https:\\\/\\\/www.euroresidentes.com\\\/empresa\\\/innovacion\\\/barcelona-una-smart-city-y-madrid\\\/#primaryimage\",\"url\":\"https:\\\/\\\/www.euroresidentes.com\\\/empresa\\\/innovacion\\\/wp-content\\\/uploads\\\/sites\\\/3\\\/2015\\\/03\\\/barcelona-mobile-world-congress.jpg\",\"contentUrl\":\"https:\\\/\\\/www.euroresidentes.com\\\/empresa\\\/innovacion\\\/wp-content\\\/uploads\\\/sites\\\/3\\\/2015\\\/03\\\/barcelona-mobile-world-congress.jpg\",\"width\":640,\"height\":480},{\"@type\":\"BreadcrumbList\",\"@id\":\"https:\\\/\\\/www.euroresidentes.com\\\/empresa\\\/innovacion\\\/barcelona-una-smart-city-y-madrid\\\/#breadcrumb\",\"itemListElement\":[{\"@type\":\"ListItem\",\"position\":1,\"name\":\"Portada\",\"item\":\"https:\\\/\\\/www.euroresidentes.com\\\/empresa\\\/innovacion\\\/\"},{\"@type\":\"ListItem\",\"position\":2,\"name\":\"Barcelona una smart city y Madrid \u00bfrelaxing cup of caf\u00e9&#8230; in Plaza Mayor?\"}]},{\"@type\":\"WebSite\",\"@id\":\"https:\\\/\\\/www.euroresidentes.com\\\/empresa\\\/innovacion\\\/#website\",\"url\":\"https:\\\/\\\/www.euroresidentes.com\\\/empresa\\\/innovacion\\\/\",\"name\":\"Innovaci\u00f3n y Emprendimiento\",\"description\":\"Blog de Andr\u00e9s Pedre\u00f1o\",\"potentialAction\":[{\"@type\":\"SearchAction\",\"target\":{\"@type\":\"EntryPoint\",\"urlTemplate\":\"https:\\\/\\\/www.euroresidentes.com\\\/empresa\\\/innovacion\\\/?s={search_term_string}\"},\"query-input\":{\"@type\":\"PropertyValueSpecification\",\"valueRequired\":true,\"valueName\":\"search_term_string\"}}],\"inLanguage\":\"es\"},{\"@type\":\"Person\",\"@id\":\"https:\\\/\\\/www.euroresidentes.com\\\/empresa\\\/innovacion\\\/#\\\/schema\\\/person\\\/9d93aa338211d371a543646dd6ce5d2f\",\"name\":\"Andr\u00e9s Pedre\u00f1o\",\"image\":{\"@type\":\"ImageObject\",\"inLanguage\":\"es\",\"@id\":\"https:\\\/\\\/www.euroresidentes.com\\\/empresa\\\/innovacion\\\/wp-content\\\/uploads\\\/sites\\\/3\\\/2016\\\/08\\\/andres-pedreno-150x150.jpg\",\"url\":\"https:\\\/\\\/www.euroresidentes.com\\\/empresa\\\/innovacion\\\/wp-content\\\/uploads\\\/sites\\\/3\\\/2016\\\/08\\\/andres-pedreno-150x150.jpg\",\"contentUrl\":\"https:\\\/\\\/www.euroresidentes.com\\\/empresa\\\/innovacion\\\/wp-content\\\/uploads\\\/sites\\\/3\\\/2016\\\/08\\\/andres-pedreno-150x150.jpg\",\"caption\":\"Andr\u00e9s Pedre\u00f1o\"},\"description\":\"Andr\u00e9s Pedre\u00f1oCatedr\u00e1tico de Econom\u00eda Aplicada y conocedor de Internet y la sociedad de la informaci\u00f3n. El \u00e9xito de un proyecto descansa en un porcentaje muy alto en la \u201cinteligencia ejecutiva\u201c.\",\"sameAs\":[\"https:\\\/\\\/www.euroresidentes.com\\\/empresa\\\/sobre-andres-pedreno\\\/\"],\"url\":\"https:\\\/\\\/www.euroresidentes.com\\\/empresa\\\/innovacion\\\/author\\\/andres\\\/\"}]}<\/script>\n<!-- \/ Yoast SEO plugin. -->","yoast_head_json":{"title":"Barcelona una smart city y Madrid \u00bfrelaxing cup of caf\u00e9... in Plaza Mayor? - Innovaci\u00f3n y Emprendimiento","robots":{"index":"index","follow":"follow","max-snippet":"max-snippet:-1","max-image-preview":"max-image-preview:large","max-video-preview":"max-video-preview:-1"},"canonical":"https:\/\/www.euroresidentes.com\/empresa\/innovacion\/barcelona-una-smart-city-y-madrid\/","og_locale":"es_ES","og_type":"article","og_title":"Barcelona una smart city y Madrid \u00bfrelaxing cup of caf\u00e9... in Plaza Mayor? - Innovaci\u00f3n y Emprendimiento","og_description":"A prop\u00f3sito del Mobile World Congress no he podido evitar reflexionar sobre la vitalidad de la Barcelona actual y esto a su vez me ha llevado a Madrid, una ciudad que parece presa de sus t\u00f3picos. S\u00e9 que hablar de estas cuestiones no es f\u00e1cil. No me gusta entrar en pol\u00e9micas est\u00e9riles sobre este tipo de temas, pero me ha parecido que deb\u00eda dejar mi reflexi\u00f3n que, tras leerla, yo mismo la calificar\u00eda de \u00aben exceso vehemente\u00bb. Mobile World Congress, sin wifi El Mobile World Congress es un evento impresionante. Barcelona se convierte cada a\u00f1o en la capital del mundo","og_url":"https:\/\/www.euroresidentes.com\/empresa\/innovacion\/barcelona-una-smart-city-y-madrid\/","og_site_name":"Innovaci\u00f3n y Emprendimiento","article_publisher":"https:\/\/www.facebook.com\/euroresidentes\/","article_published_time":"2015-03-08T19:35:00+00:00","article_modified_time":"2017-06-21T08:21:10+00:00","og_image":[{"width":640,"height":480,"url":"https:\/\/www.euroresidentes.com\/empresa\/innovacion\/wp-content\/uploads\/sites\/3\/2015\/03\/barcelona-mobile-world-congress.jpg","type":"image\/jpeg"}],"author":"Andr\u00e9s Pedre\u00f1o","twitter_card":"summary_large_image","twitter_misc":{"Written by":"Andr\u00e9s Pedre\u00f1o","Est. reading time":"10 minutos"},"schema":{"@context":"https:\/\/schema.org","@graph":[{"@type":"Article","@id":"https:\/\/www.euroresidentes.com\/empresa\/innovacion\/barcelona-una-smart-city-y-madrid\/#article","isPartOf":{"@id":"https:\/\/www.euroresidentes.com\/empresa\/innovacion\/barcelona-una-smart-city-y-madrid\/"},"author":{"name":"Andr\u00e9s Pedre\u00f1o","@id":"https:\/\/www.euroresidentes.com\/empresa\/innovacion\/#\/schema\/person\/9d93aa338211d371a543646dd6ce5d2f"},"headline":"Barcelona una smart city y Madrid \u00bfrelaxing cup of caf\u00e9&#8230; in Plaza Mayor?","datePublished":"2015-03-08T19:35:00+00:00","dateModified":"2017-06-21T08:21:10+00:00","mainEntityOfPage":{"@id":"https:\/\/www.euroresidentes.com\/empresa\/innovacion\/barcelona-una-smart-city-y-madrid\/"},"wordCount":1942,"commentCount":3,"image":{"@id":"https:\/\/www.euroresidentes.com\/empresa\/innovacion\/barcelona-una-smart-city-y-madrid\/#primaryimage"},"thumbnailUrl":"https:\/\/www.euroresidentes.com\/empresa\/innovacion\/wp-content\/uploads\/sites\/3\/2015\/03\/barcelona-mobile-world-congress.jpg","articleSection":["empresa","Innovacion"],"inLanguage":"es","potentialAction":[{"@type":"CommentAction","name":"Comment","target":["https:\/\/www.euroresidentes.com\/empresa\/innovacion\/barcelona-una-smart-city-y-madrid\/#respond"]}]},{"@type":"WebPage","@id":"https:\/\/www.euroresidentes.com\/empresa\/innovacion\/barcelona-una-smart-city-y-madrid\/","url":"https:\/\/www.euroresidentes.com\/empresa\/innovacion\/barcelona-una-smart-city-y-madrid\/","name":"Barcelona una smart city y Madrid \u00bfrelaxing cup of caf\u00e9... in Plaza Mayor? - Innovaci\u00f3n y Emprendimiento","isPartOf":{"@id":"https:\/\/www.euroresidentes.com\/empresa\/innovacion\/#website"},"primaryImageOfPage":{"@id":"https:\/\/www.euroresidentes.com\/empresa\/innovacion\/barcelona-una-smart-city-y-madrid\/#primaryimage"},"image":{"@id":"https:\/\/www.euroresidentes.com\/empresa\/innovacion\/barcelona-una-smart-city-y-madrid\/#primaryimage"},"thumbnailUrl":"https:\/\/www.euroresidentes.com\/empresa\/innovacion\/wp-content\/uploads\/sites\/3\/2015\/03\/barcelona-mobile-world-congress.jpg","datePublished":"2015-03-08T19:35:00+00:00","dateModified":"2017-06-21T08:21:10+00:00","author":{"@id":"https:\/\/www.euroresidentes.com\/empresa\/innovacion\/#\/schema\/person\/9d93aa338211d371a543646dd6ce5d2f"},"breadcrumb":{"@id":"https:\/\/www.euroresidentes.com\/empresa\/innovacion\/barcelona-una-smart-city-y-madrid\/#breadcrumb"},"inLanguage":"es","potentialAction":[{"@type":"ReadAction","target":["https:\/\/www.euroresidentes.com\/empresa\/innovacion\/barcelona-una-smart-city-y-madrid\/"]}]},{"@type":"ImageObject","inLanguage":"es","@id":"https:\/\/www.euroresidentes.com\/empresa\/innovacion\/barcelona-una-smart-city-y-madrid\/#primaryimage","url":"https:\/\/www.euroresidentes.com\/empresa\/innovacion\/wp-content\/uploads\/sites\/3\/2015\/03\/barcelona-mobile-world-congress.jpg","contentUrl":"https:\/\/www.euroresidentes.com\/empresa\/innovacion\/wp-content\/uploads\/sites\/3\/2015\/03\/barcelona-mobile-world-congress.jpg","width":640,"height":480},{"@type":"BreadcrumbList","@id":"https:\/\/www.euroresidentes.com\/empresa\/innovacion\/barcelona-una-smart-city-y-madrid\/#breadcrumb","itemListElement":[{"@type":"ListItem","position":1,"name":"Portada","item":"https:\/\/www.euroresidentes.com\/empresa\/innovacion\/"},{"@type":"ListItem","position":2,"name":"Barcelona una smart city y Madrid \u00bfrelaxing cup of caf\u00e9&#8230; in Plaza Mayor?"}]},{"@type":"WebSite","@id":"https:\/\/www.euroresidentes.com\/empresa\/innovacion\/#website","url":"https:\/\/www.euroresidentes.com\/empresa\/innovacion\/","name":"Innovaci\u00f3n y Emprendimiento","description":"Blog de Andr\u00e9s Pedre\u00f1o","potentialAction":[{"@type":"SearchAction","target":{"@type":"EntryPoint","urlTemplate":"https:\/\/www.euroresidentes.com\/empresa\/innovacion\/?s={search_term_string}"},"query-input":{"@type":"PropertyValueSpecification","valueRequired":true,"valueName":"search_term_string"}}],"inLanguage":"es"},{"@type":"Person","@id":"https:\/\/www.euroresidentes.com\/empresa\/innovacion\/#\/schema\/person\/9d93aa338211d371a543646dd6ce5d2f","name":"Andr\u00e9s Pedre\u00f1o","image":{"@type":"ImageObject","inLanguage":"es","@id":"https:\/\/www.euroresidentes.com\/empresa\/innovacion\/wp-content\/uploads\/sites\/3\/2016\/08\/andres-pedreno-150x150.jpg","url":"https:\/\/www.euroresidentes.com\/empresa\/innovacion\/wp-content\/uploads\/sites\/3\/2016\/08\/andres-pedreno-150x150.jpg","contentUrl":"https:\/\/www.euroresidentes.com\/empresa\/innovacion\/wp-content\/uploads\/sites\/3\/2016\/08\/andres-pedreno-150x150.jpg","caption":"Andr\u00e9s Pedre\u00f1o"},"description":"Andr\u00e9s Pedre\u00f1oCatedr\u00e1tico de Econom\u00eda Aplicada y conocedor de Internet y la sociedad de la informaci\u00f3n. El \u00e9xito de un proyecto descansa en un porcentaje muy alto en la \u201cinteligencia ejecutiva\u201c.","sameAs":["https:\/\/www.euroresidentes.com\/empresa\/sobre-andres-pedreno\/"],"url":"https:\/\/www.euroresidentes.com\/empresa\/innovacion\/author\/andres\/"}]}},"_links":{"self":[{"href":"https:\/\/www.euroresidentes.com\/empresa\/innovacion\/wp-json\/wp\/v2\/posts\/342","targetHints":{"allow":["GET"]}}],"collection":[{"href":"https:\/\/www.euroresidentes.com\/empresa\/innovacion\/wp-json\/wp\/v2\/posts"}],"about":[{"href":"https:\/\/www.euroresidentes.com\/empresa\/innovacion\/wp-json\/wp\/v2\/types\/post"}],"author":[{"embeddable":true,"href":"https:\/\/www.euroresidentes.com\/empresa\/innovacion\/wp-json\/wp\/v2\/users\/10"}],"replies":[{"embeddable":true,"href":"https:\/\/www.euroresidentes.com\/empresa\/innovacion\/wp-json\/wp\/v2\/comments?post=342"}],"version-history":[{"count":2,"href":"https:\/\/www.euroresidentes.com\/empresa\/innovacion\/wp-json\/wp\/v2\/posts\/342\/revisions"}],"predecessor-version":[{"id":3480,"href":"https:\/\/www.euroresidentes.com\/empresa\/innovacion\/wp-json\/wp\/v2\/posts\/342\/revisions\/3480"}],"wp:featuredmedia":[{"embeddable":true,"href":"https:\/\/www.euroresidentes.com\/empresa\/innovacion\/wp-json\/wp\/v2\/media\/514"}],"wp:attachment":[{"href":"https:\/\/www.euroresidentes.com\/empresa\/innovacion\/wp-json\/wp\/v2\/media?parent=342"}],"wp:term":[{"taxonomy":"category","embeddable":true,"href":"https:\/\/www.euroresidentes.com\/empresa\/innovacion\/wp-json\/wp\/v2\/categories?post=342"},{"taxonomy":"post_tag","embeddable":true,"href":"https:\/\/www.euroresidentes.com\/empresa\/innovacion\/wp-json\/wp\/v2\/tags?post=342"}],"curies":[{"name":"wp","href":"https:\/\/api.w.org\/{rel}","templated":true}]}}