
{"id":80,"date":"2012-10-05T09:30:00","date_gmt":"2012-10-05T07:30:00","guid":{"rendered":"https:\/\/wp.euroresidentes.com\/empresa\/blog\/2012\/10\/05\/1-ano-sin-steve-jobs\/"},"modified":"2018-03-20T13:22:56","modified_gmt":"2018-03-20T12:22:56","slug":"1-ano-sin-steve-jobs","status":"publish","type":"post","link":"https:\/\/www.euroresidentes.com\/empresa\/exito-empresarial\/1-ano-sin-steve-jobs\/","title":{"rendered":"Recordando a Steve Jobs"},"content":{"rendered":"<div class=\"separator\" style=\"clear: both; text-align: center;\"><a style=\"margin-left: 1em; margin-right: 1em;\" href=\"https:\/\/www.euroresidentes.com\/empresa\/gestion\/wp-content\/uploads\/2012\/10\/steve-jobs.png\"><img decoding=\"async\" src=\"https:\/\/www.euroresidentes.com\/empresa\/gestion\/wp-content\/uploads\/2012\/10\/steve-jobs.png\" alt=\"\" border=\"0\" \/><\/a><\/div>\n<div class=\"separator\" style=\"clear: both; text-align: left;\"><\/div>\n<div class=\"separator\" style=\"clear: both; text-align: left;\">Se cumple hoy 5 de octubre 1 a\u00f1o desde el fallecimiento de Steve Jobs, empresario, cofundador y presidente ejecutivo de Apple Inc. y m\u00e1ximo accionista individual de The Walt Disney Company.<\/div>\n<div class=\"separator\" style=\"clear: both; text-align: left;\"><\/div>\n<div class=\"separator\" style=\"clear: both; text-align: left;\">En vida revolucion\u00f3 el sector inform\u00e1tico, el cine, la m\u00fasica y la telefon\u00eda. Cuando falleci\u00f3 en su compa\u00f1\u00eda dijeron: \u00abApple ha perdido un genio creativo y visionario, y el mundo ha perdido un ser humano maravilloso. Aquellos que hemos tenido la fortuna de conocer y trabajar con Steve hemos perdido un amigo y un mentor que nos inspiraba. Steve deja atr\u00e1s una compa\u00f1\u00eda que s\u00f3lo \u00e9l podr\u00eda haber levantado, y su esp\u00edritu siempre estar\u00e1 en los cimientos de Apple\u00bb.<\/div>\n<div class=\"separator\" style=\"clear: both; text-align: left;\"><\/div>\n<div class=\"separator\" style=\"clear: both; text-align: left;\">El d\u00eda de su muerte la capitalizaci\u00f3n burs\u00e1til de Apple era de 350.670 millones de d\u00f3lares. Cuando sali\u00f3 a bolsa en 1980 una acci\u00f3n costaba lo que hoy ser\u00edan unos dos euros. El d\u00eda en que muri\u00f3, una acci\u00f3n val\u00eda m\u00e1s de 280 euros. A d\u00eda de hoy (5 de octubre de 2012), una acci\u00f3n de Apple vale m\u00e1s de 500 euros.<\/div>\n<div class=\"separator\" style=\"clear: both; text-align: left;\"><\/div>\n<div class=\"separator\" style=\"clear: both; text-align: left;\">Ahora hay muchos libros que hablan sobre Steve Jobs. En especial es conocida su biograf\u00eda, publicada por Walter Isaacson. Pero cabe destacar dos libros que tal vez no son tan conocidos:\u00a0<i>En la cabeza de Steve Jobs: La mente detr\u00e1s de Apple <\/i>de\u00a0Leander Kahney\u00a0y <i>El zen de Steve Jobs<\/i> editado por Forbes e ilustrado por Jess3 en el que se profundiza la relaci\u00f3n de Steve Jobs con su mentor Kobun Chino Otogawa.<\/div>\n<div class=\"separator\" style=\"clear: both; text-align: left;\"><\/div>\n<div class=\"separator\" style=\"clear: both; text-align: left;\">Hoy es un buen momento para recordar el discurso que di\u00f3 a los estudiantes graduados en Stanford. Toda una lecci\u00f3n de vida por parte de Steve Jobs.<\/div>\n<div class=\"separator\" style=\"clear: both; text-align: left;\"><\/div>\n<div class=\"separator\" style=\"clear: both; text-align: left;\">\n<p>[youtube https:\/\/www.youtube.com\/watch?v=HHkJEz_HdTg]<\/p>\n<\/div>\n<div class=\"separator\" style=\"clear: both; text-align: left;\"><\/div>\n<div class=\"separator\" style=\"clear: both; text-align: left;\"><b>Temas relacionados con Recordando a Steve Jobs:<\/b><\/div>\n<ul>\n<li><a href=\"http:\/\/empresa.euroresidentes.com\/2007\/10\/lecciones-de-steve-jobs.html\">10 lecciones de Steve Jobs<\/a><\/li>\n<\/ul>\n<div>Etiquetas:\u00a0apple, apple inc., ipad, iphone, steve jobs,<\/div>\n","protected":false},"excerpt":{"rendered":"<p>Se cumple hoy 5 de octubre 1 a\u00f1o desde el fallecimiento de Steve Jobs, empresario, cofundador y presidente ejecutivo de Apple Inc. y m\u00e1ximo accionista individual de The Walt Disney Company. En vida revolucion\u00f3 el sector inform\u00e1tico, el cine, la m\u00fasica y la telefon\u00eda. Cuando falleci\u00f3 en su compa\u00f1\u00eda dijeron: \u00abApple ha perdido un genio creativo y visionario, y el mundo ha perdido un ser humano maravilloso. Aquellos que hemos tenido la fortuna de conocer y trabajar con Steve hemos perdido un amigo y un mentor que nos inspiraba. Steve deja atr\u00e1s una compa\u00f1\u00eda que s\u00f3lo \u00e9l podr\u00eda haber levantado, <\/p>\n","protected":false},"author":1,"featured_media":1280,"comment_status":"open","ping_status":"open","sticky":false,"template":"","format":"standard","meta":{"footnotes":""},"categories":[30],"tags":[],"class_list":["post-80","post","type-post","status-publish","format-standard","has-post-thumbnail","hentry","category-emprendedores","has_thumb"],"yoast_head":"<!-- This site is optimized with the Yoast SEO plugin v27.5 - https:\/\/yoast.com\/product\/yoast-seo-wordpress\/ -->\n<title>Recordando a Steve Jobs - \u00c9xito Empresarial<\/title>\n<meta name=\"robots\" content=\"index, follow, max-snippet:-1, max-image-preview:large, max-video-preview:-1\" \/>\n<link rel=\"canonical\" href=\"https:\/\/www.euroresidentes.com\/empresa\/exito-empresarial\/1-ano-sin-steve-jobs\/\" \/>\n<meta property=\"og:locale\" content=\"es_ES\" \/>\n<meta property=\"og:type\" content=\"article\" \/>\n<meta property=\"og:title\" content=\"Recordando a Steve Jobs - \u00c9xito Empresarial\" \/>\n<meta property=\"og:description\" content=\"Se cumple hoy 5 de octubre 1 a\u00f1o desde el fallecimiento de Steve Jobs, empresario, cofundador y presidente ejecutivo de Apple Inc. y m\u00e1ximo accionista individual de The Walt Disney Company. En vida revolucion\u00f3 el sector inform\u00e1tico, el cine, la m\u00fasica y la telefon\u00eda. Cuando falleci\u00f3 en su compa\u00f1\u00eda dijeron: \u00abApple ha perdido un genio creativo y visionario, y el mundo ha perdido un ser humano maravilloso. Aquellos que hemos tenido la fortuna de conocer y trabajar con Steve hemos perdido un amigo y un mentor que nos inspiraba. Steve deja atr\u00e1s una compa\u00f1\u00eda que s\u00f3lo \u00e9l podr\u00eda haber levantado,\" \/>\n<meta property=\"og:url\" content=\"https:\/\/www.euroresidentes.com\/empresa\/exito-empresarial\/1-ano-sin-steve-jobs\/\" \/>\n<meta property=\"og:site_name\" content=\"\u00c9xito Empresarial\" \/>\n<meta property=\"article:publisher\" content=\"https:\/\/www.facebook.com\/euroresidentes\/\" \/>\n<meta property=\"article:published_time\" content=\"2012-10-05T07:30:00+00:00\" \/>\n<meta property=\"article:modified_time\" content=\"2018-03-20T12:22:56+00:00\" \/>\n<meta property=\"og:image\" content=\"https:\/\/www.euroresidentes.com\/empresa\/exito-empresarial\/wp-content\/uploads\/sites\/15\/steve-jobs.png\" \/>\n\t<meta property=\"og:image:width\" content=\"500\" \/>\n\t<meta property=\"og:image:height\" content=\"600\" \/>\n\t<meta property=\"og:image:type\" content=\"image\/png\" \/>\n<meta name=\"author\" content=\"Euroresidentes\" \/>\n<meta name=\"twitter:card\" content=\"summary_large_image\" \/>\n<meta name=\"twitter:label1\" content=\"Written by\" \/>\n\t<meta name=\"twitter:data1\" content=\"Euroresidentes\" \/>\n\t<meta name=\"twitter:label2\" content=\"Est. reading time\" \/>\n\t<meta name=\"twitter:data2\" content=\"2 minutos\" \/>\n<script type=\"application\/ld+json\" class=\"yoast-schema-graph\">{\"@context\":\"https:\\\/\\\/schema.org\",\"@graph\":[{\"@type\":\"Article\",\"@id\":\"https:\\\/\\\/www.euroresidentes.com\\\/empresa\\\/exito-empresarial\\\/1-ano-sin-steve-jobs\\\/#article\",\"isPartOf\":{\"@id\":\"https:\\\/\\\/www.euroresidentes.com\\\/empresa\\\/exito-empresarial\\\/1-ano-sin-steve-jobs\\\/\"},\"author\":{\"name\":\"Euroresidentes\",\"@id\":\"https:\\\/\\\/www.euroresidentes.com\\\/empresa\\\/exito-empresarial\\\/#\\\/schema\\\/person\\\/e5b5cb20610d38c9a51e274c437469d8\"},\"headline\":\"Recordando a Steve Jobs\",\"datePublished\":\"2012-10-05T07:30:00+00:00\",\"dateModified\":\"2018-03-20T12:22:56+00:00\",\"mainEntityOfPage\":{\"@id\":\"https:\\\/\\\/www.euroresidentes.com\\\/empresa\\\/exito-empresarial\\\/1-ano-sin-steve-jobs\\\/\"},\"wordCount\":325,\"commentCount\":0,\"image\":{\"@id\":\"https:\\\/\\\/www.euroresidentes.com\\\/empresa\\\/exito-empresarial\\\/1-ano-sin-steve-jobs\\\/#primaryimage\"},\"thumbnailUrl\":\"https:\\\/\\\/www.euroresidentes.com\\\/empresa\\\/exito-empresarial\\\/wp-content\\\/uploads\\\/sites\\\/15\\\/steve-jobs.png\",\"articleSection\":[\"Emprendedores\"],\"inLanguage\":\"es\",\"potentialAction\":[{\"@type\":\"CommentAction\",\"name\":\"Comment\",\"target\":[\"https:\\\/\\\/www.euroresidentes.com\\\/empresa\\\/exito-empresarial\\\/1-ano-sin-steve-jobs\\\/#respond\"]}]},{\"@type\":\"WebPage\",\"@id\":\"https:\\\/\\\/www.euroresidentes.com\\\/empresa\\\/exito-empresarial\\\/1-ano-sin-steve-jobs\\\/\",\"url\":\"https:\\\/\\\/www.euroresidentes.com\\\/empresa\\\/exito-empresarial\\\/1-ano-sin-steve-jobs\\\/\",\"name\":\"Recordando a Steve Jobs - \u00c9xito Empresarial\",\"isPartOf\":{\"@id\":\"https:\\\/\\\/www.euroresidentes.com\\\/empresa\\\/exito-empresarial\\\/#website\"},\"primaryImageOfPage\":{\"@id\":\"https:\\\/\\\/www.euroresidentes.com\\\/empresa\\\/exito-empresarial\\\/1-ano-sin-steve-jobs\\\/#primaryimage\"},\"image\":{\"@id\":\"https:\\\/\\\/www.euroresidentes.com\\\/empresa\\\/exito-empresarial\\\/1-ano-sin-steve-jobs\\\/#primaryimage\"},\"thumbnailUrl\":\"https:\\\/\\\/www.euroresidentes.com\\\/empresa\\\/exito-empresarial\\\/wp-content\\\/uploads\\\/sites\\\/15\\\/steve-jobs.png\",\"datePublished\":\"2012-10-05T07:30:00+00:00\",\"dateModified\":\"2018-03-20T12:22:56+00:00\",\"author\":{\"@id\":\"https:\\\/\\\/www.euroresidentes.com\\\/empresa\\\/exito-empresarial\\\/#\\\/schema\\\/person\\\/e5b5cb20610d38c9a51e274c437469d8\"},\"breadcrumb\":{\"@id\":\"https:\\\/\\\/www.euroresidentes.com\\\/empresa\\\/exito-empresarial\\\/1-ano-sin-steve-jobs\\\/#breadcrumb\"},\"inLanguage\":\"es\",\"potentialAction\":[{\"@type\":\"ReadAction\",\"target\":[\"https:\\\/\\\/www.euroresidentes.com\\\/empresa\\\/exito-empresarial\\\/1-ano-sin-steve-jobs\\\/\"]}]},{\"@type\":\"ImageObject\",\"inLanguage\":\"es\",\"@id\":\"https:\\\/\\\/www.euroresidentes.com\\\/empresa\\\/exito-empresarial\\\/1-ano-sin-steve-jobs\\\/#primaryimage\",\"url\":\"https:\\\/\\\/www.euroresidentes.com\\\/empresa\\\/exito-empresarial\\\/wp-content\\\/uploads\\\/sites\\\/15\\\/steve-jobs.png\",\"contentUrl\":\"https:\\\/\\\/www.euroresidentes.com\\\/empresa\\\/exito-empresarial\\\/wp-content\\\/uploads\\\/sites\\\/15\\\/steve-jobs.png\",\"width\":500,\"height\":600},{\"@type\":\"BreadcrumbList\",\"@id\":\"https:\\\/\\\/www.euroresidentes.com\\\/empresa\\\/exito-empresarial\\\/1-ano-sin-steve-jobs\\\/#breadcrumb\",\"itemListElement\":[{\"@type\":\"ListItem\",\"position\":1,\"name\":\"Portada\",\"item\":\"https:\\\/\\\/www.euroresidentes.com\\\/empresa\\\/exito-empresarial\\\/\"},{\"@type\":\"ListItem\",\"position\":2,\"name\":\"Recordando a Steve Jobs\"}]},{\"@type\":\"WebSite\",\"@id\":\"https:\\\/\\\/www.euroresidentes.com\\\/empresa\\\/exito-empresarial\\\/#website\",\"url\":\"https:\\\/\\\/www.euroresidentes.com\\\/empresa\\\/exito-empresarial\\\/\",\"name\":\"\u00c9xito Empresarial\",\"description\":\"Empresa Euroresidentes\",\"potentialAction\":[{\"@type\":\"SearchAction\",\"target\":{\"@type\":\"EntryPoint\",\"urlTemplate\":\"https:\\\/\\\/www.euroresidentes.com\\\/empresa\\\/exito-empresarial\\\/?s={search_term_string}\"},\"query-input\":{\"@type\":\"PropertyValueSpecification\",\"valueRequired\":true,\"valueName\":\"search_term_string\"}}],\"inLanguage\":\"es\"},{\"@type\":\"Person\",\"@id\":\"https:\\\/\\\/www.euroresidentes.com\\\/empresa\\\/exito-empresarial\\\/#\\\/schema\\\/person\\\/e5b5cb20610d38c9a51e274c437469d8\",\"name\":\"Euroresidentes\",\"image\":{\"@type\":\"ImageObject\",\"inLanguage\":\"es\",\"@id\":\"https:\\\/\\\/www.euroresidentes.com\\\/empresa\\\/exito-empresarial\\\/wp-content\\\/uploads\\\/sites\\\/15\\\/2016\\\/06\\\/logo-euroresidentes-150x150.png\",\"url\":\"https:\\\/\\\/www.euroresidentes.com\\\/empresa\\\/exito-empresarial\\\/wp-content\\\/uploads\\\/sites\\\/15\\\/2016\\\/06\\\/logo-euroresidentes-150x150.png\",\"contentUrl\":\"https:\\\/\\\/www.euroresidentes.com\\\/empresa\\\/exito-empresarial\\\/wp-content\\\/uploads\\\/sites\\\/15\\\/2016\\\/06\\\/logo-euroresidentes-150x150.png\",\"caption\":\"Euroresidentes\"},\"description\":\"EuroresidentesContenidos \u00fatiles que ayudan a resolver las necesidades grandes y peque\u00f1as de la vida cotidiana.\",\"sameAs\":[\"https:\\\/\\\/www.euroresidentes.com\\\/info.htm\"],\"url\":\"https:\\\/\\\/www.euroresidentes.com\\\/empresa\\\/exito-empresarial\\\/author\\\/euroresidentes\\\/\"}]}<\/script>\n<!-- \/ Yoast SEO plugin. -->","yoast_head_json":{"title":"Recordando a Steve Jobs - \u00c9xito Empresarial","robots":{"index":"index","follow":"follow","max-snippet":"max-snippet:-1","max-image-preview":"max-image-preview:large","max-video-preview":"max-video-preview:-1"},"canonical":"https:\/\/www.euroresidentes.com\/empresa\/exito-empresarial\/1-ano-sin-steve-jobs\/","og_locale":"es_ES","og_type":"article","og_title":"Recordando a Steve Jobs - \u00c9xito Empresarial","og_description":"Se cumple hoy 5 de octubre 1 a\u00f1o desde el fallecimiento de Steve Jobs, empresario, cofundador y presidente ejecutivo de Apple Inc. y m\u00e1ximo accionista individual de The Walt Disney Company. En vida revolucion\u00f3 el sector inform\u00e1tico, el cine, la m\u00fasica y la telefon\u00eda. Cuando falleci\u00f3 en su compa\u00f1\u00eda dijeron: \u00abApple ha perdido un genio creativo y visionario, y el mundo ha perdido un ser humano maravilloso. Aquellos que hemos tenido la fortuna de conocer y trabajar con Steve hemos perdido un amigo y un mentor que nos inspiraba. Steve deja atr\u00e1s una compa\u00f1\u00eda que s\u00f3lo \u00e9l podr\u00eda haber levantado,","og_url":"https:\/\/www.euroresidentes.com\/empresa\/exito-empresarial\/1-ano-sin-steve-jobs\/","og_site_name":"\u00c9xito Empresarial","article_publisher":"https:\/\/www.facebook.com\/euroresidentes\/","article_published_time":"2012-10-05T07:30:00+00:00","article_modified_time":"2018-03-20T12:22:56+00:00","og_image":[{"width":500,"height":600,"url":"https:\/\/www.euroresidentes.com\/empresa\/exito-empresarial\/wp-content\/uploads\/sites\/15\/steve-jobs.png","type":"image\/png"}],"author":"Euroresidentes","twitter_card":"summary_large_image","twitter_misc":{"Written by":"Euroresidentes","Est. reading time":"2 minutos"},"schema":{"@context":"https:\/\/schema.org","@graph":[{"@type":"Article","@id":"https:\/\/www.euroresidentes.com\/empresa\/exito-empresarial\/1-ano-sin-steve-jobs\/#article","isPartOf":{"@id":"https:\/\/www.euroresidentes.com\/empresa\/exito-empresarial\/1-ano-sin-steve-jobs\/"},"author":{"name":"Euroresidentes","@id":"https:\/\/www.euroresidentes.com\/empresa\/exito-empresarial\/#\/schema\/person\/e5b5cb20610d38c9a51e274c437469d8"},"headline":"Recordando a Steve Jobs","datePublished":"2012-10-05T07:30:00+00:00","dateModified":"2018-03-20T12:22:56+00:00","mainEntityOfPage":{"@id":"https:\/\/www.euroresidentes.com\/empresa\/exito-empresarial\/1-ano-sin-steve-jobs\/"},"wordCount":325,"commentCount":0,"image":{"@id":"https:\/\/www.euroresidentes.com\/empresa\/exito-empresarial\/1-ano-sin-steve-jobs\/#primaryimage"},"thumbnailUrl":"https:\/\/www.euroresidentes.com\/empresa\/exito-empresarial\/wp-content\/uploads\/sites\/15\/steve-jobs.png","articleSection":["Emprendedores"],"inLanguage":"es","potentialAction":[{"@type":"CommentAction","name":"Comment","target":["https:\/\/www.euroresidentes.com\/empresa\/exito-empresarial\/1-ano-sin-steve-jobs\/#respond"]}]},{"@type":"WebPage","@id":"https:\/\/www.euroresidentes.com\/empresa\/exito-empresarial\/1-ano-sin-steve-jobs\/","url":"https:\/\/www.euroresidentes.com\/empresa\/exito-empresarial\/1-ano-sin-steve-jobs\/","name":"Recordando a Steve Jobs - \u00c9xito Empresarial","isPartOf":{"@id":"https:\/\/www.euroresidentes.com\/empresa\/exito-empresarial\/#website"},"primaryImageOfPage":{"@id":"https:\/\/www.euroresidentes.com\/empresa\/exito-empresarial\/1-ano-sin-steve-jobs\/#primaryimage"},"image":{"@id":"https:\/\/www.euroresidentes.com\/empresa\/exito-empresarial\/1-ano-sin-steve-jobs\/#primaryimage"},"thumbnailUrl":"https:\/\/www.euroresidentes.com\/empresa\/exito-empresarial\/wp-content\/uploads\/sites\/15\/steve-jobs.png","datePublished":"2012-10-05T07:30:00+00:00","dateModified":"2018-03-20T12:22:56+00:00","author":{"@id":"https:\/\/www.euroresidentes.com\/empresa\/exito-empresarial\/#\/schema\/person\/e5b5cb20610d38c9a51e274c437469d8"},"breadcrumb":{"@id":"https:\/\/www.euroresidentes.com\/empresa\/exito-empresarial\/1-ano-sin-steve-jobs\/#breadcrumb"},"inLanguage":"es","potentialAction":[{"@type":"ReadAction","target":["https:\/\/www.euroresidentes.com\/empresa\/exito-empresarial\/1-ano-sin-steve-jobs\/"]}]},{"@type":"ImageObject","inLanguage":"es","@id":"https:\/\/www.euroresidentes.com\/empresa\/exito-empresarial\/1-ano-sin-steve-jobs\/#primaryimage","url":"https:\/\/www.euroresidentes.com\/empresa\/exito-empresarial\/wp-content\/uploads\/sites\/15\/steve-jobs.png","contentUrl":"https:\/\/www.euroresidentes.com\/empresa\/exito-empresarial\/wp-content\/uploads\/sites\/15\/steve-jobs.png","width":500,"height":600},{"@type":"BreadcrumbList","@id":"https:\/\/www.euroresidentes.com\/empresa\/exito-empresarial\/1-ano-sin-steve-jobs\/#breadcrumb","itemListElement":[{"@type":"ListItem","position":1,"name":"Portada","item":"https:\/\/www.euroresidentes.com\/empresa\/exito-empresarial\/"},{"@type":"ListItem","position":2,"name":"Recordando a Steve Jobs"}]},{"@type":"WebSite","@id":"https:\/\/www.euroresidentes.com\/empresa\/exito-empresarial\/#website","url":"https:\/\/www.euroresidentes.com\/empresa\/exito-empresarial\/","name":"\u00c9xito Empresarial","description":"Empresa Euroresidentes","potentialAction":[{"@type":"SearchAction","target":{"@type":"EntryPoint","urlTemplate":"https:\/\/www.euroresidentes.com\/empresa\/exito-empresarial\/?s={search_term_string}"},"query-input":{"@type":"PropertyValueSpecification","valueRequired":true,"valueName":"search_term_string"}}],"inLanguage":"es"},{"@type":"Person","@id":"https:\/\/www.euroresidentes.com\/empresa\/exito-empresarial\/#\/schema\/person\/e5b5cb20610d38c9a51e274c437469d8","name":"Euroresidentes","image":{"@type":"ImageObject","inLanguage":"es","@id":"https:\/\/www.euroresidentes.com\/empresa\/exito-empresarial\/wp-content\/uploads\/sites\/15\/2016\/06\/logo-euroresidentes-150x150.png","url":"https:\/\/www.euroresidentes.com\/empresa\/exito-empresarial\/wp-content\/uploads\/sites\/15\/2016\/06\/logo-euroresidentes-150x150.png","contentUrl":"https:\/\/www.euroresidentes.com\/empresa\/exito-empresarial\/wp-content\/uploads\/sites\/15\/2016\/06\/logo-euroresidentes-150x150.png","caption":"Euroresidentes"},"description":"EuroresidentesContenidos \u00fatiles que ayudan a resolver las necesidades grandes y peque\u00f1as de la vida cotidiana.","sameAs":["https:\/\/www.euroresidentes.com\/info.htm"],"url":"https:\/\/www.euroresidentes.com\/empresa\/exito-empresarial\/author\/euroresidentes\/"}]}},"_links":{"self":[{"href":"https:\/\/www.euroresidentes.com\/empresa\/exito-empresarial\/wp-json\/wp\/v2\/posts\/80","targetHints":{"allow":["GET"]}}],"collection":[{"href":"https:\/\/www.euroresidentes.com\/empresa\/exito-empresarial\/wp-json\/wp\/v2\/posts"}],"about":[{"href":"https:\/\/www.euroresidentes.com\/empresa\/exito-empresarial\/wp-json\/wp\/v2\/types\/post"}],"author":[{"embeddable":true,"href":"https:\/\/www.euroresidentes.com\/empresa\/exito-empresarial\/wp-json\/wp\/v2\/users\/1"}],"replies":[{"embeddable":true,"href":"https:\/\/www.euroresidentes.com\/empresa\/exito-empresarial\/wp-json\/wp\/v2\/comments?post=80"}],"version-history":[{"count":1,"href":"https:\/\/www.euroresidentes.com\/empresa\/exito-empresarial\/wp-json\/wp\/v2\/posts\/80\/revisions"}],"predecessor-version":[{"id":2746,"href":"https:\/\/www.euroresidentes.com\/empresa\/exito-empresarial\/wp-json\/wp\/v2\/posts\/80\/revisions\/2746"}],"wp:featuredmedia":[{"embeddable":true,"href":"https:\/\/www.euroresidentes.com\/empresa\/exito-empresarial\/wp-json\/wp\/v2\/media\/1280"}],"wp:attachment":[{"href":"https:\/\/www.euroresidentes.com\/empresa\/exito-empresarial\/wp-json\/wp\/v2\/media?parent=80"}],"wp:term":[{"taxonomy":"category","embeddable":true,"href":"https:\/\/www.euroresidentes.com\/empresa\/exito-empresarial\/wp-json\/wp\/v2\/categories?post=80"},{"taxonomy":"post_tag","embeddable":true,"href":"https:\/\/www.euroresidentes.com\/empresa\/exito-empresarial\/wp-json\/wp\/v2\/tags?post=80"}],"curies":[{"name":"wp","href":"https:\/\/api.w.org\/{rel}","templated":true}]}}