
{"id":72,"date":"2012-11-05T14:04:00","date_gmt":"2012-11-05T13:04:00","guid":{"rendered":"https:\/\/wp.euroresidentes.com\/empresa\/blog\/2012\/11\/05\/madres-emprendedoras-madres-empresarias\/"},"modified":"2018-03-20T13:24:26","modified_gmt":"2018-03-20T12:24:26","slug":"madres-emprendedoras-madres-empresarias","status":"publish","type":"post","link":"https:\/\/www.euroresidentes.com\/empresa\/exito-empresarial\/madres-emprendedoras-madres-empresarias\/","title":{"rendered":"Madres emprendedoras, madres empresarias: Susana Perell\u00f3"},"content":{"rendered":"<table class=\"tr-caption-container\" style=\"margin-left: auto; margin-right: auto; text-align: center;\" cellspacing=\"0\" cellpadding=\"0\" align=\"center\">\n<tbody>\n<tr>\n<td style=\"text-align: center;\"><a style=\"margin-left: auto; margin-right: auto;\" href=\"http:\/\/3.bp.blogspot.com\/-CXJPib2Ercs\/UJfDuk-MwUI\/AAAAAAAABKU\/qTA4TEPYVSQ\/s1600\/Foto+en+el+trabajo.jpg\"><img loading=\"lazy\" decoding=\"async\" src=\"https:\/\/www.euroresidentes.com\/empresa\/gestion\/wp-content\/uploads\/2012\/11\/Foto-en-el-trabajo.jpg\" alt=\"\" width=\"400\" height=\"300\" border=\"0\" \/><\/a><\/td>\n<\/tr>\n<tr>\n<td class=\"tr-caption\" style=\"text-align: center;\">Susana en el trabajo.<\/td>\n<\/tr>\n<\/tbody>\n<\/table>\n<div class=\"separator\" style=\"clear: both; text-align: center;\"><\/div>\n<div class=\"separator\" style=\"clear: both; text-align: left;\">El post <i><a href=\"http:\/\/empresa.euroresidentes.com\/2012\/10\/ser-madre-y-empresaria.html\">Ser madre y empresaria<\/a>\u00a0<\/i>ha servido para inspirar a muchas madres que trabajan.<\/div>\n<p>Esto nos ha animado y hemos empezado una serie de <b>entrevistas con empresarias y emprendedoras que tambi\u00e9n son madres<\/b>. As\u00ed nos cuentan su experiencia y entre todos podemos aprender de sus aciertos y ver un poco c\u00f3mo es su d\u00eda a d\u00eda.<\/p>\n<p>Hemos estado hablando con <b>Susana Perell\u00f3<\/b>, dise\u00f1adora y socia de <a href=\"http:\/\/www.dclave.com\/\">dclave.com<\/a> y cuyo \u00faltimo lanzamiento es el proyecto\u00a0<a href=\"http:\/\/www.unbocetodiario.com\/\">www.unbocetodiario.com<\/a> con el que est\u00e1 muy ilusionada y que pensamos que le dar\u00e1 muchos \u00e9xitos.<\/p>\n<p>Le hemos hecho una serie de preguntas relacionadas con ser madre y empresaria y ella, muy amablemente, nos las ha contestado.<\/p>\n<p>Ah\u00ed van las preguntas y sus respuestas.<\/p>\n<p><b>0. \u00bfQu\u00e9 edad tienen tus ni\u00f1as?<\/b><\/p>\n<div class=\"separator\" style=\"clear: both;\">La mayor tiene 5 a\u00f1os y la peque\u00f1a 21 meses.<\/div>\n<p><b>1. \u00bfCu\u00e1l es tu horario de trabajo? \u00bfSueles llevarte trabajo a casa?<\/b><\/p>\n<div class=\"separator\" style=\"clear: both;\">Normalmente es por la ma\u00f1ana, aunque como es mi empresa y yo misma me programo el horario si alg\u00fan d\u00eda tengo que venir por la tarde vengo, si no, pues me llevo trabajo a casa que aprovecho para hacerlo cuando las peques se han acostado.<\/div>\n<p><b>2. \u00bfCu\u00e1l es vuestra rutina familiar con las ni\u00f1as antes de ir a\u00a0trabajar? \u00bfY despu\u00e9s del trabajo?<\/b><\/p>\n<div class=\"separator\" style=\"clear: both;\">Por la ma\u00f1ana entre semana, despertamos a la misma hora a las peques, puesto que una va al cole y la otra a la guarde, as\u00ed que entre mi marido y yo las vestimos, les damos de desayunar y les preparamos todo, despu\u00e9s nos las repartimos, uno lleva a la mayor al cole y el otro lleva a la peque, es una buena manera de cuadrar horarios.<\/div>\n<p><b>3. \u00bfTienes ayuda en casa de alguna persona externa? \u00bfC\u00f3mo organiz\u00e1is\u00a0las tareas de la casa?<\/b><\/p>\n<div class=\"separator\" style=\"clear: both;\">La verdad es que no, todo lo hacemos entre mi marido y yo, hay cosas del d\u00eda a d\u00eda que lo hacemos entre los dos, camas, ba\u00f1os, lavadoras, etc, tenemos las tareas repartidas y cada uno sabe lo que tiene que hacer antes de salir de casa. \u00a0Cuando llega el finde, tambi\u00e9n hacemos las tareas repartidas, esas cosas que durante la semana no puedes hacer mas a fondo. Normalmente nos turnamos con las peques, y as\u00ed los dos podemos hacer los nuestro.<\/div>\n<p><b>4. \u00bfPor qu\u00e9 decidiste montar una empresa?<\/b><\/p>\n<div class=\"separator\" style=\"clear: both;\">Principalmente, la razones que me decidieron a montar una empresa fueron dos, una por supuesto, mi familia, quer\u00eda tener una trabajo que me permitiera hacer lo que me gusta y sobre todo, poder compatibilizarlo con el cuidado y crianza de mis ni\u00f1as.<\/div>\n<p>La segunda, como he dicho, necesitaba hacer algo que me llenara y realizara como persona, ya que pienso que esto es muy importante tambi\u00e9n para el ser humano. Est\u00e1 claro que puedes hacer cualquier trabajo, pero si no te llena&#8230;&#8230;a final solo se convierte en una mera herramienta para tener una fuente de ingresos fija a final de mes, mi trabajo de antes era eso para mi y no me hacia sentir bien conmigo misma \u00a0por no hablar de las horas que le tenia que dedicar y que no pod\u00eda estar con mi familia.<\/p>\n<p><b>5. \u00bfCu\u00e1ntas personas trabajais en la empresa?<\/b><\/p>\n<div class=\"separator\" style=\"clear: both;\">De momento solo yo, puesto que soy Aut\u00f3noma, aunque no descarto la posibilidad de ampliar la plantilla en un futuro.<\/div>\n<p><b>6. \u00bfContestas al m\u00f3vil por asuntos de trabajo cuando est\u00e1s con tus ni\u00f1as?<\/b><\/p>\n<div class=\"separator\" style=\"clear: both;\">Solo en ocasiones muy puntuales, tengo por norma no mezclar la vida laboral con la familiar.<\/div>\n<p><b>7. Durante la semana \u00bfte reservas alg\u00fan tiempo para hacer alguna\u00a0actividad t\u00fa sola?<\/b><\/p>\n<div class=\"separator\" style=\"clear: both;\">De vez en cuando y si el trabajo lo permite suelo reservarme alguna ma\u00f1ana para mi y mis cosas, las tardes son todas de las peques.<\/div>\n<p><b>8. Si viajas a menudo por trabajo \u00bfc\u00f3mo organizas las entradas y\u00a0salidas del cole y tu rutina en general?<\/b><\/p>\n<div class=\"separator\" style=\"clear: both;\">Mi viajes por trabajo son cercanos, 60 o 70 km como mucho, as\u00ed que suelo irme cuando entran al cole y suelo estar de vuelta antes de que salgan.<\/div>\n<p><b>9. \u00bfHas tenido que dejar de hacer algo que te guste hacer por trabajar\u00a0y ser madre? \u00bfQu\u00e9 te gustar\u00eda mejorar?<\/b><\/p>\n<div class=\"separator\" style=\"clear: both;\">No, gracias a Dios a d\u00eda de hoy, no hay nada que no haya podido compatibilizar, quiz\u00e1 alguna salida nocturna, pero eso ya se sabe que va a pasar cuando vas a ser madre y en mi caso lo he cambiado gustosamente.<\/div>\n<p>1<b>0. \u00bfLe dar\u00edas alg\u00fan consejo a alguien que est\u00e9 pensando en montar una\u00a0<\/b><b>empresa y tenga ni\u00f1os?<\/b><\/p>\n<div class=\"separator\" style=\"clear: both;\">Mi consejo es que se lance y lo intente, el comienzo como todo ser\u00e1 duro pero a la larga obtienes tu recompensa. \u00a0Con un poco de planificaci\u00f3n y colaboraci\u00f3n se puede hacer todo y la satisfacci\u00f3n que obtienes para ti y los tuyos no tiene precio.<\/div>\n<div class=\"separator\" style=\"clear: both;\"><\/div>\n<table class=\"tr-caption-container\" style=\"margin-left: auto; margin-right: auto; text-align: center;\" cellspacing=\"0\" cellpadding=\"0\" align=\"center\">\n<tbody>\n<tr>\n<td style=\"text-align: center;\"><a style=\"margin-left: auto; margin-right: auto;\" href=\"http:\/\/4.bp.blogspot.com\/-si1-YyUYoFg\/UJfD1JBx9zI\/AAAAAAAABKc\/biiAkYTx8bs\/s1600\/foto+con+peques.jpg\"><img loading=\"lazy\" decoding=\"async\" src=\"https:\/\/www.euroresidentes.com\/empresa\/gestion\/wp-content\/uploads\/2012\/11\/foto-con-peques.jpg\" alt=\"\" width=\"240\" height=\"320\" border=\"0\" \/><\/a><\/td>\n<\/tr>\n<tr>\n<td class=\"tr-caption\" style=\"text-align: center;\">Susana con las peques.<\/td>\n<\/tr>\n<\/tbody>\n<\/table>\n<div class=\"separator\" style=\"clear: both;\"><\/div>\n<div class=\"separator\" style=\"clear: both;\"><\/div>\n<div class=\"separator\" style=\"clear: both;\">Muchas gracias Susana por compartir tu tiempo con los lectores de Empresa 2.0 de Euroresidentes. Te deseamos lo mejor. \ud83d\ude42<\/div>\n<div class=\"separator\" style=\"clear: both;\"><\/div>\n<div class=\"separator\" style=\"clear: both;\"><b>Temas relacionados con Madres emprendedoras, madres empresarias: Susana Perell\u00f3:<\/b><\/div>\n<div class=\"separator\" style=\"clear: both;\"><\/div>\n<ul>\n<li><a href=\"http:\/\/empresa.euroresidentes.com\/2012\/10\/ser-madre-y-empresaria.html\">Empresa: ser madre y empresaria<\/a><\/li>\n<\/ul>\n","protected":false},"excerpt":{"rendered":"<p>Susana en el trabajo. El post Ser madre y empresaria\u00a0ha servido para inspirar a muchas madres que trabajan. Esto nos ha animado y hemos empezado una serie de entrevistas con empresarias y emprendedoras que tambi\u00e9n son madres. As\u00ed nos cuentan su experiencia y entre todos podemos aprender de sus aciertos y ver un poco c\u00f3mo es su d\u00eda a d\u00eda. Hemos estado hablando con Susana Perell\u00f3, dise\u00f1adora y socia de dclave.com y cuyo \u00faltimo lanzamiento es el proyecto\u00a0www.unbocetodiario.com con el que est\u00e1 muy ilusionada y que pensamos que le dar\u00e1 muchos \u00e9xitos. Le hemos hecho una serie de preguntas relacionadas <\/p>\n","protected":false},"author":1,"featured_media":1288,"comment_status":"open","ping_status":"open","sticky":false,"template":"","format":"standard","meta":{"footnotes":""},"categories":[30],"tags":[],"class_list":["post-72","post","type-post","status-publish","format-standard","has-post-thumbnail","hentry","category-emprendedores","has_thumb"],"yoast_head":"<!-- This site is optimized with the Yoast SEO plugin v27.5 - https:\/\/yoast.com\/product\/yoast-seo-wordpress\/ -->\n<title>Madres emprendedoras, madres empresarias: Susana Perell\u00f3 - \u00c9xito Empresarial<\/title>\n<meta name=\"robots\" content=\"index, follow, max-snippet:-1, max-image-preview:large, max-video-preview:-1\" \/>\n<link rel=\"canonical\" href=\"https:\/\/www.euroresidentes.com\/empresa\/exito-empresarial\/madres-emprendedoras-madres-empresarias\/\" \/>\n<meta property=\"og:locale\" content=\"es_ES\" \/>\n<meta property=\"og:type\" content=\"article\" \/>\n<meta property=\"og:title\" content=\"Madres emprendedoras, madres empresarias: Susana Perell\u00f3 - \u00c9xito Empresarial\" \/>\n<meta property=\"og:description\" content=\"Susana en el trabajo. El post Ser madre y empresaria\u00a0ha servido para inspirar a muchas madres que trabajan. Esto nos ha animado y hemos empezado una serie de entrevistas con empresarias y emprendedoras que tambi\u00e9n son madres. As\u00ed nos cuentan su experiencia y entre todos podemos aprender de sus aciertos y ver un poco c\u00f3mo es su d\u00eda a d\u00eda. Hemos estado hablando con Susana Perell\u00f3, dise\u00f1adora y socia de dclave.com y cuyo \u00faltimo lanzamiento es el proyecto\u00a0www.unbocetodiario.com con el que est\u00e1 muy ilusionada y que pensamos que le dar\u00e1 muchos \u00e9xitos. Le hemos hecho una serie de preguntas relacionadas\" \/>\n<meta property=\"og:url\" content=\"https:\/\/www.euroresidentes.com\/empresa\/exito-empresarial\/madres-emprendedoras-madres-empresarias\/\" \/>\n<meta property=\"og:site_name\" content=\"\u00c9xito Empresarial\" \/>\n<meta property=\"article:publisher\" content=\"https:\/\/www.facebook.com\/euroresidentes\/\" \/>\n<meta property=\"article:published_time\" content=\"2012-11-05T13:04:00+00:00\" \/>\n<meta property=\"article:modified_time\" content=\"2018-03-20T12:24:26+00:00\" \/>\n<meta property=\"og:image\" content=\"https:\/\/www.euroresidentes.com\/empresa\/exito-empresarial\/wp-content\/uploads\/sites\/15\/Foto-en-el-trabajo.jpg\" \/>\n\t<meta property=\"og:image:width\" content=\"400\" \/>\n\t<meta property=\"og:image:height\" content=\"300\" \/>\n\t<meta property=\"og:image:type\" content=\"image\/jpeg\" \/>\n<meta name=\"author\" content=\"Euroresidentes\" \/>\n<meta name=\"twitter:card\" content=\"summary_large_image\" \/>\n<meta name=\"twitter:label1\" content=\"Written by\" \/>\n\t<meta name=\"twitter:data1\" content=\"Euroresidentes\" \/>\n\t<meta name=\"twitter:label2\" content=\"Est. reading time\" \/>\n\t<meta name=\"twitter:data2\" content=\"4 minutos\" \/>\n<script type=\"application\/ld+json\" class=\"yoast-schema-graph\">{\"@context\":\"https:\\\/\\\/schema.org\",\"@graph\":[{\"@type\":\"Article\",\"@id\":\"https:\\\/\\\/www.euroresidentes.com\\\/empresa\\\/exito-empresarial\\\/madres-emprendedoras-madres-empresarias\\\/#article\",\"isPartOf\":{\"@id\":\"https:\\\/\\\/www.euroresidentes.com\\\/empresa\\\/exito-empresarial\\\/madres-emprendedoras-madres-empresarias\\\/\"},\"author\":{\"name\":\"Euroresidentes\",\"@id\":\"https:\\\/\\\/www.euroresidentes.com\\\/empresa\\\/exito-empresarial\\\/#\\\/schema\\\/person\\\/e5b5cb20610d38c9a51e274c437469d8\"},\"headline\":\"Madres emprendedoras, madres empresarias: Susana Perell\u00f3\",\"datePublished\":\"2012-11-05T13:04:00+00:00\",\"dateModified\":\"2018-03-20T12:24:26+00:00\",\"mainEntityOfPage\":{\"@id\":\"https:\\\/\\\/www.euroresidentes.com\\\/empresa\\\/exito-empresarial\\\/madres-emprendedoras-madres-empresarias\\\/\"},\"wordCount\":867,\"commentCount\":2,\"image\":{\"@id\":\"https:\\\/\\\/www.euroresidentes.com\\\/empresa\\\/exito-empresarial\\\/madres-emprendedoras-madres-empresarias\\\/#primaryimage\"},\"thumbnailUrl\":\"https:\\\/\\\/www.euroresidentes.com\\\/empresa\\\/exito-empresarial\\\/wp-content\\\/uploads\\\/sites\\\/15\\\/Foto-en-el-trabajo.jpg\",\"articleSection\":[\"Emprendedores\"],\"inLanguage\":\"es\",\"potentialAction\":[{\"@type\":\"CommentAction\",\"name\":\"Comment\",\"target\":[\"https:\\\/\\\/www.euroresidentes.com\\\/empresa\\\/exito-empresarial\\\/madres-emprendedoras-madres-empresarias\\\/#respond\"]}]},{\"@type\":\"WebPage\",\"@id\":\"https:\\\/\\\/www.euroresidentes.com\\\/empresa\\\/exito-empresarial\\\/madres-emprendedoras-madres-empresarias\\\/\",\"url\":\"https:\\\/\\\/www.euroresidentes.com\\\/empresa\\\/exito-empresarial\\\/madres-emprendedoras-madres-empresarias\\\/\",\"name\":\"Madres emprendedoras, madres empresarias: Susana Perell\u00f3 - \u00c9xito Empresarial\",\"isPartOf\":{\"@id\":\"https:\\\/\\\/www.euroresidentes.com\\\/empresa\\\/exito-empresarial\\\/#website\"},\"primaryImageOfPage\":{\"@id\":\"https:\\\/\\\/www.euroresidentes.com\\\/empresa\\\/exito-empresarial\\\/madres-emprendedoras-madres-empresarias\\\/#primaryimage\"},\"image\":{\"@id\":\"https:\\\/\\\/www.euroresidentes.com\\\/empresa\\\/exito-empresarial\\\/madres-emprendedoras-madres-empresarias\\\/#primaryimage\"},\"thumbnailUrl\":\"https:\\\/\\\/www.euroresidentes.com\\\/empresa\\\/exito-empresarial\\\/wp-content\\\/uploads\\\/sites\\\/15\\\/Foto-en-el-trabajo.jpg\",\"datePublished\":\"2012-11-05T13:04:00+00:00\",\"dateModified\":\"2018-03-20T12:24:26+00:00\",\"author\":{\"@id\":\"https:\\\/\\\/www.euroresidentes.com\\\/empresa\\\/exito-empresarial\\\/#\\\/schema\\\/person\\\/e5b5cb20610d38c9a51e274c437469d8\"},\"breadcrumb\":{\"@id\":\"https:\\\/\\\/www.euroresidentes.com\\\/empresa\\\/exito-empresarial\\\/madres-emprendedoras-madres-empresarias\\\/#breadcrumb\"},\"inLanguage\":\"es\",\"potentialAction\":[{\"@type\":\"ReadAction\",\"target\":[\"https:\\\/\\\/www.euroresidentes.com\\\/empresa\\\/exito-empresarial\\\/madres-emprendedoras-madres-empresarias\\\/\"]}]},{\"@type\":\"ImageObject\",\"inLanguage\":\"es\",\"@id\":\"https:\\\/\\\/www.euroresidentes.com\\\/empresa\\\/exito-empresarial\\\/madres-emprendedoras-madres-empresarias\\\/#primaryimage\",\"url\":\"https:\\\/\\\/www.euroresidentes.com\\\/empresa\\\/exito-empresarial\\\/wp-content\\\/uploads\\\/sites\\\/15\\\/Foto-en-el-trabajo.jpg\",\"contentUrl\":\"https:\\\/\\\/www.euroresidentes.com\\\/empresa\\\/exito-empresarial\\\/wp-content\\\/uploads\\\/sites\\\/15\\\/Foto-en-el-trabajo.jpg\",\"width\":400,\"height\":300},{\"@type\":\"BreadcrumbList\",\"@id\":\"https:\\\/\\\/www.euroresidentes.com\\\/empresa\\\/exito-empresarial\\\/madres-emprendedoras-madres-empresarias\\\/#breadcrumb\",\"itemListElement\":[{\"@type\":\"ListItem\",\"position\":1,\"name\":\"Portada\",\"item\":\"https:\\\/\\\/www.euroresidentes.com\\\/empresa\\\/exito-empresarial\\\/\"},{\"@type\":\"ListItem\",\"position\":2,\"name\":\"Madres emprendedoras, madres empresarias: Susana Perell\u00f3\"}]},{\"@type\":\"WebSite\",\"@id\":\"https:\\\/\\\/www.euroresidentes.com\\\/empresa\\\/exito-empresarial\\\/#website\",\"url\":\"https:\\\/\\\/www.euroresidentes.com\\\/empresa\\\/exito-empresarial\\\/\",\"name\":\"\u00c9xito Empresarial\",\"description\":\"Empresa Euroresidentes\",\"potentialAction\":[{\"@type\":\"SearchAction\",\"target\":{\"@type\":\"EntryPoint\",\"urlTemplate\":\"https:\\\/\\\/www.euroresidentes.com\\\/empresa\\\/exito-empresarial\\\/?s={search_term_string}\"},\"query-input\":{\"@type\":\"PropertyValueSpecification\",\"valueRequired\":true,\"valueName\":\"search_term_string\"}}],\"inLanguage\":\"es\"},{\"@type\":\"Person\",\"@id\":\"https:\\\/\\\/www.euroresidentes.com\\\/empresa\\\/exito-empresarial\\\/#\\\/schema\\\/person\\\/e5b5cb20610d38c9a51e274c437469d8\",\"name\":\"Euroresidentes\",\"image\":{\"@type\":\"ImageObject\",\"inLanguage\":\"es\",\"@id\":\"https:\\\/\\\/www.euroresidentes.com\\\/empresa\\\/exito-empresarial\\\/wp-content\\\/uploads\\\/sites\\\/15\\\/2016\\\/06\\\/logo-euroresidentes-150x150.png\",\"url\":\"https:\\\/\\\/www.euroresidentes.com\\\/empresa\\\/exito-empresarial\\\/wp-content\\\/uploads\\\/sites\\\/15\\\/2016\\\/06\\\/logo-euroresidentes-150x150.png\",\"contentUrl\":\"https:\\\/\\\/www.euroresidentes.com\\\/empresa\\\/exito-empresarial\\\/wp-content\\\/uploads\\\/sites\\\/15\\\/2016\\\/06\\\/logo-euroresidentes-150x150.png\",\"caption\":\"Euroresidentes\"},\"description\":\"EuroresidentesContenidos \u00fatiles que ayudan a resolver las necesidades grandes y peque\u00f1as de la vida cotidiana.\",\"sameAs\":[\"https:\\\/\\\/www.euroresidentes.com\\\/info.htm\"],\"url\":\"https:\\\/\\\/www.euroresidentes.com\\\/empresa\\\/exito-empresarial\\\/author\\\/euroresidentes\\\/\"}]}<\/script>\n<!-- \/ Yoast SEO plugin. -->","yoast_head_json":{"title":"Madres emprendedoras, madres empresarias: Susana Perell\u00f3 - \u00c9xito Empresarial","robots":{"index":"index","follow":"follow","max-snippet":"max-snippet:-1","max-image-preview":"max-image-preview:large","max-video-preview":"max-video-preview:-1"},"canonical":"https:\/\/www.euroresidentes.com\/empresa\/exito-empresarial\/madres-emprendedoras-madres-empresarias\/","og_locale":"es_ES","og_type":"article","og_title":"Madres emprendedoras, madres empresarias: Susana Perell\u00f3 - \u00c9xito Empresarial","og_description":"Susana en el trabajo. El post Ser madre y empresaria\u00a0ha servido para inspirar a muchas madres que trabajan. Esto nos ha animado y hemos empezado una serie de entrevistas con empresarias y emprendedoras que tambi\u00e9n son madres. As\u00ed nos cuentan su experiencia y entre todos podemos aprender de sus aciertos y ver un poco c\u00f3mo es su d\u00eda a d\u00eda. Hemos estado hablando con Susana Perell\u00f3, dise\u00f1adora y socia de dclave.com y cuyo \u00faltimo lanzamiento es el proyecto\u00a0www.unbocetodiario.com con el que est\u00e1 muy ilusionada y que pensamos que le dar\u00e1 muchos \u00e9xitos. Le hemos hecho una serie de preguntas relacionadas","og_url":"https:\/\/www.euroresidentes.com\/empresa\/exito-empresarial\/madres-emprendedoras-madres-empresarias\/","og_site_name":"\u00c9xito Empresarial","article_publisher":"https:\/\/www.facebook.com\/euroresidentes\/","article_published_time":"2012-11-05T13:04:00+00:00","article_modified_time":"2018-03-20T12:24:26+00:00","og_image":[{"width":400,"height":300,"url":"https:\/\/www.euroresidentes.com\/empresa\/exito-empresarial\/wp-content\/uploads\/sites\/15\/Foto-en-el-trabajo.jpg","type":"image\/jpeg"}],"author":"Euroresidentes","twitter_card":"summary_large_image","twitter_misc":{"Written by":"Euroresidentes","Est. reading time":"4 minutos"},"schema":{"@context":"https:\/\/schema.org","@graph":[{"@type":"Article","@id":"https:\/\/www.euroresidentes.com\/empresa\/exito-empresarial\/madres-emprendedoras-madres-empresarias\/#article","isPartOf":{"@id":"https:\/\/www.euroresidentes.com\/empresa\/exito-empresarial\/madres-emprendedoras-madres-empresarias\/"},"author":{"name":"Euroresidentes","@id":"https:\/\/www.euroresidentes.com\/empresa\/exito-empresarial\/#\/schema\/person\/e5b5cb20610d38c9a51e274c437469d8"},"headline":"Madres emprendedoras, madres empresarias: Susana Perell\u00f3","datePublished":"2012-11-05T13:04:00+00:00","dateModified":"2018-03-20T12:24:26+00:00","mainEntityOfPage":{"@id":"https:\/\/www.euroresidentes.com\/empresa\/exito-empresarial\/madres-emprendedoras-madres-empresarias\/"},"wordCount":867,"commentCount":2,"image":{"@id":"https:\/\/www.euroresidentes.com\/empresa\/exito-empresarial\/madres-emprendedoras-madres-empresarias\/#primaryimage"},"thumbnailUrl":"https:\/\/www.euroresidentes.com\/empresa\/exito-empresarial\/wp-content\/uploads\/sites\/15\/Foto-en-el-trabajo.jpg","articleSection":["Emprendedores"],"inLanguage":"es","potentialAction":[{"@type":"CommentAction","name":"Comment","target":["https:\/\/www.euroresidentes.com\/empresa\/exito-empresarial\/madres-emprendedoras-madres-empresarias\/#respond"]}]},{"@type":"WebPage","@id":"https:\/\/www.euroresidentes.com\/empresa\/exito-empresarial\/madres-emprendedoras-madres-empresarias\/","url":"https:\/\/www.euroresidentes.com\/empresa\/exito-empresarial\/madres-emprendedoras-madres-empresarias\/","name":"Madres emprendedoras, madres empresarias: Susana Perell\u00f3 - \u00c9xito Empresarial","isPartOf":{"@id":"https:\/\/www.euroresidentes.com\/empresa\/exito-empresarial\/#website"},"primaryImageOfPage":{"@id":"https:\/\/www.euroresidentes.com\/empresa\/exito-empresarial\/madres-emprendedoras-madres-empresarias\/#primaryimage"},"image":{"@id":"https:\/\/www.euroresidentes.com\/empresa\/exito-empresarial\/madres-emprendedoras-madres-empresarias\/#primaryimage"},"thumbnailUrl":"https:\/\/www.euroresidentes.com\/empresa\/exito-empresarial\/wp-content\/uploads\/sites\/15\/Foto-en-el-trabajo.jpg","datePublished":"2012-11-05T13:04:00+00:00","dateModified":"2018-03-20T12:24:26+00:00","author":{"@id":"https:\/\/www.euroresidentes.com\/empresa\/exito-empresarial\/#\/schema\/person\/e5b5cb20610d38c9a51e274c437469d8"},"breadcrumb":{"@id":"https:\/\/www.euroresidentes.com\/empresa\/exito-empresarial\/madres-emprendedoras-madres-empresarias\/#breadcrumb"},"inLanguage":"es","potentialAction":[{"@type":"ReadAction","target":["https:\/\/www.euroresidentes.com\/empresa\/exito-empresarial\/madres-emprendedoras-madres-empresarias\/"]}]},{"@type":"ImageObject","inLanguage":"es","@id":"https:\/\/www.euroresidentes.com\/empresa\/exito-empresarial\/madres-emprendedoras-madres-empresarias\/#primaryimage","url":"https:\/\/www.euroresidentes.com\/empresa\/exito-empresarial\/wp-content\/uploads\/sites\/15\/Foto-en-el-trabajo.jpg","contentUrl":"https:\/\/www.euroresidentes.com\/empresa\/exito-empresarial\/wp-content\/uploads\/sites\/15\/Foto-en-el-trabajo.jpg","width":400,"height":300},{"@type":"BreadcrumbList","@id":"https:\/\/www.euroresidentes.com\/empresa\/exito-empresarial\/madres-emprendedoras-madres-empresarias\/#breadcrumb","itemListElement":[{"@type":"ListItem","position":1,"name":"Portada","item":"https:\/\/www.euroresidentes.com\/empresa\/exito-empresarial\/"},{"@type":"ListItem","position":2,"name":"Madres emprendedoras, madres empresarias: Susana Perell\u00f3"}]},{"@type":"WebSite","@id":"https:\/\/www.euroresidentes.com\/empresa\/exito-empresarial\/#website","url":"https:\/\/www.euroresidentes.com\/empresa\/exito-empresarial\/","name":"\u00c9xito Empresarial","description":"Empresa Euroresidentes","potentialAction":[{"@type":"SearchAction","target":{"@type":"EntryPoint","urlTemplate":"https:\/\/www.euroresidentes.com\/empresa\/exito-empresarial\/?s={search_term_string}"},"query-input":{"@type":"PropertyValueSpecification","valueRequired":true,"valueName":"search_term_string"}}],"inLanguage":"es"},{"@type":"Person","@id":"https:\/\/www.euroresidentes.com\/empresa\/exito-empresarial\/#\/schema\/person\/e5b5cb20610d38c9a51e274c437469d8","name":"Euroresidentes","image":{"@type":"ImageObject","inLanguage":"es","@id":"https:\/\/www.euroresidentes.com\/empresa\/exito-empresarial\/wp-content\/uploads\/sites\/15\/2016\/06\/logo-euroresidentes-150x150.png","url":"https:\/\/www.euroresidentes.com\/empresa\/exito-empresarial\/wp-content\/uploads\/sites\/15\/2016\/06\/logo-euroresidentes-150x150.png","contentUrl":"https:\/\/www.euroresidentes.com\/empresa\/exito-empresarial\/wp-content\/uploads\/sites\/15\/2016\/06\/logo-euroresidentes-150x150.png","caption":"Euroresidentes"},"description":"EuroresidentesContenidos \u00fatiles que ayudan a resolver las necesidades grandes y peque\u00f1as de la vida cotidiana.","sameAs":["https:\/\/www.euroresidentes.com\/info.htm"],"url":"https:\/\/www.euroresidentes.com\/empresa\/exito-empresarial\/author\/euroresidentes\/"}]}},"_links":{"self":[{"href":"https:\/\/www.euroresidentes.com\/empresa\/exito-empresarial\/wp-json\/wp\/v2\/posts\/72","targetHints":{"allow":["GET"]}}],"collection":[{"href":"https:\/\/www.euroresidentes.com\/empresa\/exito-empresarial\/wp-json\/wp\/v2\/posts"}],"about":[{"href":"https:\/\/www.euroresidentes.com\/empresa\/exito-empresarial\/wp-json\/wp\/v2\/types\/post"}],"author":[{"embeddable":true,"href":"https:\/\/www.euroresidentes.com\/empresa\/exito-empresarial\/wp-json\/wp\/v2\/users\/1"}],"replies":[{"embeddable":true,"href":"https:\/\/www.euroresidentes.com\/empresa\/exito-empresarial\/wp-json\/wp\/v2\/comments?post=72"}],"version-history":[{"count":2,"href":"https:\/\/www.euroresidentes.com\/empresa\/exito-empresarial\/wp-json\/wp\/v2\/posts\/72\/revisions"}],"predecessor-version":[{"id":2732,"href":"https:\/\/www.euroresidentes.com\/empresa\/exito-empresarial\/wp-json\/wp\/v2\/posts\/72\/revisions\/2732"}],"wp:featuredmedia":[{"embeddable":true,"href":"https:\/\/www.euroresidentes.com\/empresa\/exito-empresarial\/wp-json\/wp\/v2\/media\/1288"}],"wp:attachment":[{"href":"https:\/\/www.euroresidentes.com\/empresa\/exito-empresarial\/wp-json\/wp\/v2\/media?parent=72"}],"wp:term":[{"taxonomy":"category","embeddable":true,"href":"https:\/\/www.euroresidentes.com\/empresa\/exito-empresarial\/wp-json\/wp\/v2\/categories?post=72"},{"taxonomy":"post_tag","embeddable":true,"href":"https:\/\/www.euroresidentes.com\/empresa\/exito-empresarial\/wp-json\/wp\/v2\/tags?post=72"}],"curies":[{"name":"wp","href":"https:\/\/api.w.org\/{rel}","templated":true}]}}