
{"id":138,"date":"2007-10-23T17:57:00","date_gmt":"2007-10-23T15:57:00","guid":{"rendered":"https:\/\/wp.euroresidentes.com\/empresa\/blog\/2007\/10\/23\/fobia-al-ordenador\/"},"modified":"2018-03-20T12:58:40","modified_gmt":"2018-03-20T11:58:40","slug":"fobia-al-ordenador","status":"publish","type":"post","link":"https:\/\/www.euroresidentes.com\/empresa\/exito-empresarial\/fobia-al-ordenador\/","title":{"rendered":"Fobia al ordenador"},"content":{"rendered":"<p>Algunos profesionales, altos directivos de grandes empresas, se empe\u00f1an en mantener su fobia al ordenador. Hasta presumen de ello. Su secretar\u00eda de alta direcci\u00f3n les resuelve sin excesivos problemas dicha fobia, administrando el correo u otras utilidades en las que se ven envueltos por imposiciones de la empresa en la que trabajan.<\/p>\n<p><a href=\"https:\/\/www.euroresidentes.com\/empresa\/gestion\/wp-content\/uploads\/sites\/15\/2007\/10\/fobia-al-ordenador.jpg\"><img loading=\"lazy\" decoding=\"async\" class=\"aligncenter size-full wp-image-1423\" src=\"https:\/\/www.euroresidentes.com\/empresa\/gestion\/wp-content\/uploads\/sites\/15\/2007\/10\/fobia-al-ordenador.jpg\" alt=\"Fobia al ordenador euroresidentes\" width=\"600\" height=\"450\" srcset=\"https:\/\/www.euroresidentes.com\/empresa\/exito-empresarial\/wp-content\/uploads\/sites\/15\/2007\/10\/fobia-al-ordenador.jpg 600w, https:\/\/www.euroresidentes.com\/empresa\/exito-empresarial\/wp-content\/uploads\/sites\/15\/2007\/10\/fobia-al-ordenador-300x225.jpg 300w\" sizes=\"auto, (max-width: 600px) 100vw, 600px\" \/><\/a><\/p>\n<p><strong>\u00bfPuede un alto directivo sobrevivir sin ordenador?<\/strong><\/p>\n<p>El problema de la fobia al ordenador es que se hace acumulativa y si no se vencen las primeras resistencias se va convirtiendo en una barrera infranqueable. \u00bfPuede un alto directivo sobrevivir sin ordenador?. La respuesta es claramente NO. Aunque pueda tener subordinados que realicen las tareas de apoyo inform\u00e1ticas u ofim\u00e1ticas, el m\u00e1s alto coste es su escasa conciencia de la cultura de trabajo que se desprende del uso de las nuevas tecnolog\u00edas en la empresa y en la sociedad actual.<\/p>\n<p>\u00bfPuede hoy en d\u00eda un alto directivo tomar las decisiones m\u00e1s relevantes para el futuro de su empresa sin ser consciente del alacance que representa la revoluci\u00f3n en la que estamos inmersos? Pues claro que no todo se resuelve con las Nuevas Tecnolog\u00edas debajo del brazo. Pero si en China y la India los ordenadores ya forman parte de un recurso cultural en el medio de trabajo&#8230; algo esta fallando en ciertas actitudes directivas que preservan su fobia como una ostentaci\u00f3n. Quiz\u00e1s Microsoft est\u00e1 pensando en una soluci\u00f3n, un ordenador para un futuro muy pr\u00f3ximo.<\/p>\n<p><strong>El ordenador del futuro<\/strong><br \/>\nLa propuesta de Microsoft para combatir la fobia a los ordenadores, es un ordenador intuitivo que permite utilizar las manos para comunicarnos con \u00e9l, de la misma forma que lo hacemos con otras cosas. La pantalla del ordenador y las manos se comunican intuitivamente, de la misma forma que las \u00abventanas\u00bb abrieron una extraordinaria simplificaci\u00f3n en el manejo del ordenador hace m\u00e1s de 15 a\u00f1os.<br \/>\nUna imagen, un v\u00eddeo, m\u00e1s que mil palabras..<\/p>\n","protected":false},"excerpt":{"rendered":"<p>Algunos profesionales, altos directivos de grandes empresas, se empe\u00f1an en mantener su fobia al ordenador. Hasta presumen de ello. Su secretar\u00eda de alta direcci\u00f3n les resuelve sin excesivos problemas dicha fobia, administrando el correo u otras utilidades en las que se ven envueltos por imposiciones de la empresa en la que trabajan. \u00bfPuede un alto directivo sobrevivir sin ordenador? El problema de la fobia al ordenador es que se hace acumulativa y si no se vencen las primeras resistencias se va convirtiendo en una barrera infranqueable. \u00bfPuede un alto directivo sobrevivir sin ordenador?. La respuesta es claramente NO. Aunque pueda <\/p>\n","protected":false},"author":1,"featured_media":1423,"comment_status":"open","ping_status":"open","sticky":false,"template":"","format":"standard","meta":{"footnotes":""},"categories":[15],"tags":[],"class_list":["post-138","post","type-post","status-publish","format-standard","has-post-thumbnail","hentry","category-consejos","has_thumb"],"yoast_head":"<!-- This site is optimized with the Yoast SEO plugin v27.5 - https:\/\/yoast.com\/product\/yoast-seo-wordpress\/ -->\n<title>Fobia al ordenador - \u00c9xito Empresarial<\/title>\n<meta name=\"robots\" content=\"index, follow, max-snippet:-1, max-image-preview:large, max-video-preview:-1\" \/>\n<link rel=\"canonical\" href=\"https:\/\/www.euroresidentes.com\/empresa\/exito-empresarial\/fobia-al-ordenador\/\" \/>\n<meta property=\"og:locale\" content=\"es_ES\" \/>\n<meta property=\"og:type\" content=\"article\" \/>\n<meta property=\"og:title\" content=\"Fobia al ordenador - \u00c9xito Empresarial\" \/>\n<meta property=\"og:description\" content=\"Algunos profesionales, altos directivos de grandes empresas, se empe\u00f1an en mantener su fobia al ordenador. Hasta presumen de ello. Su secretar\u00eda de alta direcci\u00f3n les resuelve sin excesivos problemas dicha fobia, administrando el correo u otras utilidades en las que se ven envueltos por imposiciones de la empresa en la que trabajan. \u00bfPuede un alto directivo sobrevivir sin ordenador? El problema de la fobia al ordenador es que se hace acumulativa y si no se vencen las primeras resistencias se va convirtiendo en una barrera infranqueable. \u00bfPuede un alto directivo sobrevivir sin ordenador?. La respuesta es claramente NO. Aunque pueda\" \/>\n<meta property=\"og:url\" content=\"https:\/\/www.euroresidentes.com\/empresa\/exito-empresarial\/fobia-al-ordenador\/\" \/>\n<meta property=\"og:site_name\" content=\"\u00c9xito Empresarial\" \/>\n<meta property=\"article:publisher\" content=\"https:\/\/www.facebook.com\/euroresidentes\/\" \/>\n<meta property=\"article:published_time\" content=\"2007-10-23T15:57:00+00:00\" \/>\n<meta property=\"article:modified_time\" content=\"2018-03-20T11:58:40+00:00\" \/>\n<meta property=\"og:image\" content=\"https:\/\/www.euroresidentes.com\/empresa\/exito-empresarial\/wp-content\/uploads\/sites\/15\/2007\/10\/fobia-al-ordenador.jpg\" \/>\n\t<meta property=\"og:image:width\" content=\"600\" \/>\n\t<meta property=\"og:image:height\" content=\"450\" \/>\n\t<meta property=\"og:image:type\" content=\"image\/jpeg\" \/>\n<meta name=\"author\" content=\"Euroresidentes\" \/>\n<meta name=\"twitter:card\" content=\"summary_large_image\" \/>\n<meta name=\"twitter:label1\" content=\"Written by\" \/>\n\t<meta name=\"twitter:data1\" content=\"Euroresidentes\" \/>\n\t<meta name=\"twitter:label2\" content=\"Est. reading time\" \/>\n\t<meta name=\"twitter:data2\" content=\"2 minutos\" \/>\n<script type=\"application\/ld+json\" class=\"yoast-schema-graph\">{\"@context\":\"https:\\\/\\\/schema.org\",\"@graph\":[{\"@type\":\"Article\",\"@id\":\"https:\\\/\\\/www.euroresidentes.com\\\/empresa\\\/exito-empresarial\\\/fobia-al-ordenador\\\/#article\",\"isPartOf\":{\"@id\":\"https:\\\/\\\/www.euroresidentes.com\\\/empresa\\\/exito-empresarial\\\/fobia-al-ordenador\\\/\"},\"author\":{\"name\":\"Euroresidentes\",\"@id\":\"https:\\\/\\\/www.euroresidentes.com\\\/empresa\\\/exito-empresarial\\\/#\\\/schema\\\/person\\\/e5b5cb20610d38c9a51e274c437469d8\"},\"headline\":\"Fobia al ordenador\",\"datePublished\":\"2007-10-23T15:57:00+00:00\",\"dateModified\":\"2018-03-20T11:58:40+00:00\",\"mainEntityOfPage\":{\"@id\":\"https:\\\/\\\/www.euroresidentes.com\\\/empresa\\\/exito-empresarial\\\/fobia-al-ordenador\\\/\"},\"wordCount\":335,\"commentCount\":1,\"image\":{\"@id\":\"https:\\\/\\\/www.euroresidentes.com\\\/empresa\\\/exito-empresarial\\\/fobia-al-ordenador\\\/#primaryimage\"},\"thumbnailUrl\":\"https:\\\/\\\/www.euroresidentes.com\\\/empresa\\\/exito-empresarial\\\/wp-content\\\/uploads\\\/sites\\\/15\\\/2007\\\/10\\\/fobia-al-ordenador.jpg\",\"articleSection\":[\"Consejos\"],\"inLanguage\":\"es\",\"potentialAction\":[{\"@type\":\"CommentAction\",\"name\":\"Comment\",\"target\":[\"https:\\\/\\\/www.euroresidentes.com\\\/empresa\\\/exito-empresarial\\\/fobia-al-ordenador\\\/#respond\"]}]},{\"@type\":\"WebPage\",\"@id\":\"https:\\\/\\\/www.euroresidentes.com\\\/empresa\\\/exito-empresarial\\\/fobia-al-ordenador\\\/\",\"url\":\"https:\\\/\\\/www.euroresidentes.com\\\/empresa\\\/exito-empresarial\\\/fobia-al-ordenador\\\/\",\"name\":\"Fobia al ordenador - \u00c9xito Empresarial\",\"isPartOf\":{\"@id\":\"https:\\\/\\\/www.euroresidentes.com\\\/empresa\\\/exito-empresarial\\\/#website\"},\"primaryImageOfPage\":{\"@id\":\"https:\\\/\\\/www.euroresidentes.com\\\/empresa\\\/exito-empresarial\\\/fobia-al-ordenador\\\/#primaryimage\"},\"image\":{\"@id\":\"https:\\\/\\\/www.euroresidentes.com\\\/empresa\\\/exito-empresarial\\\/fobia-al-ordenador\\\/#primaryimage\"},\"thumbnailUrl\":\"https:\\\/\\\/www.euroresidentes.com\\\/empresa\\\/exito-empresarial\\\/wp-content\\\/uploads\\\/sites\\\/15\\\/2007\\\/10\\\/fobia-al-ordenador.jpg\",\"datePublished\":\"2007-10-23T15:57:00+00:00\",\"dateModified\":\"2018-03-20T11:58:40+00:00\",\"author\":{\"@id\":\"https:\\\/\\\/www.euroresidentes.com\\\/empresa\\\/exito-empresarial\\\/#\\\/schema\\\/person\\\/e5b5cb20610d38c9a51e274c437469d8\"},\"breadcrumb\":{\"@id\":\"https:\\\/\\\/www.euroresidentes.com\\\/empresa\\\/exito-empresarial\\\/fobia-al-ordenador\\\/#breadcrumb\"},\"inLanguage\":\"es\",\"potentialAction\":[{\"@type\":\"ReadAction\",\"target\":[\"https:\\\/\\\/www.euroresidentes.com\\\/empresa\\\/exito-empresarial\\\/fobia-al-ordenador\\\/\"]}]},{\"@type\":\"ImageObject\",\"inLanguage\":\"es\",\"@id\":\"https:\\\/\\\/www.euroresidentes.com\\\/empresa\\\/exito-empresarial\\\/fobia-al-ordenador\\\/#primaryimage\",\"url\":\"https:\\\/\\\/www.euroresidentes.com\\\/empresa\\\/exito-empresarial\\\/wp-content\\\/uploads\\\/sites\\\/15\\\/2007\\\/10\\\/fobia-al-ordenador.jpg\",\"contentUrl\":\"https:\\\/\\\/www.euroresidentes.com\\\/empresa\\\/exito-empresarial\\\/wp-content\\\/uploads\\\/sites\\\/15\\\/2007\\\/10\\\/fobia-al-ordenador.jpg\",\"width\":600,\"height\":450,\"caption\":\"Fobia al ordenador euroresidentes\"},{\"@type\":\"BreadcrumbList\",\"@id\":\"https:\\\/\\\/www.euroresidentes.com\\\/empresa\\\/exito-empresarial\\\/fobia-al-ordenador\\\/#breadcrumb\",\"itemListElement\":[{\"@type\":\"ListItem\",\"position\":1,\"name\":\"Portada\",\"item\":\"https:\\\/\\\/www.euroresidentes.com\\\/empresa\\\/exito-empresarial\\\/\"},{\"@type\":\"ListItem\",\"position\":2,\"name\":\"Fobia al ordenador\"}]},{\"@type\":\"WebSite\",\"@id\":\"https:\\\/\\\/www.euroresidentes.com\\\/empresa\\\/exito-empresarial\\\/#website\",\"url\":\"https:\\\/\\\/www.euroresidentes.com\\\/empresa\\\/exito-empresarial\\\/\",\"name\":\"\u00c9xito Empresarial\",\"description\":\"Empresa Euroresidentes\",\"potentialAction\":[{\"@type\":\"SearchAction\",\"target\":{\"@type\":\"EntryPoint\",\"urlTemplate\":\"https:\\\/\\\/www.euroresidentes.com\\\/empresa\\\/exito-empresarial\\\/?s={search_term_string}\"},\"query-input\":{\"@type\":\"PropertyValueSpecification\",\"valueRequired\":true,\"valueName\":\"search_term_string\"}}],\"inLanguage\":\"es\"},{\"@type\":\"Person\",\"@id\":\"https:\\\/\\\/www.euroresidentes.com\\\/empresa\\\/exito-empresarial\\\/#\\\/schema\\\/person\\\/e5b5cb20610d38c9a51e274c437469d8\",\"name\":\"Euroresidentes\",\"image\":{\"@type\":\"ImageObject\",\"inLanguage\":\"es\",\"@id\":\"https:\\\/\\\/www.euroresidentes.com\\\/empresa\\\/exito-empresarial\\\/wp-content\\\/uploads\\\/sites\\\/15\\\/2016\\\/06\\\/logo-euroresidentes-150x150.png\",\"url\":\"https:\\\/\\\/www.euroresidentes.com\\\/empresa\\\/exito-empresarial\\\/wp-content\\\/uploads\\\/sites\\\/15\\\/2016\\\/06\\\/logo-euroresidentes-150x150.png\",\"contentUrl\":\"https:\\\/\\\/www.euroresidentes.com\\\/empresa\\\/exito-empresarial\\\/wp-content\\\/uploads\\\/sites\\\/15\\\/2016\\\/06\\\/logo-euroresidentes-150x150.png\",\"caption\":\"Euroresidentes\"},\"description\":\"EuroresidentesContenidos \u00fatiles que ayudan a resolver las necesidades grandes y peque\u00f1as de la vida cotidiana.\",\"sameAs\":[\"https:\\\/\\\/www.euroresidentes.com\\\/info.htm\"],\"url\":\"https:\\\/\\\/www.euroresidentes.com\\\/empresa\\\/exito-empresarial\\\/author\\\/euroresidentes\\\/\"}]}<\/script>\n<!-- \/ Yoast SEO plugin. -->","yoast_head_json":{"title":"Fobia al ordenador - \u00c9xito Empresarial","robots":{"index":"index","follow":"follow","max-snippet":"max-snippet:-1","max-image-preview":"max-image-preview:large","max-video-preview":"max-video-preview:-1"},"canonical":"https:\/\/www.euroresidentes.com\/empresa\/exito-empresarial\/fobia-al-ordenador\/","og_locale":"es_ES","og_type":"article","og_title":"Fobia al ordenador - \u00c9xito Empresarial","og_description":"Algunos profesionales, altos directivos de grandes empresas, se empe\u00f1an en mantener su fobia al ordenador. Hasta presumen de ello. Su secretar\u00eda de alta direcci\u00f3n les resuelve sin excesivos problemas dicha fobia, administrando el correo u otras utilidades en las que se ven envueltos por imposiciones de la empresa en la que trabajan. \u00bfPuede un alto directivo sobrevivir sin ordenador? El problema de la fobia al ordenador es que se hace acumulativa y si no se vencen las primeras resistencias se va convirtiendo en una barrera infranqueable. \u00bfPuede un alto directivo sobrevivir sin ordenador?. La respuesta es claramente NO. Aunque pueda","og_url":"https:\/\/www.euroresidentes.com\/empresa\/exito-empresarial\/fobia-al-ordenador\/","og_site_name":"\u00c9xito Empresarial","article_publisher":"https:\/\/www.facebook.com\/euroresidentes\/","article_published_time":"2007-10-23T15:57:00+00:00","article_modified_time":"2018-03-20T11:58:40+00:00","og_image":[{"width":600,"height":450,"url":"https:\/\/www.euroresidentes.com\/empresa\/exito-empresarial\/wp-content\/uploads\/sites\/15\/2007\/10\/fobia-al-ordenador.jpg","type":"image\/jpeg"}],"author":"Euroresidentes","twitter_card":"summary_large_image","twitter_misc":{"Written by":"Euroresidentes","Est. reading time":"2 minutos"},"schema":{"@context":"https:\/\/schema.org","@graph":[{"@type":"Article","@id":"https:\/\/www.euroresidentes.com\/empresa\/exito-empresarial\/fobia-al-ordenador\/#article","isPartOf":{"@id":"https:\/\/www.euroresidentes.com\/empresa\/exito-empresarial\/fobia-al-ordenador\/"},"author":{"name":"Euroresidentes","@id":"https:\/\/www.euroresidentes.com\/empresa\/exito-empresarial\/#\/schema\/person\/e5b5cb20610d38c9a51e274c437469d8"},"headline":"Fobia al ordenador","datePublished":"2007-10-23T15:57:00+00:00","dateModified":"2018-03-20T11:58:40+00:00","mainEntityOfPage":{"@id":"https:\/\/www.euroresidentes.com\/empresa\/exito-empresarial\/fobia-al-ordenador\/"},"wordCount":335,"commentCount":1,"image":{"@id":"https:\/\/www.euroresidentes.com\/empresa\/exito-empresarial\/fobia-al-ordenador\/#primaryimage"},"thumbnailUrl":"https:\/\/www.euroresidentes.com\/empresa\/exito-empresarial\/wp-content\/uploads\/sites\/15\/2007\/10\/fobia-al-ordenador.jpg","articleSection":["Consejos"],"inLanguage":"es","potentialAction":[{"@type":"CommentAction","name":"Comment","target":["https:\/\/www.euroresidentes.com\/empresa\/exito-empresarial\/fobia-al-ordenador\/#respond"]}]},{"@type":"WebPage","@id":"https:\/\/www.euroresidentes.com\/empresa\/exito-empresarial\/fobia-al-ordenador\/","url":"https:\/\/www.euroresidentes.com\/empresa\/exito-empresarial\/fobia-al-ordenador\/","name":"Fobia al ordenador - \u00c9xito Empresarial","isPartOf":{"@id":"https:\/\/www.euroresidentes.com\/empresa\/exito-empresarial\/#website"},"primaryImageOfPage":{"@id":"https:\/\/www.euroresidentes.com\/empresa\/exito-empresarial\/fobia-al-ordenador\/#primaryimage"},"image":{"@id":"https:\/\/www.euroresidentes.com\/empresa\/exito-empresarial\/fobia-al-ordenador\/#primaryimage"},"thumbnailUrl":"https:\/\/www.euroresidentes.com\/empresa\/exito-empresarial\/wp-content\/uploads\/sites\/15\/2007\/10\/fobia-al-ordenador.jpg","datePublished":"2007-10-23T15:57:00+00:00","dateModified":"2018-03-20T11:58:40+00:00","author":{"@id":"https:\/\/www.euroresidentes.com\/empresa\/exito-empresarial\/#\/schema\/person\/e5b5cb20610d38c9a51e274c437469d8"},"breadcrumb":{"@id":"https:\/\/www.euroresidentes.com\/empresa\/exito-empresarial\/fobia-al-ordenador\/#breadcrumb"},"inLanguage":"es","potentialAction":[{"@type":"ReadAction","target":["https:\/\/www.euroresidentes.com\/empresa\/exito-empresarial\/fobia-al-ordenador\/"]}]},{"@type":"ImageObject","inLanguage":"es","@id":"https:\/\/www.euroresidentes.com\/empresa\/exito-empresarial\/fobia-al-ordenador\/#primaryimage","url":"https:\/\/www.euroresidentes.com\/empresa\/exito-empresarial\/wp-content\/uploads\/sites\/15\/2007\/10\/fobia-al-ordenador.jpg","contentUrl":"https:\/\/www.euroresidentes.com\/empresa\/exito-empresarial\/wp-content\/uploads\/sites\/15\/2007\/10\/fobia-al-ordenador.jpg","width":600,"height":450,"caption":"Fobia al ordenador euroresidentes"},{"@type":"BreadcrumbList","@id":"https:\/\/www.euroresidentes.com\/empresa\/exito-empresarial\/fobia-al-ordenador\/#breadcrumb","itemListElement":[{"@type":"ListItem","position":1,"name":"Portada","item":"https:\/\/www.euroresidentes.com\/empresa\/exito-empresarial\/"},{"@type":"ListItem","position":2,"name":"Fobia al ordenador"}]},{"@type":"WebSite","@id":"https:\/\/www.euroresidentes.com\/empresa\/exito-empresarial\/#website","url":"https:\/\/www.euroresidentes.com\/empresa\/exito-empresarial\/","name":"\u00c9xito Empresarial","description":"Empresa Euroresidentes","potentialAction":[{"@type":"SearchAction","target":{"@type":"EntryPoint","urlTemplate":"https:\/\/www.euroresidentes.com\/empresa\/exito-empresarial\/?s={search_term_string}"},"query-input":{"@type":"PropertyValueSpecification","valueRequired":true,"valueName":"search_term_string"}}],"inLanguage":"es"},{"@type":"Person","@id":"https:\/\/www.euroresidentes.com\/empresa\/exito-empresarial\/#\/schema\/person\/e5b5cb20610d38c9a51e274c437469d8","name":"Euroresidentes","image":{"@type":"ImageObject","inLanguage":"es","@id":"https:\/\/www.euroresidentes.com\/empresa\/exito-empresarial\/wp-content\/uploads\/sites\/15\/2016\/06\/logo-euroresidentes-150x150.png","url":"https:\/\/www.euroresidentes.com\/empresa\/exito-empresarial\/wp-content\/uploads\/sites\/15\/2016\/06\/logo-euroresidentes-150x150.png","contentUrl":"https:\/\/www.euroresidentes.com\/empresa\/exito-empresarial\/wp-content\/uploads\/sites\/15\/2016\/06\/logo-euroresidentes-150x150.png","caption":"Euroresidentes"},"description":"EuroresidentesContenidos \u00fatiles que ayudan a resolver las necesidades grandes y peque\u00f1as de la vida cotidiana.","sameAs":["https:\/\/www.euroresidentes.com\/info.htm"],"url":"https:\/\/www.euroresidentes.com\/empresa\/exito-empresarial\/author\/euroresidentes\/"}]}},"_links":{"self":[{"href":"https:\/\/www.euroresidentes.com\/empresa\/exito-empresarial\/wp-json\/wp\/v2\/posts\/138","targetHints":{"allow":["GET"]}}],"collection":[{"href":"https:\/\/www.euroresidentes.com\/empresa\/exito-empresarial\/wp-json\/wp\/v2\/posts"}],"about":[{"href":"https:\/\/www.euroresidentes.com\/empresa\/exito-empresarial\/wp-json\/wp\/v2\/types\/post"}],"author":[{"embeddable":true,"href":"https:\/\/www.euroresidentes.com\/empresa\/exito-empresarial\/wp-json\/wp\/v2\/users\/1"}],"replies":[{"embeddable":true,"href":"https:\/\/www.euroresidentes.com\/empresa\/exito-empresarial\/wp-json\/wp\/v2\/comments?post=138"}],"version-history":[{"count":3,"href":"https:\/\/www.euroresidentes.com\/empresa\/exito-empresarial\/wp-json\/wp\/v2\/posts\/138\/revisions"}],"predecessor-version":[{"id":2849,"href":"https:\/\/www.euroresidentes.com\/empresa\/exito-empresarial\/wp-json\/wp\/v2\/posts\/138\/revisions\/2849"}],"wp:featuredmedia":[{"embeddable":true,"href":"https:\/\/www.euroresidentes.com\/empresa\/exito-empresarial\/wp-json\/wp\/v2\/media\/1423"}],"wp:attachment":[{"href":"https:\/\/www.euroresidentes.com\/empresa\/exito-empresarial\/wp-json\/wp\/v2\/media?parent=138"}],"wp:term":[{"taxonomy":"category","embeddable":true,"href":"https:\/\/www.euroresidentes.com\/empresa\/exito-empresarial\/wp-json\/wp\/v2\/categories?post=138"},{"taxonomy":"post_tag","embeddable":true,"href":"https:\/\/www.euroresidentes.com\/empresa\/exito-empresarial\/wp-json\/wp\/v2\/tags?post=138"}],"curies":[{"name":"wp","href":"https:\/\/api.w.org\/{rel}","templated":true}]}}