
{"id":126,"date":"2007-11-12T09:18:00","date_gmt":"2007-11-12T08:18:00","guid":{"rendered":"https:\/\/wp.euroresidentes.com\/empresa\/blog\/2007\/11\/12\/visin-pesimista-de-la-economa-espaola\/"},"modified":"2018-03-20T13:00:50","modified_gmt":"2018-03-20T12:00:50","slug":"visin-pesimista-de-la-economa-espaola","status":"publish","type":"post","link":"https:\/\/www.euroresidentes.com\/empresa\/exito-empresarial\/visin-pesimista-de-la-economa-espaola\/","title":{"rendered":"Visi\u00f3n pesimista de la econom\u00eda espa\u00f1ola"},"content":{"rendered":"<p><a href=\"https:\/\/www.euroresidentes.com\/Blogs\/empresa\/uploaded_images\/vision-pesimista-703722.jpg\"><img decoding=\"async\" style=\"margin: 0pt 10px 10px 0pt;float: left;cursor: pointer\" src=\"https:\/\/www.euroresidentes.com\/Blogs\/empresa\/uploaded_images\/vision-pesimista-703717.jpg\" alt=\"\" border=\"0\" \/><\/a>Ya hemos dado nuestra <a href=\"https:\/\/www.euroresidentes.com\/Blogs\/empresa\/2007\/11\/visin-optimista-de-la-economa-espaola.html\">Visi\u00f3n optimista de la econom\u00eda espa\u00f1ola<\/a> en estos momentos, algunos lectores nos han dicho que, aunque \u00fatiles, \u00abya se encargan de dar esta visi\u00f3n los pol\u00edticos y otros interesados\u00bb, conmin\u00e1ndonos a dar una visi\u00f3n m\u00e1s pesimista de la econom\u00eda espa\u00f1ola, algo que puede ser \u00fatil para extremar la prudencia y ajustar las decisiones en la empresa a la realidad del mercado.<\/p>\n<p>Al respecto ya hemos tratado algunas cuestiones sobre la situaci\u00f3n actual en <a href=\"https:\/\/www.euroresidentes.com\/Blogs\/empresa\/2007\/11\/crisis-financiera.html\">crisis  financiera<\/a>, <a href=\"https:\/\/www.euroresidentes.com\/Blogs\/empresa\/2007\/09\/crisis-de-liquidez.html\">crisis  de liquidez<\/a>, etc. que no vamos a repetir aqu\u00ed. Nos limitaremos a recoger aspectos que constituyen sombras, debilidades y potenciales alteraciones de la econom\u00eda espa\u00f1ola en los momentos actuales.<\/p>\n<p>Datos y hechos negativos sobre la econom\u00eda  espa\u00f1ola<\/p>\n<p>1. Desaceleraci\u00f3n del cr\u00e9dito. Algunas de las consecuencias derivadas de la actual crisis financiera y de liquidez es la desaceleraci\u00f3n de la inversi\u00f3n crediticia, pasando de unos niveles entorno al 30% a menos del 10%.<br \/>2. Desequilibros exteriores. Aunque con mejoras muy recientes, una buena parte de nuestro crecimiento econ\u00f3mico se va por el sector exterior. Nuestro d\u00e9ficits vienen a poner de manifiesto un problema de competitividad. El d\u00e9ficit comercial representa el 9% del PIB y est\u00e1 ligado tambi\u00e9n a una evoluci\u00f3n  no favorable de la productividad.<br \/>3. D\u00e9ficit en la entrada de capitales. Aunque el lado positivo es que nuestro volumen de inversi\u00f3n exterior nos permite refugiarnos en econom\u00edas emergentes muy din\u00e1micas (Brasil, China, India&#8230;), lo cierto es que el saldo negativo entre la inversi\u00f3n directa de Espa\u00f1a en el exterior y la inversi\u00f3n directa del exterior en nuestro pa\u00eds arroya un saldo (2006) de -49.123,5 millones de euros.<br \/>4. Previsiones pesimistas sobre el crecimiento econ\u00f3mico espa\u00f1ol. No todas las previsiones son del tipo FMI, Banco de Espa\u00f1a, Ministerio de Econom\u00eda, etc. Standard &amp; Poor\u00b4s (S&amp;P), la mayor agencia de calificaci\u00f3n financiera del mundo, cree que el tir\u00f3n de la actividad constructora no podr\u00e1 ser suplido con facilidad por la industria y las exportaciones. Vaticina que la econom\u00eda espa\u00f1ola crecer\u00e1 en torno al 2% de aqu\u00ed hasta 2015. Apunta incluso que la econom\u00eda espa\u00f1ola podr\u00eda tardar cinco a\u00f1os en volver a tasas de crecimiento cercanas al 2%.<br \/>5. La inflaci\u00f3n acumulada de la econom\u00eda espa\u00f1ola. Algunos analistas destacan que Espa\u00f1a lidera en la eurozona la inflaci\u00f3n acumulada durante los \u00faltimos a\u00f1os (1999-2006). Frente a 18,4% de media en el conjunto de la zona euro,  en Espa\u00f1a la tasa alcanza el 34,1%  (un 17,7% por encima de dicha media. Estas diferencias en la inflaci\u00f3n acumulada son muy acusadas con respecto a pa\u00edses como Alemania (12,55%), Francia (14,3%), incluso Italia (21,3%). La p\u00e9rdida de competitividad v\u00eda precio en un mercado fundamental para los productos espa\u00f1oles (el de la UE) es un elemento a considerar de cara a fomentar el aumento de las exportaciones. As\u00ed mismo, el diferencial de inflaci\u00f3n acumulada nos indica la importancia de las reformas estructurales pendientes.<br \/>6. La confianza de los consumidores. Subidas de tipos de inter\u00e9s, percepci\u00f3n de debilidad en las compras de viviendas, todo ello obliga a mirar de reojo la situaci\u00f3n del mercado inmobiliario espa\u00f1ol y al evoluci\u00f3n de algunos de los componentes de la demanda (demanda exterior, inmigrantes, etc.).  La falta de confianza de los consumidores podr\u00eda retraer el consumo y las ventas de determinados tipos de bienes.<br \/>7. Desarrollo de Internet y de las nuevas tecnolog\u00edas de la informaci\u00f3n y de las comunicaciones. La carencia de pol\u00edticas efectivas en estas materias est\u00e1 llevando consigo un retraso estructural importante respecto a Europa. Estas deficiencias se traducen en p\u00e9rdidas potenciales de productividad empresarial y una d\u00e9bil posici\u00f3n de esta industria en el mercado mundial.<br \/>8. Carencia de pol\u00edticas activas en favor de la competitividad (I+D, educaci\u00f3n).  Reducidas a fuertes apuestas en infraestructuras, la debilidad de la reformas estructurales e inversiones en la educaci\u00f3n y en las pol\u00edticas de I+D+I, respecto no s\u00f3lo los pa\u00edses m\u00e1s avanzados sino algunas econom\u00edas emergentes, puede dificultar las ganancias   de competividad y de la industria como relevo a la fuerte actividad constructora de los \u00faltimos a\u00f1os.<br \/>9.  Corrupci\u00f3n en el sector inmobiliario. El \u00edndice de percepci\u00f3n de la corrupci\u00f3n en Espa\u00f1a, tras casi una d\u00e9cada de mejora, ha vuelto a retroceder en los \u00faltimos tres a\u00f1os, pasando de 7,1 en 2004 al 6,8 en 2006 (de 0 a 10, siendo 10 un pa\u00eds sin corrupci\u00f3n). Este retroceso se atribuye a la gesti\u00f3n de los proyectos inmobiliarios en los \u00e1mbitos locales.<br \/>10. Emprendedurismo, star -up, patentes, sectores de futuro. La econom\u00eda espa\u00f1ola no presenta indicadores favorables en estas vertientes que favorezcan un mayor protagonismo de la industria y los servicios competitivos.<\/p>\n<p>Temas relacionados con aspectos negativos de la  economia espa\u00f1ola:<\/p>\n<ul>\n<li><a href=\"https:\/\/www.euroresidentes.com\/Blogs\/empresa\/2007\/11\/visin-optimista-de-la-economa-espaola.html\">Visi\u00f3n optimista de la econom\u00eda espa\u00f1ola<\/a><\/li>\n<li><a href=\"https:\/\/www.euroresidentes.com\/Blogs\/empresa\/2006\/11\/2007-cambio-de-ciclo-o-continuidad.html\">Consejos  para afrontar las crisis<\/a> <\/li>\n<li><a href=\"https:\/\/www.euroresidentes.com\/Blogs\/empresa\/2006\/11\/2007-cambio-de-ciclo-o-continuidad.html\">2007:  \u00bfcambio de ciclo o continuidad?<\/a>  <\/li>\n<li><a href=\"https:\/\/www.euroresidentes.com\/Blogs\/empresa\/2006\/11\/las-empresas-y-la-coyuntura-mundial.html\">Las  empresas y la coyuntura mundial<\/a><\/li>\n<\/ul>\n","protected":false},"excerpt":{"rendered":"<p>Ya hemos dado nuestra Visi\u00f3n optimista de la econom\u00eda espa\u00f1ola en estos momentos, algunos lectores nos han dicho que, aunque \u00fatiles, \u00abya se encargan de dar esta visi\u00f3n los pol\u00edticos y otros interesados\u00bb, conmin\u00e1ndonos a dar una visi\u00f3n m\u00e1s pesimista de la econom\u00eda espa\u00f1ola, algo que puede ser \u00fatil para extremar la prudencia y ajustar las decisiones en la empresa a la realidad del mercado. Al respecto ya hemos tratado algunas cuestiones sobre la situaci\u00f3n actual en crisis financiera, crisis de liquidez, etc. que no vamos a repetir aqu\u00ed. Nos limitaremos a recoger aspectos que constituyen sombras, debilidades y potenciales <\/p>\n","protected":false},"author":1,"featured_media":1244,"comment_status":"open","ping_status":"open","sticky":false,"template":"","format":"standard","meta":{"footnotes":""},"categories":[17],"tags":[],"class_list":["post-126","post","type-post","status-publish","format-standard","has-post-thumbnail","hentry","category-coyuntura","has_thumb"],"yoast_head":"<!-- This site is optimized with the Yoast SEO plugin v27.5 - https:\/\/yoast.com\/product\/yoast-seo-wordpress\/ -->\n<title>Visi\u00f3n pesimista de la econom\u00eda espa\u00f1ola - \u00c9xito Empresarial<\/title>\n<meta name=\"robots\" content=\"index, follow, max-snippet:-1, max-image-preview:large, max-video-preview:-1\" \/>\n<link rel=\"canonical\" href=\"https:\/\/www.euroresidentes.com\/empresa\/exito-empresarial\/visin-pesimista-de-la-economa-espaola\/\" \/>\n<meta property=\"og:locale\" content=\"es_ES\" \/>\n<meta property=\"og:type\" content=\"article\" \/>\n<meta property=\"og:title\" content=\"Visi\u00f3n pesimista de la econom\u00eda espa\u00f1ola - \u00c9xito Empresarial\" \/>\n<meta property=\"og:description\" content=\"Ya hemos dado nuestra Visi\u00f3n optimista de la econom\u00eda espa\u00f1ola en estos momentos, algunos lectores nos han dicho que, aunque \u00fatiles, \u00abya se encargan de dar esta visi\u00f3n los pol\u00edticos y otros interesados\u00bb, conmin\u00e1ndonos a dar una visi\u00f3n m\u00e1s pesimista de la econom\u00eda espa\u00f1ola, algo que puede ser \u00fatil para extremar la prudencia y ajustar las decisiones en la empresa a la realidad del mercado. Al respecto ya hemos tratado algunas cuestiones sobre la situaci\u00f3n actual en crisis financiera, crisis de liquidez, etc. que no vamos a repetir aqu\u00ed. Nos limitaremos a recoger aspectos que constituyen sombras, debilidades y potenciales\" \/>\n<meta property=\"og:url\" content=\"https:\/\/www.euroresidentes.com\/empresa\/exito-empresarial\/visin-pesimista-de-la-economa-espaola\/\" \/>\n<meta property=\"og:site_name\" content=\"\u00c9xito Empresarial\" \/>\n<meta property=\"article:publisher\" content=\"https:\/\/www.facebook.com\/euroresidentes\/\" \/>\n<meta property=\"article:published_time\" content=\"2007-11-12T08:18:00+00:00\" \/>\n<meta property=\"article:modified_time\" content=\"2018-03-20T12:00:50+00:00\" \/>\n<meta property=\"og:image\" content=\"https:\/\/www.euroresidentes.com\/empresa\/exito-empresarial\/wp-content\/uploads\/sites\/15\/vision-pesimista-703717.jpg\" \/>\n\t<meta property=\"og:image:width\" content=\"200\" \/>\n\t<meta property=\"og:image:height\" content=\"150\" \/>\n\t<meta property=\"og:image:type\" content=\"image\/jpeg\" \/>\n<meta name=\"author\" content=\"Euroresidentes\" \/>\n<meta name=\"twitter:card\" content=\"summary_large_image\" \/>\n<meta name=\"twitter:label1\" content=\"Written by\" \/>\n\t<meta name=\"twitter:data1\" content=\"Euroresidentes\" \/>\n\t<meta name=\"twitter:label2\" content=\"Est. reading time\" \/>\n\t<meta name=\"twitter:data2\" content=\"4 minutos\" \/>\n<script type=\"application\/ld+json\" class=\"yoast-schema-graph\">{\"@context\":\"https:\\\/\\\/schema.org\",\"@graph\":[{\"@type\":\"Article\",\"@id\":\"https:\\\/\\\/www.euroresidentes.com\\\/empresa\\\/exito-empresarial\\\/visin-pesimista-de-la-economa-espaola\\\/#article\",\"isPartOf\":{\"@id\":\"https:\\\/\\\/www.euroresidentes.com\\\/empresa\\\/exito-empresarial\\\/visin-pesimista-de-la-economa-espaola\\\/\"},\"author\":{\"name\":\"Euroresidentes\",\"@id\":\"https:\\\/\\\/www.euroresidentes.com\\\/empresa\\\/exito-empresarial\\\/#\\\/schema\\\/person\\\/e5b5cb20610d38c9a51e274c437469d8\"},\"headline\":\"Visi\u00f3n pesimista de la econom\u00eda espa\u00f1ola\",\"datePublished\":\"2007-11-12T08:18:00+00:00\",\"dateModified\":\"2018-03-20T12:00:50+00:00\",\"mainEntityOfPage\":{\"@id\":\"https:\\\/\\\/www.euroresidentes.com\\\/empresa\\\/exito-empresarial\\\/visin-pesimista-de-la-economa-espaola\\\/\"},\"wordCount\":866,\"commentCount\":0,\"image\":{\"@id\":\"https:\\\/\\\/www.euroresidentes.com\\\/empresa\\\/exito-empresarial\\\/visin-pesimista-de-la-economa-espaola\\\/#primaryimage\"},\"thumbnailUrl\":\"https:\\\/\\\/www.euroresidentes.com\\\/empresa\\\/exito-empresarial\\\/wp-content\\\/uploads\\\/sites\\\/15\\\/vision-pesimista-703717.jpg\",\"articleSection\":[\"Coyuntura\"],\"inLanguage\":\"es\",\"potentialAction\":[{\"@type\":\"CommentAction\",\"name\":\"Comment\",\"target\":[\"https:\\\/\\\/www.euroresidentes.com\\\/empresa\\\/exito-empresarial\\\/visin-pesimista-de-la-economa-espaola\\\/#respond\"]}]},{\"@type\":\"WebPage\",\"@id\":\"https:\\\/\\\/www.euroresidentes.com\\\/empresa\\\/exito-empresarial\\\/visin-pesimista-de-la-economa-espaola\\\/\",\"url\":\"https:\\\/\\\/www.euroresidentes.com\\\/empresa\\\/exito-empresarial\\\/visin-pesimista-de-la-economa-espaola\\\/\",\"name\":\"Visi\u00f3n pesimista de la econom\u00eda espa\u00f1ola - \u00c9xito Empresarial\",\"isPartOf\":{\"@id\":\"https:\\\/\\\/www.euroresidentes.com\\\/empresa\\\/exito-empresarial\\\/#website\"},\"primaryImageOfPage\":{\"@id\":\"https:\\\/\\\/www.euroresidentes.com\\\/empresa\\\/exito-empresarial\\\/visin-pesimista-de-la-economa-espaola\\\/#primaryimage\"},\"image\":{\"@id\":\"https:\\\/\\\/www.euroresidentes.com\\\/empresa\\\/exito-empresarial\\\/visin-pesimista-de-la-economa-espaola\\\/#primaryimage\"},\"thumbnailUrl\":\"https:\\\/\\\/www.euroresidentes.com\\\/empresa\\\/exito-empresarial\\\/wp-content\\\/uploads\\\/sites\\\/15\\\/vision-pesimista-703717.jpg\",\"datePublished\":\"2007-11-12T08:18:00+00:00\",\"dateModified\":\"2018-03-20T12:00:50+00:00\",\"author\":{\"@id\":\"https:\\\/\\\/www.euroresidentes.com\\\/empresa\\\/exito-empresarial\\\/#\\\/schema\\\/person\\\/e5b5cb20610d38c9a51e274c437469d8\"},\"breadcrumb\":{\"@id\":\"https:\\\/\\\/www.euroresidentes.com\\\/empresa\\\/exito-empresarial\\\/visin-pesimista-de-la-economa-espaola\\\/#breadcrumb\"},\"inLanguage\":\"es\",\"potentialAction\":[{\"@type\":\"ReadAction\",\"target\":[\"https:\\\/\\\/www.euroresidentes.com\\\/empresa\\\/exito-empresarial\\\/visin-pesimista-de-la-economa-espaola\\\/\"]}]},{\"@type\":\"ImageObject\",\"inLanguage\":\"es\",\"@id\":\"https:\\\/\\\/www.euroresidentes.com\\\/empresa\\\/exito-empresarial\\\/visin-pesimista-de-la-economa-espaola\\\/#primaryimage\",\"url\":\"https:\\\/\\\/www.euroresidentes.com\\\/empresa\\\/exito-empresarial\\\/wp-content\\\/uploads\\\/sites\\\/15\\\/vision-pesimista-703717.jpg\",\"contentUrl\":\"https:\\\/\\\/www.euroresidentes.com\\\/empresa\\\/exito-empresarial\\\/wp-content\\\/uploads\\\/sites\\\/15\\\/vision-pesimista-703717.jpg\",\"width\":200,\"height\":150},{\"@type\":\"BreadcrumbList\",\"@id\":\"https:\\\/\\\/www.euroresidentes.com\\\/empresa\\\/exito-empresarial\\\/visin-pesimista-de-la-economa-espaola\\\/#breadcrumb\",\"itemListElement\":[{\"@type\":\"ListItem\",\"position\":1,\"name\":\"Portada\",\"item\":\"https:\\\/\\\/www.euroresidentes.com\\\/empresa\\\/exito-empresarial\\\/\"},{\"@type\":\"ListItem\",\"position\":2,\"name\":\"Visi\u00f3n pesimista de la econom\u00eda espa\u00f1ola\"}]},{\"@type\":\"WebSite\",\"@id\":\"https:\\\/\\\/www.euroresidentes.com\\\/empresa\\\/exito-empresarial\\\/#website\",\"url\":\"https:\\\/\\\/www.euroresidentes.com\\\/empresa\\\/exito-empresarial\\\/\",\"name\":\"\u00c9xito Empresarial\",\"description\":\"Empresa Euroresidentes\",\"potentialAction\":[{\"@type\":\"SearchAction\",\"target\":{\"@type\":\"EntryPoint\",\"urlTemplate\":\"https:\\\/\\\/www.euroresidentes.com\\\/empresa\\\/exito-empresarial\\\/?s={search_term_string}\"},\"query-input\":{\"@type\":\"PropertyValueSpecification\",\"valueRequired\":true,\"valueName\":\"search_term_string\"}}],\"inLanguage\":\"es\"},{\"@type\":\"Person\",\"@id\":\"https:\\\/\\\/www.euroresidentes.com\\\/empresa\\\/exito-empresarial\\\/#\\\/schema\\\/person\\\/e5b5cb20610d38c9a51e274c437469d8\",\"name\":\"Euroresidentes\",\"image\":{\"@type\":\"ImageObject\",\"inLanguage\":\"es\",\"@id\":\"https:\\\/\\\/www.euroresidentes.com\\\/empresa\\\/exito-empresarial\\\/wp-content\\\/uploads\\\/sites\\\/15\\\/2016\\\/06\\\/logo-euroresidentes-150x150.png\",\"url\":\"https:\\\/\\\/www.euroresidentes.com\\\/empresa\\\/exito-empresarial\\\/wp-content\\\/uploads\\\/sites\\\/15\\\/2016\\\/06\\\/logo-euroresidentes-150x150.png\",\"contentUrl\":\"https:\\\/\\\/www.euroresidentes.com\\\/empresa\\\/exito-empresarial\\\/wp-content\\\/uploads\\\/sites\\\/15\\\/2016\\\/06\\\/logo-euroresidentes-150x150.png\",\"caption\":\"Euroresidentes\"},\"description\":\"EuroresidentesContenidos \u00fatiles que ayudan a resolver las necesidades grandes y peque\u00f1as de la vida cotidiana.\",\"sameAs\":[\"https:\\\/\\\/www.euroresidentes.com\\\/info.htm\"],\"url\":\"https:\\\/\\\/www.euroresidentes.com\\\/empresa\\\/exito-empresarial\\\/author\\\/euroresidentes\\\/\"}]}<\/script>\n<!-- \/ Yoast SEO plugin. -->","yoast_head_json":{"title":"Visi\u00f3n pesimista de la econom\u00eda espa\u00f1ola - \u00c9xito Empresarial","robots":{"index":"index","follow":"follow","max-snippet":"max-snippet:-1","max-image-preview":"max-image-preview:large","max-video-preview":"max-video-preview:-1"},"canonical":"https:\/\/www.euroresidentes.com\/empresa\/exito-empresarial\/visin-pesimista-de-la-economa-espaola\/","og_locale":"es_ES","og_type":"article","og_title":"Visi\u00f3n pesimista de la econom\u00eda espa\u00f1ola - \u00c9xito Empresarial","og_description":"Ya hemos dado nuestra Visi\u00f3n optimista de la econom\u00eda espa\u00f1ola en estos momentos, algunos lectores nos han dicho que, aunque \u00fatiles, \u00abya se encargan de dar esta visi\u00f3n los pol\u00edticos y otros interesados\u00bb, conmin\u00e1ndonos a dar una visi\u00f3n m\u00e1s pesimista de la econom\u00eda espa\u00f1ola, algo que puede ser \u00fatil para extremar la prudencia y ajustar las decisiones en la empresa a la realidad del mercado. Al respecto ya hemos tratado algunas cuestiones sobre la situaci\u00f3n actual en crisis financiera, crisis de liquidez, etc. que no vamos a repetir aqu\u00ed. Nos limitaremos a recoger aspectos que constituyen sombras, debilidades y potenciales","og_url":"https:\/\/www.euroresidentes.com\/empresa\/exito-empresarial\/visin-pesimista-de-la-economa-espaola\/","og_site_name":"\u00c9xito Empresarial","article_publisher":"https:\/\/www.facebook.com\/euroresidentes\/","article_published_time":"2007-11-12T08:18:00+00:00","article_modified_time":"2018-03-20T12:00:50+00:00","og_image":[{"width":200,"height":150,"url":"https:\/\/www.euroresidentes.com\/empresa\/exito-empresarial\/wp-content\/uploads\/sites\/15\/vision-pesimista-703717.jpg","type":"image\/jpeg"}],"author":"Euroresidentes","twitter_card":"summary_large_image","twitter_misc":{"Written by":"Euroresidentes","Est. reading time":"4 minutos"},"schema":{"@context":"https:\/\/schema.org","@graph":[{"@type":"Article","@id":"https:\/\/www.euroresidentes.com\/empresa\/exito-empresarial\/visin-pesimista-de-la-economa-espaola\/#article","isPartOf":{"@id":"https:\/\/www.euroresidentes.com\/empresa\/exito-empresarial\/visin-pesimista-de-la-economa-espaola\/"},"author":{"name":"Euroresidentes","@id":"https:\/\/www.euroresidentes.com\/empresa\/exito-empresarial\/#\/schema\/person\/e5b5cb20610d38c9a51e274c437469d8"},"headline":"Visi\u00f3n pesimista de la econom\u00eda espa\u00f1ola","datePublished":"2007-11-12T08:18:00+00:00","dateModified":"2018-03-20T12:00:50+00:00","mainEntityOfPage":{"@id":"https:\/\/www.euroresidentes.com\/empresa\/exito-empresarial\/visin-pesimista-de-la-economa-espaola\/"},"wordCount":866,"commentCount":0,"image":{"@id":"https:\/\/www.euroresidentes.com\/empresa\/exito-empresarial\/visin-pesimista-de-la-economa-espaola\/#primaryimage"},"thumbnailUrl":"https:\/\/www.euroresidentes.com\/empresa\/exito-empresarial\/wp-content\/uploads\/sites\/15\/vision-pesimista-703717.jpg","articleSection":["Coyuntura"],"inLanguage":"es","potentialAction":[{"@type":"CommentAction","name":"Comment","target":["https:\/\/www.euroresidentes.com\/empresa\/exito-empresarial\/visin-pesimista-de-la-economa-espaola\/#respond"]}]},{"@type":"WebPage","@id":"https:\/\/www.euroresidentes.com\/empresa\/exito-empresarial\/visin-pesimista-de-la-economa-espaola\/","url":"https:\/\/www.euroresidentes.com\/empresa\/exito-empresarial\/visin-pesimista-de-la-economa-espaola\/","name":"Visi\u00f3n pesimista de la econom\u00eda espa\u00f1ola - \u00c9xito Empresarial","isPartOf":{"@id":"https:\/\/www.euroresidentes.com\/empresa\/exito-empresarial\/#website"},"primaryImageOfPage":{"@id":"https:\/\/www.euroresidentes.com\/empresa\/exito-empresarial\/visin-pesimista-de-la-economa-espaola\/#primaryimage"},"image":{"@id":"https:\/\/www.euroresidentes.com\/empresa\/exito-empresarial\/visin-pesimista-de-la-economa-espaola\/#primaryimage"},"thumbnailUrl":"https:\/\/www.euroresidentes.com\/empresa\/exito-empresarial\/wp-content\/uploads\/sites\/15\/vision-pesimista-703717.jpg","datePublished":"2007-11-12T08:18:00+00:00","dateModified":"2018-03-20T12:00:50+00:00","author":{"@id":"https:\/\/www.euroresidentes.com\/empresa\/exito-empresarial\/#\/schema\/person\/e5b5cb20610d38c9a51e274c437469d8"},"breadcrumb":{"@id":"https:\/\/www.euroresidentes.com\/empresa\/exito-empresarial\/visin-pesimista-de-la-economa-espaola\/#breadcrumb"},"inLanguage":"es","potentialAction":[{"@type":"ReadAction","target":["https:\/\/www.euroresidentes.com\/empresa\/exito-empresarial\/visin-pesimista-de-la-economa-espaola\/"]}]},{"@type":"ImageObject","inLanguage":"es","@id":"https:\/\/www.euroresidentes.com\/empresa\/exito-empresarial\/visin-pesimista-de-la-economa-espaola\/#primaryimage","url":"https:\/\/www.euroresidentes.com\/empresa\/exito-empresarial\/wp-content\/uploads\/sites\/15\/vision-pesimista-703717.jpg","contentUrl":"https:\/\/www.euroresidentes.com\/empresa\/exito-empresarial\/wp-content\/uploads\/sites\/15\/vision-pesimista-703717.jpg","width":200,"height":150},{"@type":"BreadcrumbList","@id":"https:\/\/www.euroresidentes.com\/empresa\/exito-empresarial\/visin-pesimista-de-la-economa-espaola\/#breadcrumb","itemListElement":[{"@type":"ListItem","position":1,"name":"Portada","item":"https:\/\/www.euroresidentes.com\/empresa\/exito-empresarial\/"},{"@type":"ListItem","position":2,"name":"Visi\u00f3n pesimista de la econom\u00eda espa\u00f1ola"}]},{"@type":"WebSite","@id":"https:\/\/www.euroresidentes.com\/empresa\/exito-empresarial\/#website","url":"https:\/\/www.euroresidentes.com\/empresa\/exito-empresarial\/","name":"\u00c9xito Empresarial","description":"Empresa Euroresidentes","potentialAction":[{"@type":"SearchAction","target":{"@type":"EntryPoint","urlTemplate":"https:\/\/www.euroresidentes.com\/empresa\/exito-empresarial\/?s={search_term_string}"},"query-input":{"@type":"PropertyValueSpecification","valueRequired":true,"valueName":"search_term_string"}}],"inLanguage":"es"},{"@type":"Person","@id":"https:\/\/www.euroresidentes.com\/empresa\/exito-empresarial\/#\/schema\/person\/e5b5cb20610d38c9a51e274c437469d8","name":"Euroresidentes","image":{"@type":"ImageObject","inLanguage":"es","@id":"https:\/\/www.euroresidentes.com\/empresa\/exito-empresarial\/wp-content\/uploads\/sites\/15\/2016\/06\/logo-euroresidentes-150x150.png","url":"https:\/\/www.euroresidentes.com\/empresa\/exito-empresarial\/wp-content\/uploads\/sites\/15\/2016\/06\/logo-euroresidentes-150x150.png","contentUrl":"https:\/\/www.euroresidentes.com\/empresa\/exito-empresarial\/wp-content\/uploads\/sites\/15\/2016\/06\/logo-euroresidentes-150x150.png","caption":"Euroresidentes"},"description":"EuroresidentesContenidos \u00fatiles que ayudan a resolver las necesidades grandes y peque\u00f1as de la vida cotidiana.","sameAs":["https:\/\/www.euroresidentes.com\/info.htm"],"url":"https:\/\/www.euroresidentes.com\/empresa\/exito-empresarial\/author\/euroresidentes\/"}]}},"_links":{"self":[{"href":"https:\/\/www.euroresidentes.com\/empresa\/exito-empresarial\/wp-json\/wp\/v2\/posts\/126","targetHints":{"allow":["GET"]}}],"collection":[{"href":"https:\/\/www.euroresidentes.com\/empresa\/exito-empresarial\/wp-json\/wp\/v2\/posts"}],"about":[{"href":"https:\/\/www.euroresidentes.com\/empresa\/exito-empresarial\/wp-json\/wp\/v2\/types\/post"}],"author":[{"embeddable":true,"href":"https:\/\/www.euroresidentes.com\/empresa\/exito-empresarial\/wp-json\/wp\/v2\/users\/1"}],"replies":[{"embeddable":true,"href":"https:\/\/www.euroresidentes.com\/empresa\/exito-empresarial\/wp-json\/wp\/v2\/comments?post=126"}],"version-history":[{"count":1,"href":"https:\/\/www.euroresidentes.com\/empresa\/exito-empresarial\/wp-json\/wp\/v2\/posts\/126\/revisions"}],"predecessor-version":[{"id":2838,"href":"https:\/\/www.euroresidentes.com\/empresa\/exito-empresarial\/wp-json\/wp\/v2\/posts\/126\/revisions\/2838"}],"wp:featuredmedia":[{"embeddable":true,"href":"https:\/\/www.euroresidentes.com\/empresa\/exito-empresarial\/wp-json\/wp\/v2\/media\/1244"}],"wp:attachment":[{"href":"https:\/\/www.euroresidentes.com\/empresa\/exito-empresarial\/wp-json\/wp\/v2\/media?parent=126"}],"wp:term":[{"taxonomy":"category","embeddable":true,"href":"https:\/\/www.euroresidentes.com\/empresa\/exito-empresarial\/wp-json\/wp\/v2\/categories?post=126"},{"taxonomy":"post_tag","embeddable":true,"href":"https:\/\/www.euroresidentes.com\/empresa\/exito-empresarial\/wp-json\/wp\/v2\/tags?post=126"}],"curies":[{"name":"wp","href":"https:\/\/api.w.org\/{rel}","templated":true}]}}