
{"id":120,"date":"2007-12-23T10:17:00","date_gmt":"2007-12-23T09:17:00","guid":{"rendered":"https:\/\/wp.euroresidentes.com\/empresa\/blog\/2007\/12\/23\/el-bulli-como-empresa\/"},"modified":"2018-03-20T13:15:14","modified_gmt":"2018-03-20T12:15:14","slug":"el-bulli-como-empresa","status":"publish","type":"post","link":"https:\/\/www.euroresidentes.com\/empresa\/exito-empresarial\/el-bulli-como-empresa\/","title":{"rendered":"El Bulli como empresa"},"content":{"rendered":"<p>La historia del <a href=\"https:\/\/www.euroresidentes.com\/restaurantes\/espana\/gerona\/el-bulli.htm\">Restaurante el Bulli<\/a> como empresa y muy especialmente de un empredendor chef llamado Ferr\u00e1n Adri\u00e1 ha superado todas las cotas imaginables. El mejor cocinero del mundo con el mejor restaurante del mundo, <a href=\"https:\/\/www.euroresidentes.com\/Blogs\/alimentacion\/2007\/12\/ferrn-adri-doctor-honoris-causa.html\">Ferr\u00e1n Adri\u00e1 era nombrado doctor honoris causa<\/a> por la Universidad de Barcelona fomentando un paso m\u00e1s en la construcci\u00f3n del mito.<\/p>\n<p><div align=\"center\"><a href=\"https:\/\/www.euroresidentes.com\/empresa\/gestion\/wp-content\/uploads\/sites\/15\/2007\/12\/el-bulli.jpg\"><img loading=\"lazy\" decoding=\"async\" class=\"aligncenter size-full wp-image-1395\" src=\"https:\/\/www.euroresidentes.com\/empresa\/gestion\/wp-content\/uploads\/sites\/15\/2007\/12\/el-bulli.jpg\" alt=\"El Bulli como empresa\" width=\"600\" height=\"450\" srcset=\"https:\/\/www.euroresidentes.com\/empresa\/exito-empresarial\/wp-content\/uploads\/sites\/15\/2007\/12\/el-bulli.jpg 600w, https:\/\/www.euroresidentes.com\/empresa\/exito-empresarial\/wp-content\/uploads\/sites\/15\/2007\/12\/el-bulli-300x225.jpg 300w\" sizes=\"auto, (max-width: 600px) 100vw, 600px\" \/><\/a><\/div>\n<\/p>\n<p><strong>El Bulli como empresa, Ferr\u00e1n Adri\u00e1 como emprendedor<\/strong><\/p>\n<p>\u00bfQu\u00e9 se puede aprender del Bulli como empresa? La idea no es nuestra. Es uno de los 109 v\u00eddeos de la <a href=\"http:\/\/es.youtube.com\/profile?user=banespyme\">Escuela de emprendedores Banespyme en Youtube<\/a>. El v\u00eddeo no obstante, es flojo. Quiz\u00e1s se olvida de resaltar bien la filosof\u00eda empresarial que subyace detr\u00e1s de El Bulli. Vamos a intentarlo:<\/p>\n<ol>\n<li>Innovaci\u00f3n. Ferr\u00e1n Adri\u00e1 es un innovador desde sus inicios que ha sabido hacer de la innovaci\u00f3n un elemento diferencial de su cocina, rompiendo los t\u00f3picos de la cocina internacional y muy particularmente de la cocina francesa anclada en una imagen est\u00e1tica y monopolizadora de liderazgo internacional. La innovaci\u00f3n como concepto ha sido demoledora en el objetivo de ser el n\u00ba 1 mundial y por ello un buen ejemplo para el resto de las empresas.<\/li>\n<li>Investigaci\u00f3n. El primer gran chef mundial que cierra seis meses del a\u00f1o para investigar. Aparte de su Bulli-Taller Nomina adem\u00e1s una c\u00e1tedra en una universidad privada (<a href=\"https:\/\/www.euroresidentes.com\/Blogs\/alimentacion\/2005\/01\/ctedra-ferran-adri.html\">C\u00e1tedra Ferr\u00e1n Adri\u00e1<\/a>) y lidera la Fundaci\u00f3n Alicia cuyo objetivo es la investigaci\u00f3n y b\u00fasqueda de nuevas t\u00e9cnicas en la cocina y la gastronom\u00eda. Esto sucede en el mundo de la cocina, apenas sin antecedentes, algo de los que muchas empresas deber\u00edan tomar nota.<\/li>\n<li>Compartir conocimientos. Adri\u00e1 en un alad\u00edn del principio el conocimiento que se comparte crece. En sus fogones han pasado multitud de disc\u00edpulos que hoy practican y siguen la filosof\u00eda de sus cocina. Lejos de ser competidores han dado extensi\u00f3n y prestigio a su t\u00e9cnicas y a su cocina en general. Su ritmo de innovaci\u00f3n (cambiar la carta cada a\u00f1o) deja pocas posibilidades de incluso a sus disc\u00edpulos m\u00e1s fieles. Mientras en la era de la informaci\u00f3n y el conocimiento, muchas empresas no aciertan a comprender \u00abc\u00f3mo se gestiona el conocimiento\u00bb.<\/li>\n<li>La comunicaci\u00f3n. La imagen del Bulli y del propio Ferr\u00e1n Adri\u00e1 se han convertido en un ejercicio de comunicaci\u00f3n moderna impecable. No s\u00f3lo hay que saber ser el mejor, sino que tambi\u00e9n hay que saber comunicarlo. Portadas de los diarios m\u00e1s influyentes del mundo, reconocimientos \u00fanicos (ver por ejemplo <a href=\"https:\/\/www.euroresidentes.com\/Blogs\/alimentacion\/2007\/06\/ferrn-adri-en-documenta.html\">Ferr\u00e1n Adri\u00e1 en Documenta<\/a>) se suceden dando continuidad y solidez a su liderazgo mundial.<\/li>\n<li>La globalizaci\u00f3n. \u00bfUn restaurante en la globalizaci\u00f3n?. Pues s\u00ed, as\u00ed es. Hoy El Bulli y Ferr\u00e1n Adri\u00e1 son l\u00edderes en Francia, los Estados Unidos, Jap\u00f3n, Australia, etc. Y quiz\u00e1s sea la \u00fanica forma de entender un liderazgo efectivo y permanente. Ferr\u00e1n Adri\u00e1 crea escuela en todos los continentes, participa en numerosos encuentros con otros chefs, Congresos mundiales, etc.<\/li>\n<li>La explotaci\u00f3n de una marca. Hoy el Bulli es algo m\u00e1s que un restaurante. Su actividad llega a Sevilla, a Madrid o al catering Bulli-catering. Hay una capacidad para aprovechar la imagen de marca creada. Y quiz\u00e1s gracias a ello es viable como empresa, dado que un restaurante de las caracter\u00edsticas del Bulli es dif\u00edcil concebirlo desde la perspectiva de la rentabilidad.<\/li>\n<\/ol>\n<p>Quiz\u00e1s si hay buenas razones para pensar que el Bulli es un buen modelo empresarial, un buen caso con buenas pr\u00e1cticas, del que se pueden extraer buenas ideas y estrategias para cualquier empresa.<\/p>\n<p><strong>V\u00eddeo de Ferr\u00e1n Adria en BanesPyme<\/strong><\/p>\n<p><div align=\"center\"><iframe loading=\"lazy\" width=\"420\" height=\"315\" src=\"https:\/\/www.youtube.com\/embed\/bpZunjeg7go\" frameborder=\"0\" allowfullscreen><\/iframe><\/div>\n<\/p>\n<p>Temas relacionados con El Bulli como empresa<\/p>\n<ul>\n<li><a href=\"https:\/\/www.euroresidentes.com\/Blogs\/alimentacion\/2004\/11\/ferrn-adri-lider-indiscutible.html\">Ferr\u00e1n Adri\u00e1 l\u00edder indiscutible<\/a><\/li>\n<li><a href=\"https:\/\/www.euroresidentes.com\/Blogs\/alimentacion\/2007\/06\/ferrn-adri-como-smbolo.html\">Ferr\u00e1n Adri\u00e1 como s\u00edmbolo<\/a><\/li>\n<li><a href=\"https:\/\/www.euroresidentes.com\/Blogs\/alimentacion\/2004\/11\/ferrn-adri-compartir-cultura.html\">Ferr\u00e1n Adri\u00e1 compartir cultura gastron\u00f3mica<\/a><\/li>\n<\/ul>\n","protected":false},"excerpt":{"rendered":"<p>La historia del Restaurante el Bulli como empresa y muy especialmente de un empredendor chef llamado Ferr\u00e1n Adri\u00e1 ha superado todas las cotas imaginables. El mejor cocinero del mundo con el mejor restaurante del mundo, Ferr\u00e1n Adri\u00e1 era nombrado doctor honoris causa por la Universidad de Barcelona fomentando un paso m\u00e1s en la construcci\u00f3n del mito. El Bulli como empresa, Ferr\u00e1n Adri\u00e1 como emprendedor \u00bfQu\u00e9 se puede aprender del Bulli como empresa? La idea no es nuestra. Es uno de los 109 v\u00eddeos de la Escuela de emprendedores Banespyme en Youtube. El v\u00eddeo no obstante, es flojo. Quiz\u00e1s se olvida <\/p>\n","protected":false},"author":1,"featured_media":1395,"comment_status":"open","ping_status":"open","sticky":false,"template":"","format":"standard","meta":{"footnotes":""},"categories":[37,48],"tags":[],"class_list":["post-120","post","type-post","status-publish","format-standard","has-post-thumbnail","hentry","category-estrategias","category-innovacion","has_thumb"],"yoast_head":"<!-- This site is optimized with the Yoast SEO plugin v27.4 - https:\/\/yoast.com\/product\/yoast-seo-wordpress\/ -->\n<title>El Bulli como empresa - \u00c9xito Empresarial<\/title>\n<meta name=\"robots\" content=\"index, follow, max-snippet:-1, max-image-preview:large, max-video-preview:-1\" \/>\n<link rel=\"canonical\" href=\"https:\/\/www.euroresidentes.com\/empresa\/exito-empresarial\/el-bulli-como-empresa\/\" \/>\n<meta property=\"og:locale\" content=\"es_ES\" \/>\n<meta property=\"og:type\" content=\"article\" \/>\n<meta property=\"og:title\" content=\"El Bulli como empresa - \u00c9xito Empresarial\" \/>\n<meta property=\"og:description\" content=\"La historia del Restaurante el Bulli como empresa y muy especialmente de un empredendor chef llamado Ferr\u00e1n Adri\u00e1 ha superado todas las cotas imaginables. El mejor cocinero del mundo con el mejor restaurante del mundo, Ferr\u00e1n Adri\u00e1 era nombrado doctor honoris causa por la Universidad de Barcelona fomentando un paso m\u00e1s en la construcci\u00f3n del mito. El Bulli como empresa, Ferr\u00e1n Adri\u00e1 como emprendedor \u00bfQu\u00e9 se puede aprender del Bulli como empresa? La idea no es nuestra. Es uno de los 109 v\u00eddeos de la Escuela de emprendedores Banespyme en Youtube. El v\u00eddeo no obstante, es flojo. Quiz\u00e1s se olvida\" \/>\n<meta property=\"og:url\" content=\"https:\/\/www.euroresidentes.com\/empresa\/exito-empresarial\/el-bulli-como-empresa\/\" \/>\n<meta property=\"og:site_name\" content=\"\u00c9xito Empresarial\" \/>\n<meta property=\"article:publisher\" content=\"https:\/\/www.facebook.com\/euroresidentes\/\" \/>\n<meta property=\"article:published_time\" content=\"2007-12-23T09:17:00+00:00\" \/>\n<meta property=\"article:modified_time\" content=\"2018-03-20T12:15:14+00:00\" \/>\n<meta property=\"og:image\" content=\"https:\/\/www.euroresidentes.com\/empresa\/exito-empresarial\/wp-content\/uploads\/sites\/15\/2007\/12\/el-bulli.jpg\" \/>\n\t<meta property=\"og:image:width\" content=\"600\" \/>\n\t<meta property=\"og:image:height\" content=\"450\" \/>\n\t<meta property=\"og:image:type\" content=\"image\/jpeg\" \/>\n<meta name=\"author\" content=\"Euroresidentes\" \/>\n<meta name=\"twitter:card\" content=\"summary_large_image\" \/>\n<meta name=\"twitter:label1\" content=\"Written by\" \/>\n\t<meta name=\"twitter:data1\" content=\"Euroresidentes\" \/>\n\t<meta name=\"twitter:label2\" content=\"Est. reading time\" \/>\n\t<meta name=\"twitter:data2\" content=\"3 minutos\" \/>\n<script type=\"application\/ld+json\" class=\"yoast-schema-graph\">{\"@context\":\"https:\\\/\\\/schema.org\",\"@graph\":[{\"@type\":\"Article\",\"@id\":\"https:\\\/\\\/www.euroresidentes.com\\\/empresa\\\/exito-empresarial\\\/el-bulli-como-empresa\\\/#article\",\"isPartOf\":{\"@id\":\"https:\\\/\\\/www.euroresidentes.com\\\/empresa\\\/exito-empresarial\\\/el-bulli-como-empresa\\\/\"},\"author\":{\"name\":\"Euroresidentes\",\"@id\":\"https:\\\/\\\/www.euroresidentes.com\\\/empresa\\\/exito-empresarial\\\/#\\\/schema\\\/person\\\/e5b5cb20610d38c9a51e274c437469d8\"},\"headline\":\"El Bulli como empresa\",\"datePublished\":\"2007-12-23T09:17:00+00:00\",\"dateModified\":\"2018-03-20T12:15:14+00:00\",\"mainEntityOfPage\":{\"@id\":\"https:\\\/\\\/www.euroresidentes.com\\\/empresa\\\/exito-empresarial\\\/el-bulli-como-empresa\\\/\"},\"wordCount\":661,\"commentCount\":3,\"image\":{\"@id\":\"https:\\\/\\\/www.euroresidentes.com\\\/empresa\\\/exito-empresarial\\\/el-bulli-como-empresa\\\/#primaryimage\"},\"thumbnailUrl\":\"https:\\\/\\\/www.euroresidentes.com\\\/empresa\\\/exito-empresarial\\\/wp-content\\\/uploads\\\/sites\\\/15\\\/2007\\\/12\\\/el-bulli.jpg\",\"articleSection\":[\"Estrategias\",\"innovaci\u00f3n\"],\"inLanguage\":\"es\",\"potentialAction\":[{\"@type\":\"CommentAction\",\"name\":\"Comment\",\"target\":[\"https:\\\/\\\/www.euroresidentes.com\\\/empresa\\\/exito-empresarial\\\/el-bulli-como-empresa\\\/#respond\"]}]},{\"@type\":\"WebPage\",\"@id\":\"https:\\\/\\\/www.euroresidentes.com\\\/empresa\\\/exito-empresarial\\\/el-bulli-como-empresa\\\/\",\"url\":\"https:\\\/\\\/www.euroresidentes.com\\\/empresa\\\/exito-empresarial\\\/el-bulli-como-empresa\\\/\",\"name\":\"El Bulli como empresa - \u00c9xito Empresarial\",\"isPartOf\":{\"@id\":\"https:\\\/\\\/www.euroresidentes.com\\\/empresa\\\/exito-empresarial\\\/#website\"},\"primaryImageOfPage\":{\"@id\":\"https:\\\/\\\/www.euroresidentes.com\\\/empresa\\\/exito-empresarial\\\/el-bulli-como-empresa\\\/#primaryimage\"},\"image\":{\"@id\":\"https:\\\/\\\/www.euroresidentes.com\\\/empresa\\\/exito-empresarial\\\/el-bulli-como-empresa\\\/#primaryimage\"},\"thumbnailUrl\":\"https:\\\/\\\/www.euroresidentes.com\\\/empresa\\\/exito-empresarial\\\/wp-content\\\/uploads\\\/sites\\\/15\\\/2007\\\/12\\\/el-bulli.jpg\",\"datePublished\":\"2007-12-23T09:17:00+00:00\",\"dateModified\":\"2018-03-20T12:15:14+00:00\",\"author\":{\"@id\":\"https:\\\/\\\/www.euroresidentes.com\\\/empresa\\\/exito-empresarial\\\/#\\\/schema\\\/person\\\/e5b5cb20610d38c9a51e274c437469d8\"},\"breadcrumb\":{\"@id\":\"https:\\\/\\\/www.euroresidentes.com\\\/empresa\\\/exito-empresarial\\\/el-bulli-como-empresa\\\/#breadcrumb\"},\"inLanguage\":\"es\",\"potentialAction\":[{\"@type\":\"ReadAction\",\"target\":[\"https:\\\/\\\/www.euroresidentes.com\\\/empresa\\\/exito-empresarial\\\/el-bulli-como-empresa\\\/\"]}]},{\"@type\":\"ImageObject\",\"inLanguage\":\"es\",\"@id\":\"https:\\\/\\\/www.euroresidentes.com\\\/empresa\\\/exito-empresarial\\\/el-bulli-como-empresa\\\/#primaryimage\",\"url\":\"https:\\\/\\\/www.euroresidentes.com\\\/empresa\\\/exito-empresarial\\\/wp-content\\\/uploads\\\/sites\\\/15\\\/2007\\\/12\\\/el-bulli.jpg\",\"contentUrl\":\"https:\\\/\\\/www.euroresidentes.com\\\/empresa\\\/exito-empresarial\\\/wp-content\\\/uploads\\\/sites\\\/15\\\/2007\\\/12\\\/el-bulli.jpg\",\"width\":600,\"height\":450,\"caption\":\"El Bulli como empresa\"},{\"@type\":\"BreadcrumbList\",\"@id\":\"https:\\\/\\\/www.euroresidentes.com\\\/empresa\\\/exito-empresarial\\\/el-bulli-como-empresa\\\/#breadcrumb\",\"itemListElement\":[{\"@type\":\"ListItem\",\"position\":1,\"name\":\"Portada\",\"item\":\"https:\\\/\\\/www.euroresidentes.com\\\/empresa\\\/exito-empresarial\\\/\"},{\"@type\":\"ListItem\",\"position\":2,\"name\":\"El Bulli como empresa\"}]},{\"@type\":\"WebSite\",\"@id\":\"https:\\\/\\\/www.euroresidentes.com\\\/empresa\\\/exito-empresarial\\\/#website\",\"url\":\"https:\\\/\\\/www.euroresidentes.com\\\/empresa\\\/exito-empresarial\\\/\",\"name\":\"\u00c9xito Empresarial\",\"description\":\"Empresa Euroresidentes\",\"potentialAction\":[{\"@type\":\"SearchAction\",\"target\":{\"@type\":\"EntryPoint\",\"urlTemplate\":\"https:\\\/\\\/www.euroresidentes.com\\\/empresa\\\/exito-empresarial\\\/?s={search_term_string}\"},\"query-input\":{\"@type\":\"PropertyValueSpecification\",\"valueRequired\":true,\"valueName\":\"search_term_string\"}}],\"inLanguage\":\"es\"},{\"@type\":\"Person\",\"@id\":\"https:\\\/\\\/www.euroresidentes.com\\\/empresa\\\/exito-empresarial\\\/#\\\/schema\\\/person\\\/e5b5cb20610d38c9a51e274c437469d8\",\"name\":\"Euroresidentes\",\"image\":{\"@type\":\"ImageObject\",\"inLanguage\":\"es\",\"@id\":\"https:\\\/\\\/www.euroresidentes.com\\\/empresa\\\/exito-empresarial\\\/wp-content\\\/uploads\\\/sites\\\/15\\\/2016\\\/06\\\/logo-euroresidentes-150x150.png\",\"url\":\"https:\\\/\\\/www.euroresidentes.com\\\/empresa\\\/exito-empresarial\\\/wp-content\\\/uploads\\\/sites\\\/15\\\/2016\\\/06\\\/logo-euroresidentes-150x150.png\",\"contentUrl\":\"https:\\\/\\\/www.euroresidentes.com\\\/empresa\\\/exito-empresarial\\\/wp-content\\\/uploads\\\/sites\\\/15\\\/2016\\\/06\\\/logo-euroresidentes-150x150.png\",\"caption\":\"Euroresidentes\"},\"description\":\"EuroresidentesContenidos \u00fatiles que ayudan a resolver las necesidades grandes y peque\u00f1as de la vida cotidiana.\",\"sameAs\":[\"https:\\\/\\\/www.euroresidentes.com\\\/info.htm\"],\"url\":\"https:\\\/\\\/www.euroresidentes.com\\\/empresa\\\/exito-empresarial\\\/author\\\/euroresidentes\\\/\"}]}<\/script>\n<!-- \/ Yoast SEO plugin. -->","yoast_head_json":{"title":"El Bulli como empresa - \u00c9xito Empresarial","robots":{"index":"index","follow":"follow","max-snippet":"max-snippet:-1","max-image-preview":"max-image-preview:large","max-video-preview":"max-video-preview:-1"},"canonical":"https:\/\/www.euroresidentes.com\/empresa\/exito-empresarial\/el-bulli-como-empresa\/","og_locale":"es_ES","og_type":"article","og_title":"El Bulli como empresa - \u00c9xito Empresarial","og_description":"La historia del Restaurante el Bulli como empresa y muy especialmente de un empredendor chef llamado Ferr\u00e1n Adri\u00e1 ha superado todas las cotas imaginables. El mejor cocinero del mundo con el mejor restaurante del mundo, Ferr\u00e1n Adri\u00e1 era nombrado doctor honoris causa por la Universidad de Barcelona fomentando un paso m\u00e1s en la construcci\u00f3n del mito. El Bulli como empresa, Ferr\u00e1n Adri\u00e1 como emprendedor \u00bfQu\u00e9 se puede aprender del Bulli como empresa? La idea no es nuestra. Es uno de los 109 v\u00eddeos de la Escuela de emprendedores Banespyme en Youtube. El v\u00eddeo no obstante, es flojo. Quiz\u00e1s se olvida","og_url":"https:\/\/www.euroresidentes.com\/empresa\/exito-empresarial\/el-bulli-como-empresa\/","og_site_name":"\u00c9xito Empresarial","article_publisher":"https:\/\/www.facebook.com\/euroresidentes\/","article_published_time":"2007-12-23T09:17:00+00:00","article_modified_time":"2018-03-20T12:15:14+00:00","og_image":[{"width":600,"height":450,"url":"https:\/\/www.euroresidentes.com\/empresa\/exito-empresarial\/wp-content\/uploads\/sites\/15\/2007\/12\/el-bulli.jpg","type":"image\/jpeg"}],"author":"Euroresidentes","twitter_card":"summary_large_image","twitter_misc":{"Written by":"Euroresidentes","Est. reading time":"3 minutos"},"schema":{"@context":"https:\/\/schema.org","@graph":[{"@type":"Article","@id":"https:\/\/www.euroresidentes.com\/empresa\/exito-empresarial\/el-bulli-como-empresa\/#article","isPartOf":{"@id":"https:\/\/www.euroresidentes.com\/empresa\/exito-empresarial\/el-bulli-como-empresa\/"},"author":{"name":"Euroresidentes","@id":"https:\/\/www.euroresidentes.com\/empresa\/exito-empresarial\/#\/schema\/person\/e5b5cb20610d38c9a51e274c437469d8"},"headline":"El Bulli como empresa","datePublished":"2007-12-23T09:17:00+00:00","dateModified":"2018-03-20T12:15:14+00:00","mainEntityOfPage":{"@id":"https:\/\/www.euroresidentes.com\/empresa\/exito-empresarial\/el-bulli-como-empresa\/"},"wordCount":661,"commentCount":3,"image":{"@id":"https:\/\/www.euroresidentes.com\/empresa\/exito-empresarial\/el-bulli-como-empresa\/#primaryimage"},"thumbnailUrl":"https:\/\/www.euroresidentes.com\/empresa\/exito-empresarial\/wp-content\/uploads\/sites\/15\/2007\/12\/el-bulli.jpg","articleSection":["Estrategias","innovaci\u00f3n"],"inLanguage":"es","potentialAction":[{"@type":"CommentAction","name":"Comment","target":["https:\/\/www.euroresidentes.com\/empresa\/exito-empresarial\/el-bulli-como-empresa\/#respond"]}]},{"@type":"WebPage","@id":"https:\/\/www.euroresidentes.com\/empresa\/exito-empresarial\/el-bulli-como-empresa\/","url":"https:\/\/www.euroresidentes.com\/empresa\/exito-empresarial\/el-bulli-como-empresa\/","name":"El Bulli como empresa - \u00c9xito Empresarial","isPartOf":{"@id":"https:\/\/www.euroresidentes.com\/empresa\/exito-empresarial\/#website"},"primaryImageOfPage":{"@id":"https:\/\/www.euroresidentes.com\/empresa\/exito-empresarial\/el-bulli-como-empresa\/#primaryimage"},"image":{"@id":"https:\/\/www.euroresidentes.com\/empresa\/exito-empresarial\/el-bulli-como-empresa\/#primaryimage"},"thumbnailUrl":"https:\/\/www.euroresidentes.com\/empresa\/exito-empresarial\/wp-content\/uploads\/sites\/15\/2007\/12\/el-bulli.jpg","datePublished":"2007-12-23T09:17:00+00:00","dateModified":"2018-03-20T12:15:14+00:00","author":{"@id":"https:\/\/www.euroresidentes.com\/empresa\/exito-empresarial\/#\/schema\/person\/e5b5cb20610d38c9a51e274c437469d8"},"breadcrumb":{"@id":"https:\/\/www.euroresidentes.com\/empresa\/exito-empresarial\/el-bulli-como-empresa\/#breadcrumb"},"inLanguage":"es","potentialAction":[{"@type":"ReadAction","target":["https:\/\/www.euroresidentes.com\/empresa\/exito-empresarial\/el-bulli-como-empresa\/"]}]},{"@type":"ImageObject","inLanguage":"es","@id":"https:\/\/www.euroresidentes.com\/empresa\/exito-empresarial\/el-bulli-como-empresa\/#primaryimage","url":"https:\/\/www.euroresidentes.com\/empresa\/exito-empresarial\/wp-content\/uploads\/sites\/15\/2007\/12\/el-bulli.jpg","contentUrl":"https:\/\/www.euroresidentes.com\/empresa\/exito-empresarial\/wp-content\/uploads\/sites\/15\/2007\/12\/el-bulli.jpg","width":600,"height":450,"caption":"El Bulli como empresa"},{"@type":"BreadcrumbList","@id":"https:\/\/www.euroresidentes.com\/empresa\/exito-empresarial\/el-bulli-como-empresa\/#breadcrumb","itemListElement":[{"@type":"ListItem","position":1,"name":"Portada","item":"https:\/\/www.euroresidentes.com\/empresa\/exito-empresarial\/"},{"@type":"ListItem","position":2,"name":"El Bulli como empresa"}]},{"@type":"WebSite","@id":"https:\/\/www.euroresidentes.com\/empresa\/exito-empresarial\/#website","url":"https:\/\/www.euroresidentes.com\/empresa\/exito-empresarial\/","name":"\u00c9xito Empresarial","description":"Empresa Euroresidentes","potentialAction":[{"@type":"SearchAction","target":{"@type":"EntryPoint","urlTemplate":"https:\/\/www.euroresidentes.com\/empresa\/exito-empresarial\/?s={search_term_string}"},"query-input":{"@type":"PropertyValueSpecification","valueRequired":true,"valueName":"search_term_string"}}],"inLanguage":"es"},{"@type":"Person","@id":"https:\/\/www.euroresidentes.com\/empresa\/exito-empresarial\/#\/schema\/person\/e5b5cb20610d38c9a51e274c437469d8","name":"Euroresidentes","image":{"@type":"ImageObject","inLanguage":"es","@id":"https:\/\/www.euroresidentes.com\/empresa\/exito-empresarial\/wp-content\/uploads\/sites\/15\/2016\/06\/logo-euroresidentes-150x150.png","url":"https:\/\/www.euroresidentes.com\/empresa\/exito-empresarial\/wp-content\/uploads\/sites\/15\/2016\/06\/logo-euroresidentes-150x150.png","contentUrl":"https:\/\/www.euroresidentes.com\/empresa\/exito-empresarial\/wp-content\/uploads\/sites\/15\/2016\/06\/logo-euroresidentes-150x150.png","caption":"Euroresidentes"},"description":"EuroresidentesContenidos \u00fatiles que ayudan a resolver las necesidades grandes y peque\u00f1as de la vida cotidiana.","sameAs":["https:\/\/www.euroresidentes.com\/info.htm"],"url":"https:\/\/www.euroresidentes.com\/empresa\/exito-empresarial\/author\/euroresidentes\/"}]}},"_links":{"self":[{"href":"https:\/\/www.euroresidentes.com\/empresa\/exito-empresarial\/wp-json\/wp\/v2\/posts\/120","targetHints":{"allow":["GET"]}}],"collection":[{"href":"https:\/\/www.euroresidentes.com\/empresa\/exito-empresarial\/wp-json\/wp\/v2\/posts"}],"about":[{"href":"https:\/\/www.euroresidentes.com\/empresa\/exito-empresarial\/wp-json\/wp\/v2\/types\/post"}],"author":[{"embeddable":true,"href":"https:\/\/www.euroresidentes.com\/empresa\/exito-empresarial\/wp-json\/wp\/v2\/users\/1"}],"replies":[{"embeddable":true,"href":"https:\/\/www.euroresidentes.com\/empresa\/exito-empresarial\/wp-json\/wp\/v2\/comments?post=120"}],"version-history":[{"count":4,"href":"https:\/\/www.euroresidentes.com\/empresa\/exito-empresarial\/wp-json\/wp\/v2\/posts\/120\/revisions"}],"predecessor-version":[{"id":2833,"href":"https:\/\/www.euroresidentes.com\/empresa\/exito-empresarial\/wp-json\/wp\/v2\/posts\/120\/revisions\/2833"}],"wp:featuredmedia":[{"embeddable":true,"href":"https:\/\/www.euroresidentes.com\/empresa\/exito-empresarial\/wp-json\/wp\/v2\/media\/1395"}],"wp:attachment":[{"href":"https:\/\/www.euroresidentes.com\/empresa\/exito-empresarial\/wp-json\/wp\/v2\/media?parent=120"}],"wp:term":[{"taxonomy":"category","embeddable":true,"href":"https:\/\/www.euroresidentes.com\/empresa\/exito-empresarial\/wp-json\/wp\/v2\/categories?post=120"},{"taxonomy":"post_tag","embeddable":true,"href":"https:\/\/www.euroresidentes.com\/empresa\/exito-empresarial\/wp-json\/wp\/v2\/tags?post=120"}],"curies":[{"name":"wp","href":"https:\/\/api.w.org\/{rel}","templated":true}]}}