
{"id":896,"date":"2016-11-08T10:00:15","date_gmt":"2016-11-08T09:00:15","guid":{"rendered":"http:\/\/www.euroresidentes.com\/empresa\/derecho-mercantil\/?p=896"},"modified":"2017-03-27T14:38:35","modified_gmt":"2017-03-27T12:38:35","slug":"llega-la-primera-condena-para-volkswagen-por-el-caso-dieselgate","status":"publish","type":"post","link":"https:\/\/www.euroresidentes.com\/empresa\/derecho-mercantil\/llega-la-primera-condena-para-volkswagen-por-el-caso-dieselgate\/","title":{"rendered":"Llega la primera condena para Volkswagen por el caso \u00abdieselgate\u00bb"},"content":{"rendered":"<h4>El Juzgado de Primera Instancia n\u00ba 12 de Valladolid dicta una sentencia donde condena por primera vez a Volkswagen a indemnizar a un afectado por el caso de la manipulaci\u00f3n de emisiones de los veh\u00edculos di\u00e9sel.\u00a0<\/h4>\n<p><a href=\"http:\/\/www.euroresidentes.com\/empresa\/derecho-mercantil\/wp-content\/uploads\/sites\/12\/2016\/11\/caso-Volkswagen.jpg\"><img loading=\"lazy\" decoding=\"async\" class=\"aligncenter size-full wp-image-905\" src=\"http:\/\/www.euroresidentes.com\/empresa\/derecho-mercantil\/wp-content\/uploads\/sites\/12\/2016\/11\/caso-Volkswagen.jpg\" alt=\"caso-Volkswagen\" width=\"700\" height=\"525\" srcset=\"https:\/\/www.euroresidentes.com\/empresa\/derecho-mercantil\/wp-content\/uploads\/sites\/12\/2016\/11\/caso-Volkswagen.jpg 700w, https:\/\/www.euroresidentes.com\/empresa\/derecho-mercantil\/wp-content\/uploads\/sites\/12\/2016\/11\/caso-Volkswagen-300x225.jpg 300w\" sizes=\"auto, (max-width: 700px) 100vw, 700px\" \/><\/a><a href=\"http:\/\/www.euroresidentes.com\/empresa\/derecho-mercantil\/wp-content\/uploads\/sites\/12\/2016\/11\/vw-1665127_1920.jpg\"><br \/><\/a><\/p>\n<p>La sentencia, que se apelar\u00e1 por Volkswagen ante la Audiencia Provincial de Valladolid, obliga a la compa\u00f1\u00eda alemana a resarcir con 5.006 euros al denunciante y a pagar las costas del proceso.<\/p>\n<p><!-- inserta publi --><\/p>\n<p>El propietario de un Audi Q5 Quattro 177 CV S-Tronic interpuso una demanda solicitando que Volkswagen le entregase un veh\u00edculo nuevo de iguales caracter\u00edsticas u otro de categor\u00eda superior, y subsidiariamente, que se resolviera el contrato de compraventa y una indemnizaci\u00f3n por da\u00f1os y perjuicios.<\/p>\n<p>El denunciante no tendr\u00e1 un veh\u00edculo nuevo de iguales caracter\u00edsticas, ni mucho menos otro de categor\u00eda superior, pero s\u00ed que ha sido aceptada por el titular del Juzgado de Primera Instancia n\u00ba12 de Valladolid su pretensi\u00f3n de obtener una indemnizaci\u00f3n por da\u00f1os y perjuicios. Esta indemnizaci\u00f3n ha sido tasada en 5.006 euros por considerar que el veh\u00edculo, que fue adquirido por 50.065 euros, <strong>ha sufrido una depreciaci\u00f3n del 10% por la alteraci\u00f3n del software. <\/strong><\/p>\n<p>Adem\u00e1s de esta indemnizaci\u00f3n, Volkswagen tendr\u00e1 que pagar las costas del proceso. Aunque esto queda en suspenso, pues la compa\u00f1\u00eda alemana ya ha anunciado que recurrir\u00e1 la sentencia ante la Audiencia Provincial de Valladolid.<\/p>\n<h3>Un giro en la jurisprudencia<\/h3>\n<p>Hasta ahora todas las demandas civiles que se hab\u00edan interpuesto contra Volkswagen en Espa\u00f1a le hab\u00edan dado la raz\u00f3n a los concesionarios que vendieron los veh\u00edculos de la compa\u00f1\u00eda alemana. <strong>La pretensi\u00f3n de los compradores de resolver el contrato de compraventa era rechazada una y otra vez<\/strong> por considerar que los veh\u00edculos no ten\u00edan problemas de circulaci\u00f3n y tener la opci\u00f3n de reparar el veh\u00edculo de forma gratuita por el fabricante. Los juzgados, en l\u00edneas generales, argumentaban tambi\u00e9n que la manipulaci\u00f3n en las emisiones de coches di\u00e9sel tampoco supone un grave peligro para el medio ambiente, que los concesionarios desconoc\u00edan los hechos.<\/p>\n<p>Ahora la sentencia dictada por el Juzgado de Primera Instancia n\u00ba 12 de Valladolid da un giro a todas las demandas interpuestas contra Volkswagen, y ofrece con ello una peque\u00f1a esperanza a todos los afectados por el que ha sido considerado uno de los mayores esc\u00e1ndalos automovil\u00edsticos de los \u00faltimos tiempos.<\/p>\n<p>Recordemos que en Espa\u00f1a hay m\u00e1s de 650.000 coches\u00a0 afectados por este fraude, que pertenecen a las cuatros marcas que comercializa la mercantil alemana: Volkswagen, Audi, Seat y Skoda.<\/p>\n<p><!-- inserta publi 2 --><\/p>\n<h3>El argumento de la Sentencia<\/h3>\n<p>Esta pionera sentencia determina que aunque es cierto que el demandante puede circular perfectamente con su veh\u00edculo, ha quedado acreditado que \u201c<em>el Grupo Volkswagen instal\u00f3 un\u00a0 software\u00a0 para burlar el control de las emisiones de part\u00edculas en el tr\u00e1mite de homologaci\u00f3n<\/em>.\u201d<\/p>\n<p>Seg\u00fan el juez que ha dictado la sentencia, este hecho <strong>infringe \u201c<em>los deberes de buena fe<\/em><\/strong><em> en el cumplimiento de las obligaciones que le son propias como vendedora del producto <strong>y afecta a la confianza del consumidor<\/strong>, por el enga\u00f1o a las autoridades de control y al p\u00fablico en general<\/em>.\u201d<\/p>\n<p>La infracci\u00f3n de los deberos de buena fe y la p\u00e9rdida de confianza han sido determinantes para reconocer la indemnizaci\u00f3n a favor del perjudicado.<\/p>\n<p>En definitiva, la sentencia considera l\u00f3gico que el consumidor no quiera aceptar la reparaci\u00f3n gratuita de Volkswagen, y adem\u00e1s, considera probable que un consumidor no hubiese adquirido un veh\u00edculo de haber conocido las pr\u00e1cticas enga\u00f1osas, a pesar de que las sentencias hasta ahora dictadas rechazaban las pretensiones de los consumidores porque, entre otras cosas, \u00e9stos no hab\u00edan probado que eran personas preocupadas por el medio ambiente.<\/p>\n","protected":false},"excerpt":{"rendered":"<p>El Juzgado de Primera Instancia n\u00ba 12 de Valladolid dicta una sentencia donde condena por primera vez a Volkswagen a indemnizar a un afectado por el caso de la manipulaci\u00f3n de emisiones de los veh\u00edculos di\u00e9sel.\u00a0 La sentencia, que se apelar\u00e1 por Volkswagen ante la Audiencia Provincial de Valladolid, obliga a la compa\u00f1\u00eda alemana a resarcir con 5.006 euros al denunciante y a pagar las costas del proceso. El propietario de un Audi Q5 Quattro 177 CV S-Tronic interpuso una demanda solicitando que Volkswagen le entregase un veh\u00edculo nuevo de iguales caracter\u00edsticas u otro de categor\u00eda superior, y subsidiariamente, que <\/p>\n","protected":false},"author":9,"featured_media":905,"comment_status":"open","ping_status":"open","sticky":false,"template":"","format":"standard","meta":{"footnotes":""},"categories":[83],"tags":[],"class_list":["post-896","post","type-post","status-publish","format-standard","has-post-thumbnail","hentry","category-sentencias","has_thumb"],"yoast_head":"<!-- This site is optimized with the Yoast SEO plugin v27.4 - https:\/\/yoast.com\/product\/yoast-seo-wordpress\/ -->\n<title>Llega la primera condena para Volkswagen por el caso &quot;dieselgate&quot; - Derecho Mercantil<\/title>\n<meta name=\"robots\" content=\"index, follow, max-snippet:-1, max-image-preview:large, max-video-preview:-1\" \/>\n<link rel=\"canonical\" href=\"https:\/\/www.euroresidentes.com\/empresa\/derecho-mercantil\/llega-la-primera-condena-para-volkswagen-por-el-caso-dieselgate\/\" \/>\n<meta property=\"og:locale\" content=\"es_ES\" \/>\n<meta property=\"og:type\" content=\"article\" \/>\n<meta property=\"og:title\" content=\"Llega la primera condena para Volkswagen por el caso &quot;dieselgate&quot; - Derecho Mercantil\" \/>\n<meta property=\"og:description\" content=\"El Juzgado de Primera Instancia n\u00ba 12 de Valladolid dicta una sentencia donde condena por primera vez a Volkswagen a indemnizar a un afectado por el caso de la manipulaci\u00f3n de emisiones de los veh\u00edculos di\u00e9sel.\u00a0 La sentencia, que se apelar\u00e1 por Volkswagen ante la Audiencia Provincial de Valladolid, obliga a la compa\u00f1\u00eda alemana a resarcir con 5.006 euros al denunciante y a pagar las costas del proceso. El propietario de un Audi Q5 Quattro 177 CV S-Tronic interpuso una demanda solicitando que Volkswagen le entregase un veh\u00edculo nuevo de iguales caracter\u00edsticas u otro de categor\u00eda superior, y subsidiariamente, que\" \/>\n<meta property=\"og:url\" content=\"https:\/\/www.euroresidentes.com\/empresa\/derecho-mercantil\/llega-la-primera-condena-para-volkswagen-por-el-caso-dieselgate\/\" \/>\n<meta property=\"og:site_name\" content=\"Derecho Mercantil\" \/>\n<meta property=\"article:publisher\" content=\"https:\/\/www.facebook.com\/euroresidentes\/\" \/>\n<meta property=\"article:published_time\" content=\"2016-11-08T09:00:15+00:00\" \/>\n<meta property=\"article:modified_time\" content=\"2017-03-27T12:38:35+00:00\" \/>\n<meta property=\"og:image\" content=\"https:\/\/www.euroresidentes.com\/empresa\/derecho-mercantil\/wp-content\/uploads\/sites\/12\/2016\/11\/caso-Volkswagen.jpg\" \/>\n\t<meta property=\"og:image:width\" content=\"700\" \/>\n\t<meta property=\"og:image:height\" content=\"525\" \/>\n\t<meta property=\"og:image:type\" content=\"image\/jpeg\" \/>\n<meta name=\"author\" content=\"Manuel Pomares\" \/>\n<meta name=\"twitter:card\" content=\"summary_large_image\" \/>\n<meta name=\"twitter:label1\" content=\"Written by\" \/>\n\t<meta name=\"twitter:data1\" content=\"Manuel Pomares\" \/>\n\t<meta name=\"twitter:label2\" content=\"Est. reading time\" \/>\n\t<meta name=\"twitter:data2\" content=\"3 minutos\" \/>\n<script type=\"application\/ld+json\" class=\"yoast-schema-graph\">{\"@context\":\"https:\\\/\\\/schema.org\",\"@graph\":[{\"@type\":\"Article\",\"@id\":\"https:\\\/\\\/www.euroresidentes.com\\\/empresa\\\/derecho-mercantil\\\/llega-la-primera-condena-para-volkswagen-por-el-caso-dieselgate\\\/#article\",\"isPartOf\":{\"@id\":\"https:\\\/\\\/www.euroresidentes.com\\\/empresa\\\/derecho-mercantil\\\/llega-la-primera-condena-para-volkswagen-por-el-caso-dieselgate\\\/\"},\"author\":{\"name\":\"Manuel Pomares\",\"@id\":\"https:\\\/\\\/www.euroresidentes.com\\\/empresa\\\/derecho-mercantil\\\/#\\\/schema\\\/person\\\/1f848038ac5623245414f398a267708f\"},\"headline\":\"Llega la primera condena para Volkswagen por el caso \u00abdieselgate\u00bb\",\"datePublished\":\"2016-11-08T09:00:15+00:00\",\"dateModified\":\"2017-03-27T12:38:35+00:00\",\"mainEntityOfPage\":{\"@id\":\"https:\\\/\\\/www.euroresidentes.com\\\/empresa\\\/derecho-mercantil\\\/llega-la-primera-condena-para-volkswagen-por-el-caso-dieselgate\\\/\"},\"wordCount\":657,\"commentCount\":0,\"image\":{\"@id\":\"https:\\\/\\\/www.euroresidentes.com\\\/empresa\\\/derecho-mercantil\\\/llega-la-primera-condena-para-volkswagen-por-el-caso-dieselgate\\\/#primaryimage\"},\"thumbnailUrl\":\"https:\\\/\\\/www.euroresidentes.com\\\/empresa\\\/derecho-mercantil\\\/wp-content\\\/uploads\\\/sites\\\/12\\\/2016\\\/11\\\/caso-Volkswagen.jpg\",\"articleSection\":[\"SENTENCIAS\"],\"inLanguage\":\"es\",\"potentialAction\":[{\"@type\":\"CommentAction\",\"name\":\"Comment\",\"target\":[\"https:\\\/\\\/www.euroresidentes.com\\\/empresa\\\/derecho-mercantil\\\/llega-la-primera-condena-para-volkswagen-por-el-caso-dieselgate\\\/#respond\"]}]},{\"@type\":\"WebPage\",\"@id\":\"https:\\\/\\\/www.euroresidentes.com\\\/empresa\\\/derecho-mercantil\\\/llega-la-primera-condena-para-volkswagen-por-el-caso-dieselgate\\\/\",\"url\":\"https:\\\/\\\/www.euroresidentes.com\\\/empresa\\\/derecho-mercantil\\\/llega-la-primera-condena-para-volkswagen-por-el-caso-dieselgate\\\/\",\"name\":\"Llega la primera condena para Volkswagen por el caso \\\"dieselgate\\\" - Derecho Mercantil\",\"isPartOf\":{\"@id\":\"https:\\\/\\\/www.euroresidentes.com\\\/empresa\\\/derecho-mercantil\\\/#website\"},\"primaryImageOfPage\":{\"@id\":\"https:\\\/\\\/www.euroresidentes.com\\\/empresa\\\/derecho-mercantil\\\/llega-la-primera-condena-para-volkswagen-por-el-caso-dieselgate\\\/#primaryimage\"},\"image\":{\"@id\":\"https:\\\/\\\/www.euroresidentes.com\\\/empresa\\\/derecho-mercantil\\\/llega-la-primera-condena-para-volkswagen-por-el-caso-dieselgate\\\/#primaryimage\"},\"thumbnailUrl\":\"https:\\\/\\\/www.euroresidentes.com\\\/empresa\\\/derecho-mercantil\\\/wp-content\\\/uploads\\\/sites\\\/12\\\/2016\\\/11\\\/caso-Volkswagen.jpg\",\"datePublished\":\"2016-11-08T09:00:15+00:00\",\"dateModified\":\"2017-03-27T12:38:35+00:00\",\"author\":{\"@id\":\"https:\\\/\\\/www.euroresidentes.com\\\/empresa\\\/derecho-mercantil\\\/#\\\/schema\\\/person\\\/1f848038ac5623245414f398a267708f\"},\"breadcrumb\":{\"@id\":\"https:\\\/\\\/www.euroresidentes.com\\\/empresa\\\/derecho-mercantil\\\/llega-la-primera-condena-para-volkswagen-por-el-caso-dieselgate\\\/#breadcrumb\"},\"inLanguage\":\"es\",\"potentialAction\":[{\"@type\":\"ReadAction\",\"target\":[\"https:\\\/\\\/www.euroresidentes.com\\\/empresa\\\/derecho-mercantil\\\/llega-la-primera-condena-para-volkswagen-por-el-caso-dieselgate\\\/\"]}]},{\"@type\":\"ImageObject\",\"inLanguage\":\"es\",\"@id\":\"https:\\\/\\\/www.euroresidentes.com\\\/empresa\\\/derecho-mercantil\\\/llega-la-primera-condena-para-volkswagen-por-el-caso-dieselgate\\\/#primaryimage\",\"url\":\"https:\\\/\\\/www.euroresidentes.com\\\/empresa\\\/derecho-mercantil\\\/wp-content\\\/uploads\\\/sites\\\/12\\\/2016\\\/11\\\/caso-Volkswagen.jpg\",\"contentUrl\":\"https:\\\/\\\/www.euroresidentes.com\\\/empresa\\\/derecho-mercantil\\\/wp-content\\\/uploads\\\/sites\\\/12\\\/2016\\\/11\\\/caso-Volkswagen.jpg\",\"width\":700,\"height\":525},{\"@type\":\"BreadcrumbList\",\"@id\":\"https:\\\/\\\/www.euroresidentes.com\\\/empresa\\\/derecho-mercantil\\\/llega-la-primera-condena-para-volkswagen-por-el-caso-dieselgate\\\/#breadcrumb\",\"itemListElement\":[{\"@type\":\"ListItem\",\"position\":1,\"name\":\"Portada\",\"item\":\"https:\\\/\\\/www.euroresidentes.com\\\/empresa\\\/derecho-mercantil\\\/\"},{\"@type\":\"ListItem\",\"position\":2,\"name\":\"Llega la primera condena para Volkswagen por el caso \u00abdieselgate\u00bb\"}]},{\"@type\":\"WebSite\",\"@id\":\"https:\\\/\\\/www.euroresidentes.com\\\/empresa\\\/derecho-mercantil\\\/#website\",\"url\":\"https:\\\/\\\/www.euroresidentes.com\\\/empresa\\\/derecho-mercantil\\\/\",\"name\":\"Derecho Mercantil\",\"description\":\"Derecho y Empresa Euroresidentes\",\"potentialAction\":[{\"@type\":\"SearchAction\",\"target\":{\"@type\":\"EntryPoint\",\"urlTemplate\":\"https:\\\/\\\/www.euroresidentes.com\\\/empresa\\\/derecho-mercantil\\\/?s={search_term_string}\"},\"query-input\":{\"@type\":\"PropertyValueSpecification\",\"valueRequired\":true,\"valueName\":\"search_term_string\"}}],\"inLanguage\":\"es\"},{\"@type\":\"Person\",\"@id\":\"https:\\\/\\\/www.euroresidentes.com\\\/empresa\\\/derecho-mercantil\\\/#\\\/schema\\\/person\\\/1f848038ac5623245414f398a267708f\",\"name\":\"Manuel Pomares\",\"image\":{\"@type\":\"ImageObject\",\"inLanguage\":\"es\",\"@id\":\"https:\\\/\\\/www.euroresidentes.com\\\/empresa\\\/derecho-mercantil\\\/wp-content\\\/uploads\\\/sites\\\/12\\\/2016\\\/08\\\/manuel-pomares-abogados-150x150.jpg\",\"url\":\"https:\\\/\\\/www.euroresidentes.com\\\/empresa\\\/derecho-mercantil\\\/wp-content\\\/uploads\\\/sites\\\/12\\\/2016\\\/08\\\/manuel-pomares-abogados-150x150.jpg\",\"contentUrl\":\"https:\\\/\\\/www.euroresidentes.com\\\/empresa\\\/derecho-mercantil\\\/wp-content\\\/uploads\\\/sites\\\/12\\\/2016\\\/08\\\/manuel-pomares-abogados-150x150.jpg\",\"caption\":\"Manuel Pomares\"},\"description\":\"Manuel PomaresAbogado y socio director de la firma Pomares Abogados. Especialista en derecho mercantil-societario, bancario y responsabilidad civil-seguro.\",\"sameAs\":[\"http:\\\/\\\/www.euroresidentes.com\\\/empresa\\\/manuel-pomares-2.html\"],\"url\":\"https:\\\/\\\/www.euroresidentes.com\\\/empresa\\\/derecho-mercantil\\\/author\\\/manuel\\\/\"}]}<\/script>\n<!-- \/ Yoast SEO plugin. -->","yoast_head_json":{"title":"Llega la primera condena para Volkswagen por el caso \"dieselgate\" - Derecho Mercantil","robots":{"index":"index","follow":"follow","max-snippet":"max-snippet:-1","max-image-preview":"max-image-preview:large","max-video-preview":"max-video-preview:-1"},"canonical":"https:\/\/www.euroresidentes.com\/empresa\/derecho-mercantil\/llega-la-primera-condena-para-volkswagen-por-el-caso-dieselgate\/","og_locale":"es_ES","og_type":"article","og_title":"Llega la primera condena para Volkswagen por el caso \"dieselgate\" - Derecho Mercantil","og_description":"El Juzgado de Primera Instancia n\u00ba 12 de Valladolid dicta una sentencia donde condena por primera vez a Volkswagen a indemnizar a un afectado por el caso de la manipulaci\u00f3n de emisiones de los veh\u00edculos di\u00e9sel.\u00a0 La sentencia, que se apelar\u00e1 por Volkswagen ante la Audiencia Provincial de Valladolid, obliga a la compa\u00f1\u00eda alemana a resarcir con 5.006 euros al denunciante y a pagar las costas del proceso. El propietario de un Audi Q5 Quattro 177 CV S-Tronic interpuso una demanda solicitando que Volkswagen le entregase un veh\u00edculo nuevo de iguales caracter\u00edsticas u otro de categor\u00eda superior, y subsidiariamente, que","og_url":"https:\/\/www.euroresidentes.com\/empresa\/derecho-mercantil\/llega-la-primera-condena-para-volkswagen-por-el-caso-dieselgate\/","og_site_name":"Derecho Mercantil","article_publisher":"https:\/\/www.facebook.com\/euroresidentes\/","article_published_time":"2016-11-08T09:00:15+00:00","article_modified_time":"2017-03-27T12:38:35+00:00","og_image":[{"width":700,"height":525,"url":"https:\/\/www.euroresidentes.com\/empresa\/derecho-mercantil\/wp-content\/uploads\/sites\/12\/2016\/11\/caso-Volkswagen.jpg","type":"image\/jpeg"}],"author":"Manuel Pomares","twitter_card":"summary_large_image","twitter_misc":{"Written by":"Manuel Pomares","Est. reading time":"3 minutos"},"schema":{"@context":"https:\/\/schema.org","@graph":[{"@type":"Article","@id":"https:\/\/www.euroresidentes.com\/empresa\/derecho-mercantil\/llega-la-primera-condena-para-volkswagen-por-el-caso-dieselgate\/#article","isPartOf":{"@id":"https:\/\/www.euroresidentes.com\/empresa\/derecho-mercantil\/llega-la-primera-condena-para-volkswagen-por-el-caso-dieselgate\/"},"author":{"name":"Manuel Pomares","@id":"https:\/\/www.euroresidentes.com\/empresa\/derecho-mercantil\/#\/schema\/person\/1f848038ac5623245414f398a267708f"},"headline":"Llega la primera condena para Volkswagen por el caso \u00abdieselgate\u00bb","datePublished":"2016-11-08T09:00:15+00:00","dateModified":"2017-03-27T12:38:35+00:00","mainEntityOfPage":{"@id":"https:\/\/www.euroresidentes.com\/empresa\/derecho-mercantil\/llega-la-primera-condena-para-volkswagen-por-el-caso-dieselgate\/"},"wordCount":657,"commentCount":0,"image":{"@id":"https:\/\/www.euroresidentes.com\/empresa\/derecho-mercantil\/llega-la-primera-condena-para-volkswagen-por-el-caso-dieselgate\/#primaryimage"},"thumbnailUrl":"https:\/\/www.euroresidentes.com\/empresa\/derecho-mercantil\/wp-content\/uploads\/sites\/12\/2016\/11\/caso-Volkswagen.jpg","articleSection":["SENTENCIAS"],"inLanguage":"es","potentialAction":[{"@type":"CommentAction","name":"Comment","target":["https:\/\/www.euroresidentes.com\/empresa\/derecho-mercantil\/llega-la-primera-condena-para-volkswagen-por-el-caso-dieselgate\/#respond"]}]},{"@type":"WebPage","@id":"https:\/\/www.euroresidentes.com\/empresa\/derecho-mercantil\/llega-la-primera-condena-para-volkswagen-por-el-caso-dieselgate\/","url":"https:\/\/www.euroresidentes.com\/empresa\/derecho-mercantil\/llega-la-primera-condena-para-volkswagen-por-el-caso-dieselgate\/","name":"Llega la primera condena para Volkswagen por el caso \"dieselgate\" - Derecho Mercantil","isPartOf":{"@id":"https:\/\/www.euroresidentes.com\/empresa\/derecho-mercantil\/#website"},"primaryImageOfPage":{"@id":"https:\/\/www.euroresidentes.com\/empresa\/derecho-mercantil\/llega-la-primera-condena-para-volkswagen-por-el-caso-dieselgate\/#primaryimage"},"image":{"@id":"https:\/\/www.euroresidentes.com\/empresa\/derecho-mercantil\/llega-la-primera-condena-para-volkswagen-por-el-caso-dieselgate\/#primaryimage"},"thumbnailUrl":"https:\/\/www.euroresidentes.com\/empresa\/derecho-mercantil\/wp-content\/uploads\/sites\/12\/2016\/11\/caso-Volkswagen.jpg","datePublished":"2016-11-08T09:00:15+00:00","dateModified":"2017-03-27T12:38:35+00:00","author":{"@id":"https:\/\/www.euroresidentes.com\/empresa\/derecho-mercantil\/#\/schema\/person\/1f848038ac5623245414f398a267708f"},"breadcrumb":{"@id":"https:\/\/www.euroresidentes.com\/empresa\/derecho-mercantil\/llega-la-primera-condena-para-volkswagen-por-el-caso-dieselgate\/#breadcrumb"},"inLanguage":"es","potentialAction":[{"@type":"ReadAction","target":["https:\/\/www.euroresidentes.com\/empresa\/derecho-mercantil\/llega-la-primera-condena-para-volkswagen-por-el-caso-dieselgate\/"]}]},{"@type":"ImageObject","inLanguage":"es","@id":"https:\/\/www.euroresidentes.com\/empresa\/derecho-mercantil\/llega-la-primera-condena-para-volkswagen-por-el-caso-dieselgate\/#primaryimage","url":"https:\/\/www.euroresidentes.com\/empresa\/derecho-mercantil\/wp-content\/uploads\/sites\/12\/2016\/11\/caso-Volkswagen.jpg","contentUrl":"https:\/\/www.euroresidentes.com\/empresa\/derecho-mercantil\/wp-content\/uploads\/sites\/12\/2016\/11\/caso-Volkswagen.jpg","width":700,"height":525},{"@type":"BreadcrumbList","@id":"https:\/\/www.euroresidentes.com\/empresa\/derecho-mercantil\/llega-la-primera-condena-para-volkswagen-por-el-caso-dieselgate\/#breadcrumb","itemListElement":[{"@type":"ListItem","position":1,"name":"Portada","item":"https:\/\/www.euroresidentes.com\/empresa\/derecho-mercantil\/"},{"@type":"ListItem","position":2,"name":"Llega la primera condena para Volkswagen por el caso \u00abdieselgate\u00bb"}]},{"@type":"WebSite","@id":"https:\/\/www.euroresidentes.com\/empresa\/derecho-mercantil\/#website","url":"https:\/\/www.euroresidentes.com\/empresa\/derecho-mercantil\/","name":"Derecho Mercantil","description":"Derecho y Empresa Euroresidentes","potentialAction":[{"@type":"SearchAction","target":{"@type":"EntryPoint","urlTemplate":"https:\/\/www.euroresidentes.com\/empresa\/derecho-mercantil\/?s={search_term_string}"},"query-input":{"@type":"PropertyValueSpecification","valueRequired":true,"valueName":"search_term_string"}}],"inLanguage":"es"},{"@type":"Person","@id":"https:\/\/www.euroresidentes.com\/empresa\/derecho-mercantil\/#\/schema\/person\/1f848038ac5623245414f398a267708f","name":"Manuel Pomares","image":{"@type":"ImageObject","inLanguage":"es","@id":"https:\/\/www.euroresidentes.com\/empresa\/derecho-mercantil\/wp-content\/uploads\/sites\/12\/2016\/08\/manuel-pomares-abogados-150x150.jpg","url":"https:\/\/www.euroresidentes.com\/empresa\/derecho-mercantil\/wp-content\/uploads\/sites\/12\/2016\/08\/manuel-pomares-abogados-150x150.jpg","contentUrl":"https:\/\/www.euroresidentes.com\/empresa\/derecho-mercantil\/wp-content\/uploads\/sites\/12\/2016\/08\/manuel-pomares-abogados-150x150.jpg","caption":"Manuel Pomares"},"description":"Manuel PomaresAbogado y socio director de la firma Pomares Abogados. Especialista en derecho mercantil-societario, bancario y responsabilidad civil-seguro.","sameAs":["http:\/\/www.euroresidentes.com\/empresa\/manuel-pomares-2.html"],"url":"https:\/\/www.euroresidentes.com\/empresa\/derecho-mercantil\/author\/manuel\/"}]}},"_links":{"self":[{"href":"https:\/\/www.euroresidentes.com\/empresa\/derecho-mercantil\/wp-json\/wp\/v2\/posts\/896","targetHints":{"allow":["GET"]}}],"collection":[{"href":"https:\/\/www.euroresidentes.com\/empresa\/derecho-mercantil\/wp-json\/wp\/v2\/posts"}],"about":[{"href":"https:\/\/www.euroresidentes.com\/empresa\/derecho-mercantil\/wp-json\/wp\/v2\/types\/post"}],"author":[{"embeddable":true,"href":"https:\/\/www.euroresidentes.com\/empresa\/derecho-mercantil\/wp-json\/wp\/v2\/users\/9"}],"replies":[{"embeddable":true,"href":"https:\/\/www.euroresidentes.com\/empresa\/derecho-mercantil\/wp-json\/wp\/v2\/comments?post=896"}],"version-history":[{"count":6,"href":"https:\/\/www.euroresidentes.com\/empresa\/derecho-mercantil\/wp-json\/wp\/v2\/posts\/896\/revisions"}],"predecessor-version":[{"id":906,"href":"https:\/\/www.euroresidentes.com\/empresa\/derecho-mercantil\/wp-json\/wp\/v2\/posts\/896\/revisions\/906"}],"wp:featuredmedia":[{"embeddable":true,"href":"https:\/\/www.euroresidentes.com\/empresa\/derecho-mercantil\/wp-json\/wp\/v2\/media\/905"}],"wp:attachment":[{"href":"https:\/\/www.euroresidentes.com\/empresa\/derecho-mercantil\/wp-json\/wp\/v2\/media?parent=896"}],"wp:term":[{"taxonomy":"category","embeddable":true,"href":"https:\/\/www.euroresidentes.com\/empresa\/derecho-mercantil\/wp-json\/wp\/v2\/categories?post=896"},{"taxonomy":"post_tag","embeddable":true,"href":"https:\/\/www.euroresidentes.com\/empresa\/derecho-mercantil\/wp-json\/wp\/v2\/tags?post=896"}],"curies":[{"name":"wp","href":"https:\/\/api.w.org\/{rel}","templated":true}]}}