
{"id":8,"date":"2015-11-24T10:21:00","date_gmt":"2015-11-24T09:21:00","guid":{"rendered":""},"modified":"2017-03-27T14:30:53","modified_gmt":"2017-03-27T12:30:53","slug":"el-nuevo-baremo-de-trafico-afectara-a-particulares-y-a-empresas","status":"publish","type":"post","link":"https:\/\/www.euroresidentes.com\/empresa\/derecho-mercantil\/el-nuevo-baremo-de-trafico-afectara-a-particulares-y-a-empresas\/","title":{"rendered":"El nuevo baremo de tr\u00e1fico afectar\u00e1 a particulares y a empresas"},"content":{"rendered":"<p>Con la nueva Ley 35\/2015 por la que se aprueba el baremo de indemnizaciones por accidentes de tr\u00e1fico que entra en vigor el pr\u00f3ximo 1 de enero de 2016, se introducen importantes modificaciones en lo que respecta a las cantidades y coberturas legales por las lesiones producidas en accidentes de tr\u00e1fico.<\/p>\n<p style=\"text-align: center;\"><a href=\"http:\/\/www.euroresidentes.com\/empresa\/derecho-mercantil\/wp-content\/uploads\/sites\/12\/2015\/11\/derecho-empresa-euroresidentes.jpg\"><img loading=\"lazy\" decoding=\"async\" class=\"aligncenter size-full wp-image-85\" src=\"http:\/\/www.euroresidentes.com\/empresa\/derecho-mercantil\/wp-content\/uploads\/sites\/12\/2015\/11\/derecho-empresa-euroresidentes.jpg\" alt=\"derecho-empresa-euroresidentes\" width=\"600\" height=\"450\" srcset=\"https:\/\/www.euroresidentes.com\/empresa\/derecho-mercantil\/wp-content\/uploads\/sites\/12\/2015\/11\/derecho-empresa-euroresidentes.jpg 600w, https:\/\/www.euroresidentes.com\/empresa\/derecho-mercantil\/wp-content\/uploads\/sites\/12\/2015\/11\/derecho-empresa-euroresidentes-300x225.jpg 300w\" sizes=\"auto, (max-width: 600px) 100vw, 600px\" \/><\/a><\/p>\n<p>Las novedades afectan especialmente a la cuant\u00eda de la indemnizaci\u00f3n, al proceso de para reclamar dichas indemnizaciones y a los concepto y coberturas personales y patrimoniales para la reparaci\u00f3n del da\u00f1o.<\/p>\n<p>En primer lugar, el nuevo baremo actualiza y pone al d\u00eda la cuant\u00eda de dichas indemnizaciones. Esto se traduce en un aumento considerable de las cantidades que deber\u00e1n pagar las aseguradoras (y en caso de no existir cobertura, deber\u00e1n pagar los particulares y empresas titulares de los veh\u00edculos causantes del accidente). En general, este incremento se cifra en un 20% m\u00e1s con respecto de las cantidades previstas en la legislaci\u00f3n del 2004, vigente hasta la fecha. Sin embargo, hay que destacar que el aumento que ofrece el nuevo Baremo no es tan elevado en las \u201clesiones menores\u201d como en las \u201clesiones mayores\u201d, siendo las primeras las m\u00e1s frecuentes en la \u201cpr\u00e1ctica viaria\u201d.<\/p>\n<p>Se trata de una decisi\u00f3n del legislador, que en general ha sido acogida con los brazos abiertos por los asegurados, pero no lo ha sido tanto por las compa\u00f1\u00edas aseguradoras, que ver\u00e1n como las indemnizaciones que tengan que abonar ser\u00e1 superior a las que ven\u00edan abonando hasta ahora.<\/p>\n<p>Como hemos anticipado, la repercusi\u00f3n que esta modificaci\u00f3n puede tener en las empresas se refiere a los supuestos en los que no exista cobertura del seguro, bien porque dicho seguro jam\u00e1s se contrat\u00f3, bien porque haya expirado el periodo de vigencia del contrato, bien porque en el accidente haya concurrido alg\u00fan causa por la que la compa\u00f1\u00eda aseguradora pueda \u201crepetir\u201d contra el asegurado, esto es, reclamar a este lo pagado a un tercero. Estos supuestos no son infrecuentes en la pr\u00e1ctica. Si nos referimos al caso de las empresas, pi\u00e9nsese en el supuesto en el que el conductor de un veh\u00edculo industrial titularidad de la empresa, ocasiona un accidente y se demuestra que conduc\u00eda bajo los efectos del alcohol. Suele ser habitual en estos casos que la empresa titular del veh\u00edculo acabe respondiendo por los da\u00f1os y lesiones ocasionadas.<\/p>\n<p>En segundo lugar y por lo que respecta al proceso para reclamar dichas indemnizaciones, la nueva Ley establece un sistema de reparaci\u00f3n del da\u00f1o m\u00e1s r\u00e1pido y \u00e1gil. En este sentido, las aseguradoras deben realizar una oferta motivada al lesionado en un plazo m\u00e1ximo de tres meses desde que este se pone en contacto con la aseguradora para comunicarle las circunstancias del accidente. En tal caso, la aseguradora puede hacer dos cosas: realizar una oferta motivada justificando el porqu\u00e9 de dicha indemnizaci\u00f3n o bien realizar una respuesta denegatoria motivada, exponiendo los motivos por los que no asume pagar indemnizaci\u00f3n alguna.<\/p>\n<p>En caso de que el perjudicado no acepte la propuesta de indemnizaci\u00f3n o la respuesta denegatoria de la aseguradora, la nueva Ley prev\u00e9 la posibilidad de acudir a la mediaci\u00f3n, a fin de llegar a un acuerdo y, en el caso de que fracase la mediaci\u00f3n, quedar\u00e1 libre la v\u00eda judicial para reclamar la indemnizaci\u00f3n. A pocos d\u00edas de su entrada en vigor, las expectativas sobre la eficacia de esta mediaci\u00f3n voluntaria no son muy halag\u00fce\u00f1as.<\/p>\n<p>En tercer lugar, el concepto de reparaci\u00f3n de los da\u00f1os personales y patrimoniales del perjudicado tambi\u00e9n ha sufrido importantes variaciones.<br \/>\nEn lo que respecta a los da\u00f1os personales, la Ley distingue entre tres categor\u00edas de lesionados: muerte del afectado; secuelas o lesiones permanentes; y lesiones temporales.<\/p>\n<div align=\"center\"><a href=\"http:\/\/www.euroresidentes.com\/empresa\/derecho-mercantil\/wp-content\/uploads\/sites\/12\/2015\/11\/car-crash.jpg\"><img loading=\"lazy\" decoding=\"async\" class=\"aligncenter size-full wp-image-86\" src=\"http:\/\/www.euroresidentes.com\/empresa\/derecho-mercantil\/wp-content\/uploads\/sites\/12\/2015\/11\/car-crash.jpg\" alt=\"car-crash\" width=\"650\" height=\"400\" srcset=\"https:\/\/www.euroresidentes.com\/empresa\/derecho-mercantil\/wp-content\/uploads\/sites\/12\/2015\/11\/car-crash.jpg 650w, https:\/\/www.euroresidentes.com\/empresa\/derecho-mercantil\/wp-content\/uploads\/sites\/12\/2015\/11\/car-crash-300x185.jpg 300w\" sizes=\"auto, (max-width: 650px) 100vw, 650px\" \/><\/a><\/div>\n<p>En caso de muerte, se introducen las siguientes modificaciones:<\/p>\n<p>&#8211; Distingue entre perjuicio patrimonial b\u00e1sico o gastos razonables derivados del fallecimiento, compensados con una cantidad m\u00ednima de 400 euros y los gastos espec\u00edficos, que incluyen el traslado del fallecido, repatriaci\u00f3n, entierro y funeral.<br \/>\n&#8211; Se mejoran las percepciones econ\u00f3micas de la indemnizaci\u00f3n.<\/p>\n<p>En caso de secuelas o lesiones permanentes:<\/p>\n<p>&#8211; Se da una mayor cobertura al gran lesionado, esto es, lesionados con importantes secuelas permanentes como por ejemplo una persona que queda parapl\u00e9jica. As\u00ed pues, se mejora la cobertura de los gastos m\u00e9dicos futuros (da\u00f1os emergentes).<br \/>\n&#8211; Se aumenta la cantidad de las coberturas sanitarias como consecuencia de la disminuci\u00f3n de la calidad de vida, como puede ser el uso de pr\u00f3tesis.<br \/>\n&#8211; Adecuaci\u00f3n de la indemnizaci\u00f3n del baremo al estado actual de la ciencia.<\/p>\n<p>En caso de las lesiones temporales la norma distingue entre gastos de asistencia sanitaria y otros gastos diversos resarcibles, es decir, todos aquellos necesarios y razonables que genere la lesi\u00f3n en el desarrollo ordinario de la vida diaria, como por ejemplo, el incremento de costes de movilidad del lesionado, los desplazamientos de familiares para atenderle, gastos para atender a los familiares menores o especialmente vulnerables de los que se ocupaba el lesionado, etc.<\/p>\n<p>En lo que respecta a los da\u00f1os patrimoniales, la nueva Ley diferencia dos categor\u00edas: el lucro cesante y los perjuicios extrapatrimoniales o morales.<\/p>\n<p>Respecto al lucro cesante la nueva norma considera por primera vez a las amas de casa y a los j\u00f3venes menores de 30 a\u00f1os que no se hayan introducido al mercado laboral. Tomando como referencia para calcular la indemnizaci\u00f3n el Salario M\u00ednimo Interprofesional.<\/p>\n<p>Con respecto a los da\u00f1os extrapatrimoniales o morales:<\/p>\n<p>&#8211; Se incluye la reestructuraci\u00f3n del perjuicio personal b\u00e1sico en las indemnizaciones por causa de muerte y de su relaci\u00f3n con los perjuicios particulares que ahora se ampl\u00edan.<br \/>\n&#8211; Se hace una clasificaci\u00f3n de los perjudicados en accidentes de tr\u00e1fico en cinco categor\u00edas aut\u00f3nomas: c\u00f3nyuge, ascendientes, descendientes, hermanos y allegados. Considera que \u00e9stos sufren siempre un perjuicio resarcible y de la misma cuant\u00eda con independencia de que concurran o no con otras categor\u00edas de perjudicados<\/p>\n<p>En definitiva, todas estas modificaciones vienen a dar cobertura a las nuevas situaciones que se dan en la pr\u00e1ctica actual. Con las nuevas indemnizaciones, los perjudicados ver\u00e1n como las indemnizaciones que tengan a percibir son superiores hasta las que ahora se vienen percibiendo.<\/p>\n<p>No cabe duda de que el nuevo sistema de pago de dichas indemnizaciones pretende agilizar su cobro, sin embargo, no est\u00e1 del todo claro entre los expertos en la materia, que la nueva posibilidad de mediaci\u00f3n vaya a oxigenar nuestros ya desbordados Juzgados, dado que las compa\u00f1\u00edas aseguradoras tienden a ofrecer resistencia ante las peticiones de indemnizaci\u00f3n, especialmente, en los casos de lesiones menores. Veremos el pr\u00f3ximo a\u00f1o, si la nuevas modificaciones cubren las exigencias de los afectados y las aseguradoras no ponen excesivas trabas.<\/p>\n","protected":false},"excerpt":{"rendered":"<p>Con la nueva Ley 35\/2015 por la que se aprueba el baremo de indemnizaciones por accidentes de tr\u00e1fico que entra en vigor el pr\u00f3ximo 1 de enero de 2016, se introducen importantes modificaciones en lo que respecta a las cantidades y coberturas legales por las lesiones producidas en accidentes de tr\u00e1fico. Las novedades afectan especialmente a la cuant\u00eda de la indemnizaci\u00f3n, al proceso de para reclamar dichas indemnizaciones y a los concepto y coberturas personales y patrimoniales para la reparaci\u00f3n del da\u00f1o. En primer lugar, el nuevo baremo actualiza y pone al d\u00eda la cuant\u00eda de dichas indemnizaciones. Esto se <\/p>\n","protected":false},"author":9,"featured_media":85,"comment_status":"open","ping_status":"open","sticky":false,"template":"","format":"standard","meta":{"footnotes":""},"categories":[15],"tags":[],"class_list":["post-8","post","type-post","status-publish","format-standard","has-post-thumbnail","hentry","category-general","has_thumb"],"yoast_head":"<!-- This site is optimized with the Yoast SEO plugin v27.4 - https:\/\/yoast.com\/product\/yoast-seo-wordpress\/ -->\n<title>El nuevo baremo de tr\u00e1fico afectar\u00e1 a particulares y a empresas - Derecho Mercantil<\/title>\n<meta name=\"robots\" content=\"index, follow, max-snippet:-1, max-image-preview:large, max-video-preview:-1\" \/>\n<link rel=\"canonical\" href=\"https:\/\/www.euroresidentes.com\/empresa\/derecho-mercantil\/el-nuevo-baremo-de-trafico-afectara-a-particulares-y-a-empresas\/\" \/>\n<meta property=\"og:locale\" content=\"es_ES\" \/>\n<meta property=\"og:type\" content=\"article\" \/>\n<meta property=\"og:title\" content=\"El nuevo baremo de tr\u00e1fico afectar\u00e1 a particulares y a empresas - Derecho Mercantil\" \/>\n<meta property=\"og:description\" content=\"Con la nueva Ley 35\/2015 por la que se aprueba el baremo de indemnizaciones por accidentes de tr\u00e1fico que entra en vigor el pr\u00f3ximo 1 de enero de 2016, se introducen importantes modificaciones en lo que respecta a las cantidades y coberturas legales por las lesiones producidas en accidentes de tr\u00e1fico. Las novedades afectan especialmente a la cuant\u00eda de la indemnizaci\u00f3n, al proceso de para reclamar dichas indemnizaciones y a los concepto y coberturas personales y patrimoniales para la reparaci\u00f3n del da\u00f1o. En primer lugar, el nuevo baremo actualiza y pone al d\u00eda la cuant\u00eda de dichas indemnizaciones. Esto se\" \/>\n<meta property=\"og:url\" content=\"https:\/\/www.euroresidentes.com\/empresa\/derecho-mercantil\/el-nuevo-baremo-de-trafico-afectara-a-particulares-y-a-empresas\/\" \/>\n<meta property=\"og:site_name\" content=\"Derecho Mercantil\" \/>\n<meta property=\"article:publisher\" content=\"https:\/\/www.facebook.com\/euroresidentes\/\" \/>\n<meta property=\"article:published_time\" content=\"2015-11-24T09:21:00+00:00\" \/>\n<meta property=\"article:modified_time\" content=\"2017-03-27T12:30:53+00:00\" \/>\n<meta property=\"og:image\" content=\"https:\/\/www.euroresidentes.com\/empresa\/derecho-mercantil\/wp-content\/uploads\/sites\/12\/2015\/11\/derecho-empresa-euroresidentes.jpg\" \/>\n\t<meta property=\"og:image:width\" content=\"600\" \/>\n\t<meta property=\"og:image:height\" content=\"450\" \/>\n\t<meta property=\"og:image:type\" content=\"image\/jpeg\" \/>\n<meta name=\"author\" content=\"Manuel Pomares\" \/>\n<meta name=\"twitter:card\" content=\"summary_large_image\" \/>\n<meta name=\"twitter:label1\" content=\"Written by\" \/>\n\t<meta name=\"twitter:data1\" content=\"Manuel Pomares\" \/>\n\t<meta name=\"twitter:label2\" content=\"Est. reading time\" \/>\n\t<meta name=\"twitter:data2\" content=\"6 minutos\" \/>\n<script type=\"application\/ld+json\" class=\"yoast-schema-graph\">{\"@context\":\"https:\\\/\\\/schema.org\",\"@graph\":[{\"@type\":\"Article\",\"@id\":\"https:\\\/\\\/www.euroresidentes.com\\\/empresa\\\/derecho-mercantil\\\/el-nuevo-baremo-de-trafico-afectara-a-particulares-y-a-empresas\\\/#article\",\"isPartOf\":{\"@id\":\"https:\\\/\\\/www.euroresidentes.com\\\/empresa\\\/derecho-mercantil\\\/el-nuevo-baremo-de-trafico-afectara-a-particulares-y-a-empresas\\\/\"},\"author\":{\"name\":\"Manuel Pomares\",\"@id\":\"https:\\\/\\\/www.euroresidentes.com\\\/empresa\\\/derecho-mercantil\\\/#\\\/schema\\\/person\\\/1f848038ac5623245414f398a267708f\"},\"headline\":\"El nuevo baremo de tr\u00e1fico afectar\u00e1 a particulares y a empresas\",\"datePublished\":\"2015-11-24T09:21:00+00:00\",\"dateModified\":\"2017-03-27T12:30:53+00:00\",\"mainEntityOfPage\":{\"@id\":\"https:\\\/\\\/www.euroresidentes.com\\\/empresa\\\/derecho-mercantil\\\/el-nuevo-baremo-de-trafico-afectara-a-particulares-y-a-empresas\\\/\"},\"wordCount\":1184,\"commentCount\":0,\"image\":{\"@id\":\"https:\\\/\\\/www.euroresidentes.com\\\/empresa\\\/derecho-mercantil\\\/el-nuevo-baremo-de-trafico-afectara-a-particulares-y-a-empresas\\\/#primaryimage\"},\"thumbnailUrl\":\"https:\\\/\\\/www.euroresidentes.com\\\/empresa\\\/derecho-mercantil\\\/wp-content\\\/uploads\\\/sites\\\/12\\\/2015\\\/11\\\/derecho-empresa-euroresidentes.jpg\",\"articleSection\":[\"General\"],\"inLanguage\":\"es\",\"potentialAction\":[{\"@type\":\"CommentAction\",\"name\":\"Comment\",\"target\":[\"https:\\\/\\\/www.euroresidentes.com\\\/empresa\\\/derecho-mercantil\\\/el-nuevo-baremo-de-trafico-afectara-a-particulares-y-a-empresas\\\/#respond\"]}]},{\"@type\":\"WebPage\",\"@id\":\"https:\\\/\\\/www.euroresidentes.com\\\/empresa\\\/derecho-mercantil\\\/el-nuevo-baremo-de-trafico-afectara-a-particulares-y-a-empresas\\\/\",\"url\":\"https:\\\/\\\/www.euroresidentes.com\\\/empresa\\\/derecho-mercantil\\\/el-nuevo-baremo-de-trafico-afectara-a-particulares-y-a-empresas\\\/\",\"name\":\"El nuevo baremo de tr\u00e1fico afectar\u00e1 a particulares y a empresas - Derecho Mercantil\",\"isPartOf\":{\"@id\":\"https:\\\/\\\/www.euroresidentes.com\\\/empresa\\\/derecho-mercantil\\\/#website\"},\"primaryImageOfPage\":{\"@id\":\"https:\\\/\\\/www.euroresidentes.com\\\/empresa\\\/derecho-mercantil\\\/el-nuevo-baremo-de-trafico-afectara-a-particulares-y-a-empresas\\\/#primaryimage\"},\"image\":{\"@id\":\"https:\\\/\\\/www.euroresidentes.com\\\/empresa\\\/derecho-mercantil\\\/el-nuevo-baremo-de-trafico-afectara-a-particulares-y-a-empresas\\\/#primaryimage\"},\"thumbnailUrl\":\"https:\\\/\\\/www.euroresidentes.com\\\/empresa\\\/derecho-mercantil\\\/wp-content\\\/uploads\\\/sites\\\/12\\\/2015\\\/11\\\/derecho-empresa-euroresidentes.jpg\",\"datePublished\":\"2015-11-24T09:21:00+00:00\",\"dateModified\":\"2017-03-27T12:30:53+00:00\",\"author\":{\"@id\":\"https:\\\/\\\/www.euroresidentes.com\\\/empresa\\\/derecho-mercantil\\\/#\\\/schema\\\/person\\\/1f848038ac5623245414f398a267708f\"},\"breadcrumb\":{\"@id\":\"https:\\\/\\\/www.euroresidentes.com\\\/empresa\\\/derecho-mercantil\\\/el-nuevo-baremo-de-trafico-afectara-a-particulares-y-a-empresas\\\/#breadcrumb\"},\"inLanguage\":\"es\",\"potentialAction\":[{\"@type\":\"ReadAction\",\"target\":[\"https:\\\/\\\/www.euroresidentes.com\\\/empresa\\\/derecho-mercantil\\\/el-nuevo-baremo-de-trafico-afectara-a-particulares-y-a-empresas\\\/\"]}]},{\"@type\":\"ImageObject\",\"inLanguage\":\"es\",\"@id\":\"https:\\\/\\\/www.euroresidentes.com\\\/empresa\\\/derecho-mercantil\\\/el-nuevo-baremo-de-trafico-afectara-a-particulares-y-a-empresas\\\/#primaryimage\",\"url\":\"https:\\\/\\\/www.euroresidentes.com\\\/empresa\\\/derecho-mercantil\\\/wp-content\\\/uploads\\\/sites\\\/12\\\/2015\\\/11\\\/derecho-empresa-euroresidentes.jpg\",\"contentUrl\":\"https:\\\/\\\/www.euroresidentes.com\\\/empresa\\\/derecho-mercantil\\\/wp-content\\\/uploads\\\/sites\\\/12\\\/2015\\\/11\\\/derecho-empresa-euroresidentes.jpg\",\"width\":600,\"height\":450},{\"@type\":\"BreadcrumbList\",\"@id\":\"https:\\\/\\\/www.euroresidentes.com\\\/empresa\\\/derecho-mercantil\\\/el-nuevo-baremo-de-trafico-afectara-a-particulares-y-a-empresas\\\/#breadcrumb\",\"itemListElement\":[{\"@type\":\"ListItem\",\"position\":1,\"name\":\"Portada\",\"item\":\"https:\\\/\\\/www.euroresidentes.com\\\/empresa\\\/derecho-mercantil\\\/\"},{\"@type\":\"ListItem\",\"position\":2,\"name\":\"El nuevo baremo de tr\u00e1fico afectar\u00e1 a particulares y a empresas\"}]},{\"@type\":\"WebSite\",\"@id\":\"https:\\\/\\\/www.euroresidentes.com\\\/empresa\\\/derecho-mercantil\\\/#website\",\"url\":\"https:\\\/\\\/www.euroresidentes.com\\\/empresa\\\/derecho-mercantil\\\/\",\"name\":\"Derecho Mercantil\",\"description\":\"Derecho y Empresa Euroresidentes\",\"potentialAction\":[{\"@type\":\"SearchAction\",\"target\":{\"@type\":\"EntryPoint\",\"urlTemplate\":\"https:\\\/\\\/www.euroresidentes.com\\\/empresa\\\/derecho-mercantil\\\/?s={search_term_string}\"},\"query-input\":{\"@type\":\"PropertyValueSpecification\",\"valueRequired\":true,\"valueName\":\"search_term_string\"}}],\"inLanguage\":\"es\"},{\"@type\":\"Person\",\"@id\":\"https:\\\/\\\/www.euroresidentes.com\\\/empresa\\\/derecho-mercantil\\\/#\\\/schema\\\/person\\\/1f848038ac5623245414f398a267708f\",\"name\":\"Manuel Pomares\",\"image\":{\"@type\":\"ImageObject\",\"inLanguage\":\"es\",\"@id\":\"https:\\\/\\\/www.euroresidentes.com\\\/empresa\\\/derecho-mercantil\\\/wp-content\\\/uploads\\\/sites\\\/12\\\/2016\\\/08\\\/manuel-pomares-abogados-150x150.jpg\",\"url\":\"https:\\\/\\\/www.euroresidentes.com\\\/empresa\\\/derecho-mercantil\\\/wp-content\\\/uploads\\\/sites\\\/12\\\/2016\\\/08\\\/manuel-pomares-abogados-150x150.jpg\",\"contentUrl\":\"https:\\\/\\\/www.euroresidentes.com\\\/empresa\\\/derecho-mercantil\\\/wp-content\\\/uploads\\\/sites\\\/12\\\/2016\\\/08\\\/manuel-pomares-abogados-150x150.jpg\",\"caption\":\"Manuel Pomares\"},\"description\":\"Manuel PomaresAbogado y socio director de la firma Pomares Abogados. Especialista en derecho mercantil-societario, bancario y responsabilidad civil-seguro.\",\"sameAs\":[\"http:\\\/\\\/www.euroresidentes.com\\\/empresa\\\/manuel-pomares-2.html\"],\"url\":\"https:\\\/\\\/www.euroresidentes.com\\\/empresa\\\/derecho-mercantil\\\/author\\\/manuel\\\/\"}]}<\/script>\n<!-- \/ Yoast SEO plugin. -->","yoast_head_json":{"title":"El nuevo baremo de tr\u00e1fico afectar\u00e1 a particulares y a empresas - Derecho Mercantil","robots":{"index":"index","follow":"follow","max-snippet":"max-snippet:-1","max-image-preview":"max-image-preview:large","max-video-preview":"max-video-preview:-1"},"canonical":"https:\/\/www.euroresidentes.com\/empresa\/derecho-mercantil\/el-nuevo-baremo-de-trafico-afectara-a-particulares-y-a-empresas\/","og_locale":"es_ES","og_type":"article","og_title":"El nuevo baremo de tr\u00e1fico afectar\u00e1 a particulares y a empresas - Derecho Mercantil","og_description":"Con la nueva Ley 35\/2015 por la que se aprueba el baremo de indemnizaciones por accidentes de tr\u00e1fico que entra en vigor el pr\u00f3ximo 1 de enero de 2016, se introducen importantes modificaciones en lo que respecta a las cantidades y coberturas legales por las lesiones producidas en accidentes de tr\u00e1fico. Las novedades afectan especialmente a la cuant\u00eda de la indemnizaci\u00f3n, al proceso de para reclamar dichas indemnizaciones y a los concepto y coberturas personales y patrimoniales para la reparaci\u00f3n del da\u00f1o. En primer lugar, el nuevo baremo actualiza y pone al d\u00eda la cuant\u00eda de dichas indemnizaciones. Esto se","og_url":"https:\/\/www.euroresidentes.com\/empresa\/derecho-mercantil\/el-nuevo-baremo-de-trafico-afectara-a-particulares-y-a-empresas\/","og_site_name":"Derecho Mercantil","article_publisher":"https:\/\/www.facebook.com\/euroresidentes\/","article_published_time":"2015-11-24T09:21:00+00:00","article_modified_time":"2017-03-27T12:30:53+00:00","og_image":[{"width":600,"height":450,"url":"https:\/\/www.euroresidentes.com\/empresa\/derecho-mercantil\/wp-content\/uploads\/sites\/12\/2015\/11\/derecho-empresa-euroresidentes.jpg","type":"image\/jpeg"}],"author":"Manuel Pomares","twitter_card":"summary_large_image","twitter_misc":{"Written by":"Manuel Pomares","Est. reading time":"6 minutos"},"schema":{"@context":"https:\/\/schema.org","@graph":[{"@type":"Article","@id":"https:\/\/www.euroresidentes.com\/empresa\/derecho-mercantil\/el-nuevo-baremo-de-trafico-afectara-a-particulares-y-a-empresas\/#article","isPartOf":{"@id":"https:\/\/www.euroresidentes.com\/empresa\/derecho-mercantil\/el-nuevo-baremo-de-trafico-afectara-a-particulares-y-a-empresas\/"},"author":{"name":"Manuel Pomares","@id":"https:\/\/www.euroresidentes.com\/empresa\/derecho-mercantil\/#\/schema\/person\/1f848038ac5623245414f398a267708f"},"headline":"El nuevo baremo de tr\u00e1fico afectar\u00e1 a particulares y a empresas","datePublished":"2015-11-24T09:21:00+00:00","dateModified":"2017-03-27T12:30:53+00:00","mainEntityOfPage":{"@id":"https:\/\/www.euroresidentes.com\/empresa\/derecho-mercantil\/el-nuevo-baremo-de-trafico-afectara-a-particulares-y-a-empresas\/"},"wordCount":1184,"commentCount":0,"image":{"@id":"https:\/\/www.euroresidentes.com\/empresa\/derecho-mercantil\/el-nuevo-baremo-de-trafico-afectara-a-particulares-y-a-empresas\/#primaryimage"},"thumbnailUrl":"https:\/\/www.euroresidentes.com\/empresa\/derecho-mercantil\/wp-content\/uploads\/sites\/12\/2015\/11\/derecho-empresa-euroresidentes.jpg","articleSection":["General"],"inLanguage":"es","potentialAction":[{"@type":"CommentAction","name":"Comment","target":["https:\/\/www.euroresidentes.com\/empresa\/derecho-mercantil\/el-nuevo-baremo-de-trafico-afectara-a-particulares-y-a-empresas\/#respond"]}]},{"@type":"WebPage","@id":"https:\/\/www.euroresidentes.com\/empresa\/derecho-mercantil\/el-nuevo-baremo-de-trafico-afectara-a-particulares-y-a-empresas\/","url":"https:\/\/www.euroresidentes.com\/empresa\/derecho-mercantil\/el-nuevo-baremo-de-trafico-afectara-a-particulares-y-a-empresas\/","name":"El nuevo baremo de tr\u00e1fico afectar\u00e1 a particulares y a empresas - Derecho Mercantil","isPartOf":{"@id":"https:\/\/www.euroresidentes.com\/empresa\/derecho-mercantil\/#website"},"primaryImageOfPage":{"@id":"https:\/\/www.euroresidentes.com\/empresa\/derecho-mercantil\/el-nuevo-baremo-de-trafico-afectara-a-particulares-y-a-empresas\/#primaryimage"},"image":{"@id":"https:\/\/www.euroresidentes.com\/empresa\/derecho-mercantil\/el-nuevo-baremo-de-trafico-afectara-a-particulares-y-a-empresas\/#primaryimage"},"thumbnailUrl":"https:\/\/www.euroresidentes.com\/empresa\/derecho-mercantil\/wp-content\/uploads\/sites\/12\/2015\/11\/derecho-empresa-euroresidentes.jpg","datePublished":"2015-11-24T09:21:00+00:00","dateModified":"2017-03-27T12:30:53+00:00","author":{"@id":"https:\/\/www.euroresidentes.com\/empresa\/derecho-mercantil\/#\/schema\/person\/1f848038ac5623245414f398a267708f"},"breadcrumb":{"@id":"https:\/\/www.euroresidentes.com\/empresa\/derecho-mercantil\/el-nuevo-baremo-de-trafico-afectara-a-particulares-y-a-empresas\/#breadcrumb"},"inLanguage":"es","potentialAction":[{"@type":"ReadAction","target":["https:\/\/www.euroresidentes.com\/empresa\/derecho-mercantil\/el-nuevo-baremo-de-trafico-afectara-a-particulares-y-a-empresas\/"]}]},{"@type":"ImageObject","inLanguage":"es","@id":"https:\/\/www.euroresidentes.com\/empresa\/derecho-mercantil\/el-nuevo-baremo-de-trafico-afectara-a-particulares-y-a-empresas\/#primaryimage","url":"https:\/\/www.euroresidentes.com\/empresa\/derecho-mercantil\/wp-content\/uploads\/sites\/12\/2015\/11\/derecho-empresa-euroresidentes.jpg","contentUrl":"https:\/\/www.euroresidentes.com\/empresa\/derecho-mercantil\/wp-content\/uploads\/sites\/12\/2015\/11\/derecho-empresa-euroresidentes.jpg","width":600,"height":450},{"@type":"BreadcrumbList","@id":"https:\/\/www.euroresidentes.com\/empresa\/derecho-mercantil\/el-nuevo-baremo-de-trafico-afectara-a-particulares-y-a-empresas\/#breadcrumb","itemListElement":[{"@type":"ListItem","position":1,"name":"Portada","item":"https:\/\/www.euroresidentes.com\/empresa\/derecho-mercantil\/"},{"@type":"ListItem","position":2,"name":"El nuevo baremo de tr\u00e1fico afectar\u00e1 a particulares y a empresas"}]},{"@type":"WebSite","@id":"https:\/\/www.euroresidentes.com\/empresa\/derecho-mercantil\/#website","url":"https:\/\/www.euroresidentes.com\/empresa\/derecho-mercantil\/","name":"Derecho Mercantil","description":"Derecho y Empresa Euroresidentes","potentialAction":[{"@type":"SearchAction","target":{"@type":"EntryPoint","urlTemplate":"https:\/\/www.euroresidentes.com\/empresa\/derecho-mercantil\/?s={search_term_string}"},"query-input":{"@type":"PropertyValueSpecification","valueRequired":true,"valueName":"search_term_string"}}],"inLanguage":"es"},{"@type":"Person","@id":"https:\/\/www.euroresidentes.com\/empresa\/derecho-mercantil\/#\/schema\/person\/1f848038ac5623245414f398a267708f","name":"Manuel Pomares","image":{"@type":"ImageObject","inLanguage":"es","@id":"https:\/\/www.euroresidentes.com\/empresa\/derecho-mercantil\/wp-content\/uploads\/sites\/12\/2016\/08\/manuel-pomares-abogados-150x150.jpg","url":"https:\/\/www.euroresidentes.com\/empresa\/derecho-mercantil\/wp-content\/uploads\/sites\/12\/2016\/08\/manuel-pomares-abogados-150x150.jpg","contentUrl":"https:\/\/www.euroresidentes.com\/empresa\/derecho-mercantil\/wp-content\/uploads\/sites\/12\/2016\/08\/manuel-pomares-abogados-150x150.jpg","caption":"Manuel Pomares"},"description":"Manuel PomaresAbogado y socio director de la firma Pomares Abogados. Especialista en derecho mercantil-societario, bancario y responsabilidad civil-seguro.","sameAs":["http:\/\/www.euroresidentes.com\/empresa\/manuel-pomares-2.html"],"url":"https:\/\/www.euroresidentes.com\/empresa\/derecho-mercantil\/author\/manuel\/"}]}},"_links":{"self":[{"href":"https:\/\/www.euroresidentes.com\/empresa\/derecho-mercantil\/wp-json\/wp\/v2\/posts\/8","targetHints":{"allow":["GET"]}}],"collection":[{"href":"https:\/\/www.euroresidentes.com\/empresa\/derecho-mercantil\/wp-json\/wp\/v2\/posts"}],"about":[{"href":"https:\/\/www.euroresidentes.com\/empresa\/derecho-mercantil\/wp-json\/wp\/v2\/types\/post"}],"author":[{"embeddable":true,"href":"https:\/\/www.euroresidentes.com\/empresa\/derecho-mercantil\/wp-json\/wp\/v2\/users\/9"}],"replies":[{"embeddable":true,"href":"https:\/\/www.euroresidentes.com\/empresa\/derecho-mercantil\/wp-json\/wp\/v2\/comments?post=8"}],"version-history":[{"count":9,"href":"https:\/\/www.euroresidentes.com\/empresa\/derecho-mercantil\/wp-json\/wp\/v2\/posts\/8\/revisions"}],"predecessor-version":[{"id":559,"href":"https:\/\/www.euroresidentes.com\/empresa\/derecho-mercantil\/wp-json\/wp\/v2\/posts\/8\/revisions\/559"}],"wp:featuredmedia":[{"embeddable":true,"href":"https:\/\/www.euroresidentes.com\/empresa\/derecho-mercantil\/wp-json\/wp\/v2\/media\/85"}],"wp:attachment":[{"href":"https:\/\/www.euroresidentes.com\/empresa\/derecho-mercantil\/wp-json\/wp\/v2\/media?parent=8"}],"wp:term":[{"taxonomy":"category","embeddable":true,"href":"https:\/\/www.euroresidentes.com\/empresa\/derecho-mercantil\/wp-json\/wp\/v2\/categories?post=8"},{"taxonomy":"post_tag","embeddable":true,"href":"https:\/\/www.euroresidentes.com\/empresa\/derecho-mercantil\/wp-json\/wp\/v2\/tags?post=8"}],"curies":[{"name":"wp","href":"https:\/\/api.w.org\/{rel}","templated":true}]}}