
{"id":79,"date":"2014-04-02T21:37:00","date_gmt":"2014-04-02T19:37:00","guid":{"rendered":"https:\/\/wp.euroresidentes.com\/empresa\/derecho-y-empresa\/2014\/04\/02\/el-emprendedor-de-responsabilidad-limitada-erl-cuatro-razones-para-moderar-las-expectativas-iniciales\/"},"modified":"2017-03-27T14:32:04","modified_gmt":"2017-03-27T12:32:04","slug":"el-emprendedor-de-responsabilidad-limitada-erl-cuatro-razones-para-moderar-las-expectativas-iniciales","status":"publish","type":"post","link":"https:\/\/www.euroresidentes.com\/empresa\/derecho-mercantil\/el-emprendedor-de-responsabilidad-limitada-erl-cuatro-razones-para-moderar-las-expectativas-iniciales\/","title":{"rendered":"El emprendedor de responsabilidad limitada (ERL): cuatro razones para moderar las expectativas iniciales"},"content":{"rendered":"<p>Desde el mes de septiembre de 2013 est\u00e1 en vigor la <a href=\"http:\/\/www.boe.es\/diario_boe\/txt.php?id=BOE-A-2013-10074\" target=\"_blank\">Ley 14\/2013 de apoyo a los emprendedores y su internacionalizaci\u00f3n<\/a>.<\/p>\n<div align=\"center\"><a href=\"http:\/\/www.euroresidentes.com\/empresa\/derecho-mercantil\/wp-content\/uploads\/sites\/12\/2014\/04\/erl-emprendedor.jpg\"><img loading=\"lazy\" decoding=\"async\" class=\"aligncenter size-full wp-image-451\" src=\"http:\/\/www.euroresidentes.com\/empresa\/derecho-mercantil\/wp-content\/uploads\/sites\/12\/2014\/04\/erl-emprendedor.jpg\" alt=\"erl-emprendedor\" width=\"600\" height=\"450\" srcset=\"https:\/\/www.euroresidentes.com\/empresa\/derecho-mercantil\/wp-content\/uploads\/sites\/12\/2014\/04\/erl-emprendedor.jpg 600w, https:\/\/www.euroresidentes.com\/empresa\/derecho-mercantil\/wp-content\/uploads\/sites\/12\/2014\/04\/erl-emprendedor-300x225.jpg 300w\" sizes=\"auto, (max-width: 600px) 100vw, 600px\" \/><\/a><\/div>\n<div align=\"center\"><\/div>\n<p>Sin duda, el aspecto que m\u00e1s llama la atenci\u00f3n es la creaci\u00f3n de la figura del <b>Emprendedor de Responsabilidad Limitada<\/b>, un mecanismo para evitar la responsabilidad universal (y casi\u00a0eterna)\u00a0 del empresario por deudas contra\u00eddas con terceros.<\/p>\n<p>Antes de la entrada en vigor de la ley, se dijo que \u201cpor fin\u201d la ley espa\u00f1ola iba a contemplar la posibilidad de una <strong>\u201csegunda oportunidad\u201d<\/strong> para el empresario individual o aut\u00f3nomo, que se hab\u00eda visto obligado a\u00a0cesar en su actividad por culpa de sus\u00a0deudas. Esta\u00a0posibilidad est\u00e1\u00a0recogida en otros pa\u00edses de nuestro entorno y, por ejemplo, en los pa\u00edses anglosajones es conocida como \u201cfresh start\u201d.<\/p>\n<p>Sin embargo, a los pocos meses de la entrada en vigor ya\u00a0se puede concluir que las expectativas\u00a0que los\u00a0emprendedores y empresarios ten\u00edan inicialmente depositadas en esta\u00a0Ley,\u00a0<strong>no han sido cumplidas<\/strong>. Sin lugar a dudas, el legislador no ha sido generoso con\u00a0esta limitaci\u00f3n de la\u00a0responsabilidad del empresario.<\/p>\n<p>Las razones para llegar a esta conclusi\u00f3n son b\u00e1sicamente <strong>cuatro<\/strong>:<\/p>\n<ol>\n<li>En primer lugar, dicha limitaci\u00f3n \u00fanicamente alcanza a la vivienda habitual del empresario, pudiendo ser embargados, en consecuencia, el resto de sus bienes;<\/li>\n<li>En segundo lugar, para ser inembargable, dicha vivienda ha de tener un valor inferior a trescientos mil euros (450.000.-\u20ac en Madrid y Barcelona) ;<\/li>\n<li>En tercer lugar, esta limitaci\u00f3n no afecta a los Organismo P\u00fablicos; por lo que Hacienda o la Seguridad Social podr\u00e1n embargar la vivienda del empresario sin ning\u00fan problema;<\/li>\n<li>En cuarto lugar, en la pr\u00e1ctica, esta limitaci\u00f3n solo se aplicar\u00e1 realmente a aquellos casos (menos frecuentes) en los que la vivienda se encuentre libre de cargas, es decir, aquellos supuestos en los que ni siquiera est\u00e9 gravada con una hipoteca.<\/li>\n<\/ol>\n<p>En cualquier caso, la valoraci\u00f3n final que se podr\u00eda hacer de la Ley (y perd\u00f3n por el juego de palabras), es que la modificaci\u00f3n de la limitaci\u00f3n de la responsabilidad del emprendedor de responsabilidad limitada, es, eso, muy limitada.<\/p>\n","protected":false},"excerpt":{"rendered":"<p>Desde el mes de septiembre de 2013 est\u00e1 en vigor la Ley 14\/2013 de apoyo a los emprendedores y su internacionalizaci\u00f3n. Sin duda, el aspecto que m\u00e1s llama la atenci\u00f3n es la creaci\u00f3n de la figura del Emprendedor de Responsabilidad Limitada, un mecanismo para evitar la responsabilidad universal (y casi\u00a0eterna)\u00a0 del empresario por deudas contra\u00eddas con terceros. Antes de la entrada en vigor de la ley, se dijo que \u201cpor fin\u201d la ley espa\u00f1ola iba a contemplar la posibilidad de una \u201csegunda oportunidad\u201d para el empresario individual o aut\u00f3nomo, que se hab\u00eda visto obligado a\u00a0cesar en su actividad por culpa <\/p>\n","protected":false},"author":9,"featured_media":451,"comment_status":"open","ping_status":"open","sticky":false,"template":"","format":"standard","meta":{"footnotes":""},"categories":[15],"tags":[],"class_list":["post-79","post","type-post","status-publish","format-standard","has-post-thumbnail","hentry","category-general","has_thumb"],"yoast_head":"<!-- This site is optimized with the Yoast SEO plugin v27.5 - https:\/\/yoast.com\/product\/yoast-seo-wordpress\/ -->\n<title>El emprendedor de responsabilidad limitada (ERL): cuatro razones para moderar las expectativas iniciales - Derecho Mercantil<\/title>\n<meta name=\"robots\" content=\"index, follow, max-snippet:-1, max-image-preview:large, max-video-preview:-1\" \/>\n<link rel=\"canonical\" href=\"https:\/\/www.euroresidentes.com\/empresa\/derecho-mercantil\/el-emprendedor-de-responsabilidad-limitada-erl-cuatro-razones-para-moderar-las-expectativas-iniciales\/\" \/>\n<meta property=\"og:locale\" content=\"es_ES\" \/>\n<meta property=\"og:type\" content=\"article\" \/>\n<meta property=\"og:title\" content=\"El emprendedor de responsabilidad limitada (ERL): cuatro razones para moderar las expectativas iniciales - Derecho Mercantil\" \/>\n<meta property=\"og:description\" content=\"Desde el mes de septiembre de 2013 est\u00e1 en vigor la Ley 14\/2013 de apoyo a los emprendedores y su internacionalizaci\u00f3n. Sin duda, el aspecto que m\u00e1s llama la atenci\u00f3n es la creaci\u00f3n de la figura del Emprendedor de Responsabilidad Limitada, un mecanismo para evitar la responsabilidad universal (y casi\u00a0eterna)\u00a0 del empresario por deudas contra\u00eddas con terceros. Antes de la entrada en vigor de la ley, se dijo que \u201cpor fin\u201d la ley espa\u00f1ola iba a contemplar la posibilidad de una \u201csegunda oportunidad\u201d para el empresario individual o aut\u00f3nomo, que se hab\u00eda visto obligado a\u00a0cesar en su actividad por culpa\" \/>\n<meta property=\"og:url\" content=\"https:\/\/www.euroresidentes.com\/empresa\/derecho-mercantil\/el-emprendedor-de-responsabilidad-limitada-erl-cuatro-razones-para-moderar-las-expectativas-iniciales\/\" \/>\n<meta property=\"og:site_name\" content=\"Derecho Mercantil\" \/>\n<meta property=\"article:publisher\" content=\"https:\/\/www.facebook.com\/euroresidentes\/\" \/>\n<meta property=\"article:published_time\" content=\"2014-04-02T19:37:00+00:00\" \/>\n<meta property=\"article:modified_time\" content=\"2017-03-27T12:32:04+00:00\" \/>\n<meta property=\"og:image\" content=\"https:\/\/www.euroresidentes.com\/empresa\/derecho-mercantil\/wp-content\/uploads\/sites\/12\/2014\/04\/erl-emprendedor.jpg\" \/>\n\t<meta property=\"og:image:width\" content=\"600\" \/>\n\t<meta property=\"og:image:height\" content=\"450\" \/>\n\t<meta property=\"og:image:type\" content=\"image\/jpeg\" \/>\n<meta name=\"author\" content=\"Manuel Pomares\" \/>\n<meta name=\"twitter:card\" content=\"summary_large_image\" \/>\n<meta name=\"twitter:label1\" content=\"Written by\" \/>\n\t<meta name=\"twitter:data1\" content=\"Manuel Pomares\" \/>\n\t<meta name=\"twitter:label2\" content=\"Est. reading time\" \/>\n\t<meta name=\"twitter:data2\" content=\"2 minutos\" \/>\n<script type=\"application\/ld+json\" class=\"yoast-schema-graph\">{\"@context\":\"https:\\\/\\\/schema.org\",\"@graph\":[{\"@type\":\"Article\",\"@id\":\"https:\\\/\\\/www.euroresidentes.com\\\/empresa\\\/derecho-mercantil\\\/el-emprendedor-de-responsabilidad-limitada-erl-cuatro-razones-para-moderar-las-expectativas-iniciales\\\/#article\",\"isPartOf\":{\"@id\":\"https:\\\/\\\/www.euroresidentes.com\\\/empresa\\\/derecho-mercantil\\\/el-emprendedor-de-responsabilidad-limitada-erl-cuatro-razones-para-moderar-las-expectativas-iniciales\\\/\"},\"author\":{\"name\":\"Manuel Pomares\",\"@id\":\"https:\\\/\\\/www.euroresidentes.com\\\/empresa\\\/derecho-mercantil\\\/#\\\/schema\\\/person\\\/1f848038ac5623245414f398a267708f\"},\"headline\":\"El emprendedor de responsabilidad limitada (ERL): cuatro razones para moderar las expectativas iniciales\",\"datePublished\":\"2014-04-02T19:37:00+00:00\",\"dateModified\":\"2017-03-27T12:32:04+00:00\",\"mainEntityOfPage\":{\"@id\":\"https:\\\/\\\/www.euroresidentes.com\\\/empresa\\\/derecho-mercantil\\\/el-emprendedor-de-responsabilidad-limitada-erl-cuatro-razones-para-moderar-las-expectativas-iniciales\\\/\"},\"wordCount\":379,\"commentCount\":0,\"image\":{\"@id\":\"https:\\\/\\\/www.euroresidentes.com\\\/empresa\\\/derecho-mercantil\\\/el-emprendedor-de-responsabilidad-limitada-erl-cuatro-razones-para-moderar-las-expectativas-iniciales\\\/#primaryimage\"},\"thumbnailUrl\":\"https:\\\/\\\/www.euroresidentes.com\\\/empresa\\\/derecho-mercantil\\\/wp-content\\\/uploads\\\/sites\\\/12\\\/2014\\\/04\\\/erl-emprendedor.jpg\",\"articleSection\":[\"General\"],\"inLanguage\":\"es\",\"potentialAction\":[{\"@type\":\"CommentAction\",\"name\":\"Comment\",\"target\":[\"https:\\\/\\\/www.euroresidentes.com\\\/empresa\\\/derecho-mercantil\\\/el-emprendedor-de-responsabilidad-limitada-erl-cuatro-razones-para-moderar-las-expectativas-iniciales\\\/#respond\"]}]},{\"@type\":\"WebPage\",\"@id\":\"https:\\\/\\\/www.euroresidentes.com\\\/empresa\\\/derecho-mercantil\\\/el-emprendedor-de-responsabilidad-limitada-erl-cuatro-razones-para-moderar-las-expectativas-iniciales\\\/\",\"url\":\"https:\\\/\\\/www.euroresidentes.com\\\/empresa\\\/derecho-mercantil\\\/el-emprendedor-de-responsabilidad-limitada-erl-cuatro-razones-para-moderar-las-expectativas-iniciales\\\/\",\"name\":\"El emprendedor de responsabilidad limitada (ERL): cuatro razones para moderar las expectativas iniciales - Derecho Mercantil\",\"isPartOf\":{\"@id\":\"https:\\\/\\\/www.euroresidentes.com\\\/empresa\\\/derecho-mercantil\\\/#website\"},\"primaryImageOfPage\":{\"@id\":\"https:\\\/\\\/www.euroresidentes.com\\\/empresa\\\/derecho-mercantil\\\/el-emprendedor-de-responsabilidad-limitada-erl-cuatro-razones-para-moderar-las-expectativas-iniciales\\\/#primaryimage\"},\"image\":{\"@id\":\"https:\\\/\\\/www.euroresidentes.com\\\/empresa\\\/derecho-mercantil\\\/el-emprendedor-de-responsabilidad-limitada-erl-cuatro-razones-para-moderar-las-expectativas-iniciales\\\/#primaryimage\"},\"thumbnailUrl\":\"https:\\\/\\\/www.euroresidentes.com\\\/empresa\\\/derecho-mercantil\\\/wp-content\\\/uploads\\\/sites\\\/12\\\/2014\\\/04\\\/erl-emprendedor.jpg\",\"datePublished\":\"2014-04-02T19:37:00+00:00\",\"dateModified\":\"2017-03-27T12:32:04+00:00\",\"author\":{\"@id\":\"https:\\\/\\\/www.euroresidentes.com\\\/empresa\\\/derecho-mercantil\\\/#\\\/schema\\\/person\\\/1f848038ac5623245414f398a267708f\"},\"breadcrumb\":{\"@id\":\"https:\\\/\\\/www.euroresidentes.com\\\/empresa\\\/derecho-mercantil\\\/el-emprendedor-de-responsabilidad-limitada-erl-cuatro-razones-para-moderar-las-expectativas-iniciales\\\/#breadcrumb\"},\"inLanguage\":\"es\",\"potentialAction\":[{\"@type\":\"ReadAction\",\"target\":[\"https:\\\/\\\/www.euroresidentes.com\\\/empresa\\\/derecho-mercantil\\\/el-emprendedor-de-responsabilidad-limitada-erl-cuatro-razones-para-moderar-las-expectativas-iniciales\\\/\"]}]},{\"@type\":\"ImageObject\",\"inLanguage\":\"es\",\"@id\":\"https:\\\/\\\/www.euroresidentes.com\\\/empresa\\\/derecho-mercantil\\\/el-emprendedor-de-responsabilidad-limitada-erl-cuatro-razones-para-moderar-las-expectativas-iniciales\\\/#primaryimage\",\"url\":\"https:\\\/\\\/www.euroresidentes.com\\\/empresa\\\/derecho-mercantil\\\/wp-content\\\/uploads\\\/sites\\\/12\\\/2014\\\/04\\\/erl-emprendedor.jpg\",\"contentUrl\":\"https:\\\/\\\/www.euroresidentes.com\\\/empresa\\\/derecho-mercantil\\\/wp-content\\\/uploads\\\/sites\\\/12\\\/2014\\\/04\\\/erl-emprendedor.jpg\",\"width\":600,\"height\":450},{\"@type\":\"BreadcrumbList\",\"@id\":\"https:\\\/\\\/www.euroresidentes.com\\\/empresa\\\/derecho-mercantil\\\/el-emprendedor-de-responsabilidad-limitada-erl-cuatro-razones-para-moderar-las-expectativas-iniciales\\\/#breadcrumb\",\"itemListElement\":[{\"@type\":\"ListItem\",\"position\":1,\"name\":\"Portada\",\"item\":\"https:\\\/\\\/www.euroresidentes.com\\\/empresa\\\/derecho-mercantil\\\/\"},{\"@type\":\"ListItem\",\"position\":2,\"name\":\"El emprendedor de responsabilidad limitada (ERL): cuatro razones para moderar las expectativas iniciales\"}]},{\"@type\":\"WebSite\",\"@id\":\"https:\\\/\\\/www.euroresidentes.com\\\/empresa\\\/derecho-mercantil\\\/#website\",\"url\":\"https:\\\/\\\/www.euroresidentes.com\\\/empresa\\\/derecho-mercantil\\\/\",\"name\":\"Derecho Mercantil\",\"description\":\"Derecho y Empresa Euroresidentes\",\"potentialAction\":[{\"@type\":\"SearchAction\",\"target\":{\"@type\":\"EntryPoint\",\"urlTemplate\":\"https:\\\/\\\/www.euroresidentes.com\\\/empresa\\\/derecho-mercantil\\\/?s={search_term_string}\"},\"query-input\":{\"@type\":\"PropertyValueSpecification\",\"valueRequired\":true,\"valueName\":\"search_term_string\"}}],\"inLanguage\":\"es\"},{\"@type\":\"Person\",\"@id\":\"https:\\\/\\\/www.euroresidentes.com\\\/empresa\\\/derecho-mercantil\\\/#\\\/schema\\\/person\\\/1f848038ac5623245414f398a267708f\",\"name\":\"Manuel Pomares\",\"image\":{\"@type\":\"ImageObject\",\"inLanguage\":\"es\",\"@id\":\"https:\\\/\\\/www.euroresidentes.com\\\/empresa\\\/derecho-mercantil\\\/wp-content\\\/uploads\\\/sites\\\/12\\\/2016\\\/08\\\/manuel-pomares-abogados-150x150.jpg\",\"url\":\"https:\\\/\\\/www.euroresidentes.com\\\/empresa\\\/derecho-mercantil\\\/wp-content\\\/uploads\\\/sites\\\/12\\\/2016\\\/08\\\/manuel-pomares-abogados-150x150.jpg\",\"contentUrl\":\"https:\\\/\\\/www.euroresidentes.com\\\/empresa\\\/derecho-mercantil\\\/wp-content\\\/uploads\\\/sites\\\/12\\\/2016\\\/08\\\/manuel-pomares-abogados-150x150.jpg\",\"caption\":\"Manuel Pomares\"},\"description\":\"Manuel PomaresAbogado y socio director de la firma Pomares Abogados. Especialista en derecho mercantil-societario, bancario y responsabilidad civil-seguro.\",\"sameAs\":[\"http:\\\/\\\/www.euroresidentes.com\\\/empresa\\\/manuel-pomares-2.html\"],\"url\":\"https:\\\/\\\/www.euroresidentes.com\\\/empresa\\\/derecho-mercantil\\\/author\\\/manuel\\\/\"}]}<\/script>\n<!-- \/ Yoast SEO plugin. -->","yoast_head_json":{"title":"El emprendedor de responsabilidad limitada (ERL): cuatro razones para moderar las expectativas iniciales - Derecho Mercantil","robots":{"index":"index","follow":"follow","max-snippet":"max-snippet:-1","max-image-preview":"max-image-preview:large","max-video-preview":"max-video-preview:-1"},"canonical":"https:\/\/www.euroresidentes.com\/empresa\/derecho-mercantil\/el-emprendedor-de-responsabilidad-limitada-erl-cuatro-razones-para-moderar-las-expectativas-iniciales\/","og_locale":"es_ES","og_type":"article","og_title":"El emprendedor de responsabilidad limitada (ERL): cuatro razones para moderar las expectativas iniciales - Derecho Mercantil","og_description":"Desde el mes de septiembre de 2013 est\u00e1 en vigor la Ley 14\/2013 de apoyo a los emprendedores y su internacionalizaci\u00f3n. Sin duda, el aspecto que m\u00e1s llama la atenci\u00f3n es la creaci\u00f3n de la figura del Emprendedor de Responsabilidad Limitada, un mecanismo para evitar la responsabilidad universal (y casi\u00a0eterna)\u00a0 del empresario por deudas contra\u00eddas con terceros. Antes de la entrada en vigor de la ley, se dijo que \u201cpor fin\u201d la ley espa\u00f1ola iba a contemplar la posibilidad de una \u201csegunda oportunidad\u201d para el empresario individual o aut\u00f3nomo, que se hab\u00eda visto obligado a\u00a0cesar en su actividad por culpa","og_url":"https:\/\/www.euroresidentes.com\/empresa\/derecho-mercantil\/el-emprendedor-de-responsabilidad-limitada-erl-cuatro-razones-para-moderar-las-expectativas-iniciales\/","og_site_name":"Derecho Mercantil","article_publisher":"https:\/\/www.facebook.com\/euroresidentes\/","article_published_time":"2014-04-02T19:37:00+00:00","article_modified_time":"2017-03-27T12:32:04+00:00","og_image":[{"width":600,"height":450,"url":"https:\/\/www.euroresidentes.com\/empresa\/derecho-mercantil\/wp-content\/uploads\/sites\/12\/2014\/04\/erl-emprendedor.jpg","type":"image\/jpeg"}],"author":"Manuel Pomares","twitter_card":"summary_large_image","twitter_misc":{"Written by":"Manuel Pomares","Est. reading time":"2 minutos"},"schema":{"@context":"https:\/\/schema.org","@graph":[{"@type":"Article","@id":"https:\/\/www.euroresidentes.com\/empresa\/derecho-mercantil\/el-emprendedor-de-responsabilidad-limitada-erl-cuatro-razones-para-moderar-las-expectativas-iniciales\/#article","isPartOf":{"@id":"https:\/\/www.euroresidentes.com\/empresa\/derecho-mercantil\/el-emprendedor-de-responsabilidad-limitada-erl-cuatro-razones-para-moderar-las-expectativas-iniciales\/"},"author":{"name":"Manuel Pomares","@id":"https:\/\/www.euroresidentes.com\/empresa\/derecho-mercantil\/#\/schema\/person\/1f848038ac5623245414f398a267708f"},"headline":"El emprendedor de responsabilidad limitada (ERL): cuatro razones para moderar las expectativas iniciales","datePublished":"2014-04-02T19:37:00+00:00","dateModified":"2017-03-27T12:32:04+00:00","mainEntityOfPage":{"@id":"https:\/\/www.euroresidentes.com\/empresa\/derecho-mercantil\/el-emprendedor-de-responsabilidad-limitada-erl-cuatro-razones-para-moderar-las-expectativas-iniciales\/"},"wordCount":379,"commentCount":0,"image":{"@id":"https:\/\/www.euroresidentes.com\/empresa\/derecho-mercantil\/el-emprendedor-de-responsabilidad-limitada-erl-cuatro-razones-para-moderar-las-expectativas-iniciales\/#primaryimage"},"thumbnailUrl":"https:\/\/www.euroresidentes.com\/empresa\/derecho-mercantil\/wp-content\/uploads\/sites\/12\/2014\/04\/erl-emprendedor.jpg","articleSection":["General"],"inLanguage":"es","potentialAction":[{"@type":"CommentAction","name":"Comment","target":["https:\/\/www.euroresidentes.com\/empresa\/derecho-mercantil\/el-emprendedor-de-responsabilidad-limitada-erl-cuatro-razones-para-moderar-las-expectativas-iniciales\/#respond"]}]},{"@type":"WebPage","@id":"https:\/\/www.euroresidentes.com\/empresa\/derecho-mercantil\/el-emprendedor-de-responsabilidad-limitada-erl-cuatro-razones-para-moderar-las-expectativas-iniciales\/","url":"https:\/\/www.euroresidentes.com\/empresa\/derecho-mercantil\/el-emprendedor-de-responsabilidad-limitada-erl-cuatro-razones-para-moderar-las-expectativas-iniciales\/","name":"El emprendedor de responsabilidad limitada (ERL): cuatro razones para moderar las expectativas iniciales - Derecho Mercantil","isPartOf":{"@id":"https:\/\/www.euroresidentes.com\/empresa\/derecho-mercantil\/#website"},"primaryImageOfPage":{"@id":"https:\/\/www.euroresidentes.com\/empresa\/derecho-mercantil\/el-emprendedor-de-responsabilidad-limitada-erl-cuatro-razones-para-moderar-las-expectativas-iniciales\/#primaryimage"},"image":{"@id":"https:\/\/www.euroresidentes.com\/empresa\/derecho-mercantil\/el-emprendedor-de-responsabilidad-limitada-erl-cuatro-razones-para-moderar-las-expectativas-iniciales\/#primaryimage"},"thumbnailUrl":"https:\/\/www.euroresidentes.com\/empresa\/derecho-mercantil\/wp-content\/uploads\/sites\/12\/2014\/04\/erl-emprendedor.jpg","datePublished":"2014-04-02T19:37:00+00:00","dateModified":"2017-03-27T12:32:04+00:00","author":{"@id":"https:\/\/www.euroresidentes.com\/empresa\/derecho-mercantil\/#\/schema\/person\/1f848038ac5623245414f398a267708f"},"breadcrumb":{"@id":"https:\/\/www.euroresidentes.com\/empresa\/derecho-mercantil\/el-emprendedor-de-responsabilidad-limitada-erl-cuatro-razones-para-moderar-las-expectativas-iniciales\/#breadcrumb"},"inLanguage":"es","potentialAction":[{"@type":"ReadAction","target":["https:\/\/www.euroresidentes.com\/empresa\/derecho-mercantil\/el-emprendedor-de-responsabilidad-limitada-erl-cuatro-razones-para-moderar-las-expectativas-iniciales\/"]}]},{"@type":"ImageObject","inLanguage":"es","@id":"https:\/\/www.euroresidentes.com\/empresa\/derecho-mercantil\/el-emprendedor-de-responsabilidad-limitada-erl-cuatro-razones-para-moderar-las-expectativas-iniciales\/#primaryimage","url":"https:\/\/www.euroresidentes.com\/empresa\/derecho-mercantil\/wp-content\/uploads\/sites\/12\/2014\/04\/erl-emprendedor.jpg","contentUrl":"https:\/\/www.euroresidentes.com\/empresa\/derecho-mercantil\/wp-content\/uploads\/sites\/12\/2014\/04\/erl-emprendedor.jpg","width":600,"height":450},{"@type":"BreadcrumbList","@id":"https:\/\/www.euroresidentes.com\/empresa\/derecho-mercantil\/el-emprendedor-de-responsabilidad-limitada-erl-cuatro-razones-para-moderar-las-expectativas-iniciales\/#breadcrumb","itemListElement":[{"@type":"ListItem","position":1,"name":"Portada","item":"https:\/\/www.euroresidentes.com\/empresa\/derecho-mercantil\/"},{"@type":"ListItem","position":2,"name":"El emprendedor de responsabilidad limitada (ERL): cuatro razones para moderar las expectativas iniciales"}]},{"@type":"WebSite","@id":"https:\/\/www.euroresidentes.com\/empresa\/derecho-mercantil\/#website","url":"https:\/\/www.euroresidentes.com\/empresa\/derecho-mercantil\/","name":"Derecho Mercantil","description":"Derecho y Empresa Euroresidentes","potentialAction":[{"@type":"SearchAction","target":{"@type":"EntryPoint","urlTemplate":"https:\/\/www.euroresidentes.com\/empresa\/derecho-mercantil\/?s={search_term_string}"},"query-input":{"@type":"PropertyValueSpecification","valueRequired":true,"valueName":"search_term_string"}}],"inLanguage":"es"},{"@type":"Person","@id":"https:\/\/www.euroresidentes.com\/empresa\/derecho-mercantil\/#\/schema\/person\/1f848038ac5623245414f398a267708f","name":"Manuel Pomares","image":{"@type":"ImageObject","inLanguage":"es","@id":"https:\/\/www.euroresidentes.com\/empresa\/derecho-mercantil\/wp-content\/uploads\/sites\/12\/2016\/08\/manuel-pomares-abogados-150x150.jpg","url":"https:\/\/www.euroresidentes.com\/empresa\/derecho-mercantil\/wp-content\/uploads\/sites\/12\/2016\/08\/manuel-pomares-abogados-150x150.jpg","contentUrl":"https:\/\/www.euroresidentes.com\/empresa\/derecho-mercantil\/wp-content\/uploads\/sites\/12\/2016\/08\/manuel-pomares-abogados-150x150.jpg","caption":"Manuel Pomares"},"description":"Manuel PomaresAbogado y socio director de la firma Pomares Abogados. Especialista en derecho mercantil-societario, bancario y responsabilidad civil-seguro.","sameAs":["http:\/\/www.euroresidentes.com\/empresa\/manuel-pomares-2.html"],"url":"https:\/\/www.euroresidentes.com\/empresa\/derecho-mercantil\/author\/manuel\/"}]}},"_links":{"self":[{"href":"https:\/\/www.euroresidentes.com\/empresa\/derecho-mercantil\/wp-json\/wp\/v2\/posts\/79","targetHints":{"allow":["GET"]}}],"collection":[{"href":"https:\/\/www.euroresidentes.com\/empresa\/derecho-mercantil\/wp-json\/wp\/v2\/posts"}],"about":[{"href":"https:\/\/www.euroresidentes.com\/empresa\/derecho-mercantil\/wp-json\/wp\/v2\/types\/post"}],"author":[{"embeddable":true,"href":"https:\/\/www.euroresidentes.com\/empresa\/derecho-mercantil\/wp-json\/wp\/v2\/users\/9"}],"replies":[{"embeddable":true,"href":"https:\/\/www.euroresidentes.com\/empresa\/derecho-mercantil\/wp-json\/wp\/v2\/comments?post=79"}],"version-history":[{"count":8,"href":"https:\/\/www.euroresidentes.com\/empresa\/derecho-mercantil\/wp-json\/wp\/v2\/posts\/79\/revisions"}],"predecessor-version":[{"id":578,"href":"https:\/\/www.euroresidentes.com\/empresa\/derecho-mercantil\/wp-json\/wp\/v2\/posts\/79\/revisions\/578"}],"wp:featuredmedia":[{"embeddable":true,"href":"https:\/\/www.euroresidentes.com\/empresa\/derecho-mercantil\/wp-json\/wp\/v2\/media\/451"}],"wp:attachment":[{"href":"https:\/\/www.euroresidentes.com\/empresa\/derecho-mercantil\/wp-json\/wp\/v2\/media?parent=79"}],"wp:term":[{"taxonomy":"category","embeddable":true,"href":"https:\/\/www.euroresidentes.com\/empresa\/derecho-mercantil\/wp-json\/wp\/v2\/categories?post=79"},{"taxonomy":"post_tag","embeddable":true,"href":"https:\/\/www.euroresidentes.com\/empresa\/derecho-mercantil\/wp-json\/wp\/v2\/tags?post=79"}],"curies":[{"name":"wp","href":"https:\/\/api.w.org\/{rel}","templated":true}]}}